{"id":11391,"date":"2022-02-03T10:25:49","date_gmt":"2022-02-03T10:25:49","guid":{"rendered":"https:\/\/iacrianca.pt\/?p=11391"},"modified":"2022-02-10T12:11:37","modified_gmt":"2022-02-10T12:11:37","slug":"sessoes-em-contexto-escolar-centro-de-apoio-comunitario","status":"publish","type":"post","link":"https:\/\/iacrianca.pt\/en\/2022\/02\/sessoes-em-contexto-escolar-centro-de-apoio-comunitario\/","title":{"rendered":"Sess\u00f5es em contexto escolar \u2013 Centro de Apoio Comunit\u00e1rio"},"content":{"rendered":"<p><span data-contrast=\"auto\">Durante o m\u00eas de janeiro conclu\u00edram-se as sess\u00f5es subordinadas aos direitos e deveres das crian\u00e7as nas escolas do 1\u00ba CEB do Condado e Santa Maria dos Olivais, respeitantes ao 1\u00ba per\u00edodo. A avioneta criada para \u201cA Viagem do Joaquim\u201d \u2013 nome da sess\u00e3o dinamizada \u2013 percorreu todas as turmas destas duas escolas e, entre muita anima\u00e7\u00e3o, deixou mensagens e reflex\u00f5es importantes sobre a interculturalidade e valores t\u00e3o importantes como o respeito!<\/span><span data-ccp-props=\"{&quot;201341983&quot;:0,&quot;335551550&quot;:6,&quot;335551620&quot;:6,&quot;335559739&quot;:160,&quot;335559740&quot;:259}\">\u00a0<\/span><\/p>\n<p><span data-contrast=\"auto\">A pedido da Casa Pia de Lisboa, nomeadamente do Centro de Educa\u00e7\u00e3o e Desenvolvimento D. Maria Pia, a equipa foi assinalar o Dia Internacional da N\u00e3o Viol\u00eancia e da Paz nas Escolas, com a dinamiza\u00e7\u00e3o da Sess\u00e3o do \u201cChap\u00e9u dos Direitos\u201d em duas turmas do 1\u00ba ano. Esta sess\u00e3o tem como objetivo informar e sensibilizar sobre a import\u00e2ncia dos Direitos das Crian\u00e7as e foi interessante perceber que, na sua maioria j\u00e1 tinham alguns conhecimentos sobre a mat\u00e9ria! <\/span><span data-ccp-props=\"{&quot;201341983&quot;:0,&quot;335551550&quot;:6,&quot;335551620&quot;:6,&quot;335559739&quot;:160,&quot;335559740&quot;:259}\">\u00a0<\/span><\/p>\n<p><span data-contrast=\"auto\">Fruto de uma estreita colabora\u00e7\u00e3o com o Agrupamento Escolas Lu\u00eds Ant\u00f3nio Verney, realiz\u00e1mos a 1\u00aa de um conjunto de 6 sess\u00f5es mensais que ser\u00e3o dinamizadas at\u00e9 junho numa turma do 5\u00ba ano. O desafio \u00e9 proporcionar atividades e debates que promovam um melhor relacionamento e comunica\u00e7\u00e3o entre pares. <\/span><span data-ccp-props=\"{&quot;201341983&quot;:0,&quot;335551550&quot;:6,&quot;335551620&quot;:6,&quot;335559739&quot;:160,&quot;335559740&quot;:259}\">\u00a0<\/span><\/p>\n<p><img fetchpriority=\"high\" decoding=\"async\" class=\"alignnone wp-image-11394 size-full\" src=\"https:\/\/iacrianca.pt\/wp-content\/uploads\/avi2.jpg\" alt=\"\" width=\"671\" height=\"379\" srcset=\"https:\/\/iacrianca.pt\/wp-content\/uploads\/avi2.jpg 671w, https:\/\/iacrianca.pt\/wp-content\/uploads\/avi2-300x169.jpg 300w\" sizes=\"(max-width: 671px) 100vw, 671px\" \/> <img decoding=\"async\" class=\"alignnone wp-image-11396 size-full\" src=\"https:\/\/iacrianca.pt\/wp-content\/uploads\/Imagem1.jpg\" alt=\"\" width=\"602\" height=\"656\" srcset=\"https:\/\/iacrianca.pt\/wp-content\/uploads\/Imagem1.jpg 602w, https:\/\/iacrianca.pt\/wp-content\/uploads\/Imagem1-275x300.jpg 275w\" sizes=\"(max-width: 602px) 100vw, 602px\" \/><\/p>\n<p>&nbsp;<\/p>\n<p>&nbsp;<\/p>\n<p>&nbsp;<\/p>\n<p><span data-contrast=\"auto\">\u00a0<\/span><span data-ccp-props=\"{&quot;201341983&quot;:0,&quot;335551550&quot;:6,&quot;335551620&quot;:6,&quot;335559739&quot;:160,&quot;335559740&quot;:259}\">\u00a0<\/span><\/p>\n","protected":false},"excerpt":{"rendered":"<p>Durante o m\u00eas de janeiro conclu\u00edram-se as sess\u00f5es subordinadas aos direitos e deveres das crian\u00e7as nas escolas do 1\u00ba CEB do Condado e Santa Maria dos Olivais, respeitantes ao 1\u00ba per\u00edodo. A avioneta criada para \u201cA Viagem do Joaquim\u201d \u2013 nome da sess\u00e3o dinamizada \u2013 percorreu todas as turmas destas duas escolas e, entre muita&hellip;<\/p>\n","protected":false},"author":2,"featured_media":11392,"comment_status":"open","ping_status":"open","sticky":false,"template":"","format":"standard","meta":{"_acf_changed":false,"footnotes":""},"categories":[63],"tags":[],"class_list":["post-11391","post","type-post","status-publish","format-standard","has-post-thumbnail","hentry","category-newsletter","category-63","description-off"],"acf":[],"yoast_head":"<!-- This site is optimized with the Yoast SEO plugin v27.5 - https:\/\/yoast.com\/product\/yoast-seo-wordpress\/ -->\n<title>Sess\u00f5es em contexto escolar \u2013 Centro de Apoio Comunit\u00e1rio | Instituto de Apoio \u00e0 Crian\u00e7a<\/title>\n<meta name=\"robots\" content=\"index, follow, max-snippet:-1, max-image-preview:large, max-video-preview:-1\" \/>\n<link rel=\"canonical\" href=\"https:\/\/iacrianca.pt\/en\/2022\/02\/sessoes-em-contexto-escolar-centro-de-apoio-comunitario\/\" \/>\n<meta property=\"og:locale\" content=\"en_US\" \/>\n<meta property=\"og:type\" content=\"article\" \/>\n<meta property=\"og:title\" content=\"Sess\u00f5es em contexto escolar \u2013 Centro de Apoio Comunit\u00e1rio | Instituto de Apoio \u00e0 Crian\u00e7a\" \/>\n<meta property=\"og:description\" content=\"Durante o m\u00eas de janeiro conclu\u00edram-se as sess\u00f5es subordinadas aos direitos e deveres das crian\u00e7as nas escolas do 1\u00ba CEB do Condado e Santa Maria dos Olivais, respeitantes ao 1\u00ba per\u00edodo. A avioneta criada para \u201cA Viagem do Joaquim\u201d \u2013 nome da sess\u00e3o dinamizada \u2013 percorreu todas as turmas destas duas escolas e, entre muita&hellip;\" \/>\n<meta property=\"og:url\" content=\"https:\/\/iacrianca.pt\/en\/2022\/02\/sessoes-em-contexto-escolar-centro-de-apoio-comunitario\/\" \/>\n<meta property=\"og:site_name\" content=\"Instituto de Apoio \u00e0 Crian\u00e7a\" \/>\n<meta property=\"article:publisher\" content=\"https:\/\/www.facebook.com\/iacinstitutodeapoioacrianca\" \/>\n<meta property=\"article:published_time\" content=\"2022-02-03T10:25:49+00:00\" \/>\n<meta property=\"article:modified_time\" content=\"2022-02-10T12:11:37+00:00\" \/>\n<meta property=\"og:image\" content=\"https:\/\/iacrianca.pt\/wp-content\/uploads\/avi.jpg\" \/>\n\t<meta property=\"og:image:width\" content=\"677\" \/>\n\t<meta property=\"og:image:height\" content=\"378\" \/>\n\t<meta property=\"og:image:type\" content=\"image\/jpeg\" \/>\n<meta name=\"author\" content=\"Administra\u00e7\u00e3o IAC\" \/>\n<meta name=\"twitter:card\" content=\"summary_large_image\" \/>\n<meta name=\"twitter:creator\" content=\"@iacapoiocrianca\" \/>\n<meta name=\"twitter:site\" content=\"@iacapoiocrianca\" \/>\n<meta name=\"twitter:label1\" content=\"Written by\" \/>\n\t<meta name=\"twitter:data1\" content=\"Administra\u00e7\u00e3o IAC\" \/>\n\t<meta name=\"twitter:label2\" content=\"Est. reading time\" \/>\n\t<meta name=\"twitter:data2\" content=\"2 minutes\" \/>\n<script type=\"application\/ld+json\" class=\"yoast-schema-graph\">{\"@context\":\"https:\\\/\\\/schema.org\",\"@graph\":[{\"@type\":\"Article\",\"@id\":\"https:\\\/\\\/iacrianca.pt\\\/en\\\/2022\\\/02\\\/sessoes-em-contexto-escolar-centro-de-apoio-comunitario\\\/#article\",\"isPartOf\":{\"@id\":\"https:\\\/\\\/iacrianca.pt\\\/en\\\/2022\\\/02\\\/sessoes-em-contexto-escolar-centro-de-apoio-comunitario\\\/\"},\"author\":{\"name\":\"Administra\u00e7\u00e3o IAC\",\"@id\":\"https:\\\/\\\/iacrianca.pt\\\/en\\\/#\\\/schema\\\/person\\\/1c48c6e4b70d0dc7360e4b28ceaa5f6b\"},\"headline\":\"Sess\u00f5es em contexto escolar \u2013 Centro de Apoio Comunit\u00e1rio\",\"datePublished\":\"2022-02-03T10:25:49+00:00\",\"dateModified\":\"2022-02-10T12:11:37+00:00\",\"mainEntityOfPage\":{\"@id\":\"https:\\\/\\\/iacrianca.pt\\\/en\\\/2022\\\/02\\\/sessoes-em-contexto-escolar-centro-de-apoio-comunitario\\\/\"},\"wordCount\":226,\"commentCount\":0,\"publisher\":{\"@id\":\"https:\\\/\\\/iacrianca.pt\\\/en\\\/#organization\"},\"image\":{\"@id\":\"https:\\\/\\\/iacrianca.pt\\\/en\\\/2022\\\/02\\\/sessoes-em-contexto-escolar-centro-de-apoio-comunitario\\\/#primaryimage\"},\"thumbnailUrl\":\"https:\\\/\\\/iacrianca.pt\\\/wp-content\\\/uploads\\\/avi.jpg\",\"articleSection\":[\"Newsletter\"],\"inLanguage\":\"en-US\",\"potentialAction\":[{\"@type\":\"CommentAction\",\"name\":\"Comment\",\"target\":[\"https:\\\/\\\/iacrianca.pt\\\/en\\\/2022\\\/02\\\/sessoes-em-contexto-escolar-centro-de-apoio-comunitario\\\/#respond\"]}]},{\"@type\":\"WebPage\",\"@id\":\"https:\\\/\\\/iacrianca.pt\\\/en\\\/2022\\\/02\\\/sessoes-em-contexto-escolar-centro-de-apoio-comunitario\\\/\",\"url\":\"https:\\\/\\\/iacrianca.pt\\\/en\\\/2022\\\/02\\\/sessoes-em-contexto-escolar-centro-de-apoio-comunitario\\\/\",\"name\":\"Sess\u00f5es em contexto escolar \u2013 Centro de Apoio Comunit\u00e1rio | Instituto de Apoio \u00e0 Crian\u00e7a\",\"isPartOf\":{\"@id\":\"https:\\\/\\\/iacrianca.pt\\\/en\\\/#website\"},\"primaryImageOfPage\":{\"@id\":\"https:\\\/\\\/iacrianca.pt\\\/en\\\/2022\\\/02\\\/sessoes-em-contexto-escolar-centro-de-apoio-comunitario\\\/#primaryimage\"},\"image\":{\"@id\":\"https:\\\/\\\/iacrianca.pt\\\/en\\\/2022\\\/02\\\/sessoes-em-contexto-escolar-centro-de-apoio-comunitario\\\/#primaryimage\"},\"thumbnailUrl\":\"https:\\\/\\\/iacrianca.pt\\\/wp-content\\\/uploads\\\/avi.jpg\",\"datePublished\":\"2022-02-03T10:25:49+00:00\",\"dateModified\":\"2022-02-10T12:11:37+00:00\",\"breadcrumb\":{\"@id\":\"https:\\\/\\\/iacrianca.pt\\\/en\\\/2022\\\/02\\\/sessoes-em-contexto-escolar-centro-de-apoio-comunitario\\\/#breadcrumb\"},\"inLanguage\":\"en-US\",\"potentialAction\":[{\"@type\":\"ReadAction\",\"target\":[\"https:\\\/\\\/iacrianca.pt\\\/en\\\/2022\\\/02\\\/sessoes-em-contexto-escolar-centro-de-apoio-comunitario\\\/\"]}]},{\"@type\":\"ImageObject\",\"inLanguage\":\"en-US\",\"@id\":\"https:\\\/\\\/iacrianca.pt\\\/en\\\/2022\\\/02\\\/sessoes-em-contexto-escolar-centro-de-apoio-comunitario\\\/#primaryimage\",\"url\":\"https:\\\/\\\/iacrianca.pt\\\/wp-content\\\/uploads\\\/avi.jpg\",\"contentUrl\":\"https:\\\/\\\/iacrianca.pt\\\/wp-content\\\/uploads\\\/avi.jpg\",\"width\":677,\"height\":378},{\"@type\":\"BreadcrumbList\",\"@id\":\"https:\\\/\\\/iacrianca.pt\\\/en\\\/2022\\\/02\\\/sessoes-em-contexto-escolar-centro-de-apoio-comunitario\\\/#breadcrumb\",\"itemListElement\":[{\"@type\":\"ListItem\",\"position\":1,\"name\":\"In\u00edcio\",\"item\":\"https:\\\/\\\/iacrianca.pt\\\/en\\\/\"},{\"@type\":\"ListItem\",\"position\":2,\"name\":\"Sess\u00f5es em contexto escolar \u2013 Centro de Apoio Comunit\u00e1rio\"}]},{\"@type\":\"WebSite\",\"@id\":\"https:\\\/\\\/iacrianca.pt\\\/en\\\/#website\",\"url\":\"https:\\\/\\\/iacrianca.pt\\\/en\\\/\",\"name\":\"Instituto de Apoio \u00e0 Crian\u00e7a\",\"description\":\"Desde 1983 na defesa e promo\u00e7\u00e3o dos direitos da crian\u00e7a\",\"publisher\":{\"@id\":\"https:\\\/\\\/iacrianca.pt\\\/en\\\/#organization\"},\"potentialAction\":[{\"@type\":\"SearchAction\",\"target\":{\"@type\":\"EntryPoint\",\"urlTemplate\":\"https:\\\/\\\/iacrianca.pt\\\/en\\\/?s={search_term_string}\"},\"query-input\":{\"@type\":\"PropertyValueSpecification\",\"valueRequired\":true,\"valueName\":\"search_term_string\"}}],\"inLanguage\":\"en-US\"},{\"@type\":\"Organization\",\"@id\":\"https:\\\/\\\/iacrianca.pt\\\/en\\\/#organization\",\"name\":\"Instituto de Apoio \u00e0 Crian\u00e7a\",\"url\":\"https:\\\/\\\/iacrianca.pt\\\/en\\\/\",\"logo\":{\"@type\":\"ImageObject\",\"inLanguage\":\"en-US\",\"@id\":\"https:\\\/\\\/iacrianca.pt\\\/en\\\/#\\\/schema\\\/logo\\\/image\\\/\",\"url\":\"https:\\\/\\\/iacrianca.pt\\\/wp-content\\\/uploads\\\/2020\\\/04\\\/logo-iac-SD.jpg\",\"contentUrl\":\"https:\\\/\\\/iacrianca.pt\\\/wp-content\\\/uploads\\\/2020\\\/04\\\/logo-iac-SD.jpg\",\"width\":152,\"height\":73,\"caption\":\"Instituto de Apoio \u00e0 Crian\u00e7a\"},\"image\":{\"@id\":\"https:\\\/\\\/iacrianca.pt\\\/en\\\/#\\\/schema\\\/logo\\\/image\\\/\"},\"sameAs\":[\"https:\\\/\\\/www.facebook.com\\\/iacinstitutodeapoioacrianca\",\"https:\\\/\\\/x.com\\\/iacapoiocrianca\",\"https:\\\/\\\/www.youtube.com\\\/channel\\\/UC0jjfZ_xkN_59gJf_RQ-ZnQ\",\"https:\\\/\\\/www.linkedin.com\\\/company\\\/instituto-de-apoio--criana\\\/\",\"https:\\\/\\\/www.instagram.com\\\/iacinstitutodeapoioacrianca\\\/\",\"https:\\\/\\\/criancasatortoeadireitos.wordpress.com\\\/\"]},{\"@type\":\"Person\",\"@id\":\"https:\\\/\\\/iacrianca.pt\\\/en\\\/#\\\/schema\\\/person\\\/1c48c6e4b70d0dc7360e4b28ceaa5f6b\",\"name\":\"Administra\u00e7\u00e3o IAC\",\"image\":{\"@type\":\"ImageObject\",\"inLanguage\":\"en-US\",\"@id\":\"https:\\\/\\\/secure.gravatar.com\\\/avatar\\\/60b998c71de37dcc1398fc6d48c6b5ed7533e3ceec837c948055f072e3158ff1?s=96&d=mm&r=g\",\"url\":\"https:\\\/\\\/secure.gravatar.com\\\/avatar\\\/60b998c71de37dcc1398fc6d48c6b5ed7533e3ceec837c948055f072e3158ff1?s=96&d=mm&r=g\",\"contentUrl\":\"https:\\\/\\\/secure.gravatar.com\\\/avatar\\\/60b998c71de37dcc1398fc6d48c6b5ed7533e3ceec837c948055f072e3158ff1?s=96&d=mm&r=g\",\"caption\":\"Administra\u00e7\u00e3o IAC\"}}]}<\/script>\n<!-- \/ Yoast SEO plugin. -->","yoast_head_json":{"title":"Sess\u00f5es em contexto escolar \u2013 Centro de Apoio Comunit\u00e1rio | Instituto de Apoio \u00e0 Crian\u00e7a","robots":{"index":"index","follow":"follow","max-snippet":"max-snippet:-1","max-image-preview":"max-image-preview:large","max-video-preview":"max-video-preview:-1"},"canonical":"https:\/\/iacrianca.pt\/en\/2022\/02\/sessoes-em-contexto-escolar-centro-de-apoio-comunitario\/","og_locale":"en_US","og_type":"article","og_title":"Sess\u00f5es em contexto escolar \u2013 Centro de Apoio Comunit\u00e1rio | Instituto de Apoio \u00e0 Crian\u00e7a","og_description":"Durante o m\u00eas de janeiro conclu\u00edram-se as sess\u00f5es subordinadas aos direitos e deveres das crian\u00e7as nas escolas do 1\u00ba CEB do Condado e Santa Maria dos Olivais, respeitantes ao 1\u00ba per\u00edodo. A avioneta criada para \u201cA Viagem do Joaquim\u201d \u2013 nome da sess\u00e3o dinamizada \u2013 percorreu todas as turmas destas duas escolas e, entre muita&hellip;","og_url":"https:\/\/iacrianca.pt\/en\/2022\/02\/sessoes-em-contexto-escolar-centro-de-apoio-comunitario\/","og_site_name":"Instituto de Apoio \u00e0 Crian\u00e7a","article_publisher":"https:\/\/www.facebook.com\/iacinstitutodeapoioacrianca","article_published_time":"2022-02-03T10:25:49+00:00","article_modified_time":"2022-02-10T12:11:37+00:00","og_image":[{"width":677,"height":378,"url":"https:\/\/iacrianca.pt\/wp-content\/uploads\/avi.jpg","type":"image\/jpeg"}],"author":"Administra\u00e7\u00e3o IAC","twitter_card":"summary_large_image","twitter_creator":"@iacapoiocrianca","twitter_site":"@iacapoiocrianca","twitter_misc":{"Written by":"Administra\u00e7\u00e3o IAC","Est. reading time":"2 minutes"},"schema":{"@context":"https:\/\/schema.org","@graph":[{"@type":"Article","@id":"https:\/\/iacrianca.pt\/en\/2022\/02\/sessoes-em-contexto-escolar-centro-de-apoio-comunitario\/#article","isPartOf":{"@id":"https:\/\/iacrianca.pt\/en\/2022\/02\/sessoes-em-contexto-escolar-centro-de-apoio-comunitario\/"},"author":{"name":"Administra\u00e7\u00e3o IAC","@id":"https:\/\/iacrianca.pt\/en\/#\/schema\/person\/1c48c6e4b70d0dc7360e4b28ceaa5f6b"},"headline":"Sess\u00f5es em contexto escolar \u2013 Centro de Apoio Comunit\u00e1rio","datePublished":"2022-02-03T10:25:49+00:00","dateModified":"2022-02-10T12:11:37+00:00","mainEntityOfPage":{"@id":"https:\/\/iacrianca.pt\/en\/2022\/02\/sessoes-em-contexto-escolar-centro-de-apoio-comunitario\/"},"wordCount":226,"commentCount":0,"publisher":{"@id":"https:\/\/iacrianca.pt\/en\/#organization"},"image":{"@id":"https:\/\/iacrianca.pt\/en\/2022\/02\/sessoes-em-contexto-escolar-centro-de-apoio-comunitario\/#primaryimage"},"thumbnailUrl":"https:\/\/iacrianca.pt\/wp-content\/uploads\/avi.jpg","articleSection":["Newsletter"],"inLanguage":"en-US","potentialAction":[{"@type":"CommentAction","name":"Comment","target":["https:\/\/iacrianca.pt\/en\/2022\/02\/sessoes-em-contexto-escolar-centro-de-apoio-comunitario\/#respond"]}]},{"@type":"WebPage","@id":"https:\/\/iacrianca.pt\/en\/2022\/02\/sessoes-em-contexto-escolar-centro-de-apoio-comunitario\/","url":"https:\/\/iacrianca.pt\/en\/2022\/02\/sessoes-em-contexto-escolar-centro-de-apoio-comunitario\/","name":"Sess\u00f5es em contexto escolar \u2013 Centro de Apoio Comunit\u00e1rio | Instituto de Apoio \u00e0 Crian\u00e7a","isPartOf":{"@id":"https:\/\/iacrianca.pt\/en\/#website"},"primaryImageOfPage":{"@id":"https:\/\/iacrianca.pt\/en\/2022\/02\/sessoes-em-contexto-escolar-centro-de-apoio-comunitario\/#primaryimage"},"image":{"@id":"https:\/\/iacrianca.pt\/en\/2022\/02\/sessoes-em-contexto-escolar-centro-de-apoio-comunitario\/#primaryimage"},"thumbnailUrl":"https:\/\/iacrianca.pt\/wp-content\/uploads\/avi.jpg","datePublished":"2022-02-03T10:25:49+00:00","dateModified":"2022-02-10T12:11:37+00:00","breadcrumb":{"@id":"https:\/\/iacrianca.pt\/en\/2022\/02\/sessoes-em-contexto-escolar-centro-de-apoio-comunitario\/#breadcrumb"},"inLanguage":"en-US","potentialAction":[{"@type":"ReadAction","target":["https:\/\/iacrianca.pt\/en\/2022\/02\/sessoes-em-contexto-escolar-centro-de-apoio-comunitario\/"]}]},{"@type":"ImageObject","inLanguage":"en-US","@id":"https:\/\/iacrianca.pt\/en\/2022\/02\/sessoes-em-contexto-escolar-centro-de-apoio-comunitario\/#primaryimage","url":"https:\/\/iacrianca.pt\/wp-content\/uploads\/avi.jpg","contentUrl":"https:\/\/iacrianca.pt\/wp-content\/uploads\/avi.jpg","width":677,"height":378},{"@type":"BreadcrumbList","@id":"https:\/\/iacrianca.pt\/en\/2022\/02\/sessoes-em-contexto-escolar-centro-de-apoio-comunitario\/#breadcrumb","itemListElement":[{"@type":"ListItem","position":1,"name":"In\u00edcio","item":"https:\/\/iacrianca.pt\/en\/"},{"@type":"ListItem","position":2,"name":"Sess\u00f5es em contexto escolar \u2013 Centro de Apoio Comunit\u00e1rio"}]},{"@type":"WebSite","@id":"https:\/\/iacrianca.pt\/en\/#website","url":"https:\/\/iacrianca.pt\/en\/","name":"Instituto de Apoio \u00e0 Crian\u00e7a","description":"Desde 1983 na defesa e promo\u00e7\u00e3o dos direitos da crian\u00e7a","publisher":{"@id":"https:\/\/iacrianca.pt\/en\/#organization"},"potentialAction":[{"@type":"SearchAction","target":{"@type":"EntryPoint","urlTemplate":"https:\/\/iacrianca.pt\/en\/?s={search_term_string}"},"query-input":{"@type":"PropertyValueSpecification","valueRequired":true,"valueName":"search_term_string"}}],"inLanguage":"en-US"},{"@type":"Organization","@id":"https:\/\/iacrianca.pt\/en\/#organization","name":"Instituto de Apoio \u00e0 Crian\u00e7a","url":"https:\/\/iacrianca.pt\/en\/","logo":{"@type":"ImageObject","inLanguage":"en-US","@id":"https:\/\/iacrianca.pt\/en\/#\/schema\/logo\/image\/","url":"https:\/\/iacrianca.pt\/wp-content\/uploads\/2020\/04\/logo-iac-SD.jpg","contentUrl":"https:\/\/iacrianca.pt\/wp-content\/uploads\/2020\/04\/logo-iac-SD.jpg","width":152,"height":73,"caption":"Instituto de Apoio \u00e0 Crian\u00e7a"},"image":{"@id":"https:\/\/iacrianca.pt\/en\/#\/schema\/logo\/image\/"},"sameAs":["https:\/\/www.facebook.com\/iacinstitutodeapoioacrianca","https:\/\/x.com\/iacapoiocrianca","https:\/\/www.youtube.com\/channel\/UC0jjfZ_xkN_59gJf_RQ-ZnQ","https:\/\/www.linkedin.com\/company\/instituto-de-apoio--criana\/","https:\/\/www.instagram.com\/iacinstitutodeapoioacrianca\/","https:\/\/criancasatortoeadireitos.wordpress.com\/"]},{"@type":"Person","@id":"https:\/\/iacrianca.pt\/en\/#\/schema\/person\/1c48c6e4b70d0dc7360e4b28ceaa5f6b","name":"Administra\u00e7\u00e3o IAC","image":{"@type":"ImageObject","inLanguage":"en-US","@id":"https:\/\/secure.gravatar.com\/avatar\/60b998c71de37dcc1398fc6d48c6b5ed7533e3ceec837c948055f072e3158ff1?s=96&d=mm&r=g","url":"https:\/\/secure.gravatar.com\/avatar\/60b998c71de37dcc1398fc6d48c6b5ed7533e3ceec837c948055f072e3158ff1?s=96&d=mm&r=g","contentUrl":"https:\/\/secure.gravatar.com\/avatar\/60b998c71de37dcc1398fc6d48c6b5ed7533e3ceec837c948055f072e3158ff1?s=96&d=mm&r=g","caption":"Administra\u00e7\u00e3o IAC"}}]}},"_links":{"self":[{"href":"https:\/\/iacrianca.pt\/en\/wp-json\/wp\/v2\/posts\/11391","targetHints":{"allow":["GET"]}}],"collection":[{"href":"https:\/\/iacrianca.pt\/en\/wp-json\/wp\/v2\/posts"}],"about":[{"href":"https:\/\/iacrianca.pt\/en\/wp-json\/wp\/v2\/types\/post"}],"author":[{"embeddable":true,"href":"https:\/\/iacrianca.pt\/en\/wp-json\/wp\/v2\/users\/2"}],"replies":[{"embeddable":true,"href":"https:\/\/iacrianca.pt\/en\/wp-json\/wp\/v2\/comments?post=11391"}],"version-history":[{"count":0,"href":"https:\/\/iacrianca.pt\/en\/wp-json\/wp\/v2\/posts\/11391\/revisions"}],"wp:featuredmedia":[{"embeddable":true,"href":"https:\/\/iacrianca.pt\/en\/wp-json\/wp\/v2\/media\/11392"}],"wp:attachment":[{"href":"https:\/\/iacrianca.pt\/en\/wp-json\/wp\/v2\/media?parent=11391"}],"wp:term":[{"taxonomy":"category","embeddable":true,"href":"https:\/\/iacrianca.pt\/en\/wp-json\/wp\/v2\/categories?post=11391"},{"taxonomy":"post_tag","embeddable":true,"href":"https:\/\/iacrianca.pt\/en\/wp-json\/wp\/v2\/tags?post=11391"}],"curies":[{"name":"wp","href":"https:\/\/api.w.org\/{rel}","templated":true}]}}