{"id":11679,"date":"2022-02-14T11:10:21","date_gmt":"2022-02-14T11:10:21","guid":{"rendered":"https:\/\/iacrianca.pt\/?p=11679"},"modified":"2022-02-18T12:01:11","modified_gmt":"2022-02-18T12:01:11","slug":"mais-do-que-um-numero-15-anos-das-linhas-de-apoio-116-000-para-criancas-desaparecidas","status":"publish","type":"post","link":"https:\/\/iacrianca.pt\/en\/2022\/02\/mais-do-que-um-numero-15-anos-das-linhas-de-apoio-116-000-para-criancas-desaparecidas\/","title":{"rendered":"Mais do que um n\u00famero: 15 anos das linhas de apoio 116 000, para crian\u00e7as desaparecidas"},"content":{"rendered":"<p>A 15 de fevereiro, a Missing Children Europe assinala o 15\u00ba anivers\u00e1rio das linhas telef\u00f3nicas 116\u202f000, que visam fornecer um servi\u00e7o gratuito, 24 horas por dia, 7 dias por semana, \u00e0s crian\u00e7as\/jovens que desaparecem e \u00e0s suas fam\u00edlias. Desde o lan\u00e7amento do n\u00famero em 2007, as linhas de apoio em toda a Europa atenderam mais de 2 milh\u00f5es de chamadas e apoiaram mais de 70 mil casos de crian\u00e7as desaparecidas.\u00a0<span data-ccp-props=\"{&quot;201341983&quot;:0,&quot;335551550&quot;:6,&quot;335551620&quot;:6,&quot;335559740&quot;:276}\">\u00a0<\/span><\/p>\n<p><span data-contrast=\"auto\">Em Portugal a linha 116 000 \u00e9 dinamizada desde 2009 pelo Instituto de Apoio \u00e0 Crian\u00e7a atrav\u00e9s do servi\u00e7o SOS Crian\u00e7a, parceiro ativo da Missing Children Europe. No trabalho que o IAC desenvolve a vertente da preven\u00e7\u00e3o prim\u00e1ria sempre foi uma das principais preocupa\u00e7\u00f5es, pois entendemos a nossa interven\u00e7\u00e3o a n\u00edvel psicossocial como\u00a0complementar \u00e0 das for\u00e7as de seguran\u00e7a.<\/span><span data-ccp-props=\"{&quot;201341983&quot;:0,&quot;335551550&quot;:6,&quot;335551620&quot;:6,&quot;335559739&quot;:160,&quot;335559740&quot;:259}\">\u00a0<\/span><\/p>\n<p>&nbsp;<\/p>\n<p><span data-contrast=\"auto\"><strong>Press release<\/strong><\/span><span data-ccp-props=\"{&quot;201341983&quot;:0,&quot;335551550&quot;:6,&quot;335551620&quot;:6,&quot;335559740&quot;:276}\">\u00a0<\/span><\/p>\n<p><span data-contrast=\"auto\">Bruxelas, 14 de fevereiro de 2022\u00a0\u00a0<\/span><span data-ccp-props=\"{&quot;201341983&quot;:0,&quot;335551550&quot;:6,&quot;335551620&quot;:6,&quot;335559740&quot;:276}\">\u00a0<\/span><\/p>\n<p><span data-contrast=\"auto\">O n\u00famero 116 000 \u00e9 da responsabilidade de organiza\u00e7\u00f5es nacionais especializadas em lidar com casos de crian\u00e7as desaparecidas. Em muitos pa\u00edses, estes servi\u00e7os s\u00e3o compostos por profissionais e volunt\u00e1rios formados que se envolvem na preven\u00e7\u00e3o e acompanhamento de casos de crian\u00e7as desaparecidas e que fornecem apoio psicol\u00f3gico e assist\u00eancia jur\u00eddica \u00e0s fam\u00edlias, enquanto a pol\u00edcia investiga o paradeiro das crian\u00e7as desaparecidas.<\/span><span data-contrast=\"auto\"> Tamb\u00e9m orientam as fam\u00edlias na complexidade do sistema, inclusive na gest\u00e3o da aten\u00e7\u00e3o dada pelos media em alguns casos. As organiza\u00e7\u00f5es detentoras da linha 116 000 cooperam estreitamente com a aplica\u00e7\u00e3o da lei, com os servi\u00e7os de prote\u00e7\u00e3o \u00e0 crian\u00e7a e outros atores relevantes na mat\u00e9ria. Na maioria dos pa\u00edses, as linhas de apoio 116 000 tamb\u00e9m oferecem acesso aos seus servi\u00e7os por meio de plataformas de comunica\u00e7\u00e3o baseadas em\u00a0 mensagens de texto, como whatsApp,\u00a0 e-mail ou chat.\u00a0<\/span><span data-ccp-props=\"{&quot;201341983&quot;:0,&quot;335551550&quot;:6,&quot;335551620&quot;:6,&quot;335559740&quot;:276}\">\u00a0<\/span><\/p>\n<p><span data-contrast=\"auto\">\u00a0<\/span><span data-contrast=\"auto\">A Missing Children Europe solicita \u00e0 U.E. e aos Estados-Membros que melhorem os sistemas de prote\u00e7\u00e3o \u00e0 crian\u00e7a e respondam \u00e0s expectativas do C\u00f3digo Europeu de Comunica\u00e7\u00f5es Eletr\u00f3nicas e da estrat\u00e9gia da UE sobre os direitos da crian\u00e7a, apoiando as linhas de apoio \u00e0s crian\u00e7as desaparecidas, 116 000, por meio de financiamento est\u00e1vel e capacita\u00e7\u00e3o profissional, que lhes permita desenvolver caminhos mais diversos para a comunica\u00e7\u00e3o, por forma a garantir que as linhas de apoio estejam acess\u00edveis inclusive para usu\u00e1rios com defici\u00eancia.<\/span><span data-ccp-props=\"{&quot;201341983&quot;:0,&quot;335551550&quot;:6,&quot;335551620&quot;:6,&quot;335559740&quot;:276}\">\u00a0<\/span><\/p>\n<p><span data-contrast=\"auto\">\u00a0<\/span><span data-contrast=\"auto\"><strong>\u00a0<\/strong><\/span><span data-ccp-props=\"{&quot;201341983&quot;:0,&quot;335551550&quot;:6,&quot;335551620&quot;:6,&quot;335559740&quot;:276}\">\u00a0<\/span><\/p>\n<p><span data-contrast=\"auto\"><strong>Acerca das linhas de apoio \u00e0s crian\u00e7as desaparecidas, 116 000:\u00a0<\/strong><\/span><span data-ccp-props=\"{&quot;201341983&quot;:0,&quot;335551550&quot;:6,&quot;335551620&quot;:6,&quot;335559740&quot;:276}\">\u00a0<\/span><\/p>\n<p><span data-contrast=\"auto\">116 000 \u00e9 o n\u00famero europeu para crian\u00e7as desaparecidas, que fornece um apoio qualificado quando as crian\u00e7as\/jovens desaparecem. Qualquer pessoa envolvida num caso de desaparecimento infantil (a pr\u00f3pria crian\u00e7a\/jovem, um colega, um amigo, um familiar, cuidador ou professor) pode ligar para o 116\u202f000 e receber apoio emocional, psicol\u00f3gico, social, jur\u00eddico e administrativo, gratuito e imediato. As chamadas s\u00e3o atendidas localmente por profissionais qualificados de organiza\u00e7\u00f5es especializadas em lidar com casos de crian\u00e7as desaparecidas. Saiba mais:<\/span><a href=\"https:\/\/missingchildreneurope.eu\/hotline-116-000\/\"><span data-contrast=\"none\"> https:\/\/www.116000.eu\/<\/span><\/a><span data-ccp-props=\"{&quot;201341983&quot;:0,&quot;335551550&quot;:6,&quot;335551620&quot;:6,&quot;335559740&quot;:276}\">\u00a0<\/span><\/p>\n<p><span data-contrast=\"auto\">\u00a0<\/span><\/p>\n<p><span data-contrast=\"auto\"><strong>Sobre a Missing Children Europe (MCE)\u00a0<\/strong><\/span><span data-ccp-props=\"{&quot;201341983&quot;:0,&quot;335551550&quot;:6,&quot;335551620&quot;:6,&quot;335559740&quot;:276}\">\u00a0<\/span><\/p>\n<p><span data-contrast=\"auto\">A MCE \u00e9 a federa\u00e7\u00e3o europeia para crian\u00e7as desaparecidas e exploradas sexualmente, representando 31 organiza\u00e7\u00f5es de 26 pa\u00edses europeus. Fornece a interliga\u00e7\u00e3o entre pesquisa, pol\u00edticas de a\u00e7\u00e3o e organiza\u00e7\u00f5es no terreno para proteger as crian\u00e7as de qualquer tipo de viol\u00eancia, abuso ou neglig\u00eancia que seja causada ou resulte de um desaparecimento. Saiba mais:<\/span><a href=\"http:\/\/www.missingchildreneurope.eu\/\"><span data-contrast=\"none\"> www.missingchildreneurope.eu<\/span><\/a><span data-ccp-props=\"{&quot;201341983&quot;:0,&quot;335551550&quot;:6,&quot;335551620&quot;:6,&quot;335559740&quot;:276}\">\u00a0<\/span><\/p>\n<p><span data-contrast=\"auto\">\u00a0<\/span><\/p>\n<p><span data-contrast=\"auto\"><strong>Contato\u00a0<\/strong><\/span><span data-ccp-props=\"{&quot;201341983&quot;:0,&quot;335551550&quot;:6,&quot;335551620&quot;:6,&quot;335559740&quot;:276}\">\u00a0<\/span><\/p>\n<p><span data-contrast=\"auto\">Jagoda Luto, Oficial de Ades\u00e3o e Comunica\u00e7\u00f5es da Missing Children Europe,\u00a0<\/span><span data-ccp-props=\"{&quot;201341983&quot;:0,&quot;335551550&quot;:6,&quot;335551620&quot;:6,&quot;335559740&quot;:276}\">\u00a0<\/span><\/p>\n<p><span data-contrast=\"auto\">E-mail: <\/span><a href=\"mailto:Jagoda.Luto@missingchildreneurope.eu\"><span data-contrast=\"none\">Jagoda.Luto@missingchildreneurope.eu<\/span><span data-ccp-props=\"{&quot;201341983&quot;:0,&quot;335551550&quot;:6,&quot;335551620&quot;:6,&quot;335559740&quot;:276}\">\u00a0<\/span><\/a><\/p>\n<p><img fetchpriority=\"high\" decoding=\"async\" class=\"alignnone wp-image-11765 size-full\" src=\"https:\/\/iacrianca.pt\/wp-content\/uploads\/dulce.jpg\" alt=\"\" width=\"1280\" height=\"720\" srcset=\"https:\/\/iacrianca.pt\/wp-content\/uploads\/dulce.jpg 1280w, https:\/\/iacrianca.pt\/wp-content\/uploads\/dulce-300x169.jpg 300w, https:\/\/iacrianca.pt\/wp-content\/uploads\/dulce-1024x576.jpg 1024w, https:\/\/iacrianca.pt\/wp-content\/uploads\/dulce-768x432.jpg 768w\" sizes=\"(max-width: 1280px) 100vw, 1280px\" \/> <img decoding=\"async\" class=\"alignnone wp-image-11767 size-full\" src=\"https:\/\/iacrianca.pt\/wp-content\/uploads\/dulce2.jpg\" alt=\"\" width=\"1280\" height=\"720\" srcset=\"https:\/\/iacrianca.pt\/wp-content\/uploads\/dulce2.jpg 1280w, https:\/\/iacrianca.pt\/wp-content\/uploads\/dulce2-300x169.jpg 300w, https:\/\/iacrianca.pt\/wp-content\/uploads\/dulce2-1024x576.jpg 1024w, https:\/\/iacrianca.pt\/wp-content\/uploads\/dulce2-768x432.jpg 768w\" sizes=\"(max-width: 1280px) 100vw, 1280px\" \/><\/p>\n","protected":false},"excerpt":{"rendered":"<p>A 15 de fevereiro, a Missing Children Europe assinala o 15\u00ba anivers\u00e1rio das linhas telef\u00f3nicas 116\u202f000, que visam fornecer um servi\u00e7o gratuito, 24 horas por dia, 7 dias por semana, \u00e0s crian\u00e7as\/jovens que desaparecem e \u00e0s suas fam\u00edlias. Desde o lan\u00e7amento do n\u00famero em 2007, as linhas de apoio em toda a Europa atenderam mais&hellip;<\/p>\n","protected":false},"author":2,"featured_media":11685,"comment_status":"closed","ping_status":"open","sticky":false,"template":"","format":"standard","meta":{"_acf_changed":false,"footnotes":""},"categories":[1],"tags":[],"class_list":["post-11679","post","type-post","status-publish","format-standard","has-post-thumbnail","hentry","category-noticias","category-1","description-off"],"acf":[],"yoast_head":"<!-- This site is optimized with the Yoast SEO plugin v27.5 - https:\/\/yoast.com\/product\/yoast-seo-wordpress\/ -->\n<title>Mais do que um n\u00famero: 15 anos das linhas de apoio 116 000, para crian\u00e7as desaparecidas | Instituto de Apoio \u00e0 Crian\u00e7a<\/title>\n<meta name=\"robots\" content=\"index, follow, max-snippet:-1, max-image-preview:large, max-video-preview:-1\" \/>\n<link rel=\"canonical\" href=\"https:\/\/iacrianca.pt\/en\/2022\/02\/mais-do-que-um-numero-15-anos-das-linhas-de-apoio-116-000-para-criancas-desaparecidas\/\" \/>\n<meta property=\"og:locale\" content=\"en_US\" \/>\n<meta property=\"og:type\" content=\"article\" \/>\n<meta property=\"og:title\" content=\"Mais do que um n\u00famero: 15 anos das linhas de apoio 116 000, para crian\u00e7as desaparecidas | Instituto de Apoio \u00e0 Crian\u00e7a\" \/>\n<meta property=\"og:description\" content=\"A 15 de fevereiro, a Missing Children Europe assinala o 15\u00ba anivers\u00e1rio das linhas telef\u00f3nicas 116\u202f000, que visam fornecer um servi\u00e7o gratuito, 24 horas por dia, 7 dias por semana, \u00e0s crian\u00e7as\/jovens que desaparecem e \u00e0s suas fam\u00edlias. Desde o lan\u00e7amento do n\u00famero em 2007, as linhas de apoio em toda a Europa atenderam mais&hellip;\" \/>\n<meta property=\"og:url\" content=\"https:\/\/iacrianca.pt\/en\/2022\/02\/mais-do-que-um-numero-15-anos-das-linhas-de-apoio-116-000-para-criancas-desaparecidas\/\" \/>\n<meta property=\"og:site_name\" content=\"Instituto de Apoio \u00e0 Crian\u00e7a\" \/>\n<meta property=\"article:publisher\" content=\"https:\/\/www.facebook.com\/iacinstitutodeapoioacrianca\" \/>\n<meta property=\"article:published_time\" content=\"2022-02-14T11:10:21+00:00\" \/>\n<meta property=\"article:modified_time\" content=\"2022-02-18T12:01:11+00:00\" \/>\n<meta property=\"og:image\" content=\"https:\/\/iacrianca.pt\/wp-content\/uploads\/116000-scaled.jpg\" \/>\n\t<meta property=\"og:image:width\" content=\"1024\" \/>\n\t<meta property=\"og:image:height\" content=\"2560\" \/>\n\t<meta property=\"og:image:type\" content=\"image\/jpeg\" \/>\n<meta name=\"author\" content=\"Administra\u00e7\u00e3o IAC\" \/>\n<meta name=\"twitter:card\" content=\"summary_large_image\" \/>\n<meta name=\"twitter:creator\" content=\"@iacapoiocrianca\" \/>\n<meta name=\"twitter:site\" content=\"@iacapoiocrianca\" \/>\n<meta name=\"twitter:label1\" content=\"Written by\" \/>\n\t<meta name=\"twitter:data1\" content=\"Administra\u00e7\u00e3o IAC\" \/>\n\t<meta name=\"twitter:label2\" content=\"Est. reading time\" \/>\n\t<meta name=\"twitter:data2\" content=\"4 minutes\" \/>\n<script type=\"application\/ld+json\" class=\"yoast-schema-graph\">{\"@context\":\"https:\\\/\\\/schema.org\",\"@graph\":[{\"@type\":\"Article\",\"@id\":\"https:\\\/\\\/iacrianca.pt\\\/en\\\/2022\\\/02\\\/mais-do-que-um-numero-15-anos-das-linhas-de-apoio-116-000-para-criancas-desaparecidas\\\/#article\",\"isPartOf\":{\"@id\":\"https:\\\/\\\/iacrianca.pt\\\/en\\\/2022\\\/02\\\/mais-do-que-um-numero-15-anos-das-linhas-de-apoio-116-000-para-criancas-desaparecidas\\\/\"},\"author\":{\"name\":\"Administra\u00e7\u00e3o IAC\",\"@id\":\"https:\\\/\\\/iacrianca.pt\\\/en\\\/#\\\/schema\\\/person\\\/1c48c6e4b70d0dc7360e4b28ceaa5f6b\"},\"headline\":\"Mais do que um n\u00famero: 15 anos das linhas de apoio 116 000, para crian\u00e7as desaparecidas\",\"datePublished\":\"2022-02-14T11:10:21+00:00\",\"dateModified\":\"2022-02-18T12:01:11+00:00\",\"mainEntityOfPage\":{\"@id\":\"https:\\\/\\\/iacrianca.pt\\\/en\\\/2022\\\/02\\\/mais-do-que-um-numero-15-anos-das-linhas-de-apoio-116-000-para-criancas-desaparecidas\\\/\"},\"wordCount\":595,\"publisher\":{\"@id\":\"https:\\\/\\\/iacrianca.pt\\\/en\\\/#organization\"},\"image\":{\"@id\":\"https:\\\/\\\/iacrianca.pt\\\/en\\\/2022\\\/02\\\/mais-do-que-um-numero-15-anos-das-linhas-de-apoio-116-000-para-criancas-desaparecidas\\\/#primaryimage\"},\"thumbnailUrl\":\"https:\\\/\\\/iacrianca.pt\\\/wp-content\\\/uploads\\\/116000-scaled.jpg\",\"articleSection\":[\"Not\u00edcias\"],\"inLanguage\":\"en-US\"},{\"@type\":\"WebPage\",\"@id\":\"https:\\\/\\\/iacrianca.pt\\\/en\\\/2022\\\/02\\\/mais-do-que-um-numero-15-anos-das-linhas-de-apoio-116-000-para-criancas-desaparecidas\\\/\",\"url\":\"https:\\\/\\\/iacrianca.pt\\\/en\\\/2022\\\/02\\\/mais-do-que-um-numero-15-anos-das-linhas-de-apoio-116-000-para-criancas-desaparecidas\\\/\",\"name\":\"Mais do que um n\u00famero: 15 anos das linhas de apoio 116 000, para crian\u00e7as desaparecidas | Instituto de Apoio \u00e0 Crian\u00e7a\",\"isPartOf\":{\"@id\":\"https:\\\/\\\/iacrianca.pt\\\/en\\\/#website\"},\"primaryImageOfPage\":{\"@id\":\"https:\\\/\\\/iacrianca.pt\\\/en\\\/2022\\\/02\\\/mais-do-que-um-numero-15-anos-das-linhas-de-apoio-116-000-para-criancas-desaparecidas\\\/#primaryimage\"},\"image\":{\"@id\":\"https:\\\/\\\/iacrianca.pt\\\/en\\\/2022\\\/02\\\/mais-do-que-um-numero-15-anos-das-linhas-de-apoio-116-000-para-criancas-desaparecidas\\\/#primaryimage\"},\"thumbnailUrl\":\"https:\\\/\\\/iacrianca.pt\\\/wp-content\\\/uploads\\\/116000-scaled.jpg\",\"datePublished\":\"2022-02-14T11:10:21+00:00\",\"dateModified\":\"2022-02-18T12:01:11+00:00\",\"breadcrumb\":{\"@id\":\"https:\\\/\\\/iacrianca.pt\\\/en\\\/2022\\\/02\\\/mais-do-que-um-numero-15-anos-das-linhas-de-apoio-116-000-para-criancas-desaparecidas\\\/#breadcrumb\"},\"inLanguage\":\"en-US\",\"potentialAction\":[{\"@type\":\"ReadAction\",\"target\":[\"https:\\\/\\\/iacrianca.pt\\\/en\\\/2022\\\/02\\\/mais-do-que-um-numero-15-anos-das-linhas-de-apoio-116-000-para-criancas-desaparecidas\\\/\"]}]},{\"@type\":\"ImageObject\",\"inLanguage\":\"en-US\",\"@id\":\"https:\\\/\\\/iacrianca.pt\\\/en\\\/2022\\\/02\\\/mais-do-que-um-numero-15-anos-das-linhas-de-apoio-116-000-para-criancas-desaparecidas\\\/#primaryimage\",\"url\":\"https:\\\/\\\/iacrianca.pt\\\/wp-content\\\/uploads\\\/116000-scaled.jpg\",\"contentUrl\":\"https:\\\/\\\/iacrianca.pt\\\/wp-content\\\/uploads\\\/116000-scaled.jpg\",\"width\":1024,\"height\":2560},{\"@type\":\"BreadcrumbList\",\"@id\":\"https:\\\/\\\/iacrianca.pt\\\/en\\\/2022\\\/02\\\/mais-do-que-um-numero-15-anos-das-linhas-de-apoio-116-000-para-criancas-desaparecidas\\\/#breadcrumb\",\"itemListElement\":[{\"@type\":\"ListItem\",\"position\":1,\"name\":\"In\u00edcio\",\"item\":\"https:\\\/\\\/iacrianca.pt\\\/en\\\/\"},{\"@type\":\"ListItem\",\"position\":2,\"name\":\"Mais do que um n\u00famero: 15 anos das linhas de apoio 116 000, para crian\u00e7as desaparecidas\"}]},{\"@type\":\"WebSite\",\"@id\":\"https:\\\/\\\/iacrianca.pt\\\/en\\\/#website\",\"url\":\"https:\\\/\\\/iacrianca.pt\\\/en\\\/\",\"name\":\"Instituto de Apoio \u00e0 Crian\u00e7a\",\"description\":\"Desde 1983 na defesa e promo\u00e7\u00e3o dos direitos da crian\u00e7a\",\"publisher\":{\"@id\":\"https:\\\/\\\/iacrianca.pt\\\/en\\\/#organization\"},\"potentialAction\":[{\"@type\":\"SearchAction\",\"target\":{\"@type\":\"EntryPoint\",\"urlTemplate\":\"https:\\\/\\\/iacrianca.pt\\\/en\\\/?s={search_term_string}\"},\"query-input\":{\"@type\":\"PropertyValueSpecification\",\"valueRequired\":true,\"valueName\":\"search_term_string\"}}],\"inLanguage\":\"en-US\"},{\"@type\":\"Organization\",\"@id\":\"https:\\\/\\\/iacrianca.pt\\\/en\\\/#organization\",\"name\":\"Instituto de Apoio \u00e0 Crian\u00e7a\",\"url\":\"https:\\\/\\\/iacrianca.pt\\\/en\\\/\",\"logo\":{\"@type\":\"ImageObject\",\"inLanguage\":\"en-US\",\"@id\":\"https:\\\/\\\/iacrianca.pt\\\/en\\\/#\\\/schema\\\/logo\\\/image\\\/\",\"url\":\"https:\\\/\\\/iacrianca.pt\\\/wp-content\\\/uploads\\\/2020\\\/04\\\/logo-iac-SD.jpg\",\"contentUrl\":\"https:\\\/\\\/iacrianca.pt\\\/wp-content\\\/uploads\\\/2020\\\/04\\\/logo-iac-SD.jpg\",\"width\":152,\"height\":73,\"caption\":\"Instituto de Apoio \u00e0 Crian\u00e7a\"},\"image\":{\"@id\":\"https:\\\/\\\/iacrianca.pt\\\/en\\\/#\\\/schema\\\/logo\\\/image\\\/\"},\"sameAs\":[\"https:\\\/\\\/www.facebook.com\\\/iacinstitutodeapoioacrianca\",\"https:\\\/\\\/x.com\\\/iacapoiocrianca\",\"https:\\\/\\\/www.youtube.com\\\/channel\\\/UC0jjfZ_xkN_59gJf_RQ-ZnQ\",\"https:\\\/\\\/www.linkedin.com\\\/company\\\/instituto-de-apoio--criana\\\/\",\"https:\\\/\\\/www.instagram.com\\\/iacinstitutodeapoioacrianca\\\/\",\"https:\\\/\\\/criancasatortoeadireitos.wordpress.com\\\/\"]},{\"@type\":\"Person\",\"@id\":\"https:\\\/\\\/iacrianca.pt\\\/en\\\/#\\\/schema\\\/person\\\/1c48c6e4b70d0dc7360e4b28ceaa5f6b\",\"name\":\"Administra\u00e7\u00e3o IAC\",\"image\":{\"@type\":\"ImageObject\",\"inLanguage\":\"en-US\",\"@id\":\"https:\\\/\\\/secure.gravatar.com\\\/avatar\\\/60b998c71de37dcc1398fc6d48c6b5ed7533e3ceec837c948055f072e3158ff1?s=96&d=mm&r=g\",\"url\":\"https:\\\/\\\/secure.gravatar.com\\\/avatar\\\/60b998c71de37dcc1398fc6d48c6b5ed7533e3ceec837c948055f072e3158ff1?s=96&d=mm&r=g\",\"contentUrl\":\"https:\\\/\\\/secure.gravatar.com\\\/avatar\\\/60b998c71de37dcc1398fc6d48c6b5ed7533e3ceec837c948055f072e3158ff1?s=96&d=mm&r=g\",\"caption\":\"Administra\u00e7\u00e3o IAC\"}}]}<\/script>\n<!-- \/ Yoast SEO plugin. -->","yoast_head_json":{"title":"Mais do que um n\u00famero: 15 anos das linhas de apoio 116 000, para crian\u00e7as desaparecidas | Instituto de Apoio \u00e0 Crian\u00e7a","robots":{"index":"index","follow":"follow","max-snippet":"max-snippet:-1","max-image-preview":"max-image-preview:large","max-video-preview":"max-video-preview:-1"},"canonical":"https:\/\/iacrianca.pt\/en\/2022\/02\/mais-do-que-um-numero-15-anos-das-linhas-de-apoio-116-000-para-criancas-desaparecidas\/","og_locale":"en_US","og_type":"article","og_title":"Mais do que um n\u00famero: 15 anos das linhas de apoio 116 000, para crian\u00e7as desaparecidas | Instituto de Apoio \u00e0 Crian\u00e7a","og_description":"A 15 de fevereiro, a Missing Children Europe assinala o 15\u00ba anivers\u00e1rio das linhas telef\u00f3nicas 116\u202f000, que visam fornecer um servi\u00e7o gratuito, 24 horas por dia, 7 dias por semana, \u00e0s crian\u00e7as\/jovens que desaparecem e \u00e0s suas fam\u00edlias. Desde o lan\u00e7amento do n\u00famero em 2007, as linhas de apoio em toda a Europa atenderam mais&hellip;","og_url":"https:\/\/iacrianca.pt\/en\/2022\/02\/mais-do-que-um-numero-15-anos-das-linhas-de-apoio-116-000-para-criancas-desaparecidas\/","og_site_name":"Instituto de Apoio \u00e0 Crian\u00e7a","article_publisher":"https:\/\/www.facebook.com\/iacinstitutodeapoioacrianca","article_published_time":"2022-02-14T11:10:21+00:00","article_modified_time":"2022-02-18T12:01:11+00:00","og_image":[{"width":1024,"height":2560,"url":"https:\/\/iacrianca.pt\/wp-content\/uploads\/116000-scaled.jpg","type":"image\/jpeg"}],"author":"Administra\u00e7\u00e3o IAC","twitter_card":"summary_large_image","twitter_creator":"@iacapoiocrianca","twitter_site":"@iacapoiocrianca","twitter_misc":{"Written by":"Administra\u00e7\u00e3o IAC","Est. reading time":"4 minutes"},"schema":{"@context":"https:\/\/schema.org","@graph":[{"@type":"Article","@id":"https:\/\/iacrianca.pt\/en\/2022\/02\/mais-do-que-um-numero-15-anos-das-linhas-de-apoio-116-000-para-criancas-desaparecidas\/#article","isPartOf":{"@id":"https:\/\/iacrianca.pt\/en\/2022\/02\/mais-do-que-um-numero-15-anos-das-linhas-de-apoio-116-000-para-criancas-desaparecidas\/"},"author":{"name":"Administra\u00e7\u00e3o IAC","@id":"https:\/\/iacrianca.pt\/en\/#\/schema\/person\/1c48c6e4b70d0dc7360e4b28ceaa5f6b"},"headline":"Mais do que um n\u00famero: 15 anos das linhas de apoio 116 000, para crian\u00e7as desaparecidas","datePublished":"2022-02-14T11:10:21+00:00","dateModified":"2022-02-18T12:01:11+00:00","mainEntityOfPage":{"@id":"https:\/\/iacrianca.pt\/en\/2022\/02\/mais-do-que-um-numero-15-anos-das-linhas-de-apoio-116-000-para-criancas-desaparecidas\/"},"wordCount":595,"publisher":{"@id":"https:\/\/iacrianca.pt\/en\/#organization"},"image":{"@id":"https:\/\/iacrianca.pt\/en\/2022\/02\/mais-do-que-um-numero-15-anos-das-linhas-de-apoio-116-000-para-criancas-desaparecidas\/#primaryimage"},"thumbnailUrl":"https:\/\/iacrianca.pt\/wp-content\/uploads\/116000-scaled.jpg","articleSection":["Not\u00edcias"],"inLanguage":"en-US"},{"@type":"WebPage","@id":"https:\/\/iacrianca.pt\/en\/2022\/02\/mais-do-que-um-numero-15-anos-das-linhas-de-apoio-116-000-para-criancas-desaparecidas\/","url":"https:\/\/iacrianca.pt\/en\/2022\/02\/mais-do-que-um-numero-15-anos-das-linhas-de-apoio-116-000-para-criancas-desaparecidas\/","name":"Mais do que um n\u00famero: 15 anos das linhas de apoio 116 000, para crian\u00e7as desaparecidas | Instituto de Apoio \u00e0 Crian\u00e7a","isPartOf":{"@id":"https:\/\/iacrianca.pt\/en\/#website"},"primaryImageOfPage":{"@id":"https:\/\/iacrianca.pt\/en\/2022\/02\/mais-do-que-um-numero-15-anos-das-linhas-de-apoio-116-000-para-criancas-desaparecidas\/#primaryimage"},"image":{"@id":"https:\/\/iacrianca.pt\/en\/2022\/02\/mais-do-que-um-numero-15-anos-das-linhas-de-apoio-116-000-para-criancas-desaparecidas\/#primaryimage"},"thumbnailUrl":"https:\/\/iacrianca.pt\/wp-content\/uploads\/116000-scaled.jpg","datePublished":"2022-02-14T11:10:21+00:00","dateModified":"2022-02-18T12:01:11+00:00","breadcrumb":{"@id":"https:\/\/iacrianca.pt\/en\/2022\/02\/mais-do-que-um-numero-15-anos-das-linhas-de-apoio-116-000-para-criancas-desaparecidas\/#breadcrumb"},"inLanguage":"en-US","potentialAction":[{"@type":"ReadAction","target":["https:\/\/iacrianca.pt\/en\/2022\/02\/mais-do-que-um-numero-15-anos-das-linhas-de-apoio-116-000-para-criancas-desaparecidas\/"]}]},{"@type":"ImageObject","inLanguage":"en-US","@id":"https:\/\/iacrianca.pt\/en\/2022\/02\/mais-do-que-um-numero-15-anos-das-linhas-de-apoio-116-000-para-criancas-desaparecidas\/#primaryimage","url":"https:\/\/iacrianca.pt\/wp-content\/uploads\/116000-scaled.jpg","contentUrl":"https:\/\/iacrianca.pt\/wp-content\/uploads\/116000-scaled.jpg","width":1024,"height":2560},{"@type":"BreadcrumbList","@id":"https:\/\/iacrianca.pt\/en\/2022\/02\/mais-do-que-um-numero-15-anos-das-linhas-de-apoio-116-000-para-criancas-desaparecidas\/#breadcrumb","itemListElement":[{"@type":"ListItem","position":1,"name":"In\u00edcio","item":"https:\/\/iacrianca.pt\/en\/"},{"@type":"ListItem","position":2,"name":"Mais do que um n\u00famero: 15 anos das linhas de apoio 116 000, para crian\u00e7as desaparecidas"}]},{"@type":"WebSite","@id":"https:\/\/iacrianca.pt\/en\/#website","url":"https:\/\/iacrianca.pt\/en\/","name":"Instituto de Apoio \u00e0 Crian\u00e7a","description":"Desde 1983 na defesa e promo\u00e7\u00e3o dos direitos da crian\u00e7a","publisher":{"@id":"https:\/\/iacrianca.pt\/en\/#organization"},"potentialAction":[{"@type":"SearchAction","target":{"@type":"EntryPoint","urlTemplate":"https:\/\/iacrianca.pt\/en\/?s={search_term_string}"},"query-input":{"@type":"PropertyValueSpecification","valueRequired":true,"valueName":"search_term_string"}}],"inLanguage":"en-US"},{"@type":"Organization","@id":"https:\/\/iacrianca.pt\/en\/#organization","name":"Instituto de Apoio \u00e0 Crian\u00e7a","url":"https:\/\/iacrianca.pt\/en\/","logo":{"@type":"ImageObject","inLanguage":"en-US","@id":"https:\/\/iacrianca.pt\/en\/#\/schema\/logo\/image\/","url":"https:\/\/iacrianca.pt\/wp-content\/uploads\/2020\/04\/logo-iac-SD.jpg","contentUrl":"https:\/\/iacrianca.pt\/wp-content\/uploads\/2020\/04\/logo-iac-SD.jpg","width":152,"height":73,"caption":"Instituto de Apoio \u00e0 Crian\u00e7a"},"image":{"@id":"https:\/\/iacrianca.pt\/en\/#\/schema\/logo\/image\/"},"sameAs":["https:\/\/www.facebook.com\/iacinstitutodeapoioacrianca","https:\/\/x.com\/iacapoiocrianca","https:\/\/www.youtube.com\/channel\/UC0jjfZ_xkN_59gJf_RQ-ZnQ","https:\/\/www.linkedin.com\/company\/instituto-de-apoio--criana\/","https:\/\/www.instagram.com\/iacinstitutodeapoioacrianca\/","https:\/\/criancasatortoeadireitos.wordpress.com\/"]},{"@type":"Person","@id":"https:\/\/iacrianca.pt\/en\/#\/schema\/person\/1c48c6e4b70d0dc7360e4b28ceaa5f6b","name":"Administra\u00e7\u00e3o IAC","image":{"@type":"ImageObject","inLanguage":"en-US","@id":"https:\/\/secure.gravatar.com\/avatar\/60b998c71de37dcc1398fc6d48c6b5ed7533e3ceec837c948055f072e3158ff1?s=96&d=mm&r=g","url":"https:\/\/secure.gravatar.com\/avatar\/60b998c71de37dcc1398fc6d48c6b5ed7533e3ceec837c948055f072e3158ff1?s=96&d=mm&r=g","contentUrl":"https:\/\/secure.gravatar.com\/avatar\/60b998c71de37dcc1398fc6d48c6b5ed7533e3ceec837c948055f072e3158ff1?s=96&d=mm&r=g","caption":"Administra\u00e7\u00e3o IAC"}}]}},"_links":{"self":[{"href":"https:\/\/iacrianca.pt\/en\/wp-json\/wp\/v2\/posts\/11679","targetHints":{"allow":["GET"]}}],"collection":[{"href":"https:\/\/iacrianca.pt\/en\/wp-json\/wp\/v2\/posts"}],"about":[{"href":"https:\/\/iacrianca.pt\/en\/wp-json\/wp\/v2\/types\/post"}],"author":[{"embeddable":true,"href":"https:\/\/iacrianca.pt\/en\/wp-json\/wp\/v2\/users\/2"}],"replies":[{"embeddable":true,"href":"https:\/\/iacrianca.pt\/en\/wp-json\/wp\/v2\/comments?post=11679"}],"version-history":[{"count":0,"href":"https:\/\/iacrianca.pt\/en\/wp-json\/wp\/v2\/posts\/11679\/revisions"}],"wp:featuredmedia":[{"embeddable":true,"href":"https:\/\/iacrianca.pt\/en\/wp-json\/wp\/v2\/media\/11685"}],"wp:attachment":[{"href":"https:\/\/iacrianca.pt\/en\/wp-json\/wp\/v2\/media?parent=11679"}],"wp:term":[{"taxonomy":"category","embeddable":true,"href":"https:\/\/iacrianca.pt\/en\/wp-json\/wp\/v2\/categories?post=11679"},{"taxonomy":"post_tag","embeddable":true,"href":"https:\/\/iacrianca.pt\/en\/wp-json\/wp\/v2\/tags?post=11679"}],"curies":[{"name":"wp","href":"https:\/\/api.w.org\/{rel}","templated":true}]}}