{"id":12083,"date":"2022-03-07T15:28:09","date_gmt":"2022-03-07T15:28:09","guid":{"rendered":"https:\/\/iacrianca.pt\/?p=12083"},"modified":"2022-03-11T10:21:27","modified_gmt":"2022-03-11T10:21:27","slug":"fevereiro-em-acao","status":"publish","type":"post","link":"https:\/\/iacrianca.pt\/en\/2022\/03\/fevereiro-em-acao\/","title":{"rendered":"Fevereiro em A\u00e7\u00e3o&#8230;"},"content":{"rendered":"<p>A equipa do CDIJ, no \u00e2mbito da sua interven\u00e7\u00e3o em contexto de rua, est\u00e1 a estabelecer novamente a articula\u00e7\u00e3o com as entidades que privilegiam o trabalho junto das pessoas em situa\u00e7\u00e3o de sem abrigo, no sentido identificar crian\u00e7as e jovens em risco e em perigo.<\/p>\n<p>Nesta perspetiva, decorreu uma reuni\u00e3o com a equipa de Miss\u00e3o do Plano Municipal para a Pessoa em Situa\u00e7\u00e3o de Sem-Abrigo 2019\/2023, da C\u00e2mara Municipal de Lisboa, que possibilitou a divulga\u00e7\u00e3o do nosso trabalho e a defini\u00e7\u00e3o de estrat\u00e9gias conjuntas de atua\u00e7\u00e3o. Em suma, a articula\u00e7\u00e3o com esta equipa permite agilizar esfor\u00e7os num melhor diagn\u00f3stico, futuras sinaliza\u00e7\u00f5es e acompanhamentos.<\/p>\n<p>As fam\u00edlias tiveram a oportunidade de desfrutar de uma visita ao Pavilh\u00e3o do Conhecimento. Esta teve como objetivo proporcionar um momento l\u00fadico, de aprendizagem e conv\u00edvio entre todos, bem como promover a aproxima\u00e7\u00e3o a espa\u00e7os culturais.<\/p>\n<p>Ao n\u00edvel da nossa interven\u00e7\u00e3o com os jovens, retom\u00e1mos os interc\u00e2mbios presenciais, no \u00e2mbito da Rede Juvenil, o que possibilitou o t\u00e3o desejado reencontro. No per\u00edodo da tarde os jovens puderam tamb\u00e9m usufruir de um momento de cinema numa teia de aventuras, onde os her\u00f3is, mais uma vez, superam as dificuldades com ousadia e determina\u00e7\u00e3o em prol do bem.<\/p>\n<p><img fetchpriority=\"high\" decoding=\"async\" class=\"alignnone wp-image-12084 size-full\" src=\"https:\/\/iacrianca.pt\/wp-content\/uploads\/pavilhao-do-conhecimento.jpg\" alt=\"\" width=\"918\" height=\"1632\" srcset=\"https:\/\/iacrianca.pt\/wp-content\/uploads\/pavilhao-do-conhecimento.jpg 918w, https:\/\/iacrianca.pt\/wp-content\/uploads\/pavilhao-do-conhecimento-169x300.jpg 169w, https:\/\/iacrianca.pt\/wp-content\/uploads\/pavilhao-do-conhecimento-576x1024.jpg 576w, https:\/\/iacrianca.pt\/wp-content\/uploads\/pavilhao-do-conhecimento-768x1365.jpg 768w, https:\/\/iacrianca.pt\/wp-content\/uploads\/pavilhao-do-conhecimento-864x1536.jpg 864w\" sizes=\"(max-width: 918px) 100vw, 918px\" \/><\/p>\n<p>&nbsp;<\/p>\n<p>&nbsp;<\/p>\n","protected":false},"excerpt":{"rendered":"<p>A equipa do CDIJ, no \u00e2mbito da sua interven\u00e7\u00e3o em contexto de rua, est\u00e1 a estabelecer novamente a articula\u00e7\u00e3o com as entidades que privilegiam o trabalho junto das pessoas em situa\u00e7\u00e3o de sem abrigo, no sentido identificar crian\u00e7as e jovens em risco e em perigo. Nesta perspetiva, decorreu uma reuni\u00e3o com a equipa de Miss\u00e3o&hellip;<\/p>\n","protected":false},"author":2,"featured_media":12086,"comment_status":"open","ping_status":"open","sticky":false,"template":"","format":"standard","meta":{"_acf_changed":false,"footnotes":""},"categories":[63],"tags":[],"class_list":["post-12083","post","type-post","status-publish","format-standard","has-post-thumbnail","hentry","category-newsletter","category-63","description-off"],"acf":[],"yoast_head":"<!-- This site is optimized with the Yoast SEO plugin v27.4 - https:\/\/yoast.com\/product\/yoast-seo-wordpress\/ -->\n<title>Fevereiro em A\u00e7\u00e3o... | Instituto de Apoio \u00e0 Crian\u00e7a<\/title>\n<meta name=\"robots\" content=\"index, follow, max-snippet:-1, max-image-preview:large, max-video-preview:-1\" \/>\n<link rel=\"canonical\" href=\"https:\/\/iacrianca.pt\/en\/2022\/03\/fevereiro-em-acao\/\" \/>\n<meta property=\"og:locale\" content=\"en_US\" \/>\n<meta property=\"og:type\" content=\"article\" \/>\n<meta property=\"og:title\" content=\"Fevereiro em A\u00e7\u00e3o... | Instituto de Apoio \u00e0 Crian\u00e7a\" \/>\n<meta property=\"og:description\" content=\"A equipa do CDIJ, no \u00e2mbito da sua interven\u00e7\u00e3o em contexto de rua, est\u00e1 a estabelecer novamente a articula\u00e7\u00e3o com as entidades que privilegiam o trabalho junto das pessoas em situa\u00e7\u00e3o de sem abrigo, no sentido identificar crian\u00e7as e jovens em risco e em perigo. Nesta perspetiva, decorreu uma reuni\u00e3o com a equipa de Miss\u00e3o&hellip;\" \/>\n<meta property=\"og:url\" content=\"https:\/\/iacrianca.pt\/en\/2022\/03\/fevereiro-em-acao\/\" \/>\n<meta property=\"og:site_name\" content=\"Instituto de Apoio \u00e0 Crian\u00e7a\" \/>\n<meta property=\"article:publisher\" content=\"https:\/\/www.facebook.com\/iacinstitutodeapoioacrianca\" \/>\n<meta property=\"article:published_time\" content=\"2022-03-07T15:28:09+00:00\" \/>\n<meta property=\"article:modified_time\" content=\"2022-03-11T10:21:27+00:00\" \/>\n<meta property=\"og:image\" content=\"https:\/\/iacrianca.pt\/wp-content\/uploads\/O-reencontro.jpg\" \/>\n\t<meta property=\"og:image:width\" content=\"2016\" \/>\n\t<meta property=\"og:image:height\" content=\"1512\" \/>\n\t<meta property=\"og:image:type\" content=\"image\/jpeg\" \/>\n<meta name=\"author\" content=\"Administra\u00e7\u00e3o IAC\" \/>\n<meta name=\"twitter:card\" content=\"summary_large_image\" \/>\n<meta name=\"twitter:creator\" content=\"@iacapoiocrianca\" \/>\n<meta name=\"twitter:site\" content=\"@iacapoiocrianca\" \/>\n<meta name=\"twitter:label1\" content=\"Written by\" \/>\n\t<meta name=\"twitter:data1\" content=\"Administra\u00e7\u00e3o IAC\" \/>\n\t<meta name=\"twitter:label2\" content=\"Est. reading time\" \/>\n\t<meta name=\"twitter:data2\" content=\"2 minutes\" \/>\n<script type=\"application\/ld+json\" class=\"yoast-schema-graph\">{\"@context\":\"https:\\\/\\\/schema.org\",\"@graph\":[{\"@type\":\"Article\",\"@id\":\"https:\\\/\\\/iacrianca.pt\\\/en\\\/2022\\\/03\\\/fevereiro-em-acao\\\/#article\",\"isPartOf\":{\"@id\":\"https:\\\/\\\/iacrianca.pt\\\/en\\\/2022\\\/03\\\/fevereiro-em-acao\\\/\"},\"author\":{\"name\":\"Administra\u00e7\u00e3o IAC\",\"@id\":\"https:\\\/\\\/iacrianca.pt\\\/en\\\/#\\\/schema\\\/person\\\/1c48c6e4b70d0dc7360e4b28ceaa5f6b\"},\"headline\":\"Fevereiro em A\u00e7\u00e3o&#8230;\",\"datePublished\":\"2022-03-07T15:28:09+00:00\",\"dateModified\":\"2022-03-11T10:21:27+00:00\",\"mainEntityOfPage\":{\"@id\":\"https:\\\/\\\/iacrianca.pt\\\/en\\\/2022\\\/03\\\/fevereiro-em-acao\\\/\"},\"wordCount\":234,\"commentCount\":0,\"publisher\":{\"@id\":\"https:\\\/\\\/iacrianca.pt\\\/en\\\/#organization\"},\"image\":{\"@id\":\"https:\\\/\\\/iacrianca.pt\\\/en\\\/2022\\\/03\\\/fevereiro-em-acao\\\/#primaryimage\"},\"thumbnailUrl\":\"https:\\\/\\\/iacrianca.pt\\\/wp-content\\\/uploads\\\/O-reencontro.jpg\",\"articleSection\":[\"Newsletter\"],\"inLanguage\":\"en-US\",\"potentialAction\":[{\"@type\":\"CommentAction\",\"name\":\"Comment\",\"target\":[\"https:\\\/\\\/iacrianca.pt\\\/en\\\/2022\\\/03\\\/fevereiro-em-acao\\\/#respond\"]}]},{\"@type\":\"WebPage\",\"@id\":\"https:\\\/\\\/iacrianca.pt\\\/en\\\/2022\\\/03\\\/fevereiro-em-acao\\\/\",\"url\":\"https:\\\/\\\/iacrianca.pt\\\/en\\\/2022\\\/03\\\/fevereiro-em-acao\\\/\",\"name\":\"Fevereiro em A\u00e7\u00e3o... | Instituto de Apoio \u00e0 Crian\u00e7a\",\"isPartOf\":{\"@id\":\"https:\\\/\\\/iacrianca.pt\\\/en\\\/#website\"},\"primaryImageOfPage\":{\"@id\":\"https:\\\/\\\/iacrianca.pt\\\/en\\\/2022\\\/03\\\/fevereiro-em-acao\\\/#primaryimage\"},\"image\":{\"@id\":\"https:\\\/\\\/iacrianca.pt\\\/en\\\/2022\\\/03\\\/fevereiro-em-acao\\\/#primaryimage\"},\"thumbnailUrl\":\"https:\\\/\\\/iacrianca.pt\\\/wp-content\\\/uploads\\\/O-reencontro.jpg\",\"datePublished\":\"2022-03-07T15:28:09+00:00\",\"dateModified\":\"2022-03-11T10:21:27+00:00\",\"breadcrumb\":{\"@id\":\"https:\\\/\\\/iacrianca.pt\\\/en\\\/2022\\\/03\\\/fevereiro-em-acao\\\/#breadcrumb\"},\"inLanguage\":\"en-US\",\"potentialAction\":[{\"@type\":\"ReadAction\",\"target\":[\"https:\\\/\\\/iacrianca.pt\\\/en\\\/2022\\\/03\\\/fevereiro-em-acao\\\/\"]}]},{\"@type\":\"ImageObject\",\"inLanguage\":\"en-US\",\"@id\":\"https:\\\/\\\/iacrianca.pt\\\/en\\\/2022\\\/03\\\/fevereiro-em-acao\\\/#primaryimage\",\"url\":\"https:\\\/\\\/iacrianca.pt\\\/wp-content\\\/uploads\\\/O-reencontro.jpg\",\"contentUrl\":\"https:\\\/\\\/iacrianca.pt\\\/wp-content\\\/uploads\\\/O-reencontro.jpg\",\"width\":2016,\"height\":1512},{\"@type\":\"BreadcrumbList\",\"@id\":\"https:\\\/\\\/iacrianca.pt\\\/en\\\/2022\\\/03\\\/fevereiro-em-acao\\\/#breadcrumb\",\"itemListElement\":[{\"@type\":\"ListItem\",\"position\":1,\"name\":\"In\u00edcio\",\"item\":\"https:\\\/\\\/iacrianca.pt\\\/en\\\/\"},{\"@type\":\"ListItem\",\"position\":2,\"name\":\"Fevereiro em A\u00e7\u00e3o&#8230;\"}]},{\"@type\":\"WebSite\",\"@id\":\"https:\\\/\\\/iacrianca.pt\\\/en\\\/#website\",\"url\":\"https:\\\/\\\/iacrianca.pt\\\/en\\\/\",\"name\":\"Instituto de Apoio \u00e0 Crian\u00e7a\",\"description\":\"Desde 1983 na defesa e promo\u00e7\u00e3o dos direitos da crian\u00e7a\",\"publisher\":{\"@id\":\"https:\\\/\\\/iacrianca.pt\\\/en\\\/#organization\"},\"potentialAction\":[{\"@type\":\"SearchAction\",\"target\":{\"@type\":\"EntryPoint\",\"urlTemplate\":\"https:\\\/\\\/iacrianca.pt\\\/en\\\/?s={search_term_string}\"},\"query-input\":{\"@type\":\"PropertyValueSpecification\",\"valueRequired\":true,\"valueName\":\"search_term_string\"}}],\"inLanguage\":\"en-US\"},{\"@type\":\"Organization\",\"@id\":\"https:\\\/\\\/iacrianca.pt\\\/en\\\/#organization\",\"name\":\"Instituto de Apoio \u00e0 Crian\u00e7a\",\"url\":\"https:\\\/\\\/iacrianca.pt\\\/en\\\/\",\"logo\":{\"@type\":\"ImageObject\",\"inLanguage\":\"en-US\",\"@id\":\"https:\\\/\\\/iacrianca.pt\\\/en\\\/#\\\/schema\\\/logo\\\/image\\\/\",\"url\":\"https:\\\/\\\/iacrianca.pt\\\/wp-content\\\/uploads\\\/2020\\\/04\\\/logo-iac-SD.jpg\",\"contentUrl\":\"https:\\\/\\\/iacrianca.pt\\\/wp-content\\\/uploads\\\/2020\\\/04\\\/logo-iac-SD.jpg\",\"width\":152,\"height\":73,\"caption\":\"Instituto de Apoio \u00e0 Crian\u00e7a\"},\"image\":{\"@id\":\"https:\\\/\\\/iacrianca.pt\\\/en\\\/#\\\/schema\\\/logo\\\/image\\\/\"},\"sameAs\":[\"https:\\\/\\\/www.facebook.com\\\/iacinstitutodeapoioacrianca\",\"https:\\\/\\\/x.com\\\/iacapoiocrianca\",\"https:\\\/\\\/www.youtube.com\\\/channel\\\/UC0jjfZ_xkN_59gJf_RQ-ZnQ\",\"https:\\\/\\\/www.linkedin.com\\\/company\\\/instituto-de-apoio--criana\\\/\",\"https:\\\/\\\/www.instagram.com\\\/iacinstitutodeapoioacrianca\\\/\",\"https:\\\/\\\/criancasatortoeadireitos.wordpress.com\\\/\"]},{\"@type\":\"Person\",\"@id\":\"https:\\\/\\\/iacrianca.pt\\\/en\\\/#\\\/schema\\\/person\\\/1c48c6e4b70d0dc7360e4b28ceaa5f6b\",\"name\":\"Administra\u00e7\u00e3o IAC\",\"image\":{\"@type\":\"ImageObject\",\"inLanguage\":\"en-US\",\"@id\":\"https:\\\/\\\/secure.gravatar.com\\\/avatar\\\/60b998c71de37dcc1398fc6d48c6b5ed7533e3ceec837c948055f072e3158ff1?s=96&d=mm&r=g\",\"url\":\"https:\\\/\\\/secure.gravatar.com\\\/avatar\\\/60b998c71de37dcc1398fc6d48c6b5ed7533e3ceec837c948055f072e3158ff1?s=96&d=mm&r=g\",\"contentUrl\":\"https:\\\/\\\/secure.gravatar.com\\\/avatar\\\/60b998c71de37dcc1398fc6d48c6b5ed7533e3ceec837c948055f072e3158ff1?s=96&d=mm&r=g\",\"caption\":\"Administra\u00e7\u00e3o IAC\"}}]}<\/script>\n<!-- \/ Yoast SEO plugin. -->","yoast_head_json":{"title":"Fevereiro em A\u00e7\u00e3o... | Instituto de Apoio \u00e0 Crian\u00e7a","robots":{"index":"index","follow":"follow","max-snippet":"max-snippet:-1","max-image-preview":"max-image-preview:large","max-video-preview":"max-video-preview:-1"},"canonical":"https:\/\/iacrianca.pt\/en\/2022\/03\/fevereiro-em-acao\/","og_locale":"en_US","og_type":"article","og_title":"Fevereiro em A\u00e7\u00e3o... | Instituto de Apoio \u00e0 Crian\u00e7a","og_description":"A equipa do CDIJ, no \u00e2mbito da sua interven\u00e7\u00e3o em contexto de rua, est\u00e1 a estabelecer novamente a articula\u00e7\u00e3o com as entidades que privilegiam o trabalho junto das pessoas em situa\u00e7\u00e3o de sem abrigo, no sentido identificar crian\u00e7as e jovens em risco e em perigo. Nesta perspetiva, decorreu uma reuni\u00e3o com a equipa de Miss\u00e3o&hellip;","og_url":"https:\/\/iacrianca.pt\/en\/2022\/03\/fevereiro-em-acao\/","og_site_name":"Instituto de Apoio \u00e0 Crian\u00e7a","article_publisher":"https:\/\/www.facebook.com\/iacinstitutodeapoioacrianca","article_published_time":"2022-03-07T15:28:09+00:00","article_modified_time":"2022-03-11T10:21:27+00:00","og_image":[{"width":2016,"height":1512,"url":"https:\/\/iacrianca.pt\/wp-content\/uploads\/O-reencontro.jpg","type":"image\/jpeg"}],"author":"Administra\u00e7\u00e3o IAC","twitter_card":"summary_large_image","twitter_creator":"@iacapoiocrianca","twitter_site":"@iacapoiocrianca","twitter_misc":{"Written by":"Administra\u00e7\u00e3o IAC","Est. reading time":"2 minutes"},"schema":{"@context":"https:\/\/schema.org","@graph":[{"@type":"Article","@id":"https:\/\/iacrianca.pt\/en\/2022\/03\/fevereiro-em-acao\/#article","isPartOf":{"@id":"https:\/\/iacrianca.pt\/en\/2022\/03\/fevereiro-em-acao\/"},"author":{"name":"Administra\u00e7\u00e3o IAC","@id":"https:\/\/iacrianca.pt\/en\/#\/schema\/person\/1c48c6e4b70d0dc7360e4b28ceaa5f6b"},"headline":"Fevereiro em A\u00e7\u00e3o&#8230;","datePublished":"2022-03-07T15:28:09+00:00","dateModified":"2022-03-11T10:21:27+00:00","mainEntityOfPage":{"@id":"https:\/\/iacrianca.pt\/en\/2022\/03\/fevereiro-em-acao\/"},"wordCount":234,"commentCount":0,"publisher":{"@id":"https:\/\/iacrianca.pt\/en\/#organization"},"image":{"@id":"https:\/\/iacrianca.pt\/en\/2022\/03\/fevereiro-em-acao\/#primaryimage"},"thumbnailUrl":"https:\/\/iacrianca.pt\/wp-content\/uploads\/O-reencontro.jpg","articleSection":["Newsletter"],"inLanguage":"en-US","potentialAction":[{"@type":"CommentAction","name":"Comment","target":["https:\/\/iacrianca.pt\/en\/2022\/03\/fevereiro-em-acao\/#respond"]}]},{"@type":"WebPage","@id":"https:\/\/iacrianca.pt\/en\/2022\/03\/fevereiro-em-acao\/","url":"https:\/\/iacrianca.pt\/en\/2022\/03\/fevereiro-em-acao\/","name":"Fevereiro em A\u00e7\u00e3o... | Instituto de Apoio \u00e0 Crian\u00e7a","isPartOf":{"@id":"https:\/\/iacrianca.pt\/en\/#website"},"primaryImageOfPage":{"@id":"https:\/\/iacrianca.pt\/en\/2022\/03\/fevereiro-em-acao\/#primaryimage"},"image":{"@id":"https:\/\/iacrianca.pt\/en\/2022\/03\/fevereiro-em-acao\/#primaryimage"},"thumbnailUrl":"https:\/\/iacrianca.pt\/wp-content\/uploads\/O-reencontro.jpg","datePublished":"2022-03-07T15:28:09+00:00","dateModified":"2022-03-11T10:21:27+00:00","breadcrumb":{"@id":"https:\/\/iacrianca.pt\/en\/2022\/03\/fevereiro-em-acao\/#breadcrumb"},"inLanguage":"en-US","potentialAction":[{"@type":"ReadAction","target":["https:\/\/iacrianca.pt\/en\/2022\/03\/fevereiro-em-acao\/"]}]},{"@type":"ImageObject","inLanguage":"en-US","@id":"https:\/\/iacrianca.pt\/en\/2022\/03\/fevereiro-em-acao\/#primaryimage","url":"https:\/\/iacrianca.pt\/wp-content\/uploads\/O-reencontro.jpg","contentUrl":"https:\/\/iacrianca.pt\/wp-content\/uploads\/O-reencontro.jpg","width":2016,"height":1512},{"@type":"BreadcrumbList","@id":"https:\/\/iacrianca.pt\/en\/2022\/03\/fevereiro-em-acao\/#breadcrumb","itemListElement":[{"@type":"ListItem","position":1,"name":"In\u00edcio","item":"https:\/\/iacrianca.pt\/en\/"},{"@type":"ListItem","position":2,"name":"Fevereiro em A\u00e7\u00e3o&#8230;"}]},{"@type":"WebSite","@id":"https:\/\/iacrianca.pt\/en\/#website","url":"https:\/\/iacrianca.pt\/en\/","name":"Instituto de Apoio \u00e0 Crian\u00e7a","description":"Desde 1983 na defesa e promo\u00e7\u00e3o dos direitos da crian\u00e7a","publisher":{"@id":"https:\/\/iacrianca.pt\/en\/#organization"},"potentialAction":[{"@type":"SearchAction","target":{"@type":"EntryPoint","urlTemplate":"https:\/\/iacrianca.pt\/en\/?s={search_term_string}"},"query-input":{"@type":"PropertyValueSpecification","valueRequired":true,"valueName":"search_term_string"}}],"inLanguage":"en-US"},{"@type":"Organization","@id":"https:\/\/iacrianca.pt\/en\/#organization","name":"Instituto de Apoio \u00e0 Crian\u00e7a","url":"https:\/\/iacrianca.pt\/en\/","logo":{"@type":"ImageObject","inLanguage":"en-US","@id":"https:\/\/iacrianca.pt\/en\/#\/schema\/logo\/image\/","url":"https:\/\/iacrianca.pt\/wp-content\/uploads\/2020\/04\/logo-iac-SD.jpg","contentUrl":"https:\/\/iacrianca.pt\/wp-content\/uploads\/2020\/04\/logo-iac-SD.jpg","width":152,"height":73,"caption":"Instituto de Apoio \u00e0 Crian\u00e7a"},"image":{"@id":"https:\/\/iacrianca.pt\/en\/#\/schema\/logo\/image\/"},"sameAs":["https:\/\/www.facebook.com\/iacinstitutodeapoioacrianca","https:\/\/x.com\/iacapoiocrianca","https:\/\/www.youtube.com\/channel\/UC0jjfZ_xkN_59gJf_RQ-ZnQ","https:\/\/www.linkedin.com\/company\/instituto-de-apoio--criana\/","https:\/\/www.instagram.com\/iacinstitutodeapoioacrianca\/","https:\/\/criancasatortoeadireitos.wordpress.com\/"]},{"@type":"Person","@id":"https:\/\/iacrianca.pt\/en\/#\/schema\/person\/1c48c6e4b70d0dc7360e4b28ceaa5f6b","name":"Administra\u00e7\u00e3o IAC","image":{"@type":"ImageObject","inLanguage":"en-US","@id":"https:\/\/secure.gravatar.com\/avatar\/60b998c71de37dcc1398fc6d48c6b5ed7533e3ceec837c948055f072e3158ff1?s=96&d=mm&r=g","url":"https:\/\/secure.gravatar.com\/avatar\/60b998c71de37dcc1398fc6d48c6b5ed7533e3ceec837c948055f072e3158ff1?s=96&d=mm&r=g","contentUrl":"https:\/\/secure.gravatar.com\/avatar\/60b998c71de37dcc1398fc6d48c6b5ed7533e3ceec837c948055f072e3158ff1?s=96&d=mm&r=g","caption":"Administra\u00e7\u00e3o IAC"}}]}},"_links":{"self":[{"href":"https:\/\/iacrianca.pt\/en\/wp-json\/wp\/v2\/posts\/12083","targetHints":{"allow":["GET"]}}],"collection":[{"href":"https:\/\/iacrianca.pt\/en\/wp-json\/wp\/v2\/posts"}],"about":[{"href":"https:\/\/iacrianca.pt\/en\/wp-json\/wp\/v2\/types\/post"}],"author":[{"embeddable":true,"href":"https:\/\/iacrianca.pt\/en\/wp-json\/wp\/v2\/users\/2"}],"replies":[{"embeddable":true,"href":"https:\/\/iacrianca.pt\/en\/wp-json\/wp\/v2\/comments?post=12083"}],"version-history":[{"count":0,"href":"https:\/\/iacrianca.pt\/en\/wp-json\/wp\/v2\/posts\/12083\/revisions"}],"wp:featuredmedia":[{"embeddable":true,"href":"https:\/\/iacrianca.pt\/en\/wp-json\/wp\/v2\/media\/12086"}],"wp:attachment":[{"href":"https:\/\/iacrianca.pt\/en\/wp-json\/wp\/v2\/media?parent=12083"}],"wp:term":[{"taxonomy":"category","embeddable":true,"href":"https:\/\/iacrianca.pt\/en\/wp-json\/wp\/v2\/categories?post=12083"},{"taxonomy":"post_tag","embeddable":true,"href":"https:\/\/iacrianca.pt\/en\/wp-json\/wp\/v2\/tags?post=12083"}],"curies":[{"name":"wp","href":"https:\/\/api.w.org\/{rel}","templated":true}]}}