{"id":12093,"date":"2022-03-08T15:46:23","date_gmt":"2022-03-08T15:46:23","guid":{"rendered":"https:\/\/iacrianca.pt\/?p=12093"},"modified":"2022-03-10T16:51:58","modified_gmt":"2022-03-10T16:51:58","slug":"projeto-iac-investir-atualizar-capacitar-capacitacao-tecnologica","status":"publish","type":"post","link":"https:\/\/iacrianca.pt\/en\/2022\/03\/projeto-iac-investir-atualizar-capacitar-capacitacao-tecnologica\/","title":{"rendered":"Projeto\u00a0&#8220;IAC &#8211; Investir, Atualizar, Capacitar&#8221; &#8211; capacita\u00e7\u00e3o tecnol\u00f3gica"},"content":{"rendered":"<div>\n<div>No \u00e2mbito do projeto &#8220;IAC &#8211; Investir, Atualizar, Capacitar&#8221;(1)\u00a0benefici\u00e1mos do apoio de formadores volunt\u00e1rios da Siemens, que ajudaram na componente de capacita\u00e7\u00e3o tecnol\u00f3gica\u00a0dos colaboradores\u00a0do IAC. \u00a0A participa\u00e7\u00e3o da Siemens concretizou-se num conjunto de 4 a\u00e7\u00f5es formativas que se realizaram entre o dia 7 e o dia 10 de fevereiro (10,5 horas no total), com o objetivo de potenciar uma utiliza\u00e7\u00e3o mais eficaz dos programas de que o IAC j\u00e1 disp\u00f5e para gest\u00e3o documental, comunicacional e colaborativa.<\/div>\n<div>Foram 4 dias de forma intensiva em que ganh\u00e1mos muito conhecimento e muita motiva\u00e7\u00e3o para explorar as ferramentas e contribuir para que a sua utiliza\u00e7\u00e3o se torne quotidiana e facilitadora das tarefas que cada um desempenha na organiza\u00e7\u00e3o.<\/div>\n<\/div>\n<div>Obrigado Siemens!<\/div>\n<div>\n<div>\n<div>\n<div><\/div>\n<div><span class=\"x_x_TextRun x_x_SCXW102728525 x_x_BCX0\" lang=\"PT-PT\"><span class=\"x_x_NormalTextRun x_x_Superscript x_x_SCXW102728525 x_x_BCX0\">1<\/span><\/span><span class=\"x_x_TextRun x_x_SCXW102728525 x_x_BCX0\" lang=\"PT-PT\"><span class=\"x_x_NormalTextRun x_x_SCXW102728525 x_x_BCX0\"> O financiamento pro<\/span><span class=\"x_x_NormalTextRun x_x_SCXW102728525 x_x_BCX0\">\u200b<\/span><span class=\"x_x_NormalTextRun x_x_SCXW102728525 x_x_BCX0\">v\u00e9m da Isl\u00e2ndia, Liechtenstein e Noruega atrav\u00e9s do Active\u00a0<\/span><span class=\"x_x_SpellingError x_x_SCXW102728525 x_x_BCX0\">Citizens<\/span><span class=\"x_x_NormalTextRun x_x_SCXW102728525 x_x_BCX0\">\u00a0<\/span><span class=\"x_x_SpellingError x_x_SCXW102728525 x_x_BCX0\">Fund<\/span><span class=\"x_x_NormalTextRun x_x_SCXW102728525 x_x_BCX0\">\/EEA\u00a0<\/span><span class=\"x_x_SpellingError x_x_SCXW102728525 x_x_BCX0\">Grants<\/span><span class=\"x_x_NormalTextRun x_x_SCXW102728525 x_x_BCX0\">.<\/span><\/span><\/div>\n<div><\/div>\n<\/div>\n<\/div>\n<\/div>\n<p><iframe title=\"Volunt\u00e1rios Siemens formam 60 colaboradores do IAC\" width=\"1200\" height=\"675\" src=\"https:\/\/www.youtube.com\/embed\/FeH38fcczFc?feature=oembed&#038;enablejsapi=1&#038;origin=https:\/\/iacrianca.pt\" frameborder=\"0\" allow=\"accelerometer; autoplay; clipboard-write; encrypted-media; gyroscope; picture-in-picture\" allowfullscreen><\/iframe><\/p>\n<p>&nbsp;<\/p>\n<p>&nbsp;<\/p>\n","protected":false},"excerpt":{"rendered":"<p>No \u00e2mbito do projeto &#8220;IAC &#8211; Investir, Atualizar, Capacitar&#8221;(1)\u00a0benefici\u00e1mos do apoio de formadores volunt\u00e1rios da Siemens, que ajudaram na componente de capacita\u00e7\u00e3o tecnol\u00f3gica\u00a0dos colaboradores\u00a0do IAC. \u00a0A participa\u00e7\u00e3o da Siemens concretizou-se num conjunto de 4 a\u00e7\u00f5es formativas que se realizaram entre o dia 7 e o dia 10 de fevereiro (10,5 horas no total), com o&hellip;<\/p>\n","protected":false},"author":2,"featured_media":12094,"comment_status":"open","ping_status":"open","sticky":false,"template":"","format":"standard","meta":{"_acf_changed":false,"footnotes":""},"categories":[63],"tags":[],"class_list":["post-12093","post","type-post","status-publish","format-standard","has-post-thumbnail","hentry","category-newsletter","category-63","description-off"],"acf":[],"yoast_head":"<!-- This site is optimized with the Yoast SEO plugin v27.5 - https:\/\/yoast.com\/product\/yoast-seo-wordpress\/ -->\n<title>Projeto\u00a0&quot;IAC - Investir, Atualizar, Capacitar&quot; - capacita\u00e7\u00e3o tecnol\u00f3gica | Instituto de Apoio \u00e0 Crian\u00e7a<\/title>\n<meta name=\"robots\" content=\"index, follow, max-snippet:-1, max-image-preview:large, max-video-preview:-1\" \/>\n<link rel=\"canonical\" href=\"https:\/\/iacrianca.pt\/en\/2022\/03\/projeto-iac-investir-atualizar-capacitar-capacitacao-tecnologica\/\" \/>\n<meta property=\"og:locale\" content=\"en_US\" \/>\n<meta property=\"og:type\" content=\"article\" \/>\n<meta property=\"og:title\" content=\"Projeto\u00a0&quot;IAC - Investir, Atualizar, Capacitar&quot; - capacita\u00e7\u00e3o tecnol\u00f3gica | Instituto de Apoio \u00e0 Crian\u00e7a\" \/>\n<meta property=\"og:description\" content=\"No \u00e2mbito do projeto &#8220;IAC &#8211; Investir, Atualizar, Capacitar&#8221;(1)\u00a0benefici\u00e1mos do apoio de formadores volunt\u00e1rios da Siemens, que ajudaram na componente de capacita\u00e7\u00e3o tecnol\u00f3gica\u00a0dos colaboradores\u00a0do IAC. \u00a0A participa\u00e7\u00e3o da Siemens concretizou-se num conjunto de 4 a\u00e7\u00f5es formativas que se realizaram entre o dia 7 e o dia 10 de fevereiro (10,5 horas no total), com o&hellip;\" \/>\n<meta property=\"og:url\" content=\"https:\/\/iacrianca.pt\/en\/2022\/03\/projeto-iac-investir-atualizar-capacitar-capacitacao-tecnologica\/\" \/>\n<meta property=\"og:site_name\" content=\"Instituto de Apoio \u00e0 Crian\u00e7a\" \/>\n<meta property=\"article:publisher\" content=\"https:\/\/www.facebook.com\/iacinstitutodeapoioacrianca\" \/>\n<meta property=\"article:published_time\" content=\"2022-03-08T15:46:23+00:00\" \/>\n<meta property=\"article:modified_time\" content=\"2022-03-10T16:51:58+00:00\" \/>\n<meta property=\"og:image\" content=\"https:\/\/iacrianca.pt\/wp-content\/uploads\/teams.png\" \/>\n\t<meta property=\"og:image:width\" content=\"1078\" \/>\n\t<meta property=\"og:image:height\" content=\"613\" \/>\n\t<meta property=\"og:image:type\" content=\"image\/png\" \/>\n<meta name=\"author\" content=\"Administra\u00e7\u00e3o IAC\" \/>\n<meta name=\"twitter:card\" content=\"summary_large_image\" \/>\n<meta name=\"twitter:creator\" content=\"@iacapoiocrianca\" \/>\n<meta name=\"twitter:site\" content=\"@iacapoiocrianca\" \/>\n<meta name=\"twitter:label1\" content=\"Written by\" \/>\n\t<meta name=\"twitter:data1\" content=\"Administra\u00e7\u00e3o IAC\" \/>\n\t<meta name=\"twitter:label2\" content=\"Est. reading time\" \/>\n\t<meta name=\"twitter:data2\" content=\"1 minute\" \/>\n<script type=\"application\/ld+json\" class=\"yoast-schema-graph\">{\"@context\":\"https:\\\/\\\/schema.org\",\"@graph\":[{\"@type\":\"Article\",\"@id\":\"https:\\\/\\\/iacrianca.pt\\\/en\\\/2022\\\/03\\\/projeto-iac-investir-atualizar-capacitar-capacitacao-tecnologica\\\/#article\",\"isPartOf\":{\"@id\":\"https:\\\/\\\/iacrianca.pt\\\/en\\\/2022\\\/03\\\/projeto-iac-investir-atualizar-capacitar-capacitacao-tecnologica\\\/\"},\"author\":{\"name\":\"Administra\u00e7\u00e3o IAC\",\"@id\":\"https:\\\/\\\/iacrianca.pt\\\/en\\\/#\\\/schema\\\/person\\\/1c48c6e4b70d0dc7360e4b28ceaa5f6b\"},\"headline\":\"Projeto\u00a0&#8220;IAC &#8211; Investir, Atualizar, Capacitar&#8221; &#8211; capacita\u00e7\u00e3o tecnol\u00f3gica\",\"datePublished\":\"2022-03-08T15:46:23+00:00\",\"dateModified\":\"2022-03-10T16:51:58+00:00\",\"mainEntityOfPage\":{\"@id\":\"https:\\\/\\\/iacrianca.pt\\\/en\\\/2022\\\/03\\\/projeto-iac-investir-atualizar-capacitar-capacitacao-tecnologica\\\/\"},\"wordCount\":169,\"commentCount\":0,\"publisher\":{\"@id\":\"https:\\\/\\\/iacrianca.pt\\\/en\\\/#organization\"},\"image\":{\"@id\":\"https:\\\/\\\/iacrianca.pt\\\/en\\\/2022\\\/03\\\/projeto-iac-investir-atualizar-capacitar-capacitacao-tecnologica\\\/#primaryimage\"},\"thumbnailUrl\":\"https:\\\/\\\/iacrianca.pt\\\/wp-content\\\/uploads\\\/teams.png\",\"articleSection\":[\"Newsletter\"],\"inLanguage\":\"en-US\",\"potentialAction\":[{\"@type\":\"CommentAction\",\"name\":\"Comment\",\"target\":[\"https:\\\/\\\/iacrianca.pt\\\/en\\\/2022\\\/03\\\/projeto-iac-investir-atualizar-capacitar-capacitacao-tecnologica\\\/#respond\"]}]},{\"@type\":\"WebPage\",\"@id\":\"https:\\\/\\\/iacrianca.pt\\\/en\\\/2022\\\/03\\\/projeto-iac-investir-atualizar-capacitar-capacitacao-tecnologica\\\/\",\"url\":\"https:\\\/\\\/iacrianca.pt\\\/en\\\/2022\\\/03\\\/projeto-iac-investir-atualizar-capacitar-capacitacao-tecnologica\\\/\",\"name\":\"Projeto\u00a0\\\"IAC - Investir, Atualizar, Capacitar\\\" - capacita\u00e7\u00e3o tecnol\u00f3gica | Instituto de Apoio \u00e0 Crian\u00e7a\",\"isPartOf\":{\"@id\":\"https:\\\/\\\/iacrianca.pt\\\/en\\\/#website\"},\"primaryImageOfPage\":{\"@id\":\"https:\\\/\\\/iacrianca.pt\\\/en\\\/2022\\\/03\\\/projeto-iac-investir-atualizar-capacitar-capacitacao-tecnologica\\\/#primaryimage\"},\"image\":{\"@id\":\"https:\\\/\\\/iacrianca.pt\\\/en\\\/2022\\\/03\\\/projeto-iac-investir-atualizar-capacitar-capacitacao-tecnologica\\\/#primaryimage\"},\"thumbnailUrl\":\"https:\\\/\\\/iacrianca.pt\\\/wp-content\\\/uploads\\\/teams.png\",\"datePublished\":\"2022-03-08T15:46:23+00:00\",\"dateModified\":\"2022-03-10T16:51:58+00:00\",\"breadcrumb\":{\"@id\":\"https:\\\/\\\/iacrianca.pt\\\/en\\\/2022\\\/03\\\/projeto-iac-investir-atualizar-capacitar-capacitacao-tecnologica\\\/#breadcrumb\"},\"inLanguage\":\"en-US\",\"potentialAction\":[{\"@type\":\"ReadAction\",\"target\":[\"https:\\\/\\\/iacrianca.pt\\\/en\\\/2022\\\/03\\\/projeto-iac-investir-atualizar-capacitar-capacitacao-tecnologica\\\/\"]}]},{\"@type\":\"ImageObject\",\"inLanguage\":\"en-US\",\"@id\":\"https:\\\/\\\/iacrianca.pt\\\/en\\\/2022\\\/03\\\/projeto-iac-investir-atualizar-capacitar-capacitacao-tecnologica\\\/#primaryimage\",\"url\":\"https:\\\/\\\/iacrianca.pt\\\/wp-content\\\/uploads\\\/teams.png\",\"contentUrl\":\"https:\\\/\\\/iacrianca.pt\\\/wp-content\\\/uploads\\\/teams.png\",\"width\":1078,\"height\":613},{\"@type\":\"BreadcrumbList\",\"@id\":\"https:\\\/\\\/iacrianca.pt\\\/en\\\/2022\\\/03\\\/projeto-iac-investir-atualizar-capacitar-capacitacao-tecnologica\\\/#breadcrumb\",\"itemListElement\":[{\"@type\":\"ListItem\",\"position\":1,\"name\":\"In\u00edcio\",\"item\":\"https:\\\/\\\/iacrianca.pt\\\/en\\\/\"},{\"@type\":\"ListItem\",\"position\":2,\"name\":\"Projeto\u00a0&#8220;IAC &#8211; Investir, Atualizar, Capacitar&#8221; &#8211; capacita\u00e7\u00e3o tecnol\u00f3gica\"}]},{\"@type\":\"WebSite\",\"@id\":\"https:\\\/\\\/iacrianca.pt\\\/en\\\/#website\",\"url\":\"https:\\\/\\\/iacrianca.pt\\\/en\\\/\",\"name\":\"Instituto de Apoio \u00e0 Crian\u00e7a\",\"description\":\"Desde 1983 na defesa e promo\u00e7\u00e3o dos direitos da crian\u00e7a\",\"publisher\":{\"@id\":\"https:\\\/\\\/iacrianca.pt\\\/en\\\/#organization\"},\"potentialAction\":[{\"@type\":\"SearchAction\",\"target\":{\"@type\":\"EntryPoint\",\"urlTemplate\":\"https:\\\/\\\/iacrianca.pt\\\/en\\\/?s={search_term_string}\"},\"query-input\":{\"@type\":\"PropertyValueSpecification\",\"valueRequired\":true,\"valueName\":\"search_term_string\"}}],\"inLanguage\":\"en-US\"},{\"@type\":\"Organization\",\"@id\":\"https:\\\/\\\/iacrianca.pt\\\/en\\\/#organization\",\"name\":\"Instituto de Apoio \u00e0 Crian\u00e7a\",\"url\":\"https:\\\/\\\/iacrianca.pt\\\/en\\\/\",\"logo\":{\"@type\":\"ImageObject\",\"inLanguage\":\"en-US\",\"@id\":\"https:\\\/\\\/iacrianca.pt\\\/en\\\/#\\\/schema\\\/logo\\\/image\\\/\",\"url\":\"https:\\\/\\\/iacrianca.pt\\\/wp-content\\\/uploads\\\/2020\\\/04\\\/logo-iac-SD.jpg\",\"contentUrl\":\"https:\\\/\\\/iacrianca.pt\\\/wp-content\\\/uploads\\\/2020\\\/04\\\/logo-iac-SD.jpg\",\"width\":152,\"height\":73,\"caption\":\"Instituto de Apoio \u00e0 Crian\u00e7a\"},\"image\":{\"@id\":\"https:\\\/\\\/iacrianca.pt\\\/en\\\/#\\\/schema\\\/logo\\\/image\\\/\"},\"sameAs\":[\"https:\\\/\\\/www.facebook.com\\\/iacinstitutodeapoioacrianca\",\"https:\\\/\\\/x.com\\\/iacapoiocrianca\",\"https:\\\/\\\/www.youtube.com\\\/channel\\\/UC0jjfZ_xkN_59gJf_RQ-ZnQ\",\"https:\\\/\\\/www.linkedin.com\\\/company\\\/instituto-de-apoio--criana\\\/\",\"https:\\\/\\\/www.instagram.com\\\/iacinstitutodeapoioacrianca\\\/\",\"https:\\\/\\\/criancasatortoeadireitos.wordpress.com\\\/\"]},{\"@type\":\"Person\",\"@id\":\"https:\\\/\\\/iacrianca.pt\\\/en\\\/#\\\/schema\\\/person\\\/1c48c6e4b70d0dc7360e4b28ceaa5f6b\",\"name\":\"Administra\u00e7\u00e3o IAC\",\"image\":{\"@type\":\"ImageObject\",\"inLanguage\":\"en-US\",\"@id\":\"https:\\\/\\\/secure.gravatar.com\\\/avatar\\\/60b998c71de37dcc1398fc6d48c6b5ed7533e3ceec837c948055f072e3158ff1?s=96&d=mm&r=g\",\"url\":\"https:\\\/\\\/secure.gravatar.com\\\/avatar\\\/60b998c71de37dcc1398fc6d48c6b5ed7533e3ceec837c948055f072e3158ff1?s=96&d=mm&r=g\",\"contentUrl\":\"https:\\\/\\\/secure.gravatar.com\\\/avatar\\\/60b998c71de37dcc1398fc6d48c6b5ed7533e3ceec837c948055f072e3158ff1?s=96&d=mm&r=g\",\"caption\":\"Administra\u00e7\u00e3o IAC\"}}]}<\/script>\n<!-- \/ Yoast SEO plugin. -->","yoast_head_json":{"title":"Projeto\u00a0\"IAC - Investir, Atualizar, Capacitar\" - capacita\u00e7\u00e3o tecnol\u00f3gica | Instituto de Apoio \u00e0 Crian\u00e7a","robots":{"index":"index","follow":"follow","max-snippet":"max-snippet:-1","max-image-preview":"max-image-preview:large","max-video-preview":"max-video-preview:-1"},"canonical":"https:\/\/iacrianca.pt\/en\/2022\/03\/projeto-iac-investir-atualizar-capacitar-capacitacao-tecnologica\/","og_locale":"en_US","og_type":"article","og_title":"Projeto\u00a0\"IAC - Investir, Atualizar, Capacitar\" - capacita\u00e7\u00e3o tecnol\u00f3gica | Instituto de Apoio \u00e0 Crian\u00e7a","og_description":"No \u00e2mbito do projeto &#8220;IAC &#8211; Investir, Atualizar, Capacitar&#8221;(1)\u00a0benefici\u00e1mos do apoio de formadores volunt\u00e1rios da Siemens, que ajudaram na componente de capacita\u00e7\u00e3o tecnol\u00f3gica\u00a0dos colaboradores\u00a0do IAC. \u00a0A participa\u00e7\u00e3o da Siemens concretizou-se num conjunto de 4 a\u00e7\u00f5es formativas que se realizaram entre o dia 7 e o dia 10 de fevereiro (10,5 horas no total), com o&hellip;","og_url":"https:\/\/iacrianca.pt\/en\/2022\/03\/projeto-iac-investir-atualizar-capacitar-capacitacao-tecnologica\/","og_site_name":"Instituto de Apoio \u00e0 Crian\u00e7a","article_publisher":"https:\/\/www.facebook.com\/iacinstitutodeapoioacrianca","article_published_time":"2022-03-08T15:46:23+00:00","article_modified_time":"2022-03-10T16:51:58+00:00","og_image":[{"width":1078,"height":613,"url":"https:\/\/iacrianca.pt\/wp-content\/uploads\/teams.png","type":"image\/png"}],"author":"Administra\u00e7\u00e3o IAC","twitter_card":"summary_large_image","twitter_creator":"@iacapoiocrianca","twitter_site":"@iacapoiocrianca","twitter_misc":{"Written by":"Administra\u00e7\u00e3o IAC","Est. reading time":"1 minute"},"schema":{"@context":"https:\/\/schema.org","@graph":[{"@type":"Article","@id":"https:\/\/iacrianca.pt\/en\/2022\/03\/projeto-iac-investir-atualizar-capacitar-capacitacao-tecnologica\/#article","isPartOf":{"@id":"https:\/\/iacrianca.pt\/en\/2022\/03\/projeto-iac-investir-atualizar-capacitar-capacitacao-tecnologica\/"},"author":{"name":"Administra\u00e7\u00e3o IAC","@id":"https:\/\/iacrianca.pt\/en\/#\/schema\/person\/1c48c6e4b70d0dc7360e4b28ceaa5f6b"},"headline":"Projeto\u00a0&#8220;IAC &#8211; Investir, Atualizar, Capacitar&#8221; &#8211; capacita\u00e7\u00e3o tecnol\u00f3gica","datePublished":"2022-03-08T15:46:23+00:00","dateModified":"2022-03-10T16:51:58+00:00","mainEntityOfPage":{"@id":"https:\/\/iacrianca.pt\/en\/2022\/03\/projeto-iac-investir-atualizar-capacitar-capacitacao-tecnologica\/"},"wordCount":169,"commentCount":0,"publisher":{"@id":"https:\/\/iacrianca.pt\/en\/#organization"},"image":{"@id":"https:\/\/iacrianca.pt\/en\/2022\/03\/projeto-iac-investir-atualizar-capacitar-capacitacao-tecnologica\/#primaryimage"},"thumbnailUrl":"https:\/\/iacrianca.pt\/wp-content\/uploads\/teams.png","articleSection":["Newsletter"],"inLanguage":"en-US","potentialAction":[{"@type":"CommentAction","name":"Comment","target":["https:\/\/iacrianca.pt\/en\/2022\/03\/projeto-iac-investir-atualizar-capacitar-capacitacao-tecnologica\/#respond"]}]},{"@type":"WebPage","@id":"https:\/\/iacrianca.pt\/en\/2022\/03\/projeto-iac-investir-atualizar-capacitar-capacitacao-tecnologica\/","url":"https:\/\/iacrianca.pt\/en\/2022\/03\/projeto-iac-investir-atualizar-capacitar-capacitacao-tecnologica\/","name":"Projeto\u00a0\"IAC - Investir, Atualizar, Capacitar\" - capacita\u00e7\u00e3o tecnol\u00f3gica | Instituto de Apoio \u00e0 Crian\u00e7a","isPartOf":{"@id":"https:\/\/iacrianca.pt\/en\/#website"},"primaryImageOfPage":{"@id":"https:\/\/iacrianca.pt\/en\/2022\/03\/projeto-iac-investir-atualizar-capacitar-capacitacao-tecnologica\/#primaryimage"},"image":{"@id":"https:\/\/iacrianca.pt\/en\/2022\/03\/projeto-iac-investir-atualizar-capacitar-capacitacao-tecnologica\/#primaryimage"},"thumbnailUrl":"https:\/\/iacrianca.pt\/wp-content\/uploads\/teams.png","datePublished":"2022-03-08T15:46:23+00:00","dateModified":"2022-03-10T16:51:58+00:00","breadcrumb":{"@id":"https:\/\/iacrianca.pt\/en\/2022\/03\/projeto-iac-investir-atualizar-capacitar-capacitacao-tecnologica\/#breadcrumb"},"inLanguage":"en-US","potentialAction":[{"@type":"ReadAction","target":["https:\/\/iacrianca.pt\/en\/2022\/03\/projeto-iac-investir-atualizar-capacitar-capacitacao-tecnologica\/"]}]},{"@type":"ImageObject","inLanguage":"en-US","@id":"https:\/\/iacrianca.pt\/en\/2022\/03\/projeto-iac-investir-atualizar-capacitar-capacitacao-tecnologica\/#primaryimage","url":"https:\/\/iacrianca.pt\/wp-content\/uploads\/teams.png","contentUrl":"https:\/\/iacrianca.pt\/wp-content\/uploads\/teams.png","width":1078,"height":613},{"@type":"BreadcrumbList","@id":"https:\/\/iacrianca.pt\/en\/2022\/03\/projeto-iac-investir-atualizar-capacitar-capacitacao-tecnologica\/#breadcrumb","itemListElement":[{"@type":"ListItem","position":1,"name":"In\u00edcio","item":"https:\/\/iacrianca.pt\/en\/"},{"@type":"ListItem","position":2,"name":"Projeto\u00a0&#8220;IAC &#8211; Investir, Atualizar, Capacitar&#8221; &#8211; capacita\u00e7\u00e3o tecnol\u00f3gica"}]},{"@type":"WebSite","@id":"https:\/\/iacrianca.pt\/en\/#website","url":"https:\/\/iacrianca.pt\/en\/","name":"Instituto de Apoio \u00e0 Crian\u00e7a","description":"Desde 1983 na defesa e promo\u00e7\u00e3o dos direitos da crian\u00e7a","publisher":{"@id":"https:\/\/iacrianca.pt\/en\/#organization"},"potentialAction":[{"@type":"SearchAction","target":{"@type":"EntryPoint","urlTemplate":"https:\/\/iacrianca.pt\/en\/?s={search_term_string}"},"query-input":{"@type":"PropertyValueSpecification","valueRequired":true,"valueName":"search_term_string"}}],"inLanguage":"en-US"},{"@type":"Organization","@id":"https:\/\/iacrianca.pt\/en\/#organization","name":"Instituto de Apoio \u00e0 Crian\u00e7a","url":"https:\/\/iacrianca.pt\/en\/","logo":{"@type":"ImageObject","inLanguage":"en-US","@id":"https:\/\/iacrianca.pt\/en\/#\/schema\/logo\/image\/","url":"https:\/\/iacrianca.pt\/wp-content\/uploads\/2020\/04\/logo-iac-SD.jpg","contentUrl":"https:\/\/iacrianca.pt\/wp-content\/uploads\/2020\/04\/logo-iac-SD.jpg","width":152,"height":73,"caption":"Instituto de Apoio \u00e0 Crian\u00e7a"},"image":{"@id":"https:\/\/iacrianca.pt\/en\/#\/schema\/logo\/image\/"},"sameAs":["https:\/\/www.facebook.com\/iacinstitutodeapoioacrianca","https:\/\/x.com\/iacapoiocrianca","https:\/\/www.youtube.com\/channel\/UC0jjfZ_xkN_59gJf_RQ-ZnQ","https:\/\/www.linkedin.com\/company\/instituto-de-apoio--criana\/","https:\/\/www.instagram.com\/iacinstitutodeapoioacrianca\/","https:\/\/criancasatortoeadireitos.wordpress.com\/"]},{"@type":"Person","@id":"https:\/\/iacrianca.pt\/en\/#\/schema\/person\/1c48c6e4b70d0dc7360e4b28ceaa5f6b","name":"Administra\u00e7\u00e3o IAC","image":{"@type":"ImageObject","inLanguage":"en-US","@id":"https:\/\/secure.gravatar.com\/avatar\/60b998c71de37dcc1398fc6d48c6b5ed7533e3ceec837c948055f072e3158ff1?s=96&d=mm&r=g","url":"https:\/\/secure.gravatar.com\/avatar\/60b998c71de37dcc1398fc6d48c6b5ed7533e3ceec837c948055f072e3158ff1?s=96&d=mm&r=g","contentUrl":"https:\/\/secure.gravatar.com\/avatar\/60b998c71de37dcc1398fc6d48c6b5ed7533e3ceec837c948055f072e3158ff1?s=96&d=mm&r=g","caption":"Administra\u00e7\u00e3o IAC"}}]}},"_links":{"self":[{"href":"https:\/\/iacrianca.pt\/en\/wp-json\/wp\/v2\/posts\/12093","targetHints":{"allow":["GET"]}}],"collection":[{"href":"https:\/\/iacrianca.pt\/en\/wp-json\/wp\/v2\/posts"}],"about":[{"href":"https:\/\/iacrianca.pt\/en\/wp-json\/wp\/v2\/types\/post"}],"author":[{"embeddable":true,"href":"https:\/\/iacrianca.pt\/en\/wp-json\/wp\/v2\/users\/2"}],"replies":[{"embeddable":true,"href":"https:\/\/iacrianca.pt\/en\/wp-json\/wp\/v2\/comments?post=12093"}],"version-history":[{"count":0,"href":"https:\/\/iacrianca.pt\/en\/wp-json\/wp\/v2\/posts\/12093\/revisions"}],"wp:featuredmedia":[{"embeddable":true,"href":"https:\/\/iacrianca.pt\/en\/wp-json\/wp\/v2\/media\/12094"}],"wp:attachment":[{"href":"https:\/\/iacrianca.pt\/en\/wp-json\/wp\/v2\/media?parent=12093"}],"wp:term":[{"taxonomy":"category","embeddable":true,"href":"https:\/\/iacrianca.pt\/en\/wp-json\/wp\/v2\/categories?post=12093"},{"taxonomy":"post_tag","embeddable":true,"href":"https:\/\/iacrianca.pt\/en\/wp-json\/wp\/v2\/tags?post=12093"}],"curies":[{"name":"wp","href":"https:\/\/api.w.org\/{rel}","templated":true}]}}