{"id":12133,"date":"2022-03-08T16:50:53","date_gmt":"2022-03-08T16:50:53","guid":{"rendered":"https:\/\/iacrianca.pt\/?p=12133"},"modified":"2022-03-11T10:13:59","modified_gmt":"2022-03-11T10:13:59","slug":"acao-de-sensibilizacao-sobre-cyberbullying-na-escola-basica-luiza-neto-jorge","status":"publish","type":"post","link":"https:\/\/iacrianca.pt\/en\/2022\/03\/acao-de-sensibilizacao-sobre-cyberbullying-na-escola-basica-luiza-neto-jorge\/","title":{"rendered":"A\u00e7\u00e3o de sensibiliza\u00e7\u00e3o sobre Cyberbullying na Escola B\u00e1sica Luiza Neto Jorge"},"content":{"rendered":"<p><span data-contrast=\"auto\">O impacto das novas tecnologias na rela\u00e7\u00e3o entre os jovens. De que forma devemos promover o bom uso da internet?<\/span><\/p>\n<p><span data-ccp-props=\"{}\">\u00a0<\/span><span data-contrast=\"auto\">A Escola B\u00e1sica Luiza Neto Jorge (Agrupamento Escolas D. Dinis) recebeu no passado dia 25 de fevereiro, uma sess\u00e3o dirigida aos alunos do 1\u00ba ciclo sobre cyberbullying. No decorrer da sess\u00e3o, Bruno Barros do Setor de Humaniza\u00e7\u00e3o do IAC, em conjunto com os alunos, abordou temas recorrentes sobre a viol\u00eancia on-line e os poss\u00edveis impactos na vida dos jovens. A presen\u00e7a on-line e respetivas ferramentas est\u00e3o cada vez mais presentes no nosso quotidiano, mas o bom uso das mesmas \u00e9 fulcral para um desenvolvimento saud\u00e1vel. No fim, abriu-se o debate sobre preven\u00e7\u00e3o on-line, do anonimato do agressor \u00e0 import\u00e2ncia da denuncia em contexto escolar e familiar.<\/span><span data-ccp-props=\"{}\">\u00a0<\/span><\/p>\n","protected":false},"excerpt":{"rendered":"<p>O impacto das novas tecnologias na rela\u00e7\u00e3o entre os jovens. De que forma devemos promover o bom uso da internet? \u00a0A Escola B\u00e1sica Luiza Neto Jorge (Agrupamento Escolas D. Dinis) recebeu no passado dia 25 de fevereiro, uma sess\u00e3o dirigida aos alunos do 1\u00ba ciclo sobre cyberbullying. No decorrer da sess\u00e3o, Bruno Barros do Setor&hellip;<\/p>\n","protected":false},"author":2,"featured_media":12134,"comment_status":"open","ping_status":"open","sticky":false,"template":"","format":"standard","meta":{"_acf_changed":false,"footnotes":""},"categories":[63],"tags":[],"class_list":["post-12133","post","type-post","status-publish","format-standard","has-post-thumbnail","hentry","category-newsletter","category-63","description-off"],"acf":[],"yoast_head":"<!-- This site is optimized with the Yoast SEO plugin v27.5 - https:\/\/yoast.com\/product\/yoast-seo-wordpress\/ -->\n<title>A\u00e7\u00e3o de sensibiliza\u00e7\u00e3o sobre Cyberbullying na Escola B\u00e1sica Luiza Neto Jorge | Instituto de Apoio \u00e0 Crian\u00e7a<\/title>\n<meta name=\"robots\" content=\"index, follow, max-snippet:-1, max-image-preview:large, max-video-preview:-1\" \/>\n<link rel=\"canonical\" href=\"https:\/\/iacrianca.pt\/en\/2022\/03\/acao-de-sensibilizacao-sobre-cyberbullying-na-escola-basica-luiza-neto-jorge\/\" \/>\n<meta property=\"og:locale\" content=\"en_US\" \/>\n<meta property=\"og:type\" content=\"article\" \/>\n<meta property=\"og:title\" content=\"A\u00e7\u00e3o de sensibiliza\u00e7\u00e3o sobre Cyberbullying na Escola B\u00e1sica Luiza Neto Jorge | Instituto de Apoio \u00e0 Crian\u00e7a\" \/>\n<meta property=\"og:description\" content=\"O impacto das novas tecnologias na rela\u00e7\u00e3o entre os jovens. De que forma devemos promover o bom uso da internet? \u00a0A Escola B\u00e1sica Luiza Neto Jorge (Agrupamento Escolas D. Dinis) recebeu no passado dia 25 de fevereiro, uma sess\u00e3o dirigida aos alunos do 1\u00ba ciclo sobre cyberbullying. No decorrer da sess\u00e3o, Bruno Barros do Setor&hellip;\" \/>\n<meta property=\"og:url\" content=\"https:\/\/iacrianca.pt\/en\/2022\/03\/acao-de-sensibilizacao-sobre-cyberbullying-na-escola-basica-luiza-neto-jorge\/\" \/>\n<meta property=\"og:site_name\" content=\"Instituto de Apoio \u00e0 Crian\u00e7a\" \/>\n<meta property=\"article:publisher\" content=\"https:\/\/www.facebook.com\/iacinstitutodeapoioacrianca\" \/>\n<meta property=\"article:published_time\" content=\"2022-03-08T16:50:53+00:00\" \/>\n<meta property=\"article:modified_time\" content=\"2022-03-11T10:13:59+00:00\" \/>\n<meta property=\"og:image\" content=\"https:\/\/iacrianca.pt\/wp-content\/uploads\/3barros.jpg\" \/>\n\t<meta property=\"og:image:width\" content=\"743\" \/>\n\t<meta property=\"og:image:height\" content=\"556\" \/>\n\t<meta property=\"og:image:type\" content=\"image\/jpeg\" \/>\n<meta name=\"author\" content=\"Administra\u00e7\u00e3o IAC\" \/>\n<meta name=\"twitter:card\" content=\"summary_large_image\" \/>\n<meta name=\"twitter:creator\" content=\"@iacapoiocrianca\" \/>\n<meta name=\"twitter:site\" content=\"@iacapoiocrianca\" \/>\n<meta name=\"twitter:label1\" content=\"Written by\" \/>\n\t<meta name=\"twitter:data1\" content=\"Administra\u00e7\u00e3o IAC\" \/>\n\t<meta name=\"twitter:label2\" content=\"Est. reading time\" \/>\n\t<meta name=\"twitter:data2\" content=\"1 minute\" \/>\n<script type=\"application\/ld+json\" class=\"yoast-schema-graph\">{\"@context\":\"https:\\\/\\\/schema.org\",\"@graph\":[{\"@type\":\"Article\",\"@id\":\"https:\\\/\\\/iacrianca.pt\\\/en\\\/2022\\\/03\\\/acao-de-sensibilizacao-sobre-cyberbullying-na-escola-basica-luiza-neto-jorge\\\/#article\",\"isPartOf\":{\"@id\":\"https:\\\/\\\/iacrianca.pt\\\/en\\\/2022\\\/03\\\/acao-de-sensibilizacao-sobre-cyberbullying-na-escola-basica-luiza-neto-jorge\\\/\"},\"author\":{\"name\":\"Administra\u00e7\u00e3o IAC\",\"@id\":\"https:\\\/\\\/iacrianca.pt\\\/en\\\/#\\\/schema\\\/person\\\/1c48c6e4b70d0dc7360e4b28ceaa5f6b\"},\"headline\":\"A\u00e7\u00e3o de sensibiliza\u00e7\u00e3o sobre Cyberbullying na Escola B\u00e1sica Luiza Neto Jorge\",\"datePublished\":\"2022-03-08T16:50:53+00:00\",\"dateModified\":\"2022-03-11T10:13:59+00:00\",\"mainEntityOfPage\":{\"@id\":\"https:\\\/\\\/iacrianca.pt\\\/en\\\/2022\\\/03\\\/acao-de-sensibilizacao-sobre-cyberbullying-na-escola-basica-luiza-neto-jorge\\\/\"},\"wordCount\":148,\"commentCount\":0,\"publisher\":{\"@id\":\"https:\\\/\\\/iacrianca.pt\\\/en\\\/#organization\"},\"image\":{\"@id\":\"https:\\\/\\\/iacrianca.pt\\\/en\\\/2022\\\/03\\\/acao-de-sensibilizacao-sobre-cyberbullying-na-escola-basica-luiza-neto-jorge\\\/#primaryimage\"},\"thumbnailUrl\":\"https:\\\/\\\/iacrianca.pt\\\/wp-content\\\/uploads\\\/3barros.jpg\",\"articleSection\":[\"Newsletter\"],\"inLanguage\":\"en-US\",\"potentialAction\":[{\"@type\":\"CommentAction\",\"name\":\"Comment\",\"target\":[\"https:\\\/\\\/iacrianca.pt\\\/en\\\/2022\\\/03\\\/acao-de-sensibilizacao-sobre-cyberbullying-na-escola-basica-luiza-neto-jorge\\\/#respond\"]}]},{\"@type\":\"WebPage\",\"@id\":\"https:\\\/\\\/iacrianca.pt\\\/en\\\/2022\\\/03\\\/acao-de-sensibilizacao-sobre-cyberbullying-na-escola-basica-luiza-neto-jorge\\\/\",\"url\":\"https:\\\/\\\/iacrianca.pt\\\/en\\\/2022\\\/03\\\/acao-de-sensibilizacao-sobre-cyberbullying-na-escola-basica-luiza-neto-jorge\\\/\",\"name\":\"A\u00e7\u00e3o de sensibiliza\u00e7\u00e3o sobre Cyberbullying na Escola B\u00e1sica Luiza Neto Jorge | Instituto de Apoio \u00e0 Crian\u00e7a\",\"isPartOf\":{\"@id\":\"https:\\\/\\\/iacrianca.pt\\\/en\\\/#website\"},\"primaryImageOfPage\":{\"@id\":\"https:\\\/\\\/iacrianca.pt\\\/en\\\/2022\\\/03\\\/acao-de-sensibilizacao-sobre-cyberbullying-na-escola-basica-luiza-neto-jorge\\\/#primaryimage\"},\"image\":{\"@id\":\"https:\\\/\\\/iacrianca.pt\\\/en\\\/2022\\\/03\\\/acao-de-sensibilizacao-sobre-cyberbullying-na-escola-basica-luiza-neto-jorge\\\/#primaryimage\"},\"thumbnailUrl\":\"https:\\\/\\\/iacrianca.pt\\\/wp-content\\\/uploads\\\/3barros.jpg\",\"datePublished\":\"2022-03-08T16:50:53+00:00\",\"dateModified\":\"2022-03-11T10:13:59+00:00\",\"breadcrumb\":{\"@id\":\"https:\\\/\\\/iacrianca.pt\\\/en\\\/2022\\\/03\\\/acao-de-sensibilizacao-sobre-cyberbullying-na-escola-basica-luiza-neto-jorge\\\/#breadcrumb\"},\"inLanguage\":\"en-US\",\"potentialAction\":[{\"@type\":\"ReadAction\",\"target\":[\"https:\\\/\\\/iacrianca.pt\\\/en\\\/2022\\\/03\\\/acao-de-sensibilizacao-sobre-cyberbullying-na-escola-basica-luiza-neto-jorge\\\/\"]}]},{\"@type\":\"ImageObject\",\"inLanguage\":\"en-US\",\"@id\":\"https:\\\/\\\/iacrianca.pt\\\/en\\\/2022\\\/03\\\/acao-de-sensibilizacao-sobre-cyberbullying-na-escola-basica-luiza-neto-jorge\\\/#primaryimage\",\"url\":\"https:\\\/\\\/iacrianca.pt\\\/wp-content\\\/uploads\\\/3barros.jpg\",\"contentUrl\":\"https:\\\/\\\/iacrianca.pt\\\/wp-content\\\/uploads\\\/3barros.jpg\",\"width\":743,\"height\":556},{\"@type\":\"BreadcrumbList\",\"@id\":\"https:\\\/\\\/iacrianca.pt\\\/en\\\/2022\\\/03\\\/acao-de-sensibilizacao-sobre-cyberbullying-na-escola-basica-luiza-neto-jorge\\\/#breadcrumb\",\"itemListElement\":[{\"@type\":\"ListItem\",\"position\":1,\"name\":\"In\u00edcio\",\"item\":\"https:\\\/\\\/iacrianca.pt\\\/en\\\/\"},{\"@type\":\"ListItem\",\"position\":2,\"name\":\"A\u00e7\u00e3o de sensibiliza\u00e7\u00e3o sobre Cyberbullying na Escola B\u00e1sica Luiza Neto Jorge\"}]},{\"@type\":\"WebSite\",\"@id\":\"https:\\\/\\\/iacrianca.pt\\\/en\\\/#website\",\"url\":\"https:\\\/\\\/iacrianca.pt\\\/en\\\/\",\"name\":\"Instituto de Apoio \u00e0 Crian\u00e7a\",\"description\":\"Desde 1983 na defesa e promo\u00e7\u00e3o dos direitos da crian\u00e7a\",\"publisher\":{\"@id\":\"https:\\\/\\\/iacrianca.pt\\\/en\\\/#organization\"},\"potentialAction\":[{\"@type\":\"SearchAction\",\"target\":{\"@type\":\"EntryPoint\",\"urlTemplate\":\"https:\\\/\\\/iacrianca.pt\\\/en\\\/?s={search_term_string}\"},\"query-input\":{\"@type\":\"PropertyValueSpecification\",\"valueRequired\":true,\"valueName\":\"search_term_string\"}}],\"inLanguage\":\"en-US\"},{\"@type\":\"Organization\",\"@id\":\"https:\\\/\\\/iacrianca.pt\\\/en\\\/#organization\",\"name\":\"Instituto de Apoio \u00e0 Crian\u00e7a\",\"url\":\"https:\\\/\\\/iacrianca.pt\\\/en\\\/\",\"logo\":{\"@type\":\"ImageObject\",\"inLanguage\":\"en-US\",\"@id\":\"https:\\\/\\\/iacrianca.pt\\\/en\\\/#\\\/schema\\\/logo\\\/image\\\/\",\"url\":\"https:\\\/\\\/iacrianca.pt\\\/wp-content\\\/uploads\\\/2020\\\/04\\\/logo-iac-SD.jpg\",\"contentUrl\":\"https:\\\/\\\/iacrianca.pt\\\/wp-content\\\/uploads\\\/2020\\\/04\\\/logo-iac-SD.jpg\",\"width\":152,\"height\":73,\"caption\":\"Instituto de Apoio \u00e0 Crian\u00e7a\"},\"image\":{\"@id\":\"https:\\\/\\\/iacrianca.pt\\\/en\\\/#\\\/schema\\\/logo\\\/image\\\/\"},\"sameAs\":[\"https:\\\/\\\/www.facebook.com\\\/iacinstitutodeapoioacrianca\",\"https:\\\/\\\/x.com\\\/iacapoiocrianca\",\"https:\\\/\\\/www.youtube.com\\\/channel\\\/UC0jjfZ_xkN_59gJf_RQ-ZnQ\",\"https:\\\/\\\/www.linkedin.com\\\/company\\\/instituto-de-apoio--criana\\\/\",\"https:\\\/\\\/www.instagram.com\\\/iacinstitutodeapoioacrianca\\\/\",\"https:\\\/\\\/criancasatortoeadireitos.wordpress.com\\\/\"]},{\"@type\":\"Person\",\"@id\":\"https:\\\/\\\/iacrianca.pt\\\/en\\\/#\\\/schema\\\/person\\\/1c48c6e4b70d0dc7360e4b28ceaa5f6b\",\"name\":\"Administra\u00e7\u00e3o IAC\",\"image\":{\"@type\":\"ImageObject\",\"inLanguage\":\"en-US\",\"@id\":\"https:\\\/\\\/secure.gravatar.com\\\/avatar\\\/60b998c71de37dcc1398fc6d48c6b5ed7533e3ceec837c948055f072e3158ff1?s=96&d=mm&r=g\",\"url\":\"https:\\\/\\\/secure.gravatar.com\\\/avatar\\\/60b998c71de37dcc1398fc6d48c6b5ed7533e3ceec837c948055f072e3158ff1?s=96&d=mm&r=g\",\"contentUrl\":\"https:\\\/\\\/secure.gravatar.com\\\/avatar\\\/60b998c71de37dcc1398fc6d48c6b5ed7533e3ceec837c948055f072e3158ff1?s=96&d=mm&r=g\",\"caption\":\"Administra\u00e7\u00e3o IAC\"}}]}<\/script>\n<!-- \/ Yoast SEO plugin. -->","yoast_head_json":{"title":"A\u00e7\u00e3o de sensibiliza\u00e7\u00e3o sobre Cyberbullying na Escola B\u00e1sica Luiza Neto Jorge | Instituto de Apoio \u00e0 Crian\u00e7a","robots":{"index":"index","follow":"follow","max-snippet":"max-snippet:-1","max-image-preview":"max-image-preview:large","max-video-preview":"max-video-preview:-1"},"canonical":"https:\/\/iacrianca.pt\/en\/2022\/03\/acao-de-sensibilizacao-sobre-cyberbullying-na-escola-basica-luiza-neto-jorge\/","og_locale":"en_US","og_type":"article","og_title":"A\u00e7\u00e3o de sensibiliza\u00e7\u00e3o sobre Cyberbullying na Escola B\u00e1sica Luiza Neto Jorge | Instituto de Apoio \u00e0 Crian\u00e7a","og_description":"O impacto das novas tecnologias na rela\u00e7\u00e3o entre os jovens. De que forma devemos promover o bom uso da internet? \u00a0A Escola B\u00e1sica Luiza Neto Jorge (Agrupamento Escolas D. Dinis) recebeu no passado dia 25 de fevereiro, uma sess\u00e3o dirigida aos alunos do 1\u00ba ciclo sobre cyberbullying. No decorrer da sess\u00e3o, Bruno Barros do Setor&hellip;","og_url":"https:\/\/iacrianca.pt\/en\/2022\/03\/acao-de-sensibilizacao-sobre-cyberbullying-na-escola-basica-luiza-neto-jorge\/","og_site_name":"Instituto de Apoio \u00e0 Crian\u00e7a","article_publisher":"https:\/\/www.facebook.com\/iacinstitutodeapoioacrianca","article_published_time":"2022-03-08T16:50:53+00:00","article_modified_time":"2022-03-11T10:13:59+00:00","og_image":[{"width":743,"height":556,"url":"https:\/\/iacrianca.pt\/wp-content\/uploads\/3barros.jpg","type":"image\/jpeg"}],"author":"Administra\u00e7\u00e3o IAC","twitter_card":"summary_large_image","twitter_creator":"@iacapoiocrianca","twitter_site":"@iacapoiocrianca","twitter_misc":{"Written by":"Administra\u00e7\u00e3o IAC","Est. reading time":"1 minute"},"schema":{"@context":"https:\/\/schema.org","@graph":[{"@type":"Article","@id":"https:\/\/iacrianca.pt\/en\/2022\/03\/acao-de-sensibilizacao-sobre-cyberbullying-na-escola-basica-luiza-neto-jorge\/#article","isPartOf":{"@id":"https:\/\/iacrianca.pt\/en\/2022\/03\/acao-de-sensibilizacao-sobre-cyberbullying-na-escola-basica-luiza-neto-jorge\/"},"author":{"name":"Administra\u00e7\u00e3o IAC","@id":"https:\/\/iacrianca.pt\/en\/#\/schema\/person\/1c48c6e4b70d0dc7360e4b28ceaa5f6b"},"headline":"A\u00e7\u00e3o de sensibiliza\u00e7\u00e3o sobre Cyberbullying na Escola B\u00e1sica Luiza Neto Jorge","datePublished":"2022-03-08T16:50:53+00:00","dateModified":"2022-03-11T10:13:59+00:00","mainEntityOfPage":{"@id":"https:\/\/iacrianca.pt\/en\/2022\/03\/acao-de-sensibilizacao-sobre-cyberbullying-na-escola-basica-luiza-neto-jorge\/"},"wordCount":148,"commentCount":0,"publisher":{"@id":"https:\/\/iacrianca.pt\/en\/#organization"},"image":{"@id":"https:\/\/iacrianca.pt\/en\/2022\/03\/acao-de-sensibilizacao-sobre-cyberbullying-na-escola-basica-luiza-neto-jorge\/#primaryimage"},"thumbnailUrl":"https:\/\/iacrianca.pt\/wp-content\/uploads\/3barros.jpg","articleSection":["Newsletter"],"inLanguage":"en-US","potentialAction":[{"@type":"CommentAction","name":"Comment","target":["https:\/\/iacrianca.pt\/en\/2022\/03\/acao-de-sensibilizacao-sobre-cyberbullying-na-escola-basica-luiza-neto-jorge\/#respond"]}]},{"@type":"WebPage","@id":"https:\/\/iacrianca.pt\/en\/2022\/03\/acao-de-sensibilizacao-sobre-cyberbullying-na-escola-basica-luiza-neto-jorge\/","url":"https:\/\/iacrianca.pt\/en\/2022\/03\/acao-de-sensibilizacao-sobre-cyberbullying-na-escola-basica-luiza-neto-jorge\/","name":"A\u00e7\u00e3o de sensibiliza\u00e7\u00e3o sobre Cyberbullying na Escola B\u00e1sica Luiza Neto Jorge | Instituto de Apoio \u00e0 Crian\u00e7a","isPartOf":{"@id":"https:\/\/iacrianca.pt\/en\/#website"},"primaryImageOfPage":{"@id":"https:\/\/iacrianca.pt\/en\/2022\/03\/acao-de-sensibilizacao-sobre-cyberbullying-na-escola-basica-luiza-neto-jorge\/#primaryimage"},"image":{"@id":"https:\/\/iacrianca.pt\/en\/2022\/03\/acao-de-sensibilizacao-sobre-cyberbullying-na-escola-basica-luiza-neto-jorge\/#primaryimage"},"thumbnailUrl":"https:\/\/iacrianca.pt\/wp-content\/uploads\/3barros.jpg","datePublished":"2022-03-08T16:50:53+00:00","dateModified":"2022-03-11T10:13:59+00:00","breadcrumb":{"@id":"https:\/\/iacrianca.pt\/en\/2022\/03\/acao-de-sensibilizacao-sobre-cyberbullying-na-escola-basica-luiza-neto-jorge\/#breadcrumb"},"inLanguage":"en-US","potentialAction":[{"@type":"ReadAction","target":["https:\/\/iacrianca.pt\/en\/2022\/03\/acao-de-sensibilizacao-sobre-cyberbullying-na-escola-basica-luiza-neto-jorge\/"]}]},{"@type":"ImageObject","inLanguage":"en-US","@id":"https:\/\/iacrianca.pt\/en\/2022\/03\/acao-de-sensibilizacao-sobre-cyberbullying-na-escola-basica-luiza-neto-jorge\/#primaryimage","url":"https:\/\/iacrianca.pt\/wp-content\/uploads\/3barros.jpg","contentUrl":"https:\/\/iacrianca.pt\/wp-content\/uploads\/3barros.jpg","width":743,"height":556},{"@type":"BreadcrumbList","@id":"https:\/\/iacrianca.pt\/en\/2022\/03\/acao-de-sensibilizacao-sobre-cyberbullying-na-escola-basica-luiza-neto-jorge\/#breadcrumb","itemListElement":[{"@type":"ListItem","position":1,"name":"In\u00edcio","item":"https:\/\/iacrianca.pt\/en\/"},{"@type":"ListItem","position":2,"name":"A\u00e7\u00e3o de sensibiliza\u00e7\u00e3o sobre Cyberbullying na Escola B\u00e1sica Luiza Neto Jorge"}]},{"@type":"WebSite","@id":"https:\/\/iacrianca.pt\/en\/#website","url":"https:\/\/iacrianca.pt\/en\/","name":"Instituto de Apoio \u00e0 Crian\u00e7a","description":"Desde 1983 na defesa e promo\u00e7\u00e3o dos direitos da crian\u00e7a","publisher":{"@id":"https:\/\/iacrianca.pt\/en\/#organization"},"potentialAction":[{"@type":"SearchAction","target":{"@type":"EntryPoint","urlTemplate":"https:\/\/iacrianca.pt\/en\/?s={search_term_string}"},"query-input":{"@type":"PropertyValueSpecification","valueRequired":true,"valueName":"search_term_string"}}],"inLanguage":"en-US"},{"@type":"Organization","@id":"https:\/\/iacrianca.pt\/en\/#organization","name":"Instituto de Apoio \u00e0 Crian\u00e7a","url":"https:\/\/iacrianca.pt\/en\/","logo":{"@type":"ImageObject","inLanguage":"en-US","@id":"https:\/\/iacrianca.pt\/en\/#\/schema\/logo\/image\/","url":"https:\/\/iacrianca.pt\/wp-content\/uploads\/2020\/04\/logo-iac-SD.jpg","contentUrl":"https:\/\/iacrianca.pt\/wp-content\/uploads\/2020\/04\/logo-iac-SD.jpg","width":152,"height":73,"caption":"Instituto de Apoio \u00e0 Crian\u00e7a"},"image":{"@id":"https:\/\/iacrianca.pt\/en\/#\/schema\/logo\/image\/"},"sameAs":["https:\/\/www.facebook.com\/iacinstitutodeapoioacrianca","https:\/\/x.com\/iacapoiocrianca","https:\/\/www.youtube.com\/channel\/UC0jjfZ_xkN_59gJf_RQ-ZnQ","https:\/\/www.linkedin.com\/company\/instituto-de-apoio--criana\/","https:\/\/www.instagram.com\/iacinstitutodeapoioacrianca\/","https:\/\/criancasatortoeadireitos.wordpress.com\/"]},{"@type":"Person","@id":"https:\/\/iacrianca.pt\/en\/#\/schema\/person\/1c48c6e4b70d0dc7360e4b28ceaa5f6b","name":"Administra\u00e7\u00e3o IAC","image":{"@type":"ImageObject","inLanguage":"en-US","@id":"https:\/\/secure.gravatar.com\/avatar\/60b998c71de37dcc1398fc6d48c6b5ed7533e3ceec837c948055f072e3158ff1?s=96&d=mm&r=g","url":"https:\/\/secure.gravatar.com\/avatar\/60b998c71de37dcc1398fc6d48c6b5ed7533e3ceec837c948055f072e3158ff1?s=96&d=mm&r=g","contentUrl":"https:\/\/secure.gravatar.com\/avatar\/60b998c71de37dcc1398fc6d48c6b5ed7533e3ceec837c948055f072e3158ff1?s=96&d=mm&r=g","caption":"Administra\u00e7\u00e3o IAC"}}]}},"_links":{"self":[{"href":"https:\/\/iacrianca.pt\/en\/wp-json\/wp\/v2\/posts\/12133","targetHints":{"allow":["GET"]}}],"collection":[{"href":"https:\/\/iacrianca.pt\/en\/wp-json\/wp\/v2\/posts"}],"about":[{"href":"https:\/\/iacrianca.pt\/en\/wp-json\/wp\/v2\/types\/post"}],"author":[{"embeddable":true,"href":"https:\/\/iacrianca.pt\/en\/wp-json\/wp\/v2\/users\/2"}],"replies":[{"embeddable":true,"href":"https:\/\/iacrianca.pt\/en\/wp-json\/wp\/v2\/comments?post=12133"}],"version-history":[{"count":0,"href":"https:\/\/iacrianca.pt\/en\/wp-json\/wp\/v2\/posts\/12133\/revisions"}],"wp:featuredmedia":[{"embeddable":true,"href":"https:\/\/iacrianca.pt\/en\/wp-json\/wp\/v2\/media\/12134"}],"wp:attachment":[{"href":"https:\/\/iacrianca.pt\/en\/wp-json\/wp\/v2\/media?parent=12133"}],"wp:term":[{"taxonomy":"category","embeddable":true,"href":"https:\/\/iacrianca.pt\/en\/wp-json\/wp\/v2\/categories?post=12133"},{"taxonomy":"post_tag","embeddable":true,"href":"https:\/\/iacrianca.pt\/en\/wp-json\/wp\/v2\/tags?post=12133"}],"curies":[{"name":"wp","href":"https:\/\/api.w.org\/{rel}","templated":true}]}}