{"id":12831,"date":"2022-03-30T16:36:50","date_gmt":"2022-03-30T15:36:50","guid":{"rendered":"https:\/\/iacrianca.pt\/?p=12831"},"modified":"2022-03-30T16:36:50","modified_gmt":"2022-03-30T15:36:50","slug":"inquerito-como-se-brinca-em-portugal","status":"publish","type":"post","link":"https:\/\/iacrianca.pt\/en\/2022\/03\/inquerito-como-se-brinca-em-portugal\/","title":{"rendered":"Inqu\u00e9rito: Como se brinca em Portugal?"},"content":{"rendered":"<p><span data-contrast=\"auto\">Como brincam hoje as crian\u00e7as em Portugal? Como \u00e9 que a pandemia afetou a sua forma de brincar? De que modo \u00e9 que a gest\u00e3o do tempo dos adultos, que mudou radicalmente nas gera\u00e7\u00f5es mais recentes, influencia o imagin\u00e1rio e as brincadeiras dos mais novos?\u00a0<\/span><span data-ccp-props=\"{&quot;201341983&quot;:0,&quot;335551550&quot;:6,&quot;335551620&quot;:6,&quot;335559739&quot;:240,&quot;335559740&quot;:240}\">\u00a0<\/span><\/p>\n<p><span data-contrast=\"auto\">Todos sabemos que brincar \u00e9 decisivo para o desenvolvimento intelectual e emocional dos seres humanos, mas qual \u00e9 o verdadeiro significado de \u201cbrincar\u201d no pa\u00eds em que hoje vivemos? Em que \u00e9 que essa palavra m\u00e1gica se traduz na realidade? Qual o impacto dos ecr\u00e3s e da tecnologia no quotidiano das crian\u00e7as portuguesas? Que impactos trouxe a pandemia e o confinamento social? Houve aproxima\u00e7\u00e3o entre pais e filhos?<\/span><span data-ccp-props=\"{&quot;201341983&quot;:0,&quot;335551550&quot;:6,&quot;335551620&quot;:6,&quot;335559739&quot;:240,&quot;335559740&quot;:240}\">\u00a0<\/span><\/p>\n<p><span data-contrast=\"auto\">As quest\u00f5es s\u00e3o muitas e para se chegar a conclus\u00f5es reeditamos o inqu\u00e9rito Como se Brinca em Portugal? realizado pela primeira vez em 2018: um question\u00e1rio simples, com perguntas de escolha m\u00faltipla, dirigido a todos os pais e m\u00e3es com filhos at\u00e9 aos 10 anos. Esta \u00e9 uma iniciativa da Escola Superior de Educa\u00e7\u00e3o de Coimbra, do Instituto de Apoio \u00e0 Crian\u00e7a e da Estrelas e Ouri\u00e7os que pretende apurar e aprofundar uma s\u00e9rie de aspetos essenciais ligados a esta necessidade crucial para a vida das crian\u00e7as.<\/span><span data-ccp-props=\"{&quot;201341983&quot;:0,&quot;335551550&quot;:6,&quot;335551620&quot;:6,&quot;335559739&quot;:240,&quot;335559740&quot;:240}\">\u00a0<\/span><\/p>\n<p><span data-contrast=\"auto\">Afinal, quanto tempo por dia brincam em m\u00e9dia os nossos filhos? Tr\u00eas horas, duas horas, meia hora? E com quem brincam? Com crian\u00e7as da mesma idade, com os pais, sozinhos? E onde brincam? Ao ar livre, dentro de casa, na escola? E que tipo de brincadeiras preferem? De faz-de-conta, jogos digitais, brincadeiras que envolvam atividade f\u00edsica? Mudaram as suas prefer\u00eancias ap\u00f3s os confinamentos?<\/span><span data-ccp-props=\"{&quot;201341983&quot;:0,&quot;335551550&quot;:6,&quot;335551620&quot;:6,&quot;335559739&quot;:240,&quot;335559740&quot;:240}\">\u00a0<\/span><\/p>\n<p><span data-contrast=\"auto\">Para trazermos luz a estas quest\u00f5es, precisamos da sua ajuda. Caso tenha filhos at\u00e9 aos 10 anos, participe neste inqu\u00e9rito r\u00e1pido, de participa\u00e7\u00e3o an\u00f3nima e com respostas confidenciais. Queremos perceber como brincam as crian\u00e7as de hoje para ficarmos a conhecer melhor os adultos de amanh\u00e3 e a fazermos da inf\u00e2ncia uma fase da vida ainda mais feliz e completa.\u00a0<\/span><span data-ccp-props=\"{&quot;201341983&quot;:0,&quot;335551550&quot;:6,&quot;335551620&quot;:6,&quot;335559739&quot;:240,&quot;335559740&quot;:240}\">\u00a0<\/span><\/p>\n<p><span data-contrast=\"auto\">Partilhe a sua experi\u00eancia connosco aqui <\/span><a href=\"https:\/\/forms.office.com\/r\/TwG69X6xKR\"><span data-contrast=\"none\">https:\/\/forms.office.com\/r\/TwG69X6xKR<\/span><\/a><span data-contrast=\"auto\">. O seu contributo \u00e9 essencial. \u202f\u202f\u202f\u202f\u202f<\/span><span data-ccp-props=\"{&quot;201341983&quot;:0,&quot;335551550&quot;:6,&quot;335551620&quot;:6,&quot;335559739&quot;:240,&quot;335559740&quot;:240}\">\u00a0<\/span><\/p>\n","protected":false},"excerpt":{"rendered":"<p>Como brincam hoje as crian\u00e7as em Portugal? Como \u00e9 que a pandemia afetou a sua forma de brincar? De que modo \u00e9 que a gest\u00e3o do tempo dos adultos, que mudou radicalmente nas gera\u00e7\u00f5es mais recentes, influencia o imagin\u00e1rio e as brincadeiras dos mais novos?\u00a0\u00a0 Todos sabemos que brincar \u00e9 decisivo para o desenvolvimento intelectual&hellip;<\/p>\n","protected":false},"author":2,"featured_media":12832,"comment_status":"open","ping_status":"open","sticky":false,"template":"","format":"standard","meta":{"_acf_changed":false,"footnotes":""},"categories":[63],"tags":[],"class_list":["post-12831","post","type-post","status-publish","format-standard","has-post-thumbnail","hentry","category-newsletter","category-63","description-off"],"acf":[],"yoast_head":"<!-- This site is optimized with the Yoast SEO plugin v27.5 - https:\/\/yoast.com\/product\/yoast-seo-wordpress\/ -->\n<title>Inqu\u00e9rito: Como se brinca em Portugal? | Instituto de Apoio \u00e0 Crian\u00e7a<\/title>\n<meta name=\"robots\" content=\"index, follow, max-snippet:-1, max-image-preview:large, max-video-preview:-1\" \/>\n<link rel=\"canonical\" href=\"https:\/\/iacrianca.pt\/en\/2022\/03\/inquerito-como-se-brinca-em-portugal\/\" \/>\n<meta property=\"og:locale\" content=\"en_US\" \/>\n<meta property=\"og:type\" content=\"article\" \/>\n<meta property=\"og:title\" content=\"Inqu\u00e9rito: Como se brinca em Portugal? | Instituto de Apoio \u00e0 Crian\u00e7a\" \/>\n<meta property=\"og:description\" content=\"Como brincam hoje as crian\u00e7as em Portugal? Como \u00e9 que a pandemia afetou a sua forma de brincar? De que modo \u00e9 que a gest\u00e3o do tempo dos adultos, que mudou radicalmente nas gera\u00e7\u00f5es mais recentes, influencia o imagin\u00e1rio e as brincadeiras dos mais novos?\u00a0\u00a0 Todos sabemos que brincar \u00e9 decisivo para o desenvolvimento intelectual&hellip;\" \/>\n<meta property=\"og:url\" content=\"https:\/\/iacrianca.pt\/en\/2022\/03\/inquerito-como-se-brinca-em-portugal\/\" \/>\n<meta property=\"og:site_name\" content=\"Instituto de Apoio \u00e0 Crian\u00e7a\" \/>\n<meta property=\"article:publisher\" content=\"https:\/\/www.facebook.com\/iacinstitutodeapoioacrianca\" \/>\n<meta property=\"article:published_time\" content=\"2022-03-30T15:36:50+00:00\" \/>\n<meta property=\"og:image\" content=\"https:\/\/iacrianca.pt\/wp-content\/uploads\/thumbnail.png\" \/>\n\t<meta property=\"og:image:width\" content=\"564\" \/>\n\t<meta property=\"og:image:height\" content=\"438\" \/>\n\t<meta property=\"og:image:type\" content=\"image\/png\" \/>\n<meta name=\"author\" content=\"Administra\u00e7\u00e3o IAC\" \/>\n<meta name=\"twitter:card\" content=\"summary_large_image\" \/>\n<meta name=\"twitter:creator\" content=\"@iacapoiocrianca\" \/>\n<meta name=\"twitter:site\" content=\"@iacapoiocrianca\" \/>\n<meta name=\"twitter:label1\" content=\"Written by\" \/>\n\t<meta name=\"twitter:data1\" content=\"Administra\u00e7\u00e3o IAC\" \/>\n\t<meta name=\"twitter:label2\" content=\"Est. reading time\" \/>\n\t<meta name=\"twitter:data2\" content=\"2 minutes\" \/>\n<script type=\"application\/ld+json\" class=\"yoast-schema-graph\">{\"@context\":\"https:\\\/\\\/schema.org\",\"@graph\":[{\"@type\":\"Article\",\"@id\":\"https:\\\/\\\/iacrianca.pt\\\/en\\\/2022\\\/03\\\/inquerito-como-se-brinca-em-portugal\\\/#article\",\"isPartOf\":{\"@id\":\"https:\\\/\\\/iacrianca.pt\\\/en\\\/2022\\\/03\\\/inquerito-como-se-brinca-em-portugal\\\/\"},\"author\":{\"name\":\"Administra\u00e7\u00e3o IAC\",\"@id\":\"https:\\\/\\\/iacrianca.pt\\\/en\\\/#\\\/schema\\\/person\\\/1c48c6e4b70d0dc7360e4b28ceaa5f6b\"},\"headline\":\"Inqu\u00e9rito: Como se brinca em Portugal?\",\"datePublished\":\"2022-03-30T15:36:50+00:00\",\"mainEntityOfPage\":{\"@id\":\"https:\\\/\\\/iacrianca.pt\\\/en\\\/2022\\\/03\\\/inquerito-como-se-brinca-em-portugal\\\/\"},\"wordCount\":372,\"commentCount\":0,\"publisher\":{\"@id\":\"https:\\\/\\\/iacrianca.pt\\\/en\\\/#organization\"},\"image\":{\"@id\":\"https:\\\/\\\/iacrianca.pt\\\/en\\\/2022\\\/03\\\/inquerito-como-se-brinca-em-portugal\\\/#primaryimage\"},\"thumbnailUrl\":\"https:\\\/\\\/iacrianca.pt\\\/wp-content\\\/uploads\\\/thumbnail.png\",\"articleSection\":[\"Newsletter\"],\"inLanguage\":\"en-US\",\"potentialAction\":[{\"@type\":\"CommentAction\",\"name\":\"Comment\",\"target\":[\"https:\\\/\\\/iacrianca.pt\\\/en\\\/2022\\\/03\\\/inquerito-como-se-brinca-em-portugal\\\/#respond\"]}]},{\"@type\":\"WebPage\",\"@id\":\"https:\\\/\\\/iacrianca.pt\\\/en\\\/2022\\\/03\\\/inquerito-como-se-brinca-em-portugal\\\/\",\"url\":\"https:\\\/\\\/iacrianca.pt\\\/en\\\/2022\\\/03\\\/inquerito-como-se-brinca-em-portugal\\\/\",\"name\":\"Inqu\u00e9rito: Como se brinca em Portugal? | Instituto de Apoio \u00e0 Crian\u00e7a\",\"isPartOf\":{\"@id\":\"https:\\\/\\\/iacrianca.pt\\\/en\\\/#website\"},\"primaryImageOfPage\":{\"@id\":\"https:\\\/\\\/iacrianca.pt\\\/en\\\/2022\\\/03\\\/inquerito-como-se-brinca-em-portugal\\\/#primaryimage\"},\"image\":{\"@id\":\"https:\\\/\\\/iacrianca.pt\\\/en\\\/2022\\\/03\\\/inquerito-como-se-brinca-em-portugal\\\/#primaryimage\"},\"thumbnailUrl\":\"https:\\\/\\\/iacrianca.pt\\\/wp-content\\\/uploads\\\/thumbnail.png\",\"datePublished\":\"2022-03-30T15:36:50+00:00\",\"breadcrumb\":{\"@id\":\"https:\\\/\\\/iacrianca.pt\\\/en\\\/2022\\\/03\\\/inquerito-como-se-brinca-em-portugal\\\/#breadcrumb\"},\"inLanguage\":\"en-US\",\"potentialAction\":[{\"@type\":\"ReadAction\",\"target\":[\"https:\\\/\\\/iacrianca.pt\\\/en\\\/2022\\\/03\\\/inquerito-como-se-brinca-em-portugal\\\/\"]}]},{\"@type\":\"ImageObject\",\"inLanguage\":\"en-US\",\"@id\":\"https:\\\/\\\/iacrianca.pt\\\/en\\\/2022\\\/03\\\/inquerito-como-se-brinca-em-portugal\\\/#primaryimage\",\"url\":\"https:\\\/\\\/iacrianca.pt\\\/wp-content\\\/uploads\\\/thumbnail.png\",\"contentUrl\":\"https:\\\/\\\/iacrianca.pt\\\/wp-content\\\/uploads\\\/thumbnail.png\",\"width\":564,\"height\":438},{\"@type\":\"BreadcrumbList\",\"@id\":\"https:\\\/\\\/iacrianca.pt\\\/en\\\/2022\\\/03\\\/inquerito-como-se-brinca-em-portugal\\\/#breadcrumb\",\"itemListElement\":[{\"@type\":\"ListItem\",\"position\":1,\"name\":\"In\u00edcio\",\"item\":\"https:\\\/\\\/iacrianca.pt\\\/en\\\/\"},{\"@type\":\"ListItem\",\"position\":2,\"name\":\"Inqu\u00e9rito: Como se brinca em Portugal?\"}]},{\"@type\":\"WebSite\",\"@id\":\"https:\\\/\\\/iacrianca.pt\\\/en\\\/#website\",\"url\":\"https:\\\/\\\/iacrianca.pt\\\/en\\\/\",\"name\":\"Instituto de Apoio \u00e0 Crian\u00e7a\",\"description\":\"Desde 1983 na defesa e promo\u00e7\u00e3o dos direitos da crian\u00e7a\",\"publisher\":{\"@id\":\"https:\\\/\\\/iacrianca.pt\\\/en\\\/#organization\"},\"potentialAction\":[{\"@type\":\"SearchAction\",\"target\":{\"@type\":\"EntryPoint\",\"urlTemplate\":\"https:\\\/\\\/iacrianca.pt\\\/en\\\/?s={search_term_string}\"},\"query-input\":{\"@type\":\"PropertyValueSpecification\",\"valueRequired\":true,\"valueName\":\"search_term_string\"}}],\"inLanguage\":\"en-US\"},{\"@type\":\"Organization\",\"@id\":\"https:\\\/\\\/iacrianca.pt\\\/en\\\/#organization\",\"name\":\"Instituto de Apoio \u00e0 Crian\u00e7a\",\"url\":\"https:\\\/\\\/iacrianca.pt\\\/en\\\/\",\"logo\":{\"@type\":\"ImageObject\",\"inLanguage\":\"en-US\",\"@id\":\"https:\\\/\\\/iacrianca.pt\\\/en\\\/#\\\/schema\\\/logo\\\/image\\\/\",\"url\":\"https:\\\/\\\/iacrianca.pt\\\/wp-content\\\/uploads\\\/2020\\\/04\\\/logo-iac-SD.jpg\",\"contentUrl\":\"https:\\\/\\\/iacrianca.pt\\\/wp-content\\\/uploads\\\/2020\\\/04\\\/logo-iac-SD.jpg\",\"width\":152,\"height\":73,\"caption\":\"Instituto de Apoio \u00e0 Crian\u00e7a\"},\"image\":{\"@id\":\"https:\\\/\\\/iacrianca.pt\\\/en\\\/#\\\/schema\\\/logo\\\/image\\\/\"},\"sameAs\":[\"https:\\\/\\\/www.facebook.com\\\/iacinstitutodeapoioacrianca\",\"https:\\\/\\\/x.com\\\/iacapoiocrianca\",\"https:\\\/\\\/www.youtube.com\\\/channel\\\/UC0jjfZ_xkN_59gJf_RQ-ZnQ\",\"https:\\\/\\\/www.linkedin.com\\\/company\\\/instituto-de-apoio--criana\\\/\",\"https:\\\/\\\/www.instagram.com\\\/iacinstitutodeapoioacrianca\\\/\",\"https:\\\/\\\/criancasatortoeadireitos.wordpress.com\\\/\"]},{\"@type\":\"Person\",\"@id\":\"https:\\\/\\\/iacrianca.pt\\\/en\\\/#\\\/schema\\\/person\\\/1c48c6e4b70d0dc7360e4b28ceaa5f6b\",\"name\":\"Administra\u00e7\u00e3o IAC\",\"image\":{\"@type\":\"ImageObject\",\"inLanguage\":\"en-US\",\"@id\":\"https:\\\/\\\/secure.gravatar.com\\\/avatar\\\/60b998c71de37dcc1398fc6d48c6b5ed7533e3ceec837c948055f072e3158ff1?s=96&d=mm&r=g\",\"url\":\"https:\\\/\\\/secure.gravatar.com\\\/avatar\\\/60b998c71de37dcc1398fc6d48c6b5ed7533e3ceec837c948055f072e3158ff1?s=96&d=mm&r=g\",\"contentUrl\":\"https:\\\/\\\/secure.gravatar.com\\\/avatar\\\/60b998c71de37dcc1398fc6d48c6b5ed7533e3ceec837c948055f072e3158ff1?s=96&d=mm&r=g\",\"caption\":\"Administra\u00e7\u00e3o IAC\"}}]}<\/script>\n<!-- \/ Yoast SEO plugin. -->","yoast_head_json":{"title":"Inqu\u00e9rito: Como se brinca em Portugal? | Instituto de Apoio \u00e0 Crian\u00e7a","robots":{"index":"index","follow":"follow","max-snippet":"max-snippet:-1","max-image-preview":"max-image-preview:large","max-video-preview":"max-video-preview:-1"},"canonical":"https:\/\/iacrianca.pt\/en\/2022\/03\/inquerito-como-se-brinca-em-portugal\/","og_locale":"en_US","og_type":"article","og_title":"Inqu\u00e9rito: Como se brinca em Portugal? | Instituto de Apoio \u00e0 Crian\u00e7a","og_description":"Como brincam hoje as crian\u00e7as em Portugal? Como \u00e9 que a pandemia afetou a sua forma de brincar? De que modo \u00e9 que a gest\u00e3o do tempo dos adultos, que mudou radicalmente nas gera\u00e7\u00f5es mais recentes, influencia o imagin\u00e1rio e as brincadeiras dos mais novos?\u00a0\u00a0 Todos sabemos que brincar \u00e9 decisivo para o desenvolvimento intelectual&hellip;","og_url":"https:\/\/iacrianca.pt\/en\/2022\/03\/inquerito-como-se-brinca-em-portugal\/","og_site_name":"Instituto de Apoio \u00e0 Crian\u00e7a","article_publisher":"https:\/\/www.facebook.com\/iacinstitutodeapoioacrianca","article_published_time":"2022-03-30T15:36:50+00:00","og_image":[{"width":564,"height":438,"url":"https:\/\/iacrianca.pt\/wp-content\/uploads\/thumbnail.png","type":"image\/png"}],"author":"Administra\u00e7\u00e3o IAC","twitter_card":"summary_large_image","twitter_creator":"@iacapoiocrianca","twitter_site":"@iacapoiocrianca","twitter_misc":{"Written by":"Administra\u00e7\u00e3o IAC","Est. reading time":"2 minutes"},"schema":{"@context":"https:\/\/schema.org","@graph":[{"@type":"Article","@id":"https:\/\/iacrianca.pt\/en\/2022\/03\/inquerito-como-se-brinca-em-portugal\/#article","isPartOf":{"@id":"https:\/\/iacrianca.pt\/en\/2022\/03\/inquerito-como-se-brinca-em-portugal\/"},"author":{"name":"Administra\u00e7\u00e3o IAC","@id":"https:\/\/iacrianca.pt\/en\/#\/schema\/person\/1c48c6e4b70d0dc7360e4b28ceaa5f6b"},"headline":"Inqu\u00e9rito: Como se brinca em Portugal?","datePublished":"2022-03-30T15:36:50+00:00","mainEntityOfPage":{"@id":"https:\/\/iacrianca.pt\/en\/2022\/03\/inquerito-como-se-brinca-em-portugal\/"},"wordCount":372,"commentCount":0,"publisher":{"@id":"https:\/\/iacrianca.pt\/en\/#organization"},"image":{"@id":"https:\/\/iacrianca.pt\/en\/2022\/03\/inquerito-como-se-brinca-em-portugal\/#primaryimage"},"thumbnailUrl":"https:\/\/iacrianca.pt\/wp-content\/uploads\/thumbnail.png","articleSection":["Newsletter"],"inLanguage":"en-US","potentialAction":[{"@type":"CommentAction","name":"Comment","target":["https:\/\/iacrianca.pt\/en\/2022\/03\/inquerito-como-se-brinca-em-portugal\/#respond"]}]},{"@type":"WebPage","@id":"https:\/\/iacrianca.pt\/en\/2022\/03\/inquerito-como-se-brinca-em-portugal\/","url":"https:\/\/iacrianca.pt\/en\/2022\/03\/inquerito-como-se-brinca-em-portugal\/","name":"Inqu\u00e9rito: Como se brinca em Portugal? | Instituto de Apoio \u00e0 Crian\u00e7a","isPartOf":{"@id":"https:\/\/iacrianca.pt\/en\/#website"},"primaryImageOfPage":{"@id":"https:\/\/iacrianca.pt\/en\/2022\/03\/inquerito-como-se-brinca-em-portugal\/#primaryimage"},"image":{"@id":"https:\/\/iacrianca.pt\/en\/2022\/03\/inquerito-como-se-brinca-em-portugal\/#primaryimage"},"thumbnailUrl":"https:\/\/iacrianca.pt\/wp-content\/uploads\/thumbnail.png","datePublished":"2022-03-30T15:36:50+00:00","breadcrumb":{"@id":"https:\/\/iacrianca.pt\/en\/2022\/03\/inquerito-como-se-brinca-em-portugal\/#breadcrumb"},"inLanguage":"en-US","potentialAction":[{"@type":"ReadAction","target":["https:\/\/iacrianca.pt\/en\/2022\/03\/inquerito-como-se-brinca-em-portugal\/"]}]},{"@type":"ImageObject","inLanguage":"en-US","@id":"https:\/\/iacrianca.pt\/en\/2022\/03\/inquerito-como-se-brinca-em-portugal\/#primaryimage","url":"https:\/\/iacrianca.pt\/wp-content\/uploads\/thumbnail.png","contentUrl":"https:\/\/iacrianca.pt\/wp-content\/uploads\/thumbnail.png","width":564,"height":438},{"@type":"BreadcrumbList","@id":"https:\/\/iacrianca.pt\/en\/2022\/03\/inquerito-como-se-brinca-em-portugal\/#breadcrumb","itemListElement":[{"@type":"ListItem","position":1,"name":"In\u00edcio","item":"https:\/\/iacrianca.pt\/en\/"},{"@type":"ListItem","position":2,"name":"Inqu\u00e9rito: Como se brinca em Portugal?"}]},{"@type":"WebSite","@id":"https:\/\/iacrianca.pt\/en\/#website","url":"https:\/\/iacrianca.pt\/en\/","name":"Instituto de Apoio \u00e0 Crian\u00e7a","description":"Desde 1983 na defesa e promo\u00e7\u00e3o dos direitos da crian\u00e7a","publisher":{"@id":"https:\/\/iacrianca.pt\/en\/#organization"},"potentialAction":[{"@type":"SearchAction","target":{"@type":"EntryPoint","urlTemplate":"https:\/\/iacrianca.pt\/en\/?s={search_term_string}"},"query-input":{"@type":"PropertyValueSpecification","valueRequired":true,"valueName":"search_term_string"}}],"inLanguage":"en-US"},{"@type":"Organization","@id":"https:\/\/iacrianca.pt\/en\/#organization","name":"Instituto de Apoio \u00e0 Crian\u00e7a","url":"https:\/\/iacrianca.pt\/en\/","logo":{"@type":"ImageObject","inLanguage":"en-US","@id":"https:\/\/iacrianca.pt\/en\/#\/schema\/logo\/image\/","url":"https:\/\/iacrianca.pt\/wp-content\/uploads\/2020\/04\/logo-iac-SD.jpg","contentUrl":"https:\/\/iacrianca.pt\/wp-content\/uploads\/2020\/04\/logo-iac-SD.jpg","width":152,"height":73,"caption":"Instituto de Apoio \u00e0 Crian\u00e7a"},"image":{"@id":"https:\/\/iacrianca.pt\/en\/#\/schema\/logo\/image\/"},"sameAs":["https:\/\/www.facebook.com\/iacinstitutodeapoioacrianca","https:\/\/x.com\/iacapoiocrianca","https:\/\/www.youtube.com\/channel\/UC0jjfZ_xkN_59gJf_RQ-ZnQ","https:\/\/www.linkedin.com\/company\/instituto-de-apoio--criana\/","https:\/\/www.instagram.com\/iacinstitutodeapoioacrianca\/","https:\/\/criancasatortoeadireitos.wordpress.com\/"]},{"@type":"Person","@id":"https:\/\/iacrianca.pt\/en\/#\/schema\/person\/1c48c6e4b70d0dc7360e4b28ceaa5f6b","name":"Administra\u00e7\u00e3o IAC","image":{"@type":"ImageObject","inLanguage":"en-US","@id":"https:\/\/secure.gravatar.com\/avatar\/60b998c71de37dcc1398fc6d48c6b5ed7533e3ceec837c948055f072e3158ff1?s=96&d=mm&r=g","url":"https:\/\/secure.gravatar.com\/avatar\/60b998c71de37dcc1398fc6d48c6b5ed7533e3ceec837c948055f072e3158ff1?s=96&d=mm&r=g","contentUrl":"https:\/\/secure.gravatar.com\/avatar\/60b998c71de37dcc1398fc6d48c6b5ed7533e3ceec837c948055f072e3158ff1?s=96&d=mm&r=g","caption":"Administra\u00e7\u00e3o IAC"}}]}},"_links":{"self":[{"href":"https:\/\/iacrianca.pt\/en\/wp-json\/wp\/v2\/posts\/12831","targetHints":{"allow":["GET"]}}],"collection":[{"href":"https:\/\/iacrianca.pt\/en\/wp-json\/wp\/v2\/posts"}],"about":[{"href":"https:\/\/iacrianca.pt\/en\/wp-json\/wp\/v2\/types\/post"}],"author":[{"embeddable":true,"href":"https:\/\/iacrianca.pt\/en\/wp-json\/wp\/v2\/users\/2"}],"replies":[{"embeddable":true,"href":"https:\/\/iacrianca.pt\/en\/wp-json\/wp\/v2\/comments?post=12831"}],"version-history":[{"count":0,"href":"https:\/\/iacrianca.pt\/en\/wp-json\/wp\/v2\/posts\/12831\/revisions"}],"wp:featuredmedia":[{"embeddable":true,"href":"https:\/\/iacrianca.pt\/en\/wp-json\/wp\/v2\/media\/12832"}],"wp:attachment":[{"href":"https:\/\/iacrianca.pt\/en\/wp-json\/wp\/v2\/media?parent=12831"}],"wp:term":[{"taxonomy":"category","embeddable":true,"href":"https:\/\/iacrianca.pt\/en\/wp-json\/wp\/v2\/categories?post=12831"},{"taxonomy":"post_tag","embeddable":true,"href":"https:\/\/iacrianca.pt\/en\/wp-json\/wp\/v2\/tags?post=12831"}],"curies":[{"name":"wp","href":"https:\/\/api.w.org\/{rel}","templated":true}]}}