{"id":13149,"date":"2022-04-28T11:34:30","date_gmt":"2022-04-28T10:34:30","guid":{"rendered":"https:\/\/iacrianca.pt\/?p=13149"},"modified":"2022-05-09T10:43:30","modified_gmt":"2022-05-09T09:43:30","slug":"o-iac-polo-de-coimbra-na-prevencao-dos-maus-tratos-na-infancia","status":"publish","type":"post","link":"https:\/\/iacrianca.pt\/en\/2022\/04\/o-iac-polo-de-coimbra-na-prevencao-dos-maus-tratos-na-infancia\/","title":{"rendered":"O IAC- Polo de Coimbra na Preven\u00e7\u00e3o dos Maus Tratos na Inf\u00e2ncia"},"content":{"rendered":"<p>Durante o m\u00eas de abril, M\u00eas da Preven\u00e7\u00e3o dos Maus Tratos na Inf\u00e2ncia, a equipa do IAC- Polo de Coimbra, envolveu-se em diversas atividades e iniciativas de forma a salientar o papel da sociedade civil na luta pelo bem-estar das crian\u00e7as e da necessidade de as proteger, salvaguardando a sua integridade e os seus direitos.<\/p>\n<p>Neste contexto, o Grupo La\u00e7o Azul Coimbra, do qual o IAC- Polo de Coimbra \u00e9 parceiro, organizou no dia 20 de abril, um Semin\u00e1rio online inserido na 12\u00aa Campanha de Preven\u00e7\u00e3o de Maus Tratos a Crian\u00e7as e Jovens, sob a tem\u00e1tica \u201cPromover Mentes Saud\u00e1veis\u201d. Este momento de reflex\u00e3o e partilha, que contou com cerca de 70 participantes, teve como objetivo divulgar estrat\u00e9gias potenciadoras do bom trato e do respeito pela dignidade e direitos das crian\u00e7as e jovens, tendo um dos pain\u00e9is sido dedicado ao Acolhimento familiar.<\/p>\n<p>O Grupo La\u00e7o Azul Coimbra \u00e9 uma parceria informal constitu\u00edda por um conjunto de entidades de Coimbra que se uniram com o prop\u00f3sito de alertar para a problem\u00e1tica dos maus tratos na inf\u00e2ncia e de divulgar estrat\u00e9gias potenciadoras do bom trato e do respeito pela dignidade e direitos das crian\u00e7as e jovens. Durante todo o ano, e particularmente no m\u00eas de abril \u2013 M\u00eas da Preven\u00e7\u00e3o dos Maus Tratos na Inf\u00e2ncia -, o Grupo La\u00e7o Azul Coimbra dinamiza atividades de divulga\u00e7\u00e3o, sensibiliza\u00e7\u00e3o e informa\u00e7\u00e3o sobre os Direitos das Crian\u00e7as e de preven\u00e7\u00e3o das situa\u00e7\u00f5es de maus tratos.<\/p>\n<p>A convite do Museu POROS de Condeixa-a-Nova, Paula Duarte apresentou uma comunica\u00e7\u00e3o sobre os Direitos da Crian\u00e7a, com a presen\u00e7a de 25 participantes. Esta atividade que teve lugar no dia 9 de abril, inseriu-se no ciclo mensal de atividades &#8220;Aqui h\u00e1&#8230; La\u00e7os&#8221;. Atrav\u00e9s da tem\u00e1tica dos &#8220;La\u00e7os&#8221;, abordou-se o papel e rela\u00e7\u00f5es com a crian\u00e7a ao longo dos tempos, procurando novos caminhos para a constru\u00e7\u00e3o de um crescimento saud\u00e1vel e feliz das nossas crian\u00e7as e jovens.<\/p>\n<p>No dia 12 de abril de 2022, Cristina Barros e Paula Duarte, a convite da C\u00e2mara Municipal de Vale de Cambra, em parceria com o Agrupamento de Escolas de B\u00fazio, apresentaram a comunica\u00e7\u00e3o \u201cGest\u00e3o de conflitos entre pares\u201d no V Encontro de Assistentes Operacionais da Comunidade Educativa, subordinado ao tema \u201cBullying: identificar, prevenir e combater\u201d, que teve lugar no Centro Cultural de Macieira de Cambra. Com esta iniciativa pretendeu-se sensibilizar e consciencializar os 45 assistentes operacionais presentes para o seu papel enquanto agentes ativos na promo\u00e7\u00e3o de compet\u00eancias socioemocionais nas crian\u00e7as, assim como na preven\u00e7\u00e3o e combate ao bullying.<\/p>\n<p>No dia 18 de abril, Paula Duarte e Pedro Rodrigues estiveram na Unidade de Reabilita\u00e7\u00e3o do Centro Hospitalar Universit\u00e1rio de Coimbra \u2013 Hospital de Sobral Cid, a falar sobre Direitos da Crian\u00e7a, tendo dinamizado a a\u00e7\u00e3o de sensibiliza\u00e7\u00e3o \u201cIgualdades de oportunidades e Direitos da Crian\u00e7a\u201d, dirigida a 20 utentes que se encontram em forma\u00e7\u00e3o. O grupo de participantes teve oportunidade de conhecer melhor o Instituto de Apoio \u00e0 Crian\u00e7a e as suas linhas de atua\u00e7\u00e3o. A a\u00e7\u00e3o evidenciou os Direitos da Crian\u00e7a e a sua defesa ao longo da hist\u00f3ria e na atualidade. De salientar a forte participa\u00e7\u00e3o, reflex\u00e3o e debate ao longo da a\u00e7\u00e3o, com um grupo muito interessado e conhecedor da tem\u00e1tica.<\/p>\n<p>A convite da Junta de Freguesia de Rio Mau \u2013 Penafiel, Ana Vicente e Cristina Barros, dinamizaram, no dia 22 de abril, duas a\u00e7\u00f5es de sensibiliza\u00e7\u00e3o &#8220;Bullying! Conhecer para Prevenir!\u201d dirigida a 71 alunos do 1\u00baciclo e a 12 Assistentes Operacionais do Centro Escolar do Douro. Estas a\u00e7\u00f5es inseriram-se no contexto da Preven\u00e7\u00e3o do bullying em contexto escolar. De destacar a simpatia do acolhimento e o entusiasmo e interesse revelado pelas crian\u00e7as e adultos durante as sess\u00f5es.<\/p>\n<p>Foi, sem d\u00favida, um m\u00eas muito pleno de a\u00e7\u00f5es que, acreditamos, podem acrescentar valor \u00e0 luta pela defesa e promo\u00e7\u00e3o dos Direitos da Crian\u00e7as.<\/p>\n<p><img fetchpriority=\"high\" decoding=\"async\" class=\"alignnone wp-image-13166 size-full\" src=\"https:\/\/iacrianca.pt\/wp-content\/uploads\/promover.jpg\" alt=\"\" width=\"843\" height=\"1192\" srcset=\"https:\/\/iacrianca.pt\/wp-content\/uploads\/promover.jpg 843w, https:\/\/iacrianca.pt\/wp-content\/uploads\/promover-212x300.jpg 212w, https:\/\/iacrianca.pt\/wp-content\/uploads\/promover-724x1024.jpg 724w, https:\/\/iacrianca.pt\/wp-content\/uploads\/promover-768x1086.jpg 768w\" sizes=\"(max-width: 843px) 100vw, 843px\" \/><img decoding=\"async\" class=\"alignnone wp-image-13156 size-full\" src=\"https:\/\/iacrianca.pt\/wp-content\/uploads\/museu.jpg\" alt=\"\" width=\"560\" height=\"467\" srcset=\"https:\/\/iacrianca.pt\/wp-content\/uploads\/museu.jpg 560w, https:\/\/iacrianca.pt\/wp-content\/uploads\/museu-300x250.jpg 300w\" sizes=\"(max-width: 560px) 100vw, 560px\" \/><img decoding=\"async\" class=\"alignnone wp-image-13158 size-full\" src=\"https:\/\/iacrianca.pt\/wp-content\/uploads\/museu2.jpg\" alt=\"\" width=\"676\" height=\"385\" srcset=\"https:\/\/iacrianca.pt\/wp-content\/uploads\/museu2.jpg 676w, https:\/\/iacrianca.pt\/wp-content\/uploads\/museu2-300x171.jpg 300w\" sizes=\"(max-width: 676px) 100vw, 676px\" \/><img loading=\"lazy\" decoding=\"async\" class=\"alignnone wp-image-13152 size-full\" src=\"https:\/\/iacrianca.pt\/wp-content\/uploads\/barrosduarte.jpg\" alt=\"\" width=\"634\" height=\"494\" srcset=\"https:\/\/iacrianca.pt\/wp-content\/uploads\/barrosduarte.jpg 634w, https:\/\/iacrianca.pt\/wp-content\/uploads\/barrosduarte-300x234.jpg 300w\" sizes=\"(max-width: 634px) 100vw, 634px\" \/><img loading=\"lazy\" decoding=\"async\" class=\"alignnone wp-image-13154 size-full\" src=\"https:\/\/iacrianca.pt\/wp-content\/uploads\/barrosduarte2.jpg\" alt=\"\" width=\"667\" height=\"470\" srcset=\"https:\/\/iacrianca.pt\/wp-content\/uploads\/barrosduarte2.jpg 667w, https:\/\/iacrianca.pt\/wp-content\/uploads\/barrosduarte2-300x211.jpg 300w\" sizes=\"(max-width: 667px) 100vw, 667px\" \/> <img loading=\"lazy\" decoding=\"async\" class=\"alignnone wp-image-13160 size-full\" src=\"https:\/\/iacrianca.pt\/wp-content\/uploads\/paulapedro.jpg\" alt=\"\" width=\"658\" height=\"468\" srcset=\"https:\/\/iacrianca.pt\/wp-content\/uploads\/paulapedro.jpg 658w, https:\/\/iacrianca.pt\/wp-content\/uploads\/paulapedro-300x213.jpg 300w\" sizes=\"(max-width: 658px) 100vw, 658px\" \/> <img loading=\"lazy\" decoding=\"async\" class=\"alignnone wp-image-13162 size-full\" src=\"https:\/\/iacrianca.pt\/wp-content\/uploads\/paulapedro2.jpg\" alt=\"\" width=\"670\" height=\"484\" srcset=\"https:\/\/iacrianca.pt\/wp-content\/uploads\/paulapedro2.jpg 670w, https:\/\/iacrianca.pt\/wp-content\/uploads\/paulapedro2-300x217.jpg 300w\" sizes=\"(max-width: 670px) 100vw, 670px\" \/> <img loading=\"lazy\" decoding=\"async\" class=\"alignnone wp-image-13164 size-full\" src=\"https:\/\/iacrianca.pt\/wp-content\/uploads\/paulapedro3.jpg\" alt=\"\" width=\"676\" height=\"426\" srcset=\"https:\/\/iacrianca.pt\/wp-content\/uploads\/paulapedro3.jpg 676w, https:\/\/iacrianca.pt\/wp-content\/uploads\/paulapedro3-300x189.jpg 300w\" sizes=\"(max-width: 676px) 100vw, 676px\" \/> \u00a0<img loading=\"lazy\" decoding=\"async\" class=\"alignnone wp-image-13168 size-full\" src=\"https:\/\/iacrianca.pt\/wp-content\/uploads\/vicentebarros.jpg\" alt=\"\" width=\"544\" height=\"493\" srcset=\"https:\/\/iacrianca.pt\/wp-content\/uploads\/vicentebarros.jpg 544w, https:\/\/iacrianca.pt\/wp-content\/uploads\/vicentebarros-300x272.jpg 300w\" sizes=\"(max-width: 544px) 100vw, 544px\" \/><\/p>\n<p>&nbsp;<\/p>\n","protected":false},"excerpt":{"rendered":"<p>Durante o m\u00eas de abril, M\u00eas da Preven\u00e7\u00e3o dos Maus Tratos na Inf\u00e2ncia, a equipa do IAC- Polo de Coimbra, envolveu-se em diversas atividades e iniciativas de forma a salientar o papel da sociedade civil na luta pelo bem-estar das crian\u00e7as e da necessidade de as proteger, salvaguardando a sua integridade e os seus direitos.&hellip;<\/p>\n","protected":false},"author":2,"featured_media":13150,"comment_status":"open","ping_status":"open","sticky":false,"template":"","format":"standard","meta":{"_acf_changed":false,"footnotes":""},"categories":[63],"tags":[],"class_list":["post-13149","post","type-post","status-publish","format-standard","has-post-thumbnail","hentry","category-newsletter","category-63","description-off"],"acf":[],"yoast_head":"<!-- This site is optimized with the Yoast SEO plugin v27.5 - https:\/\/yoast.com\/product\/yoast-seo-wordpress\/ -->\n<title>O IAC- Polo de Coimbra na Preven\u00e7\u00e3o dos Maus Tratos na Inf\u00e2ncia | Instituto de Apoio \u00e0 Crian\u00e7a<\/title>\n<meta name=\"robots\" content=\"index, follow, max-snippet:-1, max-image-preview:large, max-video-preview:-1\" \/>\n<link rel=\"canonical\" href=\"https:\/\/iacrianca.pt\/en\/2022\/04\/o-iac-polo-de-coimbra-na-prevencao-dos-maus-tratos-na-infancia\/\" \/>\n<meta property=\"og:locale\" content=\"en_US\" \/>\n<meta property=\"og:type\" content=\"article\" \/>\n<meta property=\"og:title\" content=\"O IAC- Polo de Coimbra na Preven\u00e7\u00e3o dos Maus Tratos na Inf\u00e2ncia | Instituto de Apoio \u00e0 Crian\u00e7a\" \/>\n<meta property=\"og:description\" content=\"Durante o m\u00eas de abril, M\u00eas da Preven\u00e7\u00e3o dos Maus Tratos na Inf\u00e2ncia, a equipa do IAC- Polo de Coimbra, envolveu-se em diversas atividades e iniciativas de forma a salientar o papel da sociedade civil na luta pelo bem-estar das crian\u00e7as e da necessidade de as proteger, salvaguardando a sua integridade e os seus direitos.&hellip;\" \/>\n<meta property=\"og:url\" content=\"https:\/\/iacrianca.pt\/en\/2022\/04\/o-iac-polo-de-coimbra-na-prevencao-dos-maus-tratos-na-infancia\/\" \/>\n<meta property=\"og:site_name\" content=\"Instituto de Apoio \u00e0 Crian\u00e7a\" \/>\n<meta property=\"article:publisher\" content=\"https:\/\/www.facebook.com\/iacinstitutodeapoioacrianca\" \/>\n<meta property=\"article:published_time\" content=\"2022-04-28T10:34:30+00:00\" \/>\n<meta property=\"article:modified_time\" content=\"2022-05-09T09:43:30+00:00\" \/>\n<meta property=\"og:image\" content=\"https:\/\/iacrianca.pt\/wp-content\/uploads\/vicentebarros2.jpg\" \/>\n\t<meta property=\"og:image:width\" content=\"651\" \/>\n\t<meta property=\"og:image:height\" content=\"369\" \/>\n\t<meta property=\"og:image:type\" content=\"image\/jpeg\" \/>\n<meta name=\"author\" content=\"Administra\u00e7\u00e3o IAC\" \/>\n<meta name=\"twitter:card\" content=\"summary_large_image\" \/>\n<meta name=\"twitter:creator\" content=\"@iacapoiocrianca\" \/>\n<meta name=\"twitter:site\" content=\"@iacapoiocrianca\" \/>\n<meta name=\"twitter:label1\" content=\"Written by\" \/>\n\t<meta name=\"twitter:data1\" content=\"Administra\u00e7\u00e3o IAC\" \/>\n\t<meta name=\"twitter:label2\" content=\"Est. reading time\" \/>\n\t<meta name=\"twitter:data2\" content=\"6 minutes\" \/>\n<script type=\"application\/ld+json\" class=\"yoast-schema-graph\">{\"@context\":\"https:\\\/\\\/schema.org\",\"@graph\":[{\"@type\":\"Article\",\"@id\":\"https:\\\/\\\/iacrianca.pt\\\/en\\\/2022\\\/04\\\/o-iac-polo-de-coimbra-na-prevencao-dos-maus-tratos-na-infancia\\\/#article\",\"isPartOf\":{\"@id\":\"https:\\\/\\\/iacrianca.pt\\\/en\\\/2022\\\/04\\\/o-iac-polo-de-coimbra-na-prevencao-dos-maus-tratos-na-infancia\\\/\"},\"author\":{\"name\":\"Administra\u00e7\u00e3o IAC\",\"@id\":\"https:\\\/\\\/iacrianca.pt\\\/en\\\/#\\\/schema\\\/person\\\/1c48c6e4b70d0dc7360e4b28ceaa5f6b\"},\"headline\":\"O IAC- Polo de Coimbra na Preven\u00e7\u00e3o dos Maus Tratos na Inf\u00e2ncia\",\"datePublished\":\"2022-04-28T10:34:30+00:00\",\"dateModified\":\"2022-05-09T09:43:30+00:00\",\"mainEntityOfPage\":{\"@id\":\"https:\\\/\\\/iacrianca.pt\\\/en\\\/2022\\\/04\\\/o-iac-polo-de-coimbra-na-prevencao-dos-maus-tratos-na-infancia\\\/\"},\"wordCount\":703,\"commentCount\":0,\"publisher\":{\"@id\":\"https:\\\/\\\/iacrianca.pt\\\/en\\\/#organization\"},\"image\":{\"@id\":\"https:\\\/\\\/iacrianca.pt\\\/en\\\/2022\\\/04\\\/o-iac-polo-de-coimbra-na-prevencao-dos-maus-tratos-na-infancia\\\/#primaryimage\"},\"thumbnailUrl\":\"https:\\\/\\\/iacrianca.pt\\\/wp-content\\\/uploads\\\/vicentebarros2.jpg\",\"articleSection\":[\"Newsletter\"],\"inLanguage\":\"en-US\",\"potentialAction\":[{\"@type\":\"CommentAction\",\"name\":\"Comment\",\"target\":[\"https:\\\/\\\/iacrianca.pt\\\/en\\\/2022\\\/04\\\/o-iac-polo-de-coimbra-na-prevencao-dos-maus-tratos-na-infancia\\\/#respond\"]}]},{\"@type\":\"WebPage\",\"@id\":\"https:\\\/\\\/iacrianca.pt\\\/en\\\/2022\\\/04\\\/o-iac-polo-de-coimbra-na-prevencao-dos-maus-tratos-na-infancia\\\/\",\"url\":\"https:\\\/\\\/iacrianca.pt\\\/en\\\/2022\\\/04\\\/o-iac-polo-de-coimbra-na-prevencao-dos-maus-tratos-na-infancia\\\/\",\"name\":\"O IAC- Polo de Coimbra na Preven\u00e7\u00e3o dos Maus Tratos na Inf\u00e2ncia | Instituto de Apoio \u00e0 Crian\u00e7a\",\"isPartOf\":{\"@id\":\"https:\\\/\\\/iacrianca.pt\\\/en\\\/#website\"},\"primaryImageOfPage\":{\"@id\":\"https:\\\/\\\/iacrianca.pt\\\/en\\\/2022\\\/04\\\/o-iac-polo-de-coimbra-na-prevencao-dos-maus-tratos-na-infancia\\\/#primaryimage\"},\"image\":{\"@id\":\"https:\\\/\\\/iacrianca.pt\\\/en\\\/2022\\\/04\\\/o-iac-polo-de-coimbra-na-prevencao-dos-maus-tratos-na-infancia\\\/#primaryimage\"},\"thumbnailUrl\":\"https:\\\/\\\/iacrianca.pt\\\/wp-content\\\/uploads\\\/vicentebarros2.jpg\",\"datePublished\":\"2022-04-28T10:34:30+00:00\",\"dateModified\":\"2022-05-09T09:43:30+00:00\",\"breadcrumb\":{\"@id\":\"https:\\\/\\\/iacrianca.pt\\\/en\\\/2022\\\/04\\\/o-iac-polo-de-coimbra-na-prevencao-dos-maus-tratos-na-infancia\\\/#breadcrumb\"},\"inLanguage\":\"en-US\",\"potentialAction\":[{\"@type\":\"ReadAction\",\"target\":[\"https:\\\/\\\/iacrianca.pt\\\/en\\\/2022\\\/04\\\/o-iac-polo-de-coimbra-na-prevencao-dos-maus-tratos-na-infancia\\\/\"]}]},{\"@type\":\"ImageObject\",\"inLanguage\":\"en-US\",\"@id\":\"https:\\\/\\\/iacrianca.pt\\\/en\\\/2022\\\/04\\\/o-iac-polo-de-coimbra-na-prevencao-dos-maus-tratos-na-infancia\\\/#primaryimage\",\"url\":\"https:\\\/\\\/iacrianca.pt\\\/wp-content\\\/uploads\\\/vicentebarros2.jpg\",\"contentUrl\":\"https:\\\/\\\/iacrianca.pt\\\/wp-content\\\/uploads\\\/vicentebarros2.jpg\",\"width\":651,\"height\":369},{\"@type\":\"BreadcrumbList\",\"@id\":\"https:\\\/\\\/iacrianca.pt\\\/en\\\/2022\\\/04\\\/o-iac-polo-de-coimbra-na-prevencao-dos-maus-tratos-na-infancia\\\/#breadcrumb\",\"itemListElement\":[{\"@type\":\"ListItem\",\"position\":1,\"name\":\"In\u00edcio\",\"item\":\"https:\\\/\\\/iacrianca.pt\\\/en\\\/\"},{\"@type\":\"ListItem\",\"position\":2,\"name\":\"O IAC- Polo de Coimbra na Preven\u00e7\u00e3o dos Maus Tratos na Inf\u00e2ncia\"}]},{\"@type\":\"WebSite\",\"@id\":\"https:\\\/\\\/iacrianca.pt\\\/en\\\/#website\",\"url\":\"https:\\\/\\\/iacrianca.pt\\\/en\\\/\",\"name\":\"Instituto de Apoio \u00e0 Crian\u00e7a\",\"description\":\"Desde 1983 na defesa e promo\u00e7\u00e3o dos direitos da crian\u00e7a\",\"publisher\":{\"@id\":\"https:\\\/\\\/iacrianca.pt\\\/en\\\/#organization\"},\"potentialAction\":[{\"@type\":\"SearchAction\",\"target\":{\"@type\":\"EntryPoint\",\"urlTemplate\":\"https:\\\/\\\/iacrianca.pt\\\/en\\\/?s={search_term_string}\"},\"query-input\":{\"@type\":\"PropertyValueSpecification\",\"valueRequired\":true,\"valueName\":\"search_term_string\"}}],\"inLanguage\":\"en-US\"},{\"@type\":\"Organization\",\"@id\":\"https:\\\/\\\/iacrianca.pt\\\/en\\\/#organization\",\"name\":\"Instituto de Apoio \u00e0 Crian\u00e7a\",\"url\":\"https:\\\/\\\/iacrianca.pt\\\/en\\\/\",\"logo\":{\"@type\":\"ImageObject\",\"inLanguage\":\"en-US\",\"@id\":\"https:\\\/\\\/iacrianca.pt\\\/en\\\/#\\\/schema\\\/logo\\\/image\\\/\",\"url\":\"https:\\\/\\\/iacrianca.pt\\\/wp-content\\\/uploads\\\/2020\\\/04\\\/logo-iac-SD.jpg\",\"contentUrl\":\"https:\\\/\\\/iacrianca.pt\\\/wp-content\\\/uploads\\\/2020\\\/04\\\/logo-iac-SD.jpg\",\"width\":152,\"height\":73,\"caption\":\"Instituto de Apoio \u00e0 Crian\u00e7a\"},\"image\":{\"@id\":\"https:\\\/\\\/iacrianca.pt\\\/en\\\/#\\\/schema\\\/logo\\\/image\\\/\"},\"sameAs\":[\"https:\\\/\\\/www.facebook.com\\\/iacinstitutodeapoioacrianca\",\"https:\\\/\\\/x.com\\\/iacapoiocrianca\",\"https:\\\/\\\/www.youtube.com\\\/channel\\\/UC0jjfZ_xkN_59gJf_RQ-ZnQ\",\"https:\\\/\\\/www.linkedin.com\\\/company\\\/instituto-de-apoio--criana\\\/\",\"https:\\\/\\\/www.instagram.com\\\/iacinstitutodeapoioacrianca\\\/\",\"https:\\\/\\\/criancasatortoeadireitos.wordpress.com\\\/\"]},{\"@type\":\"Person\",\"@id\":\"https:\\\/\\\/iacrianca.pt\\\/en\\\/#\\\/schema\\\/person\\\/1c48c6e4b70d0dc7360e4b28ceaa5f6b\",\"name\":\"Administra\u00e7\u00e3o IAC\",\"image\":{\"@type\":\"ImageObject\",\"inLanguage\":\"en-US\",\"@id\":\"https:\\\/\\\/secure.gravatar.com\\\/avatar\\\/60b998c71de37dcc1398fc6d48c6b5ed7533e3ceec837c948055f072e3158ff1?s=96&d=mm&r=g\",\"url\":\"https:\\\/\\\/secure.gravatar.com\\\/avatar\\\/60b998c71de37dcc1398fc6d48c6b5ed7533e3ceec837c948055f072e3158ff1?s=96&d=mm&r=g\",\"contentUrl\":\"https:\\\/\\\/secure.gravatar.com\\\/avatar\\\/60b998c71de37dcc1398fc6d48c6b5ed7533e3ceec837c948055f072e3158ff1?s=96&d=mm&r=g\",\"caption\":\"Administra\u00e7\u00e3o IAC\"}}]}<\/script>\n<!-- \/ Yoast SEO plugin. -->","yoast_head_json":{"title":"O IAC- Polo de Coimbra na Preven\u00e7\u00e3o dos Maus Tratos na Inf\u00e2ncia | Instituto de Apoio \u00e0 Crian\u00e7a","robots":{"index":"index","follow":"follow","max-snippet":"max-snippet:-1","max-image-preview":"max-image-preview:large","max-video-preview":"max-video-preview:-1"},"canonical":"https:\/\/iacrianca.pt\/en\/2022\/04\/o-iac-polo-de-coimbra-na-prevencao-dos-maus-tratos-na-infancia\/","og_locale":"en_US","og_type":"article","og_title":"O IAC- Polo de Coimbra na Preven\u00e7\u00e3o dos Maus Tratos na Inf\u00e2ncia | Instituto de Apoio \u00e0 Crian\u00e7a","og_description":"Durante o m\u00eas de abril, M\u00eas da Preven\u00e7\u00e3o dos Maus Tratos na Inf\u00e2ncia, a equipa do IAC- Polo de Coimbra, envolveu-se em diversas atividades e iniciativas de forma a salientar o papel da sociedade civil na luta pelo bem-estar das crian\u00e7as e da necessidade de as proteger, salvaguardando a sua integridade e os seus direitos.&hellip;","og_url":"https:\/\/iacrianca.pt\/en\/2022\/04\/o-iac-polo-de-coimbra-na-prevencao-dos-maus-tratos-na-infancia\/","og_site_name":"Instituto de Apoio \u00e0 Crian\u00e7a","article_publisher":"https:\/\/www.facebook.com\/iacinstitutodeapoioacrianca","article_published_time":"2022-04-28T10:34:30+00:00","article_modified_time":"2022-05-09T09:43:30+00:00","og_image":[{"width":651,"height":369,"url":"https:\/\/iacrianca.pt\/wp-content\/uploads\/vicentebarros2.jpg","type":"image\/jpeg"}],"author":"Administra\u00e7\u00e3o IAC","twitter_card":"summary_large_image","twitter_creator":"@iacapoiocrianca","twitter_site":"@iacapoiocrianca","twitter_misc":{"Written by":"Administra\u00e7\u00e3o IAC","Est. reading time":"6 minutes"},"schema":{"@context":"https:\/\/schema.org","@graph":[{"@type":"Article","@id":"https:\/\/iacrianca.pt\/en\/2022\/04\/o-iac-polo-de-coimbra-na-prevencao-dos-maus-tratos-na-infancia\/#article","isPartOf":{"@id":"https:\/\/iacrianca.pt\/en\/2022\/04\/o-iac-polo-de-coimbra-na-prevencao-dos-maus-tratos-na-infancia\/"},"author":{"name":"Administra\u00e7\u00e3o IAC","@id":"https:\/\/iacrianca.pt\/en\/#\/schema\/person\/1c48c6e4b70d0dc7360e4b28ceaa5f6b"},"headline":"O IAC- Polo de Coimbra na Preven\u00e7\u00e3o dos Maus Tratos na Inf\u00e2ncia","datePublished":"2022-04-28T10:34:30+00:00","dateModified":"2022-05-09T09:43:30+00:00","mainEntityOfPage":{"@id":"https:\/\/iacrianca.pt\/en\/2022\/04\/o-iac-polo-de-coimbra-na-prevencao-dos-maus-tratos-na-infancia\/"},"wordCount":703,"commentCount":0,"publisher":{"@id":"https:\/\/iacrianca.pt\/en\/#organization"},"image":{"@id":"https:\/\/iacrianca.pt\/en\/2022\/04\/o-iac-polo-de-coimbra-na-prevencao-dos-maus-tratos-na-infancia\/#primaryimage"},"thumbnailUrl":"https:\/\/iacrianca.pt\/wp-content\/uploads\/vicentebarros2.jpg","articleSection":["Newsletter"],"inLanguage":"en-US","potentialAction":[{"@type":"CommentAction","name":"Comment","target":["https:\/\/iacrianca.pt\/en\/2022\/04\/o-iac-polo-de-coimbra-na-prevencao-dos-maus-tratos-na-infancia\/#respond"]}]},{"@type":"WebPage","@id":"https:\/\/iacrianca.pt\/en\/2022\/04\/o-iac-polo-de-coimbra-na-prevencao-dos-maus-tratos-na-infancia\/","url":"https:\/\/iacrianca.pt\/en\/2022\/04\/o-iac-polo-de-coimbra-na-prevencao-dos-maus-tratos-na-infancia\/","name":"O IAC- Polo de Coimbra na Preven\u00e7\u00e3o dos Maus Tratos na Inf\u00e2ncia | Instituto de Apoio \u00e0 Crian\u00e7a","isPartOf":{"@id":"https:\/\/iacrianca.pt\/en\/#website"},"primaryImageOfPage":{"@id":"https:\/\/iacrianca.pt\/en\/2022\/04\/o-iac-polo-de-coimbra-na-prevencao-dos-maus-tratos-na-infancia\/#primaryimage"},"image":{"@id":"https:\/\/iacrianca.pt\/en\/2022\/04\/o-iac-polo-de-coimbra-na-prevencao-dos-maus-tratos-na-infancia\/#primaryimage"},"thumbnailUrl":"https:\/\/iacrianca.pt\/wp-content\/uploads\/vicentebarros2.jpg","datePublished":"2022-04-28T10:34:30+00:00","dateModified":"2022-05-09T09:43:30+00:00","breadcrumb":{"@id":"https:\/\/iacrianca.pt\/en\/2022\/04\/o-iac-polo-de-coimbra-na-prevencao-dos-maus-tratos-na-infancia\/#breadcrumb"},"inLanguage":"en-US","potentialAction":[{"@type":"ReadAction","target":["https:\/\/iacrianca.pt\/en\/2022\/04\/o-iac-polo-de-coimbra-na-prevencao-dos-maus-tratos-na-infancia\/"]}]},{"@type":"ImageObject","inLanguage":"en-US","@id":"https:\/\/iacrianca.pt\/en\/2022\/04\/o-iac-polo-de-coimbra-na-prevencao-dos-maus-tratos-na-infancia\/#primaryimage","url":"https:\/\/iacrianca.pt\/wp-content\/uploads\/vicentebarros2.jpg","contentUrl":"https:\/\/iacrianca.pt\/wp-content\/uploads\/vicentebarros2.jpg","width":651,"height":369},{"@type":"BreadcrumbList","@id":"https:\/\/iacrianca.pt\/en\/2022\/04\/o-iac-polo-de-coimbra-na-prevencao-dos-maus-tratos-na-infancia\/#breadcrumb","itemListElement":[{"@type":"ListItem","position":1,"name":"In\u00edcio","item":"https:\/\/iacrianca.pt\/en\/"},{"@type":"ListItem","position":2,"name":"O IAC- Polo de Coimbra na Preven\u00e7\u00e3o dos Maus Tratos na Inf\u00e2ncia"}]},{"@type":"WebSite","@id":"https:\/\/iacrianca.pt\/en\/#website","url":"https:\/\/iacrianca.pt\/en\/","name":"Instituto de Apoio \u00e0 Crian\u00e7a","description":"Desde 1983 na defesa e promo\u00e7\u00e3o dos direitos da crian\u00e7a","publisher":{"@id":"https:\/\/iacrianca.pt\/en\/#organization"},"potentialAction":[{"@type":"SearchAction","target":{"@type":"EntryPoint","urlTemplate":"https:\/\/iacrianca.pt\/en\/?s={search_term_string}"},"query-input":{"@type":"PropertyValueSpecification","valueRequired":true,"valueName":"search_term_string"}}],"inLanguage":"en-US"},{"@type":"Organization","@id":"https:\/\/iacrianca.pt\/en\/#organization","name":"Instituto de Apoio \u00e0 Crian\u00e7a","url":"https:\/\/iacrianca.pt\/en\/","logo":{"@type":"ImageObject","inLanguage":"en-US","@id":"https:\/\/iacrianca.pt\/en\/#\/schema\/logo\/image\/","url":"https:\/\/iacrianca.pt\/wp-content\/uploads\/2020\/04\/logo-iac-SD.jpg","contentUrl":"https:\/\/iacrianca.pt\/wp-content\/uploads\/2020\/04\/logo-iac-SD.jpg","width":152,"height":73,"caption":"Instituto de Apoio \u00e0 Crian\u00e7a"},"image":{"@id":"https:\/\/iacrianca.pt\/en\/#\/schema\/logo\/image\/"},"sameAs":["https:\/\/www.facebook.com\/iacinstitutodeapoioacrianca","https:\/\/x.com\/iacapoiocrianca","https:\/\/www.youtube.com\/channel\/UC0jjfZ_xkN_59gJf_RQ-ZnQ","https:\/\/www.linkedin.com\/company\/instituto-de-apoio--criana\/","https:\/\/www.instagram.com\/iacinstitutodeapoioacrianca\/","https:\/\/criancasatortoeadireitos.wordpress.com\/"]},{"@type":"Person","@id":"https:\/\/iacrianca.pt\/en\/#\/schema\/person\/1c48c6e4b70d0dc7360e4b28ceaa5f6b","name":"Administra\u00e7\u00e3o IAC","image":{"@type":"ImageObject","inLanguage":"en-US","@id":"https:\/\/secure.gravatar.com\/avatar\/60b998c71de37dcc1398fc6d48c6b5ed7533e3ceec837c948055f072e3158ff1?s=96&d=mm&r=g","url":"https:\/\/secure.gravatar.com\/avatar\/60b998c71de37dcc1398fc6d48c6b5ed7533e3ceec837c948055f072e3158ff1?s=96&d=mm&r=g","contentUrl":"https:\/\/secure.gravatar.com\/avatar\/60b998c71de37dcc1398fc6d48c6b5ed7533e3ceec837c948055f072e3158ff1?s=96&d=mm&r=g","caption":"Administra\u00e7\u00e3o IAC"}}]}},"_links":{"self":[{"href":"https:\/\/iacrianca.pt\/en\/wp-json\/wp\/v2\/posts\/13149","targetHints":{"allow":["GET"]}}],"collection":[{"href":"https:\/\/iacrianca.pt\/en\/wp-json\/wp\/v2\/posts"}],"about":[{"href":"https:\/\/iacrianca.pt\/en\/wp-json\/wp\/v2\/types\/post"}],"author":[{"embeddable":true,"href":"https:\/\/iacrianca.pt\/en\/wp-json\/wp\/v2\/users\/2"}],"replies":[{"embeddable":true,"href":"https:\/\/iacrianca.pt\/en\/wp-json\/wp\/v2\/comments?post=13149"}],"version-history":[{"count":0,"href":"https:\/\/iacrianca.pt\/en\/wp-json\/wp\/v2\/posts\/13149\/revisions"}],"wp:featuredmedia":[{"embeddable":true,"href":"https:\/\/iacrianca.pt\/en\/wp-json\/wp\/v2\/media\/13150"}],"wp:attachment":[{"href":"https:\/\/iacrianca.pt\/en\/wp-json\/wp\/v2\/media?parent=13149"}],"wp:term":[{"taxonomy":"category","embeddable":true,"href":"https:\/\/iacrianca.pt\/en\/wp-json\/wp\/v2\/categories?post=13149"},{"taxonomy":"post_tag","embeddable":true,"href":"https:\/\/iacrianca.pt\/en\/wp-json\/wp\/v2\/tags?post=13149"}],"curies":[{"name":"wp","href":"https:\/\/api.w.org\/{rel}","templated":true}]}}