{"id":13309,"date":"2022-05-06T16:23:59","date_gmt":"2022-05-06T15:23:59","guid":{"rendered":"https:\/\/iacrianca.pt\/?p=13309"},"modified":"2022-05-06T16:25:33","modified_gmt":"2022-05-06T15:25:33","slug":"encontro-nem-mais-uma-palmada-1-de-junho-na-fundacao-champalimaud-em-lisboa","status":"publish","type":"post","link":"https:\/\/iacrianca.pt\/en\/2022\/05\/encontro-nem-mais-uma-palmada-1-de-junho-na-fundacao-champalimaud-em-lisboa\/","title":{"rendered":"Encontro &#8220;Nem Mais uma Palmada&#8221; 1 de junho na Funda\u00e7\u00e3o Champalimaud em Lisboa"},"content":{"rendered":"<div dir=\"auto\">\n<p><span class=\"x_TextRun x_SCXW156715736 x_BCX0\" lang=\"PT-PT\"><span class=\"x_NormalTextRun x_SCXW156715736 x_BCX0 x_elementToProof\">O Instituto de Apoio \u00e0 Crian\u00e7a est\u00e1 a organizar o Encontro \u201cNem Mais uma Palmada\u201d, a realizar no pr\u00f3ximo dia 01 de junho de 2022, na Funda\u00e7\u00e3o Champalimaud, em Lisboa.<\/span><\/span><span class=\"x_EOP x_SCXW156715736 x_BCX0\">\u00a0<\/span><\/p>\n<div class=\"x_OutlineElement x_Ltr x_SCXW156715736 x_BCX0\">\n<p class=\"x_Paragraph x_SCXW156715736 x_BCX0\"><span class=\"x_TextRun x_SCXW156715736 x_BCX0\" lang=\"PT-PT\"><span class=\"x_NormalTextRun x_SCXW156715736 x_BCX0\">Este Encontro insere-se na Campanha que o IAC iniciou no passado dia 22 de fevereiro de 2022, Dia Europeu da V\u00edtima de Crime, que visa combater a viol\u00eancia contra as crian\u00e7as, com particular foco nos castigos corporais e que conta com o Alto Patroc\u00ednio de Sua Excel\u00eancia o Presidente da Rep\u00fablica. Ser\u00e1 um momento inicial de reflex\u00e3o conjunta no qual ser\u00e1 apresentada a estrat\u00e9gia nacional da Campanha \u201cNem Mais uma Palmada\u201d.<\/span><\/span><span class=\"x_EOP x_SCXW156715736 x_BCX0\">\u00a0<\/span><\/p>\n<\/div>\n<div class=\"x_OutlineElement x_Ltr x_SCXW156715736 x_BCX0\">\n<p class=\"x_Paragraph x_SCXW156715736 x_BCX0 x_elementToProof\"><span class=\"x_TextRun x_SCXW156715736 x_BCX0\" lang=\"PT-PT\"><span class=\"x_NormalTextRun x_SCXW156715736 x_BCX0\">\u00c9 nossa inten\u00e7\u00e3o envolvermos o maior n\u00famero de pessoas e institui\u00e7\u00f5es nacionais nesta causa, de forma a conseguirmos erradicar a viol\u00eancia do quotidiano das nossas crian\u00e7as e, por isso, convidamo-lo a participar nesta reflex\u00e3o inicial e a tornar-se um apoiante ativo desta campanha. Mais informa\u00e7\u00f5es em <\/span><a href=\"https:\/\/iacrianca.pt\/nem-mais-uma-palmada\/\"><span class=\"x_NormalTextRun x_SCXW156715736 x_BCX0\">\u00a0https:\/\/iacrianca.pt\/nem-mais-uma-palmada\/<\/span><\/a><\/span><\/p>\n<p class=\"x_Paragraph x_SCXW156715736 x_BCX0 x_elementToProof\"><span class=\"x_EOP x_SCXW156715736 x_BCX0\">O Encontro \u00e9 gratuito, com inscri\u00e7\u00e3o obrigat\u00f3ria atrav\u00e9s do link:\u00a0<a href=\"https:\/\/forms.gle\/8RSJdrAZFHLNTjKH7\" target=\"_blank\" rel=\"noopener noreferrer\" data-auth=\"NotApplicable\" data-linkindex=\"1\">https:\/\/forms.gle\/8RSJdrAZFHLNTjKH7<\/a><\/span><\/p>\n<\/div>\n<p><img fetchpriority=\"high\" decoding=\"async\" class=\"alignnone wp-image-13312 size-full\" src=\"https:\/\/iacrianca.pt\/wp-content\/uploads\/thumbnail_Encontro-Programa.png\" alt=\"\" width=\"904\" height=\"1280\" srcset=\"https:\/\/iacrianca.pt\/wp-content\/uploads\/thumbnail_Encontro-Programa.png 904w, https:\/\/iacrianca.pt\/wp-content\/uploads\/thumbnail_Encontro-Programa-212x300.png 212w, https:\/\/iacrianca.pt\/wp-content\/uploads\/thumbnail_Encontro-Programa-723x1024.png 723w, https:\/\/iacrianca.pt\/wp-content\/uploads\/thumbnail_Encontro-Programa-768x1087.png 768w\" sizes=\"(max-width: 904px) 100vw, 904px\" \/><\/p>\n<\/div>\n","protected":false},"excerpt":{"rendered":"<p>O Instituto de Apoio \u00e0 Crian\u00e7a est\u00e1 a organizar o Encontro \u201cNem Mais uma Palmada\u201d, a realizar no pr\u00f3ximo dia 01 de junho de 2022, na Funda\u00e7\u00e3o Champalimaud, em Lisboa.\u00a0 Este Encontro insere-se na Campanha que o IAC iniciou no passado dia 22 de fevereiro de 2022, Dia Europeu da V\u00edtima de Crime, que visa&hellip;<\/p>\n","protected":false},"author":2,"featured_media":13310,"comment_status":"closed","ping_status":"open","sticky":false,"template":"","format":"standard","meta":{"_acf_changed":false,"footnotes":""},"categories":[46],"tags":[],"class_list":["post-13309","post","type-post","status-publish","format-standard","has-post-thumbnail","hentry","category-eventos","category-46","description-off"],"acf":[],"yoast_head":"<!-- This site is optimized with the Yoast SEO plugin v27.5 - https:\/\/yoast.com\/product\/yoast-seo-wordpress\/ -->\n<title>Encontro &quot;Nem Mais uma Palmada&quot; 1 de junho na Funda\u00e7\u00e3o Champalimaud em Lisboa | Instituto de Apoio \u00e0 Crian\u00e7a<\/title>\n<meta name=\"robots\" content=\"index, follow, max-snippet:-1, max-image-preview:large, max-video-preview:-1\" \/>\n<link rel=\"canonical\" href=\"https:\/\/iacrianca.pt\/en\/2022\/05\/encontro-nem-mais-uma-palmada-1-de-junho-na-fundacao-champalimaud-em-lisboa\/\" \/>\n<meta property=\"og:locale\" content=\"en_US\" \/>\n<meta property=\"og:type\" content=\"article\" \/>\n<meta property=\"og:title\" content=\"Encontro &quot;Nem Mais uma Palmada&quot; 1 de junho na Funda\u00e7\u00e3o Champalimaud em Lisboa | Instituto de Apoio \u00e0 Crian\u00e7a\" \/>\n<meta property=\"og:description\" content=\"O Instituto de Apoio \u00e0 Crian\u00e7a est\u00e1 a organizar o Encontro \u201cNem Mais uma Palmada\u201d, a realizar no pr\u00f3ximo dia 01 de junho de 2022, na Funda\u00e7\u00e3o Champalimaud, em Lisboa.\u00a0 Este Encontro insere-se na Campanha que o IAC iniciou no passado dia 22 de fevereiro de 2022, Dia Europeu da V\u00edtima de Crime, que visa&hellip;\" \/>\n<meta property=\"og:url\" content=\"https:\/\/iacrianca.pt\/en\/2022\/05\/encontro-nem-mais-uma-palmada-1-de-junho-na-fundacao-champalimaud-em-lisboa\/\" \/>\n<meta property=\"og:site_name\" content=\"Instituto de Apoio \u00e0 Crian\u00e7a\" \/>\n<meta property=\"article:publisher\" content=\"https:\/\/www.facebook.com\/iacinstitutodeapoioacrianca\" \/>\n<meta property=\"article:published_time\" content=\"2022-05-06T15:23:59+00:00\" \/>\n<meta property=\"article:modified_time\" content=\"2022-05-06T15:25:33+00:00\" \/>\n<meta property=\"og:image\" content=\"https:\/\/iacrianca.pt\/wp-content\/uploads\/palmada2.jpg\" \/>\n\t<meta property=\"og:image:width\" content=\"1300\" \/>\n\t<meta property=\"og:image:height\" content=\"1300\" \/>\n\t<meta property=\"og:image:type\" content=\"image\/jpeg\" \/>\n<meta name=\"author\" content=\"Administra\u00e7\u00e3o IAC\" \/>\n<meta name=\"twitter:card\" content=\"summary_large_image\" \/>\n<meta name=\"twitter:creator\" content=\"@iacapoiocrianca\" \/>\n<meta name=\"twitter:site\" content=\"@iacapoiocrianca\" \/>\n<meta name=\"twitter:label1\" content=\"Written by\" \/>\n\t<meta name=\"twitter:data1\" content=\"Administra\u00e7\u00e3o IAC\" \/>\n\t<meta name=\"twitter:label2\" content=\"Est. reading time\" \/>\n\t<meta name=\"twitter:data2\" content=\"2 minutes\" \/>\n<script type=\"application\/ld+json\" class=\"yoast-schema-graph\">{\"@context\":\"https:\\\/\\\/schema.org\",\"@graph\":[{\"@type\":\"Article\",\"@id\":\"https:\\\/\\\/iacrianca.pt\\\/en\\\/2022\\\/05\\\/encontro-nem-mais-uma-palmada-1-de-junho-na-fundacao-champalimaud-em-lisboa\\\/#article\",\"isPartOf\":{\"@id\":\"https:\\\/\\\/iacrianca.pt\\\/en\\\/2022\\\/05\\\/encontro-nem-mais-uma-palmada-1-de-junho-na-fundacao-champalimaud-em-lisboa\\\/\"},\"author\":{\"name\":\"Administra\u00e7\u00e3o IAC\",\"@id\":\"https:\\\/\\\/iacrianca.pt\\\/en\\\/#\\\/schema\\\/person\\\/1c48c6e4b70d0dc7360e4b28ceaa5f6b\"},\"headline\":\"Encontro &#8220;Nem Mais uma Palmada&#8221; 1 de junho na Funda\u00e7\u00e3o Champalimaud em Lisboa\",\"datePublished\":\"2022-05-06T15:23:59+00:00\",\"dateModified\":\"2022-05-06T15:25:33+00:00\",\"mainEntityOfPage\":{\"@id\":\"https:\\\/\\\/iacrianca.pt\\\/en\\\/2022\\\/05\\\/encontro-nem-mais-uma-palmada-1-de-junho-na-fundacao-champalimaud-em-lisboa\\\/\"},\"wordCount\":192,\"publisher\":{\"@id\":\"https:\\\/\\\/iacrianca.pt\\\/en\\\/#organization\"},\"image\":{\"@id\":\"https:\\\/\\\/iacrianca.pt\\\/en\\\/2022\\\/05\\\/encontro-nem-mais-uma-palmada-1-de-junho-na-fundacao-champalimaud-em-lisboa\\\/#primaryimage\"},\"thumbnailUrl\":\"https:\\\/\\\/iacrianca.pt\\\/wp-content\\\/uploads\\\/palmada2.jpg\",\"articleSection\":[\"Eventos\"],\"inLanguage\":\"en-US\"},{\"@type\":\"WebPage\",\"@id\":\"https:\\\/\\\/iacrianca.pt\\\/en\\\/2022\\\/05\\\/encontro-nem-mais-uma-palmada-1-de-junho-na-fundacao-champalimaud-em-lisboa\\\/\",\"url\":\"https:\\\/\\\/iacrianca.pt\\\/en\\\/2022\\\/05\\\/encontro-nem-mais-uma-palmada-1-de-junho-na-fundacao-champalimaud-em-lisboa\\\/\",\"name\":\"Encontro \\\"Nem Mais uma Palmada\\\" 1 de junho na Funda\u00e7\u00e3o Champalimaud em Lisboa | Instituto de Apoio \u00e0 Crian\u00e7a\",\"isPartOf\":{\"@id\":\"https:\\\/\\\/iacrianca.pt\\\/en\\\/#website\"},\"primaryImageOfPage\":{\"@id\":\"https:\\\/\\\/iacrianca.pt\\\/en\\\/2022\\\/05\\\/encontro-nem-mais-uma-palmada-1-de-junho-na-fundacao-champalimaud-em-lisboa\\\/#primaryimage\"},\"image\":{\"@id\":\"https:\\\/\\\/iacrianca.pt\\\/en\\\/2022\\\/05\\\/encontro-nem-mais-uma-palmada-1-de-junho-na-fundacao-champalimaud-em-lisboa\\\/#primaryimage\"},\"thumbnailUrl\":\"https:\\\/\\\/iacrianca.pt\\\/wp-content\\\/uploads\\\/palmada2.jpg\",\"datePublished\":\"2022-05-06T15:23:59+00:00\",\"dateModified\":\"2022-05-06T15:25:33+00:00\",\"breadcrumb\":{\"@id\":\"https:\\\/\\\/iacrianca.pt\\\/en\\\/2022\\\/05\\\/encontro-nem-mais-uma-palmada-1-de-junho-na-fundacao-champalimaud-em-lisboa\\\/#breadcrumb\"},\"inLanguage\":\"en-US\",\"potentialAction\":[{\"@type\":\"ReadAction\",\"target\":[\"https:\\\/\\\/iacrianca.pt\\\/en\\\/2022\\\/05\\\/encontro-nem-mais-uma-palmada-1-de-junho-na-fundacao-champalimaud-em-lisboa\\\/\"]}]},{\"@type\":\"ImageObject\",\"inLanguage\":\"en-US\",\"@id\":\"https:\\\/\\\/iacrianca.pt\\\/en\\\/2022\\\/05\\\/encontro-nem-mais-uma-palmada-1-de-junho-na-fundacao-champalimaud-em-lisboa\\\/#primaryimage\",\"url\":\"https:\\\/\\\/iacrianca.pt\\\/wp-content\\\/uploads\\\/palmada2.jpg\",\"contentUrl\":\"https:\\\/\\\/iacrianca.pt\\\/wp-content\\\/uploads\\\/palmada2.jpg\",\"width\":1300,\"height\":1300},{\"@type\":\"BreadcrumbList\",\"@id\":\"https:\\\/\\\/iacrianca.pt\\\/en\\\/2022\\\/05\\\/encontro-nem-mais-uma-palmada-1-de-junho-na-fundacao-champalimaud-em-lisboa\\\/#breadcrumb\",\"itemListElement\":[{\"@type\":\"ListItem\",\"position\":1,\"name\":\"In\u00edcio\",\"item\":\"https:\\\/\\\/iacrianca.pt\\\/en\\\/\"},{\"@type\":\"ListItem\",\"position\":2,\"name\":\"Encontro &#8220;Nem Mais uma Palmada&#8221; 1 de junho na Funda\u00e7\u00e3o Champalimaud em Lisboa\"}]},{\"@type\":\"WebSite\",\"@id\":\"https:\\\/\\\/iacrianca.pt\\\/en\\\/#website\",\"url\":\"https:\\\/\\\/iacrianca.pt\\\/en\\\/\",\"name\":\"Instituto de Apoio \u00e0 Crian\u00e7a\",\"description\":\"Desde 1983 na defesa e promo\u00e7\u00e3o dos direitos da crian\u00e7a\",\"publisher\":{\"@id\":\"https:\\\/\\\/iacrianca.pt\\\/en\\\/#organization\"},\"potentialAction\":[{\"@type\":\"SearchAction\",\"target\":{\"@type\":\"EntryPoint\",\"urlTemplate\":\"https:\\\/\\\/iacrianca.pt\\\/en\\\/?s={search_term_string}\"},\"query-input\":{\"@type\":\"PropertyValueSpecification\",\"valueRequired\":true,\"valueName\":\"search_term_string\"}}],\"inLanguage\":\"en-US\"},{\"@type\":\"Organization\",\"@id\":\"https:\\\/\\\/iacrianca.pt\\\/en\\\/#organization\",\"name\":\"Instituto de Apoio \u00e0 Crian\u00e7a\",\"url\":\"https:\\\/\\\/iacrianca.pt\\\/en\\\/\",\"logo\":{\"@type\":\"ImageObject\",\"inLanguage\":\"en-US\",\"@id\":\"https:\\\/\\\/iacrianca.pt\\\/en\\\/#\\\/schema\\\/logo\\\/image\\\/\",\"url\":\"https:\\\/\\\/iacrianca.pt\\\/wp-content\\\/uploads\\\/2020\\\/04\\\/logo-iac-SD.jpg\",\"contentUrl\":\"https:\\\/\\\/iacrianca.pt\\\/wp-content\\\/uploads\\\/2020\\\/04\\\/logo-iac-SD.jpg\",\"width\":152,\"height\":73,\"caption\":\"Instituto de Apoio \u00e0 Crian\u00e7a\"},\"image\":{\"@id\":\"https:\\\/\\\/iacrianca.pt\\\/en\\\/#\\\/schema\\\/logo\\\/image\\\/\"},\"sameAs\":[\"https:\\\/\\\/www.facebook.com\\\/iacinstitutodeapoioacrianca\",\"https:\\\/\\\/x.com\\\/iacapoiocrianca\",\"https:\\\/\\\/www.youtube.com\\\/channel\\\/UC0jjfZ_xkN_59gJf_RQ-ZnQ\",\"https:\\\/\\\/www.linkedin.com\\\/company\\\/instituto-de-apoio--criana\\\/\",\"https:\\\/\\\/www.instagram.com\\\/iacinstitutodeapoioacrianca\\\/\",\"https:\\\/\\\/criancasatortoeadireitos.wordpress.com\\\/\"]},{\"@type\":\"Person\",\"@id\":\"https:\\\/\\\/iacrianca.pt\\\/en\\\/#\\\/schema\\\/person\\\/1c48c6e4b70d0dc7360e4b28ceaa5f6b\",\"name\":\"Administra\u00e7\u00e3o IAC\",\"image\":{\"@type\":\"ImageObject\",\"inLanguage\":\"en-US\",\"@id\":\"https:\\\/\\\/secure.gravatar.com\\\/avatar\\\/60b998c71de37dcc1398fc6d48c6b5ed7533e3ceec837c948055f072e3158ff1?s=96&d=mm&r=g\",\"url\":\"https:\\\/\\\/secure.gravatar.com\\\/avatar\\\/60b998c71de37dcc1398fc6d48c6b5ed7533e3ceec837c948055f072e3158ff1?s=96&d=mm&r=g\",\"contentUrl\":\"https:\\\/\\\/secure.gravatar.com\\\/avatar\\\/60b998c71de37dcc1398fc6d48c6b5ed7533e3ceec837c948055f072e3158ff1?s=96&d=mm&r=g\",\"caption\":\"Administra\u00e7\u00e3o IAC\"}}]}<\/script>\n<!-- \/ Yoast SEO plugin. -->","yoast_head_json":{"title":"Encontro \"Nem Mais uma Palmada\" 1 de junho na Funda\u00e7\u00e3o Champalimaud em Lisboa | Instituto de Apoio \u00e0 Crian\u00e7a","robots":{"index":"index","follow":"follow","max-snippet":"max-snippet:-1","max-image-preview":"max-image-preview:large","max-video-preview":"max-video-preview:-1"},"canonical":"https:\/\/iacrianca.pt\/en\/2022\/05\/encontro-nem-mais-uma-palmada-1-de-junho-na-fundacao-champalimaud-em-lisboa\/","og_locale":"en_US","og_type":"article","og_title":"Encontro \"Nem Mais uma Palmada\" 1 de junho na Funda\u00e7\u00e3o Champalimaud em Lisboa | Instituto de Apoio \u00e0 Crian\u00e7a","og_description":"O Instituto de Apoio \u00e0 Crian\u00e7a est\u00e1 a organizar o Encontro \u201cNem Mais uma Palmada\u201d, a realizar no pr\u00f3ximo dia 01 de junho de 2022, na Funda\u00e7\u00e3o Champalimaud, em Lisboa.\u00a0 Este Encontro insere-se na Campanha que o IAC iniciou no passado dia 22 de fevereiro de 2022, Dia Europeu da V\u00edtima de Crime, que visa&hellip;","og_url":"https:\/\/iacrianca.pt\/en\/2022\/05\/encontro-nem-mais-uma-palmada-1-de-junho-na-fundacao-champalimaud-em-lisboa\/","og_site_name":"Instituto de Apoio \u00e0 Crian\u00e7a","article_publisher":"https:\/\/www.facebook.com\/iacinstitutodeapoioacrianca","article_published_time":"2022-05-06T15:23:59+00:00","article_modified_time":"2022-05-06T15:25:33+00:00","og_image":[{"width":1300,"height":1300,"url":"https:\/\/iacrianca.pt\/wp-content\/uploads\/palmada2.jpg","type":"image\/jpeg"}],"author":"Administra\u00e7\u00e3o IAC","twitter_card":"summary_large_image","twitter_creator":"@iacapoiocrianca","twitter_site":"@iacapoiocrianca","twitter_misc":{"Written by":"Administra\u00e7\u00e3o IAC","Est. reading time":"2 minutes"},"schema":{"@context":"https:\/\/schema.org","@graph":[{"@type":"Article","@id":"https:\/\/iacrianca.pt\/en\/2022\/05\/encontro-nem-mais-uma-palmada-1-de-junho-na-fundacao-champalimaud-em-lisboa\/#article","isPartOf":{"@id":"https:\/\/iacrianca.pt\/en\/2022\/05\/encontro-nem-mais-uma-palmada-1-de-junho-na-fundacao-champalimaud-em-lisboa\/"},"author":{"name":"Administra\u00e7\u00e3o IAC","@id":"https:\/\/iacrianca.pt\/en\/#\/schema\/person\/1c48c6e4b70d0dc7360e4b28ceaa5f6b"},"headline":"Encontro &#8220;Nem Mais uma Palmada&#8221; 1 de junho na Funda\u00e7\u00e3o Champalimaud em Lisboa","datePublished":"2022-05-06T15:23:59+00:00","dateModified":"2022-05-06T15:25:33+00:00","mainEntityOfPage":{"@id":"https:\/\/iacrianca.pt\/en\/2022\/05\/encontro-nem-mais-uma-palmada-1-de-junho-na-fundacao-champalimaud-em-lisboa\/"},"wordCount":192,"publisher":{"@id":"https:\/\/iacrianca.pt\/en\/#organization"},"image":{"@id":"https:\/\/iacrianca.pt\/en\/2022\/05\/encontro-nem-mais-uma-palmada-1-de-junho-na-fundacao-champalimaud-em-lisboa\/#primaryimage"},"thumbnailUrl":"https:\/\/iacrianca.pt\/wp-content\/uploads\/palmada2.jpg","articleSection":["Eventos"],"inLanguage":"en-US"},{"@type":"WebPage","@id":"https:\/\/iacrianca.pt\/en\/2022\/05\/encontro-nem-mais-uma-palmada-1-de-junho-na-fundacao-champalimaud-em-lisboa\/","url":"https:\/\/iacrianca.pt\/en\/2022\/05\/encontro-nem-mais-uma-palmada-1-de-junho-na-fundacao-champalimaud-em-lisboa\/","name":"Encontro \"Nem Mais uma Palmada\" 1 de junho na Funda\u00e7\u00e3o Champalimaud em Lisboa | Instituto de Apoio \u00e0 Crian\u00e7a","isPartOf":{"@id":"https:\/\/iacrianca.pt\/en\/#website"},"primaryImageOfPage":{"@id":"https:\/\/iacrianca.pt\/en\/2022\/05\/encontro-nem-mais-uma-palmada-1-de-junho-na-fundacao-champalimaud-em-lisboa\/#primaryimage"},"image":{"@id":"https:\/\/iacrianca.pt\/en\/2022\/05\/encontro-nem-mais-uma-palmada-1-de-junho-na-fundacao-champalimaud-em-lisboa\/#primaryimage"},"thumbnailUrl":"https:\/\/iacrianca.pt\/wp-content\/uploads\/palmada2.jpg","datePublished":"2022-05-06T15:23:59+00:00","dateModified":"2022-05-06T15:25:33+00:00","breadcrumb":{"@id":"https:\/\/iacrianca.pt\/en\/2022\/05\/encontro-nem-mais-uma-palmada-1-de-junho-na-fundacao-champalimaud-em-lisboa\/#breadcrumb"},"inLanguage":"en-US","potentialAction":[{"@type":"ReadAction","target":["https:\/\/iacrianca.pt\/en\/2022\/05\/encontro-nem-mais-uma-palmada-1-de-junho-na-fundacao-champalimaud-em-lisboa\/"]}]},{"@type":"ImageObject","inLanguage":"en-US","@id":"https:\/\/iacrianca.pt\/en\/2022\/05\/encontro-nem-mais-uma-palmada-1-de-junho-na-fundacao-champalimaud-em-lisboa\/#primaryimage","url":"https:\/\/iacrianca.pt\/wp-content\/uploads\/palmada2.jpg","contentUrl":"https:\/\/iacrianca.pt\/wp-content\/uploads\/palmada2.jpg","width":1300,"height":1300},{"@type":"BreadcrumbList","@id":"https:\/\/iacrianca.pt\/en\/2022\/05\/encontro-nem-mais-uma-palmada-1-de-junho-na-fundacao-champalimaud-em-lisboa\/#breadcrumb","itemListElement":[{"@type":"ListItem","position":1,"name":"In\u00edcio","item":"https:\/\/iacrianca.pt\/en\/"},{"@type":"ListItem","position":2,"name":"Encontro &#8220;Nem Mais uma Palmada&#8221; 1 de junho na Funda\u00e7\u00e3o Champalimaud em Lisboa"}]},{"@type":"WebSite","@id":"https:\/\/iacrianca.pt\/en\/#website","url":"https:\/\/iacrianca.pt\/en\/","name":"Instituto de Apoio \u00e0 Crian\u00e7a","description":"Desde 1983 na defesa e promo\u00e7\u00e3o dos direitos da crian\u00e7a","publisher":{"@id":"https:\/\/iacrianca.pt\/en\/#organization"},"potentialAction":[{"@type":"SearchAction","target":{"@type":"EntryPoint","urlTemplate":"https:\/\/iacrianca.pt\/en\/?s={search_term_string}"},"query-input":{"@type":"PropertyValueSpecification","valueRequired":true,"valueName":"search_term_string"}}],"inLanguage":"en-US"},{"@type":"Organization","@id":"https:\/\/iacrianca.pt\/en\/#organization","name":"Instituto de Apoio \u00e0 Crian\u00e7a","url":"https:\/\/iacrianca.pt\/en\/","logo":{"@type":"ImageObject","inLanguage":"en-US","@id":"https:\/\/iacrianca.pt\/en\/#\/schema\/logo\/image\/","url":"https:\/\/iacrianca.pt\/wp-content\/uploads\/2020\/04\/logo-iac-SD.jpg","contentUrl":"https:\/\/iacrianca.pt\/wp-content\/uploads\/2020\/04\/logo-iac-SD.jpg","width":152,"height":73,"caption":"Instituto de Apoio \u00e0 Crian\u00e7a"},"image":{"@id":"https:\/\/iacrianca.pt\/en\/#\/schema\/logo\/image\/"},"sameAs":["https:\/\/www.facebook.com\/iacinstitutodeapoioacrianca","https:\/\/x.com\/iacapoiocrianca","https:\/\/www.youtube.com\/channel\/UC0jjfZ_xkN_59gJf_RQ-ZnQ","https:\/\/www.linkedin.com\/company\/instituto-de-apoio--criana\/","https:\/\/www.instagram.com\/iacinstitutodeapoioacrianca\/","https:\/\/criancasatortoeadireitos.wordpress.com\/"]},{"@type":"Person","@id":"https:\/\/iacrianca.pt\/en\/#\/schema\/person\/1c48c6e4b70d0dc7360e4b28ceaa5f6b","name":"Administra\u00e7\u00e3o IAC","image":{"@type":"ImageObject","inLanguage":"en-US","@id":"https:\/\/secure.gravatar.com\/avatar\/60b998c71de37dcc1398fc6d48c6b5ed7533e3ceec837c948055f072e3158ff1?s=96&d=mm&r=g","url":"https:\/\/secure.gravatar.com\/avatar\/60b998c71de37dcc1398fc6d48c6b5ed7533e3ceec837c948055f072e3158ff1?s=96&d=mm&r=g","contentUrl":"https:\/\/secure.gravatar.com\/avatar\/60b998c71de37dcc1398fc6d48c6b5ed7533e3ceec837c948055f072e3158ff1?s=96&d=mm&r=g","caption":"Administra\u00e7\u00e3o IAC"}}]}},"_links":{"self":[{"href":"https:\/\/iacrianca.pt\/en\/wp-json\/wp\/v2\/posts\/13309","targetHints":{"allow":["GET"]}}],"collection":[{"href":"https:\/\/iacrianca.pt\/en\/wp-json\/wp\/v2\/posts"}],"about":[{"href":"https:\/\/iacrianca.pt\/en\/wp-json\/wp\/v2\/types\/post"}],"author":[{"embeddable":true,"href":"https:\/\/iacrianca.pt\/en\/wp-json\/wp\/v2\/users\/2"}],"replies":[{"embeddable":true,"href":"https:\/\/iacrianca.pt\/en\/wp-json\/wp\/v2\/comments?post=13309"}],"version-history":[{"count":0,"href":"https:\/\/iacrianca.pt\/en\/wp-json\/wp\/v2\/posts\/13309\/revisions"}],"wp:featuredmedia":[{"embeddable":true,"href":"https:\/\/iacrianca.pt\/en\/wp-json\/wp\/v2\/media\/13310"}],"wp:attachment":[{"href":"https:\/\/iacrianca.pt\/en\/wp-json\/wp\/v2\/media?parent=13309"}],"wp:term":[{"taxonomy":"category","embeddable":true,"href":"https:\/\/iacrianca.pt\/en\/wp-json\/wp\/v2\/categories?post=13309"},{"taxonomy":"post_tag","embeddable":true,"href":"https:\/\/iacrianca.pt\/en\/wp-json\/wp\/v2\/tags?post=13309"}],"curies":[{"name":"wp","href":"https:\/\/api.w.org\/{rel}","templated":true}]}}