{"id":13965,"date":"2022-06-09T12:10:20","date_gmt":"2022-06-09T11:10:20","guid":{"rendered":"https:\/\/iacrianca.pt\/?p=13965"},"modified":"2022-06-09T12:15:49","modified_gmt":"2022-06-09T11:15:49","slug":"programa-estou-aqui-2022","status":"publish","type":"post","link":"https:\/\/iacrianca.pt\/en\/2022\/06\/programa-estou-aqui-2022\/","title":{"rendered":"Programa Estou Aqui! 2022"},"content":{"rendered":"<div class=\"kvgmc6g5 cxmmr5t8 oygrvhab hcukyx3x c1et5uql ii04i59q\">\n<div dir=\"auto\">O IAC \u00e9 parceiro do Programa Estou Aqui! desde 2014.<\/div>\n<div dir=\"auto\"><\/div>\n<\/div>\n<div dir=\"auto\">Texto e imagem da <a href=\"https:\/\/www.facebook.com\/photo\/?fbid=336910355140993&amp;set=a.316511233847572\">PSP<\/a><\/div>\n<div class=\"kvgmc6g5 cxmmr5t8 oygrvhab hcukyx3x c1et5uql ii04i59q\">\n<blockquote>\n<div dir=\"auto\">J\u00e1 pediu a pulseira do Programa \u201cEstou Aqui\u201d | edi\u00e7\u00e3o 2022 para a(s) sua(s) crian\u00e7a(s)?<\/div>\n<div dir=\"auto\">Saiba como pode faz\u00ea-lo em \u00a0<a class=\"oajrlxb2 g5ia77u1 qu0x051f esr5mh6w e9989ue4 r7d6kgcz rq0escxv nhd2j8a9 nc684nl6 p7hjln8o kvgmc6g5 cxmmr5t8 oygrvhab hcukyx3x jb3vyjys rz4wbd8a qt6c0cv9 a8nywdso i1ao9s8h esuyzwwr f1sip0of lzcic4wl gpro0wi8 py34i1dx\" tabindex=\"0\" role=\"link\" href=\"https:\/\/estouaqui.mai.gov.pt\/Pages\/Home.htm?fbclid=IwAR0t3RjlUbhh1GCe97SJQQhVgGbfdOPhkMqqlhEd9hxfF5RopfkFwPqEUnE\" target=\"_blank\" rel=\"nofollow noopener\">https:\/\/estouaqui.mai.gov.pt\/Pages\/Home.htm<\/a><\/div>\n<div dir=\"auto\">A Pol\u00edcia de Seguran\u00e7a P\u00fablica j\u00e1 apresentou a edi\u00e7\u00e3o 2022 do Estou Aqui! Crian\u00e7as, num evento que decorreu no dia 03 de mar\u00e7o no Jardim Zool\u00f3gico de Lisboa.<\/div>\n<div dir=\"auto\">O Programa ESTOU AQUI!\u00ae que este ano celebra o seu 10\u00ba anivers\u00e1rio, foi desenhado para que nunca perca um momento da presen\u00e7a dos seus filhos e pode aderir durante todo o ano.<\/div>\n<div dir=\"auto\">MEO<\/div>\n<div dir=\"auto\">R\u00e1dio Comercial<\/div>\n<div dir=\"auto\">Altice Portugal<\/div>\n<div dir=\"auto\">IAC &#8211; Instituto de Apoio \u00e0 Crian\u00e7a<\/div>\n<div dir=\"auto\">Missing Children Europe<\/div>\n<\/blockquote>\n<\/div>\n","protected":false},"excerpt":{"rendered":"<p>O IAC \u00e9 parceiro do Programa Estou Aqui! desde 2014. Texto e imagem da PSP J\u00e1 pediu a pulseira do Programa \u201cEstou Aqui\u201d | edi\u00e7\u00e3o 2022 para a(s) sua(s) crian\u00e7a(s)? Saiba como pode faz\u00ea-lo em \u00a0https:\/\/estouaqui.mai.gov.pt\/Pages\/Home.htm A Pol\u00edcia de Seguran\u00e7a P\u00fablica j\u00e1 apresentou a edi\u00e7\u00e3o 2022 do Estou Aqui! Crian\u00e7as, num evento que decorreu no&hellip;<\/p>\n","protected":false},"author":2,"featured_media":13971,"comment_status":"closed","ping_status":"open","sticky":false,"template":"","format":"standard","meta":{"_acf_changed":false,"footnotes":""},"categories":[1],"tags":[],"class_list":["post-13965","post","type-post","status-publish","format-standard","has-post-thumbnail","hentry","category-noticias","category-1","description-off"],"acf":[],"yoast_head":"<!-- This site is optimized with the Yoast SEO plugin v27.4 - https:\/\/yoast.com\/product\/yoast-seo-wordpress\/ -->\n<title>Programa Estou Aqui! 2022 | Instituto de Apoio \u00e0 Crian\u00e7a<\/title>\n<meta name=\"robots\" content=\"index, follow, max-snippet:-1, max-image-preview:large, max-video-preview:-1\" \/>\n<link rel=\"canonical\" href=\"https:\/\/iacrianca.pt\/en\/2022\/06\/programa-estou-aqui-2022\/\" \/>\n<meta property=\"og:locale\" content=\"en_US\" \/>\n<meta property=\"og:type\" content=\"article\" \/>\n<meta property=\"og:title\" content=\"Programa Estou Aqui! 2022 | Instituto de Apoio \u00e0 Crian\u00e7a\" \/>\n<meta property=\"og:description\" content=\"O IAC \u00e9 parceiro do Programa Estou Aqui! desde 2014. Texto e imagem da PSP J\u00e1 pediu a pulseira do Programa \u201cEstou Aqui\u201d | edi\u00e7\u00e3o 2022 para a(s) sua(s) crian\u00e7a(s)? Saiba como pode faz\u00ea-lo em \u00a0https:\/\/estouaqui.mai.gov.pt\/Pages\/Home.htm A Pol\u00edcia de Seguran\u00e7a P\u00fablica j\u00e1 apresentou a edi\u00e7\u00e3o 2022 do Estou Aqui! Crian\u00e7as, num evento que decorreu no&hellip;\" \/>\n<meta property=\"og:url\" content=\"https:\/\/iacrianca.pt\/en\/2022\/06\/programa-estou-aqui-2022\/\" \/>\n<meta property=\"og:site_name\" content=\"Instituto de Apoio \u00e0 Crian\u00e7a\" \/>\n<meta property=\"article:publisher\" content=\"https:\/\/www.facebook.com\/iacinstitutodeapoioacrianca\" \/>\n<meta property=\"article:published_time\" content=\"2022-06-09T11:10:20+00:00\" \/>\n<meta property=\"article:modified_time\" content=\"2022-06-09T11:15:49+00:00\" \/>\n<meta property=\"og:image\" content=\"https:\/\/iacrianca.pt\/wp-content\/uploads\/psp-1.jpg\" \/>\n\t<meta property=\"og:image:width\" content=\"1200\" \/>\n\t<meta property=\"og:image:height\" content=\"1200\" \/>\n\t<meta property=\"og:image:type\" content=\"image\/jpeg\" \/>\n<meta name=\"author\" content=\"Administra\u00e7\u00e3o IAC\" \/>\n<meta name=\"twitter:card\" content=\"summary_large_image\" \/>\n<meta name=\"twitter:creator\" content=\"@iacapoiocrianca\" \/>\n<meta name=\"twitter:site\" content=\"@iacapoiocrianca\" \/>\n<meta name=\"twitter:label1\" content=\"Written by\" \/>\n\t<meta name=\"twitter:data1\" content=\"Administra\u00e7\u00e3o IAC\" \/>\n\t<meta name=\"twitter:label2\" content=\"Est. reading time\" \/>\n\t<meta name=\"twitter:data2\" content=\"1 minute\" \/>\n<script type=\"application\/ld+json\" class=\"yoast-schema-graph\">{\"@context\":\"https:\\\/\\\/schema.org\",\"@graph\":[{\"@type\":\"Article\",\"@id\":\"https:\\\/\\\/iacrianca.pt\\\/en\\\/2022\\\/06\\\/programa-estou-aqui-2022\\\/#article\",\"isPartOf\":{\"@id\":\"https:\\\/\\\/iacrianca.pt\\\/en\\\/2022\\\/06\\\/programa-estou-aqui-2022\\\/\"},\"author\":{\"name\":\"Administra\u00e7\u00e3o IAC\",\"@id\":\"https:\\\/\\\/iacrianca.pt\\\/en\\\/#\\\/schema\\\/person\\\/1c48c6e4b70d0dc7360e4b28ceaa5f6b\"},\"headline\":\"Programa Estou Aqui! 2022\",\"datePublished\":\"2022-06-09T11:10:20+00:00\",\"dateModified\":\"2022-06-09T11:15:49+00:00\",\"mainEntityOfPage\":{\"@id\":\"https:\\\/\\\/iacrianca.pt\\\/en\\\/2022\\\/06\\\/programa-estou-aqui-2022\\\/\"},\"wordCount\":130,\"publisher\":{\"@id\":\"https:\\\/\\\/iacrianca.pt\\\/en\\\/#organization\"},\"image\":{\"@id\":\"https:\\\/\\\/iacrianca.pt\\\/en\\\/2022\\\/06\\\/programa-estou-aqui-2022\\\/#primaryimage\"},\"thumbnailUrl\":\"https:\\\/\\\/iacrianca.pt\\\/wp-content\\\/uploads\\\/psp-1.jpg\",\"articleSection\":[\"Not\u00edcias\"],\"inLanguage\":\"en-US\"},{\"@type\":\"WebPage\",\"@id\":\"https:\\\/\\\/iacrianca.pt\\\/en\\\/2022\\\/06\\\/programa-estou-aqui-2022\\\/\",\"url\":\"https:\\\/\\\/iacrianca.pt\\\/en\\\/2022\\\/06\\\/programa-estou-aqui-2022\\\/\",\"name\":\"Programa Estou Aqui! 2022 | Instituto de Apoio \u00e0 Crian\u00e7a\",\"isPartOf\":{\"@id\":\"https:\\\/\\\/iacrianca.pt\\\/en\\\/#website\"},\"primaryImageOfPage\":{\"@id\":\"https:\\\/\\\/iacrianca.pt\\\/en\\\/2022\\\/06\\\/programa-estou-aqui-2022\\\/#primaryimage\"},\"image\":{\"@id\":\"https:\\\/\\\/iacrianca.pt\\\/en\\\/2022\\\/06\\\/programa-estou-aqui-2022\\\/#primaryimage\"},\"thumbnailUrl\":\"https:\\\/\\\/iacrianca.pt\\\/wp-content\\\/uploads\\\/psp-1.jpg\",\"datePublished\":\"2022-06-09T11:10:20+00:00\",\"dateModified\":\"2022-06-09T11:15:49+00:00\",\"breadcrumb\":{\"@id\":\"https:\\\/\\\/iacrianca.pt\\\/en\\\/2022\\\/06\\\/programa-estou-aqui-2022\\\/#breadcrumb\"},\"inLanguage\":\"en-US\",\"potentialAction\":[{\"@type\":\"ReadAction\",\"target\":[\"https:\\\/\\\/iacrianca.pt\\\/en\\\/2022\\\/06\\\/programa-estou-aqui-2022\\\/\"]}]},{\"@type\":\"ImageObject\",\"inLanguage\":\"en-US\",\"@id\":\"https:\\\/\\\/iacrianca.pt\\\/en\\\/2022\\\/06\\\/programa-estou-aqui-2022\\\/#primaryimage\",\"url\":\"https:\\\/\\\/iacrianca.pt\\\/wp-content\\\/uploads\\\/psp-1.jpg\",\"contentUrl\":\"https:\\\/\\\/iacrianca.pt\\\/wp-content\\\/uploads\\\/psp-1.jpg\",\"width\":1200,\"height\":1200},{\"@type\":\"BreadcrumbList\",\"@id\":\"https:\\\/\\\/iacrianca.pt\\\/en\\\/2022\\\/06\\\/programa-estou-aqui-2022\\\/#breadcrumb\",\"itemListElement\":[{\"@type\":\"ListItem\",\"position\":1,\"name\":\"In\u00edcio\",\"item\":\"https:\\\/\\\/iacrianca.pt\\\/en\\\/\"},{\"@type\":\"ListItem\",\"position\":2,\"name\":\"Programa Estou Aqui! 2022\"}]},{\"@type\":\"WebSite\",\"@id\":\"https:\\\/\\\/iacrianca.pt\\\/en\\\/#website\",\"url\":\"https:\\\/\\\/iacrianca.pt\\\/en\\\/\",\"name\":\"Instituto de Apoio \u00e0 Crian\u00e7a\",\"description\":\"Desde 1983 na defesa e promo\u00e7\u00e3o dos direitos da crian\u00e7a\",\"publisher\":{\"@id\":\"https:\\\/\\\/iacrianca.pt\\\/en\\\/#organization\"},\"potentialAction\":[{\"@type\":\"SearchAction\",\"target\":{\"@type\":\"EntryPoint\",\"urlTemplate\":\"https:\\\/\\\/iacrianca.pt\\\/en\\\/?s={search_term_string}\"},\"query-input\":{\"@type\":\"PropertyValueSpecification\",\"valueRequired\":true,\"valueName\":\"search_term_string\"}}],\"inLanguage\":\"en-US\"},{\"@type\":\"Organization\",\"@id\":\"https:\\\/\\\/iacrianca.pt\\\/en\\\/#organization\",\"name\":\"Instituto de Apoio \u00e0 Crian\u00e7a\",\"url\":\"https:\\\/\\\/iacrianca.pt\\\/en\\\/\",\"logo\":{\"@type\":\"ImageObject\",\"inLanguage\":\"en-US\",\"@id\":\"https:\\\/\\\/iacrianca.pt\\\/en\\\/#\\\/schema\\\/logo\\\/image\\\/\",\"url\":\"https:\\\/\\\/iacrianca.pt\\\/wp-content\\\/uploads\\\/2020\\\/04\\\/logo-iac-SD.jpg\",\"contentUrl\":\"https:\\\/\\\/iacrianca.pt\\\/wp-content\\\/uploads\\\/2020\\\/04\\\/logo-iac-SD.jpg\",\"width\":152,\"height\":73,\"caption\":\"Instituto de Apoio \u00e0 Crian\u00e7a\"},\"image\":{\"@id\":\"https:\\\/\\\/iacrianca.pt\\\/en\\\/#\\\/schema\\\/logo\\\/image\\\/\"},\"sameAs\":[\"https:\\\/\\\/www.facebook.com\\\/iacinstitutodeapoioacrianca\",\"https:\\\/\\\/x.com\\\/iacapoiocrianca\",\"https:\\\/\\\/www.youtube.com\\\/channel\\\/UC0jjfZ_xkN_59gJf_RQ-ZnQ\",\"https:\\\/\\\/www.linkedin.com\\\/company\\\/instituto-de-apoio--criana\\\/\",\"https:\\\/\\\/www.instagram.com\\\/iacinstitutodeapoioacrianca\\\/\",\"https:\\\/\\\/criancasatortoeadireitos.wordpress.com\\\/\"]},{\"@type\":\"Person\",\"@id\":\"https:\\\/\\\/iacrianca.pt\\\/en\\\/#\\\/schema\\\/person\\\/1c48c6e4b70d0dc7360e4b28ceaa5f6b\",\"name\":\"Administra\u00e7\u00e3o IAC\",\"image\":{\"@type\":\"ImageObject\",\"inLanguage\":\"en-US\",\"@id\":\"https:\\\/\\\/secure.gravatar.com\\\/avatar\\\/60b998c71de37dcc1398fc6d48c6b5ed7533e3ceec837c948055f072e3158ff1?s=96&d=mm&r=g\",\"url\":\"https:\\\/\\\/secure.gravatar.com\\\/avatar\\\/60b998c71de37dcc1398fc6d48c6b5ed7533e3ceec837c948055f072e3158ff1?s=96&d=mm&r=g\",\"contentUrl\":\"https:\\\/\\\/secure.gravatar.com\\\/avatar\\\/60b998c71de37dcc1398fc6d48c6b5ed7533e3ceec837c948055f072e3158ff1?s=96&d=mm&r=g\",\"caption\":\"Administra\u00e7\u00e3o IAC\"}}]}<\/script>\n<!-- \/ Yoast SEO plugin. -->","yoast_head_json":{"title":"Programa Estou Aqui! 2022 | Instituto de Apoio \u00e0 Crian\u00e7a","robots":{"index":"index","follow":"follow","max-snippet":"max-snippet:-1","max-image-preview":"max-image-preview:large","max-video-preview":"max-video-preview:-1"},"canonical":"https:\/\/iacrianca.pt\/en\/2022\/06\/programa-estou-aqui-2022\/","og_locale":"en_US","og_type":"article","og_title":"Programa Estou Aqui! 2022 | Instituto de Apoio \u00e0 Crian\u00e7a","og_description":"O IAC \u00e9 parceiro do Programa Estou Aqui! desde 2014. Texto e imagem da PSP J\u00e1 pediu a pulseira do Programa \u201cEstou Aqui\u201d | edi\u00e7\u00e3o 2022 para a(s) sua(s) crian\u00e7a(s)? Saiba como pode faz\u00ea-lo em \u00a0https:\/\/estouaqui.mai.gov.pt\/Pages\/Home.htm A Pol\u00edcia de Seguran\u00e7a P\u00fablica j\u00e1 apresentou a edi\u00e7\u00e3o 2022 do Estou Aqui! Crian\u00e7as, num evento que decorreu no&hellip;","og_url":"https:\/\/iacrianca.pt\/en\/2022\/06\/programa-estou-aqui-2022\/","og_site_name":"Instituto de Apoio \u00e0 Crian\u00e7a","article_publisher":"https:\/\/www.facebook.com\/iacinstitutodeapoioacrianca","article_published_time":"2022-06-09T11:10:20+00:00","article_modified_time":"2022-06-09T11:15:49+00:00","og_image":[{"width":1200,"height":1200,"url":"https:\/\/iacrianca.pt\/wp-content\/uploads\/psp-1.jpg","type":"image\/jpeg"}],"author":"Administra\u00e7\u00e3o IAC","twitter_card":"summary_large_image","twitter_creator":"@iacapoiocrianca","twitter_site":"@iacapoiocrianca","twitter_misc":{"Written by":"Administra\u00e7\u00e3o IAC","Est. reading time":"1 minute"},"schema":{"@context":"https:\/\/schema.org","@graph":[{"@type":"Article","@id":"https:\/\/iacrianca.pt\/en\/2022\/06\/programa-estou-aqui-2022\/#article","isPartOf":{"@id":"https:\/\/iacrianca.pt\/en\/2022\/06\/programa-estou-aqui-2022\/"},"author":{"name":"Administra\u00e7\u00e3o IAC","@id":"https:\/\/iacrianca.pt\/en\/#\/schema\/person\/1c48c6e4b70d0dc7360e4b28ceaa5f6b"},"headline":"Programa Estou Aqui! 2022","datePublished":"2022-06-09T11:10:20+00:00","dateModified":"2022-06-09T11:15:49+00:00","mainEntityOfPage":{"@id":"https:\/\/iacrianca.pt\/en\/2022\/06\/programa-estou-aqui-2022\/"},"wordCount":130,"publisher":{"@id":"https:\/\/iacrianca.pt\/en\/#organization"},"image":{"@id":"https:\/\/iacrianca.pt\/en\/2022\/06\/programa-estou-aqui-2022\/#primaryimage"},"thumbnailUrl":"https:\/\/iacrianca.pt\/wp-content\/uploads\/psp-1.jpg","articleSection":["Not\u00edcias"],"inLanguage":"en-US"},{"@type":"WebPage","@id":"https:\/\/iacrianca.pt\/en\/2022\/06\/programa-estou-aqui-2022\/","url":"https:\/\/iacrianca.pt\/en\/2022\/06\/programa-estou-aqui-2022\/","name":"Programa Estou Aqui! 2022 | Instituto de Apoio \u00e0 Crian\u00e7a","isPartOf":{"@id":"https:\/\/iacrianca.pt\/en\/#website"},"primaryImageOfPage":{"@id":"https:\/\/iacrianca.pt\/en\/2022\/06\/programa-estou-aqui-2022\/#primaryimage"},"image":{"@id":"https:\/\/iacrianca.pt\/en\/2022\/06\/programa-estou-aqui-2022\/#primaryimage"},"thumbnailUrl":"https:\/\/iacrianca.pt\/wp-content\/uploads\/psp-1.jpg","datePublished":"2022-06-09T11:10:20+00:00","dateModified":"2022-06-09T11:15:49+00:00","breadcrumb":{"@id":"https:\/\/iacrianca.pt\/en\/2022\/06\/programa-estou-aqui-2022\/#breadcrumb"},"inLanguage":"en-US","potentialAction":[{"@type":"ReadAction","target":["https:\/\/iacrianca.pt\/en\/2022\/06\/programa-estou-aqui-2022\/"]}]},{"@type":"ImageObject","inLanguage":"en-US","@id":"https:\/\/iacrianca.pt\/en\/2022\/06\/programa-estou-aqui-2022\/#primaryimage","url":"https:\/\/iacrianca.pt\/wp-content\/uploads\/psp-1.jpg","contentUrl":"https:\/\/iacrianca.pt\/wp-content\/uploads\/psp-1.jpg","width":1200,"height":1200},{"@type":"BreadcrumbList","@id":"https:\/\/iacrianca.pt\/en\/2022\/06\/programa-estou-aqui-2022\/#breadcrumb","itemListElement":[{"@type":"ListItem","position":1,"name":"In\u00edcio","item":"https:\/\/iacrianca.pt\/en\/"},{"@type":"ListItem","position":2,"name":"Programa Estou Aqui! 2022"}]},{"@type":"WebSite","@id":"https:\/\/iacrianca.pt\/en\/#website","url":"https:\/\/iacrianca.pt\/en\/","name":"Instituto de Apoio \u00e0 Crian\u00e7a","description":"Desde 1983 na defesa e promo\u00e7\u00e3o dos direitos da crian\u00e7a","publisher":{"@id":"https:\/\/iacrianca.pt\/en\/#organization"},"potentialAction":[{"@type":"SearchAction","target":{"@type":"EntryPoint","urlTemplate":"https:\/\/iacrianca.pt\/en\/?s={search_term_string}"},"query-input":{"@type":"PropertyValueSpecification","valueRequired":true,"valueName":"search_term_string"}}],"inLanguage":"en-US"},{"@type":"Organization","@id":"https:\/\/iacrianca.pt\/en\/#organization","name":"Instituto de Apoio \u00e0 Crian\u00e7a","url":"https:\/\/iacrianca.pt\/en\/","logo":{"@type":"ImageObject","inLanguage":"en-US","@id":"https:\/\/iacrianca.pt\/en\/#\/schema\/logo\/image\/","url":"https:\/\/iacrianca.pt\/wp-content\/uploads\/2020\/04\/logo-iac-SD.jpg","contentUrl":"https:\/\/iacrianca.pt\/wp-content\/uploads\/2020\/04\/logo-iac-SD.jpg","width":152,"height":73,"caption":"Instituto de Apoio \u00e0 Crian\u00e7a"},"image":{"@id":"https:\/\/iacrianca.pt\/en\/#\/schema\/logo\/image\/"},"sameAs":["https:\/\/www.facebook.com\/iacinstitutodeapoioacrianca","https:\/\/x.com\/iacapoiocrianca","https:\/\/www.youtube.com\/channel\/UC0jjfZ_xkN_59gJf_RQ-ZnQ","https:\/\/www.linkedin.com\/company\/instituto-de-apoio--criana\/","https:\/\/www.instagram.com\/iacinstitutodeapoioacrianca\/","https:\/\/criancasatortoeadireitos.wordpress.com\/"]},{"@type":"Person","@id":"https:\/\/iacrianca.pt\/en\/#\/schema\/person\/1c48c6e4b70d0dc7360e4b28ceaa5f6b","name":"Administra\u00e7\u00e3o IAC","image":{"@type":"ImageObject","inLanguage":"en-US","@id":"https:\/\/secure.gravatar.com\/avatar\/60b998c71de37dcc1398fc6d48c6b5ed7533e3ceec837c948055f072e3158ff1?s=96&d=mm&r=g","url":"https:\/\/secure.gravatar.com\/avatar\/60b998c71de37dcc1398fc6d48c6b5ed7533e3ceec837c948055f072e3158ff1?s=96&d=mm&r=g","contentUrl":"https:\/\/secure.gravatar.com\/avatar\/60b998c71de37dcc1398fc6d48c6b5ed7533e3ceec837c948055f072e3158ff1?s=96&d=mm&r=g","caption":"Administra\u00e7\u00e3o IAC"}}]}},"_links":{"self":[{"href":"https:\/\/iacrianca.pt\/en\/wp-json\/wp\/v2\/posts\/13965","targetHints":{"allow":["GET"]}}],"collection":[{"href":"https:\/\/iacrianca.pt\/en\/wp-json\/wp\/v2\/posts"}],"about":[{"href":"https:\/\/iacrianca.pt\/en\/wp-json\/wp\/v2\/types\/post"}],"author":[{"embeddable":true,"href":"https:\/\/iacrianca.pt\/en\/wp-json\/wp\/v2\/users\/2"}],"replies":[{"embeddable":true,"href":"https:\/\/iacrianca.pt\/en\/wp-json\/wp\/v2\/comments?post=13965"}],"version-history":[{"count":0,"href":"https:\/\/iacrianca.pt\/en\/wp-json\/wp\/v2\/posts\/13965\/revisions"}],"wp:featuredmedia":[{"embeddable":true,"href":"https:\/\/iacrianca.pt\/en\/wp-json\/wp\/v2\/media\/13971"}],"wp:attachment":[{"href":"https:\/\/iacrianca.pt\/en\/wp-json\/wp\/v2\/media?parent=13965"}],"wp:term":[{"taxonomy":"category","embeddable":true,"href":"https:\/\/iacrianca.pt\/en\/wp-json\/wp\/v2\/categories?post=13965"},{"taxonomy":"post_tag","embeddable":true,"href":"https:\/\/iacrianca.pt\/en\/wp-json\/wp\/v2\/tags?post=13965"}],"curies":[{"name":"wp","href":"https:\/\/api.w.org\/{rel}","templated":true}]}}