{"id":14438,"date":"2022-07-04T12:32:29","date_gmt":"2022-07-04T11:32:29","guid":{"rendered":"https:\/\/iacrianca.pt\/?p=14438"},"modified":"2022-07-08T16:00:08","modified_gmt":"2022-07-08T15:00:08","slug":"um-mundo-sem-experiencias-e-um-mundo-vazio-de-emocoes-e-sentimentos","status":"publish","type":"post","link":"https:\/\/iacrianca.pt\/en\/2022\/07\/um-mundo-sem-experiencias-e-um-mundo-vazio-de-emocoes-e-sentimentos\/","title":{"rendered":"Um mundo sem experi\u00eancias \u00e9 um mundo vazio de emo\u00e7\u00f5es e sentimentos\u202f"},"content":{"rendered":"<p><span data-contrast=\"auto\">\u00c9 do conhecimento geral que, desde cedo, \u00e9 importante para o desenvolvimento integral do ser humano, a viv\u00eancia de experi\u00eancias. Estas proporcionam mais do que meras aprendizagens, desenvolvem o gosto pela curiosidade e pelo que \u00e9 novo, pela surpresa e pelo desconhecido.\u202f<\/span><span data-ccp-props=\"{&quot;134233117&quot;:true,&quot;134233118&quot;:true,&quot;201341983&quot;:0,&quot;335551550&quot;:6,&quot;335551620&quot;:6,&quot;335559740&quot;:360}\">\u00a0<\/span><\/p>\n<p><span data-contrast=\"auto\">Tal como \u00e9 importante para os beb\u00e9s pegarem em objetos que se transformam em sensa\u00e7\u00f5es e est\u00edmulos que promovem liga\u00e7\u00f5es intermin\u00e1veis entre os neur\u00f3nios, tamb\u00e9m para outras faixas et\u00e1rias existem desafios que v\u00e3o\u202fenriquecer a paleta de cores de cada um,\u202ftornando-os\u202fmais flex\u00edveis e \u201cabertos\u201d para o mundo.\u202f<\/span><span data-ccp-props=\"{&quot;134233117&quot;:true,&quot;134233118&quot;:true,&quot;201341983&quot;:0,&quot;335551550&quot;:6,&quot;335551620&quot;:6,&quot;335559740&quot;:360}\">\u00a0<\/span><\/p>\n<p><span data-contrast=\"auto\">Infelizmente, nem todos t\u00eam esta oportunidade, nem todos os pais conseguem proporcionar estes momentos.\u202f<\/span><span data-ccp-props=\"{&quot;134233117&quot;:true,&quot;134233118&quot;:true,&quot;201341983&quot;:0,&quot;335551550&quot;:6,&quot;335551620&quot;:6,&quot;335559740&quot;:360}\">\u00a0<\/span><\/p>\n<p><span data-contrast=\"auto\">\u00c9 com base nesta premissa que as equipas do IAC, ano ap\u00f3s ano, preparam uma serie de atividades e desafios, principalmente nos meses de ver\u00e3o, momento em que as nossas crian\u00e7as e jovens est\u00e3o mais dispon\u00edveis.\u202f<\/span><span data-ccp-props=\"{&quot;134233117&quot;:true,&quot;134233118&quot;:true,&quot;201341983&quot;:0,&quot;335551550&quot;:6,&quot;335551620&quot;:6,&quot;335559740&quot;:360}\">\u00a0<\/span><\/p>\n<p><span data-contrast=\"auto\">Tendo em vista trabalhar-se a intera\u00e7\u00e3o social, o trabalho de equipa, a interioriza\u00e7\u00e3o de regras, respeito pelo outro, a coopera\u00e7\u00e3o, autoestima, criatividade, entre outras compet\u00eancias, entre junho e setembro, v\u00e1rias s\u00e3o as iniciativas propostas.\u202f<\/span><span data-ccp-props=\"{&quot;134233117&quot;:true,&quot;134233118&quot;:true,&quot;201341983&quot;:0,&quot;335551550&quot;:6,&quot;335551620&quot;:6,&quot;335559740&quot;:360}\">\u00a0<\/span><\/p>\n<p><span data-contrast=\"auto\">Pequenos e gra\u00fados podem desfrutar da diversidade de a\u00e7\u00f5es, desde visitas culturais, como ida ao Cristo Rei e visitas ao Meseu do Sporting e desportivas bowling.\u202f<\/span><span data-ccp-props=\"{&quot;134233117&quot;:true,&quot;134233118&quot;:true,&quot;201341983&quot;:0,&quot;335551550&quot;:6,&quot;335551620&quot;:6,&quot;335559740&quot;:360}\">\u00a0<\/span><\/p>\n<p><span data-contrast=\"auto\">Esperando que estas experi\u00eancias se tornem mem\u00f3rias inesquec\u00edveis, compartilhamos alegrias e outras emo\u00e7\u00f5es.\u202f<\/span><span data-ccp-props=\"{&quot;134233117&quot;:true,&quot;134233118&quot;:true,&quot;201341983&quot;:0,&quot;335551550&quot;:6,&quot;335551620&quot;:6,&quot;335559740&quot;:360}\">\u00a0<\/span><\/p>\n<p><img fetchpriority=\"high\" decoding=\"async\" class=\"alignnone wp-image-14441 size-full\" src=\"https:\/\/iacrianca.pt\/wp-content\/uploads\/cristo.jpg\" alt=\"\" width=\"676\" height=\"333\" srcset=\"https:\/\/iacrianca.pt\/wp-content\/uploads\/cristo.jpg 676w, https:\/\/iacrianca.pt\/wp-content\/uploads\/cristo-300x148.jpg 300w\" sizes=\"(max-width: 676px) 100vw, 676px\" \/><\/p>\n<p><img decoding=\"async\" class=\"alignnone wp-image-14443 size-full\" src=\"https:\/\/iacrianca.pt\/wp-content\/uploads\/cristo2.jpg\" alt=\"\" width=\"280\" height=\"500\" srcset=\"https:\/\/iacrianca.pt\/wp-content\/uploads\/cristo2.jpg 280w, https:\/\/iacrianca.pt\/wp-content\/uploads\/cristo2-168x300.jpg 168w\" sizes=\"(max-width: 280px) 100vw, 280px\" \/><\/p>\n<p><img decoding=\"async\" class=\"alignnone wp-image-14445 size-full\" src=\"https:\/\/iacrianca.pt\/wp-content\/uploads\/scp.jpg\" alt=\"\" width=\"674\" height=\"467\" srcset=\"https:\/\/iacrianca.pt\/wp-content\/uploads\/scp.jpg 674w, https:\/\/iacrianca.pt\/wp-content\/uploads\/scp-300x208.jpg 300w\" sizes=\"(max-width: 674px) 100vw, 674px\" \/><\/p>\n","protected":false},"excerpt":{"rendered":"<p>\u00c9 do conhecimento geral que, desde cedo, \u00e9 importante para o desenvolvimento integral do ser humano, a viv\u00eancia de experi\u00eancias. Estas proporcionam mais do que meras aprendizagens, desenvolvem o gosto pela curiosidade e pelo que \u00e9 novo, pela surpresa e pelo desconhecido.\u202f\u00a0 Tal como \u00e9 importante para os beb\u00e9s pegarem em objetos que se transformam&hellip;<\/p>\n","protected":false},"author":2,"featured_media":14439,"comment_status":"open","ping_status":"open","sticky":false,"template":"","format":"standard","meta":{"_acf_changed":false,"footnotes":""},"categories":[63],"tags":[],"class_list":["post-14438","post","type-post","status-publish","format-standard","has-post-thumbnail","hentry","category-newsletter","category-63","description-off"],"acf":[],"yoast_head":"<!-- This site is optimized with the Yoast SEO plugin v27.5 - https:\/\/yoast.com\/product\/yoast-seo-wordpress\/ -->\n<title>Um mundo sem experi\u00eancias \u00e9 um mundo vazio de emo\u00e7\u00f5es e sentimentos\u202f | Instituto de Apoio \u00e0 Crian\u00e7a<\/title>\n<meta name=\"robots\" content=\"index, follow, max-snippet:-1, max-image-preview:large, max-video-preview:-1\" \/>\n<link rel=\"canonical\" href=\"https:\/\/iacrianca.pt\/en\/2022\/07\/um-mundo-sem-experiencias-e-um-mundo-vazio-de-emocoes-e-sentimentos\/\" \/>\n<meta property=\"og:locale\" content=\"en_US\" \/>\n<meta property=\"og:type\" content=\"article\" \/>\n<meta property=\"og:title\" content=\"Um mundo sem experi\u00eancias \u00e9 um mundo vazio de emo\u00e7\u00f5es e sentimentos\u202f | Instituto de Apoio \u00e0 Crian\u00e7a\" \/>\n<meta property=\"og:description\" content=\"\u00c9 do conhecimento geral que, desde cedo, \u00e9 importante para o desenvolvimento integral do ser humano, a viv\u00eancia de experi\u00eancias. Estas proporcionam mais do que meras aprendizagens, desenvolvem o gosto pela curiosidade e pelo que \u00e9 novo, pela surpresa e pelo desconhecido.\u202f\u00a0 Tal como \u00e9 importante para os beb\u00e9s pegarem em objetos que se transformam&hellip;\" \/>\n<meta property=\"og:url\" content=\"https:\/\/iacrianca.pt\/en\/2022\/07\/um-mundo-sem-experiencias-e-um-mundo-vazio-de-emocoes-e-sentimentos\/\" \/>\n<meta property=\"og:site_name\" content=\"Instituto de Apoio \u00e0 Crian\u00e7a\" \/>\n<meta property=\"article:publisher\" content=\"https:\/\/www.facebook.com\/iacinstitutodeapoioacrianca\" \/>\n<meta property=\"article:published_time\" content=\"2022-07-04T11:32:29+00:00\" \/>\n<meta property=\"article:modified_time\" content=\"2022-07-08T15:00:08+00:00\" \/>\n<meta property=\"og:image\" content=\"https:\/\/iacrianca.pt\/wp-content\/uploads\/bowling.jpg\" \/>\n\t<meta property=\"og:image:width\" content=\"621\" \/>\n\t<meta property=\"og:image:height\" content=\"463\" \/>\n\t<meta property=\"og:image:type\" content=\"image\/jpeg\" \/>\n<meta name=\"author\" content=\"Administra\u00e7\u00e3o IAC\" \/>\n<meta name=\"twitter:card\" content=\"summary_large_image\" \/>\n<meta name=\"twitter:creator\" content=\"@iacapoiocrianca\" \/>\n<meta name=\"twitter:site\" content=\"@iacapoiocrianca\" \/>\n<meta name=\"twitter:label1\" content=\"Written by\" \/>\n\t<meta name=\"twitter:data1\" content=\"Administra\u00e7\u00e3o IAC\" \/>\n\t<meta name=\"twitter:label2\" content=\"Est. reading time\" \/>\n\t<meta name=\"twitter:data2\" content=\"2 minutes\" \/>\n<script type=\"application\/ld+json\" class=\"yoast-schema-graph\">{\"@context\":\"https:\\\/\\\/schema.org\",\"@graph\":[{\"@type\":\"Article\",\"@id\":\"https:\\\/\\\/iacrianca.pt\\\/en\\\/2022\\\/07\\\/um-mundo-sem-experiencias-e-um-mundo-vazio-de-emocoes-e-sentimentos\\\/#article\",\"isPartOf\":{\"@id\":\"https:\\\/\\\/iacrianca.pt\\\/en\\\/2022\\\/07\\\/um-mundo-sem-experiencias-e-um-mundo-vazio-de-emocoes-e-sentimentos\\\/\"},\"author\":{\"name\":\"Administra\u00e7\u00e3o IAC\",\"@id\":\"https:\\\/\\\/iacrianca.pt\\\/en\\\/#\\\/schema\\\/person\\\/1c48c6e4b70d0dc7360e4b28ceaa5f6b\"},\"headline\":\"Um mundo sem experi\u00eancias \u00e9 um mundo vazio de emo\u00e7\u00f5es e sentimentos\u202f\",\"datePublished\":\"2022-07-04T11:32:29+00:00\",\"dateModified\":\"2022-07-08T15:00:08+00:00\",\"mainEntityOfPage\":{\"@id\":\"https:\\\/\\\/iacrianca.pt\\\/en\\\/2022\\\/07\\\/um-mundo-sem-experiencias-e-um-mundo-vazio-de-emocoes-e-sentimentos\\\/\"},\"wordCount\":252,\"commentCount\":0,\"publisher\":{\"@id\":\"https:\\\/\\\/iacrianca.pt\\\/en\\\/#organization\"},\"image\":{\"@id\":\"https:\\\/\\\/iacrianca.pt\\\/en\\\/2022\\\/07\\\/um-mundo-sem-experiencias-e-um-mundo-vazio-de-emocoes-e-sentimentos\\\/#primaryimage\"},\"thumbnailUrl\":\"https:\\\/\\\/iacrianca.pt\\\/wp-content\\\/uploads\\\/bowling.jpg\",\"articleSection\":[\"Newsletter\"],\"inLanguage\":\"en-US\",\"potentialAction\":[{\"@type\":\"CommentAction\",\"name\":\"Comment\",\"target\":[\"https:\\\/\\\/iacrianca.pt\\\/en\\\/2022\\\/07\\\/um-mundo-sem-experiencias-e-um-mundo-vazio-de-emocoes-e-sentimentos\\\/#respond\"]}]},{\"@type\":\"WebPage\",\"@id\":\"https:\\\/\\\/iacrianca.pt\\\/en\\\/2022\\\/07\\\/um-mundo-sem-experiencias-e-um-mundo-vazio-de-emocoes-e-sentimentos\\\/\",\"url\":\"https:\\\/\\\/iacrianca.pt\\\/en\\\/2022\\\/07\\\/um-mundo-sem-experiencias-e-um-mundo-vazio-de-emocoes-e-sentimentos\\\/\",\"name\":\"Um mundo sem experi\u00eancias \u00e9 um mundo vazio de emo\u00e7\u00f5es e sentimentos\u202f | Instituto de Apoio \u00e0 Crian\u00e7a\",\"isPartOf\":{\"@id\":\"https:\\\/\\\/iacrianca.pt\\\/en\\\/#website\"},\"primaryImageOfPage\":{\"@id\":\"https:\\\/\\\/iacrianca.pt\\\/en\\\/2022\\\/07\\\/um-mundo-sem-experiencias-e-um-mundo-vazio-de-emocoes-e-sentimentos\\\/#primaryimage\"},\"image\":{\"@id\":\"https:\\\/\\\/iacrianca.pt\\\/en\\\/2022\\\/07\\\/um-mundo-sem-experiencias-e-um-mundo-vazio-de-emocoes-e-sentimentos\\\/#primaryimage\"},\"thumbnailUrl\":\"https:\\\/\\\/iacrianca.pt\\\/wp-content\\\/uploads\\\/bowling.jpg\",\"datePublished\":\"2022-07-04T11:32:29+00:00\",\"dateModified\":\"2022-07-08T15:00:08+00:00\",\"breadcrumb\":{\"@id\":\"https:\\\/\\\/iacrianca.pt\\\/en\\\/2022\\\/07\\\/um-mundo-sem-experiencias-e-um-mundo-vazio-de-emocoes-e-sentimentos\\\/#breadcrumb\"},\"inLanguage\":\"en-US\",\"potentialAction\":[{\"@type\":\"ReadAction\",\"target\":[\"https:\\\/\\\/iacrianca.pt\\\/en\\\/2022\\\/07\\\/um-mundo-sem-experiencias-e-um-mundo-vazio-de-emocoes-e-sentimentos\\\/\"]}]},{\"@type\":\"ImageObject\",\"inLanguage\":\"en-US\",\"@id\":\"https:\\\/\\\/iacrianca.pt\\\/en\\\/2022\\\/07\\\/um-mundo-sem-experiencias-e-um-mundo-vazio-de-emocoes-e-sentimentos\\\/#primaryimage\",\"url\":\"https:\\\/\\\/iacrianca.pt\\\/wp-content\\\/uploads\\\/bowling.jpg\",\"contentUrl\":\"https:\\\/\\\/iacrianca.pt\\\/wp-content\\\/uploads\\\/bowling.jpg\",\"width\":621,\"height\":463},{\"@type\":\"BreadcrumbList\",\"@id\":\"https:\\\/\\\/iacrianca.pt\\\/en\\\/2022\\\/07\\\/um-mundo-sem-experiencias-e-um-mundo-vazio-de-emocoes-e-sentimentos\\\/#breadcrumb\",\"itemListElement\":[{\"@type\":\"ListItem\",\"position\":1,\"name\":\"In\u00edcio\",\"item\":\"https:\\\/\\\/iacrianca.pt\\\/en\\\/\"},{\"@type\":\"ListItem\",\"position\":2,\"name\":\"Um mundo sem experi\u00eancias \u00e9 um mundo vazio de emo\u00e7\u00f5es e sentimentos\u202f\"}]},{\"@type\":\"WebSite\",\"@id\":\"https:\\\/\\\/iacrianca.pt\\\/en\\\/#website\",\"url\":\"https:\\\/\\\/iacrianca.pt\\\/en\\\/\",\"name\":\"Instituto de Apoio \u00e0 Crian\u00e7a\",\"description\":\"Desde 1983 na defesa e promo\u00e7\u00e3o dos direitos da crian\u00e7a\",\"publisher\":{\"@id\":\"https:\\\/\\\/iacrianca.pt\\\/en\\\/#organization\"},\"potentialAction\":[{\"@type\":\"SearchAction\",\"target\":{\"@type\":\"EntryPoint\",\"urlTemplate\":\"https:\\\/\\\/iacrianca.pt\\\/en\\\/?s={search_term_string}\"},\"query-input\":{\"@type\":\"PropertyValueSpecification\",\"valueRequired\":true,\"valueName\":\"search_term_string\"}}],\"inLanguage\":\"en-US\"},{\"@type\":\"Organization\",\"@id\":\"https:\\\/\\\/iacrianca.pt\\\/en\\\/#organization\",\"name\":\"Instituto de Apoio \u00e0 Crian\u00e7a\",\"url\":\"https:\\\/\\\/iacrianca.pt\\\/en\\\/\",\"logo\":{\"@type\":\"ImageObject\",\"inLanguage\":\"en-US\",\"@id\":\"https:\\\/\\\/iacrianca.pt\\\/en\\\/#\\\/schema\\\/logo\\\/image\\\/\",\"url\":\"https:\\\/\\\/iacrianca.pt\\\/wp-content\\\/uploads\\\/2020\\\/04\\\/logo-iac-SD.jpg\",\"contentUrl\":\"https:\\\/\\\/iacrianca.pt\\\/wp-content\\\/uploads\\\/2020\\\/04\\\/logo-iac-SD.jpg\",\"width\":152,\"height\":73,\"caption\":\"Instituto de Apoio \u00e0 Crian\u00e7a\"},\"image\":{\"@id\":\"https:\\\/\\\/iacrianca.pt\\\/en\\\/#\\\/schema\\\/logo\\\/image\\\/\"},\"sameAs\":[\"https:\\\/\\\/www.facebook.com\\\/iacinstitutodeapoioacrianca\",\"https:\\\/\\\/x.com\\\/iacapoiocrianca\",\"https:\\\/\\\/www.youtube.com\\\/channel\\\/UC0jjfZ_xkN_59gJf_RQ-ZnQ\",\"https:\\\/\\\/www.linkedin.com\\\/company\\\/instituto-de-apoio--criana\\\/\",\"https:\\\/\\\/www.instagram.com\\\/iacinstitutodeapoioacrianca\\\/\",\"https:\\\/\\\/criancasatortoeadireitos.wordpress.com\\\/\"]},{\"@type\":\"Person\",\"@id\":\"https:\\\/\\\/iacrianca.pt\\\/en\\\/#\\\/schema\\\/person\\\/1c48c6e4b70d0dc7360e4b28ceaa5f6b\",\"name\":\"Administra\u00e7\u00e3o IAC\",\"image\":{\"@type\":\"ImageObject\",\"inLanguage\":\"en-US\",\"@id\":\"https:\\\/\\\/secure.gravatar.com\\\/avatar\\\/60b998c71de37dcc1398fc6d48c6b5ed7533e3ceec837c948055f072e3158ff1?s=96&d=mm&r=g\",\"url\":\"https:\\\/\\\/secure.gravatar.com\\\/avatar\\\/60b998c71de37dcc1398fc6d48c6b5ed7533e3ceec837c948055f072e3158ff1?s=96&d=mm&r=g\",\"contentUrl\":\"https:\\\/\\\/secure.gravatar.com\\\/avatar\\\/60b998c71de37dcc1398fc6d48c6b5ed7533e3ceec837c948055f072e3158ff1?s=96&d=mm&r=g\",\"caption\":\"Administra\u00e7\u00e3o IAC\"}}]}<\/script>\n<!-- \/ Yoast SEO plugin. -->","yoast_head_json":{"title":"Um mundo sem experi\u00eancias \u00e9 um mundo vazio de emo\u00e7\u00f5es e sentimentos\u202f | Instituto de Apoio \u00e0 Crian\u00e7a","robots":{"index":"index","follow":"follow","max-snippet":"max-snippet:-1","max-image-preview":"max-image-preview:large","max-video-preview":"max-video-preview:-1"},"canonical":"https:\/\/iacrianca.pt\/en\/2022\/07\/um-mundo-sem-experiencias-e-um-mundo-vazio-de-emocoes-e-sentimentos\/","og_locale":"en_US","og_type":"article","og_title":"Um mundo sem experi\u00eancias \u00e9 um mundo vazio de emo\u00e7\u00f5es e sentimentos\u202f | Instituto de Apoio \u00e0 Crian\u00e7a","og_description":"\u00c9 do conhecimento geral que, desde cedo, \u00e9 importante para o desenvolvimento integral do ser humano, a viv\u00eancia de experi\u00eancias. Estas proporcionam mais do que meras aprendizagens, desenvolvem o gosto pela curiosidade e pelo que \u00e9 novo, pela surpresa e pelo desconhecido.\u202f\u00a0 Tal como \u00e9 importante para os beb\u00e9s pegarem em objetos que se transformam&hellip;","og_url":"https:\/\/iacrianca.pt\/en\/2022\/07\/um-mundo-sem-experiencias-e-um-mundo-vazio-de-emocoes-e-sentimentos\/","og_site_name":"Instituto de Apoio \u00e0 Crian\u00e7a","article_publisher":"https:\/\/www.facebook.com\/iacinstitutodeapoioacrianca","article_published_time":"2022-07-04T11:32:29+00:00","article_modified_time":"2022-07-08T15:00:08+00:00","og_image":[{"width":621,"height":463,"url":"https:\/\/iacrianca.pt\/wp-content\/uploads\/bowling.jpg","type":"image\/jpeg"}],"author":"Administra\u00e7\u00e3o IAC","twitter_card":"summary_large_image","twitter_creator":"@iacapoiocrianca","twitter_site":"@iacapoiocrianca","twitter_misc":{"Written by":"Administra\u00e7\u00e3o IAC","Est. reading time":"2 minutes"},"schema":{"@context":"https:\/\/schema.org","@graph":[{"@type":"Article","@id":"https:\/\/iacrianca.pt\/en\/2022\/07\/um-mundo-sem-experiencias-e-um-mundo-vazio-de-emocoes-e-sentimentos\/#article","isPartOf":{"@id":"https:\/\/iacrianca.pt\/en\/2022\/07\/um-mundo-sem-experiencias-e-um-mundo-vazio-de-emocoes-e-sentimentos\/"},"author":{"name":"Administra\u00e7\u00e3o IAC","@id":"https:\/\/iacrianca.pt\/en\/#\/schema\/person\/1c48c6e4b70d0dc7360e4b28ceaa5f6b"},"headline":"Um mundo sem experi\u00eancias \u00e9 um mundo vazio de emo\u00e7\u00f5es e sentimentos\u202f","datePublished":"2022-07-04T11:32:29+00:00","dateModified":"2022-07-08T15:00:08+00:00","mainEntityOfPage":{"@id":"https:\/\/iacrianca.pt\/en\/2022\/07\/um-mundo-sem-experiencias-e-um-mundo-vazio-de-emocoes-e-sentimentos\/"},"wordCount":252,"commentCount":0,"publisher":{"@id":"https:\/\/iacrianca.pt\/en\/#organization"},"image":{"@id":"https:\/\/iacrianca.pt\/en\/2022\/07\/um-mundo-sem-experiencias-e-um-mundo-vazio-de-emocoes-e-sentimentos\/#primaryimage"},"thumbnailUrl":"https:\/\/iacrianca.pt\/wp-content\/uploads\/bowling.jpg","articleSection":["Newsletter"],"inLanguage":"en-US","potentialAction":[{"@type":"CommentAction","name":"Comment","target":["https:\/\/iacrianca.pt\/en\/2022\/07\/um-mundo-sem-experiencias-e-um-mundo-vazio-de-emocoes-e-sentimentos\/#respond"]}]},{"@type":"WebPage","@id":"https:\/\/iacrianca.pt\/en\/2022\/07\/um-mundo-sem-experiencias-e-um-mundo-vazio-de-emocoes-e-sentimentos\/","url":"https:\/\/iacrianca.pt\/en\/2022\/07\/um-mundo-sem-experiencias-e-um-mundo-vazio-de-emocoes-e-sentimentos\/","name":"Um mundo sem experi\u00eancias \u00e9 um mundo vazio de emo\u00e7\u00f5es e sentimentos\u202f | Instituto de Apoio \u00e0 Crian\u00e7a","isPartOf":{"@id":"https:\/\/iacrianca.pt\/en\/#website"},"primaryImageOfPage":{"@id":"https:\/\/iacrianca.pt\/en\/2022\/07\/um-mundo-sem-experiencias-e-um-mundo-vazio-de-emocoes-e-sentimentos\/#primaryimage"},"image":{"@id":"https:\/\/iacrianca.pt\/en\/2022\/07\/um-mundo-sem-experiencias-e-um-mundo-vazio-de-emocoes-e-sentimentos\/#primaryimage"},"thumbnailUrl":"https:\/\/iacrianca.pt\/wp-content\/uploads\/bowling.jpg","datePublished":"2022-07-04T11:32:29+00:00","dateModified":"2022-07-08T15:00:08+00:00","breadcrumb":{"@id":"https:\/\/iacrianca.pt\/en\/2022\/07\/um-mundo-sem-experiencias-e-um-mundo-vazio-de-emocoes-e-sentimentos\/#breadcrumb"},"inLanguage":"en-US","potentialAction":[{"@type":"ReadAction","target":["https:\/\/iacrianca.pt\/en\/2022\/07\/um-mundo-sem-experiencias-e-um-mundo-vazio-de-emocoes-e-sentimentos\/"]}]},{"@type":"ImageObject","inLanguage":"en-US","@id":"https:\/\/iacrianca.pt\/en\/2022\/07\/um-mundo-sem-experiencias-e-um-mundo-vazio-de-emocoes-e-sentimentos\/#primaryimage","url":"https:\/\/iacrianca.pt\/wp-content\/uploads\/bowling.jpg","contentUrl":"https:\/\/iacrianca.pt\/wp-content\/uploads\/bowling.jpg","width":621,"height":463},{"@type":"BreadcrumbList","@id":"https:\/\/iacrianca.pt\/en\/2022\/07\/um-mundo-sem-experiencias-e-um-mundo-vazio-de-emocoes-e-sentimentos\/#breadcrumb","itemListElement":[{"@type":"ListItem","position":1,"name":"In\u00edcio","item":"https:\/\/iacrianca.pt\/en\/"},{"@type":"ListItem","position":2,"name":"Um mundo sem experi\u00eancias \u00e9 um mundo vazio de emo\u00e7\u00f5es e sentimentos\u202f"}]},{"@type":"WebSite","@id":"https:\/\/iacrianca.pt\/en\/#website","url":"https:\/\/iacrianca.pt\/en\/","name":"Instituto de Apoio \u00e0 Crian\u00e7a","description":"Desde 1983 na defesa e promo\u00e7\u00e3o dos direitos da crian\u00e7a","publisher":{"@id":"https:\/\/iacrianca.pt\/en\/#organization"},"potentialAction":[{"@type":"SearchAction","target":{"@type":"EntryPoint","urlTemplate":"https:\/\/iacrianca.pt\/en\/?s={search_term_string}"},"query-input":{"@type":"PropertyValueSpecification","valueRequired":true,"valueName":"search_term_string"}}],"inLanguage":"en-US"},{"@type":"Organization","@id":"https:\/\/iacrianca.pt\/en\/#organization","name":"Instituto de Apoio \u00e0 Crian\u00e7a","url":"https:\/\/iacrianca.pt\/en\/","logo":{"@type":"ImageObject","inLanguage":"en-US","@id":"https:\/\/iacrianca.pt\/en\/#\/schema\/logo\/image\/","url":"https:\/\/iacrianca.pt\/wp-content\/uploads\/2020\/04\/logo-iac-SD.jpg","contentUrl":"https:\/\/iacrianca.pt\/wp-content\/uploads\/2020\/04\/logo-iac-SD.jpg","width":152,"height":73,"caption":"Instituto de Apoio \u00e0 Crian\u00e7a"},"image":{"@id":"https:\/\/iacrianca.pt\/en\/#\/schema\/logo\/image\/"},"sameAs":["https:\/\/www.facebook.com\/iacinstitutodeapoioacrianca","https:\/\/x.com\/iacapoiocrianca","https:\/\/www.youtube.com\/channel\/UC0jjfZ_xkN_59gJf_RQ-ZnQ","https:\/\/www.linkedin.com\/company\/instituto-de-apoio--criana\/","https:\/\/www.instagram.com\/iacinstitutodeapoioacrianca\/","https:\/\/criancasatortoeadireitos.wordpress.com\/"]},{"@type":"Person","@id":"https:\/\/iacrianca.pt\/en\/#\/schema\/person\/1c48c6e4b70d0dc7360e4b28ceaa5f6b","name":"Administra\u00e7\u00e3o IAC","image":{"@type":"ImageObject","inLanguage":"en-US","@id":"https:\/\/secure.gravatar.com\/avatar\/60b998c71de37dcc1398fc6d48c6b5ed7533e3ceec837c948055f072e3158ff1?s=96&d=mm&r=g","url":"https:\/\/secure.gravatar.com\/avatar\/60b998c71de37dcc1398fc6d48c6b5ed7533e3ceec837c948055f072e3158ff1?s=96&d=mm&r=g","contentUrl":"https:\/\/secure.gravatar.com\/avatar\/60b998c71de37dcc1398fc6d48c6b5ed7533e3ceec837c948055f072e3158ff1?s=96&d=mm&r=g","caption":"Administra\u00e7\u00e3o IAC"}}]}},"_links":{"self":[{"href":"https:\/\/iacrianca.pt\/en\/wp-json\/wp\/v2\/posts\/14438","targetHints":{"allow":["GET"]}}],"collection":[{"href":"https:\/\/iacrianca.pt\/en\/wp-json\/wp\/v2\/posts"}],"about":[{"href":"https:\/\/iacrianca.pt\/en\/wp-json\/wp\/v2\/types\/post"}],"author":[{"embeddable":true,"href":"https:\/\/iacrianca.pt\/en\/wp-json\/wp\/v2\/users\/2"}],"replies":[{"embeddable":true,"href":"https:\/\/iacrianca.pt\/en\/wp-json\/wp\/v2\/comments?post=14438"}],"version-history":[{"count":0,"href":"https:\/\/iacrianca.pt\/en\/wp-json\/wp\/v2\/posts\/14438\/revisions"}],"wp:featuredmedia":[{"embeddable":true,"href":"https:\/\/iacrianca.pt\/en\/wp-json\/wp\/v2\/media\/14439"}],"wp:attachment":[{"href":"https:\/\/iacrianca.pt\/en\/wp-json\/wp\/v2\/media?parent=14438"}],"wp:term":[{"taxonomy":"category","embeddable":true,"href":"https:\/\/iacrianca.pt\/en\/wp-json\/wp\/v2\/categories?post=14438"},{"taxonomy":"post_tag","embeddable":true,"href":"https:\/\/iacrianca.pt\/en\/wp-json\/wp\/v2\/tags?post=14438"}],"curies":[{"name":"wp","href":"https:\/\/api.w.org\/{rel}","templated":true}]}}