{"id":14486,"date":"2022-07-07T11:04:51","date_gmt":"2022-07-07T10:04:51","guid":{"rendered":"https:\/\/iacrianca.pt\/?p=14486"},"modified":"2022-07-08T16:10:40","modified_gmt":"2022-07-08T15:10:40","slug":"desenvolvimento-de-competencias-pessoais-e-sociais-na-escola-basica-e-secundaria-luis-antonio-verney","status":"publish","type":"post","link":"https:\/\/iacrianca.pt\/en\/2022\/07\/desenvolvimento-de-competencias-pessoais-e-sociais-na-escola-basica-e-secundaria-luis-antonio-verney\/","title":{"rendered":"Desenvolvimento de compet\u00eancias pessoais e sociais\u202fna Escola B\u00e1sica e Secund\u00e1ria Lu\u00eds Ant\u00f3nio Verney"},"content":{"rendered":"<div>\n<p><span data-contrast=\"none\">As escolas com as quais colaboramos veem na equipa do CAC &#8211; Projecto Rua um aliado importante perante as dificuldades que algumas turmas problem\u00e1ticas representam. \u00c0 semelhan\u00e7a de outros anos, a Escola B\u00e1sica e Secund\u00e1ria Lu\u00eds Ant\u00f3nio Verney apresentou-nos um novo desafio, envolvendo uma turma do 5\u00ba ano. S\u00e3o jovens de 11 e 12 anos, com um relacionamento dif\u00edcil entre si, que dificultam diariamente o funcionamento das aulas e comprometem seriamente a aprendizagem e o sucesso escolar.\u202f<\/span><span data-ccp-props=\"{&quot;134233117&quot;:true,&quot;134233118&quot;:true,&quot;201341983&quot;:0,&quot;335551550&quot;:6,&quot;335551620&quot;:6,&quot;335559739&quot;:160,&quot;335559740&quot;:240}\">\u00a0<\/span><\/p>\n<p><span data-contrast=\"none\">De forma a melhorar as rela\u00e7\u00f5es interpessoais, a equipa do CAC elaborou um plano de sess\u00f5es mensais com diversas din\u00e2micas que nos permitem refletir, com o grupo, sobre a import\u00e2ncia da comunica\u00e7\u00e3o e do comportamento assertivo, bem como envolver os jovens em atividades de coopera\u00e7\u00e3o. Considerando a faixa et\u00e1ria da turma, utiliz\u00e1mos jogos e desafios motivantes sempre seguidos pela avalia\u00e7\u00e3o e reflex\u00e3o dos aspetos que contribuem ou dificultam o sucesso de cada miss\u00e3o. A capacidade de analise da maior parte dos alunos surpreendeu-nos pela positiva e permitiu que identificassem rapidamente quais os problemas que perturbam a din\u00e2mica da turma, sobretudo, na sala de aula. No entanto, a mudan\u00e7a de comportamentos \u00e9 conquistada gradualmente e em diferentes ritmos, por isso, a complexidade dos exerc\u00edcios foi tamb\u00e9m aumentando de forma a colocar ao grupo novas situa\u00e7\u00f5es, estimulando a intera\u00e7\u00e3o entre todos, em que o respeito, a partilha e a entreajuda s\u00e3o os ingredientes principais.\u202f<\/span><span data-ccp-props=\"{&quot;134233117&quot;:true,&quot;134233118&quot;:true,&quot;201341983&quot;:0,&quot;335551550&quot;:6,&quot;335551620&quot;:6,&quot;335559739&quot;:160,&quot;335559740&quot;:240}\">\u00a0<\/span><\/p>\n<p><span class=\"TextRun SCXW130734661 BCX0\" lang=\"PT-PT\" xml:lang=\"PT-PT\" data-contrast=\"none\"><span class=\"NormalTextRun SCXW130734661 BCX0\" data-ccp-parastyle=\"x_msonormal\" data-ccp-parastyle-defn=\"{&quot;ObjectId&quot;:&quot;2f027357-3641-4b03-ad23-0bbbfaa935a1|7&quot;,&quot;ClassId&quot;:1073872969,&quot;Properties&quot;:[469775450,&quot;x_msonormal&quot;,201340122,&quot;2&quot;,134233614,&quot;true&quot;,469778129,&quot;xmsonormal&quot;,335572020,&quot;1&quot;,469777841,&quot;Times New Roman&quot;,469777842,&quot;Times New Roman&quot;,469777843,&quot;Times New Roman&quot;,469777844,&quot;Times New Roman&quot;,469769226,&quot;Times New Roman&quot;,268442635,&quot;24&quot;,335559705,&quot;2070&quot;,335559740,&quot;240&quot;,201341983,&quot;0&quot;,134233118,&quot;true&quot;,134233117,&quot;true&quot;,469778324,&quot;Normal&quot;]}\">Na \u00faltima sess\u00e3o, em jeito de avalia\u00e7\u00e3o, os alunos destacaram que seria interessante continuarmos este trabalho no pr\u00f3ximo ano letivo, porque consideram muito importantes os momentos de intera\u00e7\u00e3o e de reflex\u00e3o da turma. Os jovens sentem que s\u00e3o ouvidos e que a opini\u00e3o de todos \u00e9 respeitada.<\/span><\/span><\/p>\n<p><img fetchpriority=\"high\" decoding=\"async\" class=\"alignnone wp-image-14489 size-full\" src=\"https:\/\/iacrianca.pt\/wp-content\/uploads\/2-3.jpg\" alt=\"\" width=\"296\" height=\"505\" srcset=\"https:\/\/iacrianca.pt\/wp-content\/uploads\/2-3.jpg 296w, https:\/\/iacrianca.pt\/wp-content\/uploads\/2-3-176x300.jpg 176w\" sizes=\"(max-width: 296px) 100vw, 296px\" \/><\/p>\n<p>&nbsp;<\/p>\n<\/div>\n<div><\/div>\n","protected":false},"excerpt":{"rendered":"<p>As escolas com as quais colaboramos veem na equipa do CAC &#8211; Projecto Rua um aliado importante perante as dificuldades que algumas turmas problem\u00e1ticas representam. \u00c0 semelhan\u00e7a de outros anos, a Escola B\u00e1sica e Secund\u00e1ria Lu\u00eds Ant\u00f3nio Verney apresentou-nos um novo desafio, envolvendo uma turma do 5\u00ba ano. S\u00e3o jovens de 11 e 12 anos,&hellip;<\/p>\n","protected":false},"author":2,"featured_media":14487,"comment_status":"open","ping_status":"open","sticky":false,"template":"","format":"standard","meta":{"_acf_changed":false,"footnotes":""},"categories":[63],"tags":[],"class_list":["post-14486","post","type-post","status-publish","format-standard","has-post-thumbnail","hentry","category-newsletter","category-63","description-off"],"acf":[],"yoast_head":"<!-- This site is optimized with the Yoast SEO plugin v27.5 - https:\/\/yoast.com\/product\/yoast-seo-wordpress\/ -->\n<title>Desenvolvimento de compet\u00eancias pessoais e sociais\u202fna Escola B\u00e1sica e Secund\u00e1ria Lu\u00eds Ant\u00f3nio Verney | Instituto de Apoio \u00e0 Crian\u00e7a<\/title>\n<meta name=\"robots\" content=\"index, follow, max-snippet:-1, max-image-preview:large, max-video-preview:-1\" \/>\n<link rel=\"canonical\" href=\"https:\/\/iacrianca.pt\/en\/2022\/07\/desenvolvimento-de-competencias-pessoais-e-sociais-na-escola-basica-e-secundaria-luis-antonio-verney\/\" \/>\n<meta property=\"og:locale\" content=\"en_US\" \/>\n<meta property=\"og:type\" content=\"article\" \/>\n<meta property=\"og:title\" content=\"Desenvolvimento de compet\u00eancias pessoais e sociais\u202fna Escola B\u00e1sica e Secund\u00e1ria Lu\u00eds Ant\u00f3nio Verney | Instituto de Apoio \u00e0 Crian\u00e7a\" \/>\n<meta property=\"og:description\" content=\"As escolas com as quais colaboramos veem na equipa do CAC &#8211; Projecto Rua um aliado importante perante as dificuldades que algumas turmas problem\u00e1ticas representam. \u00c0 semelhan\u00e7a de outros anos, a Escola B\u00e1sica e Secund\u00e1ria Lu\u00eds Ant\u00f3nio Verney apresentou-nos um novo desafio, envolvendo uma turma do 5\u00ba ano. S\u00e3o jovens de 11 e 12 anos,&hellip;\" \/>\n<meta property=\"og:url\" content=\"https:\/\/iacrianca.pt\/en\/2022\/07\/desenvolvimento-de-competencias-pessoais-e-sociais-na-escola-basica-e-secundaria-luis-antonio-verney\/\" \/>\n<meta property=\"og:site_name\" content=\"Instituto de Apoio \u00e0 Crian\u00e7a\" \/>\n<meta property=\"article:publisher\" content=\"https:\/\/www.facebook.com\/iacinstitutodeapoioacrianca\" \/>\n<meta property=\"article:published_time\" content=\"2022-07-07T10:04:51+00:00\" \/>\n<meta property=\"article:modified_time\" content=\"2022-07-08T15:10:40+00:00\" \/>\n<meta property=\"og:image\" content=\"https:\/\/iacrianca.pt\/wp-content\/uploads\/1-2.jpg\" \/>\n\t<meta property=\"og:image:width\" content=\"660\" \/>\n\t<meta property=\"og:image:height\" content=\"480\" \/>\n\t<meta property=\"og:image:type\" content=\"image\/jpeg\" \/>\n<meta name=\"author\" content=\"Administra\u00e7\u00e3o IAC\" \/>\n<meta name=\"twitter:card\" content=\"summary_large_image\" \/>\n<meta name=\"twitter:creator\" content=\"@iacapoiocrianca\" \/>\n<meta name=\"twitter:site\" content=\"@iacapoiocrianca\" \/>\n<meta name=\"twitter:label1\" content=\"Written by\" \/>\n\t<meta name=\"twitter:data1\" content=\"Administra\u00e7\u00e3o IAC\" \/>\n\t<meta name=\"twitter:label2\" content=\"Est. reading time\" \/>\n\t<meta name=\"twitter:data2\" content=\"2 minutes\" \/>\n<script type=\"application\/ld+json\" class=\"yoast-schema-graph\">{\"@context\":\"https:\\\/\\\/schema.org\",\"@graph\":[{\"@type\":\"Article\",\"@id\":\"https:\\\/\\\/iacrianca.pt\\\/en\\\/2022\\\/07\\\/desenvolvimento-de-competencias-pessoais-e-sociais-na-escola-basica-e-secundaria-luis-antonio-verney\\\/#article\",\"isPartOf\":{\"@id\":\"https:\\\/\\\/iacrianca.pt\\\/en\\\/2022\\\/07\\\/desenvolvimento-de-competencias-pessoais-e-sociais-na-escola-basica-e-secundaria-luis-antonio-verney\\\/\"},\"author\":{\"name\":\"Administra\u00e7\u00e3o IAC\",\"@id\":\"https:\\\/\\\/iacrianca.pt\\\/en\\\/#\\\/schema\\\/person\\\/1c48c6e4b70d0dc7360e4b28ceaa5f6b\"},\"headline\":\"Desenvolvimento de compet\u00eancias pessoais e sociais\u202fna Escola B\u00e1sica e Secund\u00e1ria Lu\u00eds Ant\u00f3nio Verney\",\"datePublished\":\"2022-07-07T10:04:51+00:00\",\"dateModified\":\"2022-07-08T15:10:40+00:00\",\"mainEntityOfPage\":{\"@id\":\"https:\\\/\\\/iacrianca.pt\\\/en\\\/2022\\\/07\\\/desenvolvimento-de-competencias-pessoais-e-sociais-na-escola-basica-e-secundaria-luis-antonio-verney\\\/\"},\"wordCount\":323,\"commentCount\":0,\"publisher\":{\"@id\":\"https:\\\/\\\/iacrianca.pt\\\/en\\\/#organization\"},\"image\":{\"@id\":\"https:\\\/\\\/iacrianca.pt\\\/en\\\/2022\\\/07\\\/desenvolvimento-de-competencias-pessoais-e-sociais-na-escola-basica-e-secundaria-luis-antonio-verney\\\/#primaryimage\"},\"thumbnailUrl\":\"https:\\\/\\\/iacrianca.pt\\\/wp-content\\\/uploads\\\/1-2.jpg\",\"articleSection\":[\"Newsletter\"],\"inLanguage\":\"en-US\",\"potentialAction\":[{\"@type\":\"CommentAction\",\"name\":\"Comment\",\"target\":[\"https:\\\/\\\/iacrianca.pt\\\/en\\\/2022\\\/07\\\/desenvolvimento-de-competencias-pessoais-e-sociais-na-escola-basica-e-secundaria-luis-antonio-verney\\\/#respond\"]}]},{\"@type\":\"WebPage\",\"@id\":\"https:\\\/\\\/iacrianca.pt\\\/en\\\/2022\\\/07\\\/desenvolvimento-de-competencias-pessoais-e-sociais-na-escola-basica-e-secundaria-luis-antonio-verney\\\/\",\"url\":\"https:\\\/\\\/iacrianca.pt\\\/en\\\/2022\\\/07\\\/desenvolvimento-de-competencias-pessoais-e-sociais-na-escola-basica-e-secundaria-luis-antonio-verney\\\/\",\"name\":\"Desenvolvimento de compet\u00eancias pessoais e sociais\u202fna Escola B\u00e1sica e Secund\u00e1ria Lu\u00eds Ant\u00f3nio Verney | Instituto de Apoio \u00e0 Crian\u00e7a\",\"isPartOf\":{\"@id\":\"https:\\\/\\\/iacrianca.pt\\\/en\\\/#website\"},\"primaryImageOfPage\":{\"@id\":\"https:\\\/\\\/iacrianca.pt\\\/en\\\/2022\\\/07\\\/desenvolvimento-de-competencias-pessoais-e-sociais-na-escola-basica-e-secundaria-luis-antonio-verney\\\/#primaryimage\"},\"image\":{\"@id\":\"https:\\\/\\\/iacrianca.pt\\\/en\\\/2022\\\/07\\\/desenvolvimento-de-competencias-pessoais-e-sociais-na-escola-basica-e-secundaria-luis-antonio-verney\\\/#primaryimage\"},\"thumbnailUrl\":\"https:\\\/\\\/iacrianca.pt\\\/wp-content\\\/uploads\\\/1-2.jpg\",\"datePublished\":\"2022-07-07T10:04:51+00:00\",\"dateModified\":\"2022-07-08T15:10:40+00:00\",\"breadcrumb\":{\"@id\":\"https:\\\/\\\/iacrianca.pt\\\/en\\\/2022\\\/07\\\/desenvolvimento-de-competencias-pessoais-e-sociais-na-escola-basica-e-secundaria-luis-antonio-verney\\\/#breadcrumb\"},\"inLanguage\":\"en-US\",\"potentialAction\":[{\"@type\":\"ReadAction\",\"target\":[\"https:\\\/\\\/iacrianca.pt\\\/en\\\/2022\\\/07\\\/desenvolvimento-de-competencias-pessoais-e-sociais-na-escola-basica-e-secundaria-luis-antonio-verney\\\/\"]}]},{\"@type\":\"ImageObject\",\"inLanguage\":\"en-US\",\"@id\":\"https:\\\/\\\/iacrianca.pt\\\/en\\\/2022\\\/07\\\/desenvolvimento-de-competencias-pessoais-e-sociais-na-escola-basica-e-secundaria-luis-antonio-verney\\\/#primaryimage\",\"url\":\"https:\\\/\\\/iacrianca.pt\\\/wp-content\\\/uploads\\\/1-2.jpg\",\"contentUrl\":\"https:\\\/\\\/iacrianca.pt\\\/wp-content\\\/uploads\\\/1-2.jpg\",\"width\":660,\"height\":480},{\"@type\":\"BreadcrumbList\",\"@id\":\"https:\\\/\\\/iacrianca.pt\\\/en\\\/2022\\\/07\\\/desenvolvimento-de-competencias-pessoais-e-sociais-na-escola-basica-e-secundaria-luis-antonio-verney\\\/#breadcrumb\",\"itemListElement\":[{\"@type\":\"ListItem\",\"position\":1,\"name\":\"In\u00edcio\",\"item\":\"https:\\\/\\\/iacrianca.pt\\\/en\\\/\"},{\"@type\":\"ListItem\",\"position\":2,\"name\":\"Desenvolvimento de compet\u00eancias pessoais e sociais\u202fna Escola B\u00e1sica e Secund\u00e1ria Lu\u00eds Ant\u00f3nio Verney\"}]},{\"@type\":\"WebSite\",\"@id\":\"https:\\\/\\\/iacrianca.pt\\\/en\\\/#website\",\"url\":\"https:\\\/\\\/iacrianca.pt\\\/en\\\/\",\"name\":\"Instituto de Apoio \u00e0 Crian\u00e7a\",\"description\":\"Desde 1983 na defesa e promo\u00e7\u00e3o dos direitos da crian\u00e7a\",\"publisher\":{\"@id\":\"https:\\\/\\\/iacrianca.pt\\\/en\\\/#organization\"},\"potentialAction\":[{\"@type\":\"SearchAction\",\"target\":{\"@type\":\"EntryPoint\",\"urlTemplate\":\"https:\\\/\\\/iacrianca.pt\\\/en\\\/?s={search_term_string}\"},\"query-input\":{\"@type\":\"PropertyValueSpecification\",\"valueRequired\":true,\"valueName\":\"search_term_string\"}}],\"inLanguage\":\"en-US\"},{\"@type\":\"Organization\",\"@id\":\"https:\\\/\\\/iacrianca.pt\\\/en\\\/#organization\",\"name\":\"Instituto de Apoio \u00e0 Crian\u00e7a\",\"url\":\"https:\\\/\\\/iacrianca.pt\\\/en\\\/\",\"logo\":{\"@type\":\"ImageObject\",\"inLanguage\":\"en-US\",\"@id\":\"https:\\\/\\\/iacrianca.pt\\\/en\\\/#\\\/schema\\\/logo\\\/image\\\/\",\"url\":\"https:\\\/\\\/iacrianca.pt\\\/wp-content\\\/uploads\\\/2020\\\/04\\\/logo-iac-SD.jpg\",\"contentUrl\":\"https:\\\/\\\/iacrianca.pt\\\/wp-content\\\/uploads\\\/2020\\\/04\\\/logo-iac-SD.jpg\",\"width\":152,\"height\":73,\"caption\":\"Instituto de Apoio \u00e0 Crian\u00e7a\"},\"image\":{\"@id\":\"https:\\\/\\\/iacrianca.pt\\\/en\\\/#\\\/schema\\\/logo\\\/image\\\/\"},\"sameAs\":[\"https:\\\/\\\/www.facebook.com\\\/iacinstitutodeapoioacrianca\",\"https:\\\/\\\/x.com\\\/iacapoiocrianca\",\"https:\\\/\\\/www.youtube.com\\\/channel\\\/UC0jjfZ_xkN_59gJf_RQ-ZnQ\",\"https:\\\/\\\/www.linkedin.com\\\/company\\\/instituto-de-apoio--criana\\\/\",\"https:\\\/\\\/www.instagram.com\\\/iacinstitutodeapoioacrianca\\\/\",\"https:\\\/\\\/criancasatortoeadireitos.wordpress.com\\\/\"]},{\"@type\":\"Person\",\"@id\":\"https:\\\/\\\/iacrianca.pt\\\/en\\\/#\\\/schema\\\/person\\\/1c48c6e4b70d0dc7360e4b28ceaa5f6b\",\"name\":\"Administra\u00e7\u00e3o IAC\",\"image\":{\"@type\":\"ImageObject\",\"inLanguage\":\"en-US\",\"@id\":\"https:\\\/\\\/secure.gravatar.com\\\/avatar\\\/60b998c71de37dcc1398fc6d48c6b5ed7533e3ceec837c948055f072e3158ff1?s=96&d=mm&r=g\",\"url\":\"https:\\\/\\\/secure.gravatar.com\\\/avatar\\\/60b998c71de37dcc1398fc6d48c6b5ed7533e3ceec837c948055f072e3158ff1?s=96&d=mm&r=g\",\"contentUrl\":\"https:\\\/\\\/secure.gravatar.com\\\/avatar\\\/60b998c71de37dcc1398fc6d48c6b5ed7533e3ceec837c948055f072e3158ff1?s=96&d=mm&r=g\",\"caption\":\"Administra\u00e7\u00e3o IAC\"}}]}<\/script>\n<!-- \/ Yoast SEO plugin. -->","yoast_head_json":{"title":"Desenvolvimento de compet\u00eancias pessoais e sociais\u202fna Escola B\u00e1sica e Secund\u00e1ria Lu\u00eds Ant\u00f3nio Verney | Instituto de Apoio \u00e0 Crian\u00e7a","robots":{"index":"index","follow":"follow","max-snippet":"max-snippet:-1","max-image-preview":"max-image-preview:large","max-video-preview":"max-video-preview:-1"},"canonical":"https:\/\/iacrianca.pt\/en\/2022\/07\/desenvolvimento-de-competencias-pessoais-e-sociais-na-escola-basica-e-secundaria-luis-antonio-verney\/","og_locale":"en_US","og_type":"article","og_title":"Desenvolvimento de compet\u00eancias pessoais e sociais\u202fna Escola B\u00e1sica e Secund\u00e1ria Lu\u00eds Ant\u00f3nio Verney | Instituto de Apoio \u00e0 Crian\u00e7a","og_description":"As escolas com as quais colaboramos veem na equipa do CAC &#8211; Projecto Rua um aliado importante perante as dificuldades que algumas turmas problem\u00e1ticas representam. \u00c0 semelhan\u00e7a de outros anos, a Escola B\u00e1sica e Secund\u00e1ria Lu\u00eds Ant\u00f3nio Verney apresentou-nos um novo desafio, envolvendo uma turma do 5\u00ba ano. S\u00e3o jovens de 11 e 12 anos,&hellip;","og_url":"https:\/\/iacrianca.pt\/en\/2022\/07\/desenvolvimento-de-competencias-pessoais-e-sociais-na-escola-basica-e-secundaria-luis-antonio-verney\/","og_site_name":"Instituto de Apoio \u00e0 Crian\u00e7a","article_publisher":"https:\/\/www.facebook.com\/iacinstitutodeapoioacrianca","article_published_time":"2022-07-07T10:04:51+00:00","article_modified_time":"2022-07-08T15:10:40+00:00","og_image":[{"width":660,"height":480,"url":"https:\/\/iacrianca.pt\/wp-content\/uploads\/1-2.jpg","type":"image\/jpeg"}],"author":"Administra\u00e7\u00e3o IAC","twitter_card":"summary_large_image","twitter_creator":"@iacapoiocrianca","twitter_site":"@iacapoiocrianca","twitter_misc":{"Written by":"Administra\u00e7\u00e3o IAC","Est. reading time":"2 minutes"},"schema":{"@context":"https:\/\/schema.org","@graph":[{"@type":"Article","@id":"https:\/\/iacrianca.pt\/en\/2022\/07\/desenvolvimento-de-competencias-pessoais-e-sociais-na-escola-basica-e-secundaria-luis-antonio-verney\/#article","isPartOf":{"@id":"https:\/\/iacrianca.pt\/en\/2022\/07\/desenvolvimento-de-competencias-pessoais-e-sociais-na-escola-basica-e-secundaria-luis-antonio-verney\/"},"author":{"name":"Administra\u00e7\u00e3o IAC","@id":"https:\/\/iacrianca.pt\/en\/#\/schema\/person\/1c48c6e4b70d0dc7360e4b28ceaa5f6b"},"headline":"Desenvolvimento de compet\u00eancias pessoais e sociais\u202fna Escola B\u00e1sica e Secund\u00e1ria Lu\u00eds Ant\u00f3nio Verney","datePublished":"2022-07-07T10:04:51+00:00","dateModified":"2022-07-08T15:10:40+00:00","mainEntityOfPage":{"@id":"https:\/\/iacrianca.pt\/en\/2022\/07\/desenvolvimento-de-competencias-pessoais-e-sociais-na-escola-basica-e-secundaria-luis-antonio-verney\/"},"wordCount":323,"commentCount":0,"publisher":{"@id":"https:\/\/iacrianca.pt\/en\/#organization"},"image":{"@id":"https:\/\/iacrianca.pt\/en\/2022\/07\/desenvolvimento-de-competencias-pessoais-e-sociais-na-escola-basica-e-secundaria-luis-antonio-verney\/#primaryimage"},"thumbnailUrl":"https:\/\/iacrianca.pt\/wp-content\/uploads\/1-2.jpg","articleSection":["Newsletter"],"inLanguage":"en-US","potentialAction":[{"@type":"CommentAction","name":"Comment","target":["https:\/\/iacrianca.pt\/en\/2022\/07\/desenvolvimento-de-competencias-pessoais-e-sociais-na-escola-basica-e-secundaria-luis-antonio-verney\/#respond"]}]},{"@type":"WebPage","@id":"https:\/\/iacrianca.pt\/en\/2022\/07\/desenvolvimento-de-competencias-pessoais-e-sociais-na-escola-basica-e-secundaria-luis-antonio-verney\/","url":"https:\/\/iacrianca.pt\/en\/2022\/07\/desenvolvimento-de-competencias-pessoais-e-sociais-na-escola-basica-e-secundaria-luis-antonio-verney\/","name":"Desenvolvimento de compet\u00eancias pessoais e sociais\u202fna Escola B\u00e1sica e Secund\u00e1ria Lu\u00eds Ant\u00f3nio Verney | Instituto de Apoio \u00e0 Crian\u00e7a","isPartOf":{"@id":"https:\/\/iacrianca.pt\/en\/#website"},"primaryImageOfPage":{"@id":"https:\/\/iacrianca.pt\/en\/2022\/07\/desenvolvimento-de-competencias-pessoais-e-sociais-na-escola-basica-e-secundaria-luis-antonio-verney\/#primaryimage"},"image":{"@id":"https:\/\/iacrianca.pt\/en\/2022\/07\/desenvolvimento-de-competencias-pessoais-e-sociais-na-escola-basica-e-secundaria-luis-antonio-verney\/#primaryimage"},"thumbnailUrl":"https:\/\/iacrianca.pt\/wp-content\/uploads\/1-2.jpg","datePublished":"2022-07-07T10:04:51+00:00","dateModified":"2022-07-08T15:10:40+00:00","breadcrumb":{"@id":"https:\/\/iacrianca.pt\/en\/2022\/07\/desenvolvimento-de-competencias-pessoais-e-sociais-na-escola-basica-e-secundaria-luis-antonio-verney\/#breadcrumb"},"inLanguage":"en-US","potentialAction":[{"@type":"ReadAction","target":["https:\/\/iacrianca.pt\/en\/2022\/07\/desenvolvimento-de-competencias-pessoais-e-sociais-na-escola-basica-e-secundaria-luis-antonio-verney\/"]}]},{"@type":"ImageObject","inLanguage":"en-US","@id":"https:\/\/iacrianca.pt\/en\/2022\/07\/desenvolvimento-de-competencias-pessoais-e-sociais-na-escola-basica-e-secundaria-luis-antonio-verney\/#primaryimage","url":"https:\/\/iacrianca.pt\/wp-content\/uploads\/1-2.jpg","contentUrl":"https:\/\/iacrianca.pt\/wp-content\/uploads\/1-2.jpg","width":660,"height":480},{"@type":"BreadcrumbList","@id":"https:\/\/iacrianca.pt\/en\/2022\/07\/desenvolvimento-de-competencias-pessoais-e-sociais-na-escola-basica-e-secundaria-luis-antonio-verney\/#breadcrumb","itemListElement":[{"@type":"ListItem","position":1,"name":"In\u00edcio","item":"https:\/\/iacrianca.pt\/en\/"},{"@type":"ListItem","position":2,"name":"Desenvolvimento de compet\u00eancias pessoais e sociais\u202fna Escola B\u00e1sica e Secund\u00e1ria Lu\u00eds Ant\u00f3nio Verney"}]},{"@type":"WebSite","@id":"https:\/\/iacrianca.pt\/en\/#website","url":"https:\/\/iacrianca.pt\/en\/","name":"Instituto de Apoio \u00e0 Crian\u00e7a","description":"Desde 1983 na defesa e promo\u00e7\u00e3o dos direitos da crian\u00e7a","publisher":{"@id":"https:\/\/iacrianca.pt\/en\/#organization"},"potentialAction":[{"@type":"SearchAction","target":{"@type":"EntryPoint","urlTemplate":"https:\/\/iacrianca.pt\/en\/?s={search_term_string}"},"query-input":{"@type":"PropertyValueSpecification","valueRequired":true,"valueName":"search_term_string"}}],"inLanguage":"en-US"},{"@type":"Organization","@id":"https:\/\/iacrianca.pt\/en\/#organization","name":"Instituto de Apoio \u00e0 Crian\u00e7a","url":"https:\/\/iacrianca.pt\/en\/","logo":{"@type":"ImageObject","inLanguage":"en-US","@id":"https:\/\/iacrianca.pt\/en\/#\/schema\/logo\/image\/","url":"https:\/\/iacrianca.pt\/wp-content\/uploads\/2020\/04\/logo-iac-SD.jpg","contentUrl":"https:\/\/iacrianca.pt\/wp-content\/uploads\/2020\/04\/logo-iac-SD.jpg","width":152,"height":73,"caption":"Instituto de Apoio \u00e0 Crian\u00e7a"},"image":{"@id":"https:\/\/iacrianca.pt\/en\/#\/schema\/logo\/image\/"},"sameAs":["https:\/\/www.facebook.com\/iacinstitutodeapoioacrianca","https:\/\/x.com\/iacapoiocrianca","https:\/\/www.youtube.com\/channel\/UC0jjfZ_xkN_59gJf_RQ-ZnQ","https:\/\/www.linkedin.com\/company\/instituto-de-apoio--criana\/","https:\/\/www.instagram.com\/iacinstitutodeapoioacrianca\/","https:\/\/criancasatortoeadireitos.wordpress.com\/"]},{"@type":"Person","@id":"https:\/\/iacrianca.pt\/en\/#\/schema\/person\/1c48c6e4b70d0dc7360e4b28ceaa5f6b","name":"Administra\u00e7\u00e3o IAC","image":{"@type":"ImageObject","inLanguage":"en-US","@id":"https:\/\/secure.gravatar.com\/avatar\/60b998c71de37dcc1398fc6d48c6b5ed7533e3ceec837c948055f072e3158ff1?s=96&d=mm&r=g","url":"https:\/\/secure.gravatar.com\/avatar\/60b998c71de37dcc1398fc6d48c6b5ed7533e3ceec837c948055f072e3158ff1?s=96&d=mm&r=g","contentUrl":"https:\/\/secure.gravatar.com\/avatar\/60b998c71de37dcc1398fc6d48c6b5ed7533e3ceec837c948055f072e3158ff1?s=96&d=mm&r=g","caption":"Administra\u00e7\u00e3o IAC"}}]}},"_links":{"self":[{"href":"https:\/\/iacrianca.pt\/en\/wp-json\/wp\/v2\/posts\/14486","targetHints":{"allow":["GET"]}}],"collection":[{"href":"https:\/\/iacrianca.pt\/en\/wp-json\/wp\/v2\/posts"}],"about":[{"href":"https:\/\/iacrianca.pt\/en\/wp-json\/wp\/v2\/types\/post"}],"author":[{"embeddable":true,"href":"https:\/\/iacrianca.pt\/en\/wp-json\/wp\/v2\/users\/2"}],"replies":[{"embeddable":true,"href":"https:\/\/iacrianca.pt\/en\/wp-json\/wp\/v2\/comments?post=14486"}],"version-history":[{"count":0,"href":"https:\/\/iacrianca.pt\/en\/wp-json\/wp\/v2\/posts\/14486\/revisions"}],"wp:featuredmedia":[{"embeddable":true,"href":"https:\/\/iacrianca.pt\/en\/wp-json\/wp\/v2\/media\/14487"}],"wp:attachment":[{"href":"https:\/\/iacrianca.pt\/en\/wp-json\/wp\/v2\/media?parent=14486"}],"wp:term":[{"taxonomy":"category","embeddable":true,"href":"https:\/\/iacrianca.pt\/en\/wp-json\/wp\/v2\/categories?post=14486"},{"taxonomy":"post_tag","embeddable":true,"href":"https:\/\/iacrianca.pt\/en\/wp-json\/wp\/v2\/tags?post=14486"}],"curies":[{"name":"wp","href":"https:\/\/api.w.org\/{rel}","templated":true}]}}