{"id":14705,"date":"2022-07-26T11:39:47","date_gmt":"2022-07-26T10:39:47","guid":{"rendered":"https:\/\/iacrianca.pt\/?p=14705"},"modified":"2022-08-05T15:18:11","modified_gmt":"2022-08-05T14:18:11","slug":"coimbra-teve-ferias-de-verao-para-criancas-e-joven","status":"publish","type":"post","link":"https:\/\/iacrianca.pt\/en\/2022\/07\/coimbra-teve-ferias-de-verao-para-criancas-e-joven\/","title":{"rendered":"Coimbra teve F\u00e9rias de Ver\u00e3o para crian\u00e7as e jovens"},"content":{"rendered":"<div>\n<div class=\"x_elementToProof\">\n<p>O Instituto de Apoio \u00e0 Crian\u00e7a e a Uni\u00e3o de Freguesias de Coimbra, no \u00e2mbito da dinamiza\u00e7\u00e3o do Centro Comunit\u00e1rio, promoveu, entre os dias 18 e 22 de julho, uma semana atividades de Ver\u00e3o, dirigida a crian\u00e7as dos 5 aos 13 anos.<\/p>\n<p>Com um programa variado de atividades e com o objetivo de promover a ocupa\u00e7\u00e3o saud\u00e1vel de tempos livres das crian\u00e7as e jovens residentes na \u00e1rea geogr\u00e1fica da Uni\u00e3o de Freguesias de Coimbra, no per\u00edodo das f\u00e9rias escolares de Ver\u00e3o, esta iniciativa surge para dar resposta \u00e0 necessidade das fam\u00edlias\u00a0 ocuparem os seus filhos num local seguro, com atividades pr\u00f3prias do Ver\u00e3o, totalmente gratuitas.<\/p>\n<p>As atividades foram todas planificadas e dinamizadas por um grupo de 6 animadores e teve oportunidade de participar um grupo de 15 crian\u00e7as, incluindo algumas crian\u00e7as e jovens vindos da Ucr\u00e2nia.<\/p>\n<p>Foi, sem d\u00favida, uma iniciativa com muito sucesso em que n\u00e3o faltou anima\u00e7\u00e3o e muita alegria.<\/p>\n<p><img fetchpriority=\"high\" decoding=\"async\" class=\"alignnone wp-image-14706 size-full\" src=\"https:\/\/iacrianca.pt\/wp-content\/uploads\/verao.jpg\" alt=\"\" width=\"1090\" height=\"613\" srcset=\"https:\/\/iacrianca.pt\/wp-content\/uploads\/verao.jpg 1090w, https:\/\/iacrianca.pt\/wp-content\/uploads\/verao-300x169.jpg 300w, https:\/\/iacrianca.pt\/wp-content\/uploads\/verao-1024x576.jpg 1024w, https:\/\/iacrianca.pt\/wp-content\/uploads\/verao-768x432.jpg 768w\" sizes=\"(max-width: 1090px) 100vw, 1090px\" \/><\/p>\n<\/div>\n<p><img decoding=\"async\" class=\"alignnone wp-image-14708 size-full\" src=\"https:\/\/iacrianca.pt\/wp-content\/uploads\/verao2.jpg\" alt=\"\" width=\"1239\" height=\"613\" srcset=\"https:\/\/iacrianca.pt\/wp-content\/uploads\/verao2.jpg 1239w, https:\/\/iacrianca.pt\/wp-content\/uploads\/verao2-300x148.jpg 300w, https:\/\/iacrianca.pt\/wp-content\/uploads\/verao2-1024x507.jpg 1024w, https:\/\/iacrianca.pt\/wp-content\/uploads\/verao2-768x380.jpg 768w\" sizes=\"(max-width: 1239px) 100vw, 1239px\" \/><\/p>\n<\/div>\n<div><img decoding=\"async\" class=\"alignnone wp-image-14710 size-full\" src=\"https:\/\/iacrianca.pt\/wp-content\/uploads\/verao3.jpg\" alt=\"\" width=\"885\" height=\"613\" srcset=\"https:\/\/iacrianca.pt\/wp-content\/uploads\/verao3.jpg 885w, https:\/\/iacrianca.pt\/wp-content\/uploads\/verao3-300x208.jpg 300w, https:\/\/iacrianca.pt\/wp-content\/uploads\/verao3-768x532.jpg 768w\" sizes=\"(max-width: 885px) 100vw, 885px\" \/><\/div>\n","protected":false},"excerpt":{"rendered":"<p>O Instituto de Apoio \u00e0 Crian\u00e7a e a Uni\u00e3o de Freguesias de Coimbra, no \u00e2mbito da dinamiza\u00e7\u00e3o do Centro Comunit\u00e1rio, promoveu, entre os dias 18 e 22 de julho, uma semana atividades de Ver\u00e3o, dirigida a crian\u00e7as dos 5 aos 13 anos. Com um programa variado de atividades e com o objetivo de promover a&hellip;<\/p>\n","protected":false},"author":2,"featured_media":14712,"comment_status":"open","ping_status":"open","sticky":false,"template":"","format":"standard","meta":{"_acf_changed":false,"footnotes":""},"categories":[63],"tags":[],"class_list":["post-14705","post","type-post","status-publish","format-standard","has-post-thumbnail","hentry","category-newsletter","category-63","description-off"],"acf":[],"yoast_head":"<!-- This site is optimized with the Yoast SEO plugin v27.5 - https:\/\/yoast.com\/product\/yoast-seo-wordpress\/ -->\n<title>Coimbra teve F\u00e9rias de Ver\u00e3o para crian\u00e7as e jovens | Instituto de Apoio \u00e0 Crian\u00e7a<\/title>\n<meta name=\"robots\" content=\"index, follow, max-snippet:-1, max-image-preview:large, max-video-preview:-1\" \/>\n<link rel=\"canonical\" href=\"https:\/\/iacrianca.pt\/en\/2022\/07\/coimbra-teve-ferias-de-verao-para-criancas-e-joven\/\" \/>\n<meta property=\"og:locale\" content=\"en_US\" \/>\n<meta property=\"og:type\" content=\"article\" \/>\n<meta property=\"og:title\" content=\"Coimbra teve F\u00e9rias de Ver\u00e3o para crian\u00e7as e jovens | Instituto de Apoio \u00e0 Crian\u00e7a\" \/>\n<meta property=\"og:description\" content=\"O Instituto de Apoio \u00e0 Crian\u00e7a e a Uni\u00e3o de Freguesias de Coimbra, no \u00e2mbito da dinamiza\u00e7\u00e3o do Centro Comunit\u00e1rio, promoveu, entre os dias 18 e 22 de julho, uma semana atividades de Ver\u00e3o, dirigida a crian\u00e7as dos 5 aos 13 anos. Com um programa variado de atividades e com o objetivo de promover a&hellip;\" \/>\n<meta property=\"og:url\" content=\"https:\/\/iacrianca.pt\/en\/2022\/07\/coimbra-teve-ferias-de-verao-para-criancas-e-joven\/\" \/>\n<meta property=\"og:site_name\" content=\"Instituto de Apoio \u00e0 Crian\u00e7a\" \/>\n<meta property=\"article:publisher\" content=\"https:\/\/www.facebook.com\/iacinstitutodeapoioacrianca\" \/>\n<meta property=\"article:published_time\" content=\"2022-07-26T10:39:47+00:00\" \/>\n<meta property=\"article:modified_time\" content=\"2022-08-05T14:18:11+00:00\" \/>\n<meta property=\"og:image\" content=\"https:\/\/iacrianca.pt\/wp-content\/uploads\/verao4.jpg\" \/>\n\t<meta property=\"og:image:width\" content=\"967\" \/>\n\t<meta property=\"og:image:height\" content=\"613\" \/>\n\t<meta property=\"og:image:type\" content=\"image\/jpeg\" \/>\n<meta name=\"author\" content=\"Administra\u00e7\u00e3o IAC\" \/>\n<meta name=\"twitter:card\" content=\"summary_large_image\" \/>\n<meta name=\"twitter:creator\" content=\"@iacapoiocrianca\" \/>\n<meta name=\"twitter:site\" content=\"@iacapoiocrianca\" \/>\n<meta name=\"twitter:label1\" content=\"Written by\" \/>\n\t<meta name=\"twitter:data1\" content=\"Administra\u00e7\u00e3o IAC\" \/>\n\t<meta name=\"twitter:label2\" content=\"Est. reading time\" \/>\n\t<meta name=\"twitter:data2\" content=\"2 minutes\" \/>\n<script type=\"application\/ld+json\" class=\"yoast-schema-graph\">{\"@context\":\"https:\\\/\\\/schema.org\",\"@graph\":[{\"@type\":\"Article\",\"@id\":\"https:\\\/\\\/iacrianca.pt\\\/en\\\/2022\\\/07\\\/coimbra-teve-ferias-de-verao-para-criancas-e-joven\\\/#article\",\"isPartOf\":{\"@id\":\"https:\\\/\\\/iacrianca.pt\\\/en\\\/2022\\\/07\\\/coimbra-teve-ferias-de-verao-para-criancas-e-joven\\\/\"},\"author\":{\"name\":\"Administra\u00e7\u00e3o IAC\",\"@id\":\"https:\\\/\\\/iacrianca.pt\\\/en\\\/#\\\/schema\\\/person\\\/1c48c6e4b70d0dc7360e4b28ceaa5f6b\"},\"headline\":\"Coimbra teve F\u00e9rias de Ver\u00e3o para crian\u00e7as e jovens\",\"datePublished\":\"2022-07-26T10:39:47+00:00\",\"dateModified\":\"2022-08-05T14:18:11+00:00\",\"mainEntityOfPage\":{\"@id\":\"https:\\\/\\\/iacrianca.pt\\\/en\\\/2022\\\/07\\\/coimbra-teve-ferias-de-verao-para-criancas-e-joven\\\/\"},\"wordCount\":179,\"commentCount\":0,\"publisher\":{\"@id\":\"https:\\\/\\\/iacrianca.pt\\\/en\\\/#organization\"},\"image\":{\"@id\":\"https:\\\/\\\/iacrianca.pt\\\/en\\\/2022\\\/07\\\/coimbra-teve-ferias-de-verao-para-criancas-e-joven\\\/#primaryimage\"},\"thumbnailUrl\":\"https:\\\/\\\/iacrianca.pt\\\/wp-content\\\/uploads\\\/verao4.jpg\",\"articleSection\":[\"Newsletter\"],\"inLanguage\":\"en-US\",\"potentialAction\":[{\"@type\":\"CommentAction\",\"name\":\"Comment\",\"target\":[\"https:\\\/\\\/iacrianca.pt\\\/en\\\/2022\\\/07\\\/coimbra-teve-ferias-de-verao-para-criancas-e-joven\\\/#respond\"]}]},{\"@type\":\"WebPage\",\"@id\":\"https:\\\/\\\/iacrianca.pt\\\/en\\\/2022\\\/07\\\/coimbra-teve-ferias-de-verao-para-criancas-e-joven\\\/\",\"url\":\"https:\\\/\\\/iacrianca.pt\\\/en\\\/2022\\\/07\\\/coimbra-teve-ferias-de-verao-para-criancas-e-joven\\\/\",\"name\":\"Coimbra teve F\u00e9rias de Ver\u00e3o para crian\u00e7as e jovens | Instituto de Apoio \u00e0 Crian\u00e7a\",\"isPartOf\":{\"@id\":\"https:\\\/\\\/iacrianca.pt\\\/en\\\/#website\"},\"primaryImageOfPage\":{\"@id\":\"https:\\\/\\\/iacrianca.pt\\\/en\\\/2022\\\/07\\\/coimbra-teve-ferias-de-verao-para-criancas-e-joven\\\/#primaryimage\"},\"image\":{\"@id\":\"https:\\\/\\\/iacrianca.pt\\\/en\\\/2022\\\/07\\\/coimbra-teve-ferias-de-verao-para-criancas-e-joven\\\/#primaryimage\"},\"thumbnailUrl\":\"https:\\\/\\\/iacrianca.pt\\\/wp-content\\\/uploads\\\/verao4.jpg\",\"datePublished\":\"2022-07-26T10:39:47+00:00\",\"dateModified\":\"2022-08-05T14:18:11+00:00\",\"breadcrumb\":{\"@id\":\"https:\\\/\\\/iacrianca.pt\\\/en\\\/2022\\\/07\\\/coimbra-teve-ferias-de-verao-para-criancas-e-joven\\\/#breadcrumb\"},\"inLanguage\":\"en-US\",\"potentialAction\":[{\"@type\":\"ReadAction\",\"target\":[\"https:\\\/\\\/iacrianca.pt\\\/en\\\/2022\\\/07\\\/coimbra-teve-ferias-de-verao-para-criancas-e-joven\\\/\"]}]},{\"@type\":\"ImageObject\",\"inLanguage\":\"en-US\",\"@id\":\"https:\\\/\\\/iacrianca.pt\\\/en\\\/2022\\\/07\\\/coimbra-teve-ferias-de-verao-para-criancas-e-joven\\\/#primaryimage\",\"url\":\"https:\\\/\\\/iacrianca.pt\\\/wp-content\\\/uploads\\\/verao4.jpg\",\"contentUrl\":\"https:\\\/\\\/iacrianca.pt\\\/wp-content\\\/uploads\\\/verao4.jpg\",\"width\":967,\"height\":613},{\"@type\":\"BreadcrumbList\",\"@id\":\"https:\\\/\\\/iacrianca.pt\\\/en\\\/2022\\\/07\\\/coimbra-teve-ferias-de-verao-para-criancas-e-joven\\\/#breadcrumb\",\"itemListElement\":[{\"@type\":\"ListItem\",\"position\":1,\"name\":\"In\u00edcio\",\"item\":\"https:\\\/\\\/iacrianca.pt\\\/en\\\/\"},{\"@type\":\"ListItem\",\"position\":2,\"name\":\"Coimbra teve F\u00e9rias de Ver\u00e3o para crian\u00e7as e jovens\"}]},{\"@type\":\"WebSite\",\"@id\":\"https:\\\/\\\/iacrianca.pt\\\/en\\\/#website\",\"url\":\"https:\\\/\\\/iacrianca.pt\\\/en\\\/\",\"name\":\"Instituto de Apoio \u00e0 Crian\u00e7a\",\"description\":\"Desde 1983 na defesa e promo\u00e7\u00e3o dos direitos da crian\u00e7a\",\"publisher\":{\"@id\":\"https:\\\/\\\/iacrianca.pt\\\/en\\\/#organization\"},\"potentialAction\":[{\"@type\":\"SearchAction\",\"target\":{\"@type\":\"EntryPoint\",\"urlTemplate\":\"https:\\\/\\\/iacrianca.pt\\\/en\\\/?s={search_term_string}\"},\"query-input\":{\"@type\":\"PropertyValueSpecification\",\"valueRequired\":true,\"valueName\":\"search_term_string\"}}],\"inLanguage\":\"en-US\"},{\"@type\":\"Organization\",\"@id\":\"https:\\\/\\\/iacrianca.pt\\\/en\\\/#organization\",\"name\":\"Instituto de Apoio \u00e0 Crian\u00e7a\",\"url\":\"https:\\\/\\\/iacrianca.pt\\\/en\\\/\",\"logo\":{\"@type\":\"ImageObject\",\"inLanguage\":\"en-US\",\"@id\":\"https:\\\/\\\/iacrianca.pt\\\/en\\\/#\\\/schema\\\/logo\\\/image\\\/\",\"url\":\"https:\\\/\\\/iacrianca.pt\\\/wp-content\\\/uploads\\\/2020\\\/04\\\/logo-iac-SD.jpg\",\"contentUrl\":\"https:\\\/\\\/iacrianca.pt\\\/wp-content\\\/uploads\\\/2020\\\/04\\\/logo-iac-SD.jpg\",\"width\":152,\"height\":73,\"caption\":\"Instituto de Apoio \u00e0 Crian\u00e7a\"},\"image\":{\"@id\":\"https:\\\/\\\/iacrianca.pt\\\/en\\\/#\\\/schema\\\/logo\\\/image\\\/\"},\"sameAs\":[\"https:\\\/\\\/www.facebook.com\\\/iacinstitutodeapoioacrianca\",\"https:\\\/\\\/x.com\\\/iacapoiocrianca\",\"https:\\\/\\\/www.youtube.com\\\/channel\\\/UC0jjfZ_xkN_59gJf_RQ-ZnQ\",\"https:\\\/\\\/www.linkedin.com\\\/company\\\/instituto-de-apoio--criana\\\/\",\"https:\\\/\\\/www.instagram.com\\\/iacinstitutodeapoioacrianca\\\/\",\"https:\\\/\\\/criancasatortoeadireitos.wordpress.com\\\/\"]},{\"@type\":\"Person\",\"@id\":\"https:\\\/\\\/iacrianca.pt\\\/en\\\/#\\\/schema\\\/person\\\/1c48c6e4b70d0dc7360e4b28ceaa5f6b\",\"name\":\"Administra\u00e7\u00e3o IAC\",\"image\":{\"@type\":\"ImageObject\",\"inLanguage\":\"en-US\",\"@id\":\"https:\\\/\\\/secure.gravatar.com\\\/avatar\\\/60b998c71de37dcc1398fc6d48c6b5ed7533e3ceec837c948055f072e3158ff1?s=96&d=mm&r=g\",\"url\":\"https:\\\/\\\/secure.gravatar.com\\\/avatar\\\/60b998c71de37dcc1398fc6d48c6b5ed7533e3ceec837c948055f072e3158ff1?s=96&d=mm&r=g\",\"contentUrl\":\"https:\\\/\\\/secure.gravatar.com\\\/avatar\\\/60b998c71de37dcc1398fc6d48c6b5ed7533e3ceec837c948055f072e3158ff1?s=96&d=mm&r=g\",\"caption\":\"Administra\u00e7\u00e3o IAC\"}}]}<\/script>\n<!-- \/ Yoast SEO plugin. -->","yoast_head_json":{"title":"Coimbra teve F\u00e9rias de Ver\u00e3o para crian\u00e7as e jovens | Instituto de Apoio \u00e0 Crian\u00e7a","robots":{"index":"index","follow":"follow","max-snippet":"max-snippet:-1","max-image-preview":"max-image-preview:large","max-video-preview":"max-video-preview:-1"},"canonical":"https:\/\/iacrianca.pt\/en\/2022\/07\/coimbra-teve-ferias-de-verao-para-criancas-e-joven\/","og_locale":"en_US","og_type":"article","og_title":"Coimbra teve F\u00e9rias de Ver\u00e3o para crian\u00e7as e jovens | Instituto de Apoio \u00e0 Crian\u00e7a","og_description":"O Instituto de Apoio \u00e0 Crian\u00e7a e a Uni\u00e3o de Freguesias de Coimbra, no \u00e2mbito da dinamiza\u00e7\u00e3o do Centro Comunit\u00e1rio, promoveu, entre os dias 18 e 22 de julho, uma semana atividades de Ver\u00e3o, dirigida a crian\u00e7as dos 5 aos 13 anos. Com um programa variado de atividades e com o objetivo de promover a&hellip;","og_url":"https:\/\/iacrianca.pt\/en\/2022\/07\/coimbra-teve-ferias-de-verao-para-criancas-e-joven\/","og_site_name":"Instituto de Apoio \u00e0 Crian\u00e7a","article_publisher":"https:\/\/www.facebook.com\/iacinstitutodeapoioacrianca","article_published_time":"2022-07-26T10:39:47+00:00","article_modified_time":"2022-08-05T14:18:11+00:00","og_image":[{"width":967,"height":613,"url":"https:\/\/iacrianca.pt\/wp-content\/uploads\/verao4.jpg","type":"image\/jpeg"}],"author":"Administra\u00e7\u00e3o IAC","twitter_card":"summary_large_image","twitter_creator":"@iacapoiocrianca","twitter_site":"@iacapoiocrianca","twitter_misc":{"Written by":"Administra\u00e7\u00e3o IAC","Est. reading time":"2 minutes"},"schema":{"@context":"https:\/\/schema.org","@graph":[{"@type":"Article","@id":"https:\/\/iacrianca.pt\/en\/2022\/07\/coimbra-teve-ferias-de-verao-para-criancas-e-joven\/#article","isPartOf":{"@id":"https:\/\/iacrianca.pt\/en\/2022\/07\/coimbra-teve-ferias-de-verao-para-criancas-e-joven\/"},"author":{"name":"Administra\u00e7\u00e3o IAC","@id":"https:\/\/iacrianca.pt\/en\/#\/schema\/person\/1c48c6e4b70d0dc7360e4b28ceaa5f6b"},"headline":"Coimbra teve F\u00e9rias de Ver\u00e3o para crian\u00e7as e jovens","datePublished":"2022-07-26T10:39:47+00:00","dateModified":"2022-08-05T14:18:11+00:00","mainEntityOfPage":{"@id":"https:\/\/iacrianca.pt\/en\/2022\/07\/coimbra-teve-ferias-de-verao-para-criancas-e-joven\/"},"wordCount":179,"commentCount":0,"publisher":{"@id":"https:\/\/iacrianca.pt\/en\/#organization"},"image":{"@id":"https:\/\/iacrianca.pt\/en\/2022\/07\/coimbra-teve-ferias-de-verao-para-criancas-e-joven\/#primaryimage"},"thumbnailUrl":"https:\/\/iacrianca.pt\/wp-content\/uploads\/verao4.jpg","articleSection":["Newsletter"],"inLanguage":"en-US","potentialAction":[{"@type":"CommentAction","name":"Comment","target":["https:\/\/iacrianca.pt\/en\/2022\/07\/coimbra-teve-ferias-de-verao-para-criancas-e-joven\/#respond"]}]},{"@type":"WebPage","@id":"https:\/\/iacrianca.pt\/en\/2022\/07\/coimbra-teve-ferias-de-verao-para-criancas-e-joven\/","url":"https:\/\/iacrianca.pt\/en\/2022\/07\/coimbra-teve-ferias-de-verao-para-criancas-e-joven\/","name":"Coimbra teve F\u00e9rias de Ver\u00e3o para crian\u00e7as e jovens | Instituto de Apoio \u00e0 Crian\u00e7a","isPartOf":{"@id":"https:\/\/iacrianca.pt\/en\/#website"},"primaryImageOfPage":{"@id":"https:\/\/iacrianca.pt\/en\/2022\/07\/coimbra-teve-ferias-de-verao-para-criancas-e-joven\/#primaryimage"},"image":{"@id":"https:\/\/iacrianca.pt\/en\/2022\/07\/coimbra-teve-ferias-de-verao-para-criancas-e-joven\/#primaryimage"},"thumbnailUrl":"https:\/\/iacrianca.pt\/wp-content\/uploads\/verao4.jpg","datePublished":"2022-07-26T10:39:47+00:00","dateModified":"2022-08-05T14:18:11+00:00","breadcrumb":{"@id":"https:\/\/iacrianca.pt\/en\/2022\/07\/coimbra-teve-ferias-de-verao-para-criancas-e-joven\/#breadcrumb"},"inLanguage":"en-US","potentialAction":[{"@type":"ReadAction","target":["https:\/\/iacrianca.pt\/en\/2022\/07\/coimbra-teve-ferias-de-verao-para-criancas-e-joven\/"]}]},{"@type":"ImageObject","inLanguage":"en-US","@id":"https:\/\/iacrianca.pt\/en\/2022\/07\/coimbra-teve-ferias-de-verao-para-criancas-e-joven\/#primaryimage","url":"https:\/\/iacrianca.pt\/wp-content\/uploads\/verao4.jpg","contentUrl":"https:\/\/iacrianca.pt\/wp-content\/uploads\/verao4.jpg","width":967,"height":613},{"@type":"BreadcrumbList","@id":"https:\/\/iacrianca.pt\/en\/2022\/07\/coimbra-teve-ferias-de-verao-para-criancas-e-joven\/#breadcrumb","itemListElement":[{"@type":"ListItem","position":1,"name":"In\u00edcio","item":"https:\/\/iacrianca.pt\/en\/"},{"@type":"ListItem","position":2,"name":"Coimbra teve F\u00e9rias de Ver\u00e3o para crian\u00e7as e jovens"}]},{"@type":"WebSite","@id":"https:\/\/iacrianca.pt\/en\/#website","url":"https:\/\/iacrianca.pt\/en\/","name":"Instituto de Apoio \u00e0 Crian\u00e7a","description":"Desde 1983 na defesa e promo\u00e7\u00e3o dos direitos da crian\u00e7a","publisher":{"@id":"https:\/\/iacrianca.pt\/en\/#organization"},"potentialAction":[{"@type":"SearchAction","target":{"@type":"EntryPoint","urlTemplate":"https:\/\/iacrianca.pt\/en\/?s={search_term_string}"},"query-input":{"@type":"PropertyValueSpecification","valueRequired":true,"valueName":"search_term_string"}}],"inLanguage":"en-US"},{"@type":"Organization","@id":"https:\/\/iacrianca.pt\/en\/#organization","name":"Instituto de Apoio \u00e0 Crian\u00e7a","url":"https:\/\/iacrianca.pt\/en\/","logo":{"@type":"ImageObject","inLanguage":"en-US","@id":"https:\/\/iacrianca.pt\/en\/#\/schema\/logo\/image\/","url":"https:\/\/iacrianca.pt\/wp-content\/uploads\/2020\/04\/logo-iac-SD.jpg","contentUrl":"https:\/\/iacrianca.pt\/wp-content\/uploads\/2020\/04\/logo-iac-SD.jpg","width":152,"height":73,"caption":"Instituto de Apoio \u00e0 Crian\u00e7a"},"image":{"@id":"https:\/\/iacrianca.pt\/en\/#\/schema\/logo\/image\/"},"sameAs":["https:\/\/www.facebook.com\/iacinstitutodeapoioacrianca","https:\/\/x.com\/iacapoiocrianca","https:\/\/www.youtube.com\/channel\/UC0jjfZ_xkN_59gJf_RQ-ZnQ","https:\/\/www.linkedin.com\/company\/instituto-de-apoio--criana\/","https:\/\/www.instagram.com\/iacinstitutodeapoioacrianca\/","https:\/\/criancasatortoeadireitos.wordpress.com\/"]},{"@type":"Person","@id":"https:\/\/iacrianca.pt\/en\/#\/schema\/person\/1c48c6e4b70d0dc7360e4b28ceaa5f6b","name":"Administra\u00e7\u00e3o IAC","image":{"@type":"ImageObject","inLanguage":"en-US","@id":"https:\/\/secure.gravatar.com\/avatar\/60b998c71de37dcc1398fc6d48c6b5ed7533e3ceec837c948055f072e3158ff1?s=96&d=mm&r=g","url":"https:\/\/secure.gravatar.com\/avatar\/60b998c71de37dcc1398fc6d48c6b5ed7533e3ceec837c948055f072e3158ff1?s=96&d=mm&r=g","contentUrl":"https:\/\/secure.gravatar.com\/avatar\/60b998c71de37dcc1398fc6d48c6b5ed7533e3ceec837c948055f072e3158ff1?s=96&d=mm&r=g","caption":"Administra\u00e7\u00e3o IAC"}}]}},"_links":{"self":[{"href":"https:\/\/iacrianca.pt\/en\/wp-json\/wp\/v2\/posts\/14705","targetHints":{"allow":["GET"]}}],"collection":[{"href":"https:\/\/iacrianca.pt\/en\/wp-json\/wp\/v2\/posts"}],"about":[{"href":"https:\/\/iacrianca.pt\/en\/wp-json\/wp\/v2\/types\/post"}],"author":[{"embeddable":true,"href":"https:\/\/iacrianca.pt\/en\/wp-json\/wp\/v2\/users\/2"}],"replies":[{"embeddable":true,"href":"https:\/\/iacrianca.pt\/en\/wp-json\/wp\/v2\/comments?post=14705"}],"version-history":[{"count":0,"href":"https:\/\/iacrianca.pt\/en\/wp-json\/wp\/v2\/posts\/14705\/revisions"}],"wp:featuredmedia":[{"embeddable":true,"href":"https:\/\/iacrianca.pt\/en\/wp-json\/wp\/v2\/media\/14712"}],"wp:attachment":[{"href":"https:\/\/iacrianca.pt\/en\/wp-json\/wp\/v2\/media?parent=14705"}],"wp:term":[{"taxonomy":"category","embeddable":true,"href":"https:\/\/iacrianca.pt\/en\/wp-json\/wp\/v2\/categories?post=14705"},{"taxonomy":"post_tag","embeddable":true,"href":"https:\/\/iacrianca.pt\/en\/wp-json\/wp\/v2\/tags?post=14705"}],"curies":[{"name":"wp","href":"https:\/\/api.w.org\/{rel}","templated":true}]}}