{"id":15030,"date":"2022-08-01T11:57:10","date_gmt":"2022-08-01T10:57:10","guid":{"rendered":"https:\/\/iacrianca.pt\/?p=15030"},"modified":"2022-08-05T15:28:22","modified_gmt":"2022-08-05T14:28:22","slug":"ferias-divertidas","status":"publish","type":"post","link":"https:\/\/iacrianca.pt\/en\/2022\/08\/ferias-divertidas\/","title":{"rendered":"&#8220;F\u00e9rias divertidas&#8221;\u202f"},"content":{"rendered":"<div>\n<div class=\"x_elementToProof\">\n<p>O Instituto de Apoio \u00e0 Crian\u00e7a, Projecto Rua, vai proporcionar v\u00e1rias atividades de ver\u00e3o para crian\u00e7as e jovens dos 4 aos 18 anos, durante os meses de julho, agosto e setembro.\u202f\u202fEstas a\u00e7\u00f5es\u202f programadas pela equipa, visam essencialmente\u202fpromover e exercitar as compet\u00eancias pessoais e sociais e proporcionar momentos de lazer e conv\u00edvio entre os elementos do grupo.<\/p>\n<p><span data-contrast=\"auto\">\u202f<\/span><span data-contrast=\"auto\">Neste m\u00eas de julho privilegi\u00e1mos momentos ao ar livre, aproveitando o sol e as f\u00e9rias escolares. Desta forma, realiz\u00e1mos\u202fum almo\u00e7o\u202fconv\u00edvio, em que os jovens puderam\u202fcolaborar na confe\u00e7\u00e3o da refei\u00e7\u00e3o,\u202fpedy\u202fpaper\u202fonde fomos \u00e0 descoberta de monumentos e recantos da cidade, canoagem em que reinou o entusiasmo e o dinamismo.\u202f\u202f\u202f<\/span><span data-ccp-props=\"{&quot;134233117&quot;:false,&quot;134233118&quot;:false,&quot;201341983&quot;:0,&quot;335551550&quot;:6,&quot;335551620&quot;:6,&quot;335559738&quot;:0,&quot;335559739&quot;:0,&quot;335559740&quot;:240}\">\u00a0<\/span><\/p>\n<p><span data-contrast=\"auto\">Quanto ao grupo de m\u00e3es, salientamos a\u202fvisita \u00e0 Casa da Cerca, onde decorreu um atelier muito especial, desenvolvendo uma t\u00e9cnica ancestral de estampagem: s\u00e3o tingidos\u202fpanos com os fluidos das folhas recolhidas no jardim desta casa. Este\u202fmomento proporcionou a participa\u00e7\u00e3o\u202fem espa\u00e7os culturais, estimulou o esp\u00edrito de grupo e a sua coes\u00e3o e promoveu o relacionamento saud\u00e1vel entre pais e filhos.\u202f\u202f<\/span><span data-ccp-props=\"{&quot;134233117&quot;:false,&quot;134233118&quot;:false,&quot;201341983&quot;:0,&quot;335551550&quot;:6,&quot;335551620&quot;:6,&quot;335559738&quot;:0,&quot;335559739&quot;:0,&quot;335559740&quot;:240}\">\u00a0<\/span><\/p>\n<p><span data-contrast=\"auto\">Mas a divers\u00e3o continua durante os restantes meses, com um vasto leque de novas atividades tais como: visita ao Pal\u00e1cio da Ajuda &#8221; Tesouro real&#8221;, visita \u00e0 Fragata D. Fernando II, ida \u00e0 praia, bowling, cinema, entre outras.\u202f<\/span><span data-ccp-props=\"{&quot;134233117&quot;:false,&quot;134233118&quot;:false,&quot;201341983&quot;:0,&quot;335551550&quot;:6,&quot;335551620&quot;:6,&quot;335559738&quot;:0,&quot;335559739&quot;:0,&quot;335559740&quot;:240}\">\u00a0<\/span><span data-ccp-props=\"{&quot;134233117&quot;:false,&quot;134233118&quot;:false,&quot;201341983&quot;:0,&quot;335551550&quot;:6,&quot;335551620&quot;:6,&quot;335559738&quot;:0,&quot;335559739&quot;:0,&quot;335559740&quot;:240}\">\u00a0<\/span><\/p>\n<p><span data-contrast=\"auto\">Estas atividades de Ver\u00e3o constituem\u202fuma ferramenta importante, n\u00e3o s\u00f3 na\u202fcria\u00e7\u00e3o de\u202fhabilidades intelectuais e sociais, mas, tamb\u00e9m, proporcionando experi\u00eancias memor\u00e1veis na vida destas crian\u00e7as, estreitando rela\u00e7\u00e3o entre os jovens, as fam\u00edlias e os t\u00e9cnicos.\u202f<\/span><span data-ccp-props=\"{&quot;134233117&quot;:false,&quot;134233118&quot;:false,&quot;201341983&quot;:0,&quot;335551550&quot;:6,&quot;335551620&quot;:6,&quot;335559738&quot;:0,&quot;335559739&quot;:0,&quot;335559740&quot;:240}\">\u00a0<\/span><\/p>\n<p><img fetchpriority=\"high\" decoding=\"async\" class=\"alignnone wp-image-15033 size-full\" src=\"https:\/\/iacrianca.pt\/wp-content\/uploads\/divertidas2.jpg\" alt=\"\" width=\"741\" height=\"556\" srcset=\"https:\/\/iacrianca.pt\/wp-content\/uploads\/divertidas2.jpg 741w, https:\/\/iacrianca.pt\/wp-content\/uploads\/divertidas2-300x225.jpg 300w\" sizes=\"(max-width: 741px) 100vw, 741px\" \/><\/p>\n<p><img decoding=\"async\" class=\"alignnone wp-image-15035 size-full\" src=\"https:\/\/iacrianca.pt\/wp-content\/uploads\/divertidas3.jpg\" alt=\"\" width=\"1207\" height=\"556\" srcset=\"https:\/\/iacrianca.pt\/wp-content\/uploads\/divertidas3.jpg 1207w, https:\/\/iacrianca.pt\/wp-content\/uploads\/divertidas3-300x138.jpg 300w, https:\/\/iacrianca.pt\/wp-content\/uploads\/divertidas3-1024x472.jpg 1024w, https:\/\/iacrianca.pt\/wp-content\/uploads\/divertidas3-768x354.jpg 768w\" sizes=\"(max-width: 1207px) 100vw, 1207px\" \/><\/p>\n<\/div>\n<p><img decoding=\"async\" class=\"alignnone wp-image-15037 size-full\" src=\"https:\/\/iacrianca.pt\/wp-content\/uploads\/divertidas4.jpg\" alt=\"\" width=\"417\" height=\"556\" srcset=\"https:\/\/iacrianca.pt\/wp-content\/uploads\/divertidas4.jpg 417w, https:\/\/iacrianca.pt\/wp-content\/uploads\/divertidas4-225x300.jpg 225w\" sizes=\"(max-width: 417px) 100vw, 417px\" \/><\/p>\n<\/div>\n<div><\/div>\n","protected":false},"excerpt":{"rendered":"<p>O Instituto de Apoio \u00e0 Crian\u00e7a, Projecto Rua, vai proporcionar v\u00e1rias atividades de ver\u00e3o para crian\u00e7as e jovens dos 4 aos 18 anos, durante os meses de julho, agosto e setembro.\u202f\u202fEstas a\u00e7\u00f5es\u202f programadas pela equipa, visam essencialmente\u202fpromover e exercitar as compet\u00eancias pessoais e sociais e proporcionar momentos de lazer e conv\u00edvio entre os elementos do&hellip;<\/p>\n","protected":false},"author":2,"featured_media":15031,"comment_status":"open","ping_status":"open","sticky":false,"template":"","format":"standard","meta":{"_acf_changed":false,"footnotes":""},"categories":[63],"tags":[],"class_list":["post-15030","post","type-post","status-publish","format-standard","has-post-thumbnail","hentry","category-newsletter","category-63","description-off"],"acf":[],"yoast_head":"<!-- This site is optimized with the Yoast SEO plugin v27.5 - https:\/\/yoast.com\/product\/yoast-seo-wordpress\/ -->\n<title>&quot;F\u00e9rias divertidas&quot;\u202f | Instituto de Apoio \u00e0 Crian\u00e7a<\/title>\n<meta name=\"robots\" content=\"index, follow, max-snippet:-1, max-image-preview:large, max-video-preview:-1\" \/>\n<link rel=\"canonical\" href=\"https:\/\/iacrianca.pt\/en\/2022\/08\/ferias-divertidas\/\" \/>\n<meta property=\"og:locale\" content=\"en_US\" \/>\n<meta property=\"og:type\" content=\"article\" \/>\n<meta property=\"og:title\" content=\"&quot;F\u00e9rias divertidas&quot;\u202f | Instituto de Apoio \u00e0 Crian\u00e7a\" \/>\n<meta property=\"og:description\" content=\"O Instituto de Apoio \u00e0 Crian\u00e7a, Projecto Rua, vai proporcionar v\u00e1rias atividades de ver\u00e3o para crian\u00e7as e jovens dos 4 aos 18 anos, durante os meses de julho, agosto e setembro.\u202f\u202fEstas a\u00e7\u00f5es\u202f programadas pela equipa, visam essencialmente\u202fpromover e exercitar as compet\u00eancias pessoais e sociais e proporcionar momentos de lazer e conv\u00edvio entre os elementos do&hellip;\" \/>\n<meta property=\"og:url\" content=\"https:\/\/iacrianca.pt\/en\/2022\/08\/ferias-divertidas\/\" \/>\n<meta property=\"og:site_name\" content=\"Instituto de Apoio \u00e0 Crian\u00e7a\" \/>\n<meta property=\"article:publisher\" content=\"https:\/\/www.facebook.com\/iacinstitutodeapoioacrianca\" \/>\n<meta property=\"article:published_time\" content=\"2022-08-01T10:57:10+00:00\" \/>\n<meta property=\"article:modified_time\" content=\"2022-08-05T14:28:22+00:00\" \/>\n<meta property=\"og:image\" content=\"https:\/\/iacrianca.pt\/wp-content\/uploads\/divertidas.jpg\" \/>\n\t<meta property=\"og:image:width\" content=\"817\" \/>\n\t<meta property=\"og:image:height\" content=\"613\" \/>\n\t<meta property=\"og:image:type\" content=\"image\/jpeg\" \/>\n<meta name=\"author\" content=\"Administra\u00e7\u00e3o IAC\" \/>\n<meta name=\"twitter:card\" content=\"summary_large_image\" \/>\n<meta name=\"twitter:creator\" content=\"@iacapoiocrianca\" \/>\n<meta name=\"twitter:site\" content=\"@iacapoiocrianca\" \/>\n<meta name=\"twitter:label1\" content=\"Written by\" \/>\n\t<meta name=\"twitter:data1\" content=\"Administra\u00e7\u00e3o IAC\" \/>\n\t<meta name=\"twitter:label2\" content=\"Est. reading time\" \/>\n\t<meta name=\"twitter:data2\" content=\"2 minutes\" \/>\n<script type=\"application\/ld+json\" class=\"yoast-schema-graph\">{\"@context\":\"https:\\\/\\\/schema.org\",\"@graph\":[{\"@type\":\"Article\",\"@id\":\"https:\\\/\\\/iacrianca.pt\\\/en\\\/2022\\\/08\\\/ferias-divertidas\\\/#article\",\"isPartOf\":{\"@id\":\"https:\\\/\\\/iacrianca.pt\\\/en\\\/2022\\\/08\\\/ferias-divertidas\\\/\"},\"author\":{\"name\":\"Administra\u00e7\u00e3o IAC\",\"@id\":\"https:\\\/\\\/iacrianca.pt\\\/en\\\/#\\\/schema\\\/person\\\/1c48c6e4b70d0dc7360e4b28ceaa5f6b\"},\"headline\":\"&#8220;F\u00e9rias divertidas&#8221;\u202f\",\"datePublished\":\"2022-08-01T10:57:10+00:00\",\"dateModified\":\"2022-08-05T14:28:22+00:00\",\"mainEntityOfPage\":{\"@id\":\"https:\\\/\\\/iacrianca.pt\\\/en\\\/2022\\\/08\\\/ferias-divertidas\\\/\"},\"wordCount\":278,\"commentCount\":0,\"publisher\":{\"@id\":\"https:\\\/\\\/iacrianca.pt\\\/en\\\/#organization\"},\"image\":{\"@id\":\"https:\\\/\\\/iacrianca.pt\\\/en\\\/2022\\\/08\\\/ferias-divertidas\\\/#primaryimage\"},\"thumbnailUrl\":\"https:\\\/\\\/iacrianca.pt\\\/wp-content\\\/uploads\\\/divertidas.jpg\",\"articleSection\":[\"Newsletter\"],\"inLanguage\":\"en-US\",\"potentialAction\":[{\"@type\":\"CommentAction\",\"name\":\"Comment\",\"target\":[\"https:\\\/\\\/iacrianca.pt\\\/en\\\/2022\\\/08\\\/ferias-divertidas\\\/#respond\"]}]},{\"@type\":\"WebPage\",\"@id\":\"https:\\\/\\\/iacrianca.pt\\\/en\\\/2022\\\/08\\\/ferias-divertidas\\\/\",\"url\":\"https:\\\/\\\/iacrianca.pt\\\/en\\\/2022\\\/08\\\/ferias-divertidas\\\/\",\"name\":\"\\\"F\u00e9rias divertidas\\\"\u202f | Instituto de Apoio \u00e0 Crian\u00e7a\",\"isPartOf\":{\"@id\":\"https:\\\/\\\/iacrianca.pt\\\/en\\\/#website\"},\"primaryImageOfPage\":{\"@id\":\"https:\\\/\\\/iacrianca.pt\\\/en\\\/2022\\\/08\\\/ferias-divertidas\\\/#primaryimage\"},\"image\":{\"@id\":\"https:\\\/\\\/iacrianca.pt\\\/en\\\/2022\\\/08\\\/ferias-divertidas\\\/#primaryimage\"},\"thumbnailUrl\":\"https:\\\/\\\/iacrianca.pt\\\/wp-content\\\/uploads\\\/divertidas.jpg\",\"datePublished\":\"2022-08-01T10:57:10+00:00\",\"dateModified\":\"2022-08-05T14:28:22+00:00\",\"breadcrumb\":{\"@id\":\"https:\\\/\\\/iacrianca.pt\\\/en\\\/2022\\\/08\\\/ferias-divertidas\\\/#breadcrumb\"},\"inLanguage\":\"en-US\",\"potentialAction\":[{\"@type\":\"ReadAction\",\"target\":[\"https:\\\/\\\/iacrianca.pt\\\/en\\\/2022\\\/08\\\/ferias-divertidas\\\/\"]}]},{\"@type\":\"ImageObject\",\"inLanguage\":\"en-US\",\"@id\":\"https:\\\/\\\/iacrianca.pt\\\/en\\\/2022\\\/08\\\/ferias-divertidas\\\/#primaryimage\",\"url\":\"https:\\\/\\\/iacrianca.pt\\\/wp-content\\\/uploads\\\/divertidas.jpg\",\"contentUrl\":\"https:\\\/\\\/iacrianca.pt\\\/wp-content\\\/uploads\\\/divertidas.jpg\",\"width\":817,\"height\":613},{\"@type\":\"BreadcrumbList\",\"@id\":\"https:\\\/\\\/iacrianca.pt\\\/en\\\/2022\\\/08\\\/ferias-divertidas\\\/#breadcrumb\",\"itemListElement\":[{\"@type\":\"ListItem\",\"position\":1,\"name\":\"In\u00edcio\",\"item\":\"https:\\\/\\\/iacrianca.pt\\\/en\\\/\"},{\"@type\":\"ListItem\",\"position\":2,\"name\":\"&#8220;F\u00e9rias divertidas&#8221;\u202f\"}]},{\"@type\":\"WebSite\",\"@id\":\"https:\\\/\\\/iacrianca.pt\\\/en\\\/#website\",\"url\":\"https:\\\/\\\/iacrianca.pt\\\/en\\\/\",\"name\":\"Instituto de Apoio \u00e0 Crian\u00e7a\",\"description\":\"Desde 1983 na defesa e promo\u00e7\u00e3o dos direitos da crian\u00e7a\",\"publisher\":{\"@id\":\"https:\\\/\\\/iacrianca.pt\\\/en\\\/#organization\"},\"potentialAction\":[{\"@type\":\"SearchAction\",\"target\":{\"@type\":\"EntryPoint\",\"urlTemplate\":\"https:\\\/\\\/iacrianca.pt\\\/en\\\/?s={search_term_string}\"},\"query-input\":{\"@type\":\"PropertyValueSpecification\",\"valueRequired\":true,\"valueName\":\"search_term_string\"}}],\"inLanguage\":\"en-US\"},{\"@type\":\"Organization\",\"@id\":\"https:\\\/\\\/iacrianca.pt\\\/en\\\/#organization\",\"name\":\"Instituto de Apoio \u00e0 Crian\u00e7a\",\"url\":\"https:\\\/\\\/iacrianca.pt\\\/en\\\/\",\"logo\":{\"@type\":\"ImageObject\",\"inLanguage\":\"en-US\",\"@id\":\"https:\\\/\\\/iacrianca.pt\\\/en\\\/#\\\/schema\\\/logo\\\/image\\\/\",\"url\":\"https:\\\/\\\/iacrianca.pt\\\/wp-content\\\/uploads\\\/2020\\\/04\\\/logo-iac-SD.jpg\",\"contentUrl\":\"https:\\\/\\\/iacrianca.pt\\\/wp-content\\\/uploads\\\/2020\\\/04\\\/logo-iac-SD.jpg\",\"width\":152,\"height\":73,\"caption\":\"Instituto de Apoio \u00e0 Crian\u00e7a\"},\"image\":{\"@id\":\"https:\\\/\\\/iacrianca.pt\\\/en\\\/#\\\/schema\\\/logo\\\/image\\\/\"},\"sameAs\":[\"https:\\\/\\\/www.facebook.com\\\/iacinstitutodeapoioacrianca\",\"https:\\\/\\\/x.com\\\/iacapoiocrianca\",\"https:\\\/\\\/www.youtube.com\\\/channel\\\/UC0jjfZ_xkN_59gJf_RQ-ZnQ\",\"https:\\\/\\\/www.linkedin.com\\\/company\\\/instituto-de-apoio--criana\\\/\",\"https:\\\/\\\/www.instagram.com\\\/iacinstitutodeapoioacrianca\\\/\",\"https:\\\/\\\/criancasatortoeadireitos.wordpress.com\\\/\"]},{\"@type\":\"Person\",\"@id\":\"https:\\\/\\\/iacrianca.pt\\\/en\\\/#\\\/schema\\\/person\\\/1c48c6e4b70d0dc7360e4b28ceaa5f6b\",\"name\":\"Administra\u00e7\u00e3o IAC\",\"image\":{\"@type\":\"ImageObject\",\"inLanguage\":\"en-US\",\"@id\":\"https:\\\/\\\/secure.gravatar.com\\\/avatar\\\/60b998c71de37dcc1398fc6d48c6b5ed7533e3ceec837c948055f072e3158ff1?s=96&d=mm&r=g\",\"url\":\"https:\\\/\\\/secure.gravatar.com\\\/avatar\\\/60b998c71de37dcc1398fc6d48c6b5ed7533e3ceec837c948055f072e3158ff1?s=96&d=mm&r=g\",\"contentUrl\":\"https:\\\/\\\/secure.gravatar.com\\\/avatar\\\/60b998c71de37dcc1398fc6d48c6b5ed7533e3ceec837c948055f072e3158ff1?s=96&d=mm&r=g\",\"caption\":\"Administra\u00e7\u00e3o IAC\"}}]}<\/script>\n<!-- \/ Yoast SEO plugin. -->","yoast_head_json":{"title":"\"F\u00e9rias divertidas\"\u202f | Instituto de Apoio \u00e0 Crian\u00e7a","robots":{"index":"index","follow":"follow","max-snippet":"max-snippet:-1","max-image-preview":"max-image-preview:large","max-video-preview":"max-video-preview:-1"},"canonical":"https:\/\/iacrianca.pt\/en\/2022\/08\/ferias-divertidas\/","og_locale":"en_US","og_type":"article","og_title":"\"F\u00e9rias divertidas\"\u202f | Instituto de Apoio \u00e0 Crian\u00e7a","og_description":"O Instituto de Apoio \u00e0 Crian\u00e7a, Projecto Rua, vai proporcionar v\u00e1rias atividades de ver\u00e3o para crian\u00e7as e jovens dos 4 aos 18 anos, durante os meses de julho, agosto e setembro.\u202f\u202fEstas a\u00e7\u00f5es\u202f programadas pela equipa, visam essencialmente\u202fpromover e exercitar as compet\u00eancias pessoais e sociais e proporcionar momentos de lazer e conv\u00edvio entre os elementos do&hellip;","og_url":"https:\/\/iacrianca.pt\/en\/2022\/08\/ferias-divertidas\/","og_site_name":"Instituto de Apoio \u00e0 Crian\u00e7a","article_publisher":"https:\/\/www.facebook.com\/iacinstitutodeapoioacrianca","article_published_time":"2022-08-01T10:57:10+00:00","article_modified_time":"2022-08-05T14:28:22+00:00","og_image":[{"width":817,"height":613,"url":"https:\/\/iacrianca.pt\/wp-content\/uploads\/divertidas.jpg","type":"image\/jpeg"}],"author":"Administra\u00e7\u00e3o IAC","twitter_card":"summary_large_image","twitter_creator":"@iacapoiocrianca","twitter_site":"@iacapoiocrianca","twitter_misc":{"Written by":"Administra\u00e7\u00e3o IAC","Est. reading time":"2 minutes"},"schema":{"@context":"https:\/\/schema.org","@graph":[{"@type":"Article","@id":"https:\/\/iacrianca.pt\/en\/2022\/08\/ferias-divertidas\/#article","isPartOf":{"@id":"https:\/\/iacrianca.pt\/en\/2022\/08\/ferias-divertidas\/"},"author":{"name":"Administra\u00e7\u00e3o IAC","@id":"https:\/\/iacrianca.pt\/en\/#\/schema\/person\/1c48c6e4b70d0dc7360e4b28ceaa5f6b"},"headline":"&#8220;F\u00e9rias divertidas&#8221;\u202f","datePublished":"2022-08-01T10:57:10+00:00","dateModified":"2022-08-05T14:28:22+00:00","mainEntityOfPage":{"@id":"https:\/\/iacrianca.pt\/en\/2022\/08\/ferias-divertidas\/"},"wordCount":278,"commentCount":0,"publisher":{"@id":"https:\/\/iacrianca.pt\/en\/#organization"},"image":{"@id":"https:\/\/iacrianca.pt\/en\/2022\/08\/ferias-divertidas\/#primaryimage"},"thumbnailUrl":"https:\/\/iacrianca.pt\/wp-content\/uploads\/divertidas.jpg","articleSection":["Newsletter"],"inLanguage":"en-US","potentialAction":[{"@type":"CommentAction","name":"Comment","target":["https:\/\/iacrianca.pt\/en\/2022\/08\/ferias-divertidas\/#respond"]}]},{"@type":"WebPage","@id":"https:\/\/iacrianca.pt\/en\/2022\/08\/ferias-divertidas\/","url":"https:\/\/iacrianca.pt\/en\/2022\/08\/ferias-divertidas\/","name":"\"F\u00e9rias divertidas\"\u202f | Instituto de Apoio \u00e0 Crian\u00e7a","isPartOf":{"@id":"https:\/\/iacrianca.pt\/en\/#website"},"primaryImageOfPage":{"@id":"https:\/\/iacrianca.pt\/en\/2022\/08\/ferias-divertidas\/#primaryimage"},"image":{"@id":"https:\/\/iacrianca.pt\/en\/2022\/08\/ferias-divertidas\/#primaryimage"},"thumbnailUrl":"https:\/\/iacrianca.pt\/wp-content\/uploads\/divertidas.jpg","datePublished":"2022-08-01T10:57:10+00:00","dateModified":"2022-08-05T14:28:22+00:00","breadcrumb":{"@id":"https:\/\/iacrianca.pt\/en\/2022\/08\/ferias-divertidas\/#breadcrumb"},"inLanguage":"en-US","potentialAction":[{"@type":"ReadAction","target":["https:\/\/iacrianca.pt\/en\/2022\/08\/ferias-divertidas\/"]}]},{"@type":"ImageObject","inLanguage":"en-US","@id":"https:\/\/iacrianca.pt\/en\/2022\/08\/ferias-divertidas\/#primaryimage","url":"https:\/\/iacrianca.pt\/wp-content\/uploads\/divertidas.jpg","contentUrl":"https:\/\/iacrianca.pt\/wp-content\/uploads\/divertidas.jpg","width":817,"height":613},{"@type":"BreadcrumbList","@id":"https:\/\/iacrianca.pt\/en\/2022\/08\/ferias-divertidas\/#breadcrumb","itemListElement":[{"@type":"ListItem","position":1,"name":"In\u00edcio","item":"https:\/\/iacrianca.pt\/en\/"},{"@type":"ListItem","position":2,"name":"&#8220;F\u00e9rias divertidas&#8221;\u202f"}]},{"@type":"WebSite","@id":"https:\/\/iacrianca.pt\/en\/#website","url":"https:\/\/iacrianca.pt\/en\/","name":"Instituto de Apoio \u00e0 Crian\u00e7a","description":"Desde 1983 na defesa e promo\u00e7\u00e3o dos direitos da crian\u00e7a","publisher":{"@id":"https:\/\/iacrianca.pt\/en\/#organization"},"potentialAction":[{"@type":"SearchAction","target":{"@type":"EntryPoint","urlTemplate":"https:\/\/iacrianca.pt\/en\/?s={search_term_string}"},"query-input":{"@type":"PropertyValueSpecification","valueRequired":true,"valueName":"search_term_string"}}],"inLanguage":"en-US"},{"@type":"Organization","@id":"https:\/\/iacrianca.pt\/en\/#organization","name":"Instituto de Apoio \u00e0 Crian\u00e7a","url":"https:\/\/iacrianca.pt\/en\/","logo":{"@type":"ImageObject","inLanguage":"en-US","@id":"https:\/\/iacrianca.pt\/en\/#\/schema\/logo\/image\/","url":"https:\/\/iacrianca.pt\/wp-content\/uploads\/2020\/04\/logo-iac-SD.jpg","contentUrl":"https:\/\/iacrianca.pt\/wp-content\/uploads\/2020\/04\/logo-iac-SD.jpg","width":152,"height":73,"caption":"Instituto de Apoio \u00e0 Crian\u00e7a"},"image":{"@id":"https:\/\/iacrianca.pt\/en\/#\/schema\/logo\/image\/"},"sameAs":["https:\/\/www.facebook.com\/iacinstitutodeapoioacrianca","https:\/\/x.com\/iacapoiocrianca","https:\/\/www.youtube.com\/channel\/UC0jjfZ_xkN_59gJf_RQ-ZnQ","https:\/\/www.linkedin.com\/company\/instituto-de-apoio--criana\/","https:\/\/www.instagram.com\/iacinstitutodeapoioacrianca\/","https:\/\/criancasatortoeadireitos.wordpress.com\/"]},{"@type":"Person","@id":"https:\/\/iacrianca.pt\/en\/#\/schema\/person\/1c48c6e4b70d0dc7360e4b28ceaa5f6b","name":"Administra\u00e7\u00e3o IAC","image":{"@type":"ImageObject","inLanguage":"en-US","@id":"https:\/\/secure.gravatar.com\/avatar\/60b998c71de37dcc1398fc6d48c6b5ed7533e3ceec837c948055f072e3158ff1?s=96&d=mm&r=g","url":"https:\/\/secure.gravatar.com\/avatar\/60b998c71de37dcc1398fc6d48c6b5ed7533e3ceec837c948055f072e3158ff1?s=96&d=mm&r=g","contentUrl":"https:\/\/secure.gravatar.com\/avatar\/60b998c71de37dcc1398fc6d48c6b5ed7533e3ceec837c948055f072e3158ff1?s=96&d=mm&r=g","caption":"Administra\u00e7\u00e3o IAC"}}]}},"_links":{"self":[{"href":"https:\/\/iacrianca.pt\/en\/wp-json\/wp\/v2\/posts\/15030","targetHints":{"allow":["GET"]}}],"collection":[{"href":"https:\/\/iacrianca.pt\/en\/wp-json\/wp\/v2\/posts"}],"about":[{"href":"https:\/\/iacrianca.pt\/en\/wp-json\/wp\/v2\/types\/post"}],"author":[{"embeddable":true,"href":"https:\/\/iacrianca.pt\/en\/wp-json\/wp\/v2\/users\/2"}],"replies":[{"embeddable":true,"href":"https:\/\/iacrianca.pt\/en\/wp-json\/wp\/v2\/comments?post=15030"}],"version-history":[{"count":0,"href":"https:\/\/iacrianca.pt\/en\/wp-json\/wp\/v2\/posts\/15030\/revisions"}],"wp:featuredmedia":[{"embeddable":true,"href":"https:\/\/iacrianca.pt\/en\/wp-json\/wp\/v2\/media\/15031"}],"wp:attachment":[{"href":"https:\/\/iacrianca.pt\/en\/wp-json\/wp\/v2\/media?parent=15030"}],"wp:term":[{"taxonomy":"category","embeddable":true,"href":"https:\/\/iacrianca.pt\/en\/wp-json\/wp\/v2\/categories?post=15030"},{"taxonomy":"post_tag","embeddable":true,"href":"https:\/\/iacrianca.pt\/en\/wp-json\/wp\/v2\/tags?post=15030"}],"curies":[{"name":"wp","href":"https:\/\/api.w.org\/{rel}","templated":true}]}}