{"id":15601,"date":"2022-09-05T11:01:45","date_gmt":"2022-09-05T10:01:45","guid":{"rendered":"https:\/\/iacrianca.pt\/?p=15601"},"modified":"2022-09-09T15:21:02","modified_gmt":"2022-09-09T14:21:02","slug":"tempo-para-refletir-e-preparar-o-novo-ano-letivo","status":"publish","type":"post","link":"https:\/\/iacrianca.pt\/en\/2022\/09\/tempo-para-refletir-e-preparar-o-novo-ano-letivo\/","title":{"rendered":"Tempo para refletir e preparar o novo ano letivo"},"content":{"rendered":"<p><span data-contrast=\"auto\">Agosto \u00e9, por excel\u00eancia, o m\u00eas das f\u00e9rias letivas, altura em que os jovens privilegiam o conv\u00edvio com os amigos, a fam\u00edlia e em que procuram atividades de lazer e de Ver\u00e3o, saindo, por vezes, das suas comunidades de resid\u00eancia. <\/span><span data-ccp-props=\"{&quot;201341983&quot;:0,&quot;335551550&quot;:6,&quot;335551620&quot;:6,&quot;335559739&quot;:160,&quot;335559740&quot;:259}\">\u00a0<\/span><\/p>\n<p><span data-contrast=\"auto\">A equipa continuou a dar apoio \u00e0s solicita\u00e7\u00f5es e necessidades das fam\u00edlias e dos jovens acompanhados. Neste \u00e2mbito, colaborou na aquisi\u00e7\u00e3o de bens alimentares e de roupa de cama e atoalhados que beneficiaram alguns agregados, atrav\u00e9s de donativos provenientes da Siemens e do Bazar diplom\u00e1tico; deu apoio \u00e0 realiza\u00e7\u00e3o das provas escolares e outros pedidos relacionados com a Seguran\u00e7a Social e acompanhou os processos dos alunos encaminhados para outras respostas educativas.<\/span><span data-ccp-props=\"{&quot;201341983&quot;:0,&quot;335551550&quot;:6,&quot;335551620&quot;:6,&quot;335559739&quot;:160,&quot;335559740&quot;:259}\">\u00a0<\/span><\/p>\n<p><span data-contrast=\"auto\">Foi, ainda, tempo de avaliar o ano letivo que passou, analisar os resultados, destacar os sucessos, refletir sobre as falhas e as dificuldades sentidas ao longo do ano, bem como sobre os aspetos a melhorar e perspetivar o pr\u00f3ximo ano. <\/span><span data-ccp-props=\"{&quot;201341983&quot;:0,&quot;335551550&quot;:6,&quot;335551620&quot;:6,&quot;335559739&quot;:160,&quot;335559740&quot;:259}\">\u00a0<\/span><\/p>\n<p><span data-contrast=\"auto\">Neste sentido, foram realizadas algumas entrevistas de sele\u00e7\u00e3o de novos candidatos \u00e0 nossa Escola de Segunda Oportunidade, para que, em setembro, se possa constituir as turmas e dar in\u00edcio ao novo ano letivo. Foram tamb\u00e9m planeados 2 momentos formativos para o arranque: um interno, vocacionado para a equipa do Centro de Educa\u00e7\u00e3o e Forma\u00e7\u00e3o, visando a partilha de din\u00e2micas e jogos pedag\u00f3gicos para o Treino de Compet\u00eancias e outro para toda a equipa t\u00e9cnico-pedag\u00f3gica, a fim de refletir sobre as problem\u00e1ticas espec\u00edficas dos jovens da E2O, partilhar estrat\u00e9gias de interven\u00e7\u00e3o e construir pontes a fim de efetivar a interse\u00e7\u00e3o entre as 3 componentes da nossa resposta educativa: pessoal, escolar e de natureza profissional, bem como consolidar conhecimentos acerca da metodologia de trabalho de projeto, a implementar de forma interdisciplinar. <\/span><span data-ccp-props=\"{&quot;201341983&quot;:0,&quot;335551550&quot;:6,&quot;335551620&quot;:6,&quot;335559739&quot;:160,&quot;335559740&quot;:259}\">\u00a0<\/span><\/p>\n<p><span data-contrast=\"auto\">Acima de tudo importa criar condi\u00e7\u00f5es potenciadoras de aprendizagens e experi\u00eancias de sucesso, que permitam a certifica\u00e7\u00e3o dos jovens, a reconstru\u00e7\u00e3o de trajet\u00f3rias de vida e o alcance de novas oportunidades no futuro.\u00a0<\/span><span data-ccp-props=\"{&quot;201341983&quot;:0,&quot;335551550&quot;:6,&quot;335551620&quot;:6,&quot;335559739&quot;:160,&quot;335559740&quot;:259}\">\u00a0<\/span><\/p>\n","protected":false},"excerpt":{"rendered":"<p>Agosto \u00e9, por excel\u00eancia, o m\u00eas das f\u00e9rias letivas, altura em que os jovens privilegiam o conv\u00edvio com os amigos, a fam\u00edlia e em que procuram atividades de lazer e de Ver\u00e3o, saindo, por vezes, das suas comunidades de resid\u00eancia. \u00a0 A equipa continuou a dar apoio \u00e0s solicita\u00e7\u00f5es e necessidades das fam\u00edlias e dos&hellip;<\/p>\n","protected":false},"author":2,"featured_media":15605,"comment_status":"open","ping_status":"open","sticky":false,"template":"","format":"standard","meta":{"_acf_changed":false,"footnotes":""},"categories":[63],"tags":[],"class_list":["post-15601","post","type-post","status-publish","format-standard","has-post-thumbnail","hentry","category-newsletter","category-63","description-off"],"acf":[],"yoast_head":"<!-- This site is optimized with the Yoast SEO plugin v27.5 - https:\/\/yoast.com\/product\/yoast-seo-wordpress\/ -->\n<title>Tempo para refletir e preparar o novo ano letivo | Instituto de Apoio \u00e0 Crian\u00e7a<\/title>\n<meta name=\"robots\" content=\"index, follow, max-snippet:-1, max-image-preview:large, max-video-preview:-1\" \/>\n<link rel=\"canonical\" href=\"https:\/\/iacrianca.pt\/en\/2022\/09\/tempo-para-refletir-e-preparar-o-novo-ano-letivo\/\" \/>\n<meta property=\"og:locale\" content=\"en_US\" \/>\n<meta property=\"og:type\" content=\"article\" \/>\n<meta property=\"og:title\" content=\"Tempo para refletir e preparar o novo ano letivo | Instituto de Apoio \u00e0 Crian\u00e7a\" \/>\n<meta property=\"og:description\" content=\"Agosto \u00e9, por excel\u00eancia, o m\u00eas das f\u00e9rias letivas, altura em que os jovens privilegiam o conv\u00edvio com os amigos, a fam\u00edlia e em que procuram atividades de lazer e de Ver\u00e3o, saindo, por vezes, das suas comunidades de resid\u00eancia. \u00a0 A equipa continuou a dar apoio \u00e0s solicita\u00e7\u00f5es e necessidades das fam\u00edlias e dos&hellip;\" \/>\n<meta property=\"og:url\" content=\"https:\/\/iacrianca.pt\/en\/2022\/09\/tempo-para-refletir-e-preparar-o-novo-ano-letivo\/\" \/>\n<meta property=\"og:site_name\" content=\"Instituto de Apoio \u00e0 Crian\u00e7a\" \/>\n<meta property=\"article:publisher\" content=\"https:\/\/www.facebook.com\/iacinstitutodeapoioacrianca\" \/>\n<meta property=\"article:published_time\" content=\"2022-09-05T10:01:45+00:00\" \/>\n<meta property=\"article:modified_time\" content=\"2022-09-09T14:21:02+00:00\" \/>\n<meta property=\"og:image\" content=\"https:\/\/iacrianca.pt\/wp-content\/uploads\/tempo-1.jpg\" \/>\n\t<meta property=\"og:image:width\" content=\"449\" \/>\n\t<meta property=\"og:image:height\" content=\"337\" \/>\n\t<meta property=\"og:image:type\" content=\"image\/jpeg\" \/>\n<meta name=\"author\" content=\"Administra\u00e7\u00e3o IAC\" \/>\n<meta name=\"twitter:card\" content=\"summary_large_image\" \/>\n<meta name=\"twitter:creator\" content=\"@iacapoiocrianca\" \/>\n<meta name=\"twitter:site\" content=\"@iacapoiocrianca\" \/>\n<meta name=\"twitter:label1\" content=\"Written by\" \/>\n\t<meta name=\"twitter:data1\" content=\"Administra\u00e7\u00e3o IAC\" \/>\n\t<meta name=\"twitter:label2\" content=\"Est. reading time\" \/>\n\t<meta name=\"twitter:data2\" content=\"2 minutes\" \/>\n<script type=\"application\/ld+json\" class=\"yoast-schema-graph\">{\"@context\":\"https:\\\/\\\/schema.org\",\"@graph\":[{\"@type\":\"Article\",\"@id\":\"https:\\\/\\\/iacrianca.pt\\\/en\\\/2022\\\/09\\\/tempo-para-refletir-e-preparar-o-novo-ano-letivo\\\/#article\",\"isPartOf\":{\"@id\":\"https:\\\/\\\/iacrianca.pt\\\/en\\\/2022\\\/09\\\/tempo-para-refletir-e-preparar-o-novo-ano-letivo\\\/\"},\"author\":{\"name\":\"Administra\u00e7\u00e3o IAC\",\"@id\":\"https:\\\/\\\/iacrianca.pt\\\/en\\\/#\\\/schema\\\/person\\\/1c48c6e4b70d0dc7360e4b28ceaa5f6b\"},\"headline\":\"Tempo para refletir e preparar o novo ano letivo\",\"datePublished\":\"2022-09-05T10:01:45+00:00\",\"dateModified\":\"2022-09-09T14:21:02+00:00\",\"mainEntityOfPage\":{\"@id\":\"https:\\\/\\\/iacrianca.pt\\\/en\\\/2022\\\/09\\\/tempo-para-refletir-e-preparar-o-novo-ano-letivo\\\/\"},\"wordCount\":353,\"commentCount\":0,\"publisher\":{\"@id\":\"https:\\\/\\\/iacrianca.pt\\\/en\\\/#organization\"},\"image\":{\"@id\":\"https:\\\/\\\/iacrianca.pt\\\/en\\\/2022\\\/09\\\/tempo-para-refletir-e-preparar-o-novo-ano-letivo\\\/#primaryimage\"},\"thumbnailUrl\":\"https:\\\/\\\/iacrianca.pt\\\/wp-content\\\/uploads\\\/tempo-1.jpg\",\"articleSection\":[\"Newsletter\"],\"inLanguage\":\"en-US\",\"potentialAction\":[{\"@type\":\"CommentAction\",\"name\":\"Comment\",\"target\":[\"https:\\\/\\\/iacrianca.pt\\\/en\\\/2022\\\/09\\\/tempo-para-refletir-e-preparar-o-novo-ano-letivo\\\/#respond\"]}]},{\"@type\":\"WebPage\",\"@id\":\"https:\\\/\\\/iacrianca.pt\\\/en\\\/2022\\\/09\\\/tempo-para-refletir-e-preparar-o-novo-ano-letivo\\\/\",\"url\":\"https:\\\/\\\/iacrianca.pt\\\/en\\\/2022\\\/09\\\/tempo-para-refletir-e-preparar-o-novo-ano-letivo\\\/\",\"name\":\"Tempo para refletir e preparar o novo ano letivo | Instituto de Apoio \u00e0 Crian\u00e7a\",\"isPartOf\":{\"@id\":\"https:\\\/\\\/iacrianca.pt\\\/en\\\/#website\"},\"primaryImageOfPage\":{\"@id\":\"https:\\\/\\\/iacrianca.pt\\\/en\\\/2022\\\/09\\\/tempo-para-refletir-e-preparar-o-novo-ano-letivo\\\/#primaryimage\"},\"image\":{\"@id\":\"https:\\\/\\\/iacrianca.pt\\\/en\\\/2022\\\/09\\\/tempo-para-refletir-e-preparar-o-novo-ano-letivo\\\/#primaryimage\"},\"thumbnailUrl\":\"https:\\\/\\\/iacrianca.pt\\\/wp-content\\\/uploads\\\/tempo-1.jpg\",\"datePublished\":\"2022-09-05T10:01:45+00:00\",\"dateModified\":\"2022-09-09T14:21:02+00:00\",\"breadcrumb\":{\"@id\":\"https:\\\/\\\/iacrianca.pt\\\/en\\\/2022\\\/09\\\/tempo-para-refletir-e-preparar-o-novo-ano-letivo\\\/#breadcrumb\"},\"inLanguage\":\"en-US\",\"potentialAction\":[{\"@type\":\"ReadAction\",\"target\":[\"https:\\\/\\\/iacrianca.pt\\\/en\\\/2022\\\/09\\\/tempo-para-refletir-e-preparar-o-novo-ano-letivo\\\/\"]}]},{\"@type\":\"ImageObject\",\"inLanguage\":\"en-US\",\"@id\":\"https:\\\/\\\/iacrianca.pt\\\/en\\\/2022\\\/09\\\/tempo-para-refletir-e-preparar-o-novo-ano-letivo\\\/#primaryimage\",\"url\":\"https:\\\/\\\/iacrianca.pt\\\/wp-content\\\/uploads\\\/tempo-1.jpg\",\"contentUrl\":\"https:\\\/\\\/iacrianca.pt\\\/wp-content\\\/uploads\\\/tempo-1.jpg\",\"width\":449,\"height\":337},{\"@type\":\"BreadcrumbList\",\"@id\":\"https:\\\/\\\/iacrianca.pt\\\/en\\\/2022\\\/09\\\/tempo-para-refletir-e-preparar-o-novo-ano-letivo\\\/#breadcrumb\",\"itemListElement\":[{\"@type\":\"ListItem\",\"position\":1,\"name\":\"In\u00edcio\",\"item\":\"https:\\\/\\\/iacrianca.pt\\\/en\\\/\"},{\"@type\":\"ListItem\",\"position\":2,\"name\":\"Tempo para refletir e preparar o novo ano letivo\"}]},{\"@type\":\"WebSite\",\"@id\":\"https:\\\/\\\/iacrianca.pt\\\/en\\\/#website\",\"url\":\"https:\\\/\\\/iacrianca.pt\\\/en\\\/\",\"name\":\"Instituto de Apoio \u00e0 Crian\u00e7a\",\"description\":\"Desde 1983 na defesa e promo\u00e7\u00e3o dos direitos da crian\u00e7a\",\"publisher\":{\"@id\":\"https:\\\/\\\/iacrianca.pt\\\/en\\\/#organization\"},\"potentialAction\":[{\"@type\":\"SearchAction\",\"target\":{\"@type\":\"EntryPoint\",\"urlTemplate\":\"https:\\\/\\\/iacrianca.pt\\\/en\\\/?s={search_term_string}\"},\"query-input\":{\"@type\":\"PropertyValueSpecification\",\"valueRequired\":true,\"valueName\":\"search_term_string\"}}],\"inLanguage\":\"en-US\"},{\"@type\":\"Organization\",\"@id\":\"https:\\\/\\\/iacrianca.pt\\\/en\\\/#organization\",\"name\":\"Instituto de Apoio \u00e0 Crian\u00e7a\",\"url\":\"https:\\\/\\\/iacrianca.pt\\\/en\\\/\",\"logo\":{\"@type\":\"ImageObject\",\"inLanguage\":\"en-US\",\"@id\":\"https:\\\/\\\/iacrianca.pt\\\/en\\\/#\\\/schema\\\/logo\\\/image\\\/\",\"url\":\"https:\\\/\\\/iacrianca.pt\\\/wp-content\\\/uploads\\\/2020\\\/04\\\/logo-iac-SD.jpg\",\"contentUrl\":\"https:\\\/\\\/iacrianca.pt\\\/wp-content\\\/uploads\\\/2020\\\/04\\\/logo-iac-SD.jpg\",\"width\":152,\"height\":73,\"caption\":\"Instituto de Apoio \u00e0 Crian\u00e7a\"},\"image\":{\"@id\":\"https:\\\/\\\/iacrianca.pt\\\/en\\\/#\\\/schema\\\/logo\\\/image\\\/\"},\"sameAs\":[\"https:\\\/\\\/www.facebook.com\\\/iacinstitutodeapoioacrianca\",\"https:\\\/\\\/x.com\\\/iacapoiocrianca\",\"https:\\\/\\\/www.youtube.com\\\/channel\\\/UC0jjfZ_xkN_59gJf_RQ-ZnQ\",\"https:\\\/\\\/www.linkedin.com\\\/company\\\/instituto-de-apoio--criana\\\/\",\"https:\\\/\\\/www.instagram.com\\\/iacinstitutodeapoioacrianca\\\/\",\"https:\\\/\\\/criancasatortoeadireitos.wordpress.com\\\/\"]},{\"@type\":\"Person\",\"@id\":\"https:\\\/\\\/iacrianca.pt\\\/en\\\/#\\\/schema\\\/person\\\/1c48c6e4b70d0dc7360e4b28ceaa5f6b\",\"name\":\"Administra\u00e7\u00e3o IAC\",\"image\":{\"@type\":\"ImageObject\",\"inLanguage\":\"en-US\",\"@id\":\"https:\\\/\\\/secure.gravatar.com\\\/avatar\\\/60b998c71de37dcc1398fc6d48c6b5ed7533e3ceec837c948055f072e3158ff1?s=96&d=mm&r=g\",\"url\":\"https:\\\/\\\/secure.gravatar.com\\\/avatar\\\/60b998c71de37dcc1398fc6d48c6b5ed7533e3ceec837c948055f072e3158ff1?s=96&d=mm&r=g\",\"contentUrl\":\"https:\\\/\\\/secure.gravatar.com\\\/avatar\\\/60b998c71de37dcc1398fc6d48c6b5ed7533e3ceec837c948055f072e3158ff1?s=96&d=mm&r=g\",\"caption\":\"Administra\u00e7\u00e3o IAC\"}}]}<\/script>\n<!-- \/ Yoast SEO plugin. -->","yoast_head_json":{"title":"Tempo para refletir e preparar o novo ano letivo | Instituto de Apoio \u00e0 Crian\u00e7a","robots":{"index":"index","follow":"follow","max-snippet":"max-snippet:-1","max-image-preview":"max-image-preview:large","max-video-preview":"max-video-preview:-1"},"canonical":"https:\/\/iacrianca.pt\/en\/2022\/09\/tempo-para-refletir-e-preparar-o-novo-ano-letivo\/","og_locale":"en_US","og_type":"article","og_title":"Tempo para refletir e preparar o novo ano letivo | Instituto de Apoio \u00e0 Crian\u00e7a","og_description":"Agosto \u00e9, por excel\u00eancia, o m\u00eas das f\u00e9rias letivas, altura em que os jovens privilegiam o conv\u00edvio com os amigos, a fam\u00edlia e em que procuram atividades de lazer e de Ver\u00e3o, saindo, por vezes, das suas comunidades de resid\u00eancia. \u00a0 A equipa continuou a dar apoio \u00e0s solicita\u00e7\u00f5es e necessidades das fam\u00edlias e dos&hellip;","og_url":"https:\/\/iacrianca.pt\/en\/2022\/09\/tempo-para-refletir-e-preparar-o-novo-ano-letivo\/","og_site_name":"Instituto de Apoio \u00e0 Crian\u00e7a","article_publisher":"https:\/\/www.facebook.com\/iacinstitutodeapoioacrianca","article_published_time":"2022-09-05T10:01:45+00:00","article_modified_time":"2022-09-09T14:21:02+00:00","og_image":[{"width":449,"height":337,"url":"https:\/\/iacrianca.pt\/wp-content\/uploads\/tempo-1.jpg","type":"image\/jpeg"}],"author":"Administra\u00e7\u00e3o IAC","twitter_card":"summary_large_image","twitter_creator":"@iacapoiocrianca","twitter_site":"@iacapoiocrianca","twitter_misc":{"Written by":"Administra\u00e7\u00e3o IAC","Est. reading time":"2 minutes"},"schema":{"@context":"https:\/\/schema.org","@graph":[{"@type":"Article","@id":"https:\/\/iacrianca.pt\/en\/2022\/09\/tempo-para-refletir-e-preparar-o-novo-ano-letivo\/#article","isPartOf":{"@id":"https:\/\/iacrianca.pt\/en\/2022\/09\/tempo-para-refletir-e-preparar-o-novo-ano-letivo\/"},"author":{"name":"Administra\u00e7\u00e3o IAC","@id":"https:\/\/iacrianca.pt\/en\/#\/schema\/person\/1c48c6e4b70d0dc7360e4b28ceaa5f6b"},"headline":"Tempo para refletir e preparar o novo ano letivo","datePublished":"2022-09-05T10:01:45+00:00","dateModified":"2022-09-09T14:21:02+00:00","mainEntityOfPage":{"@id":"https:\/\/iacrianca.pt\/en\/2022\/09\/tempo-para-refletir-e-preparar-o-novo-ano-letivo\/"},"wordCount":353,"commentCount":0,"publisher":{"@id":"https:\/\/iacrianca.pt\/en\/#organization"},"image":{"@id":"https:\/\/iacrianca.pt\/en\/2022\/09\/tempo-para-refletir-e-preparar-o-novo-ano-letivo\/#primaryimage"},"thumbnailUrl":"https:\/\/iacrianca.pt\/wp-content\/uploads\/tempo-1.jpg","articleSection":["Newsletter"],"inLanguage":"en-US","potentialAction":[{"@type":"CommentAction","name":"Comment","target":["https:\/\/iacrianca.pt\/en\/2022\/09\/tempo-para-refletir-e-preparar-o-novo-ano-letivo\/#respond"]}]},{"@type":"WebPage","@id":"https:\/\/iacrianca.pt\/en\/2022\/09\/tempo-para-refletir-e-preparar-o-novo-ano-letivo\/","url":"https:\/\/iacrianca.pt\/en\/2022\/09\/tempo-para-refletir-e-preparar-o-novo-ano-letivo\/","name":"Tempo para refletir e preparar o novo ano letivo | Instituto de Apoio \u00e0 Crian\u00e7a","isPartOf":{"@id":"https:\/\/iacrianca.pt\/en\/#website"},"primaryImageOfPage":{"@id":"https:\/\/iacrianca.pt\/en\/2022\/09\/tempo-para-refletir-e-preparar-o-novo-ano-letivo\/#primaryimage"},"image":{"@id":"https:\/\/iacrianca.pt\/en\/2022\/09\/tempo-para-refletir-e-preparar-o-novo-ano-letivo\/#primaryimage"},"thumbnailUrl":"https:\/\/iacrianca.pt\/wp-content\/uploads\/tempo-1.jpg","datePublished":"2022-09-05T10:01:45+00:00","dateModified":"2022-09-09T14:21:02+00:00","breadcrumb":{"@id":"https:\/\/iacrianca.pt\/en\/2022\/09\/tempo-para-refletir-e-preparar-o-novo-ano-letivo\/#breadcrumb"},"inLanguage":"en-US","potentialAction":[{"@type":"ReadAction","target":["https:\/\/iacrianca.pt\/en\/2022\/09\/tempo-para-refletir-e-preparar-o-novo-ano-letivo\/"]}]},{"@type":"ImageObject","inLanguage":"en-US","@id":"https:\/\/iacrianca.pt\/en\/2022\/09\/tempo-para-refletir-e-preparar-o-novo-ano-letivo\/#primaryimage","url":"https:\/\/iacrianca.pt\/wp-content\/uploads\/tempo-1.jpg","contentUrl":"https:\/\/iacrianca.pt\/wp-content\/uploads\/tempo-1.jpg","width":449,"height":337},{"@type":"BreadcrumbList","@id":"https:\/\/iacrianca.pt\/en\/2022\/09\/tempo-para-refletir-e-preparar-o-novo-ano-letivo\/#breadcrumb","itemListElement":[{"@type":"ListItem","position":1,"name":"In\u00edcio","item":"https:\/\/iacrianca.pt\/en\/"},{"@type":"ListItem","position":2,"name":"Tempo para refletir e preparar o novo ano letivo"}]},{"@type":"WebSite","@id":"https:\/\/iacrianca.pt\/en\/#website","url":"https:\/\/iacrianca.pt\/en\/","name":"Instituto de Apoio \u00e0 Crian\u00e7a","description":"Desde 1983 na defesa e promo\u00e7\u00e3o dos direitos da crian\u00e7a","publisher":{"@id":"https:\/\/iacrianca.pt\/en\/#organization"},"potentialAction":[{"@type":"SearchAction","target":{"@type":"EntryPoint","urlTemplate":"https:\/\/iacrianca.pt\/en\/?s={search_term_string}"},"query-input":{"@type":"PropertyValueSpecification","valueRequired":true,"valueName":"search_term_string"}}],"inLanguage":"en-US"},{"@type":"Organization","@id":"https:\/\/iacrianca.pt\/en\/#organization","name":"Instituto de Apoio \u00e0 Crian\u00e7a","url":"https:\/\/iacrianca.pt\/en\/","logo":{"@type":"ImageObject","inLanguage":"en-US","@id":"https:\/\/iacrianca.pt\/en\/#\/schema\/logo\/image\/","url":"https:\/\/iacrianca.pt\/wp-content\/uploads\/2020\/04\/logo-iac-SD.jpg","contentUrl":"https:\/\/iacrianca.pt\/wp-content\/uploads\/2020\/04\/logo-iac-SD.jpg","width":152,"height":73,"caption":"Instituto de Apoio \u00e0 Crian\u00e7a"},"image":{"@id":"https:\/\/iacrianca.pt\/en\/#\/schema\/logo\/image\/"},"sameAs":["https:\/\/www.facebook.com\/iacinstitutodeapoioacrianca","https:\/\/x.com\/iacapoiocrianca","https:\/\/www.youtube.com\/channel\/UC0jjfZ_xkN_59gJf_RQ-ZnQ","https:\/\/www.linkedin.com\/company\/instituto-de-apoio--criana\/","https:\/\/www.instagram.com\/iacinstitutodeapoioacrianca\/","https:\/\/criancasatortoeadireitos.wordpress.com\/"]},{"@type":"Person","@id":"https:\/\/iacrianca.pt\/en\/#\/schema\/person\/1c48c6e4b70d0dc7360e4b28ceaa5f6b","name":"Administra\u00e7\u00e3o IAC","image":{"@type":"ImageObject","inLanguage":"en-US","@id":"https:\/\/secure.gravatar.com\/avatar\/60b998c71de37dcc1398fc6d48c6b5ed7533e3ceec837c948055f072e3158ff1?s=96&d=mm&r=g","url":"https:\/\/secure.gravatar.com\/avatar\/60b998c71de37dcc1398fc6d48c6b5ed7533e3ceec837c948055f072e3158ff1?s=96&d=mm&r=g","contentUrl":"https:\/\/secure.gravatar.com\/avatar\/60b998c71de37dcc1398fc6d48c6b5ed7533e3ceec837c948055f072e3158ff1?s=96&d=mm&r=g","caption":"Administra\u00e7\u00e3o IAC"}}]}},"_links":{"self":[{"href":"https:\/\/iacrianca.pt\/en\/wp-json\/wp\/v2\/posts\/15601","targetHints":{"allow":["GET"]}}],"collection":[{"href":"https:\/\/iacrianca.pt\/en\/wp-json\/wp\/v2\/posts"}],"about":[{"href":"https:\/\/iacrianca.pt\/en\/wp-json\/wp\/v2\/types\/post"}],"author":[{"embeddable":true,"href":"https:\/\/iacrianca.pt\/en\/wp-json\/wp\/v2\/users\/2"}],"replies":[{"embeddable":true,"href":"https:\/\/iacrianca.pt\/en\/wp-json\/wp\/v2\/comments?post=15601"}],"version-history":[{"count":0,"href":"https:\/\/iacrianca.pt\/en\/wp-json\/wp\/v2\/posts\/15601\/revisions"}],"wp:featuredmedia":[{"embeddable":true,"href":"https:\/\/iacrianca.pt\/en\/wp-json\/wp\/v2\/media\/15605"}],"wp:attachment":[{"href":"https:\/\/iacrianca.pt\/en\/wp-json\/wp\/v2\/media?parent=15601"}],"wp:term":[{"taxonomy":"category","embeddable":true,"href":"https:\/\/iacrianca.pt\/en\/wp-json\/wp\/v2\/categories?post=15601"},{"taxonomy":"post_tag","embeddable":true,"href":"https:\/\/iacrianca.pt\/en\/wp-json\/wp\/v2\/tags?post=15601"}],"curies":[{"name":"wp","href":"https:\/\/api.w.org\/{rel}","templated":true}]}}