{"id":15615,"date":"2022-09-06T17:53:31","date_gmt":"2022-09-06T16:53:31","guid":{"rendered":"https:\/\/iacrianca.pt\/?p=15615"},"modified":"2022-09-09T15:10:24","modified_gmt":"2022-09-09T14:10:24","slug":"paris-uma-viagem-ao-mundo-da-fantasia","status":"publish","type":"post","link":"https:\/\/iacrianca.pt\/en\/2022\/09\/paris-uma-viagem-ao-mundo-da-fantasia\/","title":{"rendered":"Paris \u2013 Uma viagem ao Mundo da Fantasia"},"content":{"rendered":"<p>Quatro crian\u00e7as, acompanhadas pelo Instituto de Apoio \u00e0 Crian\u00e7a, participaram nas celebra\u00e7\u00f5es do 30\u00ba anivers\u00e1rio da Institui\u00e7\u00e3o, Secours Populaire, na Disneyland Paris, entre os dias 15 a 20 de agosto e cujo principal tema de reflex\u00e3o foi a solidariedade.<\/p>\n<p>Esta viagem foi para os nossos meninos uma experi\u00eancia \u00fanica, cheia de aventura e emo\u00e7\u00f5es fortes. Para alguns, foi a primeira vez que estiveram longe das suas fam\u00edlias, para outros, a primeira viagem de avi\u00e3o e todos tinham em comum o sonho de ir \u00e0 Disney. Os dois meninos queriam muito conhecer os seus super-her\u00f3is favoritos j\u00e1 as duas meninas ansiavam estar com as suas princesas encantadas.<\/p>\n<p>Como prepara\u00e7\u00e3o para este encontro internacional, foi realizado um projeto com as crian\u00e7as, composto por v\u00e1rias a\u00e7\u00f5es, que abordou o tema da solidariedade. Foi realizada uma reflex\u00e3o aprofundada acerca do tema, desenvolveram-se oficinas de express\u00e3o pl\u00e1stica e realizaram-se, ainda, visitas socioeducativas para uma aprendizagem mais l\u00fadica e diversificada, culminando o projeto numa atividade de distribui\u00e7\u00e3o de alimentos \u00e0 popula\u00e7\u00e3o sem-abrigo da cidade de Lisboa.<\/p>\n<p>Em Paris, ao longo dos 5 dias, foi poss\u00edvel as crian\u00e7as participarem em oficinas, workshops tem\u00e1ticos e debates com participantes de todos os pontos do mundo.<\/p>\n<p>As atra\u00e7\u00f5es, divers\u00f5es e o desfile com todas as personagens que habitualmente s\u00f3 v\u00eam atrav\u00e9s da televis\u00e3o ou tablets, refletiram-se numa montanha russa de emo\u00e7\u00f5es, muita alegria, brincadeira, transbordar de sorrisos e realizar de sonhos.<\/p>\n<p><img fetchpriority=\"high\" decoding=\"async\" class=\"alignnone wp-image-15616 size-full\" src=\"https:\/\/iacrianca.pt\/wp-content\/uploads\/37a4d344-87e8-4484-9569-e92b954b352a.jpg\" alt=\"\" width=\"2048\" height=\"1536\" srcset=\"https:\/\/iacrianca.pt\/wp-content\/uploads\/37a4d344-87e8-4484-9569-e92b954b352a.jpg 2048w, https:\/\/iacrianca.pt\/wp-content\/uploads\/37a4d344-87e8-4484-9569-e92b954b352a-300x225.jpg 300w, https:\/\/iacrianca.pt\/wp-content\/uploads\/37a4d344-87e8-4484-9569-e92b954b352a-1024x768.jpg 1024w, https:\/\/iacrianca.pt\/wp-content\/uploads\/37a4d344-87e8-4484-9569-e92b954b352a-768x576.jpg 768w, https:\/\/iacrianca.pt\/wp-content\/uploads\/37a4d344-87e8-4484-9569-e92b954b352a-1536x1152.jpg 1536w\" sizes=\"(max-width: 2048px) 100vw, 2048px\" \/> <img decoding=\"async\" class=\"alignnone wp-image-15618 size-full\" src=\"https:\/\/iacrianca.pt\/wp-content\/uploads\/thumbnail-20220817-133948.jpg\" alt=\"\" width=\"1280\" height=\"576\" srcset=\"https:\/\/iacrianca.pt\/wp-content\/uploads\/thumbnail-20220817-133948.jpg 1280w, https:\/\/iacrianca.pt\/wp-content\/uploads\/thumbnail-20220817-133948-300x135.jpg 300w, https:\/\/iacrianca.pt\/wp-content\/uploads\/thumbnail-20220817-133948-1024x461.jpg 1024w, https:\/\/iacrianca.pt\/wp-content\/uploads\/thumbnail-20220817-133948-768x346.jpg 768w\" sizes=\"(max-width: 1280px) 100vw, 1280px\" \/> <img decoding=\"async\" class=\"alignnone wp-image-15620 size-full\" src=\"https:\/\/iacrianca.pt\/wp-content\/uploads\/thumbnail-20220817-134328.jpg\" alt=\"\" width=\"789\" height=\"1280\" srcset=\"https:\/\/iacrianca.pt\/wp-content\/uploads\/thumbnail-20220817-134328.jpg 789w, https:\/\/iacrianca.pt\/wp-content\/uploads\/thumbnail-20220817-134328-185x300.jpg 185w, https:\/\/iacrianca.pt\/wp-content\/uploads\/thumbnail-20220817-134328-631x1024.jpg 631w, https:\/\/iacrianca.pt\/wp-content\/uploads\/thumbnail-20220817-134328-768x1246.jpg 768w\" sizes=\"(max-width: 789px) 100vw, 789px\" \/><\/p>\n<p>&nbsp;<\/p>\n","protected":false},"excerpt":{"rendered":"<p>Quatro crian\u00e7as, acompanhadas pelo Instituto de Apoio \u00e0 Crian\u00e7a, participaram nas celebra\u00e7\u00f5es do 30\u00ba anivers\u00e1rio da Institui\u00e7\u00e3o, Secours Populaire, na Disneyland Paris, entre os dias 15 a 20 de agosto e cujo principal tema de reflex\u00e3o foi a solidariedade. Esta viagem foi para os nossos meninos uma experi\u00eancia \u00fanica, cheia de aventura e emo\u00e7\u00f5es fortes.&hellip;<\/p>\n","protected":false},"author":2,"featured_media":15622,"comment_status":"open","ping_status":"open","sticky":false,"template":"","format":"standard","meta":{"_acf_changed":false,"footnotes":""},"categories":[63],"tags":[],"class_list":["post-15615","post","type-post","status-publish","format-standard","has-post-thumbnail","hentry","category-newsletter","category-63","description-off"],"acf":[],"yoast_head":"<!-- This site is optimized with the Yoast SEO plugin v27.5 - https:\/\/yoast.com\/product\/yoast-seo-wordpress\/ -->\n<title>Paris \u2013 Uma viagem ao Mundo da Fantasia | Instituto de Apoio \u00e0 Crian\u00e7a<\/title>\n<meta name=\"robots\" content=\"index, follow, max-snippet:-1, max-image-preview:large, max-video-preview:-1\" \/>\n<link rel=\"canonical\" href=\"https:\/\/iacrianca.pt\/en\/2022\/09\/paris-uma-viagem-ao-mundo-da-fantasia\/\" \/>\n<meta property=\"og:locale\" content=\"en_US\" \/>\n<meta property=\"og:type\" content=\"article\" \/>\n<meta property=\"og:title\" content=\"Paris \u2013 Uma viagem ao Mundo da Fantasia | Instituto de Apoio \u00e0 Crian\u00e7a\" \/>\n<meta property=\"og:description\" content=\"Quatro crian\u00e7as, acompanhadas pelo Instituto de Apoio \u00e0 Crian\u00e7a, participaram nas celebra\u00e7\u00f5es do 30\u00ba anivers\u00e1rio da Institui\u00e7\u00e3o, Secours Populaire, na Disneyland Paris, entre os dias 15 a 20 de agosto e cujo principal tema de reflex\u00e3o foi a solidariedade. Esta viagem foi para os nossos meninos uma experi\u00eancia \u00fanica, cheia de aventura e emo\u00e7\u00f5es fortes.&hellip;\" \/>\n<meta property=\"og:url\" content=\"https:\/\/iacrianca.pt\/en\/2022\/09\/paris-uma-viagem-ao-mundo-da-fantasia\/\" \/>\n<meta property=\"og:site_name\" content=\"Instituto de Apoio \u00e0 Crian\u00e7a\" \/>\n<meta property=\"article:publisher\" content=\"https:\/\/www.facebook.com\/iacinstitutodeapoioacrianca\" \/>\n<meta property=\"article:published_time\" content=\"2022-09-06T16:53:31+00:00\" \/>\n<meta property=\"article:modified_time\" content=\"2022-09-09T14:10:24+00:00\" \/>\n<meta property=\"og:image\" content=\"https:\/\/iacrianca.pt\/wp-content\/uploads\/thumbnail-img-20220817-wa0024capa.jpg\" \/>\n\t<meta property=\"og:image:width\" content=\"1137\" \/>\n\t<meta property=\"og:image:height\" content=\"1280\" \/>\n\t<meta property=\"og:image:type\" content=\"image\/jpeg\" \/>\n<meta name=\"author\" content=\"Administra\u00e7\u00e3o IAC\" \/>\n<meta name=\"twitter:card\" content=\"summary_large_image\" \/>\n<meta name=\"twitter:creator\" content=\"@iacapoiocrianca\" \/>\n<meta name=\"twitter:site\" content=\"@iacapoiocrianca\" \/>\n<meta name=\"twitter:label1\" content=\"Written by\" \/>\n\t<meta name=\"twitter:data1\" content=\"Administra\u00e7\u00e3o IAC\" \/>\n\t<meta name=\"twitter:label2\" content=\"Est. reading time\" \/>\n\t<meta name=\"twitter:data2\" content=\"2 minutes\" \/>\n<script type=\"application\/ld+json\" class=\"yoast-schema-graph\">{\"@context\":\"https:\\\/\\\/schema.org\",\"@graph\":[{\"@type\":\"Article\",\"@id\":\"https:\\\/\\\/iacrianca.pt\\\/en\\\/2022\\\/09\\\/paris-uma-viagem-ao-mundo-da-fantasia\\\/#article\",\"isPartOf\":{\"@id\":\"https:\\\/\\\/iacrianca.pt\\\/en\\\/2022\\\/09\\\/paris-uma-viagem-ao-mundo-da-fantasia\\\/\"},\"author\":{\"name\":\"Administra\u00e7\u00e3o IAC\",\"@id\":\"https:\\\/\\\/iacrianca.pt\\\/en\\\/#\\\/schema\\\/person\\\/1c48c6e4b70d0dc7360e4b28ceaa5f6b\"},\"headline\":\"Paris \u2013 Uma viagem ao Mundo da Fantasia\",\"datePublished\":\"2022-09-06T16:53:31+00:00\",\"dateModified\":\"2022-09-09T14:10:24+00:00\",\"mainEntityOfPage\":{\"@id\":\"https:\\\/\\\/iacrianca.pt\\\/en\\\/2022\\\/09\\\/paris-uma-viagem-ao-mundo-da-fantasia\\\/\"},\"wordCount\":262,\"commentCount\":0,\"publisher\":{\"@id\":\"https:\\\/\\\/iacrianca.pt\\\/en\\\/#organization\"},\"image\":{\"@id\":\"https:\\\/\\\/iacrianca.pt\\\/en\\\/2022\\\/09\\\/paris-uma-viagem-ao-mundo-da-fantasia\\\/#primaryimage\"},\"thumbnailUrl\":\"https:\\\/\\\/iacrianca.pt\\\/wp-content\\\/uploads\\\/thumbnail-img-20220817-wa0024capa.jpg\",\"articleSection\":[\"Newsletter\"],\"inLanguage\":\"en-US\",\"potentialAction\":[{\"@type\":\"CommentAction\",\"name\":\"Comment\",\"target\":[\"https:\\\/\\\/iacrianca.pt\\\/en\\\/2022\\\/09\\\/paris-uma-viagem-ao-mundo-da-fantasia\\\/#respond\"]}]},{\"@type\":\"WebPage\",\"@id\":\"https:\\\/\\\/iacrianca.pt\\\/en\\\/2022\\\/09\\\/paris-uma-viagem-ao-mundo-da-fantasia\\\/\",\"url\":\"https:\\\/\\\/iacrianca.pt\\\/en\\\/2022\\\/09\\\/paris-uma-viagem-ao-mundo-da-fantasia\\\/\",\"name\":\"Paris \u2013 Uma viagem ao Mundo da Fantasia | Instituto de Apoio \u00e0 Crian\u00e7a\",\"isPartOf\":{\"@id\":\"https:\\\/\\\/iacrianca.pt\\\/en\\\/#website\"},\"primaryImageOfPage\":{\"@id\":\"https:\\\/\\\/iacrianca.pt\\\/en\\\/2022\\\/09\\\/paris-uma-viagem-ao-mundo-da-fantasia\\\/#primaryimage\"},\"image\":{\"@id\":\"https:\\\/\\\/iacrianca.pt\\\/en\\\/2022\\\/09\\\/paris-uma-viagem-ao-mundo-da-fantasia\\\/#primaryimage\"},\"thumbnailUrl\":\"https:\\\/\\\/iacrianca.pt\\\/wp-content\\\/uploads\\\/thumbnail-img-20220817-wa0024capa.jpg\",\"datePublished\":\"2022-09-06T16:53:31+00:00\",\"dateModified\":\"2022-09-09T14:10:24+00:00\",\"breadcrumb\":{\"@id\":\"https:\\\/\\\/iacrianca.pt\\\/en\\\/2022\\\/09\\\/paris-uma-viagem-ao-mundo-da-fantasia\\\/#breadcrumb\"},\"inLanguage\":\"en-US\",\"potentialAction\":[{\"@type\":\"ReadAction\",\"target\":[\"https:\\\/\\\/iacrianca.pt\\\/en\\\/2022\\\/09\\\/paris-uma-viagem-ao-mundo-da-fantasia\\\/\"]}]},{\"@type\":\"ImageObject\",\"inLanguage\":\"en-US\",\"@id\":\"https:\\\/\\\/iacrianca.pt\\\/en\\\/2022\\\/09\\\/paris-uma-viagem-ao-mundo-da-fantasia\\\/#primaryimage\",\"url\":\"https:\\\/\\\/iacrianca.pt\\\/wp-content\\\/uploads\\\/thumbnail-img-20220817-wa0024capa.jpg\",\"contentUrl\":\"https:\\\/\\\/iacrianca.pt\\\/wp-content\\\/uploads\\\/thumbnail-img-20220817-wa0024capa.jpg\",\"width\":1137,\"height\":1280},{\"@type\":\"BreadcrumbList\",\"@id\":\"https:\\\/\\\/iacrianca.pt\\\/en\\\/2022\\\/09\\\/paris-uma-viagem-ao-mundo-da-fantasia\\\/#breadcrumb\",\"itemListElement\":[{\"@type\":\"ListItem\",\"position\":1,\"name\":\"In\u00edcio\",\"item\":\"https:\\\/\\\/iacrianca.pt\\\/en\\\/\"},{\"@type\":\"ListItem\",\"position\":2,\"name\":\"Paris \u2013 Uma viagem ao Mundo da Fantasia\"}]},{\"@type\":\"WebSite\",\"@id\":\"https:\\\/\\\/iacrianca.pt\\\/en\\\/#website\",\"url\":\"https:\\\/\\\/iacrianca.pt\\\/en\\\/\",\"name\":\"Instituto de Apoio \u00e0 Crian\u00e7a\",\"description\":\"Desde 1983 na defesa e promo\u00e7\u00e3o dos direitos da crian\u00e7a\",\"publisher\":{\"@id\":\"https:\\\/\\\/iacrianca.pt\\\/en\\\/#organization\"},\"potentialAction\":[{\"@type\":\"SearchAction\",\"target\":{\"@type\":\"EntryPoint\",\"urlTemplate\":\"https:\\\/\\\/iacrianca.pt\\\/en\\\/?s={search_term_string}\"},\"query-input\":{\"@type\":\"PropertyValueSpecification\",\"valueRequired\":true,\"valueName\":\"search_term_string\"}}],\"inLanguage\":\"en-US\"},{\"@type\":\"Organization\",\"@id\":\"https:\\\/\\\/iacrianca.pt\\\/en\\\/#organization\",\"name\":\"Instituto de Apoio \u00e0 Crian\u00e7a\",\"url\":\"https:\\\/\\\/iacrianca.pt\\\/en\\\/\",\"logo\":{\"@type\":\"ImageObject\",\"inLanguage\":\"en-US\",\"@id\":\"https:\\\/\\\/iacrianca.pt\\\/en\\\/#\\\/schema\\\/logo\\\/image\\\/\",\"url\":\"https:\\\/\\\/iacrianca.pt\\\/wp-content\\\/uploads\\\/2020\\\/04\\\/logo-iac-SD.jpg\",\"contentUrl\":\"https:\\\/\\\/iacrianca.pt\\\/wp-content\\\/uploads\\\/2020\\\/04\\\/logo-iac-SD.jpg\",\"width\":152,\"height\":73,\"caption\":\"Instituto de Apoio \u00e0 Crian\u00e7a\"},\"image\":{\"@id\":\"https:\\\/\\\/iacrianca.pt\\\/en\\\/#\\\/schema\\\/logo\\\/image\\\/\"},\"sameAs\":[\"https:\\\/\\\/www.facebook.com\\\/iacinstitutodeapoioacrianca\",\"https:\\\/\\\/x.com\\\/iacapoiocrianca\",\"https:\\\/\\\/www.youtube.com\\\/channel\\\/UC0jjfZ_xkN_59gJf_RQ-ZnQ\",\"https:\\\/\\\/www.linkedin.com\\\/company\\\/instituto-de-apoio--criana\\\/\",\"https:\\\/\\\/www.instagram.com\\\/iacinstitutodeapoioacrianca\\\/\",\"https:\\\/\\\/criancasatortoeadireitos.wordpress.com\\\/\"]},{\"@type\":\"Person\",\"@id\":\"https:\\\/\\\/iacrianca.pt\\\/en\\\/#\\\/schema\\\/person\\\/1c48c6e4b70d0dc7360e4b28ceaa5f6b\",\"name\":\"Administra\u00e7\u00e3o IAC\",\"image\":{\"@type\":\"ImageObject\",\"inLanguage\":\"en-US\",\"@id\":\"https:\\\/\\\/secure.gravatar.com\\\/avatar\\\/60b998c71de37dcc1398fc6d48c6b5ed7533e3ceec837c948055f072e3158ff1?s=96&d=mm&r=g\",\"url\":\"https:\\\/\\\/secure.gravatar.com\\\/avatar\\\/60b998c71de37dcc1398fc6d48c6b5ed7533e3ceec837c948055f072e3158ff1?s=96&d=mm&r=g\",\"contentUrl\":\"https:\\\/\\\/secure.gravatar.com\\\/avatar\\\/60b998c71de37dcc1398fc6d48c6b5ed7533e3ceec837c948055f072e3158ff1?s=96&d=mm&r=g\",\"caption\":\"Administra\u00e7\u00e3o IAC\"}}]}<\/script>\n<!-- \/ Yoast SEO plugin. -->","yoast_head_json":{"title":"Paris \u2013 Uma viagem ao Mundo da Fantasia | Instituto de Apoio \u00e0 Crian\u00e7a","robots":{"index":"index","follow":"follow","max-snippet":"max-snippet:-1","max-image-preview":"max-image-preview:large","max-video-preview":"max-video-preview:-1"},"canonical":"https:\/\/iacrianca.pt\/en\/2022\/09\/paris-uma-viagem-ao-mundo-da-fantasia\/","og_locale":"en_US","og_type":"article","og_title":"Paris \u2013 Uma viagem ao Mundo da Fantasia | Instituto de Apoio \u00e0 Crian\u00e7a","og_description":"Quatro crian\u00e7as, acompanhadas pelo Instituto de Apoio \u00e0 Crian\u00e7a, participaram nas celebra\u00e7\u00f5es do 30\u00ba anivers\u00e1rio da Institui\u00e7\u00e3o, Secours Populaire, na Disneyland Paris, entre os dias 15 a 20 de agosto e cujo principal tema de reflex\u00e3o foi a solidariedade. Esta viagem foi para os nossos meninos uma experi\u00eancia \u00fanica, cheia de aventura e emo\u00e7\u00f5es fortes.&hellip;","og_url":"https:\/\/iacrianca.pt\/en\/2022\/09\/paris-uma-viagem-ao-mundo-da-fantasia\/","og_site_name":"Instituto de Apoio \u00e0 Crian\u00e7a","article_publisher":"https:\/\/www.facebook.com\/iacinstitutodeapoioacrianca","article_published_time":"2022-09-06T16:53:31+00:00","article_modified_time":"2022-09-09T14:10:24+00:00","og_image":[{"width":1137,"height":1280,"url":"https:\/\/iacrianca.pt\/wp-content\/uploads\/thumbnail-img-20220817-wa0024capa.jpg","type":"image\/jpeg"}],"author":"Administra\u00e7\u00e3o IAC","twitter_card":"summary_large_image","twitter_creator":"@iacapoiocrianca","twitter_site":"@iacapoiocrianca","twitter_misc":{"Written by":"Administra\u00e7\u00e3o IAC","Est. reading time":"2 minutes"},"schema":{"@context":"https:\/\/schema.org","@graph":[{"@type":"Article","@id":"https:\/\/iacrianca.pt\/en\/2022\/09\/paris-uma-viagem-ao-mundo-da-fantasia\/#article","isPartOf":{"@id":"https:\/\/iacrianca.pt\/en\/2022\/09\/paris-uma-viagem-ao-mundo-da-fantasia\/"},"author":{"name":"Administra\u00e7\u00e3o IAC","@id":"https:\/\/iacrianca.pt\/en\/#\/schema\/person\/1c48c6e4b70d0dc7360e4b28ceaa5f6b"},"headline":"Paris \u2013 Uma viagem ao Mundo da Fantasia","datePublished":"2022-09-06T16:53:31+00:00","dateModified":"2022-09-09T14:10:24+00:00","mainEntityOfPage":{"@id":"https:\/\/iacrianca.pt\/en\/2022\/09\/paris-uma-viagem-ao-mundo-da-fantasia\/"},"wordCount":262,"commentCount":0,"publisher":{"@id":"https:\/\/iacrianca.pt\/en\/#organization"},"image":{"@id":"https:\/\/iacrianca.pt\/en\/2022\/09\/paris-uma-viagem-ao-mundo-da-fantasia\/#primaryimage"},"thumbnailUrl":"https:\/\/iacrianca.pt\/wp-content\/uploads\/thumbnail-img-20220817-wa0024capa.jpg","articleSection":["Newsletter"],"inLanguage":"en-US","potentialAction":[{"@type":"CommentAction","name":"Comment","target":["https:\/\/iacrianca.pt\/en\/2022\/09\/paris-uma-viagem-ao-mundo-da-fantasia\/#respond"]}]},{"@type":"WebPage","@id":"https:\/\/iacrianca.pt\/en\/2022\/09\/paris-uma-viagem-ao-mundo-da-fantasia\/","url":"https:\/\/iacrianca.pt\/en\/2022\/09\/paris-uma-viagem-ao-mundo-da-fantasia\/","name":"Paris \u2013 Uma viagem ao Mundo da Fantasia | Instituto de Apoio \u00e0 Crian\u00e7a","isPartOf":{"@id":"https:\/\/iacrianca.pt\/en\/#website"},"primaryImageOfPage":{"@id":"https:\/\/iacrianca.pt\/en\/2022\/09\/paris-uma-viagem-ao-mundo-da-fantasia\/#primaryimage"},"image":{"@id":"https:\/\/iacrianca.pt\/en\/2022\/09\/paris-uma-viagem-ao-mundo-da-fantasia\/#primaryimage"},"thumbnailUrl":"https:\/\/iacrianca.pt\/wp-content\/uploads\/thumbnail-img-20220817-wa0024capa.jpg","datePublished":"2022-09-06T16:53:31+00:00","dateModified":"2022-09-09T14:10:24+00:00","breadcrumb":{"@id":"https:\/\/iacrianca.pt\/en\/2022\/09\/paris-uma-viagem-ao-mundo-da-fantasia\/#breadcrumb"},"inLanguage":"en-US","potentialAction":[{"@type":"ReadAction","target":["https:\/\/iacrianca.pt\/en\/2022\/09\/paris-uma-viagem-ao-mundo-da-fantasia\/"]}]},{"@type":"ImageObject","inLanguage":"en-US","@id":"https:\/\/iacrianca.pt\/en\/2022\/09\/paris-uma-viagem-ao-mundo-da-fantasia\/#primaryimage","url":"https:\/\/iacrianca.pt\/wp-content\/uploads\/thumbnail-img-20220817-wa0024capa.jpg","contentUrl":"https:\/\/iacrianca.pt\/wp-content\/uploads\/thumbnail-img-20220817-wa0024capa.jpg","width":1137,"height":1280},{"@type":"BreadcrumbList","@id":"https:\/\/iacrianca.pt\/en\/2022\/09\/paris-uma-viagem-ao-mundo-da-fantasia\/#breadcrumb","itemListElement":[{"@type":"ListItem","position":1,"name":"In\u00edcio","item":"https:\/\/iacrianca.pt\/en\/"},{"@type":"ListItem","position":2,"name":"Paris \u2013 Uma viagem ao Mundo da Fantasia"}]},{"@type":"WebSite","@id":"https:\/\/iacrianca.pt\/en\/#website","url":"https:\/\/iacrianca.pt\/en\/","name":"Instituto de Apoio \u00e0 Crian\u00e7a","description":"Desde 1983 na defesa e promo\u00e7\u00e3o dos direitos da crian\u00e7a","publisher":{"@id":"https:\/\/iacrianca.pt\/en\/#organization"},"potentialAction":[{"@type":"SearchAction","target":{"@type":"EntryPoint","urlTemplate":"https:\/\/iacrianca.pt\/en\/?s={search_term_string}"},"query-input":{"@type":"PropertyValueSpecification","valueRequired":true,"valueName":"search_term_string"}}],"inLanguage":"en-US"},{"@type":"Organization","@id":"https:\/\/iacrianca.pt\/en\/#organization","name":"Instituto de Apoio \u00e0 Crian\u00e7a","url":"https:\/\/iacrianca.pt\/en\/","logo":{"@type":"ImageObject","inLanguage":"en-US","@id":"https:\/\/iacrianca.pt\/en\/#\/schema\/logo\/image\/","url":"https:\/\/iacrianca.pt\/wp-content\/uploads\/2020\/04\/logo-iac-SD.jpg","contentUrl":"https:\/\/iacrianca.pt\/wp-content\/uploads\/2020\/04\/logo-iac-SD.jpg","width":152,"height":73,"caption":"Instituto de Apoio \u00e0 Crian\u00e7a"},"image":{"@id":"https:\/\/iacrianca.pt\/en\/#\/schema\/logo\/image\/"},"sameAs":["https:\/\/www.facebook.com\/iacinstitutodeapoioacrianca","https:\/\/x.com\/iacapoiocrianca","https:\/\/www.youtube.com\/channel\/UC0jjfZ_xkN_59gJf_RQ-ZnQ","https:\/\/www.linkedin.com\/company\/instituto-de-apoio--criana\/","https:\/\/www.instagram.com\/iacinstitutodeapoioacrianca\/","https:\/\/criancasatortoeadireitos.wordpress.com\/"]},{"@type":"Person","@id":"https:\/\/iacrianca.pt\/en\/#\/schema\/person\/1c48c6e4b70d0dc7360e4b28ceaa5f6b","name":"Administra\u00e7\u00e3o IAC","image":{"@type":"ImageObject","inLanguage":"en-US","@id":"https:\/\/secure.gravatar.com\/avatar\/60b998c71de37dcc1398fc6d48c6b5ed7533e3ceec837c948055f072e3158ff1?s=96&d=mm&r=g","url":"https:\/\/secure.gravatar.com\/avatar\/60b998c71de37dcc1398fc6d48c6b5ed7533e3ceec837c948055f072e3158ff1?s=96&d=mm&r=g","contentUrl":"https:\/\/secure.gravatar.com\/avatar\/60b998c71de37dcc1398fc6d48c6b5ed7533e3ceec837c948055f072e3158ff1?s=96&d=mm&r=g","caption":"Administra\u00e7\u00e3o IAC"}}]}},"_links":{"self":[{"href":"https:\/\/iacrianca.pt\/en\/wp-json\/wp\/v2\/posts\/15615","targetHints":{"allow":["GET"]}}],"collection":[{"href":"https:\/\/iacrianca.pt\/en\/wp-json\/wp\/v2\/posts"}],"about":[{"href":"https:\/\/iacrianca.pt\/en\/wp-json\/wp\/v2\/types\/post"}],"author":[{"embeddable":true,"href":"https:\/\/iacrianca.pt\/en\/wp-json\/wp\/v2\/users\/2"}],"replies":[{"embeddable":true,"href":"https:\/\/iacrianca.pt\/en\/wp-json\/wp\/v2\/comments?post=15615"}],"version-history":[{"count":0,"href":"https:\/\/iacrianca.pt\/en\/wp-json\/wp\/v2\/posts\/15615\/revisions"}],"wp:featuredmedia":[{"embeddable":true,"href":"https:\/\/iacrianca.pt\/en\/wp-json\/wp\/v2\/media\/15622"}],"wp:attachment":[{"href":"https:\/\/iacrianca.pt\/en\/wp-json\/wp\/v2\/media?parent=15615"}],"wp:term":[{"taxonomy":"category","embeddable":true,"href":"https:\/\/iacrianca.pt\/en\/wp-json\/wp\/v2\/categories?post=15615"},{"taxonomy":"post_tag","embeddable":true,"href":"https:\/\/iacrianca.pt\/en\/wp-json\/wp\/v2\/tags?post=15615"}],"curies":[{"name":"wp","href":"https:\/\/api.w.org\/{rel}","templated":true}]}}