{"id":16581,"date":"2022-11-29T15:19:18","date_gmt":"2022-11-29T15:19:18","guid":{"rendered":"https:\/\/iacrianca.pt\/?p=16581"},"modified":"2022-12-09T16:36:05","modified_gmt":"2022-12-09T16:36:05","slug":"filho-es-pai-seras-foi-o-tema-do-viii-encontro-cpcj-de-serpa","status":"publish","type":"post","link":"https:\/\/iacrianca.pt\/en\/2022\/11\/filho-es-pai-seras-foi-o-tema-do-viii-encontro-cpcj-de-serpa\/","title":{"rendered":"\u201cFilho \u00e9s, pai ser\u00e1s\u201d foi o tema do VIII Encontro CPCJ de Serpa\u202f"},"content":{"rendered":"<p><span data-contrast=\"auto\">A convite da CPCJ de Serpa o IAC esteve representado, no passado dia 25 de Novembro, pela Coordenadora dos Setores Actividade L\u00fadica e Humaniza\u00e7\u00e3o na mesa de debate do teatro f\u00f3rum que deu nome ao evento.<\/span><span data-ccp-props=\"{&quot;201341983&quot;:0,&quot;335551550&quot;:6,&quot;335551620&quot;:6,&quot;335559739&quot;:160,&quot;335559740&quot;:259}\">\u00a0<\/span><\/p>\n<p><span data-contrast=\"auto\">Foi um dia de reflex\u00e3o sobre os desafios da parentalidade com a participa\u00e7\u00e3o de jovens da Escola Secund\u00e1ria de Serpa que dinamizaram a pe\u00e7a de teatro. Outros oradores de excel\u00eancia foram a Dra. Ros\u00e1rio Farmhouse, Dr. Andr\u00e9 Tavares Rodrigues, Dra. Rute Agulhas e o Dr. Paulo Guerra. <\/span><span data-ccp-props=\"{&quot;201341983&quot;:0,&quot;335551550&quot;:6,&quot;335551620&quot;:6,&quot;335559739&quot;:160,&quot;335559740&quot;:259}\">\u00a0<\/span><\/p>\n<p><span data-contrast=\"auto\">Contou ainda com a presen\u00e7a da refer\u00eancia na \u00e1rea de prote\u00e7\u00e3o, juiz Armando Leandro.<\/span><span data-ccp-props=\"{&quot;201341983&quot;:0,&quot;335551550&quot;:6,&quot;335551620&quot;:6,&quot;335559739&quot;:160,&quot;335559740&quot;:259}\">\u00a0<\/span><\/p>\n<p><span data-contrast=\"auto\">Foi um privil\u00e9gio fazer parte desta partilha e um gosto ver a participa\u00e7\u00e3o dos Jovens.<\/span><span data-ccp-props=\"{&quot;201341983&quot;:0,&quot;335551550&quot;:6,&quot;335551620&quot;:6,&quot;335559739&quot;:160,&quot;335559740&quot;:259}\">\u00a0<\/span><\/p>\n<p><img fetchpriority=\"high\" decoding=\"async\" class=\"alignnone wp-image-16582 size-full\" src=\"https:\/\/iacrianca.pt\/wp-content\/uploads\/serpa.png\" alt=\"\" width=\"576\" height=\"762\" srcset=\"https:\/\/iacrianca.pt\/wp-content\/uploads\/serpa.png 576w, https:\/\/iacrianca.pt\/wp-content\/uploads\/serpa-227x300.png 227w\" sizes=\"(max-width: 576px) 100vw, 576px\" \/><\/p>\n<p><img decoding=\"async\" class=\"alignnone wp-image-16590 size-full\" src=\"https:\/\/iacrianca.pt\/wp-content\/uploads\/progra.jpg\" alt=\"\" width=\"1446\" height=\"1807\" srcset=\"https:\/\/iacrianca.pt\/wp-content\/uploads\/progra.jpg 1446w, https:\/\/iacrianca.pt\/wp-content\/uploads\/progra-240x300.jpg 240w, https:\/\/iacrianca.pt\/wp-content\/uploads\/progra-819x1024.jpg 819w, https:\/\/iacrianca.pt\/wp-content\/uploads\/progra-768x960.jpg 768w, https:\/\/iacrianca.pt\/wp-content\/uploads\/progra-1229x1536.jpg 1229w\" sizes=\"(max-width: 1446px) 100vw, 1446px\" \/><\/p>\n","protected":false},"excerpt":{"rendered":"<p>A convite da CPCJ de Serpa o IAC esteve representado, no passado dia 25 de Novembro, pela Coordenadora dos Setores Actividade L\u00fadica e Humaniza\u00e7\u00e3o na mesa de debate do teatro f\u00f3rum que deu nome ao evento.\u00a0 Foi um dia de reflex\u00e3o sobre os desafios da parentalidade com a participa\u00e7\u00e3o de jovens da Escola Secund\u00e1ria de&hellip;<\/p>\n","protected":false},"author":2,"featured_media":16586,"comment_status":"open","ping_status":"open","sticky":false,"template":"","format":"standard","meta":{"_acf_changed":false,"footnotes":""},"categories":[63],"tags":[],"class_list":["post-16581","post","type-post","status-publish","format-standard","has-post-thumbnail","hentry","category-newsletter","category-63","description-off"],"acf":[],"yoast_head":"<!-- This site is optimized with the Yoast SEO plugin v27.5 - https:\/\/yoast.com\/product\/yoast-seo-wordpress\/ -->\n<title>\u201cFilho \u00e9s, pai ser\u00e1s\u201d foi o tema do VIII Encontro CPCJ de Serpa\u202f | Instituto de Apoio \u00e0 Crian\u00e7a<\/title>\n<meta name=\"robots\" content=\"index, follow, max-snippet:-1, max-image-preview:large, max-video-preview:-1\" \/>\n<link rel=\"canonical\" href=\"https:\/\/iacrianca.pt\/en\/2022\/11\/filho-es-pai-seras-foi-o-tema-do-viii-encontro-cpcj-de-serpa\/\" \/>\n<meta property=\"og:locale\" content=\"en_US\" \/>\n<meta property=\"og:type\" content=\"article\" \/>\n<meta property=\"og:title\" content=\"\u201cFilho \u00e9s, pai ser\u00e1s\u201d foi o tema do VIII Encontro CPCJ de Serpa\u202f | Instituto de Apoio \u00e0 Crian\u00e7a\" \/>\n<meta property=\"og:description\" content=\"A convite da CPCJ de Serpa o IAC esteve representado, no passado dia 25 de Novembro, pela Coordenadora dos Setores Actividade L\u00fadica e Humaniza\u00e7\u00e3o na mesa de debate do teatro f\u00f3rum que deu nome ao evento.\u00a0 Foi um dia de reflex\u00e3o sobre os desafios da parentalidade com a participa\u00e7\u00e3o de jovens da Escola Secund\u00e1ria de&hellip;\" \/>\n<meta property=\"og:url\" content=\"https:\/\/iacrianca.pt\/en\/2022\/11\/filho-es-pai-seras-foi-o-tema-do-viii-encontro-cpcj-de-serpa\/\" \/>\n<meta property=\"og:site_name\" content=\"Instituto de Apoio \u00e0 Crian\u00e7a\" \/>\n<meta property=\"article:publisher\" content=\"https:\/\/www.facebook.com\/iacinstitutodeapoioacrianca\" \/>\n<meta property=\"article:published_time\" content=\"2022-11-29T15:19:18+00:00\" \/>\n<meta property=\"article:modified_time\" content=\"2022-12-09T16:36:05+00:00\" \/>\n<meta property=\"og:image\" content=\"https:\/\/iacrianca.pt\/wp-content\/uploads\/serpa3.png\" \/>\n\t<meta property=\"og:image:width\" content=\"706\" \/>\n\t<meta property=\"og:image:height\" content=\"638\" \/>\n\t<meta property=\"og:image:type\" content=\"image\/png\" \/>\n<meta name=\"author\" content=\"Administra\u00e7\u00e3o IAC\" \/>\n<meta name=\"twitter:card\" content=\"summary_large_image\" \/>\n<meta name=\"twitter:creator\" content=\"@iacapoiocrianca\" \/>\n<meta name=\"twitter:site\" content=\"@iacapoiocrianca\" \/>\n<meta name=\"twitter:label1\" content=\"Written by\" \/>\n\t<meta name=\"twitter:data1\" content=\"Administra\u00e7\u00e3o IAC\" \/>\n\t<meta name=\"twitter:label2\" content=\"Est. reading time\" \/>\n\t<meta name=\"twitter:data2\" content=\"2 minutes\" \/>\n<script type=\"application\/ld+json\" class=\"yoast-schema-graph\">{\"@context\":\"https:\\\/\\\/schema.org\",\"@graph\":[{\"@type\":\"Article\",\"@id\":\"https:\\\/\\\/iacrianca.pt\\\/en\\\/2022\\\/11\\\/filho-es-pai-seras-foi-o-tema-do-viii-encontro-cpcj-de-serpa\\\/#article\",\"isPartOf\":{\"@id\":\"https:\\\/\\\/iacrianca.pt\\\/en\\\/2022\\\/11\\\/filho-es-pai-seras-foi-o-tema-do-viii-encontro-cpcj-de-serpa\\\/\"},\"author\":{\"name\":\"Administra\u00e7\u00e3o IAC\",\"@id\":\"https:\\\/\\\/iacrianca.pt\\\/en\\\/#\\\/schema\\\/person\\\/1c48c6e4b70d0dc7360e4b28ceaa5f6b\"},\"headline\":\"\u201cFilho \u00e9s, pai ser\u00e1s\u201d foi o tema do VIII Encontro CPCJ de Serpa\u202f\",\"datePublished\":\"2022-11-29T15:19:18+00:00\",\"dateModified\":\"2022-12-09T16:36:05+00:00\",\"mainEntityOfPage\":{\"@id\":\"https:\\\/\\\/iacrianca.pt\\\/en\\\/2022\\\/11\\\/filho-es-pai-seras-foi-o-tema-do-viii-encontro-cpcj-de-serpa\\\/\"},\"wordCount\":139,\"commentCount\":0,\"publisher\":{\"@id\":\"https:\\\/\\\/iacrianca.pt\\\/en\\\/#organization\"},\"image\":{\"@id\":\"https:\\\/\\\/iacrianca.pt\\\/en\\\/2022\\\/11\\\/filho-es-pai-seras-foi-o-tema-do-viii-encontro-cpcj-de-serpa\\\/#primaryimage\"},\"thumbnailUrl\":\"https:\\\/\\\/iacrianca.pt\\\/wp-content\\\/uploads\\\/serpa3.png\",\"articleSection\":[\"Newsletter\"],\"inLanguage\":\"en-US\",\"potentialAction\":[{\"@type\":\"CommentAction\",\"name\":\"Comment\",\"target\":[\"https:\\\/\\\/iacrianca.pt\\\/en\\\/2022\\\/11\\\/filho-es-pai-seras-foi-o-tema-do-viii-encontro-cpcj-de-serpa\\\/#respond\"]}]},{\"@type\":\"WebPage\",\"@id\":\"https:\\\/\\\/iacrianca.pt\\\/en\\\/2022\\\/11\\\/filho-es-pai-seras-foi-o-tema-do-viii-encontro-cpcj-de-serpa\\\/\",\"url\":\"https:\\\/\\\/iacrianca.pt\\\/en\\\/2022\\\/11\\\/filho-es-pai-seras-foi-o-tema-do-viii-encontro-cpcj-de-serpa\\\/\",\"name\":\"\u201cFilho \u00e9s, pai ser\u00e1s\u201d foi o tema do VIII Encontro CPCJ de Serpa\u202f | Instituto de Apoio \u00e0 Crian\u00e7a\",\"isPartOf\":{\"@id\":\"https:\\\/\\\/iacrianca.pt\\\/en\\\/#website\"},\"primaryImageOfPage\":{\"@id\":\"https:\\\/\\\/iacrianca.pt\\\/en\\\/2022\\\/11\\\/filho-es-pai-seras-foi-o-tema-do-viii-encontro-cpcj-de-serpa\\\/#primaryimage\"},\"image\":{\"@id\":\"https:\\\/\\\/iacrianca.pt\\\/en\\\/2022\\\/11\\\/filho-es-pai-seras-foi-o-tema-do-viii-encontro-cpcj-de-serpa\\\/#primaryimage\"},\"thumbnailUrl\":\"https:\\\/\\\/iacrianca.pt\\\/wp-content\\\/uploads\\\/serpa3.png\",\"datePublished\":\"2022-11-29T15:19:18+00:00\",\"dateModified\":\"2022-12-09T16:36:05+00:00\",\"breadcrumb\":{\"@id\":\"https:\\\/\\\/iacrianca.pt\\\/en\\\/2022\\\/11\\\/filho-es-pai-seras-foi-o-tema-do-viii-encontro-cpcj-de-serpa\\\/#breadcrumb\"},\"inLanguage\":\"en-US\",\"potentialAction\":[{\"@type\":\"ReadAction\",\"target\":[\"https:\\\/\\\/iacrianca.pt\\\/en\\\/2022\\\/11\\\/filho-es-pai-seras-foi-o-tema-do-viii-encontro-cpcj-de-serpa\\\/\"]}]},{\"@type\":\"ImageObject\",\"inLanguage\":\"en-US\",\"@id\":\"https:\\\/\\\/iacrianca.pt\\\/en\\\/2022\\\/11\\\/filho-es-pai-seras-foi-o-tema-do-viii-encontro-cpcj-de-serpa\\\/#primaryimage\",\"url\":\"https:\\\/\\\/iacrianca.pt\\\/wp-content\\\/uploads\\\/serpa3.png\",\"contentUrl\":\"https:\\\/\\\/iacrianca.pt\\\/wp-content\\\/uploads\\\/serpa3.png\",\"width\":706,\"height\":638},{\"@type\":\"BreadcrumbList\",\"@id\":\"https:\\\/\\\/iacrianca.pt\\\/en\\\/2022\\\/11\\\/filho-es-pai-seras-foi-o-tema-do-viii-encontro-cpcj-de-serpa\\\/#breadcrumb\",\"itemListElement\":[{\"@type\":\"ListItem\",\"position\":1,\"name\":\"In\u00edcio\",\"item\":\"https:\\\/\\\/iacrianca.pt\\\/en\\\/\"},{\"@type\":\"ListItem\",\"position\":2,\"name\":\"\u201cFilho \u00e9s, pai ser\u00e1s\u201d foi o tema do VIII Encontro CPCJ de Serpa\u202f\"}]},{\"@type\":\"WebSite\",\"@id\":\"https:\\\/\\\/iacrianca.pt\\\/en\\\/#website\",\"url\":\"https:\\\/\\\/iacrianca.pt\\\/en\\\/\",\"name\":\"Instituto de Apoio \u00e0 Crian\u00e7a\",\"description\":\"Desde 1983 na defesa e promo\u00e7\u00e3o dos direitos da crian\u00e7a\",\"publisher\":{\"@id\":\"https:\\\/\\\/iacrianca.pt\\\/en\\\/#organization\"},\"potentialAction\":[{\"@type\":\"SearchAction\",\"target\":{\"@type\":\"EntryPoint\",\"urlTemplate\":\"https:\\\/\\\/iacrianca.pt\\\/en\\\/?s={search_term_string}\"},\"query-input\":{\"@type\":\"PropertyValueSpecification\",\"valueRequired\":true,\"valueName\":\"search_term_string\"}}],\"inLanguage\":\"en-US\"},{\"@type\":\"Organization\",\"@id\":\"https:\\\/\\\/iacrianca.pt\\\/en\\\/#organization\",\"name\":\"Instituto de Apoio \u00e0 Crian\u00e7a\",\"url\":\"https:\\\/\\\/iacrianca.pt\\\/en\\\/\",\"logo\":{\"@type\":\"ImageObject\",\"inLanguage\":\"en-US\",\"@id\":\"https:\\\/\\\/iacrianca.pt\\\/en\\\/#\\\/schema\\\/logo\\\/image\\\/\",\"url\":\"https:\\\/\\\/iacrianca.pt\\\/wp-content\\\/uploads\\\/2020\\\/04\\\/logo-iac-SD.jpg\",\"contentUrl\":\"https:\\\/\\\/iacrianca.pt\\\/wp-content\\\/uploads\\\/2020\\\/04\\\/logo-iac-SD.jpg\",\"width\":152,\"height\":73,\"caption\":\"Instituto de Apoio \u00e0 Crian\u00e7a\"},\"image\":{\"@id\":\"https:\\\/\\\/iacrianca.pt\\\/en\\\/#\\\/schema\\\/logo\\\/image\\\/\"},\"sameAs\":[\"https:\\\/\\\/www.facebook.com\\\/iacinstitutodeapoioacrianca\",\"https:\\\/\\\/x.com\\\/iacapoiocrianca\",\"https:\\\/\\\/www.youtube.com\\\/channel\\\/UC0jjfZ_xkN_59gJf_RQ-ZnQ\",\"https:\\\/\\\/www.linkedin.com\\\/company\\\/instituto-de-apoio--criana\\\/\",\"https:\\\/\\\/www.instagram.com\\\/iacinstitutodeapoioacrianca\\\/\",\"https:\\\/\\\/criancasatortoeadireitos.wordpress.com\\\/\"]},{\"@type\":\"Person\",\"@id\":\"https:\\\/\\\/iacrianca.pt\\\/en\\\/#\\\/schema\\\/person\\\/1c48c6e4b70d0dc7360e4b28ceaa5f6b\",\"name\":\"Administra\u00e7\u00e3o IAC\",\"image\":{\"@type\":\"ImageObject\",\"inLanguage\":\"en-US\",\"@id\":\"https:\\\/\\\/secure.gravatar.com\\\/avatar\\\/60b998c71de37dcc1398fc6d48c6b5ed7533e3ceec837c948055f072e3158ff1?s=96&d=mm&r=g\",\"url\":\"https:\\\/\\\/secure.gravatar.com\\\/avatar\\\/60b998c71de37dcc1398fc6d48c6b5ed7533e3ceec837c948055f072e3158ff1?s=96&d=mm&r=g\",\"contentUrl\":\"https:\\\/\\\/secure.gravatar.com\\\/avatar\\\/60b998c71de37dcc1398fc6d48c6b5ed7533e3ceec837c948055f072e3158ff1?s=96&d=mm&r=g\",\"caption\":\"Administra\u00e7\u00e3o IAC\"}}]}<\/script>\n<!-- \/ Yoast SEO plugin. -->","yoast_head_json":{"title":"\u201cFilho \u00e9s, pai ser\u00e1s\u201d foi o tema do VIII Encontro CPCJ de Serpa\u202f | Instituto de Apoio \u00e0 Crian\u00e7a","robots":{"index":"index","follow":"follow","max-snippet":"max-snippet:-1","max-image-preview":"max-image-preview:large","max-video-preview":"max-video-preview:-1"},"canonical":"https:\/\/iacrianca.pt\/en\/2022\/11\/filho-es-pai-seras-foi-o-tema-do-viii-encontro-cpcj-de-serpa\/","og_locale":"en_US","og_type":"article","og_title":"\u201cFilho \u00e9s, pai ser\u00e1s\u201d foi o tema do VIII Encontro CPCJ de Serpa\u202f | Instituto de Apoio \u00e0 Crian\u00e7a","og_description":"A convite da CPCJ de Serpa o IAC esteve representado, no passado dia 25 de Novembro, pela Coordenadora dos Setores Actividade L\u00fadica e Humaniza\u00e7\u00e3o na mesa de debate do teatro f\u00f3rum que deu nome ao evento.\u00a0 Foi um dia de reflex\u00e3o sobre os desafios da parentalidade com a participa\u00e7\u00e3o de jovens da Escola Secund\u00e1ria de&hellip;","og_url":"https:\/\/iacrianca.pt\/en\/2022\/11\/filho-es-pai-seras-foi-o-tema-do-viii-encontro-cpcj-de-serpa\/","og_site_name":"Instituto de Apoio \u00e0 Crian\u00e7a","article_publisher":"https:\/\/www.facebook.com\/iacinstitutodeapoioacrianca","article_published_time":"2022-11-29T15:19:18+00:00","article_modified_time":"2022-12-09T16:36:05+00:00","og_image":[{"width":706,"height":638,"url":"https:\/\/iacrianca.pt\/wp-content\/uploads\/serpa3.png","type":"image\/png"}],"author":"Administra\u00e7\u00e3o IAC","twitter_card":"summary_large_image","twitter_creator":"@iacapoiocrianca","twitter_site":"@iacapoiocrianca","twitter_misc":{"Written by":"Administra\u00e7\u00e3o IAC","Est. reading time":"2 minutes"},"schema":{"@context":"https:\/\/schema.org","@graph":[{"@type":"Article","@id":"https:\/\/iacrianca.pt\/en\/2022\/11\/filho-es-pai-seras-foi-o-tema-do-viii-encontro-cpcj-de-serpa\/#article","isPartOf":{"@id":"https:\/\/iacrianca.pt\/en\/2022\/11\/filho-es-pai-seras-foi-o-tema-do-viii-encontro-cpcj-de-serpa\/"},"author":{"name":"Administra\u00e7\u00e3o IAC","@id":"https:\/\/iacrianca.pt\/en\/#\/schema\/person\/1c48c6e4b70d0dc7360e4b28ceaa5f6b"},"headline":"\u201cFilho \u00e9s, pai ser\u00e1s\u201d foi o tema do VIII Encontro CPCJ de Serpa\u202f","datePublished":"2022-11-29T15:19:18+00:00","dateModified":"2022-12-09T16:36:05+00:00","mainEntityOfPage":{"@id":"https:\/\/iacrianca.pt\/en\/2022\/11\/filho-es-pai-seras-foi-o-tema-do-viii-encontro-cpcj-de-serpa\/"},"wordCount":139,"commentCount":0,"publisher":{"@id":"https:\/\/iacrianca.pt\/en\/#organization"},"image":{"@id":"https:\/\/iacrianca.pt\/en\/2022\/11\/filho-es-pai-seras-foi-o-tema-do-viii-encontro-cpcj-de-serpa\/#primaryimage"},"thumbnailUrl":"https:\/\/iacrianca.pt\/wp-content\/uploads\/serpa3.png","articleSection":["Newsletter"],"inLanguage":"en-US","potentialAction":[{"@type":"CommentAction","name":"Comment","target":["https:\/\/iacrianca.pt\/en\/2022\/11\/filho-es-pai-seras-foi-o-tema-do-viii-encontro-cpcj-de-serpa\/#respond"]}]},{"@type":"WebPage","@id":"https:\/\/iacrianca.pt\/en\/2022\/11\/filho-es-pai-seras-foi-o-tema-do-viii-encontro-cpcj-de-serpa\/","url":"https:\/\/iacrianca.pt\/en\/2022\/11\/filho-es-pai-seras-foi-o-tema-do-viii-encontro-cpcj-de-serpa\/","name":"\u201cFilho \u00e9s, pai ser\u00e1s\u201d foi o tema do VIII Encontro CPCJ de Serpa\u202f | Instituto de Apoio \u00e0 Crian\u00e7a","isPartOf":{"@id":"https:\/\/iacrianca.pt\/en\/#website"},"primaryImageOfPage":{"@id":"https:\/\/iacrianca.pt\/en\/2022\/11\/filho-es-pai-seras-foi-o-tema-do-viii-encontro-cpcj-de-serpa\/#primaryimage"},"image":{"@id":"https:\/\/iacrianca.pt\/en\/2022\/11\/filho-es-pai-seras-foi-o-tema-do-viii-encontro-cpcj-de-serpa\/#primaryimage"},"thumbnailUrl":"https:\/\/iacrianca.pt\/wp-content\/uploads\/serpa3.png","datePublished":"2022-11-29T15:19:18+00:00","dateModified":"2022-12-09T16:36:05+00:00","breadcrumb":{"@id":"https:\/\/iacrianca.pt\/en\/2022\/11\/filho-es-pai-seras-foi-o-tema-do-viii-encontro-cpcj-de-serpa\/#breadcrumb"},"inLanguage":"en-US","potentialAction":[{"@type":"ReadAction","target":["https:\/\/iacrianca.pt\/en\/2022\/11\/filho-es-pai-seras-foi-o-tema-do-viii-encontro-cpcj-de-serpa\/"]}]},{"@type":"ImageObject","inLanguage":"en-US","@id":"https:\/\/iacrianca.pt\/en\/2022\/11\/filho-es-pai-seras-foi-o-tema-do-viii-encontro-cpcj-de-serpa\/#primaryimage","url":"https:\/\/iacrianca.pt\/wp-content\/uploads\/serpa3.png","contentUrl":"https:\/\/iacrianca.pt\/wp-content\/uploads\/serpa3.png","width":706,"height":638},{"@type":"BreadcrumbList","@id":"https:\/\/iacrianca.pt\/en\/2022\/11\/filho-es-pai-seras-foi-o-tema-do-viii-encontro-cpcj-de-serpa\/#breadcrumb","itemListElement":[{"@type":"ListItem","position":1,"name":"In\u00edcio","item":"https:\/\/iacrianca.pt\/en\/"},{"@type":"ListItem","position":2,"name":"\u201cFilho \u00e9s, pai ser\u00e1s\u201d foi o tema do VIII Encontro CPCJ de Serpa\u202f"}]},{"@type":"WebSite","@id":"https:\/\/iacrianca.pt\/en\/#website","url":"https:\/\/iacrianca.pt\/en\/","name":"Instituto de Apoio \u00e0 Crian\u00e7a","description":"Desde 1983 na defesa e promo\u00e7\u00e3o dos direitos da crian\u00e7a","publisher":{"@id":"https:\/\/iacrianca.pt\/en\/#organization"},"potentialAction":[{"@type":"SearchAction","target":{"@type":"EntryPoint","urlTemplate":"https:\/\/iacrianca.pt\/en\/?s={search_term_string}"},"query-input":{"@type":"PropertyValueSpecification","valueRequired":true,"valueName":"search_term_string"}}],"inLanguage":"en-US"},{"@type":"Organization","@id":"https:\/\/iacrianca.pt\/en\/#organization","name":"Instituto de Apoio \u00e0 Crian\u00e7a","url":"https:\/\/iacrianca.pt\/en\/","logo":{"@type":"ImageObject","inLanguage":"en-US","@id":"https:\/\/iacrianca.pt\/en\/#\/schema\/logo\/image\/","url":"https:\/\/iacrianca.pt\/wp-content\/uploads\/2020\/04\/logo-iac-SD.jpg","contentUrl":"https:\/\/iacrianca.pt\/wp-content\/uploads\/2020\/04\/logo-iac-SD.jpg","width":152,"height":73,"caption":"Instituto de Apoio \u00e0 Crian\u00e7a"},"image":{"@id":"https:\/\/iacrianca.pt\/en\/#\/schema\/logo\/image\/"},"sameAs":["https:\/\/www.facebook.com\/iacinstitutodeapoioacrianca","https:\/\/x.com\/iacapoiocrianca","https:\/\/www.youtube.com\/channel\/UC0jjfZ_xkN_59gJf_RQ-ZnQ","https:\/\/www.linkedin.com\/company\/instituto-de-apoio--criana\/","https:\/\/www.instagram.com\/iacinstitutodeapoioacrianca\/","https:\/\/criancasatortoeadireitos.wordpress.com\/"]},{"@type":"Person","@id":"https:\/\/iacrianca.pt\/en\/#\/schema\/person\/1c48c6e4b70d0dc7360e4b28ceaa5f6b","name":"Administra\u00e7\u00e3o IAC","image":{"@type":"ImageObject","inLanguage":"en-US","@id":"https:\/\/secure.gravatar.com\/avatar\/60b998c71de37dcc1398fc6d48c6b5ed7533e3ceec837c948055f072e3158ff1?s=96&d=mm&r=g","url":"https:\/\/secure.gravatar.com\/avatar\/60b998c71de37dcc1398fc6d48c6b5ed7533e3ceec837c948055f072e3158ff1?s=96&d=mm&r=g","contentUrl":"https:\/\/secure.gravatar.com\/avatar\/60b998c71de37dcc1398fc6d48c6b5ed7533e3ceec837c948055f072e3158ff1?s=96&d=mm&r=g","caption":"Administra\u00e7\u00e3o IAC"}}]}},"_links":{"self":[{"href":"https:\/\/iacrianca.pt\/en\/wp-json\/wp\/v2\/posts\/16581","targetHints":{"allow":["GET"]}}],"collection":[{"href":"https:\/\/iacrianca.pt\/en\/wp-json\/wp\/v2\/posts"}],"about":[{"href":"https:\/\/iacrianca.pt\/en\/wp-json\/wp\/v2\/types\/post"}],"author":[{"embeddable":true,"href":"https:\/\/iacrianca.pt\/en\/wp-json\/wp\/v2\/users\/2"}],"replies":[{"embeddable":true,"href":"https:\/\/iacrianca.pt\/en\/wp-json\/wp\/v2\/comments?post=16581"}],"version-history":[{"count":0,"href":"https:\/\/iacrianca.pt\/en\/wp-json\/wp\/v2\/posts\/16581\/revisions"}],"wp:featuredmedia":[{"embeddable":true,"href":"https:\/\/iacrianca.pt\/en\/wp-json\/wp\/v2\/media\/16586"}],"wp:attachment":[{"href":"https:\/\/iacrianca.pt\/en\/wp-json\/wp\/v2\/media?parent=16581"}],"wp:term":[{"taxonomy":"category","embeddable":true,"href":"https:\/\/iacrianca.pt\/en\/wp-json\/wp\/v2\/categories?post=16581"},{"taxonomy":"post_tag","embeddable":true,"href":"https:\/\/iacrianca.pt\/en\/wp-json\/wp\/v2\/tags?post=16581"}],"curies":[{"name":"wp","href":"https:\/\/api.w.org\/{rel}","templated":true}]}}