{"id":16602,"date":"2022-11-29T15:41:47","date_gmt":"2022-11-29T15:41:47","guid":{"rendered":"https:\/\/iacrianca.pt\/?p=16602"},"modified":"2022-12-09T16:17:25","modified_gmt":"2022-12-09T16:17:25","slug":"municipio-de-idanha-a-nova-promoveu-acoes-de-sensibilizacao-sobre-bullying-e-cyberbullying","status":"publish","type":"post","link":"https:\/\/iacrianca.pt\/en\/2022\/11\/municipio-de-idanha-a-nova-promoveu-acoes-de-sensibilizacao-sobre-bullying-e-cyberbullying\/","title":{"rendered":"Munic\u00edpio de Idanha-a-Nova promoveu a\u00e7\u00f5es de sensibiliza\u00e7\u00e3o sobre bullying e cyberbullying"},"content":{"rendered":"<p><span data-contrast=\"none\">O Munic\u00edpio de Idanha-a-Nova, atento ao fen\u00f3meno da viol\u00eancia nas escolas, acolheu nos passados dias 10 e 11 de novembro, a\u00e7\u00f5es de sensibiliza\u00e7\u00e3o sobre a tem\u00e1tica <\/span><i><span data-contrast=\"none\">bullying<\/span><\/i><span data-contrast=\"none\"> e <\/span><i><span data-contrast=\"none\">cyberbullying<\/span><\/i><span data-contrast=\"none\">. Cerca de 170 alunos e interessados no setor de educa\u00e7\u00e3o, assistiram <\/span><span data-contrast=\"auto\">a formas<\/span> <span data-contrast=\"auto\">de interven\u00e7\u00e3o, preven\u00e7\u00e3o<\/span><span data-contrast=\"auto\"> e combate \u00e0 viol\u00eancia escola<\/span><span data-contrast=\"auto\">r.<\/span><span data-ccp-props=\"{}\">\u00a0<\/span><\/p>\n<p><span data-contrast=\"auto\">A<\/span><span data-contrast=\"auto\">o abrigo do Plano Integrado e Inovador no Combate ao Insucesso Escolar (PIICIE), promovido pelo Munic\u00edpio de Idanha-a-Nova,<\/span><span data-contrast=\"auto\"> o t\u00e9cnico Bruno Barros, em representa\u00e7\u00e3o do Setor de Humaniza\u00e7\u00e3o do IAC, foi convidado<\/span><span data-contrast=\"auto\"> a realizar a\u00e7\u00f5es de sensibiliza\u00e7\u00e3o\/media\u00e7\u00e3o sobre bullying nas escolas<\/span><span data-contrast=\"auto\">.<\/span><span data-ccp-props=\"{}\">\u00a0<\/span><\/p>\n<p><span data-contrast=\"auto\">Durante os dias 10 e 11 de novembro, e tendo como cen\u00e1rio a Biblioteca de Idanha-a-Nova, os cerca de 170 alunos presentes assistiram e participaram num debate aberto, inclusivo e direcionado para um tema que necessita de uma conscientiza\u00e7\u00e3o cada vez mais urgente. Abrangendo alunos da EB e secund\u00e1ria Jos\u00e9 Silvestre Ribeiro e da EPRIN (Escola Profissional da Raia), no decorrer do debate, o tema prolongou-se para um outro fen\u00f3meno n\u00e3o menos importante, com o crescimento r\u00e1pido de acesso \u00e0 internet e a novas formas de comunica\u00e7\u00e3o digital, o <\/span><i><span data-contrast=\"auto\">cyberbullying<\/span><\/i><span data-contrast=\"auto\"> como tema priorit\u00e1rio a ser discutido. <\/span><span data-contrast=\"auto\">A experi\u00eancia mostra<\/span><span data-contrast=\"auto\">-nos <\/span><span data-contrast=\"auto\">que <\/span><span data-contrast=\"auto\">a\u00e7\u00f5es de sensibiliza\u00e7\u00e3o constantes <\/span><span data-contrast=\"auto\">para prevenir<\/span> <span data-contrast=\"auto\">a viol\u00eancia escolar e o bullying<\/span> <span data-contrast=\"auto\">s\u00e3o mais efetivas<\/span><span data-contrast=\"auto\">,<\/span><span data-contrast=\"auto\"> quando h\u00e1 a participa\u00e7\u00e3o de crian\u00e7as e adolescentes no seu planeamento e implementa\u00e7\u00e3o.<\/span><span data-contrast=\"auto\"> Foi o que aconteceu e, desta forma, criaram-se din\u00e2micas sociais em sala, simulando-se casos reais e exemplos de preven\u00e7\u00e3o. Como atuar, como proteger, como agir e como denunciar em caso de vitimiza\u00e7\u00e3o.<\/span><span data-ccp-props=\"{&quot;335559731&quot;:720}\">\u00a0<\/span><\/p>\n<p><span data-contrast=\"auto\">A viol\u00eancia escolar e o bullying <\/span><span data-contrast=\"auto\">s\u00e3o reflexos sociais, atingindo propor\u00e7\u00f5es <\/span><span data-contrast=\"auto\">significativa<\/span><span data-contrast=\"auto\">s na comunidade escolar.<\/span> <span data-contrast=\"auto\">Este<\/span><span data-contrast=\"auto\"> impacto negativo<\/span><span data-contrast=\"auto\">, faz decrescer os resultados <\/span><span data-contrast=\"auto\">educacionais das crian\u00e7as e prejudicam <\/span><span data-contrast=\"auto\">a <\/span><span data-contrast=\"auto\">sua sa\u00fade f\u00edsica e seu bem-estar emoci<\/span><span data-contrast=\"auto\">onal.<\/span><span data-ccp-props=\"{&quot;335559731&quot;:720}\">\u00a0<\/span><\/p>\n<p><img fetchpriority=\"high\" decoding=\"async\" class=\"alignnone wp-image-16603 size-full\" src=\"https:\/\/iacrianca.pt\/wp-content\/uploads\/idanha.png\" alt=\"\" width=\"1487\" height=\"828\" srcset=\"https:\/\/iacrianca.pt\/wp-content\/uploads\/idanha.png 1487w, https:\/\/iacrianca.pt\/wp-content\/uploads\/idanha-300x167.png 300w, https:\/\/iacrianca.pt\/wp-content\/uploads\/idanha-1024x570.png 1024w, https:\/\/iacrianca.pt\/wp-content\/uploads\/idanha-768x428.png 768w\" sizes=\"(max-width: 1487px) 100vw, 1487px\" \/><\/p>\n","protected":false},"excerpt":{"rendered":"<p>O Munic\u00edpio de Idanha-a-Nova, atento ao fen\u00f3meno da viol\u00eancia nas escolas, acolheu nos passados dias 10 e 11 de novembro, a\u00e7\u00f5es de sensibiliza\u00e7\u00e3o sobre a tem\u00e1tica bullying e cyberbullying. Cerca de 170 alunos e interessados no setor de educa\u00e7\u00e3o, assistiram a formas de interven\u00e7\u00e3o, preven\u00e7\u00e3o e combate \u00e0 viol\u00eancia escolar.\u00a0 Ao abrigo do Plano Integrado&hellip;<\/p>\n","protected":false},"author":2,"featured_media":16605,"comment_status":"open","ping_status":"open","sticky":false,"template":"","format":"standard","meta":{"_acf_changed":false,"footnotes":""},"categories":[63],"tags":[],"class_list":["post-16602","post","type-post","status-publish","format-standard","has-post-thumbnail","hentry","category-newsletter","category-63","description-off"],"acf":[],"yoast_head":"<!-- This site is optimized with the Yoast SEO plugin v27.5 - https:\/\/yoast.com\/product\/yoast-seo-wordpress\/ -->\n<title>Munic\u00edpio de Idanha-a-Nova promoveu a\u00e7\u00f5es de sensibiliza\u00e7\u00e3o sobre bullying e cyberbullying | Instituto de Apoio \u00e0 Crian\u00e7a<\/title>\n<meta name=\"robots\" content=\"index, follow, max-snippet:-1, max-image-preview:large, max-video-preview:-1\" \/>\n<link rel=\"canonical\" href=\"https:\/\/iacrianca.pt\/en\/2022\/11\/municipio-de-idanha-a-nova-promoveu-acoes-de-sensibilizacao-sobre-bullying-e-cyberbullying\/\" \/>\n<meta property=\"og:locale\" content=\"en_US\" \/>\n<meta property=\"og:type\" content=\"article\" \/>\n<meta property=\"og:title\" content=\"Munic\u00edpio de Idanha-a-Nova promoveu a\u00e7\u00f5es de sensibiliza\u00e7\u00e3o sobre bullying e cyberbullying | Instituto de Apoio \u00e0 Crian\u00e7a\" \/>\n<meta property=\"og:description\" content=\"O Munic\u00edpio de Idanha-a-Nova, atento ao fen\u00f3meno da viol\u00eancia nas escolas, acolheu nos passados dias 10 e 11 de novembro, a\u00e7\u00f5es de sensibiliza\u00e7\u00e3o sobre a tem\u00e1tica bullying e cyberbullying. Cerca de 170 alunos e interessados no setor de educa\u00e7\u00e3o, assistiram a formas de interven\u00e7\u00e3o, preven\u00e7\u00e3o e combate \u00e0 viol\u00eancia escolar.\u00a0 Ao abrigo do Plano Integrado&hellip;\" \/>\n<meta property=\"og:url\" content=\"https:\/\/iacrianca.pt\/en\/2022\/11\/municipio-de-idanha-a-nova-promoveu-acoes-de-sensibilizacao-sobre-bullying-e-cyberbullying\/\" \/>\n<meta property=\"og:site_name\" content=\"Instituto de Apoio \u00e0 Crian\u00e7a\" \/>\n<meta property=\"article:publisher\" content=\"https:\/\/www.facebook.com\/iacinstitutodeapoioacrianca\" \/>\n<meta property=\"article:published_time\" content=\"2022-11-29T15:41:47+00:00\" \/>\n<meta property=\"article:modified_time\" content=\"2022-12-09T16:17:25+00:00\" \/>\n<meta property=\"og:image\" content=\"https:\/\/iacrianca.pt\/wp-content\/uploads\/idanha2.png\" \/>\n\t<meta property=\"og:image:width\" content=\"1125\" \/>\n\t<meta property=\"og:image:height\" content=\"830\" \/>\n\t<meta property=\"og:image:type\" content=\"image\/png\" \/>\n<meta name=\"author\" content=\"Administra\u00e7\u00e3o IAC\" \/>\n<meta name=\"twitter:card\" content=\"summary_large_image\" \/>\n<meta name=\"twitter:creator\" content=\"@iacapoiocrianca\" \/>\n<meta name=\"twitter:site\" content=\"@iacapoiocrianca\" \/>\n<meta name=\"twitter:label1\" content=\"Written by\" \/>\n\t<meta name=\"twitter:data1\" content=\"Administra\u00e7\u00e3o IAC\" \/>\n\t<meta name=\"twitter:label2\" content=\"Est. reading time\" \/>\n\t<meta name=\"twitter:data2\" content=\"2 minutes\" \/>\n<script type=\"application\/ld+json\" class=\"yoast-schema-graph\">{\"@context\":\"https:\\\/\\\/schema.org\",\"@graph\":[{\"@type\":\"Article\",\"@id\":\"https:\\\/\\\/iacrianca.pt\\\/en\\\/2022\\\/11\\\/municipio-de-idanha-a-nova-promoveu-acoes-de-sensibilizacao-sobre-bullying-e-cyberbullying\\\/#article\",\"isPartOf\":{\"@id\":\"https:\\\/\\\/iacrianca.pt\\\/en\\\/2022\\\/11\\\/municipio-de-idanha-a-nova-promoveu-acoes-de-sensibilizacao-sobre-bullying-e-cyberbullying\\\/\"},\"author\":{\"name\":\"Administra\u00e7\u00e3o IAC\",\"@id\":\"https:\\\/\\\/iacrianca.pt\\\/en\\\/#\\\/schema\\\/person\\\/1c48c6e4b70d0dc7360e4b28ceaa5f6b\"},\"headline\":\"Munic\u00edpio de Idanha-a-Nova promoveu a\u00e7\u00f5es de sensibiliza\u00e7\u00e3o sobre bullying e cyberbullying\",\"datePublished\":\"2022-11-29T15:41:47+00:00\",\"dateModified\":\"2022-12-09T16:17:25+00:00\",\"mainEntityOfPage\":{\"@id\":\"https:\\\/\\\/iacrianca.pt\\\/en\\\/2022\\\/11\\\/municipio-de-idanha-a-nova-promoveu-acoes-de-sensibilizacao-sobre-bullying-e-cyberbullying\\\/\"},\"wordCount\":340,\"commentCount\":0,\"publisher\":{\"@id\":\"https:\\\/\\\/iacrianca.pt\\\/en\\\/#organization\"},\"image\":{\"@id\":\"https:\\\/\\\/iacrianca.pt\\\/en\\\/2022\\\/11\\\/municipio-de-idanha-a-nova-promoveu-acoes-de-sensibilizacao-sobre-bullying-e-cyberbullying\\\/#primaryimage\"},\"thumbnailUrl\":\"https:\\\/\\\/iacrianca.pt\\\/wp-content\\\/uploads\\\/idanha2.png\",\"articleSection\":[\"Newsletter\"],\"inLanguage\":\"en-US\",\"potentialAction\":[{\"@type\":\"CommentAction\",\"name\":\"Comment\",\"target\":[\"https:\\\/\\\/iacrianca.pt\\\/en\\\/2022\\\/11\\\/municipio-de-idanha-a-nova-promoveu-acoes-de-sensibilizacao-sobre-bullying-e-cyberbullying\\\/#respond\"]}]},{\"@type\":\"WebPage\",\"@id\":\"https:\\\/\\\/iacrianca.pt\\\/en\\\/2022\\\/11\\\/municipio-de-idanha-a-nova-promoveu-acoes-de-sensibilizacao-sobre-bullying-e-cyberbullying\\\/\",\"url\":\"https:\\\/\\\/iacrianca.pt\\\/en\\\/2022\\\/11\\\/municipio-de-idanha-a-nova-promoveu-acoes-de-sensibilizacao-sobre-bullying-e-cyberbullying\\\/\",\"name\":\"Munic\u00edpio de Idanha-a-Nova promoveu a\u00e7\u00f5es de sensibiliza\u00e7\u00e3o sobre bullying e cyberbullying | Instituto de Apoio \u00e0 Crian\u00e7a\",\"isPartOf\":{\"@id\":\"https:\\\/\\\/iacrianca.pt\\\/en\\\/#website\"},\"primaryImageOfPage\":{\"@id\":\"https:\\\/\\\/iacrianca.pt\\\/en\\\/2022\\\/11\\\/municipio-de-idanha-a-nova-promoveu-acoes-de-sensibilizacao-sobre-bullying-e-cyberbullying\\\/#primaryimage\"},\"image\":{\"@id\":\"https:\\\/\\\/iacrianca.pt\\\/en\\\/2022\\\/11\\\/municipio-de-idanha-a-nova-promoveu-acoes-de-sensibilizacao-sobre-bullying-e-cyberbullying\\\/#primaryimage\"},\"thumbnailUrl\":\"https:\\\/\\\/iacrianca.pt\\\/wp-content\\\/uploads\\\/idanha2.png\",\"datePublished\":\"2022-11-29T15:41:47+00:00\",\"dateModified\":\"2022-12-09T16:17:25+00:00\",\"breadcrumb\":{\"@id\":\"https:\\\/\\\/iacrianca.pt\\\/en\\\/2022\\\/11\\\/municipio-de-idanha-a-nova-promoveu-acoes-de-sensibilizacao-sobre-bullying-e-cyberbullying\\\/#breadcrumb\"},\"inLanguage\":\"en-US\",\"potentialAction\":[{\"@type\":\"ReadAction\",\"target\":[\"https:\\\/\\\/iacrianca.pt\\\/en\\\/2022\\\/11\\\/municipio-de-idanha-a-nova-promoveu-acoes-de-sensibilizacao-sobre-bullying-e-cyberbullying\\\/\"]}]},{\"@type\":\"ImageObject\",\"inLanguage\":\"en-US\",\"@id\":\"https:\\\/\\\/iacrianca.pt\\\/en\\\/2022\\\/11\\\/municipio-de-idanha-a-nova-promoveu-acoes-de-sensibilizacao-sobre-bullying-e-cyberbullying\\\/#primaryimage\",\"url\":\"https:\\\/\\\/iacrianca.pt\\\/wp-content\\\/uploads\\\/idanha2.png\",\"contentUrl\":\"https:\\\/\\\/iacrianca.pt\\\/wp-content\\\/uploads\\\/idanha2.png\",\"width\":1125,\"height\":830},{\"@type\":\"BreadcrumbList\",\"@id\":\"https:\\\/\\\/iacrianca.pt\\\/en\\\/2022\\\/11\\\/municipio-de-idanha-a-nova-promoveu-acoes-de-sensibilizacao-sobre-bullying-e-cyberbullying\\\/#breadcrumb\",\"itemListElement\":[{\"@type\":\"ListItem\",\"position\":1,\"name\":\"In\u00edcio\",\"item\":\"https:\\\/\\\/iacrianca.pt\\\/en\\\/\"},{\"@type\":\"ListItem\",\"position\":2,\"name\":\"Munic\u00edpio de Idanha-a-Nova promoveu a\u00e7\u00f5es de sensibiliza\u00e7\u00e3o sobre bullying e cyberbullying\"}]},{\"@type\":\"WebSite\",\"@id\":\"https:\\\/\\\/iacrianca.pt\\\/en\\\/#website\",\"url\":\"https:\\\/\\\/iacrianca.pt\\\/en\\\/\",\"name\":\"Instituto de Apoio \u00e0 Crian\u00e7a\",\"description\":\"Desde 1983 na defesa e promo\u00e7\u00e3o dos direitos da crian\u00e7a\",\"publisher\":{\"@id\":\"https:\\\/\\\/iacrianca.pt\\\/en\\\/#organization\"},\"potentialAction\":[{\"@type\":\"SearchAction\",\"target\":{\"@type\":\"EntryPoint\",\"urlTemplate\":\"https:\\\/\\\/iacrianca.pt\\\/en\\\/?s={search_term_string}\"},\"query-input\":{\"@type\":\"PropertyValueSpecification\",\"valueRequired\":true,\"valueName\":\"search_term_string\"}}],\"inLanguage\":\"en-US\"},{\"@type\":\"Organization\",\"@id\":\"https:\\\/\\\/iacrianca.pt\\\/en\\\/#organization\",\"name\":\"Instituto de Apoio \u00e0 Crian\u00e7a\",\"url\":\"https:\\\/\\\/iacrianca.pt\\\/en\\\/\",\"logo\":{\"@type\":\"ImageObject\",\"inLanguage\":\"en-US\",\"@id\":\"https:\\\/\\\/iacrianca.pt\\\/en\\\/#\\\/schema\\\/logo\\\/image\\\/\",\"url\":\"https:\\\/\\\/iacrianca.pt\\\/wp-content\\\/uploads\\\/2020\\\/04\\\/logo-iac-SD.jpg\",\"contentUrl\":\"https:\\\/\\\/iacrianca.pt\\\/wp-content\\\/uploads\\\/2020\\\/04\\\/logo-iac-SD.jpg\",\"width\":152,\"height\":73,\"caption\":\"Instituto de Apoio \u00e0 Crian\u00e7a\"},\"image\":{\"@id\":\"https:\\\/\\\/iacrianca.pt\\\/en\\\/#\\\/schema\\\/logo\\\/image\\\/\"},\"sameAs\":[\"https:\\\/\\\/www.facebook.com\\\/iacinstitutodeapoioacrianca\",\"https:\\\/\\\/x.com\\\/iacapoiocrianca\",\"https:\\\/\\\/www.youtube.com\\\/channel\\\/UC0jjfZ_xkN_59gJf_RQ-ZnQ\",\"https:\\\/\\\/www.linkedin.com\\\/company\\\/instituto-de-apoio--criana\\\/\",\"https:\\\/\\\/www.instagram.com\\\/iacinstitutodeapoioacrianca\\\/\",\"https:\\\/\\\/criancasatortoeadireitos.wordpress.com\\\/\"]},{\"@type\":\"Person\",\"@id\":\"https:\\\/\\\/iacrianca.pt\\\/en\\\/#\\\/schema\\\/person\\\/1c48c6e4b70d0dc7360e4b28ceaa5f6b\",\"name\":\"Administra\u00e7\u00e3o IAC\",\"image\":{\"@type\":\"ImageObject\",\"inLanguage\":\"en-US\",\"@id\":\"https:\\\/\\\/secure.gravatar.com\\\/avatar\\\/60b998c71de37dcc1398fc6d48c6b5ed7533e3ceec837c948055f072e3158ff1?s=96&d=mm&r=g\",\"url\":\"https:\\\/\\\/secure.gravatar.com\\\/avatar\\\/60b998c71de37dcc1398fc6d48c6b5ed7533e3ceec837c948055f072e3158ff1?s=96&d=mm&r=g\",\"contentUrl\":\"https:\\\/\\\/secure.gravatar.com\\\/avatar\\\/60b998c71de37dcc1398fc6d48c6b5ed7533e3ceec837c948055f072e3158ff1?s=96&d=mm&r=g\",\"caption\":\"Administra\u00e7\u00e3o IAC\"}}]}<\/script>\n<!-- \/ Yoast SEO plugin. -->","yoast_head_json":{"title":"Munic\u00edpio de Idanha-a-Nova promoveu a\u00e7\u00f5es de sensibiliza\u00e7\u00e3o sobre bullying e cyberbullying | Instituto de Apoio \u00e0 Crian\u00e7a","robots":{"index":"index","follow":"follow","max-snippet":"max-snippet:-1","max-image-preview":"max-image-preview:large","max-video-preview":"max-video-preview:-1"},"canonical":"https:\/\/iacrianca.pt\/en\/2022\/11\/municipio-de-idanha-a-nova-promoveu-acoes-de-sensibilizacao-sobre-bullying-e-cyberbullying\/","og_locale":"en_US","og_type":"article","og_title":"Munic\u00edpio de Idanha-a-Nova promoveu a\u00e7\u00f5es de sensibiliza\u00e7\u00e3o sobre bullying e cyberbullying | Instituto de Apoio \u00e0 Crian\u00e7a","og_description":"O Munic\u00edpio de Idanha-a-Nova, atento ao fen\u00f3meno da viol\u00eancia nas escolas, acolheu nos passados dias 10 e 11 de novembro, a\u00e7\u00f5es de sensibiliza\u00e7\u00e3o sobre a tem\u00e1tica bullying e cyberbullying. Cerca de 170 alunos e interessados no setor de educa\u00e7\u00e3o, assistiram a formas de interven\u00e7\u00e3o, preven\u00e7\u00e3o e combate \u00e0 viol\u00eancia escolar.\u00a0 Ao abrigo do Plano Integrado&hellip;","og_url":"https:\/\/iacrianca.pt\/en\/2022\/11\/municipio-de-idanha-a-nova-promoveu-acoes-de-sensibilizacao-sobre-bullying-e-cyberbullying\/","og_site_name":"Instituto de Apoio \u00e0 Crian\u00e7a","article_publisher":"https:\/\/www.facebook.com\/iacinstitutodeapoioacrianca","article_published_time":"2022-11-29T15:41:47+00:00","article_modified_time":"2022-12-09T16:17:25+00:00","og_image":[{"width":1125,"height":830,"url":"https:\/\/iacrianca.pt\/wp-content\/uploads\/idanha2.png","type":"image\/png"}],"author":"Administra\u00e7\u00e3o IAC","twitter_card":"summary_large_image","twitter_creator":"@iacapoiocrianca","twitter_site":"@iacapoiocrianca","twitter_misc":{"Written by":"Administra\u00e7\u00e3o IAC","Est. reading time":"2 minutes"},"schema":{"@context":"https:\/\/schema.org","@graph":[{"@type":"Article","@id":"https:\/\/iacrianca.pt\/en\/2022\/11\/municipio-de-idanha-a-nova-promoveu-acoes-de-sensibilizacao-sobre-bullying-e-cyberbullying\/#article","isPartOf":{"@id":"https:\/\/iacrianca.pt\/en\/2022\/11\/municipio-de-idanha-a-nova-promoveu-acoes-de-sensibilizacao-sobre-bullying-e-cyberbullying\/"},"author":{"name":"Administra\u00e7\u00e3o IAC","@id":"https:\/\/iacrianca.pt\/en\/#\/schema\/person\/1c48c6e4b70d0dc7360e4b28ceaa5f6b"},"headline":"Munic\u00edpio de Idanha-a-Nova promoveu a\u00e7\u00f5es de sensibiliza\u00e7\u00e3o sobre bullying e cyberbullying","datePublished":"2022-11-29T15:41:47+00:00","dateModified":"2022-12-09T16:17:25+00:00","mainEntityOfPage":{"@id":"https:\/\/iacrianca.pt\/en\/2022\/11\/municipio-de-idanha-a-nova-promoveu-acoes-de-sensibilizacao-sobre-bullying-e-cyberbullying\/"},"wordCount":340,"commentCount":0,"publisher":{"@id":"https:\/\/iacrianca.pt\/en\/#organization"},"image":{"@id":"https:\/\/iacrianca.pt\/en\/2022\/11\/municipio-de-idanha-a-nova-promoveu-acoes-de-sensibilizacao-sobre-bullying-e-cyberbullying\/#primaryimage"},"thumbnailUrl":"https:\/\/iacrianca.pt\/wp-content\/uploads\/idanha2.png","articleSection":["Newsletter"],"inLanguage":"en-US","potentialAction":[{"@type":"CommentAction","name":"Comment","target":["https:\/\/iacrianca.pt\/en\/2022\/11\/municipio-de-idanha-a-nova-promoveu-acoes-de-sensibilizacao-sobre-bullying-e-cyberbullying\/#respond"]}]},{"@type":"WebPage","@id":"https:\/\/iacrianca.pt\/en\/2022\/11\/municipio-de-idanha-a-nova-promoveu-acoes-de-sensibilizacao-sobre-bullying-e-cyberbullying\/","url":"https:\/\/iacrianca.pt\/en\/2022\/11\/municipio-de-idanha-a-nova-promoveu-acoes-de-sensibilizacao-sobre-bullying-e-cyberbullying\/","name":"Munic\u00edpio de Idanha-a-Nova promoveu a\u00e7\u00f5es de sensibiliza\u00e7\u00e3o sobre bullying e cyberbullying | Instituto de Apoio \u00e0 Crian\u00e7a","isPartOf":{"@id":"https:\/\/iacrianca.pt\/en\/#website"},"primaryImageOfPage":{"@id":"https:\/\/iacrianca.pt\/en\/2022\/11\/municipio-de-idanha-a-nova-promoveu-acoes-de-sensibilizacao-sobre-bullying-e-cyberbullying\/#primaryimage"},"image":{"@id":"https:\/\/iacrianca.pt\/en\/2022\/11\/municipio-de-idanha-a-nova-promoveu-acoes-de-sensibilizacao-sobre-bullying-e-cyberbullying\/#primaryimage"},"thumbnailUrl":"https:\/\/iacrianca.pt\/wp-content\/uploads\/idanha2.png","datePublished":"2022-11-29T15:41:47+00:00","dateModified":"2022-12-09T16:17:25+00:00","breadcrumb":{"@id":"https:\/\/iacrianca.pt\/en\/2022\/11\/municipio-de-idanha-a-nova-promoveu-acoes-de-sensibilizacao-sobre-bullying-e-cyberbullying\/#breadcrumb"},"inLanguage":"en-US","potentialAction":[{"@type":"ReadAction","target":["https:\/\/iacrianca.pt\/en\/2022\/11\/municipio-de-idanha-a-nova-promoveu-acoes-de-sensibilizacao-sobre-bullying-e-cyberbullying\/"]}]},{"@type":"ImageObject","inLanguage":"en-US","@id":"https:\/\/iacrianca.pt\/en\/2022\/11\/municipio-de-idanha-a-nova-promoveu-acoes-de-sensibilizacao-sobre-bullying-e-cyberbullying\/#primaryimage","url":"https:\/\/iacrianca.pt\/wp-content\/uploads\/idanha2.png","contentUrl":"https:\/\/iacrianca.pt\/wp-content\/uploads\/idanha2.png","width":1125,"height":830},{"@type":"BreadcrumbList","@id":"https:\/\/iacrianca.pt\/en\/2022\/11\/municipio-de-idanha-a-nova-promoveu-acoes-de-sensibilizacao-sobre-bullying-e-cyberbullying\/#breadcrumb","itemListElement":[{"@type":"ListItem","position":1,"name":"In\u00edcio","item":"https:\/\/iacrianca.pt\/en\/"},{"@type":"ListItem","position":2,"name":"Munic\u00edpio de Idanha-a-Nova promoveu a\u00e7\u00f5es de sensibiliza\u00e7\u00e3o sobre bullying e cyberbullying"}]},{"@type":"WebSite","@id":"https:\/\/iacrianca.pt\/en\/#website","url":"https:\/\/iacrianca.pt\/en\/","name":"Instituto de Apoio \u00e0 Crian\u00e7a","description":"Desde 1983 na defesa e promo\u00e7\u00e3o dos direitos da crian\u00e7a","publisher":{"@id":"https:\/\/iacrianca.pt\/en\/#organization"},"potentialAction":[{"@type":"SearchAction","target":{"@type":"EntryPoint","urlTemplate":"https:\/\/iacrianca.pt\/en\/?s={search_term_string}"},"query-input":{"@type":"PropertyValueSpecification","valueRequired":true,"valueName":"search_term_string"}}],"inLanguage":"en-US"},{"@type":"Organization","@id":"https:\/\/iacrianca.pt\/en\/#organization","name":"Instituto de Apoio \u00e0 Crian\u00e7a","url":"https:\/\/iacrianca.pt\/en\/","logo":{"@type":"ImageObject","inLanguage":"en-US","@id":"https:\/\/iacrianca.pt\/en\/#\/schema\/logo\/image\/","url":"https:\/\/iacrianca.pt\/wp-content\/uploads\/2020\/04\/logo-iac-SD.jpg","contentUrl":"https:\/\/iacrianca.pt\/wp-content\/uploads\/2020\/04\/logo-iac-SD.jpg","width":152,"height":73,"caption":"Instituto de Apoio \u00e0 Crian\u00e7a"},"image":{"@id":"https:\/\/iacrianca.pt\/en\/#\/schema\/logo\/image\/"},"sameAs":["https:\/\/www.facebook.com\/iacinstitutodeapoioacrianca","https:\/\/x.com\/iacapoiocrianca","https:\/\/www.youtube.com\/channel\/UC0jjfZ_xkN_59gJf_RQ-ZnQ","https:\/\/www.linkedin.com\/company\/instituto-de-apoio--criana\/","https:\/\/www.instagram.com\/iacinstitutodeapoioacrianca\/","https:\/\/criancasatortoeadireitos.wordpress.com\/"]},{"@type":"Person","@id":"https:\/\/iacrianca.pt\/en\/#\/schema\/person\/1c48c6e4b70d0dc7360e4b28ceaa5f6b","name":"Administra\u00e7\u00e3o IAC","image":{"@type":"ImageObject","inLanguage":"en-US","@id":"https:\/\/secure.gravatar.com\/avatar\/60b998c71de37dcc1398fc6d48c6b5ed7533e3ceec837c948055f072e3158ff1?s=96&d=mm&r=g","url":"https:\/\/secure.gravatar.com\/avatar\/60b998c71de37dcc1398fc6d48c6b5ed7533e3ceec837c948055f072e3158ff1?s=96&d=mm&r=g","contentUrl":"https:\/\/secure.gravatar.com\/avatar\/60b998c71de37dcc1398fc6d48c6b5ed7533e3ceec837c948055f072e3158ff1?s=96&d=mm&r=g","caption":"Administra\u00e7\u00e3o IAC"}}]}},"_links":{"self":[{"href":"https:\/\/iacrianca.pt\/en\/wp-json\/wp\/v2\/posts\/16602","targetHints":{"allow":["GET"]}}],"collection":[{"href":"https:\/\/iacrianca.pt\/en\/wp-json\/wp\/v2\/posts"}],"about":[{"href":"https:\/\/iacrianca.pt\/en\/wp-json\/wp\/v2\/types\/post"}],"author":[{"embeddable":true,"href":"https:\/\/iacrianca.pt\/en\/wp-json\/wp\/v2\/users\/2"}],"replies":[{"embeddable":true,"href":"https:\/\/iacrianca.pt\/en\/wp-json\/wp\/v2\/comments?post=16602"}],"version-history":[{"count":0,"href":"https:\/\/iacrianca.pt\/en\/wp-json\/wp\/v2\/posts\/16602\/revisions"}],"wp:featuredmedia":[{"embeddable":true,"href":"https:\/\/iacrianca.pt\/en\/wp-json\/wp\/v2\/media\/16605"}],"wp:attachment":[{"href":"https:\/\/iacrianca.pt\/en\/wp-json\/wp\/v2\/media?parent=16602"}],"wp:term":[{"taxonomy":"category","embeddable":true,"href":"https:\/\/iacrianca.pt\/en\/wp-json\/wp\/v2\/categories?post=16602"},{"taxonomy":"post_tag","embeddable":true,"href":"https:\/\/iacrianca.pt\/en\/wp-json\/wp\/v2\/tags?post=16602"}],"curies":[{"name":"wp","href":"https:\/\/api.w.org\/{rel}","templated":true}]}}