{"id":17002,"date":"2023-01-03T15:31:22","date_gmt":"2023-01-03T15:31:22","guid":{"rendered":"https:\/\/iacrianca.pt\/?p=17002"},"modified":"2023-01-11T11:42:57","modified_gmt":"2023-01-11T11:42:57","slug":"e-natal-na-escola-de-segunda-oportunidade","status":"publish","type":"post","link":"https:\/\/iacrianca.pt\/en\/2023\/01\/e-natal-na-escola-de-segunda-oportunidade\/","title":{"rendered":"\u00c9 Natal na Escola de Segunda Oportunidade"},"content":{"rendered":"<p><span data-contrast=\"auto\">Dezembro foi tempo de consolidar regras de conviv\u00eancia, de vivenciar novas experi\u00eancias e de celebrar a magia do Natal. Ao longo das \u00faltimas semanas do ano, foram realizadas atividades diversas, com a participa\u00e7\u00e3o dos alunos da Escola de Segunda Oportunidade.<\/span><span data-ccp-props=\"{&quot;201341983&quot;:0,&quot;335551550&quot;:6,&quot;335551620&quot;:6,&quot;335559739&quot;:160,&quot;335559740&quot;:259}\">\u00a0<\/span><\/p>\n<p><span data-contrast=\"auto\">Numa Escola como a E2O Lisboa, e tendo em conta as caracter\u00edsticas e viv\u00eancias dos jovens, os comportamentos desafiantes s\u00e3o frequentes e exigem por parte da equipa o recurso a estrat\u00e9gias que os envolvam e responsabilizem na resolu\u00e7\u00e3o de problemas e conflitos. Neste \u00e2mbito, foram realizadas as primeiras assembleias de turma com o PIEF I e com o PIEF II, com a orienta\u00e7\u00e3o de cada uma das Diretoras de Turma, acompanhadas da t\u00e9cnica de interven\u00e7\u00e3o local e de um t\u00e9cnico da equipa IAC. Foi o momento de dar voz aos jovens, sobre as situa\u00e7\u00f5es do quotidiano escolar e sugest\u00f5es de melhoria, procurando promover a participa\u00e7\u00e3o e o debate e envolvendo-os na defini\u00e7\u00e3o de solu\u00e7\u00f5es para os problemas identificados, clarificando e refor\u00e7ando algumas das regras estabelecidas no in\u00edcio do ano. <\/span><span data-ccp-props=\"{&quot;201341983&quot;:0,&quot;335551550&quot;:6,&quot;335551620&quot;:6,&quot;335559739&quot;:160,&quot;335559740&quot;:259}\">\u00a0<\/span><\/p>\n<p><span data-contrast=\"auto\">No \u00e2mbito do projeto \u201cM\u00fasica e Tecnologia\u201d, os alunos beneficiaram da visita de um jovem DJ, finalista do curso de Servi\u00e7o Social, que se fez acompanhar da sua mesa de mistura e partilhou um pouco do seu testemunho de vida. Oriundo do mesmo bairro que alguns dos nossos alunos, falou do estigma que sentiu ao longo do seu percurso, das viv\u00eancias de bairro, das baixas expectativas que muitos adultos tinham em rela\u00e7\u00e3o ao seu futuro e das in\u00fameras barreiras que teve que ultrapassar. Falou do gosto que desenvolveu pela m\u00fasica, que se transformou em sonho, com a for\u00e7a mobilizadora que o fez encontrar o seu caminho e lutar pelos seus objetivos de vida. Cada jovem teve oportunidade de experimentar a mesa de mistura e de se surpreender com a magia do som e da tecnologia.<\/span><span data-ccp-props=\"{&quot;201341983&quot;:0,&quot;335551550&quot;:6,&quot;335551620&quot;:6,&quot;335559739&quot;:160,&quot;335559740&quot;:259}\">\u00a0<\/span><\/p>\n<p><span data-contrast=\"auto\">Com a aproxima\u00e7\u00e3o da \u00e9poca festiva, deu-se in\u00edcio \u00e0 prepara\u00e7\u00e3o das atividades de Natal. Foram realizados trabalhos propostos pelas diretoras de turma para a decora\u00e7\u00e3o das salas e do espa\u00e7o, uma \u00e1rvore de Natal gigante, um cartaz para que deixassem algumas mensagens, entre outras. No dia 16, \u00faltimo dia de aulas antes das f\u00e9rias, junt\u00e1mos alunos, professores e t\u00e9cnicos para o tradicional conv\u00edvio de Natal, em que os jovens viram um filme alusivo \u00e0 \u00e9poca e colaboraram na prepara\u00e7\u00e3o do almo\u00e7o &#8211; pizzas com decora\u00e7\u00f5es de Natal. J\u00e1 em tempo de f\u00e9rias letivas, os jovens foram ao Teatro no Parque Mayer ver a pe\u00e7a \u201c Shrek, o musical &#8220;e ao cinema Alval\u00e1xia ver o filme \u201cAvatar &#8211; o caminho da \u00e1gua\u201d.<\/span><span data-ccp-props=\"{&quot;201341983&quot;:0,&quot;335551550&quot;:6,&quot;335551620&quot;:6,&quot;335559739&quot;:160,&quot;335559740&quot;:259}\">\u00a0<\/span><\/p>\n<p><span data-contrast=\"auto\">Com votos de Boas Festas, marc\u00e1mos encontro para o novo ano, desejando que 2023 seja um ano de continua\u00e7\u00e3o de crescimento pessoal e de sucesso educativo para cada um dos jovens da nossa Escola.\u00a0<\/span><span data-ccp-props=\"{&quot;201341983&quot;:0,&quot;335551550&quot;:6,&quot;335551620&quot;:6,&quot;335559739&quot;:160,&quot;335559740&quot;:259}\">\u00a0<\/span><\/p>\n<p><img fetchpriority=\"high\" decoding=\"async\" class=\"alignnone wp-image-17003 size-full\" src=\"https:\/\/iacrianca.pt\/wp-content\/uploads\/segunda-2.png\" alt=\"\" width=\"628\" height=\"827\" srcset=\"https:\/\/iacrianca.pt\/wp-content\/uploads\/segunda-2.png 628w, https:\/\/iacrianca.pt\/wp-content\/uploads\/segunda-2-228x300.png 228w\" sizes=\"(max-width: 628px) 100vw, 628px\" \/> <img decoding=\"async\" class=\"alignnone wp-image-17005 size-full\" src=\"https:\/\/iacrianca.pt\/wp-content\/uploads\/segunda1.png\" alt=\"\" width=\"611\" height=\"836\" srcset=\"https:\/\/iacrianca.pt\/wp-content\/uploads\/segunda1.png 611w, https:\/\/iacrianca.pt\/wp-content\/uploads\/segunda1-219x300.png 219w\" sizes=\"(max-width: 611px) 100vw, 611px\" \/> <img decoding=\"async\" class=\"alignnone wp-image-17007 size-full\" src=\"https:\/\/iacrianca.pt\/wp-content\/uploads\/segunda2-1.png\" alt=\"\" width=\"632\" height=\"822\" srcset=\"https:\/\/iacrianca.pt\/wp-content\/uploads\/segunda2-1.png 632w, https:\/\/iacrianca.pt\/wp-content\/uploads\/segunda2-1-231x300.png 231w\" sizes=\"(max-width: 632px) 100vw, 632px\" \/><\/p>\n<p>&nbsp;<\/p>\n","protected":false},"excerpt":{"rendered":"<p>Dezembro foi tempo de consolidar regras de conviv\u00eancia, de vivenciar novas experi\u00eancias e de celebrar a magia do Natal. Ao longo das \u00faltimas semanas do ano, foram realizadas atividades diversas, com a participa\u00e7\u00e3o dos alunos da Escola de Segunda Oportunidade.\u00a0 Numa Escola como a E2O Lisboa, e tendo em conta as caracter\u00edsticas e viv\u00eancias dos&hellip;<\/p>\n","protected":false},"author":2,"featured_media":17009,"comment_status":"open","ping_status":"open","sticky":false,"template":"","format":"standard","meta":{"_acf_changed":false,"footnotes":""},"categories":[63],"tags":[],"class_list":["post-17002","post","type-post","status-publish","format-standard","has-post-thumbnail","hentry","category-newsletter","category-63","description-off"],"acf":[],"yoast_head":"<!-- This site is optimized with the Yoast SEO plugin v27.5 - https:\/\/yoast.com\/product\/yoast-seo-wordpress\/ -->\n<title>\u00c9 Natal na Escola de Segunda Oportunidade | Instituto de Apoio \u00e0 Crian\u00e7a<\/title>\n<meta name=\"robots\" content=\"index, follow, max-snippet:-1, max-image-preview:large, max-video-preview:-1\" \/>\n<link rel=\"canonical\" href=\"https:\/\/iacrianca.pt\/en\/2023\/01\/e-natal-na-escola-de-segunda-oportunidade\/\" \/>\n<meta property=\"og:locale\" content=\"en_US\" \/>\n<meta property=\"og:type\" content=\"article\" \/>\n<meta property=\"og:title\" content=\"\u00c9 Natal na Escola de Segunda Oportunidade | Instituto de Apoio \u00e0 Crian\u00e7a\" \/>\n<meta property=\"og:description\" content=\"Dezembro foi tempo de consolidar regras de conviv\u00eancia, de vivenciar novas experi\u00eancias e de celebrar a magia do Natal. Ao longo das \u00faltimas semanas do ano, foram realizadas atividades diversas, com a participa\u00e7\u00e3o dos alunos da Escola de Segunda Oportunidade.\u00a0 Numa Escola como a E2O Lisboa, e tendo em conta as caracter\u00edsticas e viv\u00eancias dos&hellip;\" \/>\n<meta property=\"og:url\" content=\"https:\/\/iacrianca.pt\/en\/2023\/01\/e-natal-na-escola-de-segunda-oportunidade\/\" \/>\n<meta property=\"og:site_name\" content=\"Instituto de Apoio \u00e0 Crian\u00e7a\" \/>\n<meta property=\"article:publisher\" content=\"https:\/\/www.facebook.com\/iacinstitutodeapoioacrianca\" \/>\n<meta property=\"article:published_time\" content=\"2023-01-03T15:31:22+00:00\" \/>\n<meta property=\"article:modified_time\" content=\"2023-01-11T11:42:57+00:00\" \/>\n<meta property=\"og:image\" content=\"https:\/\/iacrianca.pt\/wp-content\/uploads\/segunda3.png\" \/>\n\t<meta property=\"og:image:width\" content=\"622\" \/>\n\t<meta property=\"og:image:height\" content=\"827\" \/>\n\t<meta property=\"og:image:type\" content=\"image\/png\" \/>\n<meta name=\"author\" content=\"Administra\u00e7\u00e3o IAC\" \/>\n<meta name=\"twitter:card\" content=\"summary_large_image\" \/>\n<meta name=\"twitter:creator\" content=\"@iacapoiocrianca\" \/>\n<meta name=\"twitter:site\" content=\"@iacapoiocrianca\" \/>\n<meta name=\"twitter:label1\" content=\"Written by\" \/>\n\t<meta name=\"twitter:data1\" content=\"Administra\u00e7\u00e3o IAC\" \/>\n\t<meta name=\"twitter:label2\" content=\"Est. reading time\" \/>\n\t<meta name=\"twitter:data2\" content=\"4 minutes\" \/>\n<script type=\"application\/ld+json\" class=\"yoast-schema-graph\">{\"@context\":\"https:\\\/\\\/schema.org\",\"@graph\":[{\"@type\":\"Article\",\"@id\":\"https:\\\/\\\/iacrianca.pt\\\/en\\\/2023\\\/01\\\/e-natal-na-escola-de-segunda-oportunidade\\\/#article\",\"isPartOf\":{\"@id\":\"https:\\\/\\\/iacrianca.pt\\\/en\\\/2023\\\/01\\\/e-natal-na-escola-de-segunda-oportunidade\\\/\"},\"author\":{\"name\":\"Administra\u00e7\u00e3o IAC\",\"@id\":\"https:\\\/\\\/iacrianca.pt\\\/en\\\/#\\\/schema\\\/person\\\/1c48c6e4b70d0dc7360e4b28ceaa5f6b\"},\"headline\":\"\u00c9 Natal na Escola de Segunda Oportunidade\",\"datePublished\":\"2023-01-03T15:31:22+00:00\",\"dateModified\":\"2023-01-11T11:42:57+00:00\",\"mainEntityOfPage\":{\"@id\":\"https:\\\/\\\/iacrianca.pt\\\/en\\\/2023\\\/01\\\/e-natal-na-escola-de-segunda-oportunidade\\\/\"},\"wordCount\":505,\"commentCount\":0,\"publisher\":{\"@id\":\"https:\\\/\\\/iacrianca.pt\\\/en\\\/#organization\"},\"image\":{\"@id\":\"https:\\\/\\\/iacrianca.pt\\\/en\\\/2023\\\/01\\\/e-natal-na-escola-de-segunda-oportunidade\\\/#primaryimage\"},\"thumbnailUrl\":\"https:\\\/\\\/iacrianca.pt\\\/wp-content\\\/uploads\\\/segunda3.png\",\"articleSection\":[\"Newsletter\"],\"inLanguage\":\"en-US\",\"potentialAction\":[{\"@type\":\"CommentAction\",\"name\":\"Comment\",\"target\":[\"https:\\\/\\\/iacrianca.pt\\\/en\\\/2023\\\/01\\\/e-natal-na-escola-de-segunda-oportunidade\\\/#respond\"]}]},{\"@type\":\"WebPage\",\"@id\":\"https:\\\/\\\/iacrianca.pt\\\/en\\\/2023\\\/01\\\/e-natal-na-escola-de-segunda-oportunidade\\\/\",\"url\":\"https:\\\/\\\/iacrianca.pt\\\/en\\\/2023\\\/01\\\/e-natal-na-escola-de-segunda-oportunidade\\\/\",\"name\":\"\u00c9 Natal na Escola de Segunda Oportunidade | Instituto de Apoio \u00e0 Crian\u00e7a\",\"isPartOf\":{\"@id\":\"https:\\\/\\\/iacrianca.pt\\\/en\\\/#website\"},\"primaryImageOfPage\":{\"@id\":\"https:\\\/\\\/iacrianca.pt\\\/en\\\/2023\\\/01\\\/e-natal-na-escola-de-segunda-oportunidade\\\/#primaryimage\"},\"image\":{\"@id\":\"https:\\\/\\\/iacrianca.pt\\\/en\\\/2023\\\/01\\\/e-natal-na-escola-de-segunda-oportunidade\\\/#primaryimage\"},\"thumbnailUrl\":\"https:\\\/\\\/iacrianca.pt\\\/wp-content\\\/uploads\\\/segunda3.png\",\"datePublished\":\"2023-01-03T15:31:22+00:00\",\"dateModified\":\"2023-01-11T11:42:57+00:00\",\"breadcrumb\":{\"@id\":\"https:\\\/\\\/iacrianca.pt\\\/en\\\/2023\\\/01\\\/e-natal-na-escola-de-segunda-oportunidade\\\/#breadcrumb\"},\"inLanguage\":\"en-US\",\"potentialAction\":[{\"@type\":\"ReadAction\",\"target\":[\"https:\\\/\\\/iacrianca.pt\\\/en\\\/2023\\\/01\\\/e-natal-na-escola-de-segunda-oportunidade\\\/\"]}]},{\"@type\":\"ImageObject\",\"inLanguage\":\"en-US\",\"@id\":\"https:\\\/\\\/iacrianca.pt\\\/en\\\/2023\\\/01\\\/e-natal-na-escola-de-segunda-oportunidade\\\/#primaryimage\",\"url\":\"https:\\\/\\\/iacrianca.pt\\\/wp-content\\\/uploads\\\/segunda3.png\",\"contentUrl\":\"https:\\\/\\\/iacrianca.pt\\\/wp-content\\\/uploads\\\/segunda3.png\",\"width\":622,\"height\":827},{\"@type\":\"BreadcrumbList\",\"@id\":\"https:\\\/\\\/iacrianca.pt\\\/en\\\/2023\\\/01\\\/e-natal-na-escola-de-segunda-oportunidade\\\/#breadcrumb\",\"itemListElement\":[{\"@type\":\"ListItem\",\"position\":1,\"name\":\"In\u00edcio\",\"item\":\"https:\\\/\\\/iacrianca.pt\\\/en\\\/\"},{\"@type\":\"ListItem\",\"position\":2,\"name\":\"\u00c9 Natal na Escola de Segunda Oportunidade\"}]},{\"@type\":\"WebSite\",\"@id\":\"https:\\\/\\\/iacrianca.pt\\\/en\\\/#website\",\"url\":\"https:\\\/\\\/iacrianca.pt\\\/en\\\/\",\"name\":\"Instituto de Apoio \u00e0 Crian\u00e7a\",\"description\":\"Desde 1983 na defesa e promo\u00e7\u00e3o dos direitos da crian\u00e7a\",\"publisher\":{\"@id\":\"https:\\\/\\\/iacrianca.pt\\\/en\\\/#organization\"},\"potentialAction\":[{\"@type\":\"SearchAction\",\"target\":{\"@type\":\"EntryPoint\",\"urlTemplate\":\"https:\\\/\\\/iacrianca.pt\\\/en\\\/?s={search_term_string}\"},\"query-input\":{\"@type\":\"PropertyValueSpecification\",\"valueRequired\":true,\"valueName\":\"search_term_string\"}}],\"inLanguage\":\"en-US\"},{\"@type\":\"Organization\",\"@id\":\"https:\\\/\\\/iacrianca.pt\\\/en\\\/#organization\",\"name\":\"Instituto de Apoio \u00e0 Crian\u00e7a\",\"url\":\"https:\\\/\\\/iacrianca.pt\\\/en\\\/\",\"logo\":{\"@type\":\"ImageObject\",\"inLanguage\":\"en-US\",\"@id\":\"https:\\\/\\\/iacrianca.pt\\\/en\\\/#\\\/schema\\\/logo\\\/image\\\/\",\"url\":\"https:\\\/\\\/iacrianca.pt\\\/wp-content\\\/uploads\\\/2020\\\/04\\\/logo-iac-SD.jpg\",\"contentUrl\":\"https:\\\/\\\/iacrianca.pt\\\/wp-content\\\/uploads\\\/2020\\\/04\\\/logo-iac-SD.jpg\",\"width\":152,\"height\":73,\"caption\":\"Instituto de Apoio \u00e0 Crian\u00e7a\"},\"image\":{\"@id\":\"https:\\\/\\\/iacrianca.pt\\\/en\\\/#\\\/schema\\\/logo\\\/image\\\/\"},\"sameAs\":[\"https:\\\/\\\/www.facebook.com\\\/iacinstitutodeapoioacrianca\",\"https:\\\/\\\/x.com\\\/iacapoiocrianca\",\"https:\\\/\\\/www.youtube.com\\\/channel\\\/UC0jjfZ_xkN_59gJf_RQ-ZnQ\",\"https:\\\/\\\/www.linkedin.com\\\/company\\\/instituto-de-apoio--criana\\\/\",\"https:\\\/\\\/www.instagram.com\\\/iacinstitutodeapoioacrianca\\\/\",\"https:\\\/\\\/criancasatortoeadireitos.wordpress.com\\\/\"]},{\"@type\":\"Person\",\"@id\":\"https:\\\/\\\/iacrianca.pt\\\/en\\\/#\\\/schema\\\/person\\\/1c48c6e4b70d0dc7360e4b28ceaa5f6b\",\"name\":\"Administra\u00e7\u00e3o IAC\",\"image\":{\"@type\":\"ImageObject\",\"inLanguage\":\"en-US\",\"@id\":\"https:\\\/\\\/secure.gravatar.com\\\/avatar\\\/60b998c71de37dcc1398fc6d48c6b5ed7533e3ceec837c948055f072e3158ff1?s=96&d=mm&r=g\",\"url\":\"https:\\\/\\\/secure.gravatar.com\\\/avatar\\\/60b998c71de37dcc1398fc6d48c6b5ed7533e3ceec837c948055f072e3158ff1?s=96&d=mm&r=g\",\"contentUrl\":\"https:\\\/\\\/secure.gravatar.com\\\/avatar\\\/60b998c71de37dcc1398fc6d48c6b5ed7533e3ceec837c948055f072e3158ff1?s=96&d=mm&r=g\",\"caption\":\"Administra\u00e7\u00e3o IAC\"}}]}<\/script>\n<!-- \/ Yoast SEO plugin. -->","yoast_head_json":{"title":"\u00c9 Natal na Escola de Segunda Oportunidade | Instituto de Apoio \u00e0 Crian\u00e7a","robots":{"index":"index","follow":"follow","max-snippet":"max-snippet:-1","max-image-preview":"max-image-preview:large","max-video-preview":"max-video-preview:-1"},"canonical":"https:\/\/iacrianca.pt\/en\/2023\/01\/e-natal-na-escola-de-segunda-oportunidade\/","og_locale":"en_US","og_type":"article","og_title":"\u00c9 Natal na Escola de Segunda Oportunidade | Instituto de Apoio \u00e0 Crian\u00e7a","og_description":"Dezembro foi tempo de consolidar regras de conviv\u00eancia, de vivenciar novas experi\u00eancias e de celebrar a magia do Natal. Ao longo das \u00faltimas semanas do ano, foram realizadas atividades diversas, com a participa\u00e7\u00e3o dos alunos da Escola de Segunda Oportunidade.\u00a0 Numa Escola como a E2O Lisboa, e tendo em conta as caracter\u00edsticas e viv\u00eancias dos&hellip;","og_url":"https:\/\/iacrianca.pt\/en\/2023\/01\/e-natal-na-escola-de-segunda-oportunidade\/","og_site_name":"Instituto de Apoio \u00e0 Crian\u00e7a","article_publisher":"https:\/\/www.facebook.com\/iacinstitutodeapoioacrianca","article_published_time":"2023-01-03T15:31:22+00:00","article_modified_time":"2023-01-11T11:42:57+00:00","og_image":[{"width":622,"height":827,"url":"https:\/\/iacrianca.pt\/wp-content\/uploads\/segunda3.png","type":"image\/png"}],"author":"Administra\u00e7\u00e3o IAC","twitter_card":"summary_large_image","twitter_creator":"@iacapoiocrianca","twitter_site":"@iacapoiocrianca","twitter_misc":{"Written by":"Administra\u00e7\u00e3o IAC","Est. reading time":"4 minutes"},"schema":{"@context":"https:\/\/schema.org","@graph":[{"@type":"Article","@id":"https:\/\/iacrianca.pt\/en\/2023\/01\/e-natal-na-escola-de-segunda-oportunidade\/#article","isPartOf":{"@id":"https:\/\/iacrianca.pt\/en\/2023\/01\/e-natal-na-escola-de-segunda-oportunidade\/"},"author":{"name":"Administra\u00e7\u00e3o IAC","@id":"https:\/\/iacrianca.pt\/en\/#\/schema\/person\/1c48c6e4b70d0dc7360e4b28ceaa5f6b"},"headline":"\u00c9 Natal na Escola de Segunda Oportunidade","datePublished":"2023-01-03T15:31:22+00:00","dateModified":"2023-01-11T11:42:57+00:00","mainEntityOfPage":{"@id":"https:\/\/iacrianca.pt\/en\/2023\/01\/e-natal-na-escola-de-segunda-oportunidade\/"},"wordCount":505,"commentCount":0,"publisher":{"@id":"https:\/\/iacrianca.pt\/en\/#organization"},"image":{"@id":"https:\/\/iacrianca.pt\/en\/2023\/01\/e-natal-na-escola-de-segunda-oportunidade\/#primaryimage"},"thumbnailUrl":"https:\/\/iacrianca.pt\/wp-content\/uploads\/segunda3.png","articleSection":["Newsletter"],"inLanguage":"en-US","potentialAction":[{"@type":"CommentAction","name":"Comment","target":["https:\/\/iacrianca.pt\/en\/2023\/01\/e-natal-na-escola-de-segunda-oportunidade\/#respond"]}]},{"@type":"WebPage","@id":"https:\/\/iacrianca.pt\/en\/2023\/01\/e-natal-na-escola-de-segunda-oportunidade\/","url":"https:\/\/iacrianca.pt\/en\/2023\/01\/e-natal-na-escola-de-segunda-oportunidade\/","name":"\u00c9 Natal na Escola de Segunda Oportunidade | Instituto de Apoio \u00e0 Crian\u00e7a","isPartOf":{"@id":"https:\/\/iacrianca.pt\/en\/#website"},"primaryImageOfPage":{"@id":"https:\/\/iacrianca.pt\/en\/2023\/01\/e-natal-na-escola-de-segunda-oportunidade\/#primaryimage"},"image":{"@id":"https:\/\/iacrianca.pt\/en\/2023\/01\/e-natal-na-escola-de-segunda-oportunidade\/#primaryimage"},"thumbnailUrl":"https:\/\/iacrianca.pt\/wp-content\/uploads\/segunda3.png","datePublished":"2023-01-03T15:31:22+00:00","dateModified":"2023-01-11T11:42:57+00:00","breadcrumb":{"@id":"https:\/\/iacrianca.pt\/en\/2023\/01\/e-natal-na-escola-de-segunda-oportunidade\/#breadcrumb"},"inLanguage":"en-US","potentialAction":[{"@type":"ReadAction","target":["https:\/\/iacrianca.pt\/en\/2023\/01\/e-natal-na-escola-de-segunda-oportunidade\/"]}]},{"@type":"ImageObject","inLanguage":"en-US","@id":"https:\/\/iacrianca.pt\/en\/2023\/01\/e-natal-na-escola-de-segunda-oportunidade\/#primaryimage","url":"https:\/\/iacrianca.pt\/wp-content\/uploads\/segunda3.png","contentUrl":"https:\/\/iacrianca.pt\/wp-content\/uploads\/segunda3.png","width":622,"height":827},{"@type":"BreadcrumbList","@id":"https:\/\/iacrianca.pt\/en\/2023\/01\/e-natal-na-escola-de-segunda-oportunidade\/#breadcrumb","itemListElement":[{"@type":"ListItem","position":1,"name":"In\u00edcio","item":"https:\/\/iacrianca.pt\/en\/"},{"@type":"ListItem","position":2,"name":"\u00c9 Natal na Escola de Segunda Oportunidade"}]},{"@type":"WebSite","@id":"https:\/\/iacrianca.pt\/en\/#website","url":"https:\/\/iacrianca.pt\/en\/","name":"Instituto de Apoio \u00e0 Crian\u00e7a","description":"Desde 1983 na defesa e promo\u00e7\u00e3o dos direitos da crian\u00e7a","publisher":{"@id":"https:\/\/iacrianca.pt\/en\/#organization"},"potentialAction":[{"@type":"SearchAction","target":{"@type":"EntryPoint","urlTemplate":"https:\/\/iacrianca.pt\/en\/?s={search_term_string}"},"query-input":{"@type":"PropertyValueSpecification","valueRequired":true,"valueName":"search_term_string"}}],"inLanguage":"en-US"},{"@type":"Organization","@id":"https:\/\/iacrianca.pt\/en\/#organization","name":"Instituto de Apoio \u00e0 Crian\u00e7a","url":"https:\/\/iacrianca.pt\/en\/","logo":{"@type":"ImageObject","inLanguage":"en-US","@id":"https:\/\/iacrianca.pt\/en\/#\/schema\/logo\/image\/","url":"https:\/\/iacrianca.pt\/wp-content\/uploads\/2020\/04\/logo-iac-SD.jpg","contentUrl":"https:\/\/iacrianca.pt\/wp-content\/uploads\/2020\/04\/logo-iac-SD.jpg","width":152,"height":73,"caption":"Instituto de Apoio \u00e0 Crian\u00e7a"},"image":{"@id":"https:\/\/iacrianca.pt\/en\/#\/schema\/logo\/image\/"},"sameAs":["https:\/\/www.facebook.com\/iacinstitutodeapoioacrianca","https:\/\/x.com\/iacapoiocrianca","https:\/\/www.youtube.com\/channel\/UC0jjfZ_xkN_59gJf_RQ-ZnQ","https:\/\/www.linkedin.com\/company\/instituto-de-apoio--criana\/","https:\/\/www.instagram.com\/iacinstitutodeapoioacrianca\/","https:\/\/criancasatortoeadireitos.wordpress.com\/"]},{"@type":"Person","@id":"https:\/\/iacrianca.pt\/en\/#\/schema\/person\/1c48c6e4b70d0dc7360e4b28ceaa5f6b","name":"Administra\u00e7\u00e3o IAC","image":{"@type":"ImageObject","inLanguage":"en-US","@id":"https:\/\/secure.gravatar.com\/avatar\/60b998c71de37dcc1398fc6d48c6b5ed7533e3ceec837c948055f072e3158ff1?s=96&d=mm&r=g","url":"https:\/\/secure.gravatar.com\/avatar\/60b998c71de37dcc1398fc6d48c6b5ed7533e3ceec837c948055f072e3158ff1?s=96&d=mm&r=g","contentUrl":"https:\/\/secure.gravatar.com\/avatar\/60b998c71de37dcc1398fc6d48c6b5ed7533e3ceec837c948055f072e3158ff1?s=96&d=mm&r=g","caption":"Administra\u00e7\u00e3o IAC"}}]}},"_links":{"self":[{"href":"https:\/\/iacrianca.pt\/en\/wp-json\/wp\/v2\/posts\/17002","targetHints":{"allow":["GET"]}}],"collection":[{"href":"https:\/\/iacrianca.pt\/en\/wp-json\/wp\/v2\/posts"}],"about":[{"href":"https:\/\/iacrianca.pt\/en\/wp-json\/wp\/v2\/types\/post"}],"author":[{"embeddable":true,"href":"https:\/\/iacrianca.pt\/en\/wp-json\/wp\/v2\/users\/2"}],"replies":[{"embeddable":true,"href":"https:\/\/iacrianca.pt\/en\/wp-json\/wp\/v2\/comments?post=17002"}],"version-history":[{"count":0,"href":"https:\/\/iacrianca.pt\/en\/wp-json\/wp\/v2\/posts\/17002\/revisions"}],"wp:featuredmedia":[{"embeddable":true,"href":"https:\/\/iacrianca.pt\/en\/wp-json\/wp\/v2\/media\/17009"}],"wp:attachment":[{"href":"https:\/\/iacrianca.pt\/en\/wp-json\/wp\/v2\/media?parent=17002"}],"wp:term":[{"taxonomy":"category","embeddable":true,"href":"https:\/\/iacrianca.pt\/en\/wp-json\/wp\/v2\/categories?post=17002"},{"taxonomy":"post_tag","embeddable":true,"href":"https:\/\/iacrianca.pt\/en\/wp-json\/wp\/v2\/tags?post=17002"}],"curies":[{"name":"wp","href":"https:\/\/api.w.org\/{rel}","templated":true}]}}