{"id":17177,"date":"2023-01-31T11:13:52","date_gmt":"2023-01-31T11:13:52","guid":{"rendered":"https:\/\/iacrianca.pt\/?p=17177"},"modified":"2023-02-07T15:16:54","modified_gmt":"2023-02-07T15:16:54","slug":"livro-pop-up-nos-as-criancas-temos-direitos","status":"publish","type":"post","link":"https:\/\/iacrianca.pt\/en\/2023\/01\/livro-pop-up-nos-as-criancas-temos-direitos\/","title":{"rendered":"Livro Pop Up \u201cn\u00f3s, as crian\u00e7as\u2026 temos direitos\u201d"},"content":{"rendered":"<p><span data-contrast=\"auto\">O livro Pop Up do IAC e da APEI <a href=\"https:\/\/iacrianca.pt\/livro-pop-up-nos-as-criancas-temos-direitos\/\">\u201cn\u00f3s, as crian\u00e7as\u2026 temos direitos<\/a>\u201d foi dar-se a conhecer \u00e0s crian\u00e7as dos 5 anos da Escola B\u00e1sica Pedro de Santar\u00e9m.<\/span><span data-ccp-props=\"{&quot;201341983&quot;:0,&quot;335551550&quot;:6,&quot;335551620&quot;:6,&quot;335559739&quot;:160,&quot;335559740&quot;:256}\">\u00a0<\/span><\/p>\n<p><span data-contrast=\"auto\">O Setor da Humaniza\u00e7\u00e3o esteve na manh\u00e3 do dia 12 de janeiro a explorar e dinamizar este livro m\u00e1gico. Uma viagem \u00e0 descoberta dos Direitos das Crian\u00e7as, \u00e0 luz da Conven\u00e7\u00e3o sobre os Direitos das Crian\u00e7as, mas tamb\u00e9m com recurso \u00e0 enorme criatividade das crian\u00e7as, atrav\u00e9s das quais pudemos descobrir os direitos mais importantes para elas e de que forma eles estavam representados nas fant\u00e1sticas criaturas do nosso livro. Foi muito divertido e sobretudo muito enriquecedor para todos, crian\u00e7as e adultos!<\/span><span data-ccp-props=\"{&quot;201341983&quot;:0,&quot;335551550&quot;:6,&quot;335551620&quot;:6,&quot;335559739&quot;:160,&quot;335559740&quot;:256}\">\u00a0<\/span><\/p>\n<p><span data-contrast=\"auto\">A escola j\u00e1 tinha adquirido o livro e as crian\u00e7as j\u00e1 o conheciam, mas esta nova viagem ao mundo dos Direitos pelas m\u00e3os de t\u00e9cnicas do IAC foi uma nova descoberta!\u00a0<\/span><span data-ccp-props=\"{&quot;201341983&quot;:0,&quot;335551550&quot;:6,&quot;335551620&quot;:6,&quot;335559739&quot;:160,&quot;335559740&quot;:256}\">\u00a0<\/span><\/p>\n<p><span data-contrast=\"auto\">No fim da explora\u00e7\u00e3o do livro todos tiveram a oportunidade de fazer o seu Cart\u00e3o de Cidad\u00e3o com o nome, a idade e o autorretrato.<\/span><span data-ccp-props=\"{&quot;201341983&quot;:0,&quot;335551550&quot;:6,&quot;335551620&quot;:6,&quot;335559739&quot;:160,&quot;335559740&quot;:256}\">\u00a0<\/span><\/p>\n","protected":false},"excerpt":{"rendered":"<p>O livro Pop Up do IAC e da APEI \u201cn\u00f3s, as crian\u00e7as\u2026 temos direitos\u201d foi dar-se a conhecer \u00e0s crian\u00e7as dos 5 anos da Escola B\u00e1sica Pedro de Santar\u00e9m.\u00a0 O Setor da Humaniza\u00e7\u00e3o esteve na manh\u00e3 do dia 12 de janeiro a explorar e dinamizar este livro m\u00e1gico. Uma viagem \u00e0 descoberta dos Direitos das&hellip;<\/p>\n","protected":false},"author":2,"featured_media":17277,"comment_status":"open","ping_status":"open","sticky":false,"template":"","format":"standard","meta":{"_acf_changed":false,"footnotes":""},"categories":[63],"tags":[],"class_list":["post-17177","post","type-post","status-publish","format-standard","has-post-thumbnail","hentry","category-newsletter","category-63","description-off"],"acf":[],"yoast_head":"<!-- This site is optimized with the Yoast SEO plugin v27.5 - https:\/\/yoast.com\/product\/yoast-seo-wordpress\/ -->\n<title>Livro Pop Up \u201cn\u00f3s, as crian\u00e7as\u2026 temos direitos\u201d | Instituto de Apoio \u00e0 Crian\u00e7a<\/title>\n<meta name=\"robots\" content=\"index, follow, max-snippet:-1, max-image-preview:large, max-video-preview:-1\" \/>\n<link rel=\"canonical\" href=\"https:\/\/iacrianca.pt\/en\/2023\/01\/livro-pop-up-nos-as-criancas-temos-direitos\/\" \/>\n<meta property=\"og:locale\" content=\"en_US\" \/>\n<meta property=\"og:type\" content=\"article\" \/>\n<meta property=\"og:title\" content=\"Livro Pop Up \u201cn\u00f3s, as crian\u00e7as\u2026 temos direitos\u201d | Instituto de Apoio \u00e0 Crian\u00e7a\" \/>\n<meta property=\"og:description\" content=\"O livro Pop Up do IAC e da APEI \u201cn\u00f3s, as crian\u00e7as\u2026 temos direitos\u201d foi dar-se a conhecer \u00e0s crian\u00e7as dos 5 anos da Escola B\u00e1sica Pedro de Santar\u00e9m.\u00a0 O Setor da Humaniza\u00e7\u00e3o esteve na manh\u00e3 do dia 12 de janeiro a explorar e dinamizar este livro m\u00e1gico. Uma viagem \u00e0 descoberta dos Direitos das&hellip;\" \/>\n<meta property=\"og:url\" content=\"https:\/\/iacrianca.pt\/en\/2023\/01\/livro-pop-up-nos-as-criancas-temos-direitos\/\" \/>\n<meta property=\"og:site_name\" content=\"Instituto de Apoio \u00e0 Crian\u00e7a\" \/>\n<meta property=\"article:publisher\" content=\"https:\/\/www.facebook.com\/iacinstitutodeapoioacrianca\" \/>\n<meta property=\"article:published_time\" content=\"2023-01-31T11:13:52+00:00\" \/>\n<meta property=\"article:modified_time\" content=\"2023-02-07T15:16:54+00:00\" \/>\n<meta property=\"og:image\" content=\"https:\/\/iacrianca.pt\/wp-content\/uploads\/thumbnail-livro-pop-up-pnl-editado.png\" \/>\n\t<meta property=\"og:image:width\" content=\"896\" \/>\n\t<meta property=\"og:image:height\" content=\"1215\" \/>\n\t<meta property=\"og:image:type\" content=\"image\/png\" \/>\n<meta name=\"author\" content=\"Administra\u00e7\u00e3o IAC\" \/>\n<meta name=\"twitter:card\" content=\"summary_large_image\" \/>\n<meta name=\"twitter:creator\" content=\"@iacapoiocrianca\" \/>\n<meta name=\"twitter:site\" content=\"@iacapoiocrianca\" \/>\n<meta name=\"twitter:label1\" content=\"Written by\" \/>\n\t<meta name=\"twitter:data1\" content=\"Administra\u00e7\u00e3o IAC\" \/>\n\t<meta name=\"twitter:label2\" content=\"Est. reading time\" \/>\n\t<meta name=\"twitter:data2\" content=\"1 minute\" \/>\n<script type=\"application\/ld+json\" class=\"yoast-schema-graph\">{\"@context\":\"https:\\\/\\\/schema.org\",\"@graph\":[{\"@type\":\"Article\",\"@id\":\"https:\\\/\\\/iacrianca.pt\\\/en\\\/2023\\\/01\\\/livro-pop-up-nos-as-criancas-temos-direitos\\\/#article\",\"isPartOf\":{\"@id\":\"https:\\\/\\\/iacrianca.pt\\\/en\\\/2023\\\/01\\\/livro-pop-up-nos-as-criancas-temos-direitos\\\/\"},\"author\":{\"name\":\"Administra\u00e7\u00e3o IAC\",\"@id\":\"https:\\\/\\\/iacrianca.pt\\\/en\\\/#\\\/schema\\\/person\\\/1c48c6e4b70d0dc7360e4b28ceaa5f6b\"},\"headline\":\"Livro Pop Up \u201cn\u00f3s, as crian\u00e7as\u2026 temos direitos\u201d\",\"datePublished\":\"2023-01-31T11:13:52+00:00\",\"dateModified\":\"2023-02-07T15:16:54+00:00\",\"mainEntityOfPage\":{\"@id\":\"https:\\\/\\\/iacrianca.pt\\\/en\\\/2023\\\/01\\\/livro-pop-up-nos-as-criancas-temos-direitos\\\/\"},\"wordCount\":192,\"commentCount\":0,\"publisher\":{\"@id\":\"https:\\\/\\\/iacrianca.pt\\\/en\\\/#organization\"},\"image\":{\"@id\":\"https:\\\/\\\/iacrianca.pt\\\/en\\\/2023\\\/01\\\/livro-pop-up-nos-as-criancas-temos-direitos\\\/#primaryimage\"},\"thumbnailUrl\":\"https:\\\/\\\/iacrianca.pt\\\/wp-content\\\/uploads\\\/thumbnail-livro-pop-up-pnl-editado.png\",\"articleSection\":[\"Newsletter\"],\"inLanguage\":\"en-US\",\"potentialAction\":[{\"@type\":\"CommentAction\",\"name\":\"Comment\",\"target\":[\"https:\\\/\\\/iacrianca.pt\\\/en\\\/2023\\\/01\\\/livro-pop-up-nos-as-criancas-temos-direitos\\\/#respond\"]}]},{\"@type\":\"WebPage\",\"@id\":\"https:\\\/\\\/iacrianca.pt\\\/en\\\/2023\\\/01\\\/livro-pop-up-nos-as-criancas-temos-direitos\\\/\",\"url\":\"https:\\\/\\\/iacrianca.pt\\\/en\\\/2023\\\/01\\\/livro-pop-up-nos-as-criancas-temos-direitos\\\/\",\"name\":\"Livro Pop Up \u201cn\u00f3s, as crian\u00e7as\u2026 temos direitos\u201d | Instituto de Apoio \u00e0 Crian\u00e7a\",\"isPartOf\":{\"@id\":\"https:\\\/\\\/iacrianca.pt\\\/en\\\/#website\"},\"primaryImageOfPage\":{\"@id\":\"https:\\\/\\\/iacrianca.pt\\\/en\\\/2023\\\/01\\\/livro-pop-up-nos-as-criancas-temos-direitos\\\/#primaryimage\"},\"image\":{\"@id\":\"https:\\\/\\\/iacrianca.pt\\\/en\\\/2023\\\/01\\\/livro-pop-up-nos-as-criancas-temos-direitos\\\/#primaryimage\"},\"thumbnailUrl\":\"https:\\\/\\\/iacrianca.pt\\\/wp-content\\\/uploads\\\/thumbnail-livro-pop-up-pnl-editado.png\",\"datePublished\":\"2023-01-31T11:13:52+00:00\",\"dateModified\":\"2023-02-07T15:16:54+00:00\",\"breadcrumb\":{\"@id\":\"https:\\\/\\\/iacrianca.pt\\\/en\\\/2023\\\/01\\\/livro-pop-up-nos-as-criancas-temos-direitos\\\/#breadcrumb\"},\"inLanguage\":\"en-US\",\"potentialAction\":[{\"@type\":\"ReadAction\",\"target\":[\"https:\\\/\\\/iacrianca.pt\\\/en\\\/2023\\\/01\\\/livro-pop-up-nos-as-criancas-temos-direitos\\\/\"]}]},{\"@type\":\"ImageObject\",\"inLanguage\":\"en-US\",\"@id\":\"https:\\\/\\\/iacrianca.pt\\\/en\\\/2023\\\/01\\\/livro-pop-up-nos-as-criancas-temos-direitos\\\/#primaryimage\",\"url\":\"https:\\\/\\\/iacrianca.pt\\\/wp-content\\\/uploads\\\/thumbnail-livro-pop-up-pnl-editado.png\",\"contentUrl\":\"https:\\\/\\\/iacrianca.pt\\\/wp-content\\\/uploads\\\/thumbnail-livro-pop-up-pnl-editado.png\",\"width\":896,\"height\":1215},{\"@type\":\"BreadcrumbList\",\"@id\":\"https:\\\/\\\/iacrianca.pt\\\/en\\\/2023\\\/01\\\/livro-pop-up-nos-as-criancas-temos-direitos\\\/#breadcrumb\",\"itemListElement\":[{\"@type\":\"ListItem\",\"position\":1,\"name\":\"In\u00edcio\",\"item\":\"https:\\\/\\\/iacrianca.pt\\\/en\\\/\"},{\"@type\":\"ListItem\",\"position\":2,\"name\":\"Livro Pop Up \u201cn\u00f3s, as crian\u00e7as\u2026 temos direitos\u201d\"}]},{\"@type\":\"WebSite\",\"@id\":\"https:\\\/\\\/iacrianca.pt\\\/en\\\/#website\",\"url\":\"https:\\\/\\\/iacrianca.pt\\\/en\\\/\",\"name\":\"Instituto de Apoio \u00e0 Crian\u00e7a\",\"description\":\"Desde 1983 na defesa e promo\u00e7\u00e3o dos direitos da crian\u00e7a\",\"publisher\":{\"@id\":\"https:\\\/\\\/iacrianca.pt\\\/en\\\/#organization\"},\"potentialAction\":[{\"@type\":\"SearchAction\",\"target\":{\"@type\":\"EntryPoint\",\"urlTemplate\":\"https:\\\/\\\/iacrianca.pt\\\/en\\\/?s={search_term_string}\"},\"query-input\":{\"@type\":\"PropertyValueSpecification\",\"valueRequired\":true,\"valueName\":\"search_term_string\"}}],\"inLanguage\":\"en-US\"},{\"@type\":\"Organization\",\"@id\":\"https:\\\/\\\/iacrianca.pt\\\/en\\\/#organization\",\"name\":\"Instituto de Apoio \u00e0 Crian\u00e7a\",\"url\":\"https:\\\/\\\/iacrianca.pt\\\/en\\\/\",\"logo\":{\"@type\":\"ImageObject\",\"inLanguage\":\"en-US\",\"@id\":\"https:\\\/\\\/iacrianca.pt\\\/en\\\/#\\\/schema\\\/logo\\\/image\\\/\",\"url\":\"https:\\\/\\\/iacrianca.pt\\\/wp-content\\\/uploads\\\/2020\\\/04\\\/logo-iac-SD.jpg\",\"contentUrl\":\"https:\\\/\\\/iacrianca.pt\\\/wp-content\\\/uploads\\\/2020\\\/04\\\/logo-iac-SD.jpg\",\"width\":152,\"height\":73,\"caption\":\"Instituto de Apoio \u00e0 Crian\u00e7a\"},\"image\":{\"@id\":\"https:\\\/\\\/iacrianca.pt\\\/en\\\/#\\\/schema\\\/logo\\\/image\\\/\"},\"sameAs\":[\"https:\\\/\\\/www.facebook.com\\\/iacinstitutodeapoioacrianca\",\"https:\\\/\\\/x.com\\\/iacapoiocrianca\",\"https:\\\/\\\/www.youtube.com\\\/channel\\\/UC0jjfZ_xkN_59gJf_RQ-ZnQ\",\"https:\\\/\\\/www.linkedin.com\\\/company\\\/instituto-de-apoio--criana\\\/\",\"https:\\\/\\\/www.instagram.com\\\/iacinstitutodeapoioacrianca\\\/\",\"https:\\\/\\\/criancasatortoeadireitos.wordpress.com\\\/\"]},{\"@type\":\"Person\",\"@id\":\"https:\\\/\\\/iacrianca.pt\\\/en\\\/#\\\/schema\\\/person\\\/1c48c6e4b70d0dc7360e4b28ceaa5f6b\",\"name\":\"Administra\u00e7\u00e3o IAC\",\"image\":{\"@type\":\"ImageObject\",\"inLanguage\":\"en-US\",\"@id\":\"https:\\\/\\\/secure.gravatar.com\\\/avatar\\\/60b998c71de37dcc1398fc6d48c6b5ed7533e3ceec837c948055f072e3158ff1?s=96&d=mm&r=g\",\"url\":\"https:\\\/\\\/secure.gravatar.com\\\/avatar\\\/60b998c71de37dcc1398fc6d48c6b5ed7533e3ceec837c948055f072e3158ff1?s=96&d=mm&r=g\",\"contentUrl\":\"https:\\\/\\\/secure.gravatar.com\\\/avatar\\\/60b998c71de37dcc1398fc6d48c6b5ed7533e3ceec837c948055f072e3158ff1?s=96&d=mm&r=g\",\"caption\":\"Administra\u00e7\u00e3o IAC\"}}]}<\/script>\n<!-- \/ Yoast SEO plugin. -->","yoast_head_json":{"title":"Livro Pop Up \u201cn\u00f3s, as crian\u00e7as\u2026 temos direitos\u201d | Instituto de Apoio \u00e0 Crian\u00e7a","robots":{"index":"index","follow":"follow","max-snippet":"max-snippet:-1","max-image-preview":"max-image-preview:large","max-video-preview":"max-video-preview:-1"},"canonical":"https:\/\/iacrianca.pt\/en\/2023\/01\/livro-pop-up-nos-as-criancas-temos-direitos\/","og_locale":"en_US","og_type":"article","og_title":"Livro Pop Up \u201cn\u00f3s, as crian\u00e7as\u2026 temos direitos\u201d | Instituto de Apoio \u00e0 Crian\u00e7a","og_description":"O livro Pop Up do IAC e da APEI \u201cn\u00f3s, as crian\u00e7as\u2026 temos direitos\u201d foi dar-se a conhecer \u00e0s crian\u00e7as dos 5 anos da Escola B\u00e1sica Pedro de Santar\u00e9m.\u00a0 O Setor da Humaniza\u00e7\u00e3o esteve na manh\u00e3 do dia 12 de janeiro a explorar e dinamizar este livro m\u00e1gico. Uma viagem \u00e0 descoberta dos Direitos das&hellip;","og_url":"https:\/\/iacrianca.pt\/en\/2023\/01\/livro-pop-up-nos-as-criancas-temos-direitos\/","og_site_name":"Instituto de Apoio \u00e0 Crian\u00e7a","article_publisher":"https:\/\/www.facebook.com\/iacinstitutodeapoioacrianca","article_published_time":"2023-01-31T11:13:52+00:00","article_modified_time":"2023-02-07T15:16:54+00:00","og_image":[{"width":896,"height":1215,"url":"https:\/\/iacrianca.pt\/wp-content\/uploads\/thumbnail-livro-pop-up-pnl-editado.png","type":"image\/png"}],"author":"Administra\u00e7\u00e3o IAC","twitter_card":"summary_large_image","twitter_creator":"@iacapoiocrianca","twitter_site":"@iacapoiocrianca","twitter_misc":{"Written by":"Administra\u00e7\u00e3o IAC","Est. reading time":"1 minute"},"schema":{"@context":"https:\/\/schema.org","@graph":[{"@type":"Article","@id":"https:\/\/iacrianca.pt\/en\/2023\/01\/livro-pop-up-nos-as-criancas-temos-direitos\/#article","isPartOf":{"@id":"https:\/\/iacrianca.pt\/en\/2023\/01\/livro-pop-up-nos-as-criancas-temos-direitos\/"},"author":{"name":"Administra\u00e7\u00e3o IAC","@id":"https:\/\/iacrianca.pt\/en\/#\/schema\/person\/1c48c6e4b70d0dc7360e4b28ceaa5f6b"},"headline":"Livro Pop Up \u201cn\u00f3s, as crian\u00e7as\u2026 temos direitos\u201d","datePublished":"2023-01-31T11:13:52+00:00","dateModified":"2023-02-07T15:16:54+00:00","mainEntityOfPage":{"@id":"https:\/\/iacrianca.pt\/en\/2023\/01\/livro-pop-up-nos-as-criancas-temos-direitos\/"},"wordCount":192,"commentCount":0,"publisher":{"@id":"https:\/\/iacrianca.pt\/en\/#organization"},"image":{"@id":"https:\/\/iacrianca.pt\/en\/2023\/01\/livro-pop-up-nos-as-criancas-temos-direitos\/#primaryimage"},"thumbnailUrl":"https:\/\/iacrianca.pt\/wp-content\/uploads\/thumbnail-livro-pop-up-pnl-editado.png","articleSection":["Newsletter"],"inLanguage":"en-US","potentialAction":[{"@type":"CommentAction","name":"Comment","target":["https:\/\/iacrianca.pt\/en\/2023\/01\/livro-pop-up-nos-as-criancas-temos-direitos\/#respond"]}]},{"@type":"WebPage","@id":"https:\/\/iacrianca.pt\/en\/2023\/01\/livro-pop-up-nos-as-criancas-temos-direitos\/","url":"https:\/\/iacrianca.pt\/en\/2023\/01\/livro-pop-up-nos-as-criancas-temos-direitos\/","name":"Livro Pop Up \u201cn\u00f3s, as crian\u00e7as\u2026 temos direitos\u201d | Instituto de Apoio \u00e0 Crian\u00e7a","isPartOf":{"@id":"https:\/\/iacrianca.pt\/en\/#website"},"primaryImageOfPage":{"@id":"https:\/\/iacrianca.pt\/en\/2023\/01\/livro-pop-up-nos-as-criancas-temos-direitos\/#primaryimage"},"image":{"@id":"https:\/\/iacrianca.pt\/en\/2023\/01\/livro-pop-up-nos-as-criancas-temos-direitos\/#primaryimage"},"thumbnailUrl":"https:\/\/iacrianca.pt\/wp-content\/uploads\/thumbnail-livro-pop-up-pnl-editado.png","datePublished":"2023-01-31T11:13:52+00:00","dateModified":"2023-02-07T15:16:54+00:00","breadcrumb":{"@id":"https:\/\/iacrianca.pt\/en\/2023\/01\/livro-pop-up-nos-as-criancas-temos-direitos\/#breadcrumb"},"inLanguage":"en-US","potentialAction":[{"@type":"ReadAction","target":["https:\/\/iacrianca.pt\/en\/2023\/01\/livro-pop-up-nos-as-criancas-temos-direitos\/"]}]},{"@type":"ImageObject","inLanguage":"en-US","@id":"https:\/\/iacrianca.pt\/en\/2023\/01\/livro-pop-up-nos-as-criancas-temos-direitos\/#primaryimage","url":"https:\/\/iacrianca.pt\/wp-content\/uploads\/thumbnail-livro-pop-up-pnl-editado.png","contentUrl":"https:\/\/iacrianca.pt\/wp-content\/uploads\/thumbnail-livro-pop-up-pnl-editado.png","width":896,"height":1215},{"@type":"BreadcrumbList","@id":"https:\/\/iacrianca.pt\/en\/2023\/01\/livro-pop-up-nos-as-criancas-temos-direitos\/#breadcrumb","itemListElement":[{"@type":"ListItem","position":1,"name":"In\u00edcio","item":"https:\/\/iacrianca.pt\/en\/"},{"@type":"ListItem","position":2,"name":"Livro Pop Up \u201cn\u00f3s, as crian\u00e7as\u2026 temos direitos\u201d"}]},{"@type":"WebSite","@id":"https:\/\/iacrianca.pt\/en\/#website","url":"https:\/\/iacrianca.pt\/en\/","name":"Instituto de Apoio \u00e0 Crian\u00e7a","description":"Desde 1983 na defesa e promo\u00e7\u00e3o dos direitos da crian\u00e7a","publisher":{"@id":"https:\/\/iacrianca.pt\/en\/#organization"},"potentialAction":[{"@type":"SearchAction","target":{"@type":"EntryPoint","urlTemplate":"https:\/\/iacrianca.pt\/en\/?s={search_term_string}"},"query-input":{"@type":"PropertyValueSpecification","valueRequired":true,"valueName":"search_term_string"}}],"inLanguage":"en-US"},{"@type":"Organization","@id":"https:\/\/iacrianca.pt\/en\/#organization","name":"Instituto de Apoio \u00e0 Crian\u00e7a","url":"https:\/\/iacrianca.pt\/en\/","logo":{"@type":"ImageObject","inLanguage":"en-US","@id":"https:\/\/iacrianca.pt\/en\/#\/schema\/logo\/image\/","url":"https:\/\/iacrianca.pt\/wp-content\/uploads\/2020\/04\/logo-iac-SD.jpg","contentUrl":"https:\/\/iacrianca.pt\/wp-content\/uploads\/2020\/04\/logo-iac-SD.jpg","width":152,"height":73,"caption":"Instituto de Apoio \u00e0 Crian\u00e7a"},"image":{"@id":"https:\/\/iacrianca.pt\/en\/#\/schema\/logo\/image\/"},"sameAs":["https:\/\/www.facebook.com\/iacinstitutodeapoioacrianca","https:\/\/x.com\/iacapoiocrianca","https:\/\/www.youtube.com\/channel\/UC0jjfZ_xkN_59gJf_RQ-ZnQ","https:\/\/www.linkedin.com\/company\/instituto-de-apoio--criana\/","https:\/\/www.instagram.com\/iacinstitutodeapoioacrianca\/","https:\/\/criancasatortoeadireitos.wordpress.com\/"]},{"@type":"Person","@id":"https:\/\/iacrianca.pt\/en\/#\/schema\/person\/1c48c6e4b70d0dc7360e4b28ceaa5f6b","name":"Administra\u00e7\u00e3o IAC","image":{"@type":"ImageObject","inLanguage":"en-US","@id":"https:\/\/secure.gravatar.com\/avatar\/60b998c71de37dcc1398fc6d48c6b5ed7533e3ceec837c948055f072e3158ff1?s=96&d=mm&r=g","url":"https:\/\/secure.gravatar.com\/avatar\/60b998c71de37dcc1398fc6d48c6b5ed7533e3ceec837c948055f072e3158ff1?s=96&d=mm&r=g","contentUrl":"https:\/\/secure.gravatar.com\/avatar\/60b998c71de37dcc1398fc6d48c6b5ed7533e3ceec837c948055f072e3158ff1?s=96&d=mm&r=g","caption":"Administra\u00e7\u00e3o IAC"}}]}},"_links":{"self":[{"href":"https:\/\/iacrianca.pt\/en\/wp-json\/wp\/v2\/posts\/17177","targetHints":{"allow":["GET"]}}],"collection":[{"href":"https:\/\/iacrianca.pt\/en\/wp-json\/wp\/v2\/posts"}],"about":[{"href":"https:\/\/iacrianca.pt\/en\/wp-json\/wp\/v2\/types\/post"}],"author":[{"embeddable":true,"href":"https:\/\/iacrianca.pt\/en\/wp-json\/wp\/v2\/users\/2"}],"replies":[{"embeddable":true,"href":"https:\/\/iacrianca.pt\/en\/wp-json\/wp\/v2\/comments?post=17177"}],"version-history":[{"count":0,"href":"https:\/\/iacrianca.pt\/en\/wp-json\/wp\/v2\/posts\/17177\/revisions"}],"wp:featuredmedia":[{"embeddable":true,"href":"https:\/\/iacrianca.pt\/en\/wp-json\/wp\/v2\/media\/17277"}],"wp:attachment":[{"href":"https:\/\/iacrianca.pt\/en\/wp-json\/wp\/v2\/media?parent=17177"}],"wp:term":[{"taxonomy":"category","embeddable":true,"href":"https:\/\/iacrianca.pt\/en\/wp-json\/wp\/v2\/categories?post=17177"},{"taxonomy":"post_tag","embeddable":true,"href":"https:\/\/iacrianca.pt\/en\/wp-json\/wp\/v2\/tags?post=17177"}],"curies":[{"name":"wp","href":"https:\/\/api.w.org\/{rel}","templated":true}]}}