{"id":17653,"date":"2023-03-30T10:10:43","date_gmt":"2023-03-30T09:10:43","guid":{"rendered":"https:\/\/iacrianca.pt\/?p=17653"},"modified":"2023-05-04T16:17:30","modified_gmt":"2023-05-04T15:17:30","slug":"encontro-o-direito-da-crianca-a-nao-violencia-27-de-abril-2023-universidade-lusiada-de-lisboa","status":"publish","type":"post","link":"https:\/\/iacrianca.pt\/en\/2023\/03\/encontro-o-direito-da-crianca-a-nao-violencia-27-de-abril-2023-universidade-lusiada-de-lisboa\/","title":{"rendered":"Encontro &#8220;O Direito da Crian\u00e7a \u00e0 N\u00e3o Viol\u00eancia&#8221; 27 de abril 2023, Universidade Lus\u00edada de Lisboa"},"content":{"rendered":"<div dir=\"auto\">\n<div class=\"x_elementToProof\">\n<div class=\"x_OutlineElement x_Ltr x_SCXW53339118 x_BCX0\">\n<p>O<span style=\"font-style: inherit; font-weight: inherit;\">\u00a0Instituto de Apoio \u00e0 Crian\u00e7a, em parceria com a Comiss\u00e3o Nacional\u00a0para a Promo\u00e7\u00e3o dos Direitos e da Prote\u00e7\u00e3o das Crian\u00e7as e Jovens,\u00a0vai realizar o\u00a0<\/span><span style=\"font-style: inherit; font-weight: inherit;\">Encontro &#8220;O DIREITO DA CRIAN\u00c7A \u00c0 N\u00c3O VIOL\u00caNCIA&#8221;, que ter\u00e1 lugar no pr\u00f3ximo dia 27 de abril de 2023, na Universidade Lus\u00edada de Lisboa.\u00a0<\/span><\/p>\n<p><span style=\"font-style: inherit; font-weight: inherit;\">Esta iniciativa\u00a0insere-se no M\u00eas da Preven\u00e7\u00e3o dos Maus-Tratos<\/span><span style=\"font-style: inherit; font-weight: inherit;\">\u00a0na Inf\u00e2ncia e pretende constituir-se como um momento de reflex\u00e3o acerca da viol\u00eancia sexual e dos abusos f\u00edsicos, co<\/span><span style=\"font-style: inherit; font-weight: inherit;\">m a participa\u00e7\u00e3o de especialistas nacionais e internacionais.<\/span><\/p>\n<p aria-hidden=\"true\">O IAC em 2021, aderiu ao desafio lan\u00e7ado pela Funda\u00e7\u00e3o Su\u00ed\u00e7a \u201cGuido Fluri\u201d, e tornou-se parceiro no Projeto \u201cJustice Initiative\u201d cuja miss\u00e3o \u00e9 \u201crestaurar a justi\u00e7a\u201d em rela\u00e7\u00e3o \u00e0s Crian\u00e7as V\u00edtimas (ainda que algumas sejam hoje adultas), que sofreram<span style=\"font-style: inherit; font-weight: inherit;\">\u00a0<\/span><span style=\"font-style: inherit; font-weight: inherit;\">qualquer tipo de abusos\/viol\u00eancia na Europa. Neste \u00e2mbito est\u00e1 a decorrer uma Peti\u00e7\u00e3o Europeia que convidamos tamb\u00e9m a subscrever\u00a0<\/span><a href=\"https:\/\/justice-initiative.eu\/petition\/?fbclid=IwAR28PpeBXdm0asXZt58ihhcLAYqW_9TCr1zcVyVIqnuRCJAYcRb6MLclyqw\"><span style=\"font-style: inherit; font-weight: inherit;\">aqui<\/span><\/a><span style=\"font-style: inherit; font-weight: inherit;\">.<\/span><\/p>\n<p>\u00a0Mais se informa que este encontro \u00e9 gratuito, com inscri\u00e7\u00e3o obrigat\u00f3ria atrav\u00e9s do link:\u00a0<a href=\"https:\/\/forms.gle\/Tbo5vVfcH3HzwkkNA\"><span style=\"font-style: inherit; font-weight: inherit;\">https:\/\/forms.gle\/Tbo5vVfcH3HzwkkNA<\/span><\/a><\/p>\n<h2><strong>Fotografias do encontro <a href=\"https:\/\/www.facebook.com\/media\/set?vanity=iacinstitutodeapoioacrianca&amp;set=a.630403989120684\">aqui<\/a><\/strong><\/h2>\n<p>&nbsp;<\/p>\n<div class=\"xdj266r x11i5rnm xat24cr x1mh8g0r x1vvkbs x126k92a\">\n<div dir=\"auto\" style=\"text-align: center;\"><span style=\"color: #000000;\"><strong>PRESS RELEASE<\/strong><\/span><\/div>\n<div dir=\"auto\">O Instituto de Apoio \u00e0 Crian\u00e7a, em parceria com a Comiss\u00e3o Nacional para a Promo\u00e7\u00e3o dos Direitos e da Prote\u00e7\u00e3o das Crian\u00e7as e Jovens, realiza no 27 de abril pelas 10h00 na Universidade Lus\u00edada de Lisboa, o Encontro &#8220;O DIREITO DA CRIAN\u00c7A \u00c0 N\u00c3O VIOL\u00caNCIA&#8221;.<\/div>\n<div dir=\"auto\">Esta iniciativa insere-se no M\u00eas da Preven\u00e7\u00e3o dos Maus-Tratos na Inf\u00e2ncia e pretende constituir-se como um momento de reflex\u00e3o acerca da viol\u00eancia sexual e dos abusos f\u00edsicos, com a participa\u00e7\u00e3o de especialistas nacionais e internacionais.<\/div>\n<div dir=\"auto\">O IAC em 2021, aderiu ao desafio lan\u00e7ado pela Funda\u00e7\u00e3o Su\u00ed\u00e7a \u201cGuido Fluri\u201d, e tornou-se parceiro no Projeto \u201cJustice Initiative\u201d cuja miss\u00e3o \u00e9 o reconhecimento do sofrimento das Crian\u00e7as que foram v\u00edtimas de qualquer tipo de abusos\/viol\u00eancia na Europa (ainda que algumas sejam hoje adultas), bem como a sua recupera\u00e7\u00e3o psicol\u00f3gica e repara\u00e7\u00e3o.<\/div>\n<div dir=\"auto\">Neste \u00e2mbito, \u00e9 tamb\u00e9m inaugurada nos Jardins da Universidade a Exposi\u00e7\u00e3o SHAME &#8211; European Stories, uma exposi\u00e7\u00e3o que apresenta testemunhos de quase 100 v\u00edtimas de abuso em crian\u00e7a em toda a Europa. Nunca a dimens\u00e3o do problema foi captada desta forma. Fotos e v\u00eddeos do premiado fotojornalista Simone Padovani documentando as injusti\u00e7as d\u00e3o, agora, voz \u00e0s v\u00edtimas.<\/div>\n<\/div>\n<div class=\"x11i5rnm xat24cr x1mh8g0r x1vvkbs xtlvy1s x126k92a\">\n<div dir=\"auto\">Neste Encontro ser\u00e1 igualmente apresentada a investiga\u00e7\u00e3o do Prof. Amos Guiora, Professor de Direito da Universidade de Utah nos EUA que salienta o papel negativo do sistema, que promove os &#8220;encobridores&#8221; dos abusos desresponsabilizando o agressor.<\/div>\n<div dir=\"auto\">inscreva-se aqui: <a class=\"x1i10hfl xjbqb8w x6umtig x1b1mbwd xaqea5y xav7gou x9f619 x1ypdohk xt0psk2 xe8uvvx xdj266r x11i5rnm xat24cr x1mh8g0r xexx8yu x4uap5 x18d9i69 xkhd6sd x16tdsg8 x1hl2dhg xggy1nq x1a2a7pz xt0b8zv x1fey0fg\" tabindex=\"0\" role=\"link\" href=\"https:\/\/bit.ly\/3lRQymg?fbclid=IwAR1uBa7HolZ5GUVAW7_A304viU2nbPh6n7jOvb_QetdcSZi5w7IbBK458yw\" target=\"_blank\" rel=\"nofollow noopener\">https:\/\/bit.ly\/3lRQymg<\/a><\/div>\n<div dir=\"auto\">Por fim, ser\u00e1 ainda refor\u00e7ada a import\u00e2ncia de todos nos unirmos em defesa de uma internet mais segura para as Crian\u00e7as e sobre o qual decorre uma Peti\u00e7\u00e3o Europeia que convidamos tamb\u00e9m a subscrever <a class=\"x1i10hfl xjbqb8w x6umtig x1b1mbwd xaqea5y xav7gou x9f619 x1ypdohk xt0psk2 xe8uvvx xdj266r x11i5rnm xat24cr x1mh8g0r xexx8yu x4uap5 x18d9i69 xkhd6sd x16tdsg8 x1hl2dhg xggy1nq x1a2a7pz xt0b8zv x1fey0fg\" tabindex=\"0\" role=\"link\" href=\"https:\/\/l.facebook.com\/l.php?u=https%3A%2F%2Fjustice-initiative.eu%2Fpt-pt%2Fpetition%2F%3Ffbclid%3DIwAR1Aq10JnUrPWEYvdNNLUvUGczUwMX2SP4U2MXDaSKepvRtCsIJd85X95Vc&amp;h=AT1_96RJjwUoC9BHjtwWogqi8nxOTByjTFjrWyfA7wS1zXqH_q09zXCRDobfpC6uH_fNUTCprIOUFe1IZjZoAxXcgbikCwa91bHhzOElmleTVqgqThpbD5xtrqpirwABpA&amp;__tn__=-UK-R&amp;c[0]=AT1bhplhxcjfLJl5WxUExtCMU8ILtSl8__HMxjPSrslP9PtS6C_rfXeZsNCGGtY2xVfGrklQRmMrSseLbSTtneRcQRwedvjcSppMpcj5pMxOINOkmm2XL6T0L5dzftY35YkQ8kC58fOzMJOmElSZ6WmoDp96s35orxQb1rd2hmc4WdZkGQ\" target=\"_blank\" rel=\"nofollow noopener\">https:\/\/justice-initiative.eu\/pt-pt\/petition\/<\/a><\/div>\n<div dir=\"auto\"><\/div>\n<\/div>\n<\/div>\n<\/div>\n<\/div>\n","protected":false},"excerpt":{"rendered":"<p>O\u00a0Instituto de Apoio \u00e0 Crian\u00e7a, em parceria com a Comiss\u00e3o Nacional\u00a0para a Promo\u00e7\u00e3o dos Direitos e da Prote\u00e7\u00e3o das Crian\u00e7as e Jovens,\u00a0vai realizar o\u00a0Encontro &#8220;O DIREITO DA CRIAN\u00c7A \u00c0 N\u00c3O VIOL\u00caNCIA&#8221;, que ter\u00e1 lugar no pr\u00f3ximo dia 27 de abril de 2023, na Universidade Lus\u00edada de Lisboa.\u00a0 Esta iniciativa\u00a0insere-se no M\u00eas da Preven\u00e7\u00e3o dos Maus-Tratos\u00a0na&hellip;<\/p>\n","protected":false},"author":2,"featured_media":17931,"comment_status":"closed","ping_status":"open","sticky":false,"template":"","format":"standard","meta":{"_acf_changed":false,"footnotes":""},"categories":[46],"tags":[],"class_list":["post-17653","post","type-post","status-publish","format-standard","has-post-thumbnail","hentry","category-eventos","category-46","description-off"],"acf":[],"yoast_head":"<!-- This site is optimized with the Yoast SEO plugin v27.5 - https:\/\/yoast.com\/product\/yoast-seo-wordpress\/ -->\n<title>Encontro &quot;O Direito da Crian\u00e7a \u00e0 N\u00e3o Viol\u00eancia&quot; 27 de abril 2023, Universidade Lus\u00edada de Lisboa | Instituto de Apoio \u00e0 Crian\u00e7a<\/title>\n<meta name=\"robots\" content=\"index, follow, max-snippet:-1, max-image-preview:large, max-video-preview:-1\" \/>\n<link rel=\"canonical\" href=\"https:\/\/iacrianca.pt\/en\/2023\/03\/encontro-o-direito-da-crianca-a-nao-violencia-27-de-abril-2023-universidade-lusiada-de-lisboa\/\" \/>\n<meta property=\"og:locale\" content=\"en_US\" \/>\n<meta property=\"og:type\" content=\"article\" \/>\n<meta property=\"og:title\" content=\"Encontro &quot;O Direito da Crian\u00e7a \u00e0 N\u00e3o Viol\u00eancia&quot; 27 de abril 2023, Universidade Lus\u00edada de Lisboa | Instituto de Apoio \u00e0 Crian\u00e7a\" \/>\n<meta property=\"og:description\" content=\"O\u00a0Instituto de Apoio \u00e0 Crian\u00e7a, em parceria com a Comiss\u00e3o Nacional\u00a0para a Promo\u00e7\u00e3o dos Direitos e da Prote\u00e7\u00e3o das Crian\u00e7as e Jovens,\u00a0vai realizar o\u00a0Encontro &#8220;O DIREITO DA CRIAN\u00c7A \u00c0 N\u00c3O VIOL\u00caNCIA&#8221;, que ter\u00e1 lugar no pr\u00f3ximo dia 27 de abril de 2023, na Universidade Lus\u00edada de Lisboa.\u00a0 Esta iniciativa\u00a0insere-se no M\u00eas da Preven\u00e7\u00e3o dos Maus-Tratos\u00a0na&hellip;\" \/>\n<meta property=\"og:url\" content=\"https:\/\/iacrianca.pt\/en\/2023\/03\/encontro-o-direito-da-crianca-a-nao-violencia-27-de-abril-2023-universidade-lusiada-de-lisboa\/\" \/>\n<meta property=\"og:site_name\" content=\"Instituto de Apoio \u00e0 Crian\u00e7a\" \/>\n<meta property=\"article:publisher\" content=\"https:\/\/www.facebook.com\/iacinstitutodeapoioacrianca\" \/>\n<meta property=\"article:published_time\" content=\"2023-03-30T09:10:43+00:00\" \/>\n<meta property=\"article:modified_time\" content=\"2023-05-04T15:17:30+00:00\" \/>\n<meta property=\"og:image\" content=\"https:\/\/iacrianca.pt\/wp-content\/uploads\/encontro-27-04-2023.jpg\" \/>\n\t<meta property=\"og:image:width\" content=\"1754\" \/>\n\t<meta property=\"og:image:height\" content=\"2481\" \/>\n\t<meta property=\"og:image:type\" content=\"image\/jpeg\" \/>\n<meta name=\"author\" content=\"Administra\u00e7\u00e3o IAC\" \/>\n<meta name=\"twitter:card\" content=\"summary_large_image\" \/>\n<meta name=\"twitter:creator\" content=\"@iacapoiocrianca\" \/>\n<meta name=\"twitter:site\" content=\"@iacapoiocrianca\" \/>\n<meta name=\"twitter:label1\" content=\"Written by\" \/>\n\t<meta name=\"twitter:data1\" content=\"Administra\u00e7\u00e3o IAC\" \/>\n\t<meta name=\"twitter:label2\" content=\"Est. reading time\" \/>\n\t<meta name=\"twitter:data2\" content=\"3 minutes\" \/>\n<script type=\"application\/ld+json\" class=\"yoast-schema-graph\">{\"@context\":\"https:\\\/\\\/schema.org\",\"@graph\":[{\"@type\":\"Article\",\"@id\":\"https:\\\/\\\/iacrianca.pt\\\/en\\\/2023\\\/03\\\/encontro-o-direito-da-crianca-a-nao-violencia-27-de-abril-2023-universidade-lusiada-de-lisboa\\\/#article\",\"isPartOf\":{\"@id\":\"https:\\\/\\\/iacrianca.pt\\\/en\\\/2023\\\/03\\\/encontro-o-direito-da-crianca-a-nao-violencia-27-de-abril-2023-universidade-lusiada-de-lisboa\\\/\"},\"author\":{\"name\":\"Administra\u00e7\u00e3o IAC\",\"@id\":\"https:\\\/\\\/iacrianca.pt\\\/en\\\/#\\\/schema\\\/person\\\/1c48c6e4b70d0dc7360e4b28ceaa5f6b\"},\"headline\":\"Encontro &#8220;O Direito da Crian\u00e7a \u00e0 N\u00e3o Viol\u00eancia&#8221; 27 de abril 2023, Universidade Lus\u00edada de Lisboa\",\"datePublished\":\"2023-03-30T09:10:43+00:00\",\"dateModified\":\"2023-05-04T15:17:30+00:00\",\"mainEntityOfPage\":{\"@id\":\"https:\\\/\\\/iacrianca.pt\\\/en\\\/2023\\\/03\\\/encontro-o-direito-da-crianca-a-nao-violencia-27-de-abril-2023-universidade-lusiada-de-lisboa\\\/\"},\"wordCount\":522,\"publisher\":{\"@id\":\"https:\\\/\\\/iacrianca.pt\\\/en\\\/#organization\"},\"image\":{\"@id\":\"https:\\\/\\\/iacrianca.pt\\\/en\\\/2023\\\/03\\\/encontro-o-direito-da-crianca-a-nao-violencia-27-de-abril-2023-universidade-lusiada-de-lisboa\\\/#primaryimage\"},\"thumbnailUrl\":\"https:\\\/\\\/iacrianca.pt\\\/wp-content\\\/uploads\\\/encontro-27-04-2023.jpg\",\"articleSection\":[\"Eventos\"],\"inLanguage\":\"en-US\"},{\"@type\":\"WebPage\",\"@id\":\"https:\\\/\\\/iacrianca.pt\\\/en\\\/2023\\\/03\\\/encontro-o-direito-da-crianca-a-nao-violencia-27-de-abril-2023-universidade-lusiada-de-lisboa\\\/\",\"url\":\"https:\\\/\\\/iacrianca.pt\\\/en\\\/2023\\\/03\\\/encontro-o-direito-da-crianca-a-nao-violencia-27-de-abril-2023-universidade-lusiada-de-lisboa\\\/\",\"name\":\"Encontro \\\"O Direito da Crian\u00e7a \u00e0 N\u00e3o Viol\u00eancia\\\" 27 de abril 2023, Universidade Lus\u00edada de Lisboa | Instituto de Apoio \u00e0 Crian\u00e7a\",\"isPartOf\":{\"@id\":\"https:\\\/\\\/iacrianca.pt\\\/en\\\/#website\"},\"primaryImageOfPage\":{\"@id\":\"https:\\\/\\\/iacrianca.pt\\\/en\\\/2023\\\/03\\\/encontro-o-direito-da-crianca-a-nao-violencia-27-de-abril-2023-universidade-lusiada-de-lisboa\\\/#primaryimage\"},\"image\":{\"@id\":\"https:\\\/\\\/iacrianca.pt\\\/en\\\/2023\\\/03\\\/encontro-o-direito-da-crianca-a-nao-violencia-27-de-abril-2023-universidade-lusiada-de-lisboa\\\/#primaryimage\"},\"thumbnailUrl\":\"https:\\\/\\\/iacrianca.pt\\\/wp-content\\\/uploads\\\/encontro-27-04-2023.jpg\",\"datePublished\":\"2023-03-30T09:10:43+00:00\",\"dateModified\":\"2023-05-04T15:17:30+00:00\",\"breadcrumb\":{\"@id\":\"https:\\\/\\\/iacrianca.pt\\\/en\\\/2023\\\/03\\\/encontro-o-direito-da-crianca-a-nao-violencia-27-de-abril-2023-universidade-lusiada-de-lisboa\\\/#breadcrumb\"},\"inLanguage\":\"en-US\",\"potentialAction\":[{\"@type\":\"ReadAction\",\"target\":[\"https:\\\/\\\/iacrianca.pt\\\/en\\\/2023\\\/03\\\/encontro-o-direito-da-crianca-a-nao-violencia-27-de-abril-2023-universidade-lusiada-de-lisboa\\\/\"]}]},{\"@type\":\"ImageObject\",\"inLanguage\":\"en-US\",\"@id\":\"https:\\\/\\\/iacrianca.pt\\\/en\\\/2023\\\/03\\\/encontro-o-direito-da-crianca-a-nao-violencia-27-de-abril-2023-universidade-lusiada-de-lisboa\\\/#primaryimage\",\"url\":\"https:\\\/\\\/iacrianca.pt\\\/wp-content\\\/uploads\\\/encontro-27-04-2023.jpg\",\"contentUrl\":\"https:\\\/\\\/iacrianca.pt\\\/wp-content\\\/uploads\\\/encontro-27-04-2023.jpg\",\"width\":1754,\"height\":2481},{\"@type\":\"BreadcrumbList\",\"@id\":\"https:\\\/\\\/iacrianca.pt\\\/en\\\/2023\\\/03\\\/encontro-o-direito-da-crianca-a-nao-violencia-27-de-abril-2023-universidade-lusiada-de-lisboa\\\/#breadcrumb\",\"itemListElement\":[{\"@type\":\"ListItem\",\"position\":1,\"name\":\"In\u00edcio\",\"item\":\"https:\\\/\\\/iacrianca.pt\\\/en\\\/\"},{\"@type\":\"ListItem\",\"position\":2,\"name\":\"Encontro &#8220;O Direito da Crian\u00e7a \u00e0 N\u00e3o Viol\u00eancia&#8221; 27 de abril 2023, Universidade Lus\u00edada de Lisboa\"}]},{\"@type\":\"WebSite\",\"@id\":\"https:\\\/\\\/iacrianca.pt\\\/en\\\/#website\",\"url\":\"https:\\\/\\\/iacrianca.pt\\\/en\\\/\",\"name\":\"Instituto de Apoio \u00e0 Crian\u00e7a\",\"description\":\"Desde 1983 na defesa e promo\u00e7\u00e3o dos direitos da crian\u00e7a\",\"publisher\":{\"@id\":\"https:\\\/\\\/iacrianca.pt\\\/en\\\/#organization\"},\"potentialAction\":[{\"@type\":\"SearchAction\",\"target\":{\"@type\":\"EntryPoint\",\"urlTemplate\":\"https:\\\/\\\/iacrianca.pt\\\/en\\\/?s={search_term_string}\"},\"query-input\":{\"@type\":\"PropertyValueSpecification\",\"valueRequired\":true,\"valueName\":\"search_term_string\"}}],\"inLanguage\":\"en-US\"},{\"@type\":\"Organization\",\"@id\":\"https:\\\/\\\/iacrianca.pt\\\/en\\\/#organization\",\"name\":\"Instituto de Apoio \u00e0 Crian\u00e7a\",\"url\":\"https:\\\/\\\/iacrianca.pt\\\/en\\\/\",\"logo\":{\"@type\":\"ImageObject\",\"inLanguage\":\"en-US\",\"@id\":\"https:\\\/\\\/iacrianca.pt\\\/en\\\/#\\\/schema\\\/logo\\\/image\\\/\",\"url\":\"https:\\\/\\\/iacrianca.pt\\\/wp-content\\\/uploads\\\/2020\\\/04\\\/logo-iac-SD.jpg\",\"contentUrl\":\"https:\\\/\\\/iacrianca.pt\\\/wp-content\\\/uploads\\\/2020\\\/04\\\/logo-iac-SD.jpg\",\"width\":152,\"height\":73,\"caption\":\"Instituto de Apoio \u00e0 Crian\u00e7a\"},\"image\":{\"@id\":\"https:\\\/\\\/iacrianca.pt\\\/en\\\/#\\\/schema\\\/logo\\\/image\\\/\"},\"sameAs\":[\"https:\\\/\\\/www.facebook.com\\\/iacinstitutodeapoioacrianca\",\"https:\\\/\\\/x.com\\\/iacapoiocrianca\",\"https:\\\/\\\/www.youtube.com\\\/channel\\\/UC0jjfZ_xkN_59gJf_RQ-ZnQ\",\"https:\\\/\\\/www.linkedin.com\\\/company\\\/instituto-de-apoio--criana\\\/\",\"https:\\\/\\\/www.instagram.com\\\/iacinstitutodeapoioacrianca\\\/\",\"https:\\\/\\\/criancasatortoeadireitos.wordpress.com\\\/\"]},{\"@type\":\"Person\",\"@id\":\"https:\\\/\\\/iacrianca.pt\\\/en\\\/#\\\/schema\\\/person\\\/1c48c6e4b70d0dc7360e4b28ceaa5f6b\",\"name\":\"Administra\u00e7\u00e3o IAC\",\"image\":{\"@type\":\"ImageObject\",\"inLanguage\":\"en-US\",\"@id\":\"https:\\\/\\\/secure.gravatar.com\\\/avatar\\\/60b998c71de37dcc1398fc6d48c6b5ed7533e3ceec837c948055f072e3158ff1?s=96&d=mm&r=g\",\"url\":\"https:\\\/\\\/secure.gravatar.com\\\/avatar\\\/60b998c71de37dcc1398fc6d48c6b5ed7533e3ceec837c948055f072e3158ff1?s=96&d=mm&r=g\",\"contentUrl\":\"https:\\\/\\\/secure.gravatar.com\\\/avatar\\\/60b998c71de37dcc1398fc6d48c6b5ed7533e3ceec837c948055f072e3158ff1?s=96&d=mm&r=g\",\"caption\":\"Administra\u00e7\u00e3o IAC\"}}]}<\/script>\n<!-- \/ Yoast SEO plugin. -->","yoast_head_json":{"title":"Encontro \"O Direito da Crian\u00e7a \u00e0 N\u00e3o Viol\u00eancia\" 27 de abril 2023, Universidade Lus\u00edada de Lisboa | Instituto de Apoio \u00e0 Crian\u00e7a","robots":{"index":"index","follow":"follow","max-snippet":"max-snippet:-1","max-image-preview":"max-image-preview:large","max-video-preview":"max-video-preview:-1"},"canonical":"https:\/\/iacrianca.pt\/en\/2023\/03\/encontro-o-direito-da-crianca-a-nao-violencia-27-de-abril-2023-universidade-lusiada-de-lisboa\/","og_locale":"en_US","og_type":"article","og_title":"Encontro \"O Direito da Crian\u00e7a \u00e0 N\u00e3o Viol\u00eancia\" 27 de abril 2023, Universidade Lus\u00edada de Lisboa | Instituto de Apoio \u00e0 Crian\u00e7a","og_description":"O\u00a0Instituto de Apoio \u00e0 Crian\u00e7a, em parceria com a Comiss\u00e3o Nacional\u00a0para a Promo\u00e7\u00e3o dos Direitos e da Prote\u00e7\u00e3o das Crian\u00e7as e Jovens,\u00a0vai realizar o\u00a0Encontro &#8220;O DIREITO DA CRIAN\u00c7A \u00c0 N\u00c3O VIOL\u00caNCIA&#8221;, que ter\u00e1 lugar no pr\u00f3ximo dia 27 de abril de 2023, na Universidade Lus\u00edada de Lisboa.\u00a0 Esta iniciativa\u00a0insere-se no M\u00eas da Preven\u00e7\u00e3o dos Maus-Tratos\u00a0na&hellip;","og_url":"https:\/\/iacrianca.pt\/en\/2023\/03\/encontro-o-direito-da-crianca-a-nao-violencia-27-de-abril-2023-universidade-lusiada-de-lisboa\/","og_site_name":"Instituto de Apoio \u00e0 Crian\u00e7a","article_publisher":"https:\/\/www.facebook.com\/iacinstitutodeapoioacrianca","article_published_time":"2023-03-30T09:10:43+00:00","article_modified_time":"2023-05-04T15:17:30+00:00","og_image":[{"width":1754,"height":2481,"url":"https:\/\/iacrianca.pt\/wp-content\/uploads\/encontro-27-04-2023.jpg","type":"image\/jpeg"}],"author":"Administra\u00e7\u00e3o IAC","twitter_card":"summary_large_image","twitter_creator":"@iacapoiocrianca","twitter_site":"@iacapoiocrianca","twitter_misc":{"Written by":"Administra\u00e7\u00e3o IAC","Est. reading time":"3 minutes"},"schema":{"@context":"https:\/\/schema.org","@graph":[{"@type":"Article","@id":"https:\/\/iacrianca.pt\/en\/2023\/03\/encontro-o-direito-da-crianca-a-nao-violencia-27-de-abril-2023-universidade-lusiada-de-lisboa\/#article","isPartOf":{"@id":"https:\/\/iacrianca.pt\/en\/2023\/03\/encontro-o-direito-da-crianca-a-nao-violencia-27-de-abril-2023-universidade-lusiada-de-lisboa\/"},"author":{"name":"Administra\u00e7\u00e3o IAC","@id":"https:\/\/iacrianca.pt\/en\/#\/schema\/person\/1c48c6e4b70d0dc7360e4b28ceaa5f6b"},"headline":"Encontro &#8220;O Direito da Crian\u00e7a \u00e0 N\u00e3o Viol\u00eancia&#8221; 27 de abril 2023, Universidade Lus\u00edada de Lisboa","datePublished":"2023-03-30T09:10:43+00:00","dateModified":"2023-05-04T15:17:30+00:00","mainEntityOfPage":{"@id":"https:\/\/iacrianca.pt\/en\/2023\/03\/encontro-o-direito-da-crianca-a-nao-violencia-27-de-abril-2023-universidade-lusiada-de-lisboa\/"},"wordCount":522,"publisher":{"@id":"https:\/\/iacrianca.pt\/en\/#organization"},"image":{"@id":"https:\/\/iacrianca.pt\/en\/2023\/03\/encontro-o-direito-da-crianca-a-nao-violencia-27-de-abril-2023-universidade-lusiada-de-lisboa\/#primaryimage"},"thumbnailUrl":"https:\/\/iacrianca.pt\/wp-content\/uploads\/encontro-27-04-2023.jpg","articleSection":["Eventos"],"inLanguage":"en-US"},{"@type":"WebPage","@id":"https:\/\/iacrianca.pt\/en\/2023\/03\/encontro-o-direito-da-crianca-a-nao-violencia-27-de-abril-2023-universidade-lusiada-de-lisboa\/","url":"https:\/\/iacrianca.pt\/en\/2023\/03\/encontro-o-direito-da-crianca-a-nao-violencia-27-de-abril-2023-universidade-lusiada-de-lisboa\/","name":"Encontro \"O Direito da Crian\u00e7a \u00e0 N\u00e3o Viol\u00eancia\" 27 de abril 2023, Universidade Lus\u00edada de Lisboa | Instituto de Apoio \u00e0 Crian\u00e7a","isPartOf":{"@id":"https:\/\/iacrianca.pt\/en\/#website"},"primaryImageOfPage":{"@id":"https:\/\/iacrianca.pt\/en\/2023\/03\/encontro-o-direito-da-crianca-a-nao-violencia-27-de-abril-2023-universidade-lusiada-de-lisboa\/#primaryimage"},"image":{"@id":"https:\/\/iacrianca.pt\/en\/2023\/03\/encontro-o-direito-da-crianca-a-nao-violencia-27-de-abril-2023-universidade-lusiada-de-lisboa\/#primaryimage"},"thumbnailUrl":"https:\/\/iacrianca.pt\/wp-content\/uploads\/encontro-27-04-2023.jpg","datePublished":"2023-03-30T09:10:43+00:00","dateModified":"2023-05-04T15:17:30+00:00","breadcrumb":{"@id":"https:\/\/iacrianca.pt\/en\/2023\/03\/encontro-o-direito-da-crianca-a-nao-violencia-27-de-abril-2023-universidade-lusiada-de-lisboa\/#breadcrumb"},"inLanguage":"en-US","potentialAction":[{"@type":"ReadAction","target":["https:\/\/iacrianca.pt\/en\/2023\/03\/encontro-o-direito-da-crianca-a-nao-violencia-27-de-abril-2023-universidade-lusiada-de-lisboa\/"]}]},{"@type":"ImageObject","inLanguage":"en-US","@id":"https:\/\/iacrianca.pt\/en\/2023\/03\/encontro-o-direito-da-crianca-a-nao-violencia-27-de-abril-2023-universidade-lusiada-de-lisboa\/#primaryimage","url":"https:\/\/iacrianca.pt\/wp-content\/uploads\/encontro-27-04-2023.jpg","contentUrl":"https:\/\/iacrianca.pt\/wp-content\/uploads\/encontro-27-04-2023.jpg","width":1754,"height":2481},{"@type":"BreadcrumbList","@id":"https:\/\/iacrianca.pt\/en\/2023\/03\/encontro-o-direito-da-crianca-a-nao-violencia-27-de-abril-2023-universidade-lusiada-de-lisboa\/#breadcrumb","itemListElement":[{"@type":"ListItem","position":1,"name":"In\u00edcio","item":"https:\/\/iacrianca.pt\/en\/"},{"@type":"ListItem","position":2,"name":"Encontro &#8220;O Direito da Crian\u00e7a \u00e0 N\u00e3o Viol\u00eancia&#8221; 27 de abril 2023, Universidade Lus\u00edada de Lisboa"}]},{"@type":"WebSite","@id":"https:\/\/iacrianca.pt\/en\/#website","url":"https:\/\/iacrianca.pt\/en\/","name":"Instituto de Apoio \u00e0 Crian\u00e7a","description":"Desde 1983 na defesa e promo\u00e7\u00e3o dos direitos da crian\u00e7a","publisher":{"@id":"https:\/\/iacrianca.pt\/en\/#organization"},"potentialAction":[{"@type":"SearchAction","target":{"@type":"EntryPoint","urlTemplate":"https:\/\/iacrianca.pt\/en\/?s={search_term_string}"},"query-input":{"@type":"PropertyValueSpecification","valueRequired":true,"valueName":"search_term_string"}}],"inLanguage":"en-US"},{"@type":"Organization","@id":"https:\/\/iacrianca.pt\/en\/#organization","name":"Instituto de Apoio \u00e0 Crian\u00e7a","url":"https:\/\/iacrianca.pt\/en\/","logo":{"@type":"ImageObject","inLanguage":"en-US","@id":"https:\/\/iacrianca.pt\/en\/#\/schema\/logo\/image\/","url":"https:\/\/iacrianca.pt\/wp-content\/uploads\/2020\/04\/logo-iac-SD.jpg","contentUrl":"https:\/\/iacrianca.pt\/wp-content\/uploads\/2020\/04\/logo-iac-SD.jpg","width":152,"height":73,"caption":"Instituto de Apoio \u00e0 Crian\u00e7a"},"image":{"@id":"https:\/\/iacrianca.pt\/en\/#\/schema\/logo\/image\/"},"sameAs":["https:\/\/www.facebook.com\/iacinstitutodeapoioacrianca","https:\/\/x.com\/iacapoiocrianca","https:\/\/www.youtube.com\/channel\/UC0jjfZ_xkN_59gJf_RQ-ZnQ","https:\/\/www.linkedin.com\/company\/instituto-de-apoio--criana\/","https:\/\/www.instagram.com\/iacinstitutodeapoioacrianca\/","https:\/\/criancasatortoeadireitos.wordpress.com\/"]},{"@type":"Person","@id":"https:\/\/iacrianca.pt\/en\/#\/schema\/person\/1c48c6e4b70d0dc7360e4b28ceaa5f6b","name":"Administra\u00e7\u00e3o IAC","image":{"@type":"ImageObject","inLanguage":"en-US","@id":"https:\/\/secure.gravatar.com\/avatar\/60b998c71de37dcc1398fc6d48c6b5ed7533e3ceec837c948055f072e3158ff1?s=96&d=mm&r=g","url":"https:\/\/secure.gravatar.com\/avatar\/60b998c71de37dcc1398fc6d48c6b5ed7533e3ceec837c948055f072e3158ff1?s=96&d=mm&r=g","contentUrl":"https:\/\/secure.gravatar.com\/avatar\/60b998c71de37dcc1398fc6d48c6b5ed7533e3ceec837c948055f072e3158ff1?s=96&d=mm&r=g","caption":"Administra\u00e7\u00e3o IAC"}}]}},"_links":{"self":[{"href":"https:\/\/iacrianca.pt\/en\/wp-json\/wp\/v2\/posts\/17653","targetHints":{"allow":["GET"]}}],"collection":[{"href":"https:\/\/iacrianca.pt\/en\/wp-json\/wp\/v2\/posts"}],"about":[{"href":"https:\/\/iacrianca.pt\/en\/wp-json\/wp\/v2\/types\/post"}],"author":[{"embeddable":true,"href":"https:\/\/iacrianca.pt\/en\/wp-json\/wp\/v2\/users\/2"}],"replies":[{"embeddable":true,"href":"https:\/\/iacrianca.pt\/en\/wp-json\/wp\/v2\/comments?post=17653"}],"version-history":[{"count":0,"href":"https:\/\/iacrianca.pt\/en\/wp-json\/wp\/v2\/posts\/17653\/revisions"}],"wp:featuredmedia":[{"embeddable":true,"href":"https:\/\/iacrianca.pt\/en\/wp-json\/wp\/v2\/media\/17931"}],"wp:attachment":[{"href":"https:\/\/iacrianca.pt\/en\/wp-json\/wp\/v2\/media?parent=17653"}],"wp:term":[{"taxonomy":"category","embeddable":true,"href":"https:\/\/iacrianca.pt\/en\/wp-json\/wp\/v2\/categories?post=17653"},{"taxonomy":"post_tag","embeddable":true,"href":"https:\/\/iacrianca.pt\/en\/wp-json\/wp\/v2\/tags?post=17653"}],"curies":[{"name":"wp","href":"https:\/\/api.w.org\/{rel}","templated":true}]}}