{"id":17732,"date":"2023-04-04T15:00:37","date_gmt":"2023-04-04T14:00:37","guid":{"rendered":"https:\/\/iacrianca.pt\/?p=17732"},"modified":"2023-04-10T10:36:51","modified_gmt":"2023-04-10T09:36:51","slug":"experienciar-e-aprender","status":"publish","type":"post","link":"https:\/\/iacrianca.pt\/en\/2023\/04\/experienciar-e-aprender\/","title":{"rendered":"Experienciar e Aprender"},"content":{"rendered":"<p><span data-contrast=\"auto\">Ao longo do m\u00eas de mar\u00e7o, para al\u00e9m dos projetos escolares, foram realizadas diversas atividades com os alunos da Escola de Segunda Oportunidade, no \u00e2mbito da componente pessoal.\u00a0<\/span><span data-ccp-props=\"{&quot;201341983&quot;:0,&quot;335551550&quot;:6,&quot;335551620&quot;:6,&quot;335559739&quot;:160,&quot;335559740&quot;:259}\">\u00a0<\/span><\/p>\n<p><span data-contrast=\"auto\">Nesta escola, consideramos que as aprendizagens formais se devem complementar e refor\u00e7ar com outro tipo de aprendizagens mais informais, que envolvam viv\u00eancias novas para os jovens. Neste sentido, os nossos alunos tiveram a oportunidade de experimentar arborismo no Parque do Jamor que implicou a realiza\u00e7\u00e3o de um percurso suspenso entre plataformas montadas em \u00e1rvores, composto de v\u00e1rias etapas com obst\u00e1culos e desafios. Nem todos conseguiram subir. Houve ainda quem se desafiasse, mas desistisse a meio e houve at\u00e9 quem dissesse que n\u00e3o subiria, mas que conseguisse por fim superar o seu medo de alturas e ultrapassar todos os obst\u00e1culos at\u00e9 ao fim. Foi uma experi\u00eancia marcante e muito enriquecedora, quer em termos individuais, quer de grupo para os 7 jovens aventureiros que participaram. <\/span><span data-ccp-props=\"{&quot;201341983&quot;:0,&quot;335551550&quot;:6,&quot;335551620&quot;:6,&quot;335559739&quot;:160,&quot;335559740&quot;:259}\">\u00a0<\/span><\/p>\n<p><span data-contrast=\"auto\">Uma outra atividade que teve impacto junto dos jovens foi a visita guiada ao Cemit\u00e9rio dos Prazeres, um museu a c\u00e9u aberto, em Lisboa. Com a orienta\u00e7\u00e3o de um historiador, percorreram os v\u00e1rios espa\u00e7os, viram jazigos e mausol\u00e9us artisticamente ornamentados, ouviram falar de personalidades importantes para a cidade e de hist\u00f3rias de amor. Ao longo da visita, os jovens iam colocando quest\u00f5es, manifestando interesse e curiosidade pelas hist\u00f3rias apresentadas.\u00a0<\/span><span data-ccp-props=\"{&quot;201341983&quot;:0,&quot;335551550&quot;:6,&quot;335551620&quot;:6,&quot;335559739&quot;:160,&quot;335559740&quot;:259}\">\u00a0<\/span><\/p>\n<p><span data-contrast=\"auto\">No sentido de experienciar novas atividades, foi desenvolvido, no espa\u00e7o dos Anjos, um workshop de Graffitti e outro de DJ, dinamizados por 2 ex-alunos do Projeto desenvolvido pelo IAC em Marvila, o projeto Educar e Formar para Inserir, semelhante ao que hoje desenvolvemos na Escola de Segunda Oportunidade. O F\u00e1bio e o Osvaldo, hoje adultos integrados no mercado de trabalho, para al\u00e9m de explicarem as t\u00e9cnicas de graffitti e como usar a mesa de mistura, deixaram o seu testemunho pessoal, partilhando a sua pr\u00f3pria experi\u00eancia de vida com os alunos da E2O, o que sabemos tem muito impacto junto dos jovens.<\/span><span data-ccp-props=\"{&quot;201341983&quot;:0,&quot;335551550&quot;:6,&quot;335551620&quot;:6,&quot;335559739&quot;:160,&quot;335559740&quot;:259}\">\u00a0<\/span><\/p>\n<p><span data-contrast=\"auto\">J\u00e1 no fim do m\u00eas de mar\u00e7o realiz\u00e1mos uma oficina de constru\u00e7\u00e3o de porta-chaves em corda, dinamizada pela colega do Centro de Apoio Comunit\u00e1rio (Teresa Sim\u00f5es), com ambas as turmas, \u00e0 qual todos aderiram, at\u00e9 os mais resistentes \u00e0s atividades manuais.\u00a0<\/span><span data-ccp-props=\"{&quot;201341983&quot;:0,&quot;335551550&quot;:6,&quot;335551620&quot;:6,&quot;335559739&quot;:160,&quot;335559740&quot;:259}\">\u00a0<\/span><\/p>\n<p><span data-contrast=\"auto\">Foi um m\u00eas de muitos desafios e atividades diversas em que procur\u00e1mos envolver e motivar os jovens para que estes estejam dispon\u00edveis para aprender e para dar continuidade aos seus percursos educativos. <\/span><span data-ccp-props=\"{&quot;201341983&quot;:0,&quot;335551550&quot;:6,&quot;335551620&quot;:6,&quot;335559739&quot;:160,&quot;335559740&quot;:259}\">\u00a0<\/span><\/p>\n<p><span data-ccp-props=\"{&quot;201341983&quot;:0,&quot;335551550&quot;:6,&quot;335551620&quot;:6,&quot;335559739&quot;:160,&quot;335559740&quot;:259}\"> <img fetchpriority=\"high\" decoding=\"async\" class=\"alignnone wp-image-17735 size-full\" src=\"https:\/\/iacrianca.pt\/wp-content\/uploads\/experien2.jpg\" alt=\"\" width=\"625\" height=\"830\" srcset=\"https:\/\/iacrianca.pt\/wp-content\/uploads\/experien2.jpg 625w, https:\/\/iacrianca.pt\/wp-content\/uploads\/experien2-226x300.jpg 226w\" sizes=\"(max-width: 625px) 100vw, 625px\" \/><\/span><\/p>\n","protected":false},"excerpt":{"rendered":"<p>Ao longo do m\u00eas de mar\u00e7o, para al\u00e9m dos projetos escolares, foram realizadas diversas atividades com os alunos da Escola de Segunda Oportunidade, no \u00e2mbito da componente pessoal.\u00a0\u00a0 Nesta escola, consideramos que as aprendizagens formais se devem complementar e refor\u00e7ar com outro tipo de aprendizagens mais informais, que envolvam viv\u00eancias novas para os jovens. Neste&hellip;<\/p>\n","protected":false},"author":2,"featured_media":17733,"comment_status":"open","ping_status":"open","sticky":false,"template":"","format":"standard","meta":{"_acf_changed":false,"footnotes":""},"categories":[63],"tags":[],"class_list":["post-17732","post","type-post","status-publish","format-standard","has-post-thumbnail","hentry","category-newsletter","category-63","description-off"],"acf":[],"yoast_head":"<!-- This site is optimized with the Yoast SEO plugin v27.5 - https:\/\/yoast.com\/product\/yoast-seo-wordpress\/ -->\n<title>Experienciar e Aprender | Instituto de Apoio \u00e0 Crian\u00e7a<\/title>\n<meta name=\"robots\" content=\"index, follow, max-snippet:-1, max-image-preview:large, max-video-preview:-1\" \/>\n<link rel=\"canonical\" href=\"https:\/\/iacrianca.pt\/en\/2023\/04\/experienciar-e-aprender\/\" \/>\n<meta property=\"og:locale\" content=\"en_US\" \/>\n<meta property=\"og:type\" content=\"article\" \/>\n<meta property=\"og:title\" content=\"Experienciar e Aprender | Instituto de Apoio \u00e0 Crian\u00e7a\" \/>\n<meta property=\"og:description\" content=\"Ao longo do m\u00eas de mar\u00e7o, para al\u00e9m dos projetos escolares, foram realizadas diversas atividades com os alunos da Escola de Segunda Oportunidade, no \u00e2mbito da componente pessoal.\u00a0\u00a0 Nesta escola, consideramos que as aprendizagens formais se devem complementar e refor\u00e7ar com outro tipo de aprendizagens mais informais, que envolvam viv\u00eancias novas para os jovens. Neste&hellip;\" \/>\n<meta property=\"og:url\" content=\"https:\/\/iacrianca.pt\/en\/2023\/04\/experienciar-e-aprender\/\" \/>\n<meta property=\"og:site_name\" content=\"Instituto de Apoio \u00e0 Crian\u00e7a\" \/>\n<meta property=\"article:publisher\" content=\"https:\/\/www.facebook.com\/iacinstitutodeapoioacrianca\" \/>\n<meta property=\"article:published_time\" content=\"2023-04-04T14:00:37+00:00\" \/>\n<meta property=\"article:modified_time\" content=\"2023-04-10T09:36:51+00:00\" \/>\n<meta property=\"og:image\" content=\"https:\/\/iacrianca.pt\/wp-content\/uploads\/exper.jpg\" \/>\n\t<meta property=\"og:image:width\" content=\"1865\" \/>\n\t<meta property=\"og:image:height\" content=\"832\" \/>\n\t<meta property=\"og:image:type\" content=\"image\/jpeg\" \/>\n<meta name=\"author\" content=\"Administra\u00e7\u00e3o IAC\" \/>\n<meta name=\"twitter:card\" content=\"summary_large_image\" \/>\n<meta name=\"twitter:creator\" content=\"@iacapoiocrianca\" \/>\n<meta name=\"twitter:site\" content=\"@iacapoiocrianca\" \/>\n<meta name=\"twitter:label1\" content=\"Written by\" \/>\n\t<meta name=\"twitter:data1\" content=\"Administra\u00e7\u00e3o IAC\" \/>\n\t<meta name=\"twitter:label2\" content=\"Est. reading time\" \/>\n\t<meta name=\"twitter:data2\" content=\"3 minutes\" \/>\n<script type=\"application\/ld+json\" class=\"yoast-schema-graph\">{\"@context\":\"https:\\\/\\\/schema.org\",\"@graph\":[{\"@type\":\"Article\",\"@id\":\"https:\\\/\\\/iacrianca.pt\\\/en\\\/2023\\\/04\\\/experienciar-e-aprender\\\/#article\",\"isPartOf\":{\"@id\":\"https:\\\/\\\/iacrianca.pt\\\/en\\\/2023\\\/04\\\/experienciar-e-aprender\\\/\"},\"author\":{\"name\":\"Administra\u00e7\u00e3o IAC\",\"@id\":\"https:\\\/\\\/iacrianca.pt\\\/en\\\/#\\\/schema\\\/person\\\/1c48c6e4b70d0dc7360e4b28ceaa5f6b\"},\"headline\":\"Experienciar e Aprender\",\"datePublished\":\"2023-04-04T14:00:37+00:00\",\"dateModified\":\"2023-04-10T09:36:51+00:00\",\"mainEntityOfPage\":{\"@id\":\"https:\\\/\\\/iacrianca.pt\\\/en\\\/2023\\\/04\\\/experienciar-e-aprender\\\/\"},\"wordCount\":430,\"commentCount\":0,\"publisher\":{\"@id\":\"https:\\\/\\\/iacrianca.pt\\\/en\\\/#organization\"},\"image\":{\"@id\":\"https:\\\/\\\/iacrianca.pt\\\/en\\\/2023\\\/04\\\/experienciar-e-aprender\\\/#primaryimage\"},\"thumbnailUrl\":\"https:\\\/\\\/iacrianca.pt\\\/wp-content\\\/uploads\\\/exper.jpg\",\"articleSection\":[\"Newsletter\"],\"inLanguage\":\"en-US\",\"potentialAction\":[{\"@type\":\"CommentAction\",\"name\":\"Comment\",\"target\":[\"https:\\\/\\\/iacrianca.pt\\\/en\\\/2023\\\/04\\\/experienciar-e-aprender\\\/#respond\"]}]},{\"@type\":\"WebPage\",\"@id\":\"https:\\\/\\\/iacrianca.pt\\\/en\\\/2023\\\/04\\\/experienciar-e-aprender\\\/\",\"url\":\"https:\\\/\\\/iacrianca.pt\\\/en\\\/2023\\\/04\\\/experienciar-e-aprender\\\/\",\"name\":\"Experienciar e Aprender | Instituto de Apoio \u00e0 Crian\u00e7a\",\"isPartOf\":{\"@id\":\"https:\\\/\\\/iacrianca.pt\\\/en\\\/#website\"},\"primaryImageOfPage\":{\"@id\":\"https:\\\/\\\/iacrianca.pt\\\/en\\\/2023\\\/04\\\/experienciar-e-aprender\\\/#primaryimage\"},\"image\":{\"@id\":\"https:\\\/\\\/iacrianca.pt\\\/en\\\/2023\\\/04\\\/experienciar-e-aprender\\\/#primaryimage\"},\"thumbnailUrl\":\"https:\\\/\\\/iacrianca.pt\\\/wp-content\\\/uploads\\\/exper.jpg\",\"datePublished\":\"2023-04-04T14:00:37+00:00\",\"dateModified\":\"2023-04-10T09:36:51+00:00\",\"breadcrumb\":{\"@id\":\"https:\\\/\\\/iacrianca.pt\\\/en\\\/2023\\\/04\\\/experienciar-e-aprender\\\/#breadcrumb\"},\"inLanguage\":\"en-US\",\"potentialAction\":[{\"@type\":\"ReadAction\",\"target\":[\"https:\\\/\\\/iacrianca.pt\\\/en\\\/2023\\\/04\\\/experienciar-e-aprender\\\/\"]}]},{\"@type\":\"ImageObject\",\"inLanguage\":\"en-US\",\"@id\":\"https:\\\/\\\/iacrianca.pt\\\/en\\\/2023\\\/04\\\/experienciar-e-aprender\\\/#primaryimage\",\"url\":\"https:\\\/\\\/iacrianca.pt\\\/wp-content\\\/uploads\\\/exper.jpg\",\"contentUrl\":\"https:\\\/\\\/iacrianca.pt\\\/wp-content\\\/uploads\\\/exper.jpg\",\"width\":1865,\"height\":832},{\"@type\":\"BreadcrumbList\",\"@id\":\"https:\\\/\\\/iacrianca.pt\\\/en\\\/2023\\\/04\\\/experienciar-e-aprender\\\/#breadcrumb\",\"itemListElement\":[{\"@type\":\"ListItem\",\"position\":1,\"name\":\"In\u00edcio\",\"item\":\"https:\\\/\\\/iacrianca.pt\\\/en\\\/\"},{\"@type\":\"ListItem\",\"position\":2,\"name\":\"Experienciar e Aprender\"}]},{\"@type\":\"WebSite\",\"@id\":\"https:\\\/\\\/iacrianca.pt\\\/en\\\/#website\",\"url\":\"https:\\\/\\\/iacrianca.pt\\\/en\\\/\",\"name\":\"Instituto de Apoio \u00e0 Crian\u00e7a\",\"description\":\"Desde 1983 na defesa e promo\u00e7\u00e3o dos direitos da crian\u00e7a\",\"publisher\":{\"@id\":\"https:\\\/\\\/iacrianca.pt\\\/en\\\/#organization\"},\"potentialAction\":[{\"@type\":\"SearchAction\",\"target\":{\"@type\":\"EntryPoint\",\"urlTemplate\":\"https:\\\/\\\/iacrianca.pt\\\/en\\\/?s={search_term_string}\"},\"query-input\":{\"@type\":\"PropertyValueSpecification\",\"valueRequired\":true,\"valueName\":\"search_term_string\"}}],\"inLanguage\":\"en-US\"},{\"@type\":\"Organization\",\"@id\":\"https:\\\/\\\/iacrianca.pt\\\/en\\\/#organization\",\"name\":\"Instituto de Apoio \u00e0 Crian\u00e7a\",\"url\":\"https:\\\/\\\/iacrianca.pt\\\/en\\\/\",\"logo\":{\"@type\":\"ImageObject\",\"inLanguage\":\"en-US\",\"@id\":\"https:\\\/\\\/iacrianca.pt\\\/en\\\/#\\\/schema\\\/logo\\\/image\\\/\",\"url\":\"https:\\\/\\\/iacrianca.pt\\\/wp-content\\\/uploads\\\/2020\\\/04\\\/logo-iac-SD.jpg\",\"contentUrl\":\"https:\\\/\\\/iacrianca.pt\\\/wp-content\\\/uploads\\\/2020\\\/04\\\/logo-iac-SD.jpg\",\"width\":152,\"height\":73,\"caption\":\"Instituto de Apoio \u00e0 Crian\u00e7a\"},\"image\":{\"@id\":\"https:\\\/\\\/iacrianca.pt\\\/en\\\/#\\\/schema\\\/logo\\\/image\\\/\"},\"sameAs\":[\"https:\\\/\\\/www.facebook.com\\\/iacinstitutodeapoioacrianca\",\"https:\\\/\\\/x.com\\\/iacapoiocrianca\",\"https:\\\/\\\/www.youtube.com\\\/channel\\\/UC0jjfZ_xkN_59gJf_RQ-ZnQ\",\"https:\\\/\\\/www.linkedin.com\\\/company\\\/instituto-de-apoio--criana\\\/\",\"https:\\\/\\\/www.instagram.com\\\/iacinstitutodeapoioacrianca\\\/\",\"https:\\\/\\\/criancasatortoeadireitos.wordpress.com\\\/\"]},{\"@type\":\"Person\",\"@id\":\"https:\\\/\\\/iacrianca.pt\\\/en\\\/#\\\/schema\\\/person\\\/1c48c6e4b70d0dc7360e4b28ceaa5f6b\",\"name\":\"Administra\u00e7\u00e3o IAC\",\"image\":{\"@type\":\"ImageObject\",\"inLanguage\":\"en-US\",\"@id\":\"https:\\\/\\\/secure.gravatar.com\\\/avatar\\\/60b998c71de37dcc1398fc6d48c6b5ed7533e3ceec837c948055f072e3158ff1?s=96&d=mm&r=g\",\"url\":\"https:\\\/\\\/secure.gravatar.com\\\/avatar\\\/60b998c71de37dcc1398fc6d48c6b5ed7533e3ceec837c948055f072e3158ff1?s=96&d=mm&r=g\",\"contentUrl\":\"https:\\\/\\\/secure.gravatar.com\\\/avatar\\\/60b998c71de37dcc1398fc6d48c6b5ed7533e3ceec837c948055f072e3158ff1?s=96&d=mm&r=g\",\"caption\":\"Administra\u00e7\u00e3o IAC\"}}]}<\/script>\n<!-- \/ Yoast SEO plugin. -->","yoast_head_json":{"title":"Experienciar e Aprender | Instituto de Apoio \u00e0 Crian\u00e7a","robots":{"index":"index","follow":"follow","max-snippet":"max-snippet:-1","max-image-preview":"max-image-preview:large","max-video-preview":"max-video-preview:-1"},"canonical":"https:\/\/iacrianca.pt\/en\/2023\/04\/experienciar-e-aprender\/","og_locale":"en_US","og_type":"article","og_title":"Experienciar e Aprender | Instituto de Apoio \u00e0 Crian\u00e7a","og_description":"Ao longo do m\u00eas de mar\u00e7o, para al\u00e9m dos projetos escolares, foram realizadas diversas atividades com os alunos da Escola de Segunda Oportunidade, no \u00e2mbito da componente pessoal.\u00a0\u00a0 Nesta escola, consideramos que as aprendizagens formais se devem complementar e refor\u00e7ar com outro tipo de aprendizagens mais informais, que envolvam viv\u00eancias novas para os jovens. Neste&hellip;","og_url":"https:\/\/iacrianca.pt\/en\/2023\/04\/experienciar-e-aprender\/","og_site_name":"Instituto de Apoio \u00e0 Crian\u00e7a","article_publisher":"https:\/\/www.facebook.com\/iacinstitutodeapoioacrianca","article_published_time":"2023-04-04T14:00:37+00:00","article_modified_time":"2023-04-10T09:36:51+00:00","og_image":[{"width":1865,"height":832,"url":"https:\/\/iacrianca.pt\/wp-content\/uploads\/exper.jpg","type":"image\/jpeg"}],"author":"Administra\u00e7\u00e3o IAC","twitter_card":"summary_large_image","twitter_creator":"@iacapoiocrianca","twitter_site":"@iacapoiocrianca","twitter_misc":{"Written by":"Administra\u00e7\u00e3o IAC","Est. reading time":"3 minutes"},"schema":{"@context":"https:\/\/schema.org","@graph":[{"@type":"Article","@id":"https:\/\/iacrianca.pt\/en\/2023\/04\/experienciar-e-aprender\/#article","isPartOf":{"@id":"https:\/\/iacrianca.pt\/en\/2023\/04\/experienciar-e-aprender\/"},"author":{"name":"Administra\u00e7\u00e3o IAC","@id":"https:\/\/iacrianca.pt\/en\/#\/schema\/person\/1c48c6e4b70d0dc7360e4b28ceaa5f6b"},"headline":"Experienciar e Aprender","datePublished":"2023-04-04T14:00:37+00:00","dateModified":"2023-04-10T09:36:51+00:00","mainEntityOfPage":{"@id":"https:\/\/iacrianca.pt\/en\/2023\/04\/experienciar-e-aprender\/"},"wordCount":430,"commentCount":0,"publisher":{"@id":"https:\/\/iacrianca.pt\/en\/#organization"},"image":{"@id":"https:\/\/iacrianca.pt\/en\/2023\/04\/experienciar-e-aprender\/#primaryimage"},"thumbnailUrl":"https:\/\/iacrianca.pt\/wp-content\/uploads\/exper.jpg","articleSection":["Newsletter"],"inLanguage":"en-US","potentialAction":[{"@type":"CommentAction","name":"Comment","target":["https:\/\/iacrianca.pt\/en\/2023\/04\/experienciar-e-aprender\/#respond"]}]},{"@type":"WebPage","@id":"https:\/\/iacrianca.pt\/en\/2023\/04\/experienciar-e-aprender\/","url":"https:\/\/iacrianca.pt\/en\/2023\/04\/experienciar-e-aprender\/","name":"Experienciar e Aprender | Instituto de Apoio \u00e0 Crian\u00e7a","isPartOf":{"@id":"https:\/\/iacrianca.pt\/en\/#website"},"primaryImageOfPage":{"@id":"https:\/\/iacrianca.pt\/en\/2023\/04\/experienciar-e-aprender\/#primaryimage"},"image":{"@id":"https:\/\/iacrianca.pt\/en\/2023\/04\/experienciar-e-aprender\/#primaryimage"},"thumbnailUrl":"https:\/\/iacrianca.pt\/wp-content\/uploads\/exper.jpg","datePublished":"2023-04-04T14:00:37+00:00","dateModified":"2023-04-10T09:36:51+00:00","breadcrumb":{"@id":"https:\/\/iacrianca.pt\/en\/2023\/04\/experienciar-e-aprender\/#breadcrumb"},"inLanguage":"en-US","potentialAction":[{"@type":"ReadAction","target":["https:\/\/iacrianca.pt\/en\/2023\/04\/experienciar-e-aprender\/"]}]},{"@type":"ImageObject","inLanguage":"en-US","@id":"https:\/\/iacrianca.pt\/en\/2023\/04\/experienciar-e-aprender\/#primaryimage","url":"https:\/\/iacrianca.pt\/wp-content\/uploads\/exper.jpg","contentUrl":"https:\/\/iacrianca.pt\/wp-content\/uploads\/exper.jpg","width":1865,"height":832},{"@type":"BreadcrumbList","@id":"https:\/\/iacrianca.pt\/en\/2023\/04\/experienciar-e-aprender\/#breadcrumb","itemListElement":[{"@type":"ListItem","position":1,"name":"In\u00edcio","item":"https:\/\/iacrianca.pt\/en\/"},{"@type":"ListItem","position":2,"name":"Experienciar e Aprender"}]},{"@type":"WebSite","@id":"https:\/\/iacrianca.pt\/en\/#website","url":"https:\/\/iacrianca.pt\/en\/","name":"Instituto de Apoio \u00e0 Crian\u00e7a","description":"Desde 1983 na defesa e promo\u00e7\u00e3o dos direitos da crian\u00e7a","publisher":{"@id":"https:\/\/iacrianca.pt\/en\/#organization"},"potentialAction":[{"@type":"SearchAction","target":{"@type":"EntryPoint","urlTemplate":"https:\/\/iacrianca.pt\/en\/?s={search_term_string}"},"query-input":{"@type":"PropertyValueSpecification","valueRequired":true,"valueName":"search_term_string"}}],"inLanguage":"en-US"},{"@type":"Organization","@id":"https:\/\/iacrianca.pt\/en\/#organization","name":"Instituto de Apoio \u00e0 Crian\u00e7a","url":"https:\/\/iacrianca.pt\/en\/","logo":{"@type":"ImageObject","inLanguage":"en-US","@id":"https:\/\/iacrianca.pt\/en\/#\/schema\/logo\/image\/","url":"https:\/\/iacrianca.pt\/wp-content\/uploads\/2020\/04\/logo-iac-SD.jpg","contentUrl":"https:\/\/iacrianca.pt\/wp-content\/uploads\/2020\/04\/logo-iac-SD.jpg","width":152,"height":73,"caption":"Instituto de Apoio \u00e0 Crian\u00e7a"},"image":{"@id":"https:\/\/iacrianca.pt\/en\/#\/schema\/logo\/image\/"},"sameAs":["https:\/\/www.facebook.com\/iacinstitutodeapoioacrianca","https:\/\/x.com\/iacapoiocrianca","https:\/\/www.youtube.com\/channel\/UC0jjfZ_xkN_59gJf_RQ-ZnQ","https:\/\/www.linkedin.com\/company\/instituto-de-apoio--criana\/","https:\/\/www.instagram.com\/iacinstitutodeapoioacrianca\/","https:\/\/criancasatortoeadireitos.wordpress.com\/"]},{"@type":"Person","@id":"https:\/\/iacrianca.pt\/en\/#\/schema\/person\/1c48c6e4b70d0dc7360e4b28ceaa5f6b","name":"Administra\u00e7\u00e3o IAC","image":{"@type":"ImageObject","inLanguage":"en-US","@id":"https:\/\/secure.gravatar.com\/avatar\/60b998c71de37dcc1398fc6d48c6b5ed7533e3ceec837c948055f072e3158ff1?s=96&d=mm&r=g","url":"https:\/\/secure.gravatar.com\/avatar\/60b998c71de37dcc1398fc6d48c6b5ed7533e3ceec837c948055f072e3158ff1?s=96&d=mm&r=g","contentUrl":"https:\/\/secure.gravatar.com\/avatar\/60b998c71de37dcc1398fc6d48c6b5ed7533e3ceec837c948055f072e3158ff1?s=96&d=mm&r=g","caption":"Administra\u00e7\u00e3o IAC"}}]}},"_links":{"self":[{"href":"https:\/\/iacrianca.pt\/en\/wp-json\/wp\/v2\/posts\/17732","targetHints":{"allow":["GET"]}}],"collection":[{"href":"https:\/\/iacrianca.pt\/en\/wp-json\/wp\/v2\/posts"}],"about":[{"href":"https:\/\/iacrianca.pt\/en\/wp-json\/wp\/v2\/types\/post"}],"author":[{"embeddable":true,"href":"https:\/\/iacrianca.pt\/en\/wp-json\/wp\/v2\/users\/2"}],"replies":[{"embeddable":true,"href":"https:\/\/iacrianca.pt\/en\/wp-json\/wp\/v2\/comments?post=17732"}],"version-history":[{"count":0,"href":"https:\/\/iacrianca.pt\/en\/wp-json\/wp\/v2\/posts\/17732\/revisions"}],"wp:featuredmedia":[{"embeddable":true,"href":"https:\/\/iacrianca.pt\/en\/wp-json\/wp\/v2\/media\/17733"}],"wp:attachment":[{"href":"https:\/\/iacrianca.pt\/en\/wp-json\/wp\/v2\/media?parent=17732"}],"wp:term":[{"taxonomy":"category","embeddable":true,"href":"https:\/\/iacrianca.pt\/en\/wp-json\/wp\/v2\/categories?post=17732"},{"taxonomy":"post_tag","embeddable":true,"href":"https:\/\/iacrianca.pt\/en\/wp-json\/wp\/v2\/tags?post=17732"}],"curies":[{"name":"wp","href":"https:\/\/api.w.org\/{rel}","templated":true}]}}