{"id":17993,"date":"2023-05-08T09:32:26","date_gmt":"2023-05-08T08:32:26","guid":{"rendered":"https:\/\/iacrianca.pt\/?p=17993"},"modified":"2023-05-12T12:33:10","modified_gmt":"2023-05-12T11:33:10","slug":"direitos-da-crianca-na-escola-basica-da-cruz-de-pau","status":"publish","type":"post","link":"https:\/\/iacrianca.pt\/en\/2023\/05\/direitos-da-crianca-na-escola-basica-da-cruz-de-pau\/","title":{"rendered":"Direitos da Crian\u00e7a na Escola B\u00e1sica da Cruz de Pau"},"content":{"rendered":"<p>O IAC lan\u00e7ou um desafio aos alunos e professores das 6 turmas de 6.\u00ba ano (130 alunos) da Escola B\u00e1sica da Cruz de Pau &#8211; Agrupamento de Escolas Terras de Larus que consistia em conhecerem a Conven\u00e7\u00e3o sobre os Direitos da Crian\u00e7a e trabalharem, em especial, 12 Direitos nela descritos.<br \/>\nAlunos e professores aceitaram de imediato este desafio e, de forma entusiasta e muito participativa, desenvolveram diversas atividades de forma colaborativa e articulada entre as disciplinas de Cidadania e Desenvolvimento, Educa\u00e7\u00e3o Visual e a Biblioteca Escolar. \u00a0Uma das turmas participantes \u00e9 de Educa\u00e7\u00e3o Bilingue\/L\u00edngua Gestual.<br \/>\nAs atividades desenvolvidas iniciaram-se com uma sensibiliza\u00e7\u00e3o pela Biblioteca, partindo depois para a pesquisa, sele\u00e7\u00e3o, registo de informa\u00e7\u00e3o (atrav\u00e9s de um gui\u00e3o orientador) e debate sobre a tem\u00e1tica em Cidadania. Posteriormente, em Educa\u00e7\u00e3o Visual, os alunos realizaram o registo gr\u00e1fico e ilustrativo de 12 artigos da Conven\u00e7\u00e3o.<br \/>\nOs produtos resultantes desta iniciativa revelam bem a forma not\u00e1vel e empenhada com que este desafio foi abra\u00e7ado por todos, tendo em conta a qualidade dos trabalhos apresentados. Contamos, ao longo do ano, ir desvendando e apresentando estes trabalhos. Fiquem atentos!<br \/>\nO nosso obrigado \u00e0 Escola B\u00e1sica da Cruz de Pau e, em especial, aos professores: Gra\u00e7a Henriques e Celina Fernandes (Biblioteca Escolar), Leoc\u00e1dia Lemos e Carlos Almeida (Educa\u00e7\u00e3o Visual), Ana Gameiro e Henrique Antunes (Cidadania e Desenvolvimento).<\/p>\n","protected":false},"excerpt":{"rendered":"<p>O IAC lan\u00e7ou um desafio aos alunos e professores das 6 turmas de 6.\u00ba ano (130 alunos) da Escola B\u00e1sica da Cruz de Pau &#8211; Agrupamento de Escolas Terras de Larus que consistia em conhecerem a Conven\u00e7\u00e3o sobre os Direitos da Crian\u00e7a e trabalharem, em especial, 12 Direitos nela descritos. Alunos e professores aceitaram de&hellip;<\/p>\n","protected":false},"author":2,"featured_media":17994,"comment_status":"open","ping_status":"open","sticky":false,"template":"","format":"standard","meta":{"_acf_changed":false,"footnotes":""},"categories":[63],"tags":[],"class_list":["post-17993","post","type-post","status-publish","format-standard","has-post-thumbnail","hentry","category-newsletter","category-63","description-off"],"acf":[],"yoast_head":"<!-- This site is optimized with the Yoast SEO plugin v27.4 - https:\/\/yoast.com\/product\/yoast-seo-wordpress\/ -->\n<title>Direitos da Crian\u00e7a na Escola B\u00e1sica da Cruz de Pau | Instituto de Apoio \u00e0 Crian\u00e7a<\/title>\n<meta name=\"robots\" content=\"index, follow, max-snippet:-1, max-image-preview:large, max-video-preview:-1\" \/>\n<link rel=\"canonical\" href=\"https:\/\/iacrianca.pt\/en\/2023\/05\/direitos-da-crianca-na-escola-basica-da-cruz-de-pau\/\" \/>\n<meta property=\"og:locale\" content=\"en_US\" \/>\n<meta property=\"og:type\" content=\"article\" \/>\n<meta property=\"og:title\" content=\"Direitos da Crian\u00e7a na Escola B\u00e1sica da Cruz de Pau | Instituto de Apoio \u00e0 Crian\u00e7a\" \/>\n<meta property=\"og:description\" content=\"O IAC lan\u00e7ou um desafio aos alunos e professores das 6 turmas de 6.\u00ba ano (130 alunos) da Escola B\u00e1sica da Cruz de Pau &#8211; Agrupamento de Escolas Terras de Larus que consistia em conhecerem a Conven\u00e7\u00e3o sobre os Direitos da Crian\u00e7a e trabalharem, em especial, 12 Direitos nela descritos. Alunos e professores aceitaram de&hellip;\" \/>\n<meta property=\"og:url\" content=\"https:\/\/iacrianca.pt\/en\/2023\/05\/direitos-da-crianca-na-escola-basica-da-cruz-de-pau\/\" \/>\n<meta property=\"og:site_name\" content=\"Instituto de Apoio \u00e0 Crian\u00e7a\" \/>\n<meta property=\"article:publisher\" content=\"https:\/\/www.facebook.com\/iacinstitutodeapoioacrianca\" \/>\n<meta property=\"article:published_time\" content=\"2023-05-08T08:32:26+00:00\" \/>\n<meta property=\"article:modified_time\" content=\"2023-05-12T11:33:10+00:00\" \/>\n<meta property=\"og:image\" content=\"https:\/\/iacrianca.pt\/wp-content\/uploads\/whatsapp-image-2023-05-05-at-153837-1.jpeg\" \/>\n\t<meta property=\"og:image:width\" content=\"1600\" \/>\n\t<meta property=\"og:image:height\" content=\"1584\" \/>\n\t<meta property=\"og:image:type\" content=\"image\/jpeg\" \/>\n<meta name=\"author\" content=\"Administra\u00e7\u00e3o IAC\" \/>\n<meta name=\"twitter:card\" content=\"summary_large_image\" \/>\n<meta name=\"twitter:creator\" content=\"@iacapoiocrianca\" \/>\n<meta name=\"twitter:site\" content=\"@iacapoiocrianca\" \/>\n<meta name=\"twitter:label1\" content=\"Written by\" \/>\n\t<meta name=\"twitter:data1\" content=\"Administra\u00e7\u00e3o IAC\" \/>\n\t<meta name=\"twitter:label2\" content=\"Est. reading time\" \/>\n\t<meta name=\"twitter:data2\" content=\"2 minutes\" \/>\n<script type=\"application\/ld+json\" class=\"yoast-schema-graph\">{\"@context\":\"https:\\\/\\\/schema.org\",\"@graph\":[{\"@type\":\"Article\",\"@id\":\"https:\\\/\\\/iacrianca.pt\\\/en\\\/2023\\\/05\\\/direitos-da-crianca-na-escola-basica-da-cruz-de-pau\\\/#article\",\"isPartOf\":{\"@id\":\"https:\\\/\\\/iacrianca.pt\\\/en\\\/2023\\\/05\\\/direitos-da-crianca-na-escola-basica-da-cruz-de-pau\\\/\"},\"author\":{\"name\":\"Administra\u00e7\u00e3o IAC\",\"@id\":\"https:\\\/\\\/iacrianca.pt\\\/en\\\/#\\\/schema\\\/person\\\/1c48c6e4b70d0dc7360e4b28ceaa5f6b\"},\"headline\":\"Direitos da Crian\u00e7a na Escola B\u00e1sica da Cruz de Pau\",\"datePublished\":\"2023-05-08T08:32:26+00:00\",\"dateModified\":\"2023-05-12T11:33:10+00:00\",\"mainEntityOfPage\":{\"@id\":\"https:\\\/\\\/iacrianca.pt\\\/en\\\/2023\\\/05\\\/direitos-da-crianca-na-escola-basica-da-cruz-de-pau\\\/\"},\"wordCount\":248,\"commentCount\":0,\"publisher\":{\"@id\":\"https:\\\/\\\/iacrianca.pt\\\/en\\\/#organization\"},\"image\":{\"@id\":\"https:\\\/\\\/iacrianca.pt\\\/en\\\/2023\\\/05\\\/direitos-da-crianca-na-escola-basica-da-cruz-de-pau\\\/#primaryimage\"},\"thumbnailUrl\":\"https:\\\/\\\/iacrianca.pt\\\/wp-content\\\/uploads\\\/whatsapp-image-2023-05-05-at-153837-1.jpeg\",\"articleSection\":[\"Newsletter\"],\"inLanguage\":\"en-US\",\"potentialAction\":[{\"@type\":\"CommentAction\",\"name\":\"Comment\",\"target\":[\"https:\\\/\\\/iacrianca.pt\\\/en\\\/2023\\\/05\\\/direitos-da-crianca-na-escola-basica-da-cruz-de-pau\\\/#respond\"]}]},{\"@type\":\"WebPage\",\"@id\":\"https:\\\/\\\/iacrianca.pt\\\/en\\\/2023\\\/05\\\/direitos-da-crianca-na-escola-basica-da-cruz-de-pau\\\/\",\"url\":\"https:\\\/\\\/iacrianca.pt\\\/en\\\/2023\\\/05\\\/direitos-da-crianca-na-escola-basica-da-cruz-de-pau\\\/\",\"name\":\"Direitos da Crian\u00e7a na Escola B\u00e1sica da Cruz de Pau | Instituto de Apoio \u00e0 Crian\u00e7a\",\"isPartOf\":{\"@id\":\"https:\\\/\\\/iacrianca.pt\\\/en\\\/#website\"},\"primaryImageOfPage\":{\"@id\":\"https:\\\/\\\/iacrianca.pt\\\/en\\\/2023\\\/05\\\/direitos-da-crianca-na-escola-basica-da-cruz-de-pau\\\/#primaryimage\"},\"image\":{\"@id\":\"https:\\\/\\\/iacrianca.pt\\\/en\\\/2023\\\/05\\\/direitos-da-crianca-na-escola-basica-da-cruz-de-pau\\\/#primaryimage\"},\"thumbnailUrl\":\"https:\\\/\\\/iacrianca.pt\\\/wp-content\\\/uploads\\\/whatsapp-image-2023-05-05-at-153837-1.jpeg\",\"datePublished\":\"2023-05-08T08:32:26+00:00\",\"dateModified\":\"2023-05-12T11:33:10+00:00\",\"breadcrumb\":{\"@id\":\"https:\\\/\\\/iacrianca.pt\\\/en\\\/2023\\\/05\\\/direitos-da-crianca-na-escola-basica-da-cruz-de-pau\\\/#breadcrumb\"},\"inLanguage\":\"en-US\",\"potentialAction\":[{\"@type\":\"ReadAction\",\"target\":[\"https:\\\/\\\/iacrianca.pt\\\/en\\\/2023\\\/05\\\/direitos-da-crianca-na-escola-basica-da-cruz-de-pau\\\/\"]}]},{\"@type\":\"ImageObject\",\"inLanguage\":\"en-US\",\"@id\":\"https:\\\/\\\/iacrianca.pt\\\/en\\\/2023\\\/05\\\/direitos-da-crianca-na-escola-basica-da-cruz-de-pau\\\/#primaryimage\",\"url\":\"https:\\\/\\\/iacrianca.pt\\\/wp-content\\\/uploads\\\/whatsapp-image-2023-05-05-at-153837-1.jpeg\",\"contentUrl\":\"https:\\\/\\\/iacrianca.pt\\\/wp-content\\\/uploads\\\/whatsapp-image-2023-05-05-at-153837-1.jpeg\",\"width\":1600,\"height\":1584},{\"@type\":\"BreadcrumbList\",\"@id\":\"https:\\\/\\\/iacrianca.pt\\\/en\\\/2023\\\/05\\\/direitos-da-crianca-na-escola-basica-da-cruz-de-pau\\\/#breadcrumb\",\"itemListElement\":[{\"@type\":\"ListItem\",\"position\":1,\"name\":\"In\u00edcio\",\"item\":\"https:\\\/\\\/iacrianca.pt\\\/en\\\/\"},{\"@type\":\"ListItem\",\"position\":2,\"name\":\"Direitos da Crian\u00e7a na Escola B\u00e1sica da Cruz de Pau\"}]},{\"@type\":\"WebSite\",\"@id\":\"https:\\\/\\\/iacrianca.pt\\\/en\\\/#website\",\"url\":\"https:\\\/\\\/iacrianca.pt\\\/en\\\/\",\"name\":\"Instituto de Apoio \u00e0 Crian\u00e7a\",\"description\":\"Desde 1983 na defesa e promo\u00e7\u00e3o dos direitos da crian\u00e7a\",\"publisher\":{\"@id\":\"https:\\\/\\\/iacrianca.pt\\\/en\\\/#organization\"},\"potentialAction\":[{\"@type\":\"SearchAction\",\"target\":{\"@type\":\"EntryPoint\",\"urlTemplate\":\"https:\\\/\\\/iacrianca.pt\\\/en\\\/?s={search_term_string}\"},\"query-input\":{\"@type\":\"PropertyValueSpecification\",\"valueRequired\":true,\"valueName\":\"search_term_string\"}}],\"inLanguage\":\"en-US\"},{\"@type\":\"Organization\",\"@id\":\"https:\\\/\\\/iacrianca.pt\\\/en\\\/#organization\",\"name\":\"Instituto de Apoio \u00e0 Crian\u00e7a\",\"url\":\"https:\\\/\\\/iacrianca.pt\\\/en\\\/\",\"logo\":{\"@type\":\"ImageObject\",\"inLanguage\":\"en-US\",\"@id\":\"https:\\\/\\\/iacrianca.pt\\\/en\\\/#\\\/schema\\\/logo\\\/image\\\/\",\"url\":\"https:\\\/\\\/iacrianca.pt\\\/wp-content\\\/uploads\\\/2020\\\/04\\\/logo-iac-SD.jpg\",\"contentUrl\":\"https:\\\/\\\/iacrianca.pt\\\/wp-content\\\/uploads\\\/2020\\\/04\\\/logo-iac-SD.jpg\",\"width\":152,\"height\":73,\"caption\":\"Instituto de Apoio \u00e0 Crian\u00e7a\"},\"image\":{\"@id\":\"https:\\\/\\\/iacrianca.pt\\\/en\\\/#\\\/schema\\\/logo\\\/image\\\/\"},\"sameAs\":[\"https:\\\/\\\/www.facebook.com\\\/iacinstitutodeapoioacrianca\",\"https:\\\/\\\/x.com\\\/iacapoiocrianca\",\"https:\\\/\\\/www.youtube.com\\\/channel\\\/UC0jjfZ_xkN_59gJf_RQ-ZnQ\",\"https:\\\/\\\/www.linkedin.com\\\/company\\\/instituto-de-apoio--criana\\\/\",\"https:\\\/\\\/www.instagram.com\\\/iacinstitutodeapoioacrianca\\\/\",\"https:\\\/\\\/criancasatortoeadireitos.wordpress.com\\\/\"]},{\"@type\":\"Person\",\"@id\":\"https:\\\/\\\/iacrianca.pt\\\/en\\\/#\\\/schema\\\/person\\\/1c48c6e4b70d0dc7360e4b28ceaa5f6b\",\"name\":\"Administra\u00e7\u00e3o IAC\",\"image\":{\"@type\":\"ImageObject\",\"inLanguage\":\"en-US\",\"@id\":\"https:\\\/\\\/secure.gravatar.com\\\/avatar\\\/60b998c71de37dcc1398fc6d48c6b5ed7533e3ceec837c948055f072e3158ff1?s=96&d=mm&r=g\",\"url\":\"https:\\\/\\\/secure.gravatar.com\\\/avatar\\\/60b998c71de37dcc1398fc6d48c6b5ed7533e3ceec837c948055f072e3158ff1?s=96&d=mm&r=g\",\"contentUrl\":\"https:\\\/\\\/secure.gravatar.com\\\/avatar\\\/60b998c71de37dcc1398fc6d48c6b5ed7533e3ceec837c948055f072e3158ff1?s=96&d=mm&r=g\",\"caption\":\"Administra\u00e7\u00e3o IAC\"}}]}<\/script>\n<!-- \/ Yoast SEO plugin. -->","yoast_head_json":{"title":"Direitos da Crian\u00e7a na Escola B\u00e1sica da Cruz de Pau | Instituto de Apoio \u00e0 Crian\u00e7a","robots":{"index":"index","follow":"follow","max-snippet":"max-snippet:-1","max-image-preview":"max-image-preview:large","max-video-preview":"max-video-preview:-1"},"canonical":"https:\/\/iacrianca.pt\/en\/2023\/05\/direitos-da-crianca-na-escola-basica-da-cruz-de-pau\/","og_locale":"en_US","og_type":"article","og_title":"Direitos da Crian\u00e7a na Escola B\u00e1sica da Cruz de Pau | Instituto de Apoio \u00e0 Crian\u00e7a","og_description":"O IAC lan\u00e7ou um desafio aos alunos e professores das 6 turmas de 6.\u00ba ano (130 alunos) da Escola B\u00e1sica da Cruz de Pau &#8211; Agrupamento de Escolas Terras de Larus que consistia em conhecerem a Conven\u00e7\u00e3o sobre os Direitos da Crian\u00e7a e trabalharem, em especial, 12 Direitos nela descritos. Alunos e professores aceitaram de&hellip;","og_url":"https:\/\/iacrianca.pt\/en\/2023\/05\/direitos-da-crianca-na-escola-basica-da-cruz-de-pau\/","og_site_name":"Instituto de Apoio \u00e0 Crian\u00e7a","article_publisher":"https:\/\/www.facebook.com\/iacinstitutodeapoioacrianca","article_published_time":"2023-05-08T08:32:26+00:00","article_modified_time":"2023-05-12T11:33:10+00:00","og_image":[{"width":1600,"height":1584,"url":"https:\/\/iacrianca.pt\/wp-content\/uploads\/whatsapp-image-2023-05-05-at-153837-1.jpeg","type":"image\/jpeg"}],"author":"Administra\u00e7\u00e3o IAC","twitter_card":"summary_large_image","twitter_creator":"@iacapoiocrianca","twitter_site":"@iacapoiocrianca","twitter_misc":{"Written by":"Administra\u00e7\u00e3o IAC","Est. reading time":"2 minutes"},"schema":{"@context":"https:\/\/schema.org","@graph":[{"@type":"Article","@id":"https:\/\/iacrianca.pt\/en\/2023\/05\/direitos-da-crianca-na-escola-basica-da-cruz-de-pau\/#article","isPartOf":{"@id":"https:\/\/iacrianca.pt\/en\/2023\/05\/direitos-da-crianca-na-escola-basica-da-cruz-de-pau\/"},"author":{"name":"Administra\u00e7\u00e3o IAC","@id":"https:\/\/iacrianca.pt\/en\/#\/schema\/person\/1c48c6e4b70d0dc7360e4b28ceaa5f6b"},"headline":"Direitos da Crian\u00e7a na Escola B\u00e1sica da Cruz de Pau","datePublished":"2023-05-08T08:32:26+00:00","dateModified":"2023-05-12T11:33:10+00:00","mainEntityOfPage":{"@id":"https:\/\/iacrianca.pt\/en\/2023\/05\/direitos-da-crianca-na-escola-basica-da-cruz-de-pau\/"},"wordCount":248,"commentCount":0,"publisher":{"@id":"https:\/\/iacrianca.pt\/en\/#organization"},"image":{"@id":"https:\/\/iacrianca.pt\/en\/2023\/05\/direitos-da-crianca-na-escola-basica-da-cruz-de-pau\/#primaryimage"},"thumbnailUrl":"https:\/\/iacrianca.pt\/wp-content\/uploads\/whatsapp-image-2023-05-05-at-153837-1.jpeg","articleSection":["Newsletter"],"inLanguage":"en-US","potentialAction":[{"@type":"CommentAction","name":"Comment","target":["https:\/\/iacrianca.pt\/en\/2023\/05\/direitos-da-crianca-na-escola-basica-da-cruz-de-pau\/#respond"]}]},{"@type":"WebPage","@id":"https:\/\/iacrianca.pt\/en\/2023\/05\/direitos-da-crianca-na-escola-basica-da-cruz-de-pau\/","url":"https:\/\/iacrianca.pt\/en\/2023\/05\/direitos-da-crianca-na-escola-basica-da-cruz-de-pau\/","name":"Direitos da Crian\u00e7a na Escola B\u00e1sica da Cruz de Pau | Instituto de Apoio \u00e0 Crian\u00e7a","isPartOf":{"@id":"https:\/\/iacrianca.pt\/en\/#website"},"primaryImageOfPage":{"@id":"https:\/\/iacrianca.pt\/en\/2023\/05\/direitos-da-crianca-na-escola-basica-da-cruz-de-pau\/#primaryimage"},"image":{"@id":"https:\/\/iacrianca.pt\/en\/2023\/05\/direitos-da-crianca-na-escola-basica-da-cruz-de-pau\/#primaryimage"},"thumbnailUrl":"https:\/\/iacrianca.pt\/wp-content\/uploads\/whatsapp-image-2023-05-05-at-153837-1.jpeg","datePublished":"2023-05-08T08:32:26+00:00","dateModified":"2023-05-12T11:33:10+00:00","breadcrumb":{"@id":"https:\/\/iacrianca.pt\/en\/2023\/05\/direitos-da-crianca-na-escola-basica-da-cruz-de-pau\/#breadcrumb"},"inLanguage":"en-US","potentialAction":[{"@type":"ReadAction","target":["https:\/\/iacrianca.pt\/en\/2023\/05\/direitos-da-crianca-na-escola-basica-da-cruz-de-pau\/"]}]},{"@type":"ImageObject","inLanguage":"en-US","@id":"https:\/\/iacrianca.pt\/en\/2023\/05\/direitos-da-crianca-na-escola-basica-da-cruz-de-pau\/#primaryimage","url":"https:\/\/iacrianca.pt\/wp-content\/uploads\/whatsapp-image-2023-05-05-at-153837-1.jpeg","contentUrl":"https:\/\/iacrianca.pt\/wp-content\/uploads\/whatsapp-image-2023-05-05-at-153837-1.jpeg","width":1600,"height":1584},{"@type":"BreadcrumbList","@id":"https:\/\/iacrianca.pt\/en\/2023\/05\/direitos-da-crianca-na-escola-basica-da-cruz-de-pau\/#breadcrumb","itemListElement":[{"@type":"ListItem","position":1,"name":"In\u00edcio","item":"https:\/\/iacrianca.pt\/en\/"},{"@type":"ListItem","position":2,"name":"Direitos da Crian\u00e7a na Escola B\u00e1sica da Cruz de Pau"}]},{"@type":"WebSite","@id":"https:\/\/iacrianca.pt\/en\/#website","url":"https:\/\/iacrianca.pt\/en\/","name":"Instituto de Apoio \u00e0 Crian\u00e7a","description":"Desde 1983 na defesa e promo\u00e7\u00e3o dos direitos da crian\u00e7a","publisher":{"@id":"https:\/\/iacrianca.pt\/en\/#organization"},"potentialAction":[{"@type":"SearchAction","target":{"@type":"EntryPoint","urlTemplate":"https:\/\/iacrianca.pt\/en\/?s={search_term_string}"},"query-input":{"@type":"PropertyValueSpecification","valueRequired":true,"valueName":"search_term_string"}}],"inLanguage":"en-US"},{"@type":"Organization","@id":"https:\/\/iacrianca.pt\/en\/#organization","name":"Instituto de Apoio \u00e0 Crian\u00e7a","url":"https:\/\/iacrianca.pt\/en\/","logo":{"@type":"ImageObject","inLanguage":"en-US","@id":"https:\/\/iacrianca.pt\/en\/#\/schema\/logo\/image\/","url":"https:\/\/iacrianca.pt\/wp-content\/uploads\/2020\/04\/logo-iac-SD.jpg","contentUrl":"https:\/\/iacrianca.pt\/wp-content\/uploads\/2020\/04\/logo-iac-SD.jpg","width":152,"height":73,"caption":"Instituto de Apoio \u00e0 Crian\u00e7a"},"image":{"@id":"https:\/\/iacrianca.pt\/en\/#\/schema\/logo\/image\/"},"sameAs":["https:\/\/www.facebook.com\/iacinstitutodeapoioacrianca","https:\/\/x.com\/iacapoiocrianca","https:\/\/www.youtube.com\/channel\/UC0jjfZ_xkN_59gJf_RQ-ZnQ","https:\/\/www.linkedin.com\/company\/instituto-de-apoio--criana\/","https:\/\/www.instagram.com\/iacinstitutodeapoioacrianca\/","https:\/\/criancasatortoeadireitos.wordpress.com\/"]},{"@type":"Person","@id":"https:\/\/iacrianca.pt\/en\/#\/schema\/person\/1c48c6e4b70d0dc7360e4b28ceaa5f6b","name":"Administra\u00e7\u00e3o IAC","image":{"@type":"ImageObject","inLanguage":"en-US","@id":"https:\/\/secure.gravatar.com\/avatar\/60b998c71de37dcc1398fc6d48c6b5ed7533e3ceec837c948055f072e3158ff1?s=96&d=mm&r=g","url":"https:\/\/secure.gravatar.com\/avatar\/60b998c71de37dcc1398fc6d48c6b5ed7533e3ceec837c948055f072e3158ff1?s=96&d=mm&r=g","contentUrl":"https:\/\/secure.gravatar.com\/avatar\/60b998c71de37dcc1398fc6d48c6b5ed7533e3ceec837c948055f072e3158ff1?s=96&d=mm&r=g","caption":"Administra\u00e7\u00e3o IAC"}}]}},"_links":{"self":[{"href":"https:\/\/iacrianca.pt\/en\/wp-json\/wp\/v2\/posts\/17993","targetHints":{"allow":["GET"]}}],"collection":[{"href":"https:\/\/iacrianca.pt\/en\/wp-json\/wp\/v2\/posts"}],"about":[{"href":"https:\/\/iacrianca.pt\/en\/wp-json\/wp\/v2\/types\/post"}],"author":[{"embeddable":true,"href":"https:\/\/iacrianca.pt\/en\/wp-json\/wp\/v2\/users\/2"}],"replies":[{"embeddable":true,"href":"https:\/\/iacrianca.pt\/en\/wp-json\/wp\/v2\/comments?post=17993"}],"version-history":[{"count":0,"href":"https:\/\/iacrianca.pt\/en\/wp-json\/wp\/v2\/posts\/17993\/revisions"}],"wp:featuredmedia":[{"embeddable":true,"href":"https:\/\/iacrianca.pt\/en\/wp-json\/wp\/v2\/media\/17994"}],"wp:attachment":[{"href":"https:\/\/iacrianca.pt\/en\/wp-json\/wp\/v2\/media?parent=17993"}],"wp:term":[{"taxonomy":"category","embeddable":true,"href":"https:\/\/iacrianca.pt\/en\/wp-json\/wp\/v2\/categories?post=17993"},{"taxonomy":"post_tag","embeddable":true,"href":"https:\/\/iacrianca.pt\/en\/wp-json\/wp\/v2\/tags?post=17993"}],"curies":[{"name":"wp","href":"https:\/\/api.w.org\/{rel}","templated":true}]}}