{"id":18396,"date":"2023-06-01T14:53:05","date_gmt":"2023-06-01T13:53:05","guid":{"rendered":"https:\/\/iacrianca.pt\/?p=18396"},"modified":"2023-06-01T14:53:05","modified_gmt":"2023-06-01T13:53:05","slug":"press-release-cada-segundo-conta-peticao-europeia-exige-que-a-ue-combata-o-abuso-de-criancas-online-e-torne-a-internet-segura-para-todas-as-criancas","status":"publish","type":"post","link":"https:\/\/iacrianca.pt\/en\/2023\/06\/press-release-cada-segundo-conta-peticao-europeia-exige-que-a-ue-combata-o-abuso-de-criancas-online-e-torne-a-internet-segura-para-todas-as-criancas\/","title":{"rendered":"Press Release &#8211; Cada segundo conta: Peti\u00e7\u00e3o Europeia exige que a UE combata o abuso de crian\u00e7as online e torne a Internet segura para Todas as Crian\u00e7as"},"content":{"rendered":"<h2 style=\"text-align: center;\"><strong>PRESS RELEASE<\/strong><\/h2>\n<p><strong>\u00a0<\/strong><\/p>\n<p><strong>Cada segundo conta: Peti\u00e7\u00e3o Europeia <\/strong><strong>exige que a UE combata o abuso de crian\u00e7as online e torne a Internet segura para Todas as Crian\u00e7as<\/strong><\/p>\n<p><strong>No dia 1 de junho, Dia da Crian\u00e7a, organiza\u00e7\u00f5es da sociedade civil que defendem os direitos da crian\u00e7a, ativistas de Direitos Humanos e figuras p\u00fablicas de todos os pa\u00edses da Europa juntam vozes para refor\u00e7ar a import\u00e2ncia da campanha <em>Every Second Counts<\/em>, apelando \u00e0 UE para p\u00f4r termo \u00e0 viol\u00eancia sexual infantil online. Com esta campanha pretende-se a recolha de centenas de milhares de assinaturas.\u00a0 A peti\u00e7\u00e3o ser\u00e1 entregue no Parlamento Europeu no pr\u00f3ximo m\u00eas de setembro.<\/strong><\/p>\n<p>Dados recentes publicados pela <em>Internet Watch Foundation<\/em> revelam que o crime de abuso sexual online cometido contra crian\u00e7as de todas as idades tem vindo a aumentar exponencialmente. Em 2022, foram disseminadas imagens e v\u00eddeos contendo abuso sexual de crian\u00e7as como nunca tinha acontecido. Lamentavelmente, mais de 80% dos URLs continha este tipo de material com imagens de crian\u00e7as entre os 0 e os 2 anos. Os dados confirmam ainda que, as p\u00e1ginas comerciais que exploram atos de abuso sexual infantil duplicaram em 2020.<\/p>\n<p>Tal como em anos anteriores, a maioria das den\u00fancias mundiais de material relativo a abuso sexual de crian\u00e7as est\u00e1 alojada num Estado-Membro da UE.<\/p>\n<p>De modo a combater este crime hediondo, grupos de sobreviventes de abuso infantil e organiza\u00e7\u00f5es de prote\u00e7\u00e3o de crian\u00e7as apelam a todos os cidad\u00e3os da Europa para assinarem uma peti\u00e7\u00e3o que exige que os parlamentares europeus aprovem a proposta da Comiss\u00e3o Europeia para prevenir e combater eficazmente o abuso sexual de crian\u00e7as na internet, nomeadamente impondo aos prestadores de servi\u00e7os a obriga\u00e7\u00e3o de detetarem, \u00a0denunciarem, bloquearem e removerem materiais referentes a abusos sexuais de crian\u00e7as e de trabalhar no sentido da cria\u00e7\u00e3o de um centro europeu para prevenir e combater o abuso sexual de crian\u00e7as.<\/p>\n<p>A campanha, <em>Every Second Counts<\/em>, parte da no\u00e7\u00e3o de que a cada segundo, duas imagens de uma crian\u00e7a a ser abusada sexualmente s\u00e3o partilhadas online.<\/p>\n<p>Se conseguirmos que a legisla\u00e7\u00e3o seja aprovada, ser\u00e1 a primeira do g\u00e9nero a esta escala, fornecendo um modelo para uma resposta global a uma quest\u00e3o que est\u00e1 a crescer a um ritmo alarmante.<\/p>\n<p>Peti\u00e7\u00e3o<a href=\"https:\/\/www.childsafetyineurope.com\/sign-the-petition\/\"> aqui<\/a><\/p>\n","protected":false},"excerpt":{"rendered":"<p>PRESS RELEASE \u00a0 Cada segundo conta: Peti\u00e7\u00e3o Europeia exige que a UE combata o abuso de crian\u00e7as online e torne a Internet segura para Todas as Crian\u00e7as No dia 1 de junho, Dia da Crian\u00e7a, organiza\u00e7\u00f5es da sociedade civil que defendem os direitos da crian\u00e7a, ativistas de Direitos Humanos e figuras p\u00fablicas de todos os&hellip;<\/p>\n","protected":false},"author":2,"featured_media":18397,"comment_status":"closed","ping_status":"open","sticky":false,"template":"","format":"standard","meta":{"_acf_changed":false,"footnotes":""},"categories":[1],"tags":[],"class_list":["post-18396","post","type-post","status-publish","format-standard","has-post-thumbnail","hentry","category-noticias","category-1","description-off"],"acf":[],"yoast_head":"<!-- This site is optimized with the Yoast SEO plugin v27.5 - https:\/\/yoast.com\/product\/yoast-seo-wordpress\/ -->\n<title>Press Release - Cada segundo conta: Peti\u00e7\u00e3o Europeia exige que a UE combata o abuso de crian\u00e7as online e torne a Internet segura para Todas as Crian\u00e7as | Instituto de Apoio \u00e0 Crian\u00e7a<\/title>\n<meta name=\"robots\" content=\"index, follow, max-snippet:-1, max-image-preview:large, max-video-preview:-1\" \/>\n<link rel=\"canonical\" href=\"https:\/\/iacrianca.pt\/en\/2023\/06\/press-release-cada-segundo-conta-peticao-europeia-exige-que-a-ue-combata-o-abuso-de-criancas-online-e-torne-a-internet-segura-para-todas-as-criancas\/\" \/>\n<meta property=\"og:locale\" content=\"en_US\" \/>\n<meta property=\"og:type\" content=\"article\" \/>\n<meta property=\"og:title\" content=\"Press Release - Cada segundo conta: Peti\u00e7\u00e3o Europeia exige que a UE combata o abuso de crian\u00e7as online e torne a Internet segura para Todas as Crian\u00e7as | Instituto de Apoio \u00e0 Crian\u00e7a\" \/>\n<meta property=\"og:description\" content=\"PRESS RELEASE \u00a0 Cada segundo conta: Peti\u00e7\u00e3o Europeia exige que a UE combata o abuso de crian\u00e7as online e torne a Internet segura para Todas as Crian\u00e7as No dia 1 de junho, Dia da Crian\u00e7a, organiza\u00e7\u00f5es da sociedade civil que defendem os direitos da crian\u00e7a, ativistas de Direitos Humanos e figuras p\u00fablicas de todos os&hellip;\" \/>\n<meta property=\"og:url\" content=\"https:\/\/iacrianca.pt\/en\/2023\/06\/press-release-cada-segundo-conta-peticao-europeia-exige-que-a-ue-combata-o-abuso-de-criancas-online-e-torne-a-internet-segura-para-todas-as-criancas\/\" \/>\n<meta property=\"og:site_name\" content=\"Instituto de Apoio \u00e0 Crian\u00e7a\" \/>\n<meta property=\"article:publisher\" content=\"https:\/\/www.facebook.com\/iacinstitutodeapoioacrianca\" \/>\n<meta property=\"article:published_time\" content=\"2023-06-01T13:53:05+00:00\" \/>\n<meta property=\"og:image\" content=\"https:\/\/iacrianca.pt\/wp-content\/uploads\/segundo.jpg\" \/>\n\t<meta property=\"og:image:width\" content=\"1080\" \/>\n\t<meta property=\"og:image:height\" content=\"1080\" \/>\n\t<meta property=\"og:image:type\" content=\"image\/jpeg\" \/>\n<meta name=\"author\" content=\"Administra\u00e7\u00e3o IAC\" \/>\n<meta name=\"twitter:card\" content=\"summary_large_image\" \/>\n<meta name=\"twitter:creator\" content=\"@iacapoiocrianca\" \/>\n<meta name=\"twitter:site\" content=\"@iacapoiocrianca\" \/>\n<meta name=\"twitter:label1\" content=\"Written by\" \/>\n\t<meta name=\"twitter:data1\" content=\"Administra\u00e7\u00e3o IAC\" \/>\n\t<meta name=\"twitter:label2\" content=\"Est. reading time\" \/>\n\t<meta name=\"twitter:data2\" content=\"3 minutes\" \/>\n<script type=\"application\/ld+json\" class=\"yoast-schema-graph\">{\"@context\":\"https:\\\/\\\/schema.org\",\"@graph\":[{\"@type\":\"Article\",\"@id\":\"https:\\\/\\\/iacrianca.pt\\\/en\\\/2023\\\/06\\\/press-release-cada-segundo-conta-peticao-europeia-exige-que-a-ue-combata-o-abuso-de-criancas-online-e-torne-a-internet-segura-para-todas-as-criancas\\\/#article\",\"isPartOf\":{\"@id\":\"https:\\\/\\\/iacrianca.pt\\\/en\\\/2023\\\/06\\\/press-release-cada-segundo-conta-peticao-europeia-exige-que-a-ue-combata-o-abuso-de-criancas-online-e-torne-a-internet-segura-para-todas-as-criancas\\\/\"},\"author\":{\"name\":\"Administra\u00e7\u00e3o IAC\",\"@id\":\"https:\\\/\\\/iacrianca.pt\\\/en\\\/#\\\/schema\\\/person\\\/1c48c6e4b70d0dc7360e4b28ceaa5f6b\"},\"headline\":\"Press Release &#8211; Cada segundo conta: Peti\u00e7\u00e3o Europeia exige que a UE combata o abuso de crian\u00e7as online e torne a Internet segura para Todas as Crian\u00e7as\",\"datePublished\":\"2023-06-01T13:53:05+00:00\",\"mainEntityOfPage\":{\"@id\":\"https:\\\/\\\/iacrianca.pt\\\/en\\\/2023\\\/06\\\/press-release-cada-segundo-conta-peticao-europeia-exige-que-a-ue-combata-o-abuso-de-criancas-online-e-torne-a-internet-segura-para-todas-as-criancas\\\/\"},\"wordCount\":428,\"publisher\":{\"@id\":\"https:\\\/\\\/iacrianca.pt\\\/en\\\/#organization\"},\"image\":{\"@id\":\"https:\\\/\\\/iacrianca.pt\\\/en\\\/2023\\\/06\\\/press-release-cada-segundo-conta-peticao-europeia-exige-que-a-ue-combata-o-abuso-de-criancas-online-e-torne-a-internet-segura-para-todas-as-criancas\\\/#primaryimage\"},\"thumbnailUrl\":\"https:\\\/\\\/iacrianca.pt\\\/wp-content\\\/uploads\\\/segundo.jpg\",\"articleSection\":[\"Not\u00edcias\"],\"inLanguage\":\"en-US\"},{\"@type\":\"WebPage\",\"@id\":\"https:\\\/\\\/iacrianca.pt\\\/en\\\/2023\\\/06\\\/press-release-cada-segundo-conta-peticao-europeia-exige-que-a-ue-combata-o-abuso-de-criancas-online-e-torne-a-internet-segura-para-todas-as-criancas\\\/\",\"url\":\"https:\\\/\\\/iacrianca.pt\\\/en\\\/2023\\\/06\\\/press-release-cada-segundo-conta-peticao-europeia-exige-que-a-ue-combata-o-abuso-de-criancas-online-e-torne-a-internet-segura-para-todas-as-criancas\\\/\",\"name\":\"Press Release - Cada segundo conta: Peti\u00e7\u00e3o Europeia exige que a UE combata o abuso de crian\u00e7as online e torne a Internet segura para Todas as Crian\u00e7as | Instituto de Apoio \u00e0 Crian\u00e7a\",\"isPartOf\":{\"@id\":\"https:\\\/\\\/iacrianca.pt\\\/en\\\/#website\"},\"primaryImageOfPage\":{\"@id\":\"https:\\\/\\\/iacrianca.pt\\\/en\\\/2023\\\/06\\\/press-release-cada-segundo-conta-peticao-europeia-exige-que-a-ue-combata-o-abuso-de-criancas-online-e-torne-a-internet-segura-para-todas-as-criancas\\\/#primaryimage\"},\"image\":{\"@id\":\"https:\\\/\\\/iacrianca.pt\\\/en\\\/2023\\\/06\\\/press-release-cada-segundo-conta-peticao-europeia-exige-que-a-ue-combata-o-abuso-de-criancas-online-e-torne-a-internet-segura-para-todas-as-criancas\\\/#primaryimage\"},\"thumbnailUrl\":\"https:\\\/\\\/iacrianca.pt\\\/wp-content\\\/uploads\\\/segundo.jpg\",\"datePublished\":\"2023-06-01T13:53:05+00:00\",\"breadcrumb\":{\"@id\":\"https:\\\/\\\/iacrianca.pt\\\/en\\\/2023\\\/06\\\/press-release-cada-segundo-conta-peticao-europeia-exige-que-a-ue-combata-o-abuso-de-criancas-online-e-torne-a-internet-segura-para-todas-as-criancas\\\/#breadcrumb\"},\"inLanguage\":\"en-US\",\"potentialAction\":[{\"@type\":\"ReadAction\",\"target\":[\"https:\\\/\\\/iacrianca.pt\\\/en\\\/2023\\\/06\\\/press-release-cada-segundo-conta-peticao-europeia-exige-que-a-ue-combata-o-abuso-de-criancas-online-e-torne-a-internet-segura-para-todas-as-criancas\\\/\"]}]},{\"@type\":\"ImageObject\",\"inLanguage\":\"en-US\",\"@id\":\"https:\\\/\\\/iacrianca.pt\\\/en\\\/2023\\\/06\\\/press-release-cada-segundo-conta-peticao-europeia-exige-que-a-ue-combata-o-abuso-de-criancas-online-e-torne-a-internet-segura-para-todas-as-criancas\\\/#primaryimage\",\"url\":\"https:\\\/\\\/iacrianca.pt\\\/wp-content\\\/uploads\\\/segundo.jpg\",\"contentUrl\":\"https:\\\/\\\/iacrianca.pt\\\/wp-content\\\/uploads\\\/segundo.jpg\",\"width\":1080,\"height\":1080},{\"@type\":\"BreadcrumbList\",\"@id\":\"https:\\\/\\\/iacrianca.pt\\\/en\\\/2023\\\/06\\\/press-release-cada-segundo-conta-peticao-europeia-exige-que-a-ue-combata-o-abuso-de-criancas-online-e-torne-a-internet-segura-para-todas-as-criancas\\\/#breadcrumb\",\"itemListElement\":[{\"@type\":\"ListItem\",\"position\":1,\"name\":\"In\u00edcio\",\"item\":\"https:\\\/\\\/iacrianca.pt\\\/en\\\/\"},{\"@type\":\"ListItem\",\"position\":2,\"name\":\"Press Release &#8211; Cada segundo conta: Peti\u00e7\u00e3o Europeia exige que a UE combata o abuso de crian\u00e7as online e torne a Internet segura para Todas as Crian\u00e7as\"}]},{\"@type\":\"WebSite\",\"@id\":\"https:\\\/\\\/iacrianca.pt\\\/en\\\/#website\",\"url\":\"https:\\\/\\\/iacrianca.pt\\\/en\\\/\",\"name\":\"Instituto de Apoio \u00e0 Crian\u00e7a\",\"description\":\"Desde 1983 na defesa e promo\u00e7\u00e3o dos direitos da crian\u00e7a\",\"publisher\":{\"@id\":\"https:\\\/\\\/iacrianca.pt\\\/en\\\/#organization\"},\"potentialAction\":[{\"@type\":\"SearchAction\",\"target\":{\"@type\":\"EntryPoint\",\"urlTemplate\":\"https:\\\/\\\/iacrianca.pt\\\/en\\\/?s={search_term_string}\"},\"query-input\":{\"@type\":\"PropertyValueSpecification\",\"valueRequired\":true,\"valueName\":\"search_term_string\"}}],\"inLanguage\":\"en-US\"},{\"@type\":\"Organization\",\"@id\":\"https:\\\/\\\/iacrianca.pt\\\/en\\\/#organization\",\"name\":\"Instituto de Apoio \u00e0 Crian\u00e7a\",\"url\":\"https:\\\/\\\/iacrianca.pt\\\/en\\\/\",\"logo\":{\"@type\":\"ImageObject\",\"inLanguage\":\"en-US\",\"@id\":\"https:\\\/\\\/iacrianca.pt\\\/en\\\/#\\\/schema\\\/logo\\\/image\\\/\",\"url\":\"https:\\\/\\\/iacrianca.pt\\\/wp-content\\\/uploads\\\/2020\\\/04\\\/logo-iac-SD.jpg\",\"contentUrl\":\"https:\\\/\\\/iacrianca.pt\\\/wp-content\\\/uploads\\\/2020\\\/04\\\/logo-iac-SD.jpg\",\"width\":152,\"height\":73,\"caption\":\"Instituto de Apoio \u00e0 Crian\u00e7a\"},\"image\":{\"@id\":\"https:\\\/\\\/iacrianca.pt\\\/en\\\/#\\\/schema\\\/logo\\\/image\\\/\"},\"sameAs\":[\"https:\\\/\\\/www.facebook.com\\\/iacinstitutodeapoioacrianca\",\"https:\\\/\\\/x.com\\\/iacapoiocrianca\",\"https:\\\/\\\/www.youtube.com\\\/channel\\\/UC0jjfZ_xkN_59gJf_RQ-ZnQ\",\"https:\\\/\\\/www.linkedin.com\\\/company\\\/instituto-de-apoio--criana\\\/\",\"https:\\\/\\\/www.instagram.com\\\/iacinstitutodeapoioacrianca\\\/\",\"https:\\\/\\\/criancasatortoeadireitos.wordpress.com\\\/\"]},{\"@type\":\"Person\",\"@id\":\"https:\\\/\\\/iacrianca.pt\\\/en\\\/#\\\/schema\\\/person\\\/1c48c6e4b70d0dc7360e4b28ceaa5f6b\",\"name\":\"Administra\u00e7\u00e3o IAC\",\"image\":{\"@type\":\"ImageObject\",\"inLanguage\":\"en-US\",\"@id\":\"https:\\\/\\\/secure.gravatar.com\\\/avatar\\\/60b998c71de37dcc1398fc6d48c6b5ed7533e3ceec837c948055f072e3158ff1?s=96&d=mm&r=g\",\"url\":\"https:\\\/\\\/secure.gravatar.com\\\/avatar\\\/60b998c71de37dcc1398fc6d48c6b5ed7533e3ceec837c948055f072e3158ff1?s=96&d=mm&r=g\",\"contentUrl\":\"https:\\\/\\\/secure.gravatar.com\\\/avatar\\\/60b998c71de37dcc1398fc6d48c6b5ed7533e3ceec837c948055f072e3158ff1?s=96&d=mm&r=g\",\"caption\":\"Administra\u00e7\u00e3o IAC\"}}]}<\/script>\n<!-- \/ Yoast SEO plugin. -->","yoast_head_json":{"title":"Press Release - Cada segundo conta: Peti\u00e7\u00e3o Europeia exige que a UE combata o abuso de crian\u00e7as online e torne a Internet segura para Todas as Crian\u00e7as | Instituto de Apoio \u00e0 Crian\u00e7a","robots":{"index":"index","follow":"follow","max-snippet":"max-snippet:-1","max-image-preview":"max-image-preview:large","max-video-preview":"max-video-preview:-1"},"canonical":"https:\/\/iacrianca.pt\/en\/2023\/06\/press-release-cada-segundo-conta-peticao-europeia-exige-que-a-ue-combata-o-abuso-de-criancas-online-e-torne-a-internet-segura-para-todas-as-criancas\/","og_locale":"en_US","og_type":"article","og_title":"Press Release - Cada segundo conta: Peti\u00e7\u00e3o Europeia exige que a UE combata o abuso de crian\u00e7as online e torne a Internet segura para Todas as Crian\u00e7as | Instituto de Apoio \u00e0 Crian\u00e7a","og_description":"PRESS RELEASE \u00a0 Cada segundo conta: Peti\u00e7\u00e3o Europeia exige que a UE combata o abuso de crian\u00e7as online e torne a Internet segura para Todas as Crian\u00e7as No dia 1 de junho, Dia da Crian\u00e7a, organiza\u00e7\u00f5es da sociedade civil que defendem os direitos da crian\u00e7a, ativistas de Direitos Humanos e figuras p\u00fablicas de todos os&hellip;","og_url":"https:\/\/iacrianca.pt\/en\/2023\/06\/press-release-cada-segundo-conta-peticao-europeia-exige-que-a-ue-combata-o-abuso-de-criancas-online-e-torne-a-internet-segura-para-todas-as-criancas\/","og_site_name":"Instituto de Apoio \u00e0 Crian\u00e7a","article_publisher":"https:\/\/www.facebook.com\/iacinstitutodeapoioacrianca","article_published_time":"2023-06-01T13:53:05+00:00","og_image":[{"width":1080,"height":1080,"url":"https:\/\/iacrianca.pt\/wp-content\/uploads\/segundo.jpg","type":"image\/jpeg"}],"author":"Administra\u00e7\u00e3o IAC","twitter_card":"summary_large_image","twitter_creator":"@iacapoiocrianca","twitter_site":"@iacapoiocrianca","twitter_misc":{"Written by":"Administra\u00e7\u00e3o IAC","Est. reading time":"3 minutes"},"schema":{"@context":"https:\/\/schema.org","@graph":[{"@type":"Article","@id":"https:\/\/iacrianca.pt\/en\/2023\/06\/press-release-cada-segundo-conta-peticao-europeia-exige-que-a-ue-combata-o-abuso-de-criancas-online-e-torne-a-internet-segura-para-todas-as-criancas\/#article","isPartOf":{"@id":"https:\/\/iacrianca.pt\/en\/2023\/06\/press-release-cada-segundo-conta-peticao-europeia-exige-que-a-ue-combata-o-abuso-de-criancas-online-e-torne-a-internet-segura-para-todas-as-criancas\/"},"author":{"name":"Administra\u00e7\u00e3o IAC","@id":"https:\/\/iacrianca.pt\/en\/#\/schema\/person\/1c48c6e4b70d0dc7360e4b28ceaa5f6b"},"headline":"Press Release &#8211; Cada segundo conta: Peti\u00e7\u00e3o Europeia exige que a UE combata o abuso de crian\u00e7as online e torne a Internet segura para Todas as Crian\u00e7as","datePublished":"2023-06-01T13:53:05+00:00","mainEntityOfPage":{"@id":"https:\/\/iacrianca.pt\/en\/2023\/06\/press-release-cada-segundo-conta-peticao-europeia-exige-que-a-ue-combata-o-abuso-de-criancas-online-e-torne-a-internet-segura-para-todas-as-criancas\/"},"wordCount":428,"publisher":{"@id":"https:\/\/iacrianca.pt\/en\/#organization"},"image":{"@id":"https:\/\/iacrianca.pt\/en\/2023\/06\/press-release-cada-segundo-conta-peticao-europeia-exige-que-a-ue-combata-o-abuso-de-criancas-online-e-torne-a-internet-segura-para-todas-as-criancas\/#primaryimage"},"thumbnailUrl":"https:\/\/iacrianca.pt\/wp-content\/uploads\/segundo.jpg","articleSection":["Not\u00edcias"],"inLanguage":"en-US"},{"@type":"WebPage","@id":"https:\/\/iacrianca.pt\/en\/2023\/06\/press-release-cada-segundo-conta-peticao-europeia-exige-que-a-ue-combata-o-abuso-de-criancas-online-e-torne-a-internet-segura-para-todas-as-criancas\/","url":"https:\/\/iacrianca.pt\/en\/2023\/06\/press-release-cada-segundo-conta-peticao-europeia-exige-que-a-ue-combata-o-abuso-de-criancas-online-e-torne-a-internet-segura-para-todas-as-criancas\/","name":"Press Release - Cada segundo conta: Peti\u00e7\u00e3o Europeia exige que a UE combata o abuso de crian\u00e7as online e torne a Internet segura para Todas as Crian\u00e7as | Instituto de Apoio \u00e0 Crian\u00e7a","isPartOf":{"@id":"https:\/\/iacrianca.pt\/en\/#website"},"primaryImageOfPage":{"@id":"https:\/\/iacrianca.pt\/en\/2023\/06\/press-release-cada-segundo-conta-peticao-europeia-exige-que-a-ue-combata-o-abuso-de-criancas-online-e-torne-a-internet-segura-para-todas-as-criancas\/#primaryimage"},"image":{"@id":"https:\/\/iacrianca.pt\/en\/2023\/06\/press-release-cada-segundo-conta-peticao-europeia-exige-que-a-ue-combata-o-abuso-de-criancas-online-e-torne-a-internet-segura-para-todas-as-criancas\/#primaryimage"},"thumbnailUrl":"https:\/\/iacrianca.pt\/wp-content\/uploads\/segundo.jpg","datePublished":"2023-06-01T13:53:05+00:00","breadcrumb":{"@id":"https:\/\/iacrianca.pt\/en\/2023\/06\/press-release-cada-segundo-conta-peticao-europeia-exige-que-a-ue-combata-o-abuso-de-criancas-online-e-torne-a-internet-segura-para-todas-as-criancas\/#breadcrumb"},"inLanguage":"en-US","potentialAction":[{"@type":"ReadAction","target":["https:\/\/iacrianca.pt\/en\/2023\/06\/press-release-cada-segundo-conta-peticao-europeia-exige-que-a-ue-combata-o-abuso-de-criancas-online-e-torne-a-internet-segura-para-todas-as-criancas\/"]}]},{"@type":"ImageObject","inLanguage":"en-US","@id":"https:\/\/iacrianca.pt\/en\/2023\/06\/press-release-cada-segundo-conta-peticao-europeia-exige-que-a-ue-combata-o-abuso-de-criancas-online-e-torne-a-internet-segura-para-todas-as-criancas\/#primaryimage","url":"https:\/\/iacrianca.pt\/wp-content\/uploads\/segundo.jpg","contentUrl":"https:\/\/iacrianca.pt\/wp-content\/uploads\/segundo.jpg","width":1080,"height":1080},{"@type":"BreadcrumbList","@id":"https:\/\/iacrianca.pt\/en\/2023\/06\/press-release-cada-segundo-conta-peticao-europeia-exige-que-a-ue-combata-o-abuso-de-criancas-online-e-torne-a-internet-segura-para-todas-as-criancas\/#breadcrumb","itemListElement":[{"@type":"ListItem","position":1,"name":"In\u00edcio","item":"https:\/\/iacrianca.pt\/en\/"},{"@type":"ListItem","position":2,"name":"Press Release &#8211; Cada segundo conta: Peti\u00e7\u00e3o Europeia exige que a UE combata o abuso de crian\u00e7as online e torne a Internet segura para Todas as Crian\u00e7as"}]},{"@type":"WebSite","@id":"https:\/\/iacrianca.pt\/en\/#website","url":"https:\/\/iacrianca.pt\/en\/","name":"Instituto de Apoio \u00e0 Crian\u00e7a","description":"Desde 1983 na defesa e promo\u00e7\u00e3o dos direitos da crian\u00e7a","publisher":{"@id":"https:\/\/iacrianca.pt\/en\/#organization"},"potentialAction":[{"@type":"SearchAction","target":{"@type":"EntryPoint","urlTemplate":"https:\/\/iacrianca.pt\/en\/?s={search_term_string}"},"query-input":{"@type":"PropertyValueSpecification","valueRequired":true,"valueName":"search_term_string"}}],"inLanguage":"en-US"},{"@type":"Organization","@id":"https:\/\/iacrianca.pt\/en\/#organization","name":"Instituto de Apoio \u00e0 Crian\u00e7a","url":"https:\/\/iacrianca.pt\/en\/","logo":{"@type":"ImageObject","inLanguage":"en-US","@id":"https:\/\/iacrianca.pt\/en\/#\/schema\/logo\/image\/","url":"https:\/\/iacrianca.pt\/wp-content\/uploads\/2020\/04\/logo-iac-SD.jpg","contentUrl":"https:\/\/iacrianca.pt\/wp-content\/uploads\/2020\/04\/logo-iac-SD.jpg","width":152,"height":73,"caption":"Instituto de Apoio \u00e0 Crian\u00e7a"},"image":{"@id":"https:\/\/iacrianca.pt\/en\/#\/schema\/logo\/image\/"},"sameAs":["https:\/\/www.facebook.com\/iacinstitutodeapoioacrianca","https:\/\/x.com\/iacapoiocrianca","https:\/\/www.youtube.com\/channel\/UC0jjfZ_xkN_59gJf_RQ-ZnQ","https:\/\/www.linkedin.com\/company\/instituto-de-apoio--criana\/","https:\/\/www.instagram.com\/iacinstitutodeapoioacrianca\/","https:\/\/criancasatortoeadireitos.wordpress.com\/"]},{"@type":"Person","@id":"https:\/\/iacrianca.pt\/en\/#\/schema\/person\/1c48c6e4b70d0dc7360e4b28ceaa5f6b","name":"Administra\u00e7\u00e3o IAC","image":{"@type":"ImageObject","inLanguage":"en-US","@id":"https:\/\/secure.gravatar.com\/avatar\/60b998c71de37dcc1398fc6d48c6b5ed7533e3ceec837c948055f072e3158ff1?s=96&d=mm&r=g","url":"https:\/\/secure.gravatar.com\/avatar\/60b998c71de37dcc1398fc6d48c6b5ed7533e3ceec837c948055f072e3158ff1?s=96&d=mm&r=g","contentUrl":"https:\/\/secure.gravatar.com\/avatar\/60b998c71de37dcc1398fc6d48c6b5ed7533e3ceec837c948055f072e3158ff1?s=96&d=mm&r=g","caption":"Administra\u00e7\u00e3o IAC"}}]}},"_links":{"self":[{"href":"https:\/\/iacrianca.pt\/en\/wp-json\/wp\/v2\/posts\/18396","targetHints":{"allow":["GET"]}}],"collection":[{"href":"https:\/\/iacrianca.pt\/en\/wp-json\/wp\/v2\/posts"}],"about":[{"href":"https:\/\/iacrianca.pt\/en\/wp-json\/wp\/v2\/types\/post"}],"author":[{"embeddable":true,"href":"https:\/\/iacrianca.pt\/en\/wp-json\/wp\/v2\/users\/2"}],"replies":[{"embeddable":true,"href":"https:\/\/iacrianca.pt\/en\/wp-json\/wp\/v2\/comments?post=18396"}],"version-history":[{"count":0,"href":"https:\/\/iacrianca.pt\/en\/wp-json\/wp\/v2\/posts\/18396\/revisions"}],"wp:featuredmedia":[{"embeddable":true,"href":"https:\/\/iacrianca.pt\/en\/wp-json\/wp\/v2\/media\/18397"}],"wp:attachment":[{"href":"https:\/\/iacrianca.pt\/en\/wp-json\/wp\/v2\/media?parent=18396"}],"wp:term":[{"taxonomy":"category","embeddable":true,"href":"https:\/\/iacrianca.pt\/en\/wp-json\/wp\/v2\/categories?post=18396"},{"taxonomy":"post_tag","embeddable":true,"href":"https:\/\/iacrianca.pt\/en\/wp-json\/wp\/v2\/tags?post=18396"}],"curies":[{"name":"wp","href":"https:\/\/api.w.org\/{rel}","templated":true}]}}