{"id":18429,"date":"2023-06-01T15:56:01","date_gmt":"2023-06-01T14:56:01","guid":{"rendered":"https:\/\/iacrianca.pt\/?p=18429"},"modified":"2023-06-07T18:12:01","modified_gmt":"2023-06-07T17:12:01","slug":"maio-o-mes-da-plantacao-exploracao-e-criacao","status":"publish","type":"post","link":"https:\/\/iacrianca.pt\/en\/2023\/06\/maio-o-mes-da-plantacao-exploracao-e-criacao\/","title":{"rendered":"Maio, o m\u00eas da planta\u00e7\u00e3o, explora\u00e7\u00e3o e cria\u00e7\u00e3o"},"content":{"rendered":"<p><span data-contrast=\"auto\">Os jovens da Escola de Segunda Oportunidade &#8211; Educar e Formar para Inserir &#8211; Lisboa, plantaram a sua Horta Escolar e t\u00eam mantido os cuidados e tratamentos da mesma, mas n\u00e3o deixaram de viver aventuras fora da escola.<\/span><span data-ccp-props=\"{&quot;201341983&quot;:0,&quot;335551550&quot;:6,&quot;335551620&quot;:6,&quot;335559740&quot;:360}\">\u00a0<\/span><\/p>\n<p><span data-contrast=\"auto\">No decorrer do projeto \u201cO Ciclo da Natureza\u201d, com o intuito de refletir sobre o dualismo ser humano\/ Natureza e incentivar a conex\u00e3o entre os mesmos, os jovens realizaram visitas ao Museu de Hist\u00f3ria Natural e Ci\u00eancia e ao Jardim Bot\u00e2nico, de Lisboa. De forma a explorar os dois locais os alunos utilizaram a ferramenta <\/span><i><span data-contrast=\"auto\">Padlet<\/span><\/i><span data-contrast=\"auto\">.<\/span><span data-ccp-props=\"{&quot;201341983&quot;:0,&quot;335551550&quot;:6,&quot;335551620&quot;:6,&quot;335559740&quot;:360}\">\u00a0<\/span><\/p>\n<p><span data-contrast=\"auto\">Relembrando a exposi\u00e7\u00e3o e a visualiza\u00e7\u00e3o de um carro de guerra museol\u00f3gico \u201cChaimite\u201d, organizada pela Junta de Freguesia de Arroios, os jovens desenvolveram, j\u00e1 no m\u00eas de maio, um Peddypaper alusivo ao 25 de abril. No centro de Lisboa, com o intuito de enriquecer as suas compet\u00eancias hist\u00f3rico-culturais, tra\u00e7aram o percurso semelhante ao do Movimento das For\u00e7as Armadas.<\/span><span data-ccp-props=\"{&quot;201341983&quot;:0,&quot;335551550&quot;:6,&quot;335551620&quot;:6,&quot;335559740&quot;:360}\">\u00a0<\/span><\/p>\n<p><span data-contrast=\"auto\">Posteriormente, no enquadramento do projeto em desenvolvimento &#8211; \u201cQual o teu lado art\u00edstico?\u201d, os jovens exploraram o Museu do azulejo, atrav\u00e9s de um Peddypaper e de uma Oficina de Pintura de Azulejo, na tradicional t\u00e9cnica da maj\u00f3lica, com o prop\u00f3sito de transmitir a hist\u00f3ria do Azulejo em Portugal, <\/span><span data-contrast=\"auto\">procurando destacar a necessidade e import\u00e2ncia da prote\u00e7\u00e3o daquela que\u202f\u00e9 a express\u00e3o art\u00edstica diferenciadora da cultura portuguesa\u202fno mundo.<\/span><span data-ccp-props=\"{&quot;201341983&quot;:0,&quot;335551550&quot;:6,&quot;335551620&quot;:6,&quot;335559740&quot;:360}\">\u00a0<\/span><\/p>\n<p><span data-contrast=\"auto\">As atividades do interior e exterior contribuem para a forma\u00e7\u00e3o integral dos jovens, tal como, a mobiliza\u00e7\u00e3o das compet\u00eancias-chave desenvolvidas ao longo do ano letivo. Posto isto, al\u00e9m das visitas de estudo, os jovens tamb\u00e9m receberam a visita da Divis\u00e3o de Interven\u00e7\u00e3o nos Comportamentos e nas Depend\u00eancias, concedendo aos jovens uma a\u00e7\u00e3o de sensibiliza\u00e7\u00e3o para os comportamentos aditivos e depend\u00eancias.<\/span><span data-ccp-props=\"{&quot;201341983&quot;:0,&quot;335551550&quot;:6,&quot;335551620&quot;:6,&quot;335559740&quot;:360}\">\u00a0<\/span><\/p>\n<p><img fetchpriority=\"high\" decoding=\"async\" class=\"alignnone wp-image-18432 size-full\" src=\"https:\/\/iacrianca.pt\/wp-content\/uploads\/maio2.jpg\" alt=\"\" width=\"812\" height=\"609\" srcset=\"https:\/\/iacrianca.pt\/wp-content\/uploads\/maio2.jpg 812w, https:\/\/iacrianca.pt\/wp-content\/uploads\/maio2-300x225.jpg 300w, https:\/\/iacrianca.pt\/wp-content\/uploads\/maio2-768x576.jpg 768w\" sizes=\"(max-width: 812px) 100vw, 812px\" \/> <img decoding=\"async\" class=\"alignnone wp-image-18434 size-full\" src=\"https:\/\/iacrianca.pt\/wp-content\/uploads\/maio3.jpg\" alt=\"\" width=\"1354\" height=\"609\" srcset=\"https:\/\/iacrianca.pt\/wp-content\/uploads\/maio3.jpg 1354w, https:\/\/iacrianca.pt\/wp-content\/uploads\/maio3-300x135.jpg 300w, https:\/\/iacrianca.pt\/wp-content\/uploads\/maio3-1024x461.jpg 1024w, https:\/\/iacrianca.pt\/wp-content\/uploads\/maio3-768x345.jpg 768w\" sizes=\"(max-width: 1354px) 100vw, 1354px\" \/> <img decoding=\"async\" class=\"alignnone wp-image-18436 size-full\" src=\"https:\/\/iacrianca.pt\/wp-content\/uploads\/maio4.jpg\" alt=\"\" width=\"414\" height=\"552\" srcset=\"https:\/\/iacrianca.pt\/wp-content\/uploads\/maio4.jpg 414w, https:\/\/iacrianca.pt\/wp-content\/uploads\/maio4-225x300.jpg 225w\" sizes=\"(max-width: 414px) 100vw, 414px\" \/><\/p>\n","protected":false},"excerpt":{"rendered":"<p>Os jovens da Escola de Segunda Oportunidade &#8211; Educar e Formar para Inserir &#8211; Lisboa, plantaram a sua Horta Escolar e t\u00eam mantido os cuidados e tratamentos da mesma, mas n\u00e3o deixaram de viver aventuras fora da escola.\u00a0 No decorrer do projeto \u201cO Ciclo da Natureza\u201d, com o intuito de refletir sobre o dualismo ser&hellip;<\/p>\n","protected":false},"author":2,"featured_media":18438,"comment_status":"open","ping_status":"open","sticky":false,"template":"","format":"standard","meta":{"_acf_changed":false,"footnotes":""},"categories":[63],"tags":[],"class_list":["post-18429","post","type-post","status-publish","format-standard","has-post-thumbnail","hentry","category-newsletter","category-63","description-off"],"acf":[],"yoast_head":"<!-- This site is optimized with the Yoast SEO plugin v27.5 - https:\/\/yoast.com\/product\/yoast-seo-wordpress\/ -->\n<title>Maio, o m\u00eas da planta\u00e7\u00e3o, explora\u00e7\u00e3o e cria\u00e7\u00e3o | Instituto de Apoio \u00e0 Crian\u00e7a<\/title>\n<meta name=\"robots\" content=\"index, follow, max-snippet:-1, max-image-preview:large, max-video-preview:-1\" \/>\n<link rel=\"canonical\" href=\"https:\/\/iacrianca.pt\/en\/2023\/06\/maio-o-mes-da-plantacao-exploracao-e-criacao\/\" \/>\n<meta property=\"og:locale\" content=\"en_US\" \/>\n<meta property=\"og:type\" content=\"article\" \/>\n<meta property=\"og:title\" content=\"Maio, o m\u00eas da planta\u00e7\u00e3o, explora\u00e7\u00e3o e cria\u00e7\u00e3o | Instituto de Apoio \u00e0 Crian\u00e7a\" \/>\n<meta property=\"og:description\" content=\"Os jovens da Escola de Segunda Oportunidade &#8211; Educar e Formar para Inserir &#8211; Lisboa, plantaram a sua Horta Escolar e t\u00eam mantido os cuidados e tratamentos da mesma, mas n\u00e3o deixaram de viver aventuras fora da escola.\u00a0 No decorrer do projeto \u201cO Ciclo da Natureza\u201d, com o intuito de refletir sobre o dualismo ser&hellip;\" \/>\n<meta property=\"og:url\" content=\"https:\/\/iacrianca.pt\/en\/2023\/06\/maio-o-mes-da-plantacao-exploracao-e-criacao\/\" \/>\n<meta property=\"og:site_name\" content=\"Instituto de Apoio \u00e0 Crian\u00e7a\" \/>\n<meta property=\"article:publisher\" content=\"https:\/\/www.facebook.com\/iacinstitutodeapoioacrianca\" \/>\n<meta property=\"article:published_time\" content=\"2023-06-01T14:56:01+00:00\" \/>\n<meta property=\"article:modified_time\" content=\"2023-06-07T17:12:01+00:00\" \/>\n<meta property=\"og:image\" content=\"https:\/\/iacrianca.pt\/wp-content\/uploads\/maio.jpg\" \/>\n\t<meta property=\"og:image:width\" content=\"1354\" \/>\n\t<meta property=\"og:image:height\" content=\"609\" \/>\n\t<meta property=\"og:image:type\" content=\"image\/jpeg\" \/>\n<meta name=\"author\" content=\"Administra\u00e7\u00e3o IAC\" \/>\n<meta name=\"twitter:card\" content=\"summary_large_image\" \/>\n<meta name=\"twitter:creator\" content=\"@iacapoiocrianca\" \/>\n<meta name=\"twitter:site\" content=\"@iacapoiocrianca\" \/>\n<meta name=\"twitter:label1\" content=\"Written by\" \/>\n\t<meta name=\"twitter:data1\" content=\"Administra\u00e7\u00e3o IAC\" \/>\n\t<meta name=\"twitter:label2\" content=\"Est. reading time\" \/>\n\t<meta name=\"twitter:data2\" content=\"3 minutes\" \/>\n<script type=\"application\/ld+json\" class=\"yoast-schema-graph\">{\"@context\":\"https:\\\/\\\/schema.org\",\"@graph\":[{\"@type\":\"Article\",\"@id\":\"https:\\\/\\\/iacrianca.pt\\\/en\\\/2023\\\/06\\\/maio-o-mes-da-plantacao-exploracao-e-criacao\\\/#article\",\"isPartOf\":{\"@id\":\"https:\\\/\\\/iacrianca.pt\\\/en\\\/2023\\\/06\\\/maio-o-mes-da-plantacao-exploracao-e-criacao\\\/\"},\"author\":{\"name\":\"Administra\u00e7\u00e3o IAC\",\"@id\":\"https:\\\/\\\/iacrianca.pt\\\/en\\\/#\\\/schema\\\/person\\\/1c48c6e4b70d0dc7360e4b28ceaa5f6b\"},\"headline\":\"Maio, o m\u00eas da planta\u00e7\u00e3o, explora\u00e7\u00e3o e cria\u00e7\u00e3o\",\"datePublished\":\"2023-06-01T14:56:01+00:00\",\"dateModified\":\"2023-06-07T17:12:01+00:00\",\"mainEntityOfPage\":{\"@id\":\"https:\\\/\\\/iacrianca.pt\\\/en\\\/2023\\\/06\\\/maio-o-mes-da-plantacao-exploracao-e-criacao\\\/\"},\"wordCount\":325,\"commentCount\":0,\"publisher\":{\"@id\":\"https:\\\/\\\/iacrianca.pt\\\/en\\\/#organization\"},\"image\":{\"@id\":\"https:\\\/\\\/iacrianca.pt\\\/en\\\/2023\\\/06\\\/maio-o-mes-da-plantacao-exploracao-e-criacao\\\/#primaryimage\"},\"thumbnailUrl\":\"https:\\\/\\\/iacrianca.pt\\\/wp-content\\\/uploads\\\/maio.jpg\",\"articleSection\":[\"Newsletter\"],\"inLanguage\":\"en-US\",\"potentialAction\":[{\"@type\":\"CommentAction\",\"name\":\"Comment\",\"target\":[\"https:\\\/\\\/iacrianca.pt\\\/en\\\/2023\\\/06\\\/maio-o-mes-da-plantacao-exploracao-e-criacao\\\/#respond\"]}]},{\"@type\":\"WebPage\",\"@id\":\"https:\\\/\\\/iacrianca.pt\\\/en\\\/2023\\\/06\\\/maio-o-mes-da-plantacao-exploracao-e-criacao\\\/\",\"url\":\"https:\\\/\\\/iacrianca.pt\\\/en\\\/2023\\\/06\\\/maio-o-mes-da-plantacao-exploracao-e-criacao\\\/\",\"name\":\"Maio, o m\u00eas da planta\u00e7\u00e3o, explora\u00e7\u00e3o e cria\u00e7\u00e3o | Instituto de Apoio \u00e0 Crian\u00e7a\",\"isPartOf\":{\"@id\":\"https:\\\/\\\/iacrianca.pt\\\/en\\\/#website\"},\"primaryImageOfPage\":{\"@id\":\"https:\\\/\\\/iacrianca.pt\\\/en\\\/2023\\\/06\\\/maio-o-mes-da-plantacao-exploracao-e-criacao\\\/#primaryimage\"},\"image\":{\"@id\":\"https:\\\/\\\/iacrianca.pt\\\/en\\\/2023\\\/06\\\/maio-o-mes-da-plantacao-exploracao-e-criacao\\\/#primaryimage\"},\"thumbnailUrl\":\"https:\\\/\\\/iacrianca.pt\\\/wp-content\\\/uploads\\\/maio.jpg\",\"datePublished\":\"2023-06-01T14:56:01+00:00\",\"dateModified\":\"2023-06-07T17:12:01+00:00\",\"breadcrumb\":{\"@id\":\"https:\\\/\\\/iacrianca.pt\\\/en\\\/2023\\\/06\\\/maio-o-mes-da-plantacao-exploracao-e-criacao\\\/#breadcrumb\"},\"inLanguage\":\"en-US\",\"potentialAction\":[{\"@type\":\"ReadAction\",\"target\":[\"https:\\\/\\\/iacrianca.pt\\\/en\\\/2023\\\/06\\\/maio-o-mes-da-plantacao-exploracao-e-criacao\\\/\"]}]},{\"@type\":\"ImageObject\",\"inLanguage\":\"en-US\",\"@id\":\"https:\\\/\\\/iacrianca.pt\\\/en\\\/2023\\\/06\\\/maio-o-mes-da-plantacao-exploracao-e-criacao\\\/#primaryimage\",\"url\":\"https:\\\/\\\/iacrianca.pt\\\/wp-content\\\/uploads\\\/maio.jpg\",\"contentUrl\":\"https:\\\/\\\/iacrianca.pt\\\/wp-content\\\/uploads\\\/maio.jpg\",\"width\":1354,\"height\":609},{\"@type\":\"BreadcrumbList\",\"@id\":\"https:\\\/\\\/iacrianca.pt\\\/en\\\/2023\\\/06\\\/maio-o-mes-da-plantacao-exploracao-e-criacao\\\/#breadcrumb\",\"itemListElement\":[{\"@type\":\"ListItem\",\"position\":1,\"name\":\"In\u00edcio\",\"item\":\"https:\\\/\\\/iacrianca.pt\\\/en\\\/\"},{\"@type\":\"ListItem\",\"position\":2,\"name\":\"Maio, o m\u00eas da planta\u00e7\u00e3o, explora\u00e7\u00e3o e cria\u00e7\u00e3o\"}]},{\"@type\":\"WebSite\",\"@id\":\"https:\\\/\\\/iacrianca.pt\\\/en\\\/#website\",\"url\":\"https:\\\/\\\/iacrianca.pt\\\/en\\\/\",\"name\":\"Instituto de Apoio \u00e0 Crian\u00e7a\",\"description\":\"Desde 1983 na defesa e promo\u00e7\u00e3o dos direitos da crian\u00e7a\",\"publisher\":{\"@id\":\"https:\\\/\\\/iacrianca.pt\\\/en\\\/#organization\"},\"potentialAction\":[{\"@type\":\"SearchAction\",\"target\":{\"@type\":\"EntryPoint\",\"urlTemplate\":\"https:\\\/\\\/iacrianca.pt\\\/en\\\/?s={search_term_string}\"},\"query-input\":{\"@type\":\"PropertyValueSpecification\",\"valueRequired\":true,\"valueName\":\"search_term_string\"}}],\"inLanguage\":\"en-US\"},{\"@type\":\"Organization\",\"@id\":\"https:\\\/\\\/iacrianca.pt\\\/en\\\/#organization\",\"name\":\"Instituto de Apoio \u00e0 Crian\u00e7a\",\"url\":\"https:\\\/\\\/iacrianca.pt\\\/en\\\/\",\"logo\":{\"@type\":\"ImageObject\",\"inLanguage\":\"en-US\",\"@id\":\"https:\\\/\\\/iacrianca.pt\\\/en\\\/#\\\/schema\\\/logo\\\/image\\\/\",\"url\":\"https:\\\/\\\/iacrianca.pt\\\/wp-content\\\/uploads\\\/2020\\\/04\\\/logo-iac-SD.jpg\",\"contentUrl\":\"https:\\\/\\\/iacrianca.pt\\\/wp-content\\\/uploads\\\/2020\\\/04\\\/logo-iac-SD.jpg\",\"width\":152,\"height\":73,\"caption\":\"Instituto de Apoio \u00e0 Crian\u00e7a\"},\"image\":{\"@id\":\"https:\\\/\\\/iacrianca.pt\\\/en\\\/#\\\/schema\\\/logo\\\/image\\\/\"},\"sameAs\":[\"https:\\\/\\\/www.facebook.com\\\/iacinstitutodeapoioacrianca\",\"https:\\\/\\\/x.com\\\/iacapoiocrianca\",\"https:\\\/\\\/www.youtube.com\\\/channel\\\/UC0jjfZ_xkN_59gJf_RQ-ZnQ\",\"https:\\\/\\\/www.linkedin.com\\\/company\\\/instituto-de-apoio--criana\\\/\",\"https:\\\/\\\/www.instagram.com\\\/iacinstitutodeapoioacrianca\\\/\",\"https:\\\/\\\/criancasatortoeadireitos.wordpress.com\\\/\"]},{\"@type\":\"Person\",\"@id\":\"https:\\\/\\\/iacrianca.pt\\\/en\\\/#\\\/schema\\\/person\\\/1c48c6e4b70d0dc7360e4b28ceaa5f6b\",\"name\":\"Administra\u00e7\u00e3o IAC\",\"image\":{\"@type\":\"ImageObject\",\"inLanguage\":\"en-US\",\"@id\":\"https:\\\/\\\/secure.gravatar.com\\\/avatar\\\/60b998c71de37dcc1398fc6d48c6b5ed7533e3ceec837c948055f072e3158ff1?s=96&d=mm&r=g\",\"url\":\"https:\\\/\\\/secure.gravatar.com\\\/avatar\\\/60b998c71de37dcc1398fc6d48c6b5ed7533e3ceec837c948055f072e3158ff1?s=96&d=mm&r=g\",\"contentUrl\":\"https:\\\/\\\/secure.gravatar.com\\\/avatar\\\/60b998c71de37dcc1398fc6d48c6b5ed7533e3ceec837c948055f072e3158ff1?s=96&d=mm&r=g\",\"caption\":\"Administra\u00e7\u00e3o IAC\"}}]}<\/script>\n<!-- \/ Yoast SEO plugin. -->","yoast_head_json":{"title":"Maio, o m\u00eas da planta\u00e7\u00e3o, explora\u00e7\u00e3o e cria\u00e7\u00e3o | Instituto de Apoio \u00e0 Crian\u00e7a","robots":{"index":"index","follow":"follow","max-snippet":"max-snippet:-1","max-image-preview":"max-image-preview:large","max-video-preview":"max-video-preview:-1"},"canonical":"https:\/\/iacrianca.pt\/en\/2023\/06\/maio-o-mes-da-plantacao-exploracao-e-criacao\/","og_locale":"en_US","og_type":"article","og_title":"Maio, o m\u00eas da planta\u00e7\u00e3o, explora\u00e7\u00e3o e cria\u00e7\u00e3o | Instituto de Apoio \u00e0 Crian\u00e7a","og_description":"Os jovens da Escola de Segunda Oportunidade &#8211; Educar e Formar para Inserir &#8211; Lisboa, plantaram a sua Horta Escolar e t\u00eam mantido os cuidados e tratamentos da mesma, mas n\u00e3o deixaram de viver aventuras fora da escola.\u00a0 No decorrer do projeto \u201cO Ciclo da Natureza\u201d, com o intuito de refletir sobre o dualismo ser&hellip;","og_url":"https:\/\/iacrianca.pt\/en\/2023\/06\/maio-o-mes-da-plantacao-exploracao-e-criacao\/","og_site_name":"Instituto de Apoio \u00e0 Crian\u00e7a","article_publisher":"https:\/\/www.facebook.com\/iacinstitutodeapoioacrianca","article_published_time":"2023-06-01T14:56:01+00:00","article_modified_time":"2023-06-07T17:12:01+00:00","og_image":[{"width":1354,"height":609,"url":"https:\/\/iacrianca.pt\/wp-content\/uploads\/maio.jpg","type":"image\/jpeg"}],"author":"Administra\u00e7\u00e3o IAC","twitter_card":"summary_large_image","twitter_creator":"@iacapoiocrianca","twitter_site":"@iacapoiocrianca","twitter_misc":{"Written by":"Administra\u00e7\u00e3o IAC","Est. reading time":"3 minutes"},"schema":{"@context":"https:\/\/schema.org","@graph":[{"@type":"Article","@id":"https:\/\/iacrianca.pt\/en\/2023\/06\/maio-o-mes-da-plantacao-exploracao-e-criacao\/#article","isPartOf":{"@id":"https:\/\/iacrianca.pt\/en\/2023\/06\/maio-o-mes-da-plantacao-exploracao-e-criacao\/"},"author":{"name":"Administra\u00e7\u00e3o IAC","@id":"https:\/\/iacrianca.pt\/en\/#\/schema\/person\/1c48c6e4b70d0dc7360e4b28ceaa5f6b"},"headline":"Maio, o m\u00eas da planta\u00e7\u00e3o, explora\u00e7\u00e3o e cria\u00e7\u00e3o","datePublished":"2023-06-01T14:56:01+00:00","dateModified":"2023-06-07T17:12:01+00:00","mainEntityOfPage":{"@id":"https:\/\/iacrianca.pt\/en\/2023\/06\/maio-o-mes-da-plantacao-exploracao-e-criacao\/"},"wordCount":325,"commentCount":0,"publisher":{"@id":"https:\/\/iacrianca.pt\/en\/#organization"},"image":{"@id":"https:\/\/iacrianca.pt\/en\/2023\/06\/maio-o-mes-da-plantacao-exploracao-e-criacao\/#primaryimage"},"thumbnailUrl":"https:\/\/iacrianca.pt\/wp-content\/uploads\/maio.jpg","articleSection":["Newsletter"],"inLanguage":"en-US","potentialAction":[{"@type":"CommentAction","name":"Comment","target":["https:\/\/iacrianca.pt\/en\/2023\/06\/maio-o-mes-da-plantacao-exploracao-e-criacao\/#respond"]}]},{"@type":"WebPage","@id":"https:\/\/iacrianca.pt\/en\/2023\/06\/maio-o-mes-da-plantacao-exploracao-e-criacao\/","url":"https:\/\/iacrianca.pt\/en\/2023\/06\/maio-o-mes-da-plantacao-exploracao-e-criacao\/","name":"Maio, o m\u00eas da planta\u00e7\u00e3o, explora\u00e7\u00e3o e cria\u00e7\u00e3o | Instituto de Apoio \u00e0 Crian\u00e7a","isPartOf":{"@id":"https:\/\/iacrianca.pt\/en\/#website"},"primaryImageOfPage":{"@id":"https:\/\/iacrianca.pt\/en\/2023\/06\/maio-o-mes-da-plantacao-exploracao-e-criacao\/#primaryimage"},"image":{"@id":"https:\/\/iacrianca.pt\/en\/2023\/06\/maio-o-mes-da-plantacao-exploracao-e-criacao\/#primaryimage"},"thumbnailUrl":"https:\/\/iacrianca.pt\/wp-content\/uploads\/maio.jpg","datePublished":"2023-06-01T14:56:01+00:00","dateModified":"2023-06-07T17:12:01+00:00","breadcrumb":{"@id":"https:\/\/iacrianca.pt\/en\/2023\/06\/maio-o-mes-da-plantacao-exploracao-e-criacao\/#breadcrumb"},"inLanguage":"en-US","potentialAction":[{"@type":"ReadAction","target":["https:\/\/iacrianca.pt\/en\/2023\/06\/maio-o-mes-da-plantacao-exploracao-e-criacao\/"]}]},{"@type":"ImageObject","inLanguage":"en-US","@id":"https:\/\/iacrianca.pt\/en\/2023\/06\/maio-o-mes-da-plantacao-exploracao-e-criacao\/#primaryimage","url":"https:\/\/iacrianca.pt\/wp-content\/uploads\/maio.jpg","contentUrl":"https:\/\/iacrianca.pt\/wp-content\/uploads\/maio.jpg","width":1354,"height":609},{"@type":"BreadcrumbList","@id":"https:\/\/iacrianca.pt\/en\/2023\/06\/maio-o-mes-da-plantacao-exploracao-e-criacao\/#breadcrumb","itemListElement":[{"@type":"ListItem","position":1,"name":"In\u00edcio","item":"https:\/\/iacrianca.pt\/en\/"},{"@type":"ListItem","position":2,"name":"Maio, o m\u00eas da planta\u00e7\u00e3o, explora\u00e7\u00e3o e cria\u00e7\u00e3o"}]},{"@type":"WebSite","@id":"https:\/\/iacrianca.pt\/en\/#website","url":"https:\/\/iacrianca.pt\/en\/","name":"Instituto de Apoio \u00e0 Crian\u00e7a","description":"Desde 1983 na defesa e promo\u00e7\u00e3o dos direitos da crian\u00e7a","publisher":{"@id":"https:\/\/iacrianca.pt\/en\/#organization"},"potentialAction":[{"@type":"SearchAction","target":{"@type":"EntryPoint","urlTemplate":"https:\/\/iacrianca.pt\/en\/?s={search_term_string}"},"query-input":{"@type":"PropertyValueSpecification","valueRequired":true,"valueName":"search_term_string"}}],"inLanguage":"en-US"},{"@type":"Organization","@id":"https:\/\/iacrianca.pt\/en\/#organization","name":"Instituto de Apoio \u00e0 Crian\u00e7a","url":"https:\/\/iacrianca.pt\/en\/","logo":{"@type":"ImageObject","inLanguage":"en-US","@id":"https:\/\/iacrianca.pt\/en\/#\/schema\/logo\/image\/","url":"https:\/\/iacrianca.pt\/wp-content\/uploads\/2020\/04\/logo-iac-SD.jpg","contentUrl":"https:\/\/iacrianca.pt\/wp-content\/uploads\/2020\/04\/logo-iac-SD.jpg","width":152,"height":73,"caption":"Instituto de Apoio \u00e0 Crian\u00e7a"},"image":{"@id":"https:\/\/iacrianca.pt\/en\/#\/schema\/logo\/image\/"},"sameAs":["https:\/\/www.facebook.com\/iacinstitutodeapoioacrianca","https:\/\/x.com\/iacapoiocrianca","https:\/\/www.youtube.com\/channel\/UC0jjfZ_xkN_59gJf_RQ-ZnQ","https:\/\/www.linkedin.com\/company\/instituto-de-apoio--criana\/","https:\/\/www.instagram.com\/iacinstitutodeapoioacrianca\/","https:\/\/criancasatortoeadireitos.wordpress.com\/"]},{"@type":"Person","@id":"https:\/\/iacrianca.pt\/en\/#\/schema\/person\/1c48c6e4b70d0dc7360e4b28ceaa5f6b","name":"Administra\u00e7\u00e3o IAC","image":{"@type":"ImageObject","inLanguage":"en-US","@id":"https:\/\/secure.gravatar.com\/avatar\/60b998c71de37dcc1398fc6d48c6b5ed7533e3ceec837c948055f072e3158ff1?s=96&d=mm&r=g","url":"https:\/\/secure.gravatar.com\/avatar\/60b998c71de37dcc1398fc6d48c6b5ed7533e3ceec837c948055f072e3158ff1?s=96&d=mm&r=g","contentUrl":"https:\/\/secure.gravatar.com\/avatar\/60b998c71de37dcc1398fc6d48c6b5ed7533e3ceec837c948055f072e3158ff1?s=96&d=mm&r=g","caption":"Administra\u00e7\u00e3o IAC"}}]}},"_links":{"self":[{"href":"https:\/\/iacrianca.pt\/en\/wp-json\/wp\/v2\/posts\/18429","targetHints":{"allow":["GET"]}}],"collection":[{"href":"https:\/\/iacrianca.pt\/en\/wp-json\/wp\/v2\/posts"}],"about":[{"href":"https:\/\/iacrianca.pt\/en\/wp-json\/wp\/v2\/types\/post"}],"author":[{"embeddable":true,"href":"https:\/\/iacrianca.pt\/en\/wp-json\/wp\/v2\/users\/2"}],"replies":[{"embeddable":true,"href":"https:\/\/iacrianca.pt\/en\/wp-json\/wp\/v2\/comments?post=18429"}],"version-history":[{"count":0,"href":"https:\/\/iacrianca.pt\/en\/wp-json\/wp\/v2\/posts\/18429\/revisions"}],"wp:featuredmedia":[{"embeddable":true,"href":"https:\/\/iacrianca.pt\/en\/wp-json\/wp\/v2\/media\/18438"}],"wp:attachment":[{"href":"https:\/\/iacrianca.pt\/en\/wp-json\/wp\/v2\/media?parent=18429"}],"wp:term":[{"taxonomy":"category","embeddable":true,"href":"https:\/\/iacrianca.pt\/en\/wp-json\/wp\/v2\/categories?post=18429"},{"taxonomy":"post_tag","embeddable":true,"href":"https:\/\/iacrianca.pt\/en\/wp-json\/wp\/v2\/tags?post=18429"}],"curies":[{"name":"wp","href":"https:\/\/api.w.org\/{rel}","templated":true}]}}