{"id":18487,"date":"2023-06-05T14:06:41","date_gmt":"2023-06-05T13:06:41","guid":{"rendered":"https:\/\/iacrianca.pt\/?p=18487"},"modified":"2023-06-07T17:50:59","modified_gmt":"2023-06-07T16:50:59","slug":"continuamos-a-apelar-a-assinatura-da-peticao-juntos-vamos-tornar-a-internet-safeforkids","status":"publish","type":"post","link":"https:\/\/iacrianca.pt\/en\/2023\/06\/continuamos-a-apelar-a-assinatura-da-peticao-juntos-vamos-tornar-a-internet-safeforkids\/","title":{"rendered":"Continuamos a apelar \u00e0 assinatura da Peti\u00e7\u00e3o Juntos vamos tornar a internet #safeforkids"},"content":{"rendered":"<div class=\"aVla3\">\n<div class=\"\">\n<div>\n<div class=\"wide-content-host\">\n<div class=\"SlLx9 WWy1F isFirstCard byzS1 WWy1F\" tabindex=\"-1\" aria-label=\"Mensagem de e-mail\">\n<div class=\"wnVEW\">\n<div class=\"Yy5or GNqVo yxtKT allowTextSelection\" tabindex=\"-1\" role=\"region\" aria-label=\"Corpo da mensagem\">\n<div>\n<div>\n<div dir=\"ltr\">\n<div dir=\"ltr\">\n<div>\n<p>Em 2021, o Comit\u00e9 dos Direitos da Crian\u00e7a das Na\u00e7\u00f5es Unidas sublinhou a import\u00e2ncia da prote\u00e7\u00e3o dos Direitos da Crian\u00e7a tamb\u00e9m no ambiente digital (Coment\u00e1rio Geral n\u00ba 25 (2021) das Na\u00e7\u00f5es Unidas).<\/p>\n<p>Um estudo mundial de 2021 concluiu que mais de 1 em cada 3 inquiridos tinha sido convidado a praticar atos sexualmente expl\u00edcitos atrav\u00e9s da internet durante a sua inf\u00e2ncia e mais de metade fora v\u00edtima de uma ou outra forma de abuso sexual de crian\u00e7as pela internet. O material referente a abusos sexuais de crian\u00e7as \u00e9 um produto do abuso sexual f\u00edsico de crian\u00e7as, por isso \u00e9 t\u00e3o necess\u00e1rio e urgente que esse material seja detetado e denunciado para que se impe\u00e7a a sua produ\u00e7\u00e3o e difus\u00e3o, e para que se possa identificar e apoiar as v\u00edtimas.<\/p>\n<p>Esta peti\u00e7\u00e3o surge num momento em que urge sensibilizar e pressionar os parlamentares europeus para a aprova\u00e7\u00e3o de\u00a0uma legisla\u00e7\u00e3o eficaz na dete\u00e7\u00e3o, den\u00fancia e remo\u00e7\u00e3o dos materiais de abusos sexuais de crian\u00e7as na internet.<\/p>\n<p>O IAC tem tido um papel ativo na dissemina\u00e7\u00e3o desta peti\u00e7\u00e3o, porque considera importante que a sociedade civil esteja informada e possa assumir, tamb\u00e9m, uma posi\u00e7\u00e3o de defesa dos direitos da crian\u00e7a.<\/p>\n<p>Da nossa parte continuaremos a sensibilizar e a fazer lobby junto dos decisores pol\u00edticos nacionais e europeus para\u00a0a\u00a0aprova\u00e7\u00e3o da nova Diretiva, uma proposta de legisla\u00e7\u00e3o para combater eficazmente o abuso sexual de crian\u00e7as na internet, nomeadamente impondo aos prestadores de servi\u00e7os, a obriga\u00e7\u00e3o de detetarem, denunciarem, bloquearem e removerem material referente a abusos sexuais de crian\u00e7as dos seus servi\u00e7os e\u00a0que haja uma legisla\u00e7\u00e3o eficaz na dete\u00e7\u00e3o, den\u00fancia e remo\u00e7\u00e3o dos materiais de abusos sexuais na internet e impedir que o espa\u00e7o online seja facilitador de toda a viol\u00eancia sexual contra crian\u00e7as.<\/p>\n<\/div>\n<\/div>\n<\/div>\n<\/div>\n<\/div>\n<\/div>\n<\/div>\n<\/div>\n<\/div>\n<\/div>\n<\/div>\n<\/div>\n<div class=\"aVla3\">\n<div class=\"\">\n<div>\n<div class=\"wide-content-host\">\n<div class=\"SlLx9 WWy1F WWy1F\" tabindex=\"-1\" aria-label=\"Mensagem de e-mail\">\n<div>\n<div class=\"ze1hM l8Tnu\">\n<div class=\"ms-Persona-coin ms-Persona--size40 BQOiO coin-344\" role=\"presentation\">\n<div class=\"ms-Persona-imageArea imageArea-695\" role=\"presentation\">\n<div class=\"ms-Persona-initials initials-973\" aria-hidden=\"true\">Cada segundo conta!!<\/div>\n<div aria-hidden=\"true\"><\/div>\n<\/div>\n<\/div>\n<\/div>\n<\/div>\n<\/div>\n<\/div>\n<\/div>\n<\/div>\n<\/div>\n<p>Peti\u00e7\u00e3o <a href=\"https:\/\/justice-initiative.eu\/pt-pt\/petition\/\">aqui<\/a><\/p>\n<p>V\u00eddeo <a href=\"https:\/\/www.facebook.com\/reel\/164003876655498\">aqui<\/a><\/p>\n","protected":false},"excerpt":{"rendered":"<p>Em 2021, o Comit\u00e9 dos Direitos da Crian\u00e7a das Na\u00e7\u00f5es Unidas sublinhou a import\u00e2ncia da prote\u00e7\u00e3o dos Direitos da Crian\u00e7a tamb\u00e9m no ambiente digital (Coment\u00e1rio Geral n\u00ba 25 (2021) das Na\u00e7\u00f5es Unidas). Um estudo mundial de 2021 concluiu que mais de 1 em cada 3 inquiridos tinha sido convidado a praticar atos sexualmente expl\u00edcitos atrav\u00e9s&hellip;<\/p>\n","protected":false},"author":2,"featured_media":18488,"comment_status":"open","ping_status":"open","sticky":false,"template":"","format":"standard","meta":{"_acf_changed":false,"footnotes":""},"categories":[63],"tags":[],"class_list":["post-18487","post","type-post","status-publish","format-standard","has-post-thumbnail","hentry","category-newsletter","category-63","description-off"],"acf":[],"yoast_head":"<!-- This site is optimized with the Yoast SEO plugin v27.5 - https:\/\/yoast.com\/product\/yoast-seo-wordpress\/ -->\n<title>Continuamos a apelar \u00e0 assinatura da Peti\u00e7\u00e3o Juntos vamos tornar a internet #safeforkids | Instituto de Apoio \u00e0 Crian\u00e7a<\/title>\n<meta name=\"robots\" content=\"index, follow, max-snippet:-1, max-image-preview:large, max-video-preview:-1\" \/>\n<link rel=\"canonical\" href=\"https:\/\/iacrianca.pt\/en\/2023\/06\/continuamos-a-apelar-a-assinatura-da-peticao-juntos-vamos-tornar-a-internet-safeforkids\/\" \/>\n<meta property=\"og:locale\" content=\"en_US\" \/>\n<meta property=\"og:type\" content=\"article\" \/>\n<meta property=\"og:title\" content=\"Continuamos a apelar \u00e0 assinatura da Peti\u00e7\u00e3o Juntos vamos tornar a internet #safeforkids | Instituto de Apoio \u00e0 Crian\u00e7a\" \/>\n<meta property=\"og:description\" content=\"Em 2021, o Comit\u00e9 dos Direitos da Crian\u00e7a das Na\u00e7\u00f5es Unidas sublinhou a import\u00e2ncia da prote\u00e7\u00e3o dos Direitos da Crian\u00e7a tamb\u00e9m no ambiente digital (Coment\u00e1rio Geral n\u00ba 25 (2021) das Na\u00e7\u00f5es Unidas). Um estudo mundial de 2021 concluiu que mais de 1 em cada 3 inquiridos tinha sido convidado a praticar atos sexualmente expl\u00edcitos atrav\u00e9s&hellip;\" \/>\n<meta property=\"og:url\" content=\"https:\/\/iacrianca.pt\/en\/2023\/06\/continuamos-a-apelar-a-assinatura-da-peticao-juntos-vamos-tornar-a-internet-safeforkids\/\" \/>\n<meta property=\"og:site_name\" content=\"Instituto de Apoio \u00e0 Crian\u00e7a\" \/>\n<meta property=\"article:publisher\" content=\"https:\/\/www.facebook.com\/iacinstitutodeapoioacrianca\" \/>\n<meta property=\"article:published_time\" content=\"2023-06-05T13:06:41+00:00\" \/>\n<meta property=\"article:modified_time\" content=\"2023-06-07T16:50:59+00:00\" \/>\n<meta property=\"og:image\" content=\"https:\/\/iacrianca.pt\/wp-content\/uploads\/segundo-1.jpg\" \/>\n\t<meta property=\"og:image:width\" content=\"1080\" \/>\n\t<meta property=\"og:image:height\" content=\"1080\" \/>\n\t<meta property=\"og:image:type\" content=\"image\/jpeg\" \/>\n<meta name=\"author\" content=\"Administra\u00e7\u00e3o IAC\" \/>\n<meta name=\"twitter:card\" content=\"summary_large_image\" \/>\n<meta name=\"twitter:creator\" content=\"@iacapoiocrianca\" \/>\n<meta name=\"twitter:site\" content=\"@iacapoiocrianca\" \/>\n<meta name=\"twitter:label1\" content=\"Written by\" \/>\n\t<meta name=\"twitter:data1\" content=\"Administra\u00e7\u00e3o IAC\" \/>\n\t<meta name=\"twitter:label2\" content=\"Est. reading time\" \/>\n\t<meta name=\"twitter:data2\" content=\"2 minutes\" \/>\n<script type=\"application\/ld+json\" class=\"yoast-schema-graph\">{\"@context\":\"https:\\\/\\\/schema.org\",\"@graph\":[{\"@type\":\"Article\",\"@id\":\"https:\\\/\\\/iacrianca.pt\\\/en\\\/2023\\\/06\\\/continuamos-a-apelar-a-assinatura-da-peticao-juntos-vamos-tornar-a-internet-safeforkids\\\/#article\",\"isPartOf\":{\"@id\":\"https:\\\/\\\/iacrianca.pt\\\/en\\\/2023\\\/06\\\/continuamos-a-apelar-a-assinatura-da-peticao-juntos-vamos-tornar-a-internet-safeforkids\\\/\"},\"author\":{\"name\":\"Administra\u00e7\u00e3o IAC\",\"@id\":\"https:\\\/\\\/iacrianca.pt\\\/en\\\/#\\\/schema\\\/person\\\/1c48c6e4b70d0dc7360e4b28ceaa5f6b\"},\"headline\":\"Continuamos a apelar \u00e0 assinatura da Peti\u00e7\u00e3o Juntos vamos tornar a internet #safeforkids\",\"datePublished\":\"2023-06-05T13:06:41+00:00\",\"dateModified\":\"2023-06-07T16:50:59+00:00\",\"mainEntityOfPage\":{\"@id\":\"https:\\\/\\\/iacrianca.pt\\\/en\\\/2023\\\/06\\\/continuamos-a-apelar-a-assinatura-da-peticao-juntos-vamos-tornar-a-internet-safeforkids\\\/\"},\"wordCount\":353,\"commentCount\":0,\"publisher\":{\"@id\":\"https:\\\/\\\/iacrianca.pt\\\/en\\\/#organization\"},\"image\":{\"@id\":\"https:\\\/\\\/iacrianca.pt\\\/en\\\/2023\\\/06\\\/continuamos-a-apelar-a-assinatura-da-peticao-juntos-vamos-tornar-a-internet-safeforkids\\\/#primaryimage\"},\"thumbnailUrl\":\"https:\\\/\\\/iacrianca.pt\\\/wp-content\\\/uploads\\\/segundo-1.jpg\",\"articleSection\":[\"Newsletter\"],\"inLanguage\":\"en-US\",\"potentialAction\":[{\"@type\":\"CommentAction\",\"name\":\"Comment\",\"target\":[\"https:\\\/\\\/iacrianca.pt\\\/en\\\/2023\\\/06\\\/continuamos-a-apelar-a-assinatura-da-peticao-juntos-vamos-tornar-a-internet-safeforkids\\\/#respond\"]}]},{\"@type\":\"WebPage\",\"@id\":\"https:\\\/\\\/iacrianca.pt\\\/en\\\/2023\\\/06\\\/continuamos-a-apelar-a-assinatura-da-peticao-juntos-vamos-tornar-a-internet-safeforkids\\\/\",\"url\":\"https:\\\/\\\/iacrianca.pt\\\/en\\\/2023\\\/06\\\/continuamos-a-apelar-a-assinatura-da-peticao-juntos-vamos-tornar-a-internet-safeforkids\\\/\",\"name\":\"Continuamos a apelar \u00e0 assinatura da Peti\u00e7\u00e3o Juntos vamos tornar a internet #safeforkids | Instituto de Apoio \u00e0 Crian\u00e7a\",\"isPartOf\":{\"@id\":\"https:\\\/\\\/iacrianca.pt\\\/en\\\/#website\"},\"primaryImageOfPage\":{\"@id\":\"https:\\\/\\\/iacrianca.pt\\\/en\\\/2023\\\/06\\\/continuamos-a-apelar-a-assinatura-da-peticao-juntos-vamos-tornar-a-internet-safeforkids\\\/#primaryimage\"},\"image\":{\"@id\":\"https:\\\/\\\/iacrianca.pt\\\/en\\\/2023\\\/06\\\/continuamos-a-apelar-a-assinatura-da-peticao-juntos-vamos-tornar-a-internet-safeforkids\\\/#primaryimage\"},\"thumbnailUrl\":\"https:\\\/\\\/iacrianca.pt\\\/wp-content\\\/uploads\\\/segundo-1.jpg\",\"datePublished\":\"2023-06-05T13:06:41+00:00\",\"dateModified\":\"2023-06-07T16:50:59+00:00\",\"breadcrumb\":{\"@id\":\"https:\\\/\\\/iacrianca.pt\\\/en\\\/2023\\\/06\\\/continuamos-a-apelar-a-assinatura-da-peticao-juntos-vamos-tornar-a-internet-safeforkids\\\/#breadcrumb\"},\"inLanguage\":\"en-US\",\"potentialAction\":[{\"@type\":\"ReadAction\",\"target\":[\"https:\\\/\\\/iacrianca.pt\\\/en\\\/2023\\\/06\\\/continuamos-a-apelar-a-assinatura-da-peticao-juntos-vamos-tornar-a-internet-safeforkids\\\/\"]}]},{\"@type\":\"ImageObject\",\"inLanguage\":\"en-US\",\"@id\":\"https:\\\/\\\/iacrianca.pt\\\/en\\\/2023\\\/06\\\/continuamos-a-apelar-a-assinatura-da-peticao-juntos-vamos-tornar-a-internet-safeforkids\\\/#primaryimage\",\"url\":\"https:\\\/\\\/iacrianca.pt\\\/wp-content\\\/uploads\\\/segundo-1.jpg\",\"contentUrl\":\"https:\\\/\\\/iacrianca.pt\\\/wp-content\\\/uploads\\\/segundo-1.jpg\",\"width\":1080,\"height\":1080},{\"@type\":\"BreadcrumbList\",\"@id\":\"https:\\\/\\\/iacrianca.pt\\\/en\\\/2023\\\/06\\\/continuamos-a-apelar-a-assinatura-da-peticao-juntos-vamos-tornar-a-internet-safeforkids\\\/#breadcrumb\",\"itemListElement\":[{\"@type\":\"ListItem\",\"position\":1,\"name\":\"In\u00edcio\",\"item\":\"https:\\\/\\\/iacrianca.pt\\\/en\\\/\"},{\"@type\":\"ListItem\",\"position\":2,\"name\":\"Continuamos a apelar \u00e0 assinatura da Peti\u00e7\u00e3o Juntos vamos tornar a internet #safeforkids\"}]},{\"@type\":\"WebSite\",\"@id\":\"https:\\\/\\\/iacrianca.pt\\\/en\\\/#website\",\"url\":\"https:\\\/\\\/iacrianca.pt\\\/en\\\/\",\"name\":\"Instituto de Apoio \u00e0 Crian\u00e7a\",\"description\":\"Desde 1983 na defesa e promo\u00e7\u00e3o dos direitos da crian\u00e7a\",\"publisher\":{\"@id\":\"https:\\\/\\\/iacrianca.pt\\\/en\\\/#organization\"},\"potentialAction\":[{\"@type\":\"SearchAction\",\"target\":{\"@type\":\"EntryPoint\",\"urlTemplate\":\"https:\\\/\\\/iacrianca.pt\\\/en\\\/?s={search_term_string}\"},\"query-input\":{\"@type\":\"PropertyValueSpecification\",\"valueRequired\":true,\"valueName\":\"search_term_string\"}}],\"inLanguage\":\"en-US\"},{\"@type\":\"Organization\",\"@id\":\"https:\\\/\\\/iacrianca.pt\\\/en\\\/#organization\",\"name\":\"Instituto de Apoio \u00e0 Crian\u00e7a\",\"url\":\"https:\\\/\\\/iacrianca.pt\\\/en\\\/\",\"logo\":{\"@type\":\"ImageObject\",\"inLanguage\":\"en-US\",\"@id\":\"https:\\\/\\\/iacrianca.pt\\\/en\\\/#\\\/schema\\\/logo\\\/image\\\/\",\"url\":\"https:\\\/\\\/iacrianca.pt\\\/wp-content\\\/uploads\\\/2020\\\/04\\\/logo-iac-SD.jpg\",\"contentUrl\":\"https:\\\/\\\/iacrianca.pt\\\/wp-content\\\/uploads\\\/2020\\\/04\\\/logo-iac-SD.jpg\",\"width\":152,\"height\":73,\"caption\":\"Instituto de Apoio \u00e0 Crian\u00e7a\"},\"image\":{\"@id\":\"https:\\\/\\\/iacrianca.pt\\\/en\\\/#\\\/schema\\\/logo\\\/image\\\/\"},\"sameAs\":[\"https:\\\/\\\/www.facebook.com\\\/iacinstitutodeapoioacrianca\",\"https:\\\/\\\/x.com\\\/iacapoiocrianca\",\"https:\\\/\\\/www.youtube.com\\\/channel\\\/UC0jjfZ_xkN_59gJf_RQ-ZnQ\",\"https:\\\/\\\/www.linkedin.com\\\/company\\\/instituto-de-apoio--criana\\\/\",\"https:\\\/\\\/www.instagram.com\\\/iacinstitutodeapoioacrianca\\\/\",\"https:\\\/\\\/criancasatortoeadireitos.wordpress.com\\\/\"]},{\"@type\":\"Person\",\"@id\":\"https:\\\/\\\/iacrianca.pt\\\/en\\\/#\\\/schema\\\/person\\\/1c48c6e4b70d0dc7360e4b28ceaa5f6b\",\"name\":\"Administra\u00e7\u00e3o IAC\",\"image\":{\"@type\":\"ImageObject\",\"inLanguage\":\"en-US\",\"@id\":\"https:\\\/\\\/secure.gravatar.com\\\/avatar\\\/60b998c71de37dcc1398fc6d48c6b5ed7533e3ceec837c948055f072e3158ff1?s=96&d=mm&r=g\",\"url\":\"https:\\\/\\\/secure.gravatar.com\\\/avatar\\\/60b998c71de37dcc1398fc6d48c6b5ed7533e3ceec837c948055f072e3158ff1?s=96&d=mm&r=g\",\"contentUrl\":\"https:\\\/\\\/secure.gravatar.com\\\/avatar\\\/60b998c71de37dcc1398fc6d48c6b5ed7533e3ceec837c948055f072e3158ff1?s=96&d=mm&r=g\",\"caption\":\"Administra\u00e7\u00e3o IAC\"}}]}<\/script>\n<!-- \/ Yoast SEO plugin. -->","yoast_head_json":{"title":"Continuamos a apelar \u00e0 assinatura da Peti\u00e7\u00e3o Juntos vamos tornar a internet #safeforkids | Instituto de Apoio \u00e0 Crian\u00e7a","robots":{"index":"index","follow":"follow","max-snippet":"max-snippet:-1","max-image-preview":"max-image-preview:large","max-video-preview":"max-video-preview:-1"},"canonical":"https:\/\/iacrianca.pt\/en\/2023\/06\/continuamos-a-apelar-a-assinatura-da-peticao-juntos-vamos-tornar-a-internet-safeforkids\/","og_locale":"en_US","og_type":"article","og_title":"Continuamos a apelar \u00e0 assinatura da Peti\u00e7\u00e3o Juntos vamos tornar a internet #safeforkids | Instituto de Apoio \u00e0 Crian\u00e7a","og_description":"Em 2021, o Comit\u00e9 dos Direitos da Crian\u00e7a das Na\u00e7\u00f5es Unidas sublinhou a import\u00e2ncia da prote\u00e7\u00e3o dos Direitos da Crian\u00e7a tamb\u00e9m no ambiente digital (Coment\u00e1rio Geral n\u00ba 25 (2021) das Na\u00e7\u00f5es Unidas). Um estudo mundial de 2021 concluiu que mais de 1 em cada 3 inquiridos tinha sido convidado a praticar atos sexualmente expl\u00edcitos atrav\u00e9s&hellip;","og_url":"https:\/\/iacrianca.pt\/en\/2023\/06\/continuamos-a-apelar-a-assinatura-da-peticao-juntos-vamos-tornar-a-internet-safeforkids\/","og_site_name":"Instituto de Apoio \u00e0 Crian\u00e7a","article_publisher":"https:\/\/www.facebook.com\/iacinstitutodeapoioacrianca","article_published_time":"2023-06-05T13:06:41+00:00","article_modified_time":"2023-06-07T16:50:59+00:00","og_image":[{"width":1080,"height":1080,"url":"https:\/\/iacrianca.pt\/wp-content\/uploads\/segundo-1.jpg","type":"image\/jpeg"}],"author":"Administra\u00e7\u00e3o IAC","twitter_card":"summary_large_image","twitter_creator":"@iacapoiocrianca","twitter_site":"@iacapoiocrianca","twitter_misc":{"Written by":"Administra\u00e7\u00e3o IAC","Est. reading time":"2 minutes"},"schema":{"@context":"https:\/\/schema.org","@graph":[{"@type":"Article","@id":"https:\/\/iacrianca.pt\/en\/2023\/06\/continuamos-a-apelar-a-assinatura-da-peticao-juntos-vamos-tornar-a-internet-safeforkids\/#article","isPartOf":{"@id":"https:\/\/iacrianca.pt\/en\/2023\/06\/continuamos-a-apelar-a-assinatura-da-peticao-juntos-vamos-tornar-a-internet-safeforkids\/"},"author":{"name":"Administra\u00e7\u00e3o IAC","@id":"https:\/\/iacrianca.pt\/en\/#\/schema\/person\/1c48c6e4b70d0dc7360e4b28ceaa5f6b"},"headline":"Continuamos a apelar \u00e0 assinatura da Peti\u00e7\u00e3o Juntos vamos tornar a internet #safeforkids","datePublished":"2023-06-05T13:06:41+00:00","dateModified":"2023-06-07T16:50:59+00:00","mainEntityOfPage":{"@id":"https:\/\/iacrianca.pt\/en\/2023\/06\/continuamos-a-apelar-a-assinatura-da-peticao-juntos-vamos-tornar-a-internet-safeforkids\/"},"wordCount":353,"commentCount":0,"publisher":{"@id":"https:\/\/iacrianca.pt\/en\/#organization"},"image":{"@id":"https:\/\/iacrianca.pt\/en\/2023\/06\/continuamos-a-apelar-a-assinatura-da-peticao-juntos-vamos-tornar-a-internet-safeforkids\/#primaryimage"},"thumbnailUrl":"https:\/\/iacrianca.pt\/wp-content\/uploads\/segundo-1.jpg","articleSection":["Newsletter"],"inLanguage":"en-US","potentialAction":[{"@type":"CommentAction","name":"Comment","target":["https:\/\/iacrianca.pt\/en\/2023\/06\/continuamos-a-apelar-a-assinatura-da-peticao-juntos-vamos-tornar-a-internet-safeforkids\/#respond"]}]},{"@type":"WebPage","@id":"https:\/\/iacrianca.pt\/en\/2023\/06\/continuamos-a-apelar-a-assinatura-da-peticao-juntos-vamos-tornar-a-internet-safeforkids\/","url":"https:\/\/iacrianca.pt\/en\/2023\/06\/continuamos-a-apelar-a-assinatura-da-peticao-juntos-vamos-tornar-a-internet-safeforkids\/","name":"Continuamos a apelar \u00e0 assinatura da Peti\u00e7\u00e3o Juntos vamos tornar a internet #safeforkids | Instituto de Apoio \u00e0 Crian\u00e7a","isPartOf":{"@id":"https:\/\/iacrianca.pt\/en\/#website"},"primaryImageOfPage":{"@id":"https:\/\/iacrianca.pt\/en\/2023\/06\/continuamos-a-apelar-a-assinatura-da-peticao-juntos-vamos-tornar-a-internet-safeforkids\/#primaryimage"},"image":{"@id":"https:\/\/iacrianca.pt\/en\/2023\/06\/continuamos-a-apelar-a-assinatura-da-peticao-juntos-vamos-tornar-a-internet-safeforkids\/#primaryimage"},"thumbnailUrl":"https:\/\/iacrianca.pt\/wp-content\/uploads\/segundo-1.jpg","datePublished":"2023-06-05T13:06:41+00:00","dateModified":"2023-06-07T16:50:59+00:00","breadcrumb":{"@id":"https:\/\/iacrianca.pt\/en\/2023\/06\/continuamos-a-apelar-a-assinatura-da-peticao-juntos-vamos-tornar-a-internet-safeforkids\/#breadcrumb"},"inLanguage":"en-US","potentialAction":[{"@type":"ReadAction","target":["https:\/\/iacrianca.pt\/en\/2023\/06\/continuamos-a-apelar-a-assinatura-da-peticao-juntos-vamos-tornar-a-internet-safeforkids\/"]}]},{"@type":"ImageObject","inLanguage":"en-US","@id":"https:\/\/iacrianca.pt\/en\/2023\/06\/continuamos-a-apelar-a-assinatura-da-peticao-juntos-vamos-tornar-a-internet-safeforkids\/#primaryimage","url":"https:\/\/iacrianca.pt\/wp-content\/uploads\/segundo-1.jpg","contentUrl":"https:\/\/iacrianca.pt\/wp-content\/uploads\/segundo-1.jpg","width":1080,"height":1080},{"@type":"BreadcrumbList","@id":"https:\/\/iacrianca.pt\/en\/2023\/06\/continuamos-a-apelar-a-assinatura-da-peticao-juntos-vamos-tornar-a-internet-safeforkids\/#breadcrumb","itemListElement":[{"@type":"ListItem","position":1,"name":"In\u00edcio","item":"https:\/\/iacrianca.pt\/en\/"},{"@type":"ListItem","position":2,"name":"Continuamos a apelar \u00e0 assinatura da Peti\u00e7\u00e3o Juntos vamos tornar a internet #safeforkids"}]},{"@type":"WebSite","@id":"https:\/\/iacrianca.pt\/en\/#website","url":"https:\/\/iacrianca.pt\/en\/","name":"Instituto de Apoio \u00e0 Crian\u00e7a","description":"Desde 1983 na defesa e promo\u00e7\u00e3o dos direitos da crian\u00e7a","publisher":{"@id":"https:\/\/iacrianca.pt\/en\/#organization"},"potentialAction":[{"@type":"SearchAction","target":{"@type":"EntryPoint","urlTemplate":"https:\/\/iacrianca.pt\/en\/?s={search_term_string}"},"query-input":{"@type":"PropertyValueSpecification","valueRequired":true,"valueName":"search_term_string"}}],"inLanguage":"en-US"},{"@type":"Organization","@id":"https:\/\/iacrianca.pt\/en\/#organization","name":"Instituto de Apoio \u00e0 Crian\u00e7a","url":"https:\/\/iacrianca.pt\/en\/","logo":{"@type":"ImageObject","inLanguage":"en-US","@id":"https:\/\/iacrianca.pt\/en\/#\/schema\/logo\/image\/","url":"https:\/\/iacrianca.pt\/wp-content\/uploads\/2020\/04\/logo-iac-SD.jpg","contentUrl":"https:\/\/iacrianca.pt\/wp-content\/uploads\/2020\/04\/logo-iac-SD.jpg","width":152,"height":73,"caption":"Instituto de Apoio \u00e0 Crian\u00e7a"},"image":{"@id":"https:\/\/iacrianca.pt\/en\/#\/schema\/logo\/image\/"},"sameAs":["https:\/\/www.facebook.com\/iacinstitutodeapoioacrianca","https:\/\/x.com\/iacapoiocrianca","https:\/\/www.youtube.com\/channel\/UC0jjfZ_xkN_59gJf_RQ-ZnQ","https:\/\/www.linkedin.com\/company\/instituto-de-apoio--criana\/","https:\/\/www.instagram.com\/iacinstitutodeapoioacrianca\/","https:\/\/criancasatortoeadireitos.wordpress.com\/"]},{"@type":"Person","@id":"https:\/\/iacrianca.pt\/en\/#\/schema\/person\/1c48c6e4b70d0dc7360e4b28ceaa5f6b","name":"Administra\u00e7\u00e3o IAC","image":{"@type":"ImageObject","inLanguage":"en-US","@id":"https:\/\/secure.gravatar.com\/avatar\/60b998c71de37dcc1398fc6d48c6b5ed7533e3ceec837c948055f072e3158ff1?s=96&d=mm&r=g","url":"https:\/\/secure.gravatar.com\/avatar\/60b998c71de37dcc1398fc6d48c6b5ed7533e3ceec837c948055f072e3158ff1?s=96&d=mm&r=g","contentUrl":"https:\/\/secure.gravatar.com\/avatar\/60b998c71de37dcc1398fc6d48c6b5ed7533e3ceec837c948055f072e3158ff1?s=96&d=mm&r=g","caption":"Administra\u00e7\u00e3o IAC"}}]}},"_links":{"self":[{"href":"https:\/\/iacrianca.pt\/en\/wp-json\/wp\/v2\/posts\/18487","targetHints":{"allow":["GET"]}}],"collection":[{"href":"https:\/\/iacrianca.pt\/en\/wp-json\/wp\/v2\/posts"}],"about":[{"href":"https:\/\/iacrianca.pt\/en\/wp-json\/wp\/v2\/types\/post"}],"author":[{"embeddable":true,"href":"https:\/\/iacrianca.pt\/en\/wp-json\/wp\/v2\/users\/2"}],"replies":[{"embeddable":true,"href":"https:\/\/iacrianca.pt\/en\/wp-json\/wp\/v2\/comments?post=18487"}],"version-history":[{"count":0,"href":"https:\/\/iacrianca.pt\/en\/wp-json\/wp\/v2\/posts\/18487\/revisions"}],"wp:featuredmedia":[{"embeddable":true,"href":"https:\/\/iacrianca.pt\/en\/wp-json\/wp\/v2\/media\/18488"}],"wp:attachment":[{"href":"https:\/\/iacrianca.pt\/en\/wp-json\/wp\/v2\/media?parent=18487"}],"wp:term":[{"taxonomy":"category","embeddable":true,"href":"https:\/\/iacrianca.pt\/en\/wp-json\/wp\/v2\/categories?post=18487"},{"taxonomy":"post_tag","embeddable":true,"href":"https:\/\/iacrianca.pt\/en\/wp-json\/wp\/v2\/tags?post=18487"}],"curies":[{"name":"wp","href":"https:\/\/api.w.org\/{rel}","templated":true}]}}