{"id":18592,"date":"2023-06-30T14:35:27","date_gmt":"2023-06-30T13:35:27","guid":{"rendered":"https:\/\/iacrianca.pt\/?p=18592"},"modified":"2023-07-06T14:36:44","modified_gmt":"2023-07-06T13:36:44","slug":"brincar-nos-jardins-do-palacio-de-belem","status":"publish","type":"post","link":"https:\/\/iacrianca.pt\/en\/2023\/06\/brincar-nos-jardins-do-palacio-de-belem\/","title":{"rendered":"Brincar nos Jardins do Pal\u00e1cio de Bel\u00e9m"},"content":{"rendered":"<p><span data-contrast=\"auto\">Volt\u00e1mos ao Pal\u00e1cio de Bel\u00e9m onde cont\u00e1mos com muitas brincadeiras.<\/span><span data-ccp-props=\"{&quot;201341983&quot;:0,&quot;335551550&quot;:6,&quot;335551620&quot;:6,&quot;335559739&quot;:160,&quot;335559740&quot;:259}\">\u00a0<\/span><\/p>\n<p><span data-contrast=\"auto\">Depois da interrup\u00e7\u00e3o entre 2020 e 2022 devido \u00e0 Pandemia Covid-19, este ano volt\u00e1mos ao Pal\u00e1cio de Bel\u00e9m para comemorar o Dia Mundial do Brincar (28 de Maio) e o Dia da Crian\u00e7a (1 de Junho).<\/span><span data-ccp-props=\"{&quot;201341983&quot;:0,&quot;335551550&quot;:6,&quot;335551620&quot;:6,&quot;335559739&quot;:160,&quot;335559740&quot;:259}\">\u00a0<\/span><\/p>\n<p><span data-contrast=\"auto\">O evento decorreu no dia 3 de junho e juntou novamente o Museu da Presid\u00eancia da Rep\u00fablica e a Guarda Nacional Republicana ao IAC na organiza\u00e7\u00e3o desta festa que nos \u00e9 t\u00e3o querida. Deixamos o nosso agradecimento especial ao Museu da Presid\u00eancia que nos abriu as portas e os bra\u00e7os nesta iniciativa.<\/span><span data-ccp-props=\"{&quot;201341983&quot;:0,&quot;335551550&quot;:6,&quot;335551620&quot;:6,&quot;335559739&quot;:160,&quot;335559740&quot;:259}\">\u00a0<\/span><\/p>\n<p><span data-contrast=\"auto\">Cont\u00e1mos com 2216 visitantes ao longo do dia e, da parte do IAC, n\u00e3o podemos deixar de agradecer aos 13 parceiros que levaram consigo cerca de 100 volunt\u00e1rios para nos ajudarem a proporcionar um dia inesquec\u00edvel para todas as crian\u00e7as que nos visitaram.<\/span><span data-ccp-props=\"{&quot;201341983&quot;:0,&quot;335551550&quot;:6,&quot;335551620&quot;:6,&quot;335559739&quot;:160,&quot;335559740&quot;:259}\">\u00a0<\/span><\/p>\n<p><span data-contrast=\"auto\">J\u00e1 estamos a pensar no pr\u00f3ximo ano!<\/span><span data-ccp-props=\"{&quot;201341983&quot;:0,&quot;335551550&quot;:6,&quot;335551620&quot;:6,&quot;335559739&quot;:160,&quot;335559740&quot;:259}\">\u00a0<\/span><\/p>\n<p><img fetchpriority=\"high\" decoding=\"async\" class=\"alignnone wp-image-18593 size-full\" src=\"https:\/\/iacrianca.pt\/wp-content\/uploads\/belem.jpg\" alt=\"\" width=\"774\" height=\"609\" srcset=\"https:\/\/iacrianca.pt\/wp-content\/uploads\/belem.jpg 774w, https:\/\/iacrianca.pt\/wp-content\/uploads\/belem-300x236.jpg 300w, https:\/\/iacrianca.pt\/wp-content\/uploads\/belem-768x604.jpg 768w\" sizes=\"(max-width: 774px) 100vw, 774px\" \/><\/p>\n","protected":false},"excerpt":{"rendered":"<p>Volt\u00e1mos ao Pal\u00e1cio de Bel\u00e9m onde cont\u00e1mos com muitas brincadeiras.\u00a0 Depois da interrup\u00e7\u00e3o entre 2020 e 2022 devido \u00e0 Pandemia Covid-19, este ano volt\u00e1mos ao Pal\u00e1cio de Bel\u00e9m para comemorar o Dia Mundial do Brincar (28 de Maio) e o Dia da Crian\u00e7a (1 de Junho).\u00a0 O evento decorreu no dia 3 de junho e&hellip;<\/p>\n","protected":false},"author":2,"featured_media":18737,"comment_status":"open","ping_status":"open","sticky":false,"template":"","format":"standard","meta":{"_acf_changed":false,"footnotes":""},"categories":[63],"tags":[],"class_list":["post-18592","post","type-post","status-publish","format-standard","has-post-thumbnail","hentry","category-newsletter","category-63","description-off"],"acf":[],"yoast_head":"<!-- This site is optimized with the Yoast SEO plugin v27.5 - https:\/\/yoast.com\/product\/yoast-seo-wordpress\/ -->\n<title>Brincar nos Jardins do Pal\u00e1cio de Bel\u00e9m | Instituto de Apoio \u00e0 Crian\u00e7a<\/title>\n<meta name=\"robots\" content=\"index, follow, max-snippet:-1, max-image-preview:large, max-video-preview:-1\" \/>\n<link rel=\"canonical\" href=\"https:\/\/iacrianca.pt\/en\/2023\/06\/brincar-nos-jardins-do-palacio-de-belem\/\" \/>\n<meta property=\"og:locale\" content=\"en_US\" \/>\n<meta property=\"og:type\" content=\"article\" \/>\n<meta property=\"og:title\" content=\"Brincar nos Jardins do Pal\u00e1cio de Bel\u00e9m | Instituto de Apoio \u00e0 Crian\u00e7a\" \/>\n<meta property=\"og:description\" content=\"Volt\u00e1mos ao Pal\u00e1cio de Bel\u00e9m onde cont\u00e1mos com muitas brincadeiras.\u00a0 Depois da interrup\u00e7\u00e3o entre 2020 e 2022 devido \u00e0 Pandemia Covid-19, este ano volt\u00e1mos ao Pal\u00e1cio de Bel\u00e9m para comemorar o Dia Mundial do Brincar (28 de Maio) e o Dia da Crian\u00e7a (1 de Junho).\u00a0 O evento decorreu no dia 3 de junho e&hellip;\" \/>\n<meta property=\"og:url\" content=\"https:\/\/iacrianca.pt\/en\/2023\/06\/brincar-nos-jardins-do-palacio-de-belem\/\" \/>\n<meta property=\"og:site_name\" content=\"Instituto de Apoio \u00e0 Crian\u00e7a\" \/>\n<meta property=\"article:publisher\" content=\"https:\/\/www.facebook.com\/iacinstitutodeapoioacrianca\" \/>\n<meta property=\"article:published_time\" content=\"2023-06-30T13:35:27+00:00\" \/>\n<meta property=\"article:modified_time\" content=\"2023-07-06T13:36:44+00:00\" \/>\n<meta property=\"og:image\" content=\"https:\/\/iacrianca.pt\/wp-content\/uploads\/dia-1.jpg\" \/>\n\t<meta property=\"og:image:width\" content=\"1440\" \/>\n\t<meta property=\"og:image:height\" content=\"1440\" \/>\n\t<meta property=\"og:image:type\" content=\"image\/jpeg\" \/>\n<meta name=\"author\" content=\"Administra\u00e7\u00e3o IAC\" \/>\n<meta name=\"twitter:card\" content=\"summary_large_image\" \/>\n<meta name=\"twitter:creator\" content=\"@iacapoiocrianca\" \/>\n<meta name=\"twitter:site\" content=\"@iacapoiocrianca\" \/>\n<meta name=\"twitter:label1\" content=\"Written by\" \/>\n\t<meta name=\"twitter:data1\" content=\"Administra\u00e7\u00e3o IAC\" \/>\n\t<meta name=\"twitter:label2\" content=\"Est. reading time\" \/>\n\t<meta name=\"twitter:data2\" content=\"2 minutes\" \/>\n<script type=\"application\/ld+json\" class=\"yoast-schema-graph\">{\"@context\":\"https:\\\/\\\/schema.org\",\"@graph\":[{\"@type\":\"Article\",\"@id\":\"https:\\\/\\\/iacrianca.pt\\\/en\\\/2023\\\/06\\\/brincar-nos-jardins-do-palacio-de-belem\\\/#article\",\"isPartOf\":{\"@id\":\"https:\\\/\\\/iacrianca.pt\\\/en\\\/2023\\\/06\\\/brincar-nos-jardins-do-palacio-de-belem\\\/\"},\"author\":{\"name\":\"Administra\u00e7\u00e3o IAC\",\"@id\":\"https:\\\/\\\/iacrianca.pt\\\/en\\\/#\\\/schema\\\/person\\\/1c48c6e4b70d0dc7360e4b28ceaa5f6b\"},\"headline\":\"Brincar nos Jardins do Pal\u00e1cio de Bel\u00e9m\",\"datePublished\":\"2023-06-30T13:35:27+00:00\",\"dateModified\":\"2023-07-06T13:36:44+00:00\",\"mainEntityOfPage\":{\"@id\":\"https:\\\/\\\/iacrianca.pt\\\/en\\\/2023\\\/06\\\/brincar-nos-jardins-do-palacio-de-belem\\\/\"},\"wordCount\":168,\"commentCount\":0,\"publisher\":{\"@id\":\"https:\\\/\\\/iacrianca.pt\\\/en\\\/#organization\"},\"image\":{\"@id\":\"https:\\\/\\\/iacrianca.pt\\\/en\\\/2023\\\/06\\\/brincar-nos-jardins-do-palacio-de-belem\\\/#primaryimage\"},\"thumbnailUrl\":\"https:\\\/\\\/iacrianca.pt\\\/wp-content\\\/uploads\\\/dia-1.jpg\",\"articleSection\":[\"Newsletter\"],\"inLanguage\":\"en-US\",\"potentialAction\":[{\"@type\":\"CommentAction\",\"name\":\"Comment\",\"target\":[\"https:\\\/\\\/iacrianca.pt\\\/en\\\/2023\\\/06\\\/brincar-nos-jardins-do-palacio-de-belem\\\/#respond\"]}]},{\"@type\":\"WebPage\",\"@id\":\"https:\\\/\\\/iacrianca.pt\\\/en\\\/2023\\\/06\\\/brincar-nos-jardins-do-palacio-de-belem\\\/\",\"url\":\"https:\\\/\\\/iacrianca.pt\\\/en\\\/2023\\\/06\\\/brincar-nos-jardins-do-palacio-de-belem\\\/\",\"name\":\"Brincar nos Jardins do Pal\u00e1cio de Bel\u00e9m | Instituto de Apoio \u00e0 Crian\u00e7a\",\"isPartOf\":{\"@id\":\"https:\\\/\\\/iacrianca.pt\\\/en\\\/#website\"},\"primaryImageOfPage\":{\"@id\":\"https:\\\/\\\/iacrianca.pt\\\/en\\\/2023\\\/06\\\/brincar-nos-jardins-do-palacio-de-belem\\\/#primaryimage\"},\"image\":{\"@id\":\"https:\\\/\\\/iacrianca.pt\\\/en\\\/2023\\\/06\\\/brincar-nos-jardins-do-palacio-de-belem\\\/#primaryimage\"},\"thumbnailUrl\":\"https:\\\/\\\/iacrianca.pt\\\/wp-content\\\/uploads\\\/dia-1.jpg\",\"datePublished\":\"2023-06-30T13:35:27+00:00\",\"dateModified\":\"2023-07-06T13:36:44+00:00\",\"breadcrumb\":{\"@id\":\"https:\\\/\\\/iacrianca.pt\\\/en\\\/2023\\\/06\\\/brincar-nos-jardins-do-palacio-de-belem\\\/#breadcrumb\"},\"inLanguage\":\"en-US\",\"potentialAction\":[{\"@type\":\"ReadAction\",\"target\":[\"https:\\\/\\\/iacrianca.pt\\\/en\\\/2023\\\/06\\\/brincar-nos-jardins-do-palacio-de-belem\\\/\"]}]},{\"@type\":\"ImageObject\",\"inLanguage\":\"en-US\",\"@id\":\"https:\\\/\\\/iacrianca.pt\\\/en\\\/2023\\\/06\\\/brincar-nos-jardins-do-palacio-de-belem\\\/#primaryimage\",\"url\":\"https:\\\/\\\/iacrianca.pt\\\/wp-content\\\/uploads\\\/dia-1.jpg\",\"contentUrl\":\"https:\\\/\\\/iacrianca.pt\\\/wp-content\\\/uploads\\\/dia-1.jpg\",\"width\":1440,\"height\":1440},{\"@type\":\"BreadcrumbList\",\"@id\":\"https:\\\/\\\/iacrianca.pt\\\/en\\\/2023\\\/06\\\/brincar-nos-jardins-do-palacio-de-belem\\\/#breadcrumb\",\"itemListElement\":[{\"@type\":\"ListItem\",\"position\":1,\"name\":\"In\u00edcio\",\"item\":\"https:\\\/\\\/iacrianca.pt\\\/en\\\/\"},{\"@type\":\"ListItem\",\"position\":2,\"name\":\"Brincar nos Jardins do Pal\u00e1cio de Bel\u00e9m\"}]},{\"@type\":\"WebSite\",\"@id\":\"https:\\\/\\\/iacrianca.pt\\\/en\\\/#website\",\"url\":\"https:\\\/\\\/iacrianca.pt\\\/en\\\/\",\"name\":\"Instituto de Apoio \u00e0 Crian\u00e7a\",\"description\":\"Desde 1983 na defesa e promo\u00e7\u00e3o dos direitos da crian\u00e7a\",\"publisher\":{\"@id\":\"https:\\\/\\\/iacrianca.pt\\\/en\\\/#organization\"},\"potentialAction\":[{\"@type\":\"SearchAction\",\"target\":{\"@type\":\"EntryPoint\",\"urlTemplate\":\"https:\\\/\\\/iacrianca.pt\\\/en\\\/?s={search_term_string}\"},\"query-input\":{\"@type\":\"PropertyValueSpecification\",\"valueRequired\":true,\"valueName\":\"search_term_string\"}}],\"inLanguage\":\"en-US\"},{\"@type\":\"Organization\",\"@id\":\"https:\\\/\\\/iacrianca.pt\\\/en\\\/#organization\",\"name\":\"Instituto de Apoio \u00e0 Crian\u00e7a\",\"url\":\"https:\\\/\\\/iacrianca.pt\\\/en\\\/\",\"logo\":{\"@type\":\"ImageObject\",\"inLanguage\":\"en-US\",\"@id\":\"https:\\\/\\\/iacrianca.pt\\\/en\\\/#\\\/schema\\\/logo\\\/image\\\/\",\"url\":\"https:\\\/\\\/iacrianca.pt\\\/wp-content\\\/uploads\\\/2020\\\/04\\\/logo-iac-SD.jpg\",\"contentUrl\":\"https:\\\/\\\/iacrianca.pt\\\/wp-content\\\/uploads\\\/2020\\\/04\\\/logo-iac-SD.jpg\",\"width\":152,\"height\":73,\"caption\":\"Instituto de Apoio \u00e0 Crian\u00e7a\"},\"image\":{\"@id\":\"https:\\\/\\\/iacrianca.pt\\\/en\\\/#\\\/schema\\\/logo\\\/image\\\/\"},\"sameAs\":[\"https:\\\/\\\/www.facebook.com\\\/iacinstitutodeapoioacrianca\",\"https:\\\/\\\/x.com\\\/iacapoiocrianca\",\"https:\\\/\\\/www.youtube.com\\\/channel\\\/UC0jjfZ_xkN_59gJf_RQ-ZnQ\",\"https:\\\/\\\/www.linkedin.com\\\/company\\\/instituto-de-apoio--criana\\\/\",\"https:\\\/\\\/www.instagram.com\\\/iacinstitutodeapoioacrianca\\\/\",\"https:\\\/\\\/criancasatortoeadireitos.wordpress.com\\\/\"]},{\"@type\":\"Person\",\"@id\":\"https:\\\/\\\/iacrianca.pt\\\/en\\\/#\\\/schema\\\/person\\\/1c48c6e4b70d0dc7360e4b28ceaa5f6b\",\"name\":\"Administra\u00e7\u00e3o IAC\",\"image\":{\"@type\":\"ImageObject\",\"inLanguage\":\"en-US\",\"@id\":\"https:\\\/\\\/secure.gravatar.com\\\/avatar\\\/60b998c71de37dcc1398fc6d48c6b5ed7533e3ceec837c948055f072e3158ff1?s=96&d=mm&r=g\",\"url\":\"https:\\\/\\\/secure.gravatar.com\\\/avatar\\\/60b998c71de37dcc1398fc6d48c6b5ed7533e3ceec837c948055f072e3158ff1?s=96&d=mm&r=g\",\"contentUrl\":\"https:\\\/\\\/secure.gravatar.com\\\/avatar\\\/60b998c71de37dcc1398fc6d48c6b5ed7533e3ceec837c948055f072e3158ff1?s=96&d=mm&r=g\",\"caption\":\"Administra\u00e7\u00e3o IAC\"}}]}<\/script>\n<!-- \/ Yoast SEO plugin. -->","yoast_head_json":{"title":"Brincar nos Jardins do Pal\u00e1cio de Bel\u00e9m | Instituto de Apoio \u00e0 Crian\u00e7a","robots":{"index":"index","follow":"follow","max-snippet":"max-snippet:-1","max-image-preview":"max-image-preview:large","max-video-preview":"max-video-preview:-1"},"canonical":"https:\/\/iacrianca.pt\/en\/2023\/06\/brincar-nos-jardins-do-palacio-de-belem\/","og_locale":"en_US","og_type":"article","og_title":"Brincar nos Jardins do Pal\u00e1cio de Bel\u00e9m | Instituto de Apoio \u00e0 Crian\u00e7a","og_description":"Volt\u00e1mos ao Pal\u00e1cio de Bel\u00e9m onde cont\u00e1mos com muitas brincadeiras.\u00a0 Depois da interrup\u00e7\u00e3o entre 2020 e 2022 devido \u00e0 Pandemia Covid-19, este ano volt\u00e1mos ao Pal\u00e1cio de Bel\u00e9m para comemorar o Dia Mundial do Brincar (28 de Maio) e o Dia da Crian\u00e7a (1 de Junho).\u00a0 O evento decorreu no dia 3 de junho e&hellip;","og_url":"https:\/\/iacrianca.pt\/en\/2023\/06\/brincar-nos-jardins-do-palacio-de-belem\/","og_site_name":"Instituto de Apoio \u00e0 Crian\u00e7a","article_publisher":"https:\/\/www.facebook.com\/iacinstitutodeapoioacrianca","article_published_time":"2023-06-30T13:35:27+00:00","article_modified_time":"2023-07-06T13:36:44+00:00","og_image":[{"width":1440,"height":1440,"url":"https:\/\/iacrianca.pt\/wp-content\/uploads\/dia-1.jpg","type":"image\/jpeg"}],"author":"Administra\u00e7\u00e3o IAC","twitter_card":"summary_large_image","twitter_creator":"@iacapoiocrianca","twitter_site":"@iacapoiocrianca","twitter_misc":{"Written by":"Administra\u00e7\u00e3o IAC","Est. reading time":"2 minutes"},"schema":{"@context":"https:\/\/schema.org","@graph":[{"@type":"Article","@id":"https:\/\/iacrianca.pt\/en\/2023\/06\/brincar-nos-jardins-do-palacio-de-belem\/#article","isPartOf":{"@id":"https:\/\/iacrianca.pt\/en\/2023\/06\/brincar-nos-jardins-do-palacio-de-belem\/"},"author":{"name":"Administra\u00e7\u00e3o IAC","@id":"https:\/\/iacrianca.pt\/en\/#\/schema\/person\/1c48c6e4b70d0dc7360e4b28ceaa5f6b"},"headline":"Brincar nos Jardins do Pal\u00e1cio de Bel\u00e9m","datePublished":"2023-06-30T13:35:27+00:00","dateModified":"2023-07-06T13:36:44+00:00","mainEntityOfPage":{"@id":"https:\/\/iacrianca.pt\/en\/2023\/06\/brincar-nos-jardins-do-palacio-de-belem\/"},"wordCount":168,"commentCount":0,"publisher":{"@id":"https:\/\/iacrianca.pt\/en\/#organization"},"image":{"@id":"https:\/\/iacrianca.pt\/en\/2023\/06\/brincar-nos-jardins-do-palacio-de-belem\/#primaryimage"},"thumbnailUrl":"https:\/\/iacrianca.pt\/wp-content\/uploads\/dia-1.jpg","articleSection":["Newsletter"],"inLanguage":"en-US","potentialAction":[{"@type":"CommentAction","name":"Comment","target":["https:\/\/iacrianca.pt\/en\/2023\/06\/brincar-nos-jardins-do-palacio-de-belem\/#respond"]}]},{"@type":"WebPage","@id":"https:\/\/iacrianca.pt\/en\/2023\/06\/brincar-nos-jardins-do-palacio-de-belem\/","url":"https:\/\/iacrianca.pt\/en\/2023\/06\/brincar-nos-jardins-do-palacio-de-belem\/","name":"Brincar nos Jardins do Pal\u00e1cio de Bel\u00e9m | Instituto de Apoio \u00e0 Crian\u00e7a","isPartOf":{"@id":"https:\/\/iacrianca.pt\/en\/#website"},"primaryImageOfPage":{"@id":"https:\/\/iacrianca.pt\/en\/2023\/06\/brincar-nos-jardins-do-palacio-de-belem\/#primaryimage"},"image":{"@id":"https:\/\/iacrianca.pt\/en\/2023\/06\/brincar-nos-jardins-do-palacio-de-belem\/#primaryimage"},"thumbnailUrl":"https:\/\/iacrianca.pt\/wp-content\/uploads\/dia-1.jpg","datePublished":"2023-06-30T13:35:27+00:00","dateModified":"2023-07-06T13:36:44+00:00","breadcrumb":{"@id":"https:\/\/iacrianca.pt\/en\/2023\/06\/brincar-nos-jardins-do-palacio-de-belem\/#breadcrumb"},"inLanguage":"en-US","potentialAction":[{"@type":"ReadAction","target":["https:\/\/iacrianca.pt\/en\/2023\/06\/brincar-nos-jardins-do-palacio-de-belem\/"]}]},{"@type":"ImageObject","inLanguage":"en-US","@id":"https:\/\/iacrianca.pt\/en\/2023\/06\/brincar-nos-jardins-do-palacio-de-belem\/#primaryimage","url":"https:\/\/iacrianca.pt\/wp-content\/uploads\/dia-1.jpg","contentUrl":"https:\/\/iacrianca.pt\/wp-content\/uploads\/dia-1.jpg","width":1440,"height":1440},{"@type":"BreadcrumbList","@id":"https:\/\/iacrianca.pt\/en\/2023\/06\/brincar-nos-jardins-do-palacio-de-belem\/#breadcrumb","itemListElement":[{"@type":"ListItem","position":1,"name":"In\u00edcio","item":"https:\/\/iacrianca.pt\/en\/"},{"@type":"ListItem","position":2,"name":"Brincar nos Jardins do Pal\u00e1cio de Bel\u00e9m"}]},{"@type":"WebSite","@id":"https:\/\/iacrianca.pt\/en\/#website","url":"https:\/\/iacrianca.pt\/en\/","name":"Instituto de Apoio \u00e0 Crian\u00e7a","description":"Desde 1983 na defesa e promo\u00e7\u00e3o dos direitos da crian\u00e7a","publisher":{"@id":"https:\/\/iacrianca.pt\/en\/#organization"},"potentialAction":[{"@type":"SearchAction","target":{"@type":"EntryPoint","urlTemplate":"https:\/\/iacrianca.pt\/en\/?s={search_term_string}"},"query-input":{"@type":"PropertyValueSpecification","valueRequired":true,"valueName":"search_term_string"}}],"inLanguage":"en-US"},{"@type":"Organization","@id":"https:\/\/iacrianca.pt\/en\/#organization","name":"Instituto de Apoio \u00e0 Crian\u00e7a","url":"https:\/\/iacrianca.pt\/en\/","logo":{"@type":"ImageObject","inLanguage":"en-US","@id":"https:\/\/iacrianca.pt\/en\/#\/schema\/logo\/image\/","url":"https:\/\/iacrianca.pt\/wp-content\/uploads\/2020\/04\/logo-iac-SD.jpg","contentUrl":"https:\/\/iacrianca.pt\/wp-content\/uploads\/2020\/04\/logo-iac-SD.jpg","width":152,"height":73,"caption":"Instituto de Apoio \u00e0 Crian\u00e7a"},"image":{"@id":"https:\/\/iacrianca.pt\/en\/#\/schema\/logo\/image\/"},"sameAs":["https:\/\/www.facebook.com\/iacinstitutodeapoioacrianca","https:\/\/x.com\/iacapoiocrianca","https:\/\/www.youtube.com\/channel\/UC0jjfZ_xkN_59gJf_RQ-ZnQ","https:\/\/www.linkedin.com\/company\/instituto-de-apoio--criana\/","https:\/\/www.instagram.com\/iacinstitutodeapoioacrianca\/","https:\/\/criancasatortoeadireitos.wordpress.com\/"]},{"@type":"Person","@id":"https:\/\/iacrianca.pt\/en\/#\/schema\/person\/1c48c6e4b70d0dc7360e4b28ceaa5f6b","name":"Administra\u00e7\u00e3o IAC","image":{"@type":"ImageObject","inLanguage":"en-US","@id":"https:\/\/secure.gravatar.com\/avatar\/60b998c71de37dcc1398fc6d48c6b5ed7533e3ceec837c948055f072e3158ff1?s=96&d=mm&r=g","url":"https:\/\/secure.gravatar.com\/avatar\/60b998c71de37dcc1398fc6d48c6b5ed7533e3ceec837c948055f072e3158ff1?s=96&d=mm&r=g","contentUrl":"https:\/\/secure.gravatar.com\/avatar\/60b998c71de37dcc1398fc6d48c6b5ed7533e3ceec837c948055f072e3158ff1?s=96&d=mm&r=g","caption":"Administra\u00e7\u00e3o IAC"}}]}},"_links":{"self":[{"href":"https:\/\/iacrianca.pt\/en\/wp-json\/wp\/v2\/posts\/18592","targetHints":{"allow":["GET"]}}],"collection":[{"href":"https:\/\/iacrianca.pt\/en\/wp-json\/wp\/v2\/posts"}],"about":[{"href":"https:\/\/iacrianca.pt\/en\/wp-json\/wp\/v2\/types\/post"}],"author":[{"embeddable":true,"href":"https:\/\/iacrianca.pt\/en\/wp-json\/wp\/v2\/users\/2"}],"replies":[{"embeddable":true,"href":"https:\/\/iacrianca.pt\/en\/wp-json\/wp\/v2\/comments?post=18592"}],"version-history":[{"count":0,"href":"https:\/\/iacrianca.pt\/en\/wp-json\/wp\/v2\/posts\/18592\/revisions"}],"wp:featuredmedia":[{"embeddable":true,"href":"https:\/\/iacrianca.pt\/en\/wp-json\/wp\/v2\/media\/18737"}],"wp:attachment":[{"href":"https:\/\/iacrianca.pt\/en\/wp-json\/wp\/v2\/media?parent=18592"}],"wp:term":[{"taxonomy":"category","embeddable":true,"href":"https:\/\/iacrianca.pt\/en\/wp-json\/wp\/v2\/categories?post=18592"},{"taxonomy":"post_tag","embeddable":true,"href":"https:\/\/iacrianca.pt\/en\/wp-json\/wp\/v2\/tags?post=18592"}],"curies":[{"name":"wp","href":"https:\/\/api.w.org\/{rel}","templated":true}]}}