{"id":18631,"date":"2023-06-30T16:17:27","date_gmt":"2023-06-30T15:17:27","guid":{"rendered":"https:\/\/iacrianca.pt\/?p=18631"},"modified":"2023-07-07T13:36:21","modified_gmt":"2023-07-07T12:36:21","slug":"oficina-do-brinquedo-popular-dirigida-as-criancas-do-jardim-de-infancia-do-centro-na-sr-a-da-anunciacao","status":"publish","type":"post","link":"https:\/\/iacrianca.pt\/en\/2023\/06\/oficina-do-brinquedo-popular-dirigida-as-criancas-do-jardim-de-infancia-do-centro-na-sr-a-da-anunciacao\/","title":{"rendered":"Oficina do Brinquedo Popular no Centro N.\u00aa Sr.\u00aa da Anuncia\u00e7\u00e3o &#8211; Coimbra"},"content":{"rendered":"<p>No \u00e2mbito de uma parceria com a C\u00e1ritas Diocesana de Coimbra, realizou-se, no dia 6 de junho, uma oficina do Brinquedo Popular, dirigida \u00e0s crian\u00e7as do jardim de inf\u00e2ncia do Centro N\u00aa Sr.\u00aa da Anuncia\u00e7\u00e3o.<\/p>\n<p>Foi uma manh\u00e3 fant\u00e1stica em que as 70 crian\u00e7as puderam perceber como se brincava antigamente e como se constru\u00edam brinquedos a partir de materiais da natureza e de desperd\u00edcios caseiros.<\/p>\n<p>Foi bom poder recordar mem\u00f3rias de inf\u00e2ncias de outros tempos com estas crian\u00e7as felizes!<\/p>\n<p><img fetchpriority=\"high\" decoding=\"async\" class=\"alignnone wp-image-18632 size-full\" src=\"https:\/\/iacrianca.pt\/wp-content\/uploads\/thumbnail-brinquedo-popular1.jpg\" alt=\"\" width=\"1440\" height=\"1920\" srcset=\"https:\/\/iacrianca.pt\/wp-content\/uploads\/thumbnail-brinquedo-popular1.jpg 1440w, https:\/\/iacrianca.pt\/wp-content\/uploads\/thumbnail-brinquedo-popular1-225x300.jpg 225w, https:\/\/iacrianca.pt\/wp-content\/uploads\/thumbnail-brinquedo-popular1-768x1024.jpg 768w, https:\/\/iacrianca.pt\/wp-content\/uploads\/thumbnail-brinquedo-popular1-1152x1536.jpg 1152w\" sizes=\"(max-width: 1440px) 100vw, 1440px\" \/><\/p>\n","protected":false},"excerpt":{"rendered":"<p>No \u00e2mbito de uma parceria com a C\u00e1ritas Diocesana de Coimbra, realizou-se, no dia 6 de junho, uma oficina do Brinquedo Popular, dirigida \u00e0s crian\u00e7as do jardim de inf\u00e2ncia do Centro N\u00aa Sr.\u00aa da Anuncia\u00e7\u00e3o. Foi uma manh\u00e3 fant\u00e1stica em que as 70 crian\u00e7as puderam perceber como se brincava antigamente e como se constru\u00edam brinquedos&hellip;<\/p>\n","protected":false},"author":2,"featured_media":18636,"comment_status":"open","ping_status":"open","sticky":false,"template":"","format":"standard","meta":{"_acf_changed":false,"footnotes":""},"categories":[63],"tags":[],"class_list":["post-18631","post","type-post","status-publish","format-standard","has-post-thumbnail","hentry","category-newsletter","category-63","description-off"],"acf":[],"yoast_head":"<!-- This site is optimized with the Yoast SEO plugin v27.5 - https:\/\/yoast.com\/product\/yoast-seo-wordpress\/ -->\n<title>Oficina do Brinquedo Popular no Centro N.\u00aa Sr.\u00aa da Anuncia\u00e7\u00e3o - Coimbra | Instituto de Apoio \u00e0 Crian\u00e7a<\/title>\n<meta name=\"robots\" content=\"index, follow, max-snippet:-1, max-image-preview:large, max-video-preview:-1\" \/>\n<link rel=\"canonical\" href=\"https:\/\/iacrianca.pt\/en\/2023\/06\/oficina-do-brinquedo-popular-dirigida-as-criancas-do-jardim-de-infancia-do-centro-na-sr-a-da-anunciacao\/\" \/>\n<meta property=\"og:locale\" content=\"en_US\" \/>\n<meta property=\"og:type\" content=\"article\" \/>\n<meta property=\"og:title\" content=\"Oficina do Brinquedo Popular no Centro N.\u00aa Sr.\u00aa da Anuncia\u00e7\u00e3o - Coimbra | Instituto de Apoio \u00e0 Crian\u00e7a\" \/>\n<meta property=\"og:description\" content=\"No \u00e2mbito de uma parceria com a C\u00e1ritas Diocesana de Coimbra, realizou-se, no dia 6 de junho, uma oficina do Brinquedo Popular, dirigida \u00e0s crian\u00e7as do jardim de inf\u00e2ncia do Centro N\u00aa Sr.\u00aa da Anuncia\u00e7\u00e3o. Foi uma manh\u00e3 fant\u00e1stica em que as 70 crian\u00e7as puderam perceber como se brincava antigamente e como se constru\u00edam brinquedos&hellip;\" \/>\n<meta property=\"og:url\" content=\"https:\/\/iacrianca.pt\/en\/2023\/06\/oficina-do-brinquedo-popular-dirigida-as-criancas-do-jardim-de-infancia-do-centro-na-sr-a-da-anunciacao\/\" \/>\n<meta property=\"og:site_name\" content=\"Instituto de Apoio \u00e0 Crian\u00e7a\" \/>\n<meta property=\"article:publisher\" content=\"https:\/\/www.facebook.com\/iacinstitutodeapoioacrianca\" \/>\n<meta property=\"article:published_time\" content=\"2023-06-30T15:17:27+00:00\" \/>\n<meta property=\"article:modified_time\" content=\"2023-07-07T12:36:21+00:00\" \/>\n<meta property=\"og:image\" content=\"https:\/\/iacrianca.pt\/wp-content\/uploads\/thumbnail-brinquedo-popular4-1.jpg\" \/>\n\t<meta property=\"og:image:width\" content=\"1440\" \/>\n\t<meta property=\"og:image:height\" content=\"1920\" \/>\n\t<meta property=\"og:image:type\" content=\"image\/jpeg\" \/>\n<meta name=\"author\" content=\"Administra\u00e7\u00e3o IAC\" \/>\n<meta name=\"twitter:card\" content=\"summary_large_image\" \/>\n<meta name=\"twitter:creator\" content=\"@iacapoiocrianca\" \/>\n<meta name=\"twitter:site\" content=\"@iacapoiocrianca\" \/>\n<meta name=\"twitter:label1\" content=\"Written by\" \/>\n\t<meta name=\"twitter:data1\" content=\"Administra\u00e7\u00e3o IAC\" \/>\n\t<meta name=\"twitter:label2\" content=\"Est. reading time\" \/>\n\t<meta name=\"twitter:data2\" content=\"1 minute\" \/>\n<script type=\"application\/ld+json\" class=\"yoast-schema-graph\">{\"@context\":\"https:\\\/\\\/schema.org\",\"@graph\":[{\"@type\":\"Article\",\"@id\":\"https:\\\/\\\/iacrianca.pt\\\/en\\\/2023\\\/06\\\/oficina-do-brinquedo-popular-dirigida-as-criancas-do-jardim-de-infancia-do-centro-na-sr-a-da-anunciacao\\\/#article\",\"isPartOf\":{\"@id\":\"https:\\\/\\\/iacrianca.pt\\\/en\\\/2023\\\/06\\\/oficina-do-brinquedo-popular-dirigida-as-criancas-do-jardim-de-infancia-do-centro-na-sr-a-da-anunciacao\\\/\"},\"author\":{\"name\":\"Administra\u00e7\u00e3o IAC\",\"@id\":\"https:\\\/\\\/iacrianca.pt\\\/en\\\/#\\\/schema\\\/person\\\/1c48c6e4b70d0dc7360e4b28ceaa5f6b\"},\"headline\":\"Oficina do Brinquedo Popular no Centro N.\u00aa Sr.\u00aa da Anuncia\u00e7\u00e3o &#8211; Coimbra\",\"datePublished\":\"2023-06-30T15:17:27+00:00\",\"dateModified\":\"2023-07-07T12:36:21+00:00\",\"mainEntityOfPage\":{\"@id\":\"https:\\\/\\\/iacrianca.pt\\\/en\\\/2023\\\/06\\\/oficina-do-brinquedo-popular-dirigida-as-criancas-do-jardim-de-infancia-do-centro-na-sr-a-da-anunciacao\\\/\"},\"wordCount\":101,\"commentCount\":0,\"publisher\":{\"@id\":\"https:\\\/\\\/iacrianca.pt\\\/en\\\/#organization\"},\"image\":{\"@id\":\"https:\\\/\\\/iacrianca.pt\\\/en\\\/2023\\\/06\\\/oficina-do-brinquedo-popular-dirigida-as-criancas-do-jardim-de-infancia-do-centro-na-sr-a-da-anunciacao\\\/#primaryimage\"},\"thumbnailUrl\":\"https:\\\/\\\/iacrianca.pt\\\/wp-content\\\/uploads\\\/thumbnail-brinquedo-popular4-1.jpg\",\"articleSection\":[\"Newsletter\"],\"inLanguage\":\"en-US\",\"potentialAction\":[{\"@type\":\"CommentAction\",\"name\":\"Comment\",\"target\":[\"https:\\\/\\\/iacrianca.pt\\\/en\\\/2023\\\/06\\\/oficina-do-brinquedo-popular-dirigida-as-criancas-do-jardim-de-infancia-do-centro-na-sr-a-da-anunciacao\\\/#respond\"]}]},{\"@type\":\"WebPage\",\"@id\":\"https:\\\/\\\/iacrianca.pt\\\/en\\\/2023\\\/06\\\/oficina-do-brinquedo-popular-dirigida-as-criancas-do-jardim-de-infancia-do-centro-na-sr-a-da-anunciacao\\\/\",\"url\":\"https:\\\/\\\/iacrianca.pt\\\/en\\\/2023\\\/06\\\/oficina-do-brinquedo-popular-dirigida-as-criancas-do-jardim-de-infancia-do-centro-na-sr-a-da-anunciacao\\\/\",\"name\":\"Oficina do Brinquedo Popular no Centro N.\u00aa Sr.\u00aa da Anuncia\u00e7\u00e3o - Coimbra | Instituto de Apoio \u00e0 Crian\u00e7a\",\"isPartOf\":{\"@id\":\"https:\\\/\\\/iacrianca.pt\\\/en\\\/#website\"},\"primaryImageOfPage\":{\"@id\":\"https:\\\/\\\/iacrianca.pt\\\/en\\\/2023\\\/06\\\/oficina-do-brinquedo-popular-dirigida-as-criancas-do-jardim-de-infancia-do-centro-na-sr-a-da-anunciacao\\\/#primaryimage\"},\"image\":{\"@id\":\"https:\\\/\\\/iacrianca.pt\\\/en\\\/2023\\\/06\\\/oficina-do-brinquedo-popular-dirigida-as-criancas-do-jardim-de-infancia-do-centro-na-sr-a-da-anunciacao\\\/#primaryimage\"},\"thumbnailUrl\":\"https:\\\/\\\/iacrianca.pt\\\/wp-content\\\/uploads\\\/thumbnail-brinquedo-popular4-1.jpg\",\"datePublished\":\"2023-06-30T15:17:27+00:00\",\"dateModified\":\"2023-07-07T12:36:21+00:00\",\"breadcrumb\":{\"@id\":\"https:\\\/\\\/iacrianca.pt\\\/en\\\/2023\\\/06\\\/oficina-do-brinquedo-popular-dirigida-as-criancas-do-jardim-de-infancia-do-centro-na-sr-a-da-anunciacao\\\/#breadcrumb\"},\"inLanguage\":\"en-US\",\"potentialAction\":[{\"@type\":\"ReadAction\",\"target\":[\"https:\\\/\\\/iacrianca.pt\\\/en\\\/2023\\\/06\\\/oficina-do-brinquedo-popular-dirigida-as-criancas-do-jardim-de-infancia-do-centro-na-sr-a-da-anunciacao\\\/\"]}]},{\"@type\":\"ImageObject\",\"inLanguage\":\"en-US\",\"@id\":\"https:\\\/\\\/iacrianca.pt\\\/en\\\/2023\\\/06\\\/oficina-do-brinquedo-popular-dirigida-as-criancas-do-jardim-de-infancia-do-centro-na-sr-a-da-anunciacao\\\/#primaryimage\",\"url\":\"https:\\\/\\\/iacrianca.pt\\\/wp-content\\\/uploads\\\/thumbnail-brinquedo-popular4-1.jpg\",\"contentUrl\":\"https:\\\/\\\/iacrianca.pt\\\/wp-content\\\/uploads\\\/thumbnail-brinquedo-popular4-1.jpg\",\"width\":1440,\"height\":1920},{\"@type\":\"BreadcrumbList\",\"@id\":\"https:\\\/\\\/iacrianca.pt\\\/en\\\/2023\\\/06\\\/oficina-do-brinquedo-popular-dirigida-as-criancas-do-jardim-de-infancia-do-centro-na-sr-a-da-anunciacao\\\/#breadcrumb\",\"itemListElement\":[{\"@type\":\"ListItem\",\"position\":1,\"name\":\"In\u00edcio\",\"item\":\"https:\\\/\\\/iacrianca.pt\\\/en\\\/\"},{\"@type\":\"ListItem\",\"position\":2,\"name\":\"Oficina do Brinquedo Popular no Centro N.\u00aa Sr.\u00aa da Anuncia\u00e7\u00e3o &#8211; Coimbra\"}]},{\"@type\":\"WebSite\",\"@id\":\"https:\\\/\\\/iacrianca.pt\\\/en\\\/#website\",\"url\":\"https:\\\/\\\/iacrianca.pt\\\/en\\\/\",\"name\":\"Instituto de Apoio \u00e0 Crian\u00e7a\",\"description\":\"Desde 1983 na defesa e promo\u00e7\u00e3o dos direitos da crian\u00e7a\",\"publisher\":{\"@id\":\"https:\\\/\\\/iacrianca.pt\\\/en\\\/#organization\"},\"potentialAction\":[{\"@type\":\"SearchAction\",\"target\":{\"@type\":\"EntryPoint\",\"urlTemplate\":\"https:\\\/\\\/iacrianca.pt\\\/en\\\/?s={search_term_string}\"},\"query-input\":{\"@type\":\"PropertyValueSpecification\",\"valueRequired\":true,\"valueName\":\"search_term_string\"}}],\"inLanguage\":\"en-US\"},{\"@type\":\"Organization\",\"@id\":\"https:\\\/\\\/iacrianca.pt\\\/en\\\/#organization\",\"name\":\"Instituto de Apoio \u00e0 Crian\u00e7a\",\"url\":\"https:\\\/\\\/iacrianca.pt\\\/en\\\/\",\"logo\":{\"@type\":\"ImageObject\",\"inLanguage\":\"en-US\",\"@id\":\"https:\\\/\\\/iacrianca.pt\\\/en\\\/#\\\/schema\\\/logo\\\/image\\\/\",\"url\":\"https:\\\/\\\/iacrianca.pt\\\/wp-content\\\/uploads\\\/2020\\\/04\\\/logo-iac-SD.jpg\",\"contentUrl\":\"https:\\\/\\\/iacrianca.pt\\\/wp-content\\\/uploads\\\/2020\\\/04\\\/logo-iac-SD.jpg\",\"width\":152,\"height\":73,\"caption\":\"Instituto de Apoio \u00e0 Crian\u00e7a\"},\"image\":{\"@id\":\"https:\\\/\\\/iacrianca.pt\\\/en\\\/#\\\/schema\\\/logo\\\/image\\\/\"},\"sameAs\":[\"https:\\\/\\\/www.facebook.com\\\/iacinstitutodeapoioacrianca\",\"https:\\\/\\\/x.com\\\/iacapoiocrianca\",\"https:\\\/\\\/www.youtube.com\\\/channel\\\/UC0jjfZ_xkN_59gJf_RQ-ZnQ\",\"https:\\\/\\\/www.linkedin.com\\\/company\\\/instituto-de-apoio--criana\\\/\",\"https:\\\/\\\/www.instagram.com\\\/iacinstitutodeapoioacrianca\\\/\",\"https:\\\/\\\/criancasatortoeadireitos.wordpress.com\\\/\"]},{\"@type\":\"Person\",\"@id\":\"https:\\\/\\\/iacrianca.pt\\\/en\\\/#\\\/schema\\\/person\\\/1c48c6e4b70d0dc7360e4b28ceaa5f6b\",\"name\":\"Administra\u00e7\u00e3o IAC\",\"image\":{\"@type\":\"ImageObject\",\"inLanguage\":\"en-US\",\"@id\":\"https:\\\/\\\/secure.gravatar.com\\\/avatar\\\/60b998c71de37dcc1398fc6d48c6b5ed7533e3ceec837c948055f072e3158ff1?s=96&d=mm&r=g\",\"url\":\"https:\\\/\\\/secure.gravatar.com\\\/avatar\\\/60b998c71de37dcc1398fc6d48c6b5ed7533e3ceec837c948055f072e3158ff1?s=96&d=mm&r=g\",\"contentUrl\":\"https:\\\/\\\/secure.gravatar.com\\\/avatar\\\/60b998c71de37dcc1398fc6d48c6b5ed7533e3ceec837c948055f072e3158ff1?s=96&d=mm&r=g\",\"caption\":\"Administra\u00e7\u00e3o IAC\"}}]}<\/script>\n<!-- \/ Yoast SEO plugin. -->","yoast_head_json":{"title":"Oficina do Brinquedo Popular no Centro N.\u00aa Sr.\u00aa da Anuncia\u00e7\u00e3o - Coimbra | Instituto de Apoio \u00e0 Crian\u00e7a","robots":{"index":"index","follow":"follow","max-snippet":"max-snippet:-1","max-image-preview":"max-image-preview:large","max-video-preview":"max-video-preview:-1"},"canonical":"https:\/\/iacrianca.pt\/en\/2023\/06\/oficina-do-brinquedo-popular-dirigida-as-criancas-do-jardim-de-infancia-do-centro-na-sr-a-da-anunciacao\/","og_locale":"en_US","og_type":"article","og_title":"Oficina do Brinquedo Popular no Centro N.\u00aa Sr.\u00aa da Anuncia\u00e7\u00e3o - Coimbra | Instituto de Apoio \u00e0 Crian\u00e7a","og_description":"No \u00e2mbito de uma parceria com a C\u00e1ritas Diocesana de Coimbra, realizou-se, no dia 6 de junho, uma oficina do Brinquedo Popular, dirigida \u00e0s crian\u00e7as do jardim de inf\u00e2ncia do Centro N\u00aa Sr.\u00aa da Anuncia\u00e7\u00e3o. Foi uma manh\u00e3 fant\u00e1stica em que as 70 crian\u00e7as puderam perceber como se brincava antigamente e como se constru\u00edam brinquedos&hellip;","og_url":"https:\/\/iacrianca.pt\/en\/2023\/06\/oficina-do-brinquedo-popular-dirigida-as-criancas-do-jardim-de-infancia-do-centro-na-sr-a-da-anunciacao\/","og_site_name":"Instituto de Apoio \u00e0 Crian\u00e7a","article_publisher":"https:\/\/www.facebook.com\/iacinstitutodeapoioacrianca","article_published_time":"2023-06-30T15:17:27+00:00","article_modified_time":"2023-07-07T12:36:21+00:00","og_image":[{"width":1440,"height":1920,"url":"https:\/\/iacrianca.pt\/wp-content\/uploads\/thumbnail-brinquedo-popular4-1.jpg","type":"image\/jpeg"}],"author":"Administra\u00e7\u00e3o IAC","twitter_card":"summary_large_image","twitter_creator":"@iacapoiocrianca","twitter_site":"@iacapoiocrianca","twitter_misc":{"Written by":"Administra\u00e7\u00e3o IAC","Est. reading time":"1 minute"},"schema":{"@context":"https:\/\/schema.org","@graph":[{"@type":"Article","@id":"https:\/\/iacrianca.pt\/en\/2023\/06\/oficina-do-brinquedo-popular-dirigida-as-criancas-do-jardim-de-infancia-do-centro-na-sr-a-da-anunciacao\/#article","isPartOf":{"@id":"https:\/\/iacrianca.pt\/en\/2023\/06\/oficina-do-brinquedo-popular-dirigida-as-criancas-do-jardim-de-infancia-do-centro-na-sr-a-da-anunciacao\/"},"author":{"name":"Administra\u00e7\u00e3o IAC","@id":"https:\/\/iacrianca.pt\/en\/#\/schema\/person\/1c48c6e4b70d0dc7360e4b28ceaa5f6b"},"headline":"Oficina do Brinquedo Popular no Centro N.\u00aa Sr.\u00aa da Anuncia\u00e7\u00e3o &#8211; Coimbra","datePublished":"2023-06-30T15:17:27+00:00","dateModified":"2023-07-07T12:36:21+00:00","mainEntityOfPage":{"@id":"https:\/\/iacrianca.pt\/en\/2023\/06\/oficina-do-brinquedo-popular-dirigida-as-criancas-do-jardim-de-infancia-do-centro-na-sr-a-da-anunciacao\/"},"wordCount":101,"commentCount":0,"publisher":{"@id":"https:\/\/iacrianca.pt\/en\/#organization"},"image":{"@id":"https:\/\/iacrianca.pt\/en\/2023\/06\/oficina-do-brinquedo-popular-dirigida-as-criancas-do-jardim-de-infancia-do-centro-na-sr-a-da-anunciacao\/#primaryimage"},"thumbnailUrl":"https:\/\/iacrianca.pt\/wp-content\/uploads\/thumbnail-brinquedo-popular4-1.jpg","articleSection":["Newsletter"],"inLanguage":"en-US","potentialAction":[{"@type":"CommentAction","name":"Comment","target":["https:\/\/iacrianca.pt\/en\/2023\/06\/oficina-do-brinquedo-popular-dirigida-as-criancas-do-jardim-de-infancia-do-centro-na-sr-a-da-anunciacao\/#respond"]}]},{"@type":"WebPage","@id":"https:\/\/iacrianca.pt\/en\/2023\/06\/oficina-do-brinquedo-popular-dirigida-as-criancas-do-jardim-de-infancia-do-centro-na-sr-a-da-anunciacao\/","url":"https:\/\/iacrianca.pt\/en\/2023\/06\/oficina-do-brinquedo-popular-dirigida-as-criancas-do-jardim-de-infancia-do-centro-na-sr-a-da-anunciacao\/","name":"Oficina do Brinquedo Popular no Centro N.\u00aa Sr.\u00aa da Anuncia\u00e7\u00e3o - Coimbra | Instituto de Apoio \u00e0 Crian\u00e7a","isPartOf":{"@id":"https:\/\/iacrianca.pt\/en\/#website"},"primaryImageOfPage":{"@id":"https:\/\/iacrianca.pt\/en\/2023\/06\/oficina-do-brinquedo-popular-dirigida-as-criancas-do-jardim-de-infancia-do-centro-na-sr-a-da-anunciacao\/#primaryimage"},"image":{"@id":"https:\/\/iacrianca.pt\/en\/2023\/06\/oficina-do-brinquedo-popular-dirigida-as-criancas-do-jardim-de-infancia-do-centro-na-sr-a-da-anunciacao\/#primaryimage"},"thumbnailUrl":"https:\/\/iacrianca.pt\/wp-content\/uploads\/thumbnail-brinquedo-popular4-1.jpg","datePublished":"2023-06-30T15:17:27+00:00","dateModified":"2023-07-07T12:36:21+00:00","breadcrumb":{"@id":"https:\/\/iacrianca.pt\/en\/2023\/06\/oficina-do-brinquedo-popular-dirigida-as-criancas-do-jardim-de-infancia-do-centro-na-sr-a-da-anunciacao\/#breadcrumb"},"inLanguage":"en-US","potentialAction":[{"@type":"ReadAction","target":["https:\/\/iacrianca.pt\/en\/2023\/06\/oficina-do-brinquedo-popular-dirigida-as-criancas-do-jardim-de-infancia-do-centro-na-sr-a-da-anunciacao\/"]}]},{"@type":"ImageObject","inLanguage":"en-US","@id":"https:\/\/iacrianca.pt\/en\/2023\/06\/oficina-do-brinquedo-popular-dirigida-as-criancas-do-jardim-de-infancia-do-centro-na-sr-a-da-anunciacao\/#primaryimage","url":"https:\/\/iacrianca.pt\/wp-content\/uploads\/thumbnail-brinquedo-popular4-1.jpg","contentUrl":"https:\/\/iacrianca.pt\/wp-content\/uploads\/thumbnail-brinquedo-popular4-1.jpg","width":1440,"height":1920},{"@type":"BreadcrumbList","@id":"https:\/\/iacrianca.pt\/en\/2023\/06\/oficina-do-brinquedo-popular-dirigida-as-criancas-do-jardim-de-infancia-do-centro-na-sr-a-da-anunciacao\/#breadcrumb","itemListElement":[{"@type":"ListItem","position":1,"name":"In\u00edcio","item":"https:\/\/iacrianca.pt\/en\/"},{"@type":"ListItem","position":2,"name":"Oficina do Brinquedo Popular no Centro N.\u00aa Sr.\u00aa da Anuncia\u00e7\u00e3o &#8211; Coimbra"}]},{"@type":"WebSite","@id":"https:\/\/iacrianca.pt\/en\/#website","url":"https:\/\/iacrianca.pt\/en\/","name":"Instituto de Apoio \u00e0 Crian\u00e7a","description":"Desde 1983 na defesa e promo\u00e7\u00e3o dos direitos da crian\u00e7a","publisher":{"@id":"https:\/\/iacrianca.pt\/en\/#organization"},"potentialAction":[{"@type":"SearchAction","target":{"@type":"EntryPoint","urlTemplate":"https:\/\/iacrianca.pt\/en\/?s={search_term_string}"},"query-input":{"@type":"PropertyValueSpecification","valueRequired":true,"valueName":"search_term_string"}}],"inLanguage":"en-US"},{"@type":"Organization","@id":"https:\/\/iacrianca.pt\/en\/#organization","name":"Instituto de Apoio \u00e0 Crian\u00e7a","url":"https:\/\/iacrianca.pt\/en\/","logo":{"@type":"ImageObject","inLanguage":"en-US","@id":"https:\/\/iacrianca.pt\/en\/#\/schema\/logo\/image\/","url":"https:\/\/iacrianca.pt\/wp-content\/uploads\/2020\/04\/logo-iac-SD.jpg","contentUrl":"https:\/\/iacrianca.pt\/wp-content\/uploads\/2020\/04\/logo-iac-SD.jpg","width":152,"height":73,"caption":"Instituto de Apoio \u00e0 Crian\u00e7a"},"image":{"@id":"https:\/\/iacrianca.pt\/en\/#\/schema\/logo\/image\/"},"sameAs":["https:\/\/www.facebook.com\/iacinstitutodeapoioacrianca","https:\/\/x.com\/iacapoiocrianca","https:\/\/www.youtube.com\/channel\/UC0jjfZ_xkN_59gJf_RQ-ZnQ","https:\/\/www.linkedin.com\/company\/instituto-de-apoio--criana\/","https:\/\/www.instagram.com\/iacinstitutodeapoioacrianca\/","https:\/\/criancasatortoeadireitos.wordpress.com\/"]},{"@type":"Person","@id":"https:\/\/iacrianca.pt\/en\/#\/schema\/person\/1c48c6e4b70d0dc7360e4b28ceaa5f6b","name":"Administra\u00e7\u00e3o IAC","image":{"@type":"ImageObject","inLanguage":"en-US","@id":"https:\/\/secure.gravatar.com\/avatar\/60b998c71de37dcc1398fc6d48c6b5ed7533e3ceec837c948055f072e3158ff1?s=96&d=mm&r=g","url":"https:\/\/secure.gravatar.com\/avatar\/60b998c71de37dcc1398fc6d48c6b5ed7533e3ceec837c948055f072e3158ff1?s=96&d=mm&r=g","contentUrl":"https:\/\/secure.gravatar.com\/avatar\/60b998c71de37dcc1398fc6d48c6b5ed7533e3ceec837c948055f072e3158ff1?s=96&d=mm&r=g","caption":"Administra\u00e7\u00e3o IAC"}}]}},"_links":{"self":[{"href":"https:\/\/iacrianca.pt\/en\/wp-json\/wp\/v2\/posts\/18631","targetHints":{"allow":["GET"]}}],"collection":[{"href":"https:\/\/iacrianca.pt\/en\/wp-json\/wp\/v2\/posts"}],"about":[{"href":"https:\/\/iacrianca.pt\/en\/wp-json\/wp\/v2\/types\/post"}],"author":[{"embeddable":true,"href":"https:\/\/iacrianca.pt\/en\/wp-json\/wp\/v2\/users\/2"}],"replies":[{"embeddable":true,"href":"https:\/\/iacrianca.pt\/en\/wp-json\/wp\/v2\/comments?post=18631"}],"version-history":[{"count":0,"href":"https:\/\/iacrianca.pt\/en\/wp-json\/wp\/v2\/posts\/18631\/revisions"}],"wp:featuredmedia":[{"embeddable":true,"href":"https:\/\/iacrianca.pt\/en\/wp-json\/wp\/v2\/media\/18636"}],"wp:attachment":[{"href":"https:\/\/iacrianca.pt\/en\/wp-json\/wp\/v2\/media?parent=18631"}],"wp:term":[{"taxonomy":"category","embeddable":true,"href":"https:\/\/iacrianca.pt\/en\/wp-json\/wp\/v2\/categories?post=18631"},{"taxonomy":"post_tag","embeddable":true,"href":"https:\/\/iacrianca.pt\/en\/wp-json\/wp\/v2\/tags?post=18631"}],"curies":[{"name":"wp","href":"https:\/\/api.w.org\/{rel}","templated":true}]}}