{"id":18652,"date":"2023-07-03T15:28:06","date_gmt":"2023-07-03T14:28:06","guid":{"rendered":"https:\/\/iacrianca.pt\/?p=18652"},"modified":"2023-07-07T13:39:58","modified_gmt":"2023-07-07T12:39:58","slug":"os-aventureiros-foram-ao-teatro-no-ccb","status":"publish","type":"post","link":"https:\/\/iacrianca.pt\/en\/2023\/07\/os-aventureiros-foram-ao-teatro-no-ccb\/","title":{"rendered":"A Express\u00e3o Dram\u00e1tica  \u2013 uma ferramenta para desbloquear e desenvolver compet\u00eancias"},"content":{"rendered":"<p><span data-contrast=\"auto\">As crian\u00e7as e jovens benefici\u00e1rios do Projeto Educa(CON)dado, participaram na Mostra final do Projeto Re.COME\u00c7AR \u2013 promovido pela Companhia Cepatorta &#8211; , que aconteceu no passado dia 2 de junho, na Biblioteca de Marvila.<\/span><span data-ccp-props=\"{&quot;201341983&quot;:0,&quot;335551550&quot;:6,&quot;335551620&quot;:6,&quot;335559739&quot;:160,&quot;335559740&quot;:259}\">\u00a0<\/span><\/p>\n<p><span data-contrast=\"auto\">Os nossos jovens, por n\u00e3o serem um grupo fixo e constante, ainda n\u00e3o estavam preparados para subir ao palco, mas ficou espelhado o seu trabalho atrav\u00e9s da apresenta\u00e7\u00e3o de um v\u00eddeo com imagens captadas ao longo das aulas.<\/span><span data-ccp-props=\"{&quot;201341983&quot;:0,&quot;335551550&quot;:6,&quot;335551620&quot;:6,&quot;335559739&quot;:160,&quot;335559740&quot;:259}\">\u00a0<\/span><\/p>\n<p><span data-contrast=\"auto\">Deixamos aqui o nosso voto de louvor \u00e0 Professora Sofia que os acompanhou semanalmente durante este ano letivo e que, com muita paci\u00eancia, assertividade e, acima de tudo, muito afeto, conseguiu cativar este grupo, trabalhar e refletir sobre quest\u00f5es que \u201cmexeram\u201d com eles e os desinstalaram\u201d muitas vezes\u2026 \u00c9 preciso desconstruir, para depois, pe\u00e7a a pe\u00e7a, voltar a colocar tudo no lugar certo\u2026\u00a0<\/span><span data-ccp-props=\"{&quot;201341983&quot;:0,&quot;335551550&quot;:6,&quot;335551620&quot;:6,&quot;335559739&quot;:160,&quot;335559740&quot;:259}\">\u00a0<\/span><\/p>\n<p><span data-contrast=\"auto\">As resist\u00eancias iniciais foram algumas, o \u201cn\u00e3o quero fazer\u201d foi-se ouvindo em algumas sess\u00f5es\u2026, mas, com o passar do tempo, as \u201carmaduras\u201d foram caindo e j\u00e1 eram eles que pediam \u00e0 Sofia para repetir alguns dos jogos ou din\u00e2micas. A grande dificuldade foi conseguir estar em sil\u00eancio, escutar o outro e respeitar a opini\u00e3o dos colegas, sem risos e sem coment\u00e1rios. \u201cN\u00e3o comenta!\u201d foi provavelmente a express\u00e3o mais vezes repetida pela professora.<\/span><span data-ccp-props=\"{&quot;201341983&quot;:0,&quot;335551550&quot;:6,&quot;335551620&quot;:6,&quot;335559739&quot;:160,&quot;335559740&quot;:259}\">\u00a0<\/span><\/p>\n<p><span data-contrast=\"auto\">Tamb\u00e9m os nossos agradecimentos \u00e0 Junta de Freguesia de Marvila que tornou poss\u00edvel estas aulas acontecerem todas as 6\u00aas feiras, com a disponibiliza\u00e7\u00e3o do Sal\u00e3o Nobre.<\/span><span data-ccp-props=\"{&quot;201341983&quot;:0,&quot;335551550&quot;:6,&quot;335551620&quot;:6,&quot;335559739&quot;:160,&quot;335559740&quot;:259}\">\u00a0<\/span><\/p>\n<p><span data-contrast=\"auto\">Para o pr\u00f3ximo ano letivo, queremos continuar com esta experi\u00eancia que tem sido muito enriquecedora, a v\u00e1rios n\u00edveis, n\u00e3o s\u00f3 para as crian\u00e7as e jovens, como tamb\u00e9m para a equipa.<\/span><span data-ccp-props=\"{&quot;201341983&quot;:0,&quot;335551550&quot;:6,&quot;335551620&quot;:6,&quot;335559739&quot;:160,&quot;335559740&quot;:259}\">\u00a0<\/span><\/p>\n","protected":false},"excerpt":{"rendered":"<p>As crian\u00e7as e jovens benefici\u00e1rios do Projeto Educa(CON)dado, participaram na Mostra final do Projeto Re.COME\u00c7AR \u2013 promovido pela Companhia Cepatorta &#8211; , que aconteceu no passado dia 2 de junho, na Biblioteca de Marvila.\u00a0 Os nossos jovens, por n\u00e3o serem um grupo fixo e constante, ainda n\u00e3o estavam preparados para subir ao palco, mas ficou&hellip;<\/p>\n","protected":false},"author":2,"featured_media":18657,"comment_status":"open","ping_status":"open","sticky":false,"template":"","format":"standard","meta":{"_acf_changed":false,"footnotes":""},"categories":[63],"tags":[],"class_list":["post-18652","post","type-post","status-publish","format-standard","has-post-thumbnail","hentry","category-newsletter","category-63","description-off"],"acf":[],"yoast_head":"<!-- This site is optimized with the Yoast SEO plugin v27.5 - https:\/\/yoast.com\/product\/yoast-seo-wordpress\/ -->\n<title>A Express\u00e3o Dram\u00e1tica \u2013 uma ferramenta para desbloquear e desenvolver compet\u00eancias | Instituto de Apoio \u00e0 Crian\u00e7a<\/title>\n<meta name=\"robots\" content=\"index, follow, max-snippet:-1, max-image-preview:large, max-video-preview:-1\" \/>\n<link rel=\"canonical\" href=\"https:\/\/iacrianca.pt\/en\/2023\/07\/os-aventureiros-foram-ao-teatro-no-ccb\/\" \/>\n<meta property=\"og:locale\" content=\"en_US\" \/>\n<meta property=\"og:type\" content=\"article\" \/>\n<meta property=\"og:title\" content=\"A Express\u00e3o Dram\u00e1tica \u2013 uma ferramenta para desbloquear e desenvolver compet\u00eancias | Instituto de Apoio \u00e0 Crian\u00e7a\" \/>\n<meta property=\"og:description\" content=\"As crian\u00e7as e jovens benefici\u00e1rios do Projeto Educa(CON)dado, participaram na Mostra final do Projeto Re.COME\u00c7AR \u2013 promovido pela Companhia Cepatorta &#8211; , que aconteceu no passado dia 2 de junho, na Biblioteca de Marvila.\u00a0 Os nossos jovens, por n\u00e3o serem um grupo fixo e constante, ainda n\u00e3o estavam preparados para subir ao palco, mas ficou&hellip;\" \/>\n<meta property=\"og:url\" content=\"https:\/\/iacrianca.pt\/en\/2023\/07\/os-aventureiros-foram-ao-teatro-no-ccb\/\" \/>\n<meta property=\"og:site_name\" content=\"Instituto de Apoio \u00e0 Crian\u00e7a\" \/>\n<meta property=\"article:publisher\" content=\"https:\/\/www.facebook.com\/iacinstitutodeapoioacrianca\" \/>\n<meta property=\"article:published_time\" content=\"2023-07-03T14:28:06+00:00\" \/>\n<meta property=\"article:modified_time\" content=\"2023-07-07T12:39:58+00:00\" \/>\n<meta property=\"og:image\" content=\"https:\/\/iacrianca.pt\/wp-content\/uploads\/cepa.jpg\" \/>\n\t<meta property=\"og:image:width\" content=\"817\" \/>\n\t<meta property=\"og:image:height\" content=\"612\" \/>\n\t<meta property=\"og:image:type\" content=\"image\/jpeg\" \/>\n<meta name=\"author\" content=\"Administra\u00e7\u00e3o IAC\" \/>\n<meta name=\"twitter:card\" content=\"summary_large_image\" \/>\n<meta name=\"twitter:creator\" content=\"@iacapoiocrianca\" \/>\n<meta name=\"twitter:site\" content=\"@iacapoiocrianca\" \/>\n<meta name=\"twitter:label1\" content=\"Written by\" \/>\n\t<meta name=\"twitter:data1\" content=\"Administra\u00e7\u00e3o IAC\" \/>\n\t<meta name=\"twitter:label2\" content=\"Est. reading time\" \/>\n\t<meta name=\"twitter:data2\" content=\"2 minutes\" \/>\n<script type=\"application\/ld+json\" class=\"yoast-schema-graph\">{\"@context\":\"https:\\\/\\\/schema.org\",\"@graph\":[{\"@type\":\"Article\",\"@id\":\"https:\\\/\\\/iacrianca.pt\\\/en\\\/2023\\\/07\\\/os-aventureiros-foram-ao-teatro-no-ccb\\\/#article\",\"isPartOf\":{\"@id\":\"https:\\\/\\\/iacrianca.pt\\\/en\\\/2023\\\/07\\\/os-aventureiros-foram-ao-teatro-no-ccb\\\/\"},\"author\":{\"name\":\"Administra\u00e7\u00e3o IAC\",\"@id\":\"https:\\\/\\\/iacrianca.pt\\\/en\\\/#\\\/schema\\\/person\\\/1c48c6e4b70d0dc7360e4b28ceaa5f6b\"},\"headline\":\"A Express\u00e3o Dram\u00e1tica \u2013 uma ferramenta para desbloquear e desenvolver compet\u00eancias\",\"datePublished\":\"2023-07-03T14:28:06+00:00\",\"dateModified\":\"2023-07-07T12:39:58+00:00\",\"mainEntityOfPage\":{\"@id\":\"https:\\\/\\\/iacrianca.pt\\\/en\\\/2023\\\/07\\\/os-aventureiros-foram-ao-teatro-no-ccb\\\/\"},\"wordCount\":304,\"commentCount\":0,\"publisher\":{\"@id\":\"https:\\\/\\\/iacrianca.pt\\\/en\\\/#organization\"},\"image\":{\"@id\":\"https:\\\/\\\/iacrianca.pt\\\/en\\\/2023\\\/07\\\/os-aventureiros-foram-ao-teatro-no-ccb\\\/#primaryimage\"},\"thumbnailUrl\":\"https:\\\/\\\/iacrianca.pt\\\/wp-content\\\/uploads\\\/cepa.jpg\",\"articleSection\":[\"Newsletter\"],\"inLanguage\":\"en-US\",\"potentialAction\":[{\"@type\":\"CommentAction\",\"name\":\"Comment\",\"target\":[\"https:\\\/\\\/iacrianca.pt\\\/en\\\/2023\\\/07\\\/os-aventureiros-foram-ao-teatro-no-ccb\\\/#respond\"]}]},{\"@type\":\"WebPage\",\"@id\":\"https:\\\/\\\/iacrianca.pt\\\/en\\\/2023\\\/07\\\/os-aventureiros-foram-ao-teatro-no-ccb\\\/\",\"url\":\"https:\\\/\\\/iacrianca.pt\\\/en\\\/2023\\\/07\\\/os-aventureiros-foram-ao-teatro-no-ccb\\\/\",\"name\":\"A Express\u00e3o Dram\u00e1tica \u2013 uma ferramenta para desbloquear e desenvolver compet\u00eancias | Instituto de Apoio \u00e0 Crian\u00e7a\",\"isPartOf\":{\"@id\":\"https:\\\/\\\/iacrianca.pt\\\/en\\\/#website\"},\"primaryImageOfPage\":{\"@id\":\"https:\\\/\\\/iacrianca.pt\\\/en\\\/2023\\\/07\\\/os-aventureiros-foram-ao-teatro-no-ccb\\\/#primaryimage\"},\"image\":{\"@id\":\"https:\\\/\\\/iacrianca.pt\\\/en\\\/2023\\\/07\\\/os-aventureiros-foram-ao-teatro-no-ccb\\\/#primaryimage\"},\"thumbnailUrl\":\"https:\\\/\\\/iacrianca.pt\\\/wp-content\\\/uploads\\\/cepa.jpg\",\"datePublished\":\"2023-07-03T14:28:06+00:00\",\"dateModified\":\"2023-07-07T12:39:58+00:00\",\"breadcrumb\":{\"@id\":\"https:\\\/\\\/iacrianca.pt\\\/en\\\/2023\\\/07\\\/os-aventureiros-foram-ao-teatro-no-ccb\\\/#breadcrumb\"},\"inLanguage\":\"en-US\",\"potentialAction\":[{\"@type\":\"ReadAction\",\"target\":[\"https:\\\/\\\/iacrianca.pt\\\/en\\\/2023\\\/07\\\/os-aventureiros-foram-ao-teatro-no-ccb\\\/\"]}]},{\"@type\":\"ImageObject\",\"inLanguage\":\"en-US\",\"@id\":\"https:\\\/\\\/iacrianca.pt\\\/en\\\/2023\\\/07\\\/os-aventureiros-foram-ao-teatro-no-ccb\\\/#primaryimage\",\"url\":\"https:\\\/\\\/iacrianca.pt\\\/wp-content\\\/uploads\\\/cepa.jpg\",\"contentUrl\":\"https:\\\/\\\/iacrianca.pt\\\/wp-content\\\/uploads\\\/cepa.jpg\",\"width\":817,\"height\":612},{\"@type\":\"BreadcrumbList\",\"@id\":\"https:\\\/\\\/iacrianca.pt\\\/en\\\/2023\\\/07\\\/os-aventureiros-foram-ao-teatro-no-ccb\\\/#breadcrumb\",\"itemListElement\":[{\"@type\":\"ListItem\",\"position\":1,\"name\":\"In\u00edcio\",\"item\":\"https:\\\/\\\/iacrianca.pt\\\/en\\\/\"},{\"@type\":\"ListItem\",\"position\":2,\"name\":\"A Express\u00e3o Dram\u00e1tica \u2013 uma ferramenta para desbloquear e desenvolver compet\u00eancias\"}]},{\"@type\":\"WebSite\",\"@id\":\"https:\\\/\\\/iacrianca.pt\\\/en\\\/#website\",\"url\":\"https:\\\/\\\/iacrianca.pt\\\/en\\\/\",\"name\":\"Instituto de Apoio \u00e0 Crian\u00e7a\",\"description\":\"Desde 1983 na defesa e promo\u00e7\u00e3o dos direitos da crian\u00e7a\",\"publisher\":{\"@id\":\"https:\\\/\\\/iacrianca.pt\\\/en\\\/#organization\"},\"potentialAction\":[{\"@type\":\"SearchAction\",\"target\":{\"@type\":\"EntryPoint\",\"urlTemplate\":\"https:\\\/\\\/iacrianca.pt\\\/en\\\/?s={search_term_string}\"},\"query-input\":{\"@type\":\"PropertyValueSpecification\",\"valueRequired\":true,\"valueName\":\"search_term_string\"}}],\"inLanguage\":\"en-US\"},{\"@type\":\"Organization\",\"@id\":\"https:\\\/\\\/iacrianca.pt\\\/en\\\/#organization\",\"name\":\"Instituto de Apoio \u00e0 Crian\u00e7a\",\"url\":\"https:\\\/\\\/iacrianca.pt\\\/en\\\/\",\"logo\":{\"@type\":\"ImageObject\",\"inLanguage\":\"en-US\",\"@id\":\"https:\\\/\\\/iacrianca.pt\\\/en\\\/#\\\/schema\\\/logo\\\/image\\\/\",\"url\":\"https:\\\/\\\/iacrianca.pt\\\/wp-content\\\/uploads\\\/2020\\\/04\\\/logo-iac-SD.jpg\",\"contentUrl\":\"https:\\\/\\\/iacrianca.pt\\\/wp-content\\\/uploads\\\/2020\\\/04\\\/logo-iac-SD.jpg\",\"width\":152,\"height\":73,\"caption\":\"Instituto de Apoio \u00e0 Crian\u00e7a\"},\"image\":{\"@id\":\"https:\\\/\\\/iacrianca.pt\\\/en\\\/#\\\/schema\\\/logo\\\/image\\\/\"},\"sameAs\":[\"https:\\\/\\\/www.facebook.com\\\/iacinstitutodeapoioacrianca\",\"https:\\\/\\\/x.com\\\/iacapoiocrianca\",\"https:\\\/\\\/www.youtube.com\\\/channel\\\/UC0jjfZ_xkN_59gJf_RQ-ZnQ\",\"https:\\\/\\\/www.linkedin.com\\\/company\\\/instituto-de-apoio--criana\\\/\",\"https:\\\/\\\/www.instagram.com\\\/iacinstitutodeapoioacrianca\\\/\",\"https:\\\/\\\/criancasatortoeadireitos.wordpress.com\\\/\"]},{\"@type\":\"Person\",\"@id\":\"https:\\\/\\\/iacrianca.pt\\\/en\\\/#\\\/schema\\\/person\\\/1c48c6e4b70d0dc7360e4b28ceaa5f6b\",\"name\":\"Administra\u00e7\u00e3o IAC\",\"image\":{\"@type\":\"ImageObject\",\"inLanguage\":\"en-US\",\"@id\":\"https:\\\/\\\/secure.gravatar.com\\\/avatar\\\/60b998c71de37dcc1398fc6d48c6b5ed7533e3ceec837c948055f072e3158ff1?s=96&d=mm&r=g\",\"url\":\"https:\\\/\\\/secure.gravatar.com\\\/avatar\\\/60b998c71de37dcc1398fc6d48c6b5ed7533e3ceec837c948055f072e3158ff1?s=96&d=mm&r=g\",\"contentUrl\":\"https:\\\/\\\/secure.gravatar.com\\\/avatar\\\/60b998c71de37dcc1398fc6d48c6b5ed7533e3ceec837c948055f072e3158ff1?s=96&d=mm&r=g\",\"caption\":\"Administra\u00e7\u00e3o IAC\"}}]}<\/script>\n<!-- \/ Yoast SEO plugin. -->","yoast_head_json":{"title":"A Express\u00e3o Dram\u00e1tica \u2013 uma ferramenta para desbloquear e desenvolver compet\u00eancias | Instituto de Apoio \u00e0 Crian\u00e7a","robots":{"index":"index","follow":"follow","max-snippet":"max-snippet:-1","max-image-preview":"max-image-preview:large","max-video-preview":"max-video-preview:-1"},"canonical":"https:\/\/iacrianca.pt\/en\/2023\/07\/os-aventureiros-foram-ao-teatro-no-ccb\/","og_locale":"en_US","og_type":"article","og_title":"A Express\u00e3o Dram\u00e1tica \u2013 uma ferramenta para desbloquear e desenvolver compet\u00eancias | Instituto de Apoio \u00e0 Crian\u00e7a","og_description":"As crian\u00e7as e jovens benefici\u00e1rios do Projeto Educa(CON)dado, participaram na Mostra final do Projeto Re.COME\u00c7AR \u2013 promovido pela Companhia Cepatorta &#8211; , que aconteceu no passado dia 2 de junho, na Biblioteca de Marvila.\u00a0 Os nossos jovens, por n\u00e3o serem um grupo fixo e constante, ainda n\u00e3o estavam preparados para subir ao palco, mas ficou&hellip;","og_url":"https:\/\/iacrianca.pt\/en\/2023\/07\/os-aventureiros-foram-ao-teatro-no-ccb\/","og_site_name":"Instituto de Apoio \u00e0 Crian\u00e7a","article_publisher":"https:\/\/www.facebook.com\/iacinstitutodeapoioacrianca","article_published_time":"2023-07-03T14:28:06+00:00","article_modified_time":"2023-07-07T12:39:58+00:00","og_image":[{"width":817,"height":612,"url":"https:\/\/iacrianca.pt\/wp-content\/uploads\/cepa.jpg","type":"image\/jpeg"}],"author":"Administra\u00e7\u00e3o IAC","twitter_card":"summary_large_image","twitter_creator":"@iacapoiocrianca","twitter_site":"@iacapoiocrianca","twitter_misc":{"Written by":"Administra\u00e7\u00e3o IAC","Est. reading time":"2 minutes"},"schema":{"@context":"https:\/\/schema.org","@graph":[{"@type":"Article","@id":"https:\/\/iacrianca.pt\/en\/2023\/07\/os-aventureiros-foram-ao-teatro-no-ccb\/#article","isPartOf":{"@id":"https:\/\/iacrianca.pt\/en\/2023\/07\/os-aventureiros-foram-ao-teatro-no-ccb\/"},"author":{"name":"Administra\u00e7\u00e3o IAC","@id":"https:\/\/iacrianca.pt\/en\/#\/schema\/person\/1c48c6e4b70d0dc7360e4b28ceaa5f6b"},"headline":"A Express\u00e3o Dram\u00e1tica \u2013 uma ferramenta para desbloquear e desenvolver compet\u00eancias","datePublished":"2023-07-03T14:28:06+00:00","dateModified":"2023-07-07T12:39:58+00:00","mainEntityOfPage":{"@id":"https:\/\/iacrianca.pt\/en\/2023\/07\/os-aventureiros-foram-ao-teatro-no-ccb\/"},"wordCount":304,"commentCount":0,"publisher":{"@id":"https:\/\/iacrianca.pt\/en\/#organization"},"image":{"@id":"https:\/\/iacrianca.pt\/en\/2023\/07\/os-aventureiros-foram-ao-teatro-no-ccb\/#primaryimage"},"thumbnailUrl":"https:\/\/iacrianca.pt\/wp-content\/uploads\/cepa.jpg","articleSection":["Newsletter"],"inLanguage":"en-US","potentialAction":[{"@type":"CommentAction","name":"Comment","target":["https:\/\/iacrianca.pt\/en\/2023\/07\/os-aventureiros-foram-ao-teatro-no-ccb\/#respond"]}]},{"@type":"WebPage","@id":"https:\/\/iacrianca.pt\/en\/2023\/07\/os-aventureiros-foram-ao-teatro-no-ccb\/","url":"https:\/\/iacrianca.pt\/en\/2023\/07\/os-aventureiros-foram-ao-teatro-no-ccb\/","name":"A Express\u00e3o Dram\u00e1tica \u2013 uma ferramenta para desbloquear e desenvolver compet\u00eancias | Instituto de Apoio \u00e0 Crian\u00e7a","isPartOf":{"@id":"https:\/\/iacrianca.pt\/en\/#website"},"primaryImageOfPage":{"@id":"https:\/\/iacrianca.pt\/en\/2023\/07\/os-aventureiros-foram-ao-teatro-no-ccb\/#primaryimage"},"image":{"@id":"https:\/\/iacrianca.pt\/en\/2023\/07\/os-aventureiros-foram-ao-teatro-no-ccb\/#primaryimage"},"thumbnailUrl":"https:\/\/iacrianca.pt\/wp-content\/uploads\/cepa.jpg","datePublished":"2023-07-03T14:28:06+00:00","dateModified":"2023-07-07T12:39:58+00:00","breadcrumb":{"@id":"https:\/\/iacrianca.pt\/en\/2023\/07\/os-aventureiros-foram-ao-teatro-no-ccb\/#breadcrumb"},"inLanguage":"en-US","potentialAction":[{"@type":"ReadAction","target":["https:\/\/iacrianca.pt\/en\/2023\/07\/os-aventureiros-foram-ao-teatro-no-ccb\/"]}]},{"@type":"ImageObject","inLanguage":"en-US","@id":"https:\/\/iacrianca.pt\/en\/2023\/07\/os-aventureiros-foram-ao-teatro-no-ccb\/#primaryimage","url":"https:\/\/iacrianca.pt\/wp-content\/uploads\/cepa.jpg","contentUrl":"https:\/\/iacrianca.pt\/wp-content\/uploads\/cepa.jpg","width":817,"height":612},{"@type":"BreadcrumbList","@id":"https:\/\/iacrianca.pt\/en\/2023\/07\/os-aventureiros-foram-ao-teatro-no-ccb\/#breadcrumb","itemListElement":[{"@type":"ListItem","position":1,"name":"In\u00edcio","item":"https:\/\/iacrianca.pt\/en\/"},{"@type":"ListItem","position":2,"name":"A Express\u00e3o Dram\u00e1tica \u2013 uma ferramenta para desbloquear e desenvolver compet\u00eancias"}]},{"@type":"WebSite","@id":"https:\/\/iacrianca.pt\/en\/#website","url":"https:\/\/iacrianca.pt\/en\/","name":"Instituto de Apoio \u00e0 Crian\u00e7a","description":"Desde 1983 na defesa e promo\u00e7\u00e3o dos direitos da crian\u00e7a","publisher":{"@id":"https:\/\/iacrianca.pt\/en\/#organization"},"potentialAction":[{"@type":"SearchAction","target":{"@type":"EntryPoint","urlTemplate":"https:\/\/iacrianca.pt\/en\/?s={search_term_string}"},"query-input":{"@type":"PropertyValueSpecification","valueRequired":true,"valueName":"search_term_string"}}],"inLanguage":"en-US"},{"@type":"Organization","@id":"https:\/\/iacrianca.pt\/en\/#organization","name":"Instituto de Apoio \u00e0 Crian\u00e7a","url":"https:\/\/iacrianca.pt\/en\/","logo":{"@type":"ImageObject","inLanguage":"en-US","@id":"https:\/\/iacrianca.pt\/en\/#\/schema\/logo\/image\/","url":"https:\/\/iacrianca.pt\/wp-content\/uploads\/2020\/04\/logo-iac-SD.jpg","contentUrl":"https:\/\/iacrianca.pt\/wp-content\/uploads\/2020\/04\/logo-iac-SD.jpg","width":152,"height":73,"caption":"Instituto de Apoio \u00e0 Crian\u00e7a"},"image":{"@id":"https:\/\/iacrianca.pt\/en\/#\/schema\/logo\/image\/"},"sameAs":["https:\/\/www.facebook.com\/iacinstitutodeapoioacrianca","https:\/\/x.com\/iacapoiocrianca","https:\/\/www.youtube.com\/channel\/UC0jjfZ_xkN_59gJf_RQ-ZnQ","https:\/\/www.linkedin.com\/company\/instituto-de-apoio--criana\/","https:\/\/www.instagram.com\/iacinstitutodeapoioacrianca\/","https:\/\/criancasatortoeadireitos.wordpress.com\/"]},{"@type":"Person","@id":"https:\/\/iacrianca.pt\/en\/#\/schema\/person\/1c48c6e4b70d0dc7360e4b28ceaa5f6b","name":"Administra\u00e7\u00e3o IAC","image":{"@type":"ImageObject","inLanguage":"en-US","@id":"https:\/\/secure.gravatar.com\/avatar\/60b998c71de37dcc1398fc6d48c6b5ed7533e3ceec837c948055f072e3158ff1?s=96&d=mm&r=g","url":"https:\/\/secure.gravatar.com\/avatar\/60b998c71de37dcc1398fc6d48c6b5ed7533e3ceec837c948055f072e3158ff1?s=96&d=mm&r=g","contentUrl":"https:\/\/secure.gravatar.com\/avatar\/60b998c71de37dcc1398fc6d48c6b5ed7533e3ceec837c948055f072e3158ff1?s=96&d=mm&r=g","caption":"Administra\u00e7\u00e3o IAC"}}]}},"_links":{"self":[{"href":"https:\/\/iacrianca.pt\/en\/wp-json\/wp\/v2\/posts\/18652","targetHints":{"allow":["GET"]}}],"collection":[{"href":"https:\/\/iacrianca.pt\/en\/wp-json\/wp\/v2\/posts"}],"about":[{"href":"https:\/\/iacrianca.pt\/en\/wp-json\/wp\/v2\/types\/post"}],"author":[{"embeddable":true,"href":"https:\/\/iacrianca.pt\/en\/wp-json\/wp\/v2\/users\/2"}],"replies":[{"embeddable":true,"href":"https:\/\/iacrianca.pt\/en\/wp-json\/wp\/v2\/comments?post=18652"}],"version-history":[{"count":0,"href":"https:\/\/iacrianca.pt\/en\/wp-json\/wp\/v2\/posts\/18652\/revisions"}],"wp:featuredmedia":[{"embeddable":true,"href":"https:\/\/iacrianca.pt\/en\/wp-json\/wp\/v2\/media\/18657"}],"wp:attachment":[{"href":"https:\/\/iacrianca.pt\/en\/wp-json\/wp\/v2\/media?parent=18652"}],"wp:term":[{"taxonomy":"category","embeddable":true,"href":"https:\/\/iacrianca.pt\/en\/wp-json\/wp\/v2\/categories?post=18652"},{"taxonomy":"post_tag","embeddable":true,"href":"https:\/\/iacrianca.pt\/en\/wp-json\/wp\/v2\/tags?post=18652"}],"curies":[{"name":"wp","href":"https:\/\/api.w.org\/{rel}","templated":true}]}}