{"id":18707,"date":"2023-07-04T11:06:52","date_gmt":"2023-07-04T10:06:52","guid":{"rendered":"https:\/\/iacrianca.pt\/?p=18707"},"modified":"2023-09-26T15:32:25","modified_gmt":"2023-09-26T14:32:25","slug":"encontro-acolhimento-familiar-desafios-e-potencialidades-em-portugal","status":"publish","type":"post","link":"https:\/\/iacrianca.pt\/en\/2023\/07\/encontro-acolhimento-familiar-desafios-e-potencialidades-em-portugal\/","title":{"rendered":"Encontro &#8220;Acolhimento Familiar: Desafios e Potencialidades em Portugal&#8221;"},"content":{"rendered":"<div class=\"x_elementToProof\">\n<div class=\"x_x_elementToProof\">\n<p>O Instituto de Apoio \u00e0 Crian\u00e7a realizou, no dia 22 de junho, na Funda\u00e7\u00e3o Calouste Gulbenkian, o Encontro \u201cAcolhimento Familiar: Desafios e Potencialidades em Portugal\u201d. Este evento constituiu a \u00faltima etapa do projeto europeu Erasmus+ \u201cAcademia para a Parentalidade Consciente \u2013 Fam\u00edlias de Acolhimento Precisam-se!\u201d (\u201cConscious Parent Academy \u2013 Replacement parent urgently needed!\u201d) e teve como intuito apresentar os resultados do projeto, bem como refletir sobre o estado do acolhimento familiar em Portugal. Cont\u00e1mos, com a participa\u00e7\u00e3o de profissionais da academia e de institui\u00e7\u00f5es de acolhimento familiar, bem como de fam\u00edlias de acolhimento, cujas interven\u00e7\u00f5es permitiram uma vis\u00e3o complementar sobre esta medida de promo\u00e7\u00e3o e prote\u00e7\u00e3o. Foram, ainda, apresentados publicamente os materiais que resultaram deste projeto e que t\u00eam como objetivo dar suporte \u00e0s crian\u00e7as, fam\u00edlias de acolhimento e profissionais envolvidos nesta \u00e1rea, nomeadamente:<\/p>\n<p>&#8211; <a href=\"https:\/\/iacrianca.pt\/cartasludicopedagogicas\/\">As cartas l\u00fadico-pedag\u00f3gicas \u201cO que \u00e9 o Acolhimento Familiar?\u201d e \u201cO que \u00e9 a Ado\u00e7\u00e3o?\u201d, dirigidas \u00e0s crian\u00e7as;<\/a><\/p>\n<p>&#8211; As brochuras \u201c<a href=\"https:\/\/iacrianca.pt\/wp-content\/uploads\/20221012-iac-caf-pt-1.pdf\" target=\"_blank\" rel=\"noopener\" data-cke-saved-href=\"https:\/\/iacrianca.pt\/wp-content\/uploads\/20221012-iac-caf-pt-1.pdf\">Desafios das Crian\u00e7as em Acolhimento Familiar \u2013 O que esperar do inesperado?\u201d<\/a> e <a href=\"https:\/\/iacrianca.pt\/wp-content\/uploads\/pt-iac-adocao-web-final.pdf\" target=\"_blank\" rel=\"noopener\" data-cke-saved-href=\"https:\/\/iacrianca.pt\/wp-content\/uploads\/pt-iac-adocao-web-final.pdf\">\u201cDesafios das Crian\u00e7as Adotadas \u2013 O que \u00e9 esperado?\u201d<\/a>, dirigidas \u00e0s fam\u00edlias e aos profissionais.<\/p>\n<p>Estes materiais encontram-se dispon\u00edveis em portugu\u00eas e em ingl\u00eas.<\/p>\n<p>V\u00eddeo do encontro <a href=\"https:\/\/www.youtube.com\/watch?v=Do1Gweo5L9g&amp;t=2s\">aqui<\/a><\/p>\n<p>Comunica\u00e7\u00f5es efetuadas durante o encontro:<\/p>\n<p><a href=\"https:\/\/iacrianca.pt\/wp-content\/uploads\/acolhimento-familiar-rui-azevedo-cbesza-junho-2023.pdf\">Acolhimento Familiar_Rui Azevedo_CBESZA_ Junho 2023<\/a><\/p>\n<p><a href=\"https:\/\/iacrianca.pt\/wp-content\/uploads\/acolhimento-familiar-eunice-magalhaes-iscte-junho-2023.pdf\">Acolhimento Familiar_Eunice Magalh\u00e3es_ISCTE_Junho 2023<\/a><\/p>\n<p><a href=\"https:\/\/iacrianca.pt\/wp-content\/uploads\/apresentacao-projeto-cpa-evento-final-2023.pdf\">Apresenta\u00e7\u00e3o_Projeto_CPA_evento final_2023<\/a><\/p>\n<p><img fetchpriority=\"high\" decoding=\"async\" class=\"alignnone wp-image-18718 size-full\" src=\"https:\/\/iacrianca.pt\/wp-content\/uploads\/37.jpg\" alt=\"\" width=\"1600\" height=\"1200\" srcset=\"https:\/\/iacrianca.pt\/wp-content\/uploads\/37.jpg 1600w, https:\/\/iacrianca.pt\/wp-content\/uploads\/37-300x225.jpg 300w, https:\/\/iacrianca.pt\/wp-content\/uploads\/37-1024x768.jpg 1024w, https:\/\/iacrianca.pt\/wp-content\/uploads\/37-768x576.jpg 768w, https:\/\/iacrianca.pt\/wp-content\/uploads\/37-1536x1152.jpg 1536w\" sizes=\"(max-width: 1600px) 100vw, 1600px\" \/> <img decoding=\"async\" class=\"alignnone wp-image-18726 size-full\" src=\"https:\/\/iacrianca.pt\/wp-content\/uploads\/thumbnail-50.jpg\" alt=\"\" width=\"1024\" height=\"768\" srcset=\"https:\/\/iacrianca.pt\/wp-content\/uploads\/thumbnail-50.jpg 1024w, https:\/\/iacrianca.pt\/wp-content\/uploads\/thumbnail-50-300x225.jpg 300w, https:\/\/iacrianca.pt\/wp-content\/uploads\/thumbnail-50-768x576.jpg 768w\" sizes=\"(max-width: 1024px) 100vw, 1024px\" \/><\/p>\n<p><img decoding=\"async\" class=\"alignnone wp-image-18724 size-full\" src=\"https:\/\/iacrianca.pt\/wp-content\/uploads\/thumbnail-48.jpg\" alt=\"\" width=\"1024\" height=\"768\" srcset=\"https:\/\/iacrianca.pt\/wp-content\/uploads\/thumbnail-48.jpg 1024w, https:\/\/iacrianca.pt\/wp-content\/uploads\/thumbnail-48-300x225.jpg 300w, https:\/\/iacrianca.pt\/wp-content\/uploads\/thumbnail-48-768x576.jpg 768w\" sizes=\"(max-width: 1024px) 100vw, 1024px\" \/> <img loading=\"lazy\" decoding=\"async\" class=\"alignnone wp-image-18722 size-full\" src=\"https:\/\/iacrianca.pt\/wp-content\/uploads\/43.jpg\" alt=\"\" width=\"2048\" height=\"1536\" srcset=\"https:\/\/iacrianca.pt\/wp-content\/uploads\/43.jpg 2048w, https:\/\/iacrianca.pt\/wp-content\/uploads\/43-300x225.jpg 300w, https:\/\/iacrianca.pt\/wp-content\/uploads\/43-1024x768.jpg 1024w, https:\/\/iacrianca.pt\/wp-content\/uploads\/43-768x576.jpg 768w, https:\/\/iacrianca.pt\/wp-content\/uploads\/43-1536x1152.jpg 1536w\" sizes=\"(max-width: 2048px) 100vw, 2048px\" \/> <img loading=\"lazy\" decoding=\"async\" class=\"alignnone wp-image-18720 size-full\" src=\"https:\/\/iacrianca.pt\/wp-content\/uploads\/39.jpg\" alt=\"\" width=\"1600\" height=\"1200\" srcset=\"https:\/\/iacrianca.pt\/wp-content\/uploads\/39.jpg 1600w, https:\/\/iacrianca.pt\/wp-content\/uploads\/39-300x225.jpg 300w, https:\/\/iacrianca.pt\/wp-content\/uploads\/39-1024x768.jpg 1024w, https:\/\/iacrianca.pt\/wp-content\/uploads\/39-768x576.jpg 768w, https:\/\/iacrianca.pt\/wp-content\/uploads\/39-1536x1152.jpg 1536w\" sizes=\"(max-width: 1600px) 100vw, 1600px\" \/> <img loading=\"lazy\" decoding=\"async\" class=\"alignnone wp-image-18710 size-full\" src=\"https:\/\/iacrianca.pt\/wp-content\/uploads\/1-3.jpg\" alt=\"\" width=\"1600\" height=\"1200\" srcset=\"https:\/\/iacrianca.pt\/wp-content\/uploads\/1-3.jpg 1600w, https:\/\/iacrianca.pt\/wp-content\/uploads\/1-3-300x225.jpg 300w, https:\/\/iacrianca.pt\/wp-content\/uploads\/1-3-1024x768.jpg 1024w, https:\/\/iacrianca.pt\/wp-content\/uploads\/1-3-768x576.jpg 768w, https:\/\/iacrianca.pt\/wp-content\/uploads\/1-3-1536x1152.jpg 1536w\" sizes=\"(max-width: 1600px) 100vw, 1600px\" \/> <img loading=\"lazy\" decoding=\"async\" class=\"alignnone wp-image-18714 size-full\" src=\"https:\/\/iacrianca.pt\/wp-content\/uploads\/24.jpg\" alt=\"\" width=\"1600\" height=\"1200\" srcset=\"https:\/\/iacrianca.pt\/wp-content\/uploads\/24.jpg 1600w, https:\/\/iacrianca.pt\/wp-content\/uploads\/24-300x225.jpg 300w, https:\/\/iacrianca.pt\/wp-content\/uploads\/24-1024x768.jpg 1024w, https:\/\/iacrianca.pt\/wp-content\/uploads\/24-768x576.jpg 768w, https:\/\/iacrianca.pt\/wp-content\/uploads\/24-1536x1152.jpg 1536w\" sizes=\"(max-width: 1600px) 100vw, 1600px\" \/> <img loading=\"lazy\" decoding=\"async\" class=\"alignnone wp-image-18716 size-full\" src=\"https:\/\/iacrianca.pt\/wp-content\/uploads\/30.jpg\" alt=\"\" width=\"1600\" height=\"1200\" srcset=\"https:\/\/iacrianca.pt\/wp-content\/uploads\/30.jpg 1600w, https:\/\/iacrianca.pt\/wp-content\/uploads\/30-300x225.jpg 300w, https:\/\/iacrianca.pt\/wp-content\/uploads\/30-1024x768.jpg 1024w, https:\/\/iacrianca.pt\/wp-content\/uploads\/30-768x576.jpg 768w, https:\/\/iacrianca.pt\/wp-content\/uploads\/30-1536x1152.jpg 1536w\" sizes=\"(max-width: 1600px) 100vw, 1600px\" \/> <img loading=\"lazy\" decoding=\"async\" class=\"alignnone wp-image-18712 size-full\" src=\"https:\/\/iacrianca.pt\/wp-content\/uploads\/9.jpg\" alt=\"\" width=\"1600\" height=\"1200\" srcset=\"https:\/\/iacrianca.pt\/wp-content\/uploads\/9.jpg 1600w, https:\/\/iacrianca.pt\/wp-content\/uploads\/9-300x225.jpg 300w, https:\/\/iacrianca.pt\/wp-content\/uploads\/9-1024x768.jpg 1024w, https:\/\/iacrianca.pt\/wp-content\/uploads\/9-768x576.jpg 768w, https:\/\/iacrianca.pt\/wp-content\/uploads\/9-1536x1152.jpg 1536w\" sizes=\"(max-width: 1600px) 100vw, 1600px\" \/> <img loading=\"lazy\" decoding=\"async\" class=\"alignnone wp-image-18728 size-full\" src=\"https:\/\/iacrianca.pt\/wp-content\/uploads\/thumbnail-69.jpg\" alt=\"\" width=\"1024\" height=\"768\" srcset=\"https:\/\/iacrianca.pt\/wp-content\/uploads\/thumbnail-69.jpg 1024w, https:\/\/iacrianca.pt\/wp-content\/uploads\/thumbnail-69-300x225.jpg 300w, https:\/\/iacrianca.pt\/wp-content\/uploads\/thumbnail-69-768x576.jpg 768w\" sizes=\"(max-width: 1024px) 100vw, 1024px\" \/><\/p>\n<p><img loading=\"lazy\" decoding=\"async\" class=\"alignnone wp-image-18732 size-full\" src=\"https:\/\/iacrianca.pt\/wp-content\/uploads\/publico2-2.jpg\" alt=\"\" width=\"812\" height=\"609\" srcset=\"https:\/\/iacrianca.pt\/wp-content\/uploads\/publico2-2.jpg 812w, https:\/\/iacrianca.pt\/wp-content\/uploads\/publico2-2-300x225.jpg 300w, https:\/\/iacrianca.pt\/wp-content\/uploads\/publico2-2-768x576.jpg 768w\" sizes=\"(max-width: 812px) 100vw, 812px\" \/><\/p>\n<p><img loading=\"lazy\" decoding=\"async\" class=\"alignnone wp-image-19492 size-full\" src=\"https:\/\/iacrianca.pt\/wp-content\/uploads\/programa-evento-final-1.jpg\" alt=\"\" width=\"1920\" height=\"1920\" srcset=\"https:\/\/iacrianca.pt\/wp-content\/uploads\/programa-evento-final-1.jpg 1920w, https:\/\/iacrianca.pt\/wp-content\/uploads\/programa-evento-final-1-300x300.jpg 300w, https:\/\/iacrianca.pt\/wp-content\/uploads\/programa-evento-final-1-1024x1024.jpg 1024w, https:\/\/iacrianca.pt\/wp-content\/uploads\/programa-evento-final-1-150x150.jpg 150w, https:\/\/iacrianca.pt\/wp-content\/uploads\/programa-evento-final-1-768x768.jpg 768w, https:\/\/iacrianca.pt\/wp-content\/uploads\/programa-evento-final-1-1536x1536.jpg 1536w\" sizes=\"(max-width: 1920px) 100vw, 1920px\" \/><\/p>\n<p><img loading=\"lazy\" decoding=\"async\" class=\"alignnone wp-image-19494 size-full\" src=\"https:\/\/iacrianca.pt\/wp-content\/uploads\/programa-evento-final-2.jpg\" alt=\"\" width=\"1920\" height=\"1920\" srcset=\"https:\/\/iacrianca.pt\/wp-content\/uploads\/programa-evento-final-2.jpg 1920w, https:\/\/iacrianca.pt\/wp-content\/uploads\/programa-evento-final-2-300x300.jpg 300w, https:\/\/iacrianca.pt\/wp-content\/uploads\/programa-evento-final-2-1024x1024.jpg 1024w, https:\/\/iacrianca.pt\/wp-content\/uploads\/programa-evento-final-2-150x150.jpg 150w, https:\/\/iacrianca.pt\/wp-content\/uploads\/programa-evento-final-2-768x768.jpg 768w, https:\/\/iacrianca.pt\/wp-content\/uploads\/programa-evento-final-2-1536x1536.jpg 1536w\" sizes=\"(max-width: 1920px) 100vw, 1920px\" \/><\/p>\n<\/div>\n<\/div>\n","protected":false},"excerpt":{"rendered":"<p>O Instituto de Apoio \u00e0 Crian\u00e7a realizou, no dia 22 de junho, na Funda\u00e7\u00e3o Calouste Gulbenkian, o Encontro \u201cAcolhimento Familiar: Desafios e Potencialidades em Portugal\u201d. Este evento constituiu a \u00faltima etapa do projeto europeu Erasmus+ \u201cAcademia para a Parentalidade Consciente \u2013 Fam\u00edlias de Acolhimento Precisam-se!\u201d (\u201cConscious Parent Academy \u2013 Replacement parent urgently needed!\u201d) e teve&hellip;<\/p>\n","protected":false},"author":2,"featured_media":18708,"comment_status":"closed","ping_status":"open","sticky":false,"template":"","format":"standard","meta":{"_acf_changed":false,"footnotes":""},"categories":[63],"tags":[],"class_list":["post-18707","post","type-post","status-publish","format-standard","has-post-thumbnail","hentry","category-newsletter","category-63","description-off"],"acf":[],"yoast_head":"<!-- This site is optimized with the Yoast SEO plugin v27.5 - https:\/\/yoast.com\/product\/yoast-seo-wordpress\/ -->\n<title>Encontro &quot;Acolhimento Familiar: Desafios e Potencialidades em Portugal&quot; | Instituto de Apoio \u00e0 Crian\u00e7a<\/title>\n<meta name=\"robots\" content=\"index, follow, max-snippet:-1, max-image-preview:large, max-video-preview:-1\" \/>\n<link rel=\"canonical\" href=\"https:\/\/iacrianca.pt\/en\/2023\/07\/encontro-acolhimento-familiar-desafios-e-potencialidades-em-portugal\/\" \/>\n<meta property=\"og:locale\" content=\"en_US\" \/>\n<meta property=\"og:type\" content=\"article\" \/>\n<meta property=\"og:title\" content=\"Encontro &quot;Acolhimento Familiar: Desafios e Potencialidades em Portugal&quot; | Instituto de Apoio \u00e0 Crian\u00e7a\" \/>\n<meta property=\"og:description\" content=\"O Instituto de Apoio \u00e0 Crian\u00e7a realizou, no dia 22 de junho, na Funda\u00e7\u00e3o Calouste Gulbenkian, o Encontro \u201cAcolhimento Familiar: Desafios e Potencialidades em Portugal\u201d. Este evento constituiu a \u00faltima etapa do projeto europeu Erasmus+ \u201cAcademia para a Parentalidade Consciente \u2013 Fam\u00edlias de Acolhimento Precisam-se!\u201d (\u201cConscious Parent Academy \u2013 Replacement parent urgently needed!\u201d) e teve&hellip;\" \/>\n<meta property=\"og:url\" content=\"https:\/\/iacrianca.pt\/en\/2023\/07\/encontro-acolhimento-familiar-desafios-e-potencialidades-em-portugal\/\" \/>\n<meta property=\"og:site_name\" content=\"Instituto de Apoio \u00e0 Crian\u00e7a\" \/>\n<meta property=\"article:publisher\" content=\"https:\/\/www.facebook.com\/iacinstitutodeapoioacrianca\" \/>\n<meta property=\"article:published_time\" content=\"2023-07-04T10:06:52+00:00\" \/>\n<meta property=\"article:modified_time\" content=\"2023-09-26T14:32:25+00:00\" \/>\n<meta property=\"og:image\" content=\"https:\/\/iacrianca.pt\/wp-content\/uploads\/mesa-1.jpg\" \/>\n\t<meta property=\"og:image:width\" content=\"812\" \/>\n\t<meta property=\"og:image:height\" content=\"609\" \/>\n\t<meta property=\"og:image:type\" content=\"image\/jpeg\" \/>\n<meta name=\"author\" content=\"Administra\u00e7\u00e3o IAC\" \/>\n<meta name=\"twitter:card\" content=\"summary_large_image\" \/>\n<meta name=\"twitter:creator\" content=\"@iacapoiocrianca\" \/>\n<meta name=\"twitter:site\" content=\"@iacapoiocrianca\" \/>\n<meta name=\"twitter:label1\" content=\"Written by\" \/>\n\t<meta name=\"twitter:data1\" content=\"Administra\u00e7\u00e3o IAC\" \/>\n\t<meta name=\"twitter:label2\" content=\"Est. reading time\" \/>\n\t<meta name=\"twitter:data2\" content=\"4 minutes\" \/>\n<script type=\"application\/ld+json\" class=\"yoast-schema-graph\">{\"@context\":\"https:\\\/\\\/schema.org\",\"@graph\":[{\"@type\":\"Article\",\"@id\":\"https:\\\/\\\/iacrianca.pt\\\/en\\\/2023\\\/07\\\/encontro-acolhimento-familiar-desafios-e-potencialidades-em-portugal\\\/#article\",\"isPartOf\":{\"@id\":\"https:\\\/\\\/iacrianca.pt\\\/en\\\/2023\\\/07\\\/encontro-acolhimento-familiar-desafios-e-potencialidades-em-portugal\\\/\"},\"author\":{\"name\":\"Administra\u00e7\u00e3o IAC\",\"@id\":\"https:\\\/\\\/iacrianca.pt\\\/en\\\/#\\\/schema\\\/person\\\/1c48c6e4b70d0dc7360e4b28ceaa5f6b\"},\"headline\":\"Encontro &#8220;Acolhimento Familiar: Desafios e Potencialidades em Portugal&#8221;\",\"datePublished\":\"2023-07-04T10:06:52+00:00\",\"dateModified\":\"2023-09-26T14:32:25+00:00\",\"mainEntityOfPage\":{\"@id\":\"https:\\\/\\\/iacrianca.pt\\\/en\\\/2023\\\/07\\\/encontro-acolhimento-familiar-desafios-e-potencialidades-em-portugal\\\/\"},\"wordCount\":246,\"publisher\":{\"@id\":\"https:\\\/\\\/iacrianca.pt\\\/en\\\/#organization\"},\"image\":{\"@id\":\"https:\\\/\\\/iacrianca.pt\\\/en\\\/2023\\\/07\\\/encontro-acolhimento-familiar-desafios-e-potencialidades-em-portugal\\\/#primaryimage\"},\"thumbnailUrl\":\"https:\\\/\\\/iacrianca.pt\\\/wp-content\\\/uploads\\\/mesa-1.jpg\",\"articleSection\":[\"Newsletter\"],\"inLanguage\":\"en-US\"},{\"@type\":\"WebPage\",\"@id\":\"https:\\\/\\\/iacrianca.pt\\\/en\\\/2023\\\/07\\\/encontro-acolhimento-familiar-desafios-e-potencialidades-em-portugal\\\/\",\"url\":\"https:\\\/\\\/iacrianca.pt\\\/en\\\/2023\\\/07\\\/encontro-acolhimento-familiar-desafios-e-potencialidades-em-portugal\\\/\",\"name\":\"Encontro \\\"Acolhimento Familiar: Desafios e Potencialidades em Portugal\\\" | Instituto de Apoio \u00e0 Crian\u00e7a\",\"isPartOf\":{\"@id\":\"https:\\\/\\\/iacrianca.pt\\\/en\\\/#website\"},\"primaryImageOfPage\":{\"@id\":\"https:\\\/\\\/iacrianca.pt\\\/en\\\/2023\\\/07\\\/encontro-acolhimento-familiar-desafios-e-potencialidades-em-portugal\\\/#primaryimage\"},\"image\":{\"@id\":\"https:\\\/\\\/iacrianca.pt\\\/en\\\/2023\\\/07\\\/encontro-acolhimento-familiar-desafios-e-potencialidades-em-portugal\\\/#primaryimage\"},\"thumbnailUrl\":\"https:\\\/\\\/iacrianca.pt\\\/wp-content\\\/uploads\\\/mesa-1.jpg\",\"datePublished\":\"2023-07-04T10:06:52+00:00\",\"dateModified\":\"2023-09-26T14:32:25+00:00\",\"breadcrumb\":{\"@id\":\"https:\\\/\\\/iacrianca.pt\\\/en\\\/2023\\\/07\\\/encontro-acolhimento-familiar-desafios-e-potencialidades-em-portugal\\\/#breadcrumb\"},\"inLanguage\":\"en-US\",\"potentialAction\":[{\"@type\":\"ReadAction\",\"target\":[\"https:\\\/\\\/iacrianca.pt\\\/en\\\/2023\\\/07\\\/encontro-acolhimento-familiar-desafios-e-potencialidades-em-portugal\\\/\"]}]},{\"@type\":\"ImageObject\",\"inLanguage\":\"en-US\",\"@id\":\"https:\\\/\\\/iacrianca.pt\\\/en\\\/2023\\\/07\\\/encontro-acolhimento-familiar-desafios-e-potencialidades-em-portugal\\\/#primaryimage\",\"url\":\"https:\\\/\\\/iacrianca.pt\\\/wp-content\\\/uploads\\\/mesa-1.jpg\",\"contentUrl\":\"https:\\\/\\\/iacrianca.pt\\\/wp-content\\\/uploads\\\/mesa-1.jpg\",\"width\":812,\"height\":609},{\"@type\":\"BreadcrumbList\",\"@id\":\"https:\\\/\\\/iacrianca.pt\\\/en\\\/2023\\\/07\\\/encontro-acolhimento-familiar-desafios-e-potencialidades-em-portugal\\\/#breadcrumb\",\"itemListElement\":[{\"@type\":\"ListItem\",\"position\":1,\"name\":\"In\u00edcio\",\"item\":\"https:\\\/\\\/iacrianca.pt\\\/en\\\/\"},{\"@type\":\"ListItem\",\"position\":2,\"name\":\"Encontro &#8220;Acolhimento Familiar: Desafios e Potencialidades em Portugal&#8221;\"}]},{\"@type\":\"WebSite\",\"@id\":\"https:\\\/\\\/iacrianca.pt\\\/en\\\/#website\",\"url\":\"https:\\\/\\\/iacrianca.pt\\\/en\\\/\",\"name\":\"Instituto de Apoio \u00e0 Crian\u00e7a\",\"description\":\"Desde 1983 na defesa e promo\u00e7\u00e3o dos direitos da crian\u00e7a\",\"publisher\":{\"@id\":\"https:\\\/\\\/iacrianca.pt\\\/en\\\/#organization\"},\"potentialAction\":[{\"@type\":\"SearchAction\",\"target\":{\"@type\":\"EntryPoint\",\"urlTemplate\":\"https:\\\/\\\/iacrianca.pt\\\/en\\\/?s={search_term_string}\"},\"query-input\":{\"@type\":\"PropertyValueSpecification\",\"valueRequired\":true,\"valueName\":\"search_term_string\"}}],\"inLanguage\":\"en-US\"},{\"@type\":\"Organization\",\"@id\":\"https:\\\/\\\/iacrianca.pt\\\/en\\\/#organization\",\"name\":\"Instituto de Apoio \u00e0 Crian\u00e7a\",\"url\":\"https:\\\/\\\/iacrianca.pt\\\/en\\\/\",\"logo\":{\"@type\":\"ImageObject\",\"inLanguage\":\"en-US\",\"@id\":\"https:\\\/\\\/iacrianca.pt\\\/en\\\/#\\\/schema\\\/logo\\\/image\\\/\",\"url\":\"https:\\\/\\\/iacrianca.pt\\\/wp-content\\\/uploads\\\/2020\\\/04\\\/logo-iac-SD.jpg\",\"contentUrl\":\"https:\\\/\\\/iacrianca.pt\\\/wp-content\\\/uploads\\\/2020\\\/04\\\/logo-iac-SD.jpg\",\"width\":152,\"height\":73,\"caption\":\"Instituto de Apoio \u00e0 Crian\u00e7a\"},\"image\":{\"@id\":\"https:\\\/\\\/iacrianca.pt\\\/en\\\/#\\\/schema\\\/logo\\\/image\\\/\"},\"sameAs\":[\"https:\\\/\\\/www.facebook.com\\\/iacinstitutodeapoioacrianca\",\"https:\\\/\\\/x.com\\\/iacapoiocrianca\",\"https:\\\/\\\/www.youtube.com\\\/channel\\\/UC0jjfZ_xkN_59gJf_RQ-ZnQ\",\"https:\\\/\\\/www.linkedin.com\\\/company\\\/instituto-de-apoio--criana\\\/\",\"https:\\\/\\\/www.instagram.com\\\/iacinstitutodeapoioacrianca\\\/\",\"https:\\\/\\\/criancasatortoeadireitos.wordpress.com\\\/\"]},{\"@type\":\"Person\",\"@id\":\"https:\\\/\\\/iacrianca.pt\\\/en\\\/#\\\/schema\\\/person\\\/1c48c6e4b70d0dc7360e4b28ceaa5f6b\",\"name\":\"Administra\u00e7\u00e3o IAC\",\"image\":{\"@type\":\"ImageObject\",\"inLanguage\":\"en-US\",\"@id\":\"https:\\\/\\\/secure.gravatar.com\\\/avatar\\\/60b998c71de37dcc1398fc6d48c6b5ed7533e3ceec837c948055f072e3158ff1?s=96&d=mm&r=g\",\"url\":\"https:\\\/\\\/secure.gravatar.com\\\/avatar\\\/60b998c71de37dcc1398fc6d48c6b5ed7533e3ceec837c948055f072e3158ff1?s=96&d=mm&r=g\",\"contentUrl\":\"https:\\\/\\\/secure.gravatar.com\\\/avatar\\\/60b998c71de37dcc1398fc6d48c6b5ed7533e3ceec837c948055f072e3158ff1?s=96&d=mm&r=g\",\"caption\":\"Administra\u00e7\u00e3o IAC\"}}]}<\/script>\n<!-- \/ Yoast SEO plugin. -->","yoast_head_json":{"title":"Encontro \"Acolhimento Familiar: Desafios e Potencialidades em Portugal\" | Instituto de Apoio \u00e0 Crian\u00e7a","robots":{"index":"index","follow":"follow","max-snippet":"max-snippet:-1","max-image-preview":"max-image-preview:large","max-video-preview":"max-video-preview:-1"},"canonical":"https:\/\/iacrianca.pt\/en\/2023\/07\/encontro-acolhimento-familiar-desafios-e-potencialidades-em-portugal\/","og_locale":"en_US","og_type":"article","og_title":"Encontro \"Acolhimento Familiar: Desafios e Potencialidades em Portugal\" | Instituto de Apoio \u00e0 Crian\u00e7a","og_description":"O Instituto de Apoio \u00e0 Crian\u00e7a realizou, no dia 22 de junho, na Funda\u00e7\u00e3o Calouste Gulbenkian, o Encontro \u201cAcolhimento Familiar: Desafios e Potencialidades em Portugal\u201d. Este evento constituiu a \u00faltima etapa do projeto europeu Erasmus+ \u201cAcademia para a Parentalidade Consciente \u2013 Fam\u00edlias de Acolhimento Precisam-se!\u201d (\u201cConscious Parent Academy \u2013 Replacement parent urgently needed!\u201d) e teve&hellip;","og_url":"https:\/\/iacrianca.pt\/en\/2023\/07\/encontro-acolhimento-familiar-desafios-e-potencialidades-em-portugal\/","og_site_name":"Instituto de Apoio \u00e0 Crian\u00e7a","article_publisher":"https:\/\/www.facebook.com\/iacinstitutodeapoioacrianca","article_published_time":"2023-07-04T10:06:52+00:00","article_modified_time":"2023-09-26T14:32:25+00:00","og_image":[{"width":812,"height":609,"url":"https:\/\/iacrianca.pt\/wp-content\/uploads\/mesa-1.jpg","type":"image\/jpeg"}],"author":"Administra\u00e7\u00e3o IAC","twitter_card":"summary_large_image","twitter_creator":"@iacapoiocrianca","twitter_site":"@iacapoiocrianca","twitter_misc":{"Written by":"Administra\u00e7\u00e3o IAC","Est. reading time":"4 minutes"},"schema":{"@context":"https:\/\/schema.org","@graph":[{"@type":"Article","@id":"https:\/\/iacrianca.pt\/en\/2023\/07\/encontro-acolhimento-familiar-desafios-e-potencialidades-em-portugal\/#article","isPartOf":{"@id":"https:\/\/iacrianca.pt\/en\/2023\/07\/encontro-acolhimento-familiar-desafios-e-potencialidades-em-portugal\/"},"author":{"name":"Administra\u00e7\u00e3o IAC","@id":"https:\/\/iacrianca.pt\/en\/#\/schema\/person\/1c48c6e4b70d0dc7360e4b28ceaa5f6b"},"headline":"Encontro &#8220;Acolhimento Familiar: Desafios e Potencialidades em Portugal&#8221;","datePublished":"2023-07-04T10:06:52+00:00","dateModified":"2023-09-26T14:32:25+00:00","mainEntityOfPage":{"@id":"https:\/\/iacrianca.pt\/en\/2023\/07\/encontro-acolhimento-familiar-desafios-e-potencialidades-em-portugal\/"},"wordCount":246,"publisher":{"@id":"https:\/\/iacrianca.pt\/en\/#organization"},"image":{"@id":"https:\/\/iacrianca.pt\/en\/2023\/07\/encontro-acolhimento-familiar-desafios-e-potencialidades-em-portugal\/#primaryimage"},"thumbnailUrl":"https:\/\/iacrianca.pt\/wp-content\/uploads\/mesa-1.jpg","articleSection":["Newsletter"],"inLanguage":"en-US"},{"@type":"WebPage","@id":"https:\/\/iacrianca.pt\/en\/2023\/07\/encontro-acolhimento-familiar-desafios-e-potencialidades-em-portugal\/","url":"https:\/\/iacrianca.pt\/en\/2023\/07\/encontro-acolhimento-familiar-desafios-e-potencialidades-em-portugal\/","name":"Encontro \"Acolhimento Familiar: Desafios e Potencialidades em Portugal\" | Instituto de Apoio \u00e0 Crian\u00e7a","isPartOf":{"@id":"https:\/\/iacrianca.pt\/en\/#website"},"primaryImageOfPage":{"@id":"https:\/\/iacrianca.pt\/en\/2023\/07\/encontro-acolhimento-familiar-desafios-e-potencialidades-em-portugal\/#primaryimage"},"image":{"@id":"https:\/\/iacrianca.pt\/en\/2023\/07\/encontro-acolhimento-familiar-desafios-e-potencialidades-em-portugal\/#primaryimage"},"thumbnailUrl":"https:\/\/iacrianca.pt\/wp-content\/uploads\/mesa-1.jpg","datePublished":"2023-07-04T10:06:52+00:00","dateModified":"2023-09-26T14:32:25+00:00","breadcrumb":{"@id":"https:\/\/iacrianca.pt\/en\/2023\/07\/encontro-acolhimento-familiar-desafios-e-potencialidades-em-portugal\/#breadcrumb"},"inLanguage":"en-US","potentialAction":[{"@type":"ReadAction","target":["https:\/\/iacrianca.pt\/en\/2023\/07\/encontro-acolhimento-familiar-desafios-e-potencialidades-em-portugal\/"]}]},{"@type":"ImageObject","inLanguage":"en-US","@id":"https:\/\/iacrianca.pt\/en\/2023\/07\/encontro-acolhimento-familiar-desafios-e-potencialidades-em-portugal\/#primaryimage","url":"https:\/\/iacrianca.pt\/wp-content\/uploads\/mesa-1.jpg","contentUrl":"https:\/\/iacrianca.pt\/wp-content\/uploads\/mesa-1.jpg","width":812,"height":609},{"@type":"BreadcrumbList","@id":"https:\/\/iacrianca.pt\/en\/2023\/07\/encontro-acolhimento-familiar-desafios-e-potencialidades-em-portugal\/#breadcrumb","itemListElement":[{"@type":"ListItem","position":1,"name":"In\u00edcio","item":"https:\/\/iacrianca.pt\/en\/"},{"@type":"ListItem","position":2,"name":"Encontro &#8220;Acolhimento Familiar: Desafios e Potencialidades em Portugal&#8221;"}]},{"@type":"WebSite","@id":"https:\/\/iacrianca.pt\/en\/#website","url":"https:\/\/iacrianca.pt\/en\/","name":"Instituto de Apoio \u00e0 Crian\u00e7a","description":"Desde 1983 na defesa e promo\u00e7\u00e3o dos direitos da crian\u00e7a","publisher":{"@id":"https:\/\/iacrianca.pt\/en\/#organization"},"potentialAction":[{"@type":"SearchAction","target":{"@type":"EntryPoint","urlTemplate":"https:\/\/iacrianca.pt\/en\/?s={search_term_string}"},"query-input":{"@type":"PropertyValueSpecification","valueRequired":true,"valueName":"search_term_string"}}],"inLanguage":"en-US"},{"@type":"Organization","@id":"https:\/\/iacrianca.pt\/en\/#organization","name":"Instituto de Apoio \u00e0 Crian\u00e7a","url":"https:\/\/iacrianca.pt\/en\/","logo":{"@type":"ImageObject","inLanguage":"en-US","@id":"https:\/\/iacrianca.pt\/en\/#\/schema\/logo\/image\/","url":"https:\/\/iacrianca.pt\/wp-content\/uploads\/2020\/04\/logo-iac-SD.jpg","contentUrl":"https:\/\/iacrianca.pt\/wp-content\/uploads\/2020\/04\/logo-iac-SD.jpg","width":152,"height":73,"caption":"Instituto de Apoio \u00e0 Crian\u00e7a"},"image":{"@id":"https:\/\/iacrianca.pt\/en\/#\/schema\/logo\/image\/"},"sameAs":["https:\/\/www.facebook.com\/iacinstitutodeapoioacrianca","https:\/\/x.com\/iacapoiocrianca","https:\/\/www.youtube.com\/channel\/UC0jjfZ_xkN_59gJf_RQ-ZnQ","https:\/\/www.linkedin.com\/company\/instituto-de-apoio--criana\/","https:\/\/www.instagram.com\/iacinstitutodeapoioacrianca\/","https:\/\/criancasatortoeadireitos.wordpress.com\/"]},{"@type":"Person","@id":"https:\/\/iacrianca.pt\/en\/#\/schema\/person\/1c48c6e4b70d0dc7360e4b28ceaa5f6b","name":"Administra\u00e7\u00e3o IAC","image":{"@type":"ImageObject","inLanguage":"en-US","@id":"https:\/\/secure.gravatar.com\/avatar\/60b998c71de37dcc1398fc6d48c6b5ed7533e3ceec837c948055f072e3158ff1?s=96&d=mm&r=g","url":"https:\/\/secure.gravatar.com\/avatar\/60b998c71de37dcc1398fc6d48c6b5ed7533e3ceec837c948055f072e3158ff1?s=96&d=mm&r=g","contentUrl":"https:\/\/secure.gravatar.com\/avatar\/60b998c71de37dcc1398fc6d48c6b5ed7533e3ceec837c948055f072e3158ff1?s=96&d=mm&r=g","caption":"Administra\u00e7\u00e3o IAC"}}]}},"_links":{"self":[{"href":"https:\/\/iacrianca.pt\/en\/wp-json\/wp\/v2\/posts\/18707","targetHints":{"allow":["GET"]}}],"collection":[{"href":"https:\/\/iacrianca.pt\/en\/wp-json\/wp\/v2\/posts"}],"about":[{"href":"https:\/\/iacrianca.pt\/en\/wp-json\/wp\/v2\/types\/post"}],"author":[{"embeddable":true,"href":"https:\/\/iacrianca.pt\/en\/wp-json\/wp\/v2\/users\/2"}],"replies":[{"embeddable":true,"href":"https:\/\/iacrianca.pt\/en\/wp-json\/wp\/v2\/comments?post=18707"}],"version-history":[{"count":0,"href":"https:\/\/iacrianca.pt\/en\/wp-json\/wp\/v2\/posts\/18707\/revisions"}],"wp:featuredmedia":[{"embeddable":true,"href":"https:\/\/iacrianca.pt\/en\/wp-json\/wp\/v2\/media\/18708"}],"wp:attachment":[{"href":"https:\/\/iacrianca.pt\/en\/wp-json\/wp\/v2\/media?parent=18707"}],"wp:term":[{"taxonomy":"category","embeddable":true,"href":"https:\/\/iacrianca.pt\/en\/wp-json\/wp\/v2\/categories?post=18707"},{"taxonomy":"post_tag","embeddable":true,"href":"https:\/\/iacrianca.pt\/en\/wp-json\/wp\/v2\/tags?post=18707"}],"curies":[{"name":"wp","href":"https:\/\/api.w.org\/{rel}","templated":true}]}}