{"id":19622,"date":"2023-10-02T11:18:45","date_gmt":"2023-10-02T10:18:45","guid":{"rendered":"https:\/\/iacrianca.pt\/?p=19622"},"modified":"2023-10-02T11:18:45","modified_gmt":"2023-10-02T10:18:45","slug":"dias-felizes-na-quinta-da-fonte-santa","status":"publish","type":"post","link":"https:\/\/iacrianca.pt\/en\/2023\/10\/dias-felizes-na-quinta-da-fonte-santa\/","title":{"rendered":"Dias Felizes na Quinta da Fonte Santa"},"content":{"rendered":"<p><span data-contrast=\"auto\">Rostos sorridentes na chegada \u00e0 Quinta da Fonte Santa, ansiosos pela aventura que se adivinhava, com todos os ingredientes para se viverem os dias mais felizes de um ano inteiro\u2026<\/span><span data-ccp-props=\"{&quot;201341983&quot;:0,&quot;335551550&quot;:6,&quot;335551620&quot;:6,&quot;335559739&quot;:160,&quot;335559740&quot;:259}\">\u00a0<\/span><\/p>\n<p><span data-contrast=\"auto\">F\u00e9rias, amigos, camaratas, jogos e piscina s\u00e3o a combina\u00e7\u00e3o perfeita para a alegria dos jovens. Um grupo de 14 jovens do Bairro do Condado, um jovem mediador e tr\u00eas t\u00e9cnicos foram, amavelmente, acolhidos na Quinta da Fonte Santa, em Cane\u00e7as, durante 3 dias da primeira semana de setembro. Alguns jovens j\u00e1 ali tinham experimentado a alegria do conv\u00edvio, no ano anterior, mas dessa vez a chuva n\u00e3o tinha permitido o pleno desfrute do espa\u00e7o exterior. Desta vez, as nuvens cinzentas que ainda pairavam no c\u00e9u quando o grupo se instalou, voaram para longe e o sol aqueceu toda a Quinta provando que ainda era Ver\u00e3o!<\/span><span data-ccp-props=\"{&quot;201341983&quot;:0,&quot;335551550&quot;:6,&quot;335551620&quot;:6,&quot;335559739&quot;:160,&quot;335559740&quot;:259}\">\u00a0<\/span><\/p>\n<p><span data-contrast=\"auto\">Depois de uma visita guiada pela Quinta e de um almo\u00e7o bem refor\u00e7ado, foi na piscina que come\u00e7ou a verdadeira divers\u00e3o. Assim que se declarou completa a digest\u00e3o, correram felizes e mergulharam no azul convidativo da imensa piscina, partilhando, uns com os outros, as mais variadas \u201ct\u00e9cnicas\u201d de anima\u00e7\u00e3o aqu\u00e1tica.\u00a0<\/span><span data-ccp-props=\"{&quot;201341983&quot;:0,&quot;335551550&quot;:6,&quot;335551620&quot;:6,&quot;335559739&quot;:160,&quot;335559740&quot;:259}\">\u00a0<\/span><\/p>\n<p><span data-contrast=\"auto\">No segundo dia, entre piscina, trampolim e outras divers\u00f5es tiveram uma aula de express\u00e3o dram\u00e1tica com a professora que acompanha o grupo durante o tempo de aulas e que ali, se juntou a eles para relembrar din\u00e2micas e refor\u00e7ar a motiva\u00e7\u00e3o para projetos futuros.<\/span><span data-ccp-props=\"{&quot;201341983&quot;:0,&quot;335551550&quot;:6,&quot;335551620&quot;:6,&quot;335559739&quot;:160,&quot;335559740&quot;:259}\">\u00a0<\/span><\/p>\n<p><span data-contrast=\"auto\">As noites foram tamb\u00e9m animadas, com cinema e discoteca improvisados pela equipa, com pipocas, petiscos e deliciosos cocktails com sumos de fruta. Apesar da atividade intensa dos dias e ser\u00f5es, a energia e a excita\u00e7\u00e3o dos jovens n\u00e3o deixava o sono chegar e o sil\u00eancio nas camaratas tardou em se instalar &#8211; \u201cTodos os momentos contam e as f\u00e9rias s\u00e3o para aproveitar!\u201d &#8211;\u00a0 Diziam em resposta aos avisos.<\/span><span data-ccp-props=\"{&quot;201341983&quot;:0,&quot;335551550&quot;:6,&quot;335551620&quot;:6,&quot;335559739&quot;:160,&quot;335559740&quot;:259}\">\u00a0<\/span><\/p>\n<p><span data-contrast=\"auto\">Para terminar com chave de ouro, a \u00faltima grande experi\u00eancia do espa\u00e7o de f\u00e9rias foi a intera\u00e7\u00e3o com os cavalos. No Picadeiro da Quinta, conheceram, escovaram, montaram e alimentaram o Zorro e a Cesarina, um cavalo e uma \u00e9gua lindos de cor branca, que pacientemente se colocaram ao dispor do nosso grupo. At\u00e9 os mais receosos conseguiram dominar o medo e do alto da sela exibiram o melhor sorriso para o momento fotogr\u00e1fico.\u00a0\u00a0<\/span><span data-ccp-props=\"{&quot;201341983&quot;:0,&quot;335551550&quot;:6,&quot;335551620&quot;:6,&quot;335559739&quot;:160,&quot;335559740&quot;:259}\">\u00a0<\/span><\/p>\n<p><span data-contrast=\"auto\">Umas f\u00e9rias memor\u00e1veis, tiveram os nossos 14 jovens Aventureiros! O que mais gostaram?<\/span><span data-ccp-props=\"{&quot;201341983&quot;:0,&quot;335551550&quot;:6,&quot;335551620&quot;:6,&quot;335559739&quot;:160,&quot;335559740&quot;:259}\">\u00a0<\/span><\/p>\n<p><span data-contrast=\"auto\">&#8211; A piscina; o conv\u00edvio; os cavalos; a discoteca; as fofocas na camarata; \u2026<\/span><span data-ccp-props=\"{&quot;201341983&quot;:0,&quot;335551550&quot;:6,&quot;335551620&quot;:6,&quot;335559739&quot;:160,&quot;335559740&quot;:259}\">\u00a0<\/span><\/p>\n<p><span data-contrast=\"auto\">Para n\u00f3s, equipa, o melhor de tudo foi ver a alegria de todos a cada instante! Os jovens tiveram, por 3 dias, as f\u00e9rias com que sonharam o ano inteiro e que os far\u00e1 sorrir por muito tempo.\u00a0<\/span><span data-ccp-props=\"{&quot;201341983&quot;:0,&quot;335551550&quot;:6,&quot;335551620&quot;:6,&quot;335559739&quot;:160,&quot;335559740&quot;:259}\">\u00a0<\/span><\/p>\n<p><span data-contrast=\"auto\">\u00a0Um Bem Haja ao Banco de Portugal que, gentilmente, facultou as instala\u00e7\u00f5es da Quinta para a realiza\u00e7\u00e3o desta Minicol\u00f3nia de f\u00e9rias e ofereceu as refei\u00e7\u00f5es, bem como a todos os colaboradores que, pacientemente, estiveram sempre dispon\u00edveis para o grupo.<\/span><span data-ccp-props=\"{&quot;201341983&quot;:0,&quot;335551550&quot;:6,&quot;335551620&quot;:6,&quot;335559739&quot;:160,&quot;335559740&quot;:259}\">\u00a0<\/span><\/p>\n<p><img fetchpriority=\"high\" decoding=\"async\" class=\"alignnone wp-image-19625 size-full\" src=\"https:\/\/iacrianca.pt\/wp-content\/uploads\/dias.jpg\" alt=\"\" width=\"452\" height=\"603\" srcset=\"https:\/\/iacrianca.pt\/wp-content\/uploads\/dias.jpg 452w, https:\/\/iacrianca.pt\/wp-content\/uploads\/dias-225x300.jpg 225w\" sizes=\"(max-width: 452px) 100vw, 452px\" \/> <img decoding=\"async\" class=\"alignnone wp-image-19627 size-full\" src=\"https:\/\/iacrianca.pt\/wp-content\/uploads\/dias3.jpg\" alt=\"\" width=\"452\" height=\"603\" srcset=\"https:\/\/iacrianca.pt\/wp-content\/uploads\/dias3.jpg 452w, https:\/\/iacrianca.pt\/wp-content\/uploads\/dias3-225x300.jpg 225w\" sizes=\"(max-width: 452px) 100vw, 452px\" \/> <img decoding=\"async\" class=\"alignnone wp-image-19629 size-full\" src=\"https:\/\/iacrianca.pt\/wp-content\/uploads\/dias4.jpg\" alt=\"\" width=\"1072\" height=\"603\" srcset=\"https:\/\/iacrianca.pt\/wp-content\/uploads\/dias4.jpg 1072w, https:\/\/iacrianca.pt\/wp-content\/uploads\/dias4-300x169.jpg 300w, https:\/\/iacrianca.pt\/wp-content\/uploads\/dias4-1024x576.jpg 1024w, https:\/\/iacrianca.pt\/wp-content\/uploads\/dias4-768x432.jpg 768w\" sizes=\"(max-width: 1072px) 100vw, 1072px\" \/><\/p>\n","protected":false},"excerpt":{"rendered":"<p>Rostos sorridentes na chegada \u00e0 Quinta da Fonte Santa, ansiosos pela aventura que se adivinhava, com todos os ingredientes para se viverem os dias mais felizes de um ano inteiro\u2026\u00a0 F\u00e9rias, amigos, camaratas, jogos e piscina s\u00e3o a combina\u00e7\u00e3o perfeita para a alegria dos jovens. Um grupo de 14 jovens do Bairro do Condado, um&hellip;<\/p>\n","protected":false},"author":2,"featured_media":19623,"comment_status":"open","ping_status":"open","sticky":false,"template":"","format":"standard","meta":{"_acf_changed":false,"footnotes":""},"categories":[63],"tags":[],"class_list":["post-19622","post","type-post","status-publish","format-standard","has-post-thumbnail","hentry","category-newsletter","category-63","description-off"],"acf":[],"yoast_head":"<!-- This site is optimized with the Yoast SEO plugin v27.5 - https:\/\/yoast.com\/product\/yoast-seo-wordpress\/ -->\n<title>Dias Felizes na Quinta da Fonte Santa | Instituto de Apoio \u00e0 Crian\u00e7a<\/title>\n<meta name=\"robots\" content=\"index, follow, max-snippet:-1, max-image-preview:large, max-video-preview:-1\" \/>\n<link rel=\"canonical\" href=\"https:\/\/iacrianca.pt\/en\/2023\/10\/dias-felizes-na-quinta-da-fonte-santa\/\" \/>\n<meta property=\"og:locale\" content=\"en_US\" \/>\n<meta property=\"og:type\" content=\"article\" \/>\n<meta property=\"og:title\" content=\"Dias Felizes na Quinta da Fonte Santa | Instituto de Apoio \u00e0 Crian\u00e7a\" \/>\n<meta property=\"og:description\" content=\"Rostos sorridentes na chegada \u00e0 Quinta da Fonte Santa, ansiosos pela aventura que se adivinhava, com todos os ingredientes para se viverem os dias mais felizes de um ano inteiro\u2026\u00a0 F\u00e9rias, amigos, camaratas, jogos e piscina s\u00e3o a combina\u00e7\u00e3o perfeita para a alegria dos jovens. Um grupo de 14 jovens do Bairro do Condado, um&hellip;\" \/>\n<meta property=\"og:url\" content=\"https:\/\/iacrianca.pt\/en\/2023\/10\/dias-felizes-na-quinta-da-fonte-santa\/\" \/>\n<meta property=\"og:site_name\" content=\"Instituto de Apoio \u00e0 Crian\u00e7a\" \/>\n<meta property=\"article:publisher\" content=\"https:\/\/www.facebook.com\/iacinstitutodeapoioacrianca\" \/>\n<meta property=\"article:published_time\" content=\"2023-10-02T10:18:45+00:00\" \/>\n<meta property=\"og:image\" content=\"https:\/\/iacrianca.pt\/wp-content\/uploads\/dias2.jpg\" \/>\n\t<meta property=\"og:image:width\" content=\"804\" \/>\n\t<meta property=\"og:image:height\" content=\"603\" \/>\n\t<meta property=\"og:image:type\" content=\"image\/jpeg\" \/>\n<meta name=\"author\" content=\"Administra\u00e7\u00e3o IAC\" \/>\n<meta name=\"twitter:card\" content=\"summary_large_image\" \/>\n<meta name=\"twitter:creator\" content=\"@iacapoiocrianca\" \/>\n<meta name=\"twitter:site\" content=\"@iacapoiocrianca\" \/>\n<meta name=\"twitter:label1\" content=\"Written by\" \/>\n\t<meta name=\"twitter:data1\" content=\"Administra\u00e7\u00e3o IAC\" \/>\n\t<meta name=\"twitter:label2\" content=\"Est. reading time\" \/>\n\t<meta name=\"twitter:data2\" content=\"4 minutes\" \/>\n<script type=\"application\/ld+json\" class=\"yoast-schema-graph\">{\"@context\":\"https:\\\/\\\/schema.org\",\"@graph\":[{\"@type\":\"Article\",\"@id\":\"https:\\\/\\\/iacrianca.pt\\\/en\\\/2023\\\/10\\\/dias-felizes-na-quinta-da-fonte-santa\\\/#article\",\"isPartOf\":{\"@id\":\"https:\\\/\\\/iacrianca.pt\\\/en\\\/2023\\\/10\\\/dias-felizes-na-quinta-da-fonte-santa\\\/\"},\"author\":{\"name\":\"Administra\u00e7\u00e3o IAC\",\"@id\":\"https:\\\/\\\/iacrianca.pt\\\/en\\\/#\\\/schema\\\/person\\\/1c48c6e4b70d0dc7360e4b28ceaa5f6b\"},\"headline\":\"Dias Felizes na Quinta da Fonte Santa\",\"datePublished\":\"2023-10-02T10:18:45+00:00\",\"mainEntityOfPage\":{\"@id\":\"https:\\\/\\\/iacrianca.pt\\\/en\\\/2023\\\/10\\\/dias-felizes-na-quinta-da-fonte-santa\\\/\"},\"wordCount\":523,\"commentCount\":0,\"publisher\":{\"@id\":\"https:\\\/\\\/iacrianca.pt\\\/en\\\/#organization\"},\"image\":{\"@id\":\"https:\\\/\\\/iacrianca.pt\\\/en\\\/2023\\\/10\\\/dias-felizes-na-quinta-da-fonte-santa\\\/#primaryimage\"},\"thumbnailUrl\":\"https:\\\/\\\/iacrianca.pt\\\/wp-content\\\/uploads\\\/dias2.jpg\",\"articleSection\":[\"Newsletter\"],\"inLanguage\":\"en-US\",\"potentialAction\":[{\"@type\":\"CommentAction\",\"name\":\"Comment\",\"target\":[\"https:\\\/\\\/iacrianca.pt\\\/en\\\/2023\\\/10\\\/dias-felizes-na-quinta-da-fonte-santa\\\/#respond\"]}]},{\"@type\":\"WebPage\",\"@id\":\"https:\\\/\\\/iacrianca.pt\\\/en\\\/2023\\\/10\\\/dias-felizes-na-quinta-da-fonte-santa\\\/\",\"url\":\"https:\\\/\\\/iacrianca.pt\\\/en\\\/2023\\\/10\\\/dias-felizes-na-quinta-da-fonte-santa\\\/\",\"name\":\"Dias Felizes na Quinta da Fonte Santa | Instituto de Apoio \u00e0 Crian\u00e7a\",\"isPartOf\":{\"@id\":\"https:\\\/\\\/iacrianca.pt\\\/en\\\/#website\"},\"primaryImageOfPage\":{\"@id\":\"https:\\\/\\\/iacrianca.pt\\\/en\\\/2023\\\/10\\\/dias-felizes-na-quinta-da-fonte-santa\\\/#primaryimage\"},\"image\":{\"@id\":\"https:\\\/\\\/iacrianca.pt\\\/en\\\/2023\\\/10\\\/dias-felizes-na-quinta-da-fonte-santa\\\/#primaryimage\"},\"thumbnailUrl\":\"https:\\\/\\\/iacrianca.pt\\\/wp-content\\\/uploads\\\/dias2.jpg\",\"datePublished\":\"2023-10-02T10:18:45+00:00\",\"breadcrumb\":{\"@id\":\"https:\\\/\\\/iacrianca.pt\\\/en\\\/2023\\\/10\\\/dias-felizes-na-quinta-da-fonte-santa\\\/#breadcrumb\"},\"inLanguage\":\"en-US\",\"potentialAction\":[{\"@type\":\"ReadAction\",\"target\":[\"https:\\\/\\\/iacrianca.pt\\\/en\\\/2023\\\/10\\\/dias-felizes-na-quinta-da-fonte-santa\\\/\"]}]},{\"@type\":\"ImageObject\",\"inLanguage\":\"en-US\",\"@id\":\"https:\\\/\\\/iacrianca.pt\\\/en\\\/2023\\\/10\\\/dias-felizes-na-quinta-da-fonte-santa\\\/#primaryimage\",\"url\":\"https:\\\/\\\/iacrianca.pt\\\/wp-content\\\/uploads\\\/dias2.jpg\",\"contentUrl\":\"https:\\\/\\\/iacrianca.pt\\\/wp-content\\\/uploads\\\/dias2.jpg\",\"width\":804,\"height\":603},{\"@type\":\"BreadcrumbList\",\"@id\":\"https:\\\/\\\/iacrianca.pt\\\/en\\\/2023\\\/10\\\/dias-felizes-na-quinta-da-fonte-santa\\\/#breadcrumb\",\"itemListElement\":[{\"@type\":\"ListItem\",\"position\":1,\"name\":\"In\u00edcio\",\"item\":\"https:\\\/\\\/iacrianca.pt\\\/en\\\/\"},{\"@type\":\"ListItem\",\"position\":2,\"name\":\"Dias Felizes na Quinta da Fonte Santa\"}]},{\"@type\":\"WebSite\",\"@id\":\"https:\\\/\\\/iacrianca.pt\\\/en\\\/#website\",\"url\":\"https:\\\/\\\/iacrianca.pt\\\/en\\\/\",\"name\":\"Instituto de Apoio \u00e0 Crian\u00e7a\",\"description\":\"Desde 1983 na defesa e promo\u00e7\u00e3o dos direitos da crian\u00e7a\",\"publisher\":{\"@id\":\"https:\\\/\\\/iacrianca.pt\\\/en\\\/#organization\"},\"potentialAction\":[{\"@type\":\"SearchAction\",\"target\":{\"@type\":\"EntryPoint\",\"urlTemplate\":\"https:\\\/\\\/iacrianca.pt\\\/en\\\/?s={search_term_string}\"},\"query-input\":{\"@type\":\"PropertyValueSpecification\",\"valueRequired\":true,\"valueName\":\"search_term_string\"}}],\"inLanguage\":\"en-US\"},{\"@type\":\"Organization\",\"@id\":\"https:\\\/\\\/iacrianca.pt\\\/en\\\/#organization\",\"name\":\"Instituto de Apoio \u00e0 Crian\u00e7a\",\"url\":\"https:\\\/\\\/iacrianca.pt\\\/en\\\/\",\"logo\":{\"@type\":\"ImageObject\",\"inLanguage\":\"en-US\",\"@id\":\"https:\\\/\\\/iacrianca.pt\\\/en\\\/#\\\/schema\\\/logo\\\/image\\\/\",\"url\":\"https:\\\/\\\/iacrianca.pt\\\/wp-content\\\/uploads\\\/2020\\\/04\\\/logo-iac-SD.jpg\",\"contentUrl\":\"https:\\\/\\\/iacrianca.pt\\\/wp-content\\\/uploads\\\/2020\\\/04\\\/logo-iac-SD.jpg\",\"width\":152,\"height\":73,\"caption\":\"Instituto de Apoio \u00e0 Crian\u00e7a\"},\"image\":{\"@id\":\"https:\\\/\\\/iacrianca.pt\\\/en\\\/#\\\/schema\\\/logo\\\/image\\\/\"},\"sameAs\":[\"https:\\\/\\\/www.facebook.com\\\/iacinstitutodeapoioacrianca\",\"https:\\\/\\\/x.com\\\/iacapoiocrianca\",\"https:\\\/\\\/www.youtube.com\\\/channel\\\/UC0jjfZ_xkN_59gJf_RQ-ZnQ\",\"https:\\\/\\\/www.linkedin.com\\\/company\\\/instituto-de-apoio--criana\\\/\",\"https:\\\/\\\/www.instagram.com\\\/iacinstitutodeapoioacrianca\\\/\",\"https:\\\/\\\/criancasatortoeadireitos.wordpress.com\\\/\"]},{\"@type\":\"Person\",\"@id\":\"https:\\\/\\\/iacrianca.pt\\\/en\\\/#\\\/schema\\\/person\\\/1c48c6e4b70d0dc7360e4b28ceaa5f6b\",\"name\":\"Administra\u00e7\u00e3o IAC\",\"image\":{\"@type\":\"ImageObject\",\"inLanguage\":\"en-US\",\"@id\":\"https:\\\/\\\/secure.gravatar.com\\\/avatar\\\/60b998c71de37dcc1398fc6d48c6b5ed7533e3ceec837c948055f072e3158ff1?s=96&d=mm&r=g\",\"url\":\"https:\\\/\\\/secure.gravatar.com\\\/avatar\\\/60b998c71de37dcc1398fc6d48c6b5ed7533e3ceec837c948055f072e3158ff1?s=96&d=mm&r=g\",\"contentUrl\":\"https:\\\/\\\/secure.gravatar.com\\\/avatar\\\/60b998c71de37dcc1398fc6d48c6b5ed7533e3ceec837c948055f072e3158ff1?s=96&d=mm&r=g\",\"caption\":\"Administra\u00e7\u00e3o IAC\"}}]}<\/script>\n<!-- \/ Yoast SEO plugin. -->","yoast_head_json":{"title":"Dias Felizes na Quinta da Fonte Santa | Instituto de Apoio \u00e0 Crian\u00e7a","robots":{"index":"index","follow":"follow","max-snippet":"max-snippet:-1","max-image-preview":"max-image-preview:large","max-video-preview":"max-video-preview:-1"},"canonical":"https:\/\/iacrianca.pt\/en\/2023\/10\/dias-felizes-na-quinta-da-fonte-santa\/","og_locale":"en_US","og_type":"article","og_title":"Dias Felizes na Quinta da Fonte Santa | Instituto de Apoio \u00e0 Crian\u00e7a","og_description":"Rostos sorridentes na chegada \u00e0 Quinta da Fonte Santa, ansiosos pela aventura que se adivinhava, com todos os ingredientes para se viverem os dias mais felizes de um ano inteiro\u2026\u00a0 F\u00e9rias, amigos, camaratas, jogos e piscina s\u00e3o a combina\u00e7\u00e3o perfeita para a alegria dos jovens. Um grupo de 14 jovens do Bairro do Condado, um&hellip;","og_url":"https:\/\/iacrianca.pt\/en\/2023\/10\/dias-felizes-na-quinta-da-fonte-santa\/","og_site_name":"Instituto de Apoio \u00e0 Crian\u00e7a","article_publisher":"https:\/\/www.facebook.com\/iacinstitutodeapoioacrianca","article_published_time":"2023-10-02T10:18:45+00:00","og_image":[{"width":804,"height":603,"url":"https:\/\/iacrianca.pt\/wp-content\/uploads\/dias2.jpg","type":"image\/jpeg"}],"author":"Administra\u00e7\u00e3o IAC","twitter_card":"summary_large_image","twitter_creator":"@iacapoiocrianca","twitter_site":"@iacapoiocrianca","twitter_misc":{"Written by":"Administra\u00e7\u00e3o IAC","Est. reading time":"4 minutes"},"schema":{"@context":"https:\/\/schema.org","@graph":[{"@type":"Article","@id":"https:\/\/iacrianca.pt\/en\/2023\/10\/dias-felizes-na-quinta-da-fonte-santa\/#article","isPartOf":{"@id":"https:\/\/iacrianca.pt\/en\/2023\/10\/dias-felizes-na-quinta-da-fonte-santa\/"},"author":{"name":"Administra\u00e7\u00e3o IAC","@id":"https:\/\/iacrianca.pt\/en\/#\/schema\/person\/1c48c6e4b70d0dc7360e4b28ceaa5f6b"},"headline":"Dias Felizes na Quinta da Fonte Santa","datePublished":"2023-10-02T10:18:45+00:00","mainEntityOfPage":{"@id":"https:\/\/iacrianca.pt\/en\/2023\/10\/dias-felizes-na-quinta-da-fonte-santa\/"},"wordCount":523,"commentCount":0,"publisher":{"@id":"https:\/\/iacrianca.pt\/en\/#organization"},"image":{"@id":"https:\/\/iacrianca.pt\/en\/2023\/10\/dias-felizes-na-quinta-da-fonte-santa\/#primaryimage"},"thumbnailUrl":"https:\/\/iacrianca.pt\/wp-content\/uploads\/dias2.jpg","articleSection":["Newsletter"],"inLanguage":"en-US","potentialAction":[{"@type":"CommentAction","name":"Comment","target":["https:\/\/iacrianca.pt\/en\/2023\/10\/dias-felizes-na-quinta-da-fonte-santa\/#respond"]}]},{"@type":"WebPage","@id":"https:\/\/iacrianca.pt\/en\/2023\/10\/dias-felizes-na-quinta-da-fonte-santa\/","url":"https:\/\/iacrianca.pt\/en\/2023\/10\/dias-felizes-na-quinta-da-fonte-santa\/","name":"Dias Felizes na Quinta da Fonte Santa | Instituto de Apoio \u00e0 Crian\u00e7a","isPartOf":{"@id":"https:\/\/iacrianca.pt\/en\/#website"},"primaryImageOfPage":{"@id":"https:\/\/iacrianca.pt\/en\/2023\/10\/dias-felizes-na-quinta-da-fonte-santa\/#primaryimage"},"image":{"@id":"https:\/\/iacrianca.pt\/en\/2023\/10\/dias-felizes-na-quinta-da-fonte-santa\/#primaryimage"},"thumbnailUrl":"https:\/\/iacrianca.pt\/wp-content\/uploads\/dias2.jpg","datePublished":"2023-10-02T10:18:45+00:00","breadcrumb":{"@id":"https:\/\/iacrianca.pt\/en\/2023\/10\/dias-felizes-na-quinta-da-fonte-santa\/#breadcrumb"},"inLanguage":"en-US","potentialAction":[{"@type":"ReadAction","target":["https:\/\/iacrianca.pt\/en\/2023\/10\/dias-felizes-na-quinta-da-fonte-santa\/"]}]},{"@type":"ImageObject","inLanguage":"en-US","@id":"https:\/\/iacrianca.pt\/en\/2023\/10\/dias-felizes-na-quinta-da-fonte-santa\/#primaryimage","url":"https:\/\/iacrianca.pt\/wp-content\/uploads\/dias2.jpg","contentUrl":"https:\/\/iacrianca.pt\/wp-content\/uploads\/dias2.jpg","width":804,"height":603},{"@type":"BreadcrumbList","@id":"https:\/\/iacrianca.pt\/en\/2023\/10\/dias-felizes-na-quinta-da-fonte-santa\/#breadcrumb","itemListElement":[{"@type":"ListItem","position":1,"name":"In\u00edcio","item":"https:\/\/iacrianca.pt\/en\/"},{"@type":"ListItem","position":2,"name":"Dias Felizes na Quinta da Fonte Santa"}]},{"@type":"WebSite","@id":"https:\/\/iacrianca.pt\/en\/#website","url":"https:\/\/iacrianca.pt\/en\/","name":"Instituto de Apoio \u00e0 Crian\u00e7a","description":"Desde 1983 na defesa e promo\u00e7\u00e3o dos direitos da crian\u00e7a","publisher":{"@id":"https:\/\/iacrianca.pt\/en\/#organization"},"potentialAction":[{"@type":"SearchAction","target":{"@type":"EntryPoint","urlTemplate":"https:\/\/iacrianca.pt\/en\/?s={search_term_string}"},"query-input":{"@type":"PropertyValueSpecification","valueRequired":true,"valueName":"search_term_string"}}],"inLanguage":"en-US"},{"@type":"Organization","@id":"https:\/\/iacrianca.pt\/en\/#organization","name":"Instituto de Apoio \u00e0 Crian\u00e7a","url":"https:\/\/iacrianca.pt\/en\/","logo":{"@type":"ImageObject","inLanguage":"en-US","@id":"https:\/\/iacrianca.pt\/en\/#\/schema\/logo\/image\/","url":"https:\/\/iacrianca.pt\/wp-content\/uploads\/2020\/04\/logo-iac-SD.jpg","contentUrl":"https:\/\/iacrianca.pt\/wp-content\/uploads\/2020\/04\/logo-iac-SD.jpg","width":152,"height":73,"caption":"Instituto de Apoio \u00e0 Crian\u00e7a"},"image":{"@id":"https:\/\/iacrianca.pt\/en\/#\/schema\/logo\/image\/"},"sameAs":["https:\/\/www.facebook.com\/iacinstitutodeapoioacrianca","https:\/\/x.com\/iacapoiocrianca","https:\/\/www.youtube.com\/channel\/UC0jjfZ_xkN_59gJf_RQ-ZnQ","https:\/\/www.linkedin.com\/company\/instituto-de-apoio--criana\/","https:\/\/www.instagram.com\/iacinstitutodeapoioacrianca\/","https:\/\/criancasatortoeadireitos.wordpress.com\/"]},{"@type":"Person","@id":"https:\/\/iacrianca.pt\/en\/#\/schema\/person\/1c48c6e4b70d0dc7360e4b28ceaa5f6b","name":"Administra\u00e7\u00e3o IAC","image":{"@type":"ImageObject","inLanguage":"en-US","@id":"https:\/\/secure.gravatar.com\/avatar\/60b998c71de37dcc1398fc6d48c6b5ed7533e3ceec837c948055f072e3158ff1?s=96&d=mm&r=g","url":"https:\/\/secure.gravatar.com\/avatar\/60b998c71de37dcc1398fc6d48c6b5ed7533e3ceec837c948055f072e3158ff1?s=96&d=mm&r=g","contentUrl":"https:\/\/secure.gravatar.com\/avatar\/60b998c71de37dcc1398fc6d48c6b5ed7533e3ceec837c948055f072e3158ff1?s=96&d=mm&r=g","caption":"Administra\u00e7\u00e3o IAC"}}]}},"_links":{"self":[{"href":"https:\/\/iacrianca.pt\/en\/wp-json\/wp\/v2\/posts\/19622","targetHints":{"allow":["GET"]}}],"collection":[{"href":"https:\/\/iacrianca.pt\/en\/wp-json\/wp\/v2\/posts"}],"about":[{"href":"https:\/\/iacrianca.pt\/en\/wp-json\/wp\/v2\/types\/post"}],"author":[{"embeddable":true,"href":"https:\/\/iacrianca.pt\/en\/wp-json\/wp\/v2\/users\/2"}],"replies":[{"embeddable":true,"href":"https:\/\/iacrianca.pt\/en\/wp-json\/wp\/v2\/comments?post=19622"}],"version-history":[{"count":0,"href":"https:\/\/iacrianca.pt\/en\/wp-json\/wp\/v2\/posts\/19622\/revisions"}],"wp:featuredmedia":[{"embeddable":true,"href":"https:\/\/iacrianca.pt\/en\/wp-json\/wp\/v2\/media\/19623"}],"wp:attachment":[{"href":"https:\/\/iacrianca.pt\/en\/wp-json\/wp\/v2\/media?parent=19622"}],"wp:term":[{"taxonomy":"category","embeddable":true,"href":"https:\/\/iacrianca.pt\/en\/wp-json\/wp\/v2\/categories?post=19622"},{"taxonomy":"post_tag","embeddable":true,"href":"https:\/\/iacrianca.pt\/en\/wp-json\/wp\/v2\/tags?post=19622"}],"curies":[{"name":"wp","href":"https:\/\/api.w.org\/{rel}","templated":true}]}}