{"id":19642,"date":"2023-10-02T12:07:59","date_gmt":"2023-10-02T11:07:59","guid":{"rendered":"https:\/\/iacrianca.pt\/?p=19642"},"modified":"2023-10-02T12:08:41","modified_gmt":"2023-10-02T11:08:41","slug":"desafios-da-educacao-nas-jornadas-fernando-namora","status":"publish","type":"post","link":"https:\/\/iacrianca.pt\/en\/2023\/10\/desafios-da-educacao-nas-jornadas-fernando-namora\/","title":{"rendered":"Desafios da Educa\u00e7\u00e3o nas Jornadas Fernando Namora"},"content":{"rendered":"<p>A edi\u00e7\u00e3o deste ano das III Jornadas Fernando Namora, promovidas pelo Agrupamento de Escolas de Condeixa-a-Nova, com o apoio da C\u00e2mara Municipal de Condeixa-a-Nova, decorreu no dia 7 de setembro.<\/p>\n<p>O programa foi dirigido ao pessoal docente e n\u00e3o docente, estando calendarizados diferentes pain\u00e9is e workshops sobre os mais variados temas ligados aos desafios da Educa\u00e7\u00e3o e ainda um momento musical proporcionado por alunos e professores do Agrupamento de Escolas de Condeixa-a-Nova.<\/p>\n<p>As diferentes atividades das Jornadas decorreram em v\u00e1rios espa\u00e7os do Concelho, nomeadamente, na Escola B\u00e1sica Condeixa n\u00ba2, no cineteatro de Condeixa-a-Nova, no audit\u00f3rio do Museu PO.RO.S e no audit\u00f3rio do Museu Nacional de Conimbriga.<\/p>\n<p>O Instituto de Apoio \u00e0 Crian\u00e7a \u2013 Polo de Coimbra, fez-se representar pela t\u00e9cnica Ana Vicente, para apresentar o tema no workshop O Papel da Escola na Prote\u00e7\u00e3o das Crian\u00e7as, onde estiveram presentes cerca de 20 profissionais da educa\u00e7\u00e3o da comunidade educativa deste agrupamento de escolas.<\/p>\n<p>Segundo o testemunho da moderadora e relatora Carla Marques (assistente social do Agrupamento de Escolas), o momento acima de tudo foi:<\/p>\n<p>* um momento importante para rever marcos hist\u00f3ricos na Prote\u00e7\u00e3o das Crian\u00e7as e Jovens.<\/p>\n<p>* uma oportunidade para conhecer o IAC.<\/p>\n<p>* um espa\u00e7o para partilha de experi\u00eancias e reflex\u00e3o sobre a ado\u00e7\u00e3o de procedimentos adequados \u00e0 prote\u00e7\u00e3o das crian\u00e7as e jovens.<\/p>\n<p>* um espa\u00e7o onde houve &#8220;espa\u00e7o&#8221; para refletir sobre a urg\u00eancia de promover compet\u00eancias pessoais e profissionais dos que diariamente acolhem as crian\u00e7as e jovens na escola.<\/p>\n<p>* um espa\u00e7o onde foi poss\u00edvel acolher o sentimento de frustra\u00e7\u00e3o que, por vezes, assola quem est\u00e1 diariamente a defender os Direitos das Crian\u00e7as e Jovens.<\/p>\n<p>* um espa\u00e7o onde se refletiu sobre, como diz o prov\u00e9rbio africano, ser necess\u00e1rio uma aldeia para educar uma crian\u00e7a.<\/p>\n<p><img fetchpriority=\"high\" decoding=\"async\" class=\"alignnone wp-image-19643 size-full\" src=\"https:\/\/iacrianca.pt\/wp-content\/uploads\/iii-jornadas-fn-parte-programa-scaled.jpg\" alt=\"\" width=\"1810\" height=\"2560\" srcset=\"https:\/\/iacrianca.pt\/wp-content\/uploads\/iii-jornadas-fn-parte-programa-scaled.jpg 1810w, https:\/\/iacrianca.pt\/wp-content\/uploads\/iii-jornadas-fn-parte-programa-212x300.jpg 212w, https:\/\/iacrianca.pt\/wp-content\/uploads\/iii-jornadas-fn-parte-programa-724x1024.jpg 724w, https:\/\/iacrianca.pt\/wp-content\/uploads\/iii-jornadas-fn-parte-programa-768x1086.jpg 768w, https:\/\/iacrianca.pt\/wp-content\/uploads\/iii-jornadas-fn-parte-programa-1086x1536.jpg 1086w, https:\/\/iacrianca.pt\/wp-content\/uploads\/iii-jornadas-fn-parte-programa-1448x2048.jpg 1448w\" sizes=\"(max-width: 1810px) 100vw, 1810px\" \/><\/p>\n","protected":false},"excerpt":{"rendered":"<p>A edi\u00e7\u00e3o deste ano das III Jornadas Fernando Namora, promovidas pelo Agrupamento de Escolas de Condeixa-a-Nova, com o apoio da C\u00e2mara Municipal de Condeixa-a-Nova, decorreu no dia 7 de setembro. O programa foi dirigido ao pessoal docente e n\u00e3o docente, estando calendarizados diferentes pain\u00e9is e workshops sobre os mais variados temas ligados aos desafios da&hellip;<\/p>\n","protected":false},"author":2,"featured_media":19646,"comment_status":"open","ping_status":"open","sticky":false,"template":"","format":"standard","meta":{"_acf_changed":false,"footnotes":""},"categories":[63],"tags":[],"class_list":["post-19642","post","type-post","status-publish","format-standard","has-post-thumbnail","hentry","category-newsletter","category-63","description-off"],"acf":[],"yoast_head":"<!-- This site is optimized with the Yoast SEO plugin v27.5 - https:\/\/yoast.com\/product\/yoast-seo-wordpress\/ -->\n<title>Desafios da Educa\u00e7\u00e3o nas Jornadas Fernando Namora | Instituto de Apoio \u00e0 Crian\u00e7a<\/title>\n<meta name=\"robots\" content=\"index, follow, max-snippet:-1, max-image-preview:large, max-video-preview:-1\" \/>\n<link rel=\"canonical\" href=\"https:\/\/iacrianca.pt\/en\/2023\/10\/desafios-da-educacao-nas-jornadas-fernando-namora\/\" \/>\n<meta property=\"og:locale\" content=\"en_US\" \/>\n<meta property=\"og:type\" content=\"article\" \/>\n<meta property=\"og:title\" content=\"Desafios da Educa\u00e7\u00e3o nas Jornadas Fernando Namora | Instituto de Apoio \u00e0 Crian\u00e7a\" \/>\n<meta property=\"og:description\" content=\"A edi\u00e7\u00e3o deste ano das III Jornadas Fernando Namora, promovidas pelo Agrupamento de Escolas de Condeixa-a-Nova, com o apoio da C\u00e2mara Municipal de Condeixa-a-Nova, decorreu no dia 7 de setembro. O programa foi dirigido ao pessoal docente e n\u00e3o docente, estando calendarizados diferentes pain\u00e9is e workshops sobre os mais variados temas ligados aos desafios da&hellip;\" \/>\n<meta property=\"og:url\" content=\"https:\/\/iacrianca.pt\/en\/2023\/10\/desafios-da-educacao-nas-jornadas-fernando-namora\/\" \/>\n<meta property=\"og:site_name\" content=\"Instituto de Apoio \u00e0 Crian\u00e7a\" \/>\n<meta property=\"article:publisher\" content=\"https:\/\/www.facebook.com\/iacinstitutodeapoioacrianca\" \/>\n<meta property=\"article:published_time\" content=\"2023-10-02T11:07:59+00:00\" \/>\n<meta property=\"article:modified_time\" content=\"2023-10-02T11:08:41+00:00\" \/>\n<meta property=\"og:image\" content=\"https:\/\/iacrianca.pt\/wp-content\/uploads\/thumbnail-iii-jornadas-fn-foto-sessao.jpg\" \/>\n\t<meta property=\"og:image:width\" content=\"1920\" \/>\n\t<meta property=\"og:image:height\" content=\"1440\" \/>\n\t<meta property=\"og:image:type\" content=\"image\/jpeg\" \/>\n<meta name=\"author\" content=\"Administra\u00e7\u00e3o IAC\" \/>\n<meta name=\"twitter:card\" content=\"summary_large_image\" \/>\n<meta name=\"twitter:creator\" content=\"@iacapoiocrianca\" \/>\n<meta name=\"twitter:site\" content=\"@iacapoiocrianca\" \/>\n<meta name=\"twitter:label1\" content=\"Written by\" \/>\n\t<meta name=\"twitter:data1\" content=\"Administra\u00e7\u00e3o IAC\" \/>\n\t<meta name=\"twitter:label2\" content=\"Est. reading time\" \/>\n\t<meta name=\"twitter:data2\" content=\"2 minutes\" \/>\n<script type=\"application\/ld+json\" class=\"yoast-schema-graph\">{\"@context\":\"https:\\\/\\\/schema.org\",\"@graph\":[{\"@type\":\"Article\",\"@id\":\"https:\\\/\\\/iacrianca.pt\\\/en\\\/2023\\\/10\\\/desafios-da-educacao-nas-jornadas-fernando-namora\\\/#article\",\"isPartOf\":{\"@id\":\"https:\\\/\\\/iacrianca.pt\\\/en\\\/2023\\\/10\\\/desafios-da-educacao-nas-jornadas-fernando-namora\\\/\"},\"author\":{\"name\":\"Administra\u00e7\u00e3o IAC\",\"@id\":\"https:\\\/\\\/iacrianca.pt\\\/en\\\/#\\\/schema\\\/person\\\/1c48c6e4b70d0dc7360e4b28ceaa5f6b\"},\"headline\":\"Desafios da Educa\u00e7\u00e3o nas Jornadas Fernando Namora\",\"datePublished\":\"2023-10-02T11:07:59+00:00\",\"dateModified\":\"2023-10-02T11:08:41+00:00\",\"mainEntityOfPage\":{\"@id\":\"https:\\\/\\\/iacrianca.pt\\\/en\\\/2023\\\/10\\\/desafios-da-educacao-nas-jornadas-fernando-namora\\\/\"},\"wordCount\":324,\"commentCount\":0,\"publisher\":{\"@id\":\"https:\\\/\\\/iacrianca.pt\\\/en\\\/#organization\"},\"image\":{\"@id\":\"https:\\\/\\\/iacrianca.pt\\\/en\\\/2023\\\/10\\\/desafios-da-educacao-nas-jornadas-fernando-namora\\\/#primaryimage\"},\"thumbnailUrl\":\"https:\\\/\\\/iacrianca.pt\\\/wp-content\\\/uploads\\\/thumbnail-iii-jornadas-fn-foto-sessao.jpg\",\"articleSection\":[\"Newsletter\"],\"inLanguage\":\"en-US\",\"potentialAction\":[{\"@type\":\"CommentAction\",\"name\":\"Comment\",\"target\":[\"https:\\\/\\\/iacrianca.pt\\\/en\\\/2023\\\/10\\\/desafios-da-educacao-nas-jornadas-fernando-namora\\\/#respond\"]}]},{\"@type\":\"WebPage\",\"@id\":\"https:\\\/\\\/iacrianca.pt\\\/en\\\/2023\\\/10\\\/desafios-da-educacao-nas-jornadas-fernando-namora\\\/\",\"url\":\"https:\\\/\\\/iacrianca.pt\\\/en\\\/2023\\\/10\\\/desafios-da-educacao-nas-jornadas-fernando-namora\\\/\",\"name\":\"Desafios da Educa\u00e7\u00e3o nas Jornadas Fernando Namora | Instituto de Apoio \u00e0 Crian\u00e7a\",\"isPartOf\":{\"@id\":\"https:\\\/\\\/iacrianca.pt\\\/en\\\/#website\"},\"primaryImageOfPage\":{\"@id\":\"https:\\\/\\\/iacrianca.pt\\\/en\\\/2023\\\/10\\\/desafios-da-educacao-nas-jornadas-fernando-namora\\\/#primaryimage\"},\"image\":{\"@id\":\"https:\\\/\\\/iacrianca.pt\\\/en\\\/2023\\\/10\\\/desafios-da-educacao-nas-jornadas-fernando-namora\\\/#primaryimage\"},\"thumbnailUrl\":\"https:\\\/\\\/iacrianca.pt\\\/wp-content\\\/uploads\\\/thumbnail-iii-jornadas-fn-foto-sessao.jpg\",\"datePublished\":\"2023-10-02T11:07:59+00:00\",\"dateModified\":\"2023-10-02T11:08:41+00:00\",\"breadcrumb\":{\"@id\":\"https:\\\/\\\/iacrianca.pt\\\/en\\\/2023\\\/10\\\/desafios-da-educacao-nas-jornadas-fernando-namora\\\/#breadcrumb\"},\"inLanguage\":\"en-US\",\"potentialAction\":[{\"@type\":\"ReadAction\",\"target\":[\"https:\\\/\\\/iacrianca.pt\\\/en\\\/2023\\\/10\\\/desafios-da-educacao-nas-jornadas-fernando-namora\\\/\"]}]},{\"@type\":\"ImageObject\",\"inLanguage\":\"en-US\",\"@id\":\"https:\\\/\\\/iacrianca.pt\\\/en\\\/2023\\\/10\\\/desafios-da-educacao-nas-jornadas-fernando-namora\\\/#primaryimage\",\"url\":\"https:\\\/\\\/iacrianca.pt\\\/wp-content\\\/uploads\\\/thumbnail-iii-jornadas-fn-foto-sessao.jpg\",\"contentUrl\":\"https:\\\/\\\/iacrianca.pt\\\/wp-content\\\/uploads\\\/thumbnail-iii-jornadas-fn-foto-sessao.jpg\",\"width\":1920,\"height\":1440},{\"@type\":\"BreadcrumbList\",\"@id\":\"https:\\\/\\\/iacrianca.pt\\\/en\\\/2023\\\/10\\\/desafios-da-educacao-nas-jornadas-fernando-namora\\\/#breadcrumb\",\"itemListElement\":[{\"@type\":\"ListItem\",\"position\":1,\"name\":\"In\u00edcio\",\"item\":\"https:\\\/\\\/iacrianca.pt\\\/en\\\/\"},{\"@type\":\"ListItem\",\"position\":2,\"name\":\"Desafios da Educa\u00e7\u00e3o nas Jornadas Fernando Namora\"}]},{\"@type\":\"WebSite\",\"@id\":\"https:\\\/\\\/iacrianca.pt\\\/en\\\/#website\",\"url\":\"https:\\\/\\\/iacrianca.pt\\\/en\\\/\",\"name\":\"Instituto de Apoio \u00e0 Crian\u00e7a\",\"description\":\"Desde 1983 na defesa e promo\u00e7\u00e3o dos direitos da crian\u00e7a\",\"publisher\":{\"@id\":\"https:\\\/\\\/iacrianca.pt\\\/en\\\/#organization\"},\"potentialAction\":[{\"@type\":\"SearchAction\",\"target\":{\"@type\":\"EntryPoint\",\"urlTemplate\":\"https:\\\/\\\/iacrianca.pt\\\/en\\\/?s={search_term_string}\"},\"query-input\":{\"@type\":\"PropertyValueSpecification\",\"valueRequired\":true,\"valueName\":\"search_term_string\"}}],\"inLanguage\":\"en-US\"},{\"@type\":\"Organization\",\"@id\":\"https:\\\/\\\/iacrianca.pt\\\/en\\\/#organization\",\"name\":\"Instituto de Apoio \u00e0 Crian\u00e7a\",\"url\":\"https:\\\/\\\/iacrianca.pt\\\/en\\\/\",\"logo\":{\"@type\":\"ImageObject\",\"inLanguage\":\"en-US\",\"@id\":\"https:\\\/\\\/iacrianca.pt\\\/en\\\/#\\\/schema\\\/logo\\\/image\\\/\",\"url\":\"https:\\\/\\\/iacrianca.pt\\\/wp-content\\\/uploads\\\/2020\\\/04\\\/logo-iac-SD.jpg\",\"contentUrl\":\"https:\\\/\\\/iacrianca.pt\\\/wp-content\\\/uploads\\\/2020\\\/04\\\/logo-iac-SD.jpg\",\"width\":152,\"height\":73,\"caption\":\"Instituto de Apoio \u00e0 Crian\u00e7a\"},\"image\":{\"@id\":\"https:\\\/\\\/iacrianca.pt\\\/en\\\/#\\\/schema\\\/logo\\\/image\\\/\"},\"sameAs\":[\"https:\\\/\\\/www.facebook.com\\\/iacinstitutodeapoioacrianca\",\"https:\\\/\\\/x.com\\\/iacapoiocrianca\",\"https:\\\/\\\/www.youtube.com\\\/channel\\\/UC0jjfZ_xkN_59gJf_RQ-ZnQ\",\"https:\\\/\\\/www.linkedin.com\\\/company\\\/instituto-de-apoio--criana\\\/\",\"https:\\\/\\\/www.instagram.com\\\/iacinstitutodeapoioacrianca\\\/\",\"https:\\\/\\\/criancasatortoeadireitos.wordpress.com\\\/\"]},{\"@type\":\"Person\",\"@id\":\"https:\\\/\\\/iacrianca.pt\\\/en\\\/#\\\/schema\\\/person\\\/1c48c6e4b70d0dc7360e4b28ceaa5f6b\",\"name\":\"Administra\u00e7\u00e3o IAC\",\"image\":{\"@type\":\"ImageObject\",\"inLanguage\":\"en-US\",\"@id\":\"https:\\\/\\\/secure.gravatar.com\\\/avatar\\\/60b998c71de37dcc1398fc6d48c6b5ed7533e3ceec837c948055f072e3158ff1?s=96&d=mm&r=g\",\"url\":\"https:\\\/\\\/secure.gravatar.com\\\/avatar\\\/60b998c71de37dcc1398fc6d48c6b5ed7533e3ceec837c948055f072e3158ff1?s=96&d=mm&r=g\",\"contentUrl\":\"https:\\\/\\\/secure.gravatar.com\\\/avatar\\\/60b998c71de37dcc1398fc6d48c6b5ed7533e3ceec837c948055f072e3158ff1?s=96&d=mm&r=g\",\"caption\":\"Administra\u00e7\u00e3o IAC\"}}]}<\/script>\n<!-- \/ Yoast SEO plugin. -->","yoast_head_json":{"title":"Desafios da Educa\u00e7\u00e3o nas Jornadas Fernando Namora | Instituto de Apoio \u00e0 Crian\u00e7a","robots":{"index":"index","follow":"follow","max-snippet":"max-snippet:-1","max-image-preview":"max-image-preview:large","max-video-preview":"max-video-preview:-1"},"canonical":"https:\/\/iacrianca.pt\/en\/2023\/10\/desafios-da-educacao-nas-jornadas-fernando-namora\/","og_locale":"en_US","og_type":"article","og_title":"Desafios da Educa\u00e7\u00e3o nas Jornadas Fernando Namora | Instituto de Apoio \u00e0 Crian\u00e7a","og_description":"A edi\u00e7\u00e3o deste ano das III Jornadas Fernando Namora, promovidas pelo Agrupamento de Escolas de Condeixa-a-Nova, com o apoio da C\u00e2mara Municipal de Condeixa-a-Nova, decorreu no dia 7 de setembro. O programa foi dirigido ao pessoal docente e n\u00e3o docente, estando calendarizados diferentes pain\u00e9is e workshops sobre os mais variados temas ligados aos desafios da&hellip;","og_url":"https:\/\/iacrianca.pt\/en\/2023\/10\/desafios-da-educacao-nas-jornadas-fernando-namora\/","og_site_name":"Instituto de Apoio \u00e0 Crian\u00e7a","article_publisher":"https:\/\/www.facebook.com\/iacinstitutodeapoioacrianca","article_published_time":"2023-10-02T11:07:59+00:00","article_modified_time":"2023-10-02T11:08:41+00:00","og_image":[{"width":1920,"height":1440,"url":"https:\/\/iacrianca.pt\/wp-content\/uploads\/thumbnail-iii-jornadas-fn-foto-sessao.jpg","type":"image\/jpeg"}],"author":"Administra\u00e7\u00e3o IAC","twitter_card":"summary_large_image","twitter_creator":"@iacapoiocrianca","twitter_site":"@iacapoiocrianca","twitter_misc":{"Written by":"Administra\u00e7\u00e3o IAC","Est. reading time":"2 minutes"},"schema":{"@context":"https:\/\/schema.org","@graph":[{"@type":"Article","@id":"https:\/\/iacrianca.pt\/en\/2023\/10\/desafios-da-educacao-nas-jornadas-fernando-namora\/#article","isPartOf":{"@id":"https:\/\/iacrianca.pt\/en\/2023\/10\/desafios-da-educacao-nas-jornadas-fernando-namora\/"},"author":{"name":"Administra\u00e7\u00e3o IAC","@id":"https:\/\/iacrianca.pt\/en\/#\/schema\/person\/1c48c6e4b70d0dc7360e4b28ceaa5f6b"},"headline":"Desafios da Educa\u00e7\u00e3o nas Jornadas Fernando Namora","datePublished":"2023-10-02T11:07:59+00:00","dateModified":"2023-10-02T11:08:41+00:00","mainEntityOfPage":{"@id":"https:\/\/iacrianca.pt\/en\/2023\/10\/desafios-da-educacao-nas-jornadas-fernando-namora\/"},"wordCount":324,"commentCount":0,"publisher":{"@id":"https:\/\/iacrianca.pt\/en\/#organization"},"image":{"@id":"https:\/\/iacrianca.pt\/en\/2023\/10\/desafios-da-educacao-nas-jornadas-fernando-namora\/#primaryimage"},"thumbnailUrl":"https:\/\/iacrianca.pt\/wp-content\/uploads\/thumbnail-iii-jornadas-fn-foto-sessao.jpg","articleSection":["Newsletter"],"inLanguage":"en-US","potentialAction":[{"@type":"CommentAction","name":"Comment","target":["https:\/\/iacrianca.pt\/en\/2023\/10\/desafios-da-educacao-nas-jornadas-fernando-namora\/#respond"]}]},{"@type":"WebPage","@id":"https:\/\/iacrianca.pt\/en\/2023\/10\/desafios-da-educacao-nas-jornadas-fernando-namora\/","url":"https:\/\/iacrianca.pt\/en\/2023\/10\/desafios-da-educacao-nas-jornadas-fernando-namora\/","name":"Desafios da Educa\u00e7\u00e3o nas Jornadas Fernando Namora | Instituto de Apoio \u00e0 Crian\u00e7a","isPartOf":{"@id":"https:\/\/iacrianca.pt\/en\/#website"},"primaryImageOfPage":{"@id":"https:\/\/iacrianca.pt\/en\/2023\/10\/desafios-da-educacao-nas-jornadas-fernando-namora\/#primaryimage"},"image":{"@id":"https:\/\/iacrianca.pt\/en\/2023\/10\/desafios-da-educacao-nas-jornadas-fernando-namora\/#primaryimage"},"thumbnailUrl":"https:\/\/iacrianca.pt\/wp-content\/uploads\/thumbnail-iii-jornadas-fn-foto-sessao.jpg","datePublished":"2023-10-02T11:07:59+00:00","dateModified":"2023-10-02T11:08:41+00:00","breadcrumb":{"@id":"https:\/\/iacrianca.pt\/en\/2023\/10\/desafios-da-educacao-nas-jornadas-fernando-namora\/#breadcrumb"},"inLanguage":"en-US","potentialAction":[{"@type":"ReadAction","target":["https:\/\/iacrianca.pt\/en\/2023\/10\/desafios-da-educacao-nas-jornadas-fernando-namora\/"]}]},{"@type":"ImageObject","inLanguage":"en-US","@id":"https:\/\/iacrianca.pt\/en\/2023\/10\/desafios-da-educacao-nas-jornadas-fernando-namora\/#primaryimage","url":"https:\/\/iacrianca.pt\/wp-content\/uploads\/thumbnail-iii-jornadas-fn-foto-sessao.jpg","contentUrl":"https:\/\/iacrianca.pt\/wp-content\/uploads\/thumbnail-iii-jornadas-fn-foto-sessao.jpg","width":1920,"height":1440},{"@type":"BreadcrumbList","@id":"https:\/\/iacrianca.pt\/en\/2023\/10\/desafios-da-educacao-nas-jornadas-fernando-namora\/#breadcrumb","itemListElement":[{"@type":"ListItem","position":1,"name":"In\u00edcio","item":"https:\/\/iacrianca.pt\/en\/"},{"@type":"ListItem","position":2,"name":"Desafios da Educa\u00e7\u00e3o nas Jornadas Fernando Namora"}]},{"@type":"WebSite","@id":"https:\/\/iacrianca.pt\/en\/#website","url":"https:\/\/iacrianca.pt\/en\/","name":"Instituto de Apoio \u00e0 Crian\u00e7a","description":"Desde 1983 na defesa e promo\u00e7\u00e3o dos direitos da crian\u00e7a","publisher":{"@id":"https:\/\/iacrianca.pt\/en\/#organization"},"potentialAction":[{"@type":"SearchAction","target":{"@type":"EntryPoint","urlTemplate":"https:\/\/iacrianca.pt\/en\/?s={search_term_string}"},"query-input":{"@type":"PropertyValueSpecification","valueRequired":true,"valueName":"search_term_string"}}],"inLanguage":"en-US"},{"@type":"Organization","@id":"https:\/\/iacrianca.pt\/en\/#organization","name":"Instituto de Apoio \u00e0 Crian\u00e7a","url":"https:\/\/iacrianca.pt\/en\/","logo":{"@type":"ImageObject","inLanguage":"en-US","@id":"https:\/\/iacrianca.pt\/en\/#\/schema\/logo\/image\/","url":"https:\/\/iacrianca.pt\/wp-content\/uploads\/2020\/04\/logo-iac-SD.jpg","contentUrl":"https:\/\/iacrianca.pt\/wp-content\/uploads\/2020\/04\/logo-iac-SD.jpg","width":152,"height":73,"caption":"Instituto de Apoio \u00e0 Crian\u00e7a"},"image":{"@id":"https:\/\/iacrianca.pt\/en\/#\/schema\/logo\/image\/"},"sameAs":["https:\/\/www.facebook.com\/iacinstitutodeapoioacrianca","https:\/\/x.com\/iacapoiocrianca","https:\/\/www.youtube.com\/channel\/UC0jjfZ_xkN_59gJf_RQ-ZnQ","https:\/\/www.linkedin.com\/company\/instituto-de-apoio--criana\/","https:\/\/www.instagram.com\/iacinstitutodeapoioacrianca\/","https:\/\/criancasatortoeadireitos.wordpress.com\/"]},{"@type":"Person","@id":"https:\/\/iacrianca.pt\/en\/#\/schema\/person\/1c48c6e4b70d0dc7360e4b28ceaa5f6b","name":"Administra\u00e7\u00e3o IAC","image":{"@type":"ImageObject","inLanguage":"en-US","@id":"https:\/\/secure.gravatar.com\/avatar\/60b998c71de37dcc1398fc6d48c6b5ed7533e3ceec837c948055f072e3158ff1?s=96&d=mm&r=g","url":"https:\/\/secure.gravatar.com\/avatar\/60b998c71de37dcc1398fc6d48c6b5ed7533e3ceec837c948055f072e3158ff1?s=96&d=mm&r=g","contentUrl":"https:\/\/secure.gravatar.com\/avatar\/60b998c71de37dcc1398fc6d48c6b5ed7533e3ceec837c948055f072e3158ff1?s=96&d=mm&r=g","caption":"Administra\u00e7\u00e3o IAC"}}]}},"_links":{"self":[{"href":"https:\/\/iacrianca.pt\/en\/wp-json\/wp\/v2\/posts\/19642","targetHints":{"allow":["GET"]}}],"collection":[{"href":"https:\/\/iacrianca.pt\/en\/wp-json\/wp\/v2\/posts"}],"about":[{"href":"https:\/\/iacrianca.pt\/en\/wp-json\/wp\/v2\/types\/post"}],"author":[{"embeddable":true,"href":"https:\/\/iacrianca.pt\/en\/wp-json\/wp\/v2\/users\/2"}],"replies":[{"embeddable":true,"href":"https:\/\/iacrianca.pt\/en\/wp-json\/wp\/v2\/comments?post=19642"}],"version-history":[{"count":0,"href":"https:\/\/iacrianca.pt\/en\/wp-json\/wp\/v2\/posts\/19642\/revisions"}],"wp:featuredmedia":[{"embeddable":true,"href":"https:\/\/iacrianca.pt\/en\/wp-json\/wp\/v2\/media\/19646"}],"wp:attachment":[{"href":"https:\/\/iacrianca.pt\/en\/wp-json\/wp\/v2\/media?parent=19642"}],"wp:term":[{"taxonomy":"category","embeddable":true,"href":"https:\/\/iacrianca.pt\/en\/wp-json\/wp\/v2\/categories?post=19642"},{"taxonomy":"post_tag","embeddable":true,"href":"https:\/\/iacrianca.pt\/en\/wp-json\/wp\/v2\/tags?post=19642"}],"curies":[{"name":"wp","href":"https:\/\/api.w.org\/{rel}","templated":true}]}}