{"id":19648,"date":"2023-10-04T10:30:51","date_gmt":"2023-10-04T09:30:51","guid":{"rendered":"https:\/\/iacrianca.pt\/?p=19648"},"modified":"2023-10-04T10:30:51","modified_gmt":"2023-10-04T09:30:51","slug":"lancamento-do-ano-letivo-2023-2024-para-as-escolas-de-segunda-oportunidade","status":"publish","type":"post","link":"https:\/\/iacrianca.pt\/en\/2023\/10\/lancamento-do-ano-letivo-2023-2024-para-as-escolas-de-segunda-oportunidade\/","title":{"rendered":"Lan\u00e7amento do Ano letivo 2023\/2024 para as Escolas de Segunda Oportunidade"},"content":{"rendered":"<p>\u00c0 semelhan\u00e7a do ano anterior, a Rede Nacional de iniciativas e Escolas de Segunda Oportunidade (Rede E2O Portugal) promoveu, em coorganiza\u00e7\u00e3o com a equipa da Escola de Segunda Oportunidade-Educar e Formar para Inserir-Lisboa, um Encontro para assinalar a abertura do ano letivo 2023\/2024. O evento teve lugar no passado dia 13 de Setembro, no per\u00edodo da tarde, na Escola B\u00e1sica Pintor Almada Negreiros, na freguesia de Santa Clara, em Lisboa e contou com a participa\u00e7\u00e3o de cerca de 50 profissionais (professores, formadores e t\u00e9cnicos) envolvidos na implementa\u00e7\u00e3o desta resposta educativa, a n\u00edvel nacional.<\/p>\n<p>A organiza\u00e7\u00e3o visava promover a partilha de ideias e experi\u00eancias entre as v\u00e1rias E2O, sobre o desenvolvimento do setor, inspirando-se e motivando-se mutuamente para o novo ano. Num primeiro momento foram apresentados os resultados da reuni\u00e3o da Rede E2O Portugal com os Srs. Ministro e Secret\u00e1rio de Estado da Educa\u00e7\u00e3o, que se comprometeram a apoiar a Rede e a medida, a n\u00edvel nacional; num segundo momento, foram organizados grupos de trabalho, com representantes das v\u00e1rias E2O, tendo sido o contexto ideal para a partilha de experi\u00eancias, motiva\u00e7\u00f5es e resultados, bem como para a identifica\u00e7\u00e3o de aspetos a melhorar e necessidades, com a colabora\u00e7\u00e3o de todos. Para al\u00e9m dos membros da Rede, estiveram presentes parceiros das E2O, bem como de outras entidades que pretendem implementar novas Escolas de Segunda Oportunidade. A E2O EFI Lx contou com a participa\u00e7\u00e3o de parceiros dos 3 territ\u00f3rios com que est\u00e1 j\u00e1 a trabalhar, no \u00e2mbito do PRR: Lumiar, Marvila e Santa Clara, nomeadamente os agrupamentos de Escolas D. Dinis, Pintor Almada Negreiros e Alto do Lumiar.<\/p>\n<p>Cont\u00e1mos, na organiza\u00e7\u00e3o deste encontro com colabora\u00e7\u00e3o do Agrupamento de Escolas Pintor Almada Negreiros ao n\u00edvel da log\u00edstica e acolhimento.<\/p>\n<p>Estes momentos promovem a identidade da Rede e o sentimento de perten\u00e7a a um projeto comum, aproximam os profissionais, que se rev\u00eam nas experi\u00eancias, dificuldades e motiva\u00e7\u00f5es partilhadas, refor\u00e7ando sinergias fundamentais para um trabalho t\u00e3o exigente como o das Escolas de Segunda Oportunidade!<\/p>\n<p>De mangas arrega\u00e7adas e energia renovada, a equipa da E2O de Lisboa, deu continuidade \u00e0s atividades de prepara\u00e7\u00e3o do ano letivo: entrevistas, contactos com encarregados de educa\u00e7\u00e3o e com entidades sinalizadoras, reuni\u00f5es com as Dire\u00e7\u00f5es dos Agrupamentos e com os professores.<\/p>\n<p>O ano letivo est\u00e1 \u00e0 porta e, temos pela frente grandes e novos desafios!<\/p>\n<p><img fetchpriority=\"high\" decoding=\"async\" class=\"alignnone wp-image-19649 size-full\" src=\"https:\/\/iacrianca.pt\/wp-content\/uploads\/foto-noticia-setembro-1.jpeg\" alt=\"\" width=\"1536\" height=\"1458\" srcset=\"https:\/\/iacrianca.pt\/wp-content\/uploads\/foto-noticia-setembro-1.jpeg 1536w, https:\/\/iacrianca.pt\/wp-content\/uploads\/foto-noticia-setembro-1-300x285.jpeg 300w, https:\/\/iacrianca.pt\/wp-content\/uploads\/foto-noticia-setembro-1-1024x972.jpeg 1024w, https:\/\/iacrianca.pt\/wp-content\/uploads\/foto-noticia-setembro-1-768x729.jpeg 768w\" sizes=\"(max-width: 1536px) 100vw, 1536px\" \/><\/p>\n<p><img decoding=\"async\" class=\"alignnone wp-image-19651 size-full\" src=\"https:\/\/iacrianca.pt\/wp-content\/uploads\/e20-2.jpg\" alt=\"\" width=\"1268\" height=\"2048\" srcset=\"https:\/\/iacrianca.pt\/wp-content\/uploads\/e20-2.jpg 1268w, https:\/\/iacrianca.pt\/wp-content\/uploads\/e20-2-186x300.jpg 186w, https:\/\/iacrianca.pt\/wp-content\/uploads\/e20-2-634x1024.jpg 634w, https:\/\/iacrianca.pt\/wp-content\/uploads\/e20-2-768x1240.jpg 768w, https:\/\/iacrianca.pt\/wp-content\/uploads\/e20-2-951x1536.jpg 951w\" sizes=\"(max-width: 1268px) 100vw, 1268px\" \/><\/p>\n","protected":false},"excerpt":{"rendered":"<p>\u00c0 semelhan\u00e7a do ano anterior, a Rede Nacional de iniciativas e Escolas de Segunda Oportunidade (Rede E2O Portugal) promoveu, em coorganiza\u00e7\u00e3o com a equipa da Escola de Segunda Oportunidade-Educar e Formar para Inserir-Lisboa, um Encontro para assinalar a abertura do ano letivo 2023\/2024. O evento teve lugar no passado dia 13 de Setembro, no per\u00edodo&hellip;<\/p>\n","protected":false},"author":2,"featured_media":19654,"comment_status":"open","ping_status":"open","sticky":false,"template":"","format":"standard","meta":{"_acf_changed":false,"footnotes":""},"categories":[63],"tags":[],"class_list":["post-19648","post","type-post","status-publish","format-standard","has-post-thumbnail","hentry","category-newsletter","category-63","description-off"],"acf":[],"yoast_head":"<!-- This site is optimized with the Yoast SEO plugin v27.5 - https:\/\/yoast.com\/product\/yoast-seo-wordpress\/ -->\n<title>Lan\u00e7amento do Ano letivo 2023\/2024 para as Escolas de Segunda Oportunidade | Instituto de Apoio \u00e0 Crian\u00e7a<\/title>\n<meta name=\"robots\" content=\"index, follow, max-snippet:-1, max-image-preview:large, max-video-preview:-1\" \/>\n<link rel=\"canonical\" href=\"https:\/\/iacrianca.pt\/en\/2023\/10\/lancamento-do-ano-letivo-2023-2024-para-as-escolas-de-segunda-oportunidade\/\" \/>\n<meta property=\"og:locale\" content=\"en_US\" \/>\n<meta property=\"og:type\" content=\"article\" \/>\n<meta property=\"og:title\" content=\"Lan\u00e7amento do Ano letivo 2023\/2024 para as Escolas de Segunda Oportunidade | Instituto de Apoio \u00e0 Crian\u00e7a\" \/>\n<meta property=\"og:description\" content=\"\u00c0 semelhan\u00e7a do ano anterior, a Rede Nacional de iniciativas e Escolas de Segunda Oportunidade (Rede E2O Portugal) promoveu, em coorganiza\u00e7\u00e3o com a equipa da Escola de Segunda Oportunidade-Educar e Formar para Inserir-Lisboa, um Encontro para assinalar a abertura do ano letivo 2023\/2024. O evento teve lugar no passado dia 13 de Setembro, no per\u00edodo&hellip;\" \/>\n<meta property=\"og:url\" content=\"https:\/\/iacrianca.pt\/en\/2023\/10\/lancamento-do-ano-letivo-2023-2024-para-as-escolas-de-segunda-oportunidade\/\" \/>\n<meta property=\"og:site_name\" content=\"Instituto de Apoio \u00e0 Crian\u00e7a\" \/>\n<meta property=\"article:publisher\" content=\"https:\/\/www.facebook.com\/iacinstitutodeapoioacrianca\" \/>\n<meta property=\"article:published_time\" content=\"2023-10-04T09:30:51+00:00\" \/>\n<meta property=\"og:image\" content=\"https:\/\/iacrianca.pt\/wp-content\/uploads\/foto-noticia-set.jpeg\" \/>\n\t<meta property=\"og:image:width\" content=\"1536\" \/>\n\t<meta property=\"og:image:height\" content=\"1377\" \/>\n\t<meta property=\"og:image:type\" content=\"image\/jpeg\" \/>\n<meta name=\"author\" content=\"Administra\u00e7\u00e3o IAC\" \/>\n<meta name=\"twitter:card\" content=\"summary_large_image\" \/>\n<meta name=\"twitter:creator\" content=\"@iacapoiocrianca\" \/>\n<meta name=\"twitter:site\" content=\"@iacapoiocrianca\" \/>\n<meta name=\"twitter:label1\" content=\"Written by\" \/>\n\t<meta name=\"twitter:data1\" content=\"Administra\u00e7\u00e3o IAC\" \/>\n\t<meta name=\"twitter:label2\" content=\"Est. reading time\" \/>\n\t<meta name=\"twitter:data2\" content=\"3 minutes\" \/>\n<script type=\"application\/ld+json\" class=\"yoast-schema-graph\">{\"@context\":\"https:\\\/\\\/schema.org\",\"@graph\":[{\"@type\":\"Article\",\"@id\":\"https:\\\/\\\/iacrianca.pt\\\/en\\\/2023\\\/10\\\/lancamento-do-ano-letivo-2023-2024-para-as-escolas-de-segunda-oportunidade\\\/#article\",\"isPartOf\":{\"@id\":\"https:\\\/\\\/iacrianca.pt\\\/en\\\/2023\\\/10\\\/lancamento-do-ano-letivo-2023-2024-para-as-escolas-de-segunda-oportunidade\\\/\"},\"author\":{\"name\":\"Administra\u00e7\u00e3o IAC\",\"@id\":\"https:\\\/\\\/iacrianca.pt\\\/en\\\/#\\\/schema\\\/person\\\/1c48c6e4b70d0dc7360e4b28ceaa5f6b\"},\"headline\":\"Lan\u00e7amento do Ano letivo 2023\\\/2024 para as Escolas de Segunda Oportunidade\",\"datePublished\":\"2023-10-04T09:30:51+00:00\",\"mainEntityOfPage\":{\"@id\":\"https:\\\/\\\/iacrianca.pt\\\/en\\\/2023\\\/10\\\/lancamento-do-ano-letivo-2023-2024-para-as-escolas-de-segunda-oportunidade\\\/\"},\"wordCount\":433,\"commentCount\":0,\"publisher\":{\"@id\":\"https:\\\/\\\/iacrianca.pt\\\/en\\\/#organization\"},\"image\":{\"@id\":\"https:\\\/\\\/iacrianca.pt\\\/en\\\/2023\\\/10\\\/lancamento-do-ano-letivo-2023-2024-para-as-escolas-de-segunda-oportunidade\\\/#primaryimage\"},\"thumbnailUrl\":\"https:\\\/\\\/iacrianca.pt\\\/wp-content\\\/uploads\\\/foto-noticia-set.jpeg\",\"articleSection\":[\"Newsletter\"],\"inLanguage\":\"en-US\",\"potentialAction\":[{\"@type\":\"CommentAction\",\"name\":\"Comment\",\"target\":[\"https:\\\/\\\/iacrianca.pt\\\/en\\\/2023\\\/10\\\/lancamento-do-ano-letivo-2023-2024-para-as-escolas-de-segunda-oportunidade\\\/#respond\"]}]},{\"@type\":\"WebPage\",\"@id\":\"https:\\\/\\\/iacrianca.pt\\\/en\\\/2023\\\/10\\\/lancamento-do-ano-letivo-2023-2024-para-as-escolas-de-segunda-oportunidade\\\/\",\"url\":\"https:\\\/\\\/iacrianca.pt\\\/en\\\/2023\\\/10\\\/lancamento-do-ano-letivo-2023-2024-para-as-escolas-de-segunda-oportunidade\\\/\",\"name\":\"Lan\u00e7amento do Ano letivo 2023\\\/2024 para as Escolas de Segunda Oportunidade | Instituto de Apoio \u00e0 Crian\u00e7a\",\"isPartOf\":{\"@id\":\"https:\\\/\\\/iacrianca.pt\\\/en\\\/#website\"},\"primaryImageOfPage\":{\"@id\":\"https:\\\/\\\/iacrianca.pt\\\/en\\\/2023\\\/10\\\/lancamento-do-ano-letivo-2023-2024-para-as-escolas-de-segunda-oportunidade\\\/#primaryimage\"},\"image\":{\"@id\":\"https:\\\/\\\/iacrianca.pt\\\/en\\\/2023\\\/10\\\/lancamento-do-ano-letivo-2023-2024-para-as-escolas-de-segunda-oportunidade\\\/#primaryimage\"},\"thumbnailUrl\":\"https:\\\/\\\/iacrianca.pt\\\/wp-content\\\/uploads\\\/foto-noticia-set.jpeg\",\"datePublished\":\"2023-10-04T09:30:51+00:00\",\"breadcrumb\":{\"@id\":\"https:\\\/\\\/iacrianca.pt\\\/en\\\/2023\\\/10\\\/lancamento-do-ano-letivo-2023-2024-para-as-escolas-de-segunda-oportunidade\\\/#breadcrumb\"},\"inLanguage\":\"en-US\",\"potentialAction\":[{\"@type\":\"ReadAction\",\"target\":[\"https:\\\/\\\/iacrianca.pt\\\/en\\\/2023\\\/10\\\/lancamento-do-ano-letivo-2023-2024-para-as-escolas-de-segunda-oportunidade\\\/\"]}]},{\"@type\":\"ImageObject\",\"inLanguage\":\"en-US\",\"@id\":\"https:\\\/\\\/iacrianca.pt\\\/en\\\/2023\\\/10\\\/lancamento-do-ano-letivo-2023-2024-para-as-escolas-de-segunda-oportunidade\\\/#primaryimage\",\"url\":\"https:\\\/\\\/iacrianca.pt\\\/wp-content\\\/uploads\\\/foto-noticia-set.jpeg\",\"contentUrl\":\"https:\\\/\\\/iacrianca.pt\\\/wp-content\\\/uploads\\\/foto-noticia-set.jpeg\",\"width\":1536,\"height\":1377},{\"@type\":\"BreadcrumbList\",\"@id\":\"https:\\\/\\\/iacrianca.pt\\\/en\\\/2023\\\/10\\\/lancamento-do-ano-letivo-2023-2024-para-as-escolas-de-segunda-oportunidade\\\/#breadcrumb\",\"itemListElement\":[{\"@type\":\"ListItem\",\"position\":1,\"name\":\"In\u00edcio\",\"item\":\"https:\\\/\\\/iacrianca.pt\\\/en\\\/\"},{\"@type\":\"ListItem\",\"position\":2,\"name\":\"Lan\u00e7amento do Ano letivo 2023\\\/2024 para as Escolas de Segunda Oportunidade\"}]},{\"@type\":\"WebSite\",\"@id\":\"https:\\\/\\\/iacrianca.pt\\\/en\\\/#website\",\"url\":\"https:\\\/\\\/iacrianca.pt\\\/en\\\/\",\"name\":\"Instituto de Apoio \u00e0 Crian\u00e7a\",\"description\":\"Desde 1983 na defesa e promo\u00e7\u00e3o dos direitos da crian\u00e7a\",\"publisher\":{\"@id\":\"https:\\\/\\\/iacrianca.pt\\\/en\\\/#organization\"},\"potentialAction\":[{\"@type\":\"SearchAction\",\"target\":{\"@type\":\"EntryPoint\",\"urlTemplate\":\"https:\\\/\\\/iacrianca.pt\\\/en\\\/?s={search_term_string}\"},\"query-input\":{\"@type\":\"PropertyValueSpecification\",\"valueRequired\":true,\"valueName\":\"search_term_string\"}}],\"inLanguage\":\"en-US\"},{\"@type\":\"Organization\",\"@id\":\"https:\\\/\\\/iacrianca.pt\\\/en\\\/#organization\",\"name\":\"Instituto de Apoio \u00e0 Crian\u00e7a\",\"url\":\"https:\\\/\\\/iacrianca.pt\\\/en\\\/\",\"logo\":{\"@type\":\"ImageObject\",\"inLanguage\":\"en-US\",\"@id\":\"https:\\\/\\\/iacrianca.pt\\\/en\\\/#\\\/schema\\\/logo\\\/image\\\/\",\"url\":\"https:\\\/\\\/iacrianca.pt\\\/wp-content\\\/uploads\\\/2020\\\/04\\\/logo-iac-SD.jpg\",\"contentUrl\":\"https:\\\/\\\/iacrianca.pt\\\/wp-content\\\/uploads\\\/2020\\\/04\\\/logo-iac-SD.jpg\",\"width\":152,\"height\":73,\"caption\":\"Instituto de Apoio \u00e0 Crian\u00e7a\"},\"image\":{\"@id\":\"https:\\\/\\\/iacrianca.pt\\\/en\\\/#\\\/schema\\\/logo\\\/image\\\/\"},\"sameAs\":[\"https:\\\/\\\/www.facebook.com\\\/iacinstitutodeapoioacrianca\",\"https:\\\/\\\/x.com\\\/iacapoiocrianca\",\"https:\\\/\\\/www.youtube.com\\\/channel\\\/UC0jjfZ_xkN_59gJf_RQ-ZnQ\",\"https:\\\/\\\/www.linkedin.com\\\/company\\\/instituto-de-apoio--criana\\\/\",\"https:\\\/\\\/www.instagram.com\\\/iacinstitutodeapoioacrianca\\\/\",\"https:\\\/\\\/criancasatortoeadireitos.wordpress.com\\\/\"]},{\"@type\":\"Person\",\"@id\":\"https:\\\/\\\/iacrianca.pt\\\/en\\\/#\\\/schema\\\/person\\\/1c48c6e4b70d0dc7360e4b28ceaa5f6b\",\"name\":\"Administra\u00e7\u00e3o IAC\",\"image\":{\"@type\":\"ImageObject\",\"inLanguage\":\"en-US\",\"@id\":\"https:\\\/\\\/secure.gravatar.com\\\/avatar\\\/60b998c71de37dcc1398fc6d48c6b5ed7533e3ceec837c948055f072e3158ff1?s=96&d=mm&r=g\",\"url\":\"https:\\\/\\\/secure.gravatar.com\\\/avatar\\\/60b998c71de37dcc1398fc6d48c6b5ed7533e3ceec837c948055f072e3158ff1?s=96&d=mm&r=g\",\"contentUrl\":\"https:\\\/\\\/secure.gravatar.com\\\/avatar\\\/60b998c71de37dcc1398fc6d48c6b5ed7533e3ceec837c948055f072e3158ff1?s=96&d=mm&r=g\",\"caption\":\"Administra\u00e7\u00e3o IAC\"}}]}<\/script>\n<!-- \/ Yoast SEO plugin. -->","yoast_head_json":{"title":"Lan\u00e7amento do Ano letivo 2023\/2024 para as Escolas de Segunda Oportunidade | Instituto de Apoio \u00e0 Crian\u00e7a","robots":{"index":"index","follow":"follow","max-snippet":"max-snippet:-1","max-image-preview":"max-image-preview:large","max-video-preview":"max-video-preview:-1"},"canonical":"https:\/\/iacrianca.pt\/en\/2023\/10\/lancamento-do-ano-letivo-2023-2024-para-as-escolas-de-segunda-oportunidade\/","og_locale":"en_US","og_type":"article","og_title":"Lan\u00e7amento do Ano letivo 2023\/2024 para as Escolas de Segunda Oportunidade | Instituto de Apoio \u00e0 Crian\u00e7a","og_description":"\u00c0 semelhan\u00e7a do ano anterior, a Rede Nacional de iniciativas e Escolas de Segunda Oportunidade (Rede E2O Portugal) promoveu, em coorganiza\u00e7\u00e3o com a equipa da Escola de Segunda Oportunidade-Educar e Formar para Inserir-Lisboa, um Encontro para assinalar a abertura do ano letivo 2023\/2024. O evento teve lugar no passado dia 13 de Setembro, no per\u00edodo&hellip;","og_url":"https:\/\/iacrianca.pt\/en\/2023\/10\/lancamento-do-ano-letivo-2023-2024-para-as-escolas-de-segunda-oportunidade\/","og_site_name":"Instituto de Apoio \u00e0 Crian\u00e7a","article_publisher":"https:\/\/www.facebook.com\/iacinstitutodeapoioacrianca","article_published_time":"2023-10-04T09:30:51+00:00","og_image":[{"width":1536,"height":1377,"url":"https:\/\/iacrianca.pt\/wp-content\/uploads\/foto-noticia-set.jpeg","type":"image\/jpeg"}],"author":"Administra\u00e7\u00e3o IAC","twitter_card":"summary_large_image","twitter_creator":"@iacapoiocrianca","twitter_site":"@iacapoiocrianca","twitter_misc":{"Written by":"Administra\u00e7\u00e3o IAC","Est. reading time":"3 minutes"},"schema":{"@context":"https:\/\/schema.org","@graph":[{"@type":"Article","@id":"https:\/\/iacrianca.pt\/en\/2023\/10\/lancamento-do-ano-letivo-2023-2024-para-as-escolas-de-segunda-oportunidade\/#article","isPartOf":{"@id":"https:\/\/iacrianca.pt\/en\/2023\/10\/lancamento-do-ano-letivo-2023-2024-para-as-escolas-de-segunda-oportunidade\/"},"author":{"name":"Administra\u00e7\u00e3o IAC","@id":"https:\/\/iacrianca.pt\/en\/#\/schema\/person\/1c48c6e4b70d0dc7360e4b28ceaa5f6b"},"headline":"Lan\u00e7amento do Ano letivo 2023\/2024 para as Escolas de Segunda Oportunidade","datePublished":"2023-10-04T09:30:51+00:00","mainEntityOfPage":{"@id":"https:\/\/iacrianca.pt\/en\/2023\/10\/lancamento-do-ano-letivo-2023-2024-para-as-escolas-de-segunda-oportunidade\/"},"wordCount":433,"commentCount":0,"publisher":{"@id":"https:\/\/iacrianca.pt\/en\/#organization"},"image":{"@id":"https:\/\/iacrianca.pt\/en\/2023\/10\/lancamento-do-ano-letivo-2023-2024-para-as-escolas-de-segunda-oportunidade\/#primaryimage"},"thumbnailUrl":"https:\/\/iacrianca.pt\/wp-content\/uploads\/foto-noticia-set.jpeg","articleSection":["Newsletter"],"inLanguage":"en-US","potentialAction":[{"@type":"CommentAction","name":"Comment","target":["https:\/\/iacrianca.pt\/en\/2023\/10\/lancamento-do-ano-letivo-2023-2024-para-as-escolas-de-segunda-oportunidade\/#respond"]}]},{"@type":"WebPage","@id":"https:\/\/iacrianca.pt\/en\/2023\/10\/lancamento-do-ano-letivo-2023-2024-para-as-escolas-de-segunda-oportunidade\/","url":"https:\/\/iacrianca.pt\/en\/2023\/10\/lancamento-do-ano-letivo-2023-2024-para-as-escolas-de-segunda-oportunidade\/","name":"Lan\u00e7amento do Ano letivo 2023\/2024 para as Escolas de Segunda Oportunidade | Instituto de Apoio \u00e0 Crian\u00e7a","isPartOf":{"@id":"https:\/\/iacrianca.pt\/en\/#website"},"primaryImageOfPage":{"@id":"https:\/\/iacrianca.pt\/en\/2023\/10\/lancamento-do-ano-letivo-2023-2024-para-as-escolas-de-segunda-oportunidade\/#primaryimage"},"image":{"@id":"https:\/\/iacrianca.pt\/en\/2023\/10\/lancamento-do-ano-letivo-2023-2024-para-as-escolas-de-segunda-oportunidade\/#primaryimage"},"thumbnailUrl":"https:\/\/iacrianca.pt\/wp-content\/uploads\/foto-noticia-set.jpeg","datePublished":"2023-10-04T09:30:51+00:00","breadcrumb":{"@id":"https:\/\/iacrianca.pt\/en\/2023\/10\/lancamento-do-ano-letivo-2023-2024-para-as-escolas-de-segunda-oportunidade\/#breadcrumb"},"inLanguage":"en-US","potentialAction":[{"@type":"ReadAction","target":["https:\/\/iacrianca.pt\/en\/2023\/10\/lancamento-do-ano-letivo-2023-2024-para-as-escolas-de-segunda-oportunidade\/"]}]},{"@type":"ImageObject","inLanguage":"en-US","@id":"https:\/\/iacrianca.pt\/en\/2023\/10\/lancamento-do-ano-letivo-2023-2024-para-as-escolas-de-segunda-oportunidade\/#primaryimage","url":"https:\/\/iacrianca.pt\/wp-content\/uploads\/foto-noticia-set.jpeg","contentUrl":"https:\/\/iacrianca.pt\/wp-content\/uploads\/foto-noticia-set.jpeg","width":1536,"height":1377},{"@type":"BreadcrumbList","@id":"https:\/\/iacrianca.pt\/en\/2023\/10\/lancamento-do-ano-letivo-2023-2024-para-as-escolas-de-segunda-oportunidade\/#breadcrumb","itemListElement":[{"@type":"ListItem","position":1,"name":"In\u00edcio","item":"https:\/\/iacrianca.pt\/en\/"},{"@type":"ListItem","position":2,"name":"Lan\u00e7amento do Ano letivo 2023\/2024 para as Escolas de Segunda Oportunidade"}]},{"@type":"WebSite","@id":"https:\/\/iacrianca.pt\/en\/#website","url":"https:\/\/iacrianca.pt\/en\/","name":"Instituto de Apoio \u00e0 Crian\u00e7a","description":"Desde 1983 na defesa e promo\u00e7\u00e3o dos direitos da crian\u00e7a","publisher":{"@id":"https:\/\/iacrianca.pt\/en\/#organization"},"potentialAction":[{"@type":"SearchAction","target":{"@type":"EntryPoint","urlTemplate":"https:\/\/iacrianca.pt\/en\/?s={search_term_string}"},"query-input":{"@type":"PropertyValueSpecification","valueRequired":true,"valueName":"search_term_string"}}],"inLanguage":"en-US"},{"@type":"Organization","@id":"https:\/\/iacrianca.pt\/en\/#organization","name":"Instituto de Apoio \u00e0 Crian\u00e7a","url":"https:\/\/iacrianca.pt\/en\/","logo":{"@type":"ImageObject","inLanguage":"en-US","@id":"https:\/\/iacrianca.pt\/en\/#\/schema\/logo\/image\/","url":"https:\/\/iacrianca.pt\/wp-content\/uploads\/2020\/04\/logo-iac-SD.jpg","contentUrl":"https:\/\/iacrianca.pt\/wp-content\/uploads\/2020\/04\/logo-iac-SD.jpg","width":152,"height":73,"caption":"Instituto de Apoio \u00e0 Crian\u00e7a"},"image":{"@id":"https:\/\/iacrianca.pt\/en\/#\/schema\/logo\/image\/"},"sameAs":["https:\/\/www.facebook.com\/iacinstitutodeapoioacrianca","https:\/\/x.com\/iacapoiocrianca","https:\/\/www.youtube.com\/channel\/UC0jjfZ_xkN_59gJf_RQ-ZnQ","https:\/\/www.linkedin.com\/company\/instituto-de-apoio--criana\/","https:\/\/www.instagram.com\/iacinstitutodeapoioacrianca\/","https:\/\/criancasatortoeadireitos.wordpress.com\/"]},{"@type":"Person","@id":"https:\/\/iacrianca.pt\/en\/#\/schema\/person\/1c48c6e4b70d0dc7360e4b28ceaa5f6b","name":"Administra\u00e7\u00e3o IAC","image":{"@type":"ImageObject","inLanguage":"en-US","@id":"https:\/\/secure.gravatar.com\/avatar\/60b998c71de37dcc1398fc6d48c6b5ed7533e3ceec837c948055f072e3158ff1?s=96&d=mm&r=g","url":"https:\/\/secure.gravatar.com\/avatar\/60b998c71de37dcc1398fc6d48c6b5ed7533e3ceec837c948055f072e3158ff1?s=96&d=mm&r=g","contentUrl":"https:\/\/secure.gravatar.com\/avatar\/60b998c71de37dcc1398fc6d48c6b5ed7533e3ceec837c948055f072e3158ff1?s=96&d=mm&r=g","caption":"Administra\u00e7\u00e3o IAC"}}]}},"_links":{"self":[{"href":"https:\/\/iacrianca.pt\/en\/wp-json\/wp\/v2\/posts\/19648","targetHints":{"allow":["GET"]}}],"collection":[{"href":"https:\/\/iacrianca.pt\/en\/wp-json\/wp\/v2\/posts"}],"about":[{"href":"https:\/\/iacrianca.pt\/en\/wp-json\/wp\/v2\/types\/post"}],"author":[{"embeddable":true,"href":"https:\/\/iacrianca.pt\/en\/wp-json\/wp\/v2\/users\/2"}],"replies":[{"embeddable":true,"href":"https:\/\/iacrianca.pt\/en\/wp-json\/wp\/v2\/comments?post=19648"}],"version-history":[{"count":0,"href":"https:\/\/iacrianca.pt\/en\/wp-json\/wp\/v2\/posts\/19648\/revisions"}],"wp:featuredmedia":[{"embeddable":true,"href":"https:\/\/iacrianca.pt\/en\/wp-json\/wp\/v2\/media\/19654"}],"wp:attachment":[{"href":"https:\/\/iacrianca.pt\/en\/wp-json\/wp\/v2\/media?parent=19648"}],"wp:term":[{"taxonomy":"category","embeddable":true,"href":"https:\/\/iacrianca.pt\/en\/wp-json\/wp\/v2\/categories?post=19648"},{"taxonomy":"post_tag","embeddable":true,"href":"https:\/\/iacrianca.pt\/en\/wp-json\/wp\/v2\/tags?post=19648"}],"curies":[{"name":"wp","href":"https:\/\/api.w.org\/{rel}","templated":true}]}}