{"id":19673,"date":"2023-10-06T09:49:32","date_gmt":"2023-10-06T08:49:32","guid":{"rendered":"https:\/\/iacrianca.pt\/?p=19673"},"modified":"2023-10-06T09:49:32","modified_gmt":"2023-10-06T08:49:32","slug":"o-iac-e-a-justice-initiative-portugal-no-parlamento-europeu","status":"publish","type":"post","link":"https:\/\/iacrianca.pt\/en\/2023\/10\/o-iac-e-a-justice-initiative-portugal-no-parlamento-europeu\/","title":{"rendered":"O IAC e a Justice Initiative Portugal no Parlamento Europeu"},"content":{"rendered":"<p>Nos dias 19 e 20 de setembro, L\u00facia Mittermeyer Saraiva, esteve no Parlamento Europeu em representa\u00e7\u00e3o do IAC e da Justice Initiative Portugal para se juntar a um grupo de organiza\u00e7\u00f5es pelos Direitos da Crian\u00e7a e grupos de v\u00edtimas de abuso sexual online e chamar aten\u00e7\u00e3o, junto da sociedade civil, e em particular dos decisores pol\u00edticos, a import\u00e2ncia de um parecer favor\u00e1vel \u00e0 proposta de Regulamento do parlamento Europeu e do Conselho que estabelece regras para prevenir e combater o abuso sexual de crian\u00e7as e que em breve ir\u00e1 a vota\u00e7\u00e3o.<\/p>\n<p>Um dos Eurodeputados nacionais que se mostrou dispon\u00edvel para reunir foi o Dr. Paulo Rangel, o qual se mostrou em perfeita sintonia com as preocupa\u00e7\u00f5es expostas pela representante da Justice Initiative Portugal, projeto que o IAC abra\u00e7ou no final do ano de 2021.<\/p>\n<p>E, que preocupa\u00e7\u00f5es nos movem?<\/p>\n<p>Est\u00e1 para expirar a Diretiva de 2011 que regula a prote\u00e7\u00e3o das Crian\u00e7as na internet contra todo o tipo de abuso sexual, explora\u00e7\u00e3o sexual e ou pornografia infantil. Esta Diretiva, naturalmente, muito desatualizada no tempo, tem tido, no entanto, a virtude de conseguir de certa forma proteger as crian\u00e7as contra a dissemina\u00e7\u00e3o de conte\u00fados e materiais de viol\u00eancia sexualizada na internet, incluindo o fen\u00f3meno do &#8220;grooming&#8221;.<\/p>\n<p>A Diretiva em quest\u00e3o corre o risco de expirar em 2024 o que seria uma regress\u00e3o civilizacional para a Uni\u00e3o Europeia, porque este espa\u00e7o passaria a ser visto por predadores e abusadores sexuais na internet como um &#8220;Para\u00edso de Impunidade&#8221;.<\/p>\n<p>Este \u00e9 o maior perigo que as Crian\u00e7as da Uni\u00e3o Europeia correm. Compete-nos a todos a responsabilidade moral e intelectual combater este flagelo que tem vindo a aumentar na Europa e em Portugal. Os predadores e os abusadores sexuais est\u00e3o onde as Crian\u00e7as est\u00e3o e por isso a internet como espa\u00e7o de lazer e entretenimento por excel\u00eancia das Crian\u00e7as, nos dias de hoje, tem de ser vista tamb\u00e9m como um local onde se convive com este perigo real.<\/p>\n<p>A peti\u00e7\u00e3o lan\u00e7ada pela Justice Initiative e que Portugal tem levado muito a s\u00e9rio, demonstra que mais de 500 mil pessoas j\u00e1 demonstraram o seu compromisso com este perigo iminente.<\/p>\n<p>At\u00e9 aqui as empresas tecnol\u00f3gicas como a Meta t\u00eam feito um trabalho volunt\u00e1rio not\u00e1vel, tanto na dete\u00e7\u00e3o, como no bloqueio e denuncia \u00e0s autoridades de conte\u00fados e viol\u00eancia sexualizada contra crian\u00e7as. Se a Diretiva expirar essas empresas deixam de poder combater (ainda que a t\u00edtulo volunt\u00e1rio) as amea\u00e7as sexuais contra as crian\u00e7as na internet.<\/p>\n<p>Na UE, nomeadamente no parlamento onde as negocia\u00e7\u00f5es j\u00e1 tiveram in\u00edcio est\u00e1 a ser colocada uma &#8220;falsa quest\u00e3o&#8221; perante a proposta de regulamento da Comiss\u00e3o Europeia. Aparentemente, o que nos foi passado como informa\u00e7\u00e3o \u00e9 que existem for\u00e7as de bloqueio de pol\u00edticos com forte assento no Parlamento Europeu que est\u00e3o a sobrepor \u00e0 defesa dos direitos e garantias dos mais vulner\u00e1veis (como as Crian\u00e7as), o direito dos adultos \u00e0 privacidade dos seus dados pessoais.<\/p>\n<p>A UE nasceu com o prop\u00f3sito sadio de criar uma for\u00e7a coesa de defesa e promo\u00e7\u00e3o de Direitos Humanos Fundamentais. Urge colocarmo-nos a quest\u00e3o: a defesa dos Direitos das Crian\u00e7as a conviver numa internet segura contra todo o tipo de abusadores e predadores sexuais na internet \u00e9 ou n\u00e3o uma causa que importa defender e ser garantida \u00e0s Crian\u00e7as que vivem na Uni\u00e3o Europeia? Como ser\u00e1 se a UE se tornar um para\u00edso de impunidade para os predadores e abusadores sexuais de Crian\u00e7as na internet?<\/p>\n<p>Da parte do IAC continuaremos a empreender dilig\u00eancias para combater este flagelo com os nossos parceiros nacionais e europeus, porque a Crian\u00e7a \u00e9 a pessoa que deve estar no centro de toda esta quest\u00e3o.<\/p>\n<p><img fetchpriority=\"high\" decoding=\"async\" class=\"alignnone wp-image-19676 size-full\" src=\"https:\/\/iacrianca.pt\/wp-content\/uploads\/lucia.jpeg\" alt=\"\" width=\"946\" height=\"2001\" srcset=\"https:\/\/iacrianca.pt\/wp-content\/uploads\/lucia.jpeg 946w, https:\/\/iacrianca.pt\/wp-content\/uploads\/lucia-142x300.jpeg 142w, https:\/\/iacrianca.pt\/wp-content\/uploads\/lucia-484x1024.jpeg 484w, https:\/\/iacrianca.pt\/wp-content\/uploads\/lucia-768x1624.jpeg 768w, https:\/\/iacrianca.pt\/wp-content\/uploads\/lucia-726x1536.jpeg 726w\" sizes=\"(max-width: 946px) 100vw, 946px\" \/> <img decoding=\"async\" class=\"alignnone wp-image-19678 size-full\" src=\"https:\/\/iacrianca.pt\/wp-content\/uploads\/predators.jpeg\" alt=\"\" width=\"1024\" height=\"768\" srcset=\"https:\/\/iacrianca.pt\/wp-content\/uploads\/predators.jpeg 1024w, https:\/\/iacrianca.pt\/wp-content\/uploads\/predators-300x225.jpeg 300w, https:\/\/iacrianca.pt\/wp-content\/uploads\/predators-768x576.jpeg 768w\" sizes=\"(max-width: 1024px) 100vw, 1024px\" \/> <img decoding=\"async\" class=\"alignnone wp-image-19680 size-full\" src=\"https:\/\/iacrianca.pt\/wp-content\/uploads\/predators2.jpeg\" alt=\"\" width=\"1024\" height=\"768\" srcset=\"https:\/\/iacrianca.pt\/wp-content\/uploads\/predators2.jpeg 1024w, https:\/\/iacrianca.pt\/wp-content\/uploads\/predators2-300x225.jpeg 300w, https:\/\/iacrianca.pt\/wp-content\/uploads\/predators2-768x576.jpeg 768w\" sizes=\"(max-width: 1024px) 100vw, 1024px\" \/> <img loading=\"lazy\" decoding=\"async\" class=\"alignnone wp-image-19682 size-full\" src=\"https:\/\/iacrianca.pt\/wp-content\/uploads\/predators4.jpeg\" alt=\"\" width=\"604\" height=\"799\" srcset=\"https:\/\/iacrianca.pt\/wp-content\/uploads\/predators4.jpeg 604w, https:\/\/iacrianca.pt\/wp-content\/uploads\/predators4-227x300.jpeg 227w\" sizes=\"(max-width: 604px) 100vw, 604px\" \/><\/p>\n","protected":false},"excerpt":{"rendered":"<p>Nos dias 19 e 20 de setembro, L\u00facia Mittermeyer Saraiva, esteve no Parlamento Europeu em representa\u00e7\u00e3o do IAC e da Justice Initiative Portugal para se juntar a um grupo de organiza\u00e7\u00f5es pelos Direitos da Crian\u00e7a e grupos de v\u00edtimas de abuso sexual online e chamar aten\u00e7\u00e3o, junto da sociedade civil, e em particular dos decisores&hellip;<\/p>\n","protected":false},"author":2,"featured_media":19674,"comment_status":"open","ping_status":"open","sticky":false,"template":"","format":"standard","meta":{"_acf_changed":false,"footnotes":""},"categories":[63],"tags":[],"class_list":["post-19673","post","type-post","status-publish","format-standard","has-post-thumbnail","hentry","category-newsletter","category-63","description-off"],"acf":[],"yoast_head":"<!-- This site is optimized with the Yoast SEO plugin v27.5 - https:\/\/yoast.com\/product\/yoast-seo-wordpress\/ -->\n<title>O IAC e a Justice Initiative Portugal no Parlamento Europeu | Instituto de Apoio \u00e0 Crian\u00e7a<\/title>\n<meta name=\"robots\" content=\"index, follow, max-snippet:-1, max-image-preview:large, max-video-preview:-1\" \/>\n<link rel=\"canonical\" href=\"https:\/\/iacrianca.pt\/en\/2023\/10\/o-iac-e-a-justice-initiative-portugal-no-parlamento-europeu\/\" \/>\n<meta property=\"og:locale\" content=\"en_US\" \/>\n<meta property=\"og:type\" content=\"article\" \/>\n<meta property=\"og:title\" content=\"O IAC e a Justice Initiative Portugal no Parlamento Europeu | Instituto de Apoio \u00e0 Crian\u00e7a\" \/>\n<meta property=\"og:description\" content=\"Nos dias 19 e 20 de setembro, L\u00facia Mittermeyer Saraiva, esteve no Parlamento Europeu em representa\u00e7\u00e3o do IAC e da Justice Initiative Portugal para se juntar a um grupo de organiza\u00e7\u00f5es pelos Direitos da Crian\u00e7a e grupos de v\u00edtimas de abuso sexual online e chamar aten\u00e7\u00e3o, junto da sociedade civil, e em particular dos decisores&hellip;\" \/>\n<meta property=\"og:url\" content=\"https:\/\/iacrianca.pt\/en\/2023\/10\/o-iac-e-a-justice-initiative-portugal-no-parlamento-europeu\/\" \/>\n<meta property=\"og:site_name\" content=\"Instituto de Apoio \u00e0 Crian\u00e7a\" \/>\n<meta property=\"article:publisher\" content=\"https:\/\/www.facebook.com\/iacinstitutodeapoioacrianca\" \/>\n<meta property=\"article:published_time\" content=\"2023-10-06T08:49:32+00:00\" \/>\n<meta property=\"og:image\" content=\"https:\/\/iacrianca.pt\/wp-content\/uploads\/predators3.jpeg\" \/>\n\t<meta property=\"og:image:width\" content=\"1024\" \/>\n\t<meta property=\"og:image:height\" content=\"768\" \/>\n\t<meta property=\"og:image:type\" content=\"image\/jpeg\" \/>\n<meta name=\"author\" content=\"Administra\u00e7\u00e3o IAC\" \/>\n<meta name=\"twitter:card\" content=\"summary_large_image\" \/>\n<meta name=\"twitter:creator\" content=\"@iacapoiocrianca\" \/>\n<meta name=\"twitter:site\" content=\"@iacapoiocrianca\" \/>\n<meta name=\"twitter:label1\" content=\"Written by\" \/>\n\t<meta name=\"twitter:data1\" content=\"Administra\u00e7\u00e3o IAC\" \/>\n\t<meta name=\"twitter:label2\" content=\"Est. reading time\" \/>\n\t<meta name=\"twitter:data2\" content=\"5 minutes\" \/>\n<script type=\"application\/ld+json\" class=\"yoast-schema-graph\">{\"@context\":\"https:\\\/\\\/schema.org\",\"@graph\":[{\"@type\":\"Article\",\"@id\":\"https:\\\/\\\/iacrianca.pt\\\/en\\\/2023\\\/10\\\/o-iac-e-a-justice-initiative-portugal-no-parlamento-europeu\\\/#article\",\"isPartOf\":{\"@id\":\"https:\\\/\\\/iacrianca.pt\\\/en\\\/2023\\\/10\\\/o-iac-e-a-justice-initiative-portugal-no-parlamento-europeu\\\/\"},\"author\":{\"name\":\"Administra\u00e7\u00e3o IAC\",\"@id\":\"https:\\\/\\\/iacrianca.pt\\\/en\\\/#\\\/schema\\\/person\\\/1c48c6e4b70d0dc7360e4b28ceaa5f6b\"},\"headline\":\"O IAC e a Justice Initiative Portugal no Parlamento Europeu\",\"datePublished\":\"2023-10-06T08:49:32+00:00\",\"mainEntityOfPage\":{\"@id\":\"https:\\\/\\\/iacrianca.pt\\\/en\\\/2023\\\/10\\\/o-iac-e-a-justice-initiative-portugal-no-parlamento-europeu\\\/\"},\"wordCount\":672,\"commentCount\":0,\"publisher\":{\"@id\":\"https:\\\/\\\/iacrianca.pt\\\/en\\\/#organization\"},\"image\":{\"@id\":\"https:\\\/\\\/iacrianca.pt\\\/en\\\/2023\\\/10\\\/o-iac-e-a-justice-initiative-portugal-no-parlamento-europeu\\\/#primaryimage\"},\"thumbnailUrl\":\"https:\\\/\\\/iacrianca.pt\\\/wp-content\\\/uploads\\\/predators3.jpeg\",\"articleSection\":[\"Newsletter\"],\"inLanguage\":\"en-US\",\"potentialAction\":[{\"@type\":\"CommentAction\",\"name\":\"Comment\",\"target\":[\"https:\\\/\\\/iacrianca.pt\\\/en\\\/2023\\\/10\\\/o-iac-e-a-justice-initiative-portugal-no-parlamento-europeu\\\/#respond\"]}]},{\"@type\":\"WebPage\",\"@id\":\"https:\\\/\\\/iacrianca.pt\\\/en\\\/2023\\\/10\\\/o-iac-e-a-justice-initiative-portugal-no-parlamento-europeu\\\/\",\"url\":\"https:\\\/\\\/iacrianca.pt\\\/en\\\/2023\\\/10\\\/o-iac-e-a-justice-initiative-portugal-no-parlamento-europeu\\\/\",\"name\":\"O IAC e a Justice Initiative Portugal no Parlamento Europeu | Instituto de Apoio \u00e0 Crian\u00e7a\",\"isPartOf\":{\"@id\":\"https:\\\/\\\/iacrianca.pt\\\/en\\\/#website\"},\"primaryImageOfPage\":{\"@id\":\"https:\\\/\\\/iacrianca.pt\\\/en\\\/2023\\\/10\\\/o-iac-e-a-justice-initiative-portugal-no-parlamento-europeu\\\/#primaryimage\"},\"image\":{\"@id\":\"https:\\\/\\\/iacrianca.pt\\\/en\\\/2023\\\/10\\\/o-iac-e-a-justice-initiative-portugal-no-parlamento-europeu\\\/#primaryimage\"},\"thumbnailUrl\":\"https:\\\/\\\/iacrianca.pt\\\/wp-content\\\/uploads\\\/predators3.jpeg\",\"datePublished\":\"2023-10-06T08:49:32+00:00\",\"breadcrumb\":{\"@id\":\"https:\\\/\\\/iacrianca.pt\\\/en\\\/2023\\\/10\\\/o-iac-e-a-justice-initiative-portugal-no-parlamento-europeu\\\/#breadcrumb\"},\"inLanguage\":\"en-US\",\"potentialAction\":[{\"@type\":\"ReadAction\",\"target\":[\"https:\\\/\\\/iacrianca.pt\\\/en\\\/2023\\\/10\\\/o-iac-e-a-justice-initiative-portugal-no-parlamento-europeu\\\/\"]}]},{\"@type\":\"ImageObject\",\"inLanguage\":\"en-US\",\"@id\":\"https:\\\/\\\/iacrianca.pt\\\/en\\\/2023\\\/10\\\/o-iac-e-a-justice-initiative-portugal-no-parlamento-europeu\\\/#primaryimage\",\"url\":\"https:\\\/\\\/iacrianca.pt\\\/wp-content\\\/uploads\\\/predators3.jpeg\",\"contentUrl\":\"https:\\\/\\\/iacrianca.pt\\\/wp-content\\\/uploads\\\/predators3.jpeg\",\"width\":1024,\"height\":768},{\"@type\":\"BreadcrumbList\",\"@id\":\"https:\\\/\\\/iacrianca.pt\\\/en\\\/2023\\\/10\\\/o-iac-e-a-justice-initiative-portugal-no-parlamento-europeu\\\/#breadcrumb\",\"itemListElement\":[{\"@type\":\"ListItem\",\"position\":1,\"name\":\"In\u00edcio\",\"item\":\"https:\\\/\\\/iacrianca.pt\\\/en\\\/\"},{\"@type\":\"ListItem\",\"position\":2,\"name\":\"O IAC e a Justice Initiative Portugal no Parlamento Europeu\"}]},{\"@type\":\"WebSite\",\"@id\":\"https:\\\/\\\/iacrianca.pt\\\/en\\\/#website\",\"url\":\"https:\\\/\\\/iacrianca.pt\\\/en\\\/\",\"name\":\"Instituto de Apoio \u00e0 Crian\u00e7a\",\"description\":\"Desde 1983 na defesa e promo\u00e7\u00e3o dos direitos da crian\u00e7a\",\"publisher\":{\"@id\":\"https:\\\/\\\/iacrianca.pt\\\/en\\\/#organization\"},\"potentialAction\":[{\"@type\":\"SearchAction\",\"target\":{\"@type\":\"EntryPoint\",\"urlTemplate\":\"https:\\\/\\\/iacrianca.pt\\\/en\\\/?s={search_term_string}\"},\"query-input\":{\"@type\":\"PropertyValueSpecification\",\"valueRequired\":true,\"valueName\":\"search_term_string\"}}],\"inLanguage\":\"en-US\"},{\"@type\":\"Organization\",\"@id\":\"https:\\\/\\\/iacrianca.pt\\\/en\\\/#organization\",\"name\":\"Instituto de Apoio \u00e0 Crian\u00e7a\",\"url\":\"https:\\\/\\\/iacrianca.pt\\\/en\\\/\",\"logo\":{\"@type\":\"ImageObject\",\"inLanguage\":\"en-US\",\"@id\":\"https:\\\/\\\/iacrianca.pt\\\/en\\\/#\\\/schema\\\/logo\\\/image\\\/\",\"url\":\"https:\\\/\\\/iacrianca.pt\\\/wp-content\\\/uploads\\\/2020\\\/04\\\/logo-iac-SD.jpg\",\"contentUrl\":\"https:\\\/\\\/iacrianca.pt\\\/wp-content\\\/uploads\\\/2020\\\/04\\\/logo-iac-SD.jpg\",\"width\":152,\"height\":73,\"caption\":\"Instituto de Apoio \u00e0 Crian\u00e7a\"},\"image\":{\"@id\":\"https:\\\/\\\/iacrianca.pt\\\/en\\\/#\\\/schema\\\/logo\\\/image\\\/\"},\"sameAs\":[\"https:\\\/\\\/www.facebook.com\\\/iacinstitutodeapoioacrianca\",\"https:\\\/\\\/x.com\\\/iacapoiocrianca\",\"https:\\\/\\\/www.youtube.com\\\/channel\\\/UC0jjfZ_xkN_59gJf_RQ-ZnQ\",\"https:\\\/\\\/www.linkedin.com\\\/company\\\/instituto-de-apoio--criana\\\/\",\"https:\\\/\\\/www.instagram.com\\\/iacinstitutodeapoioacrianca\\\/\",\"https:\\\/\\\/criancasatortoeadireitos.wordpress.com\\\/\"]},{\"@type\":\"Person\",\"@id\":\"https:\\\/\\\/iacrianca.pt\\\/en\\\/#\\\/schema\\\/person\\\/1c48c6e4b70d0dc7360e4b28ceaa5f6b\",\"name\":\"Administra\u00e7\u00e3o IAC\",\"image\":{\"@type\":\"ImageObject\",\"inLanguage\":\"en-US\",\"@id\":\"https:\\\/\\\/secure.gravatar.com\\\/avatar\\\/60b998c71de37dcc1398fc6d48c6b5ed7533e3ceec837c948055f072e3158ff1?s=96&d=mm&r=g\",\"url\":\"https:\\\/\\\/secure.gravatar.com\\\/avatar\\\/60b998c71de37dcc1398fc6d48c6b5ed7533e3ceec837c948055f072e3158ff1?s=96&d=mm&r=g\",\"contentUrl\":\"https:\\\/\\\/secure.gravatar.com\\\/avatar\\\/60b998c71de37dcc1398fc6d48c6b5ed7533e3ceec837c948055f072e3158ff1?s=96&d=mm&r=g\",\"caption\":\"Administra\u00e7\u00e3o IAC\"}}]}<\/script>\n<!-- \/ Yoast SEO plugin. -->","yoast_head_json":{"title":"O IAC e a Justice Initiative Portugal no Parlamento Europeu | Instituto de Apoio \u00e0 Crian\u00e7a","robots":{"index":"index","follow":"follow","max-snippet":"max-snippet:-1","max-image-preview":"max-image-preview:large","max-video-preview":"max-video-preview:-1"},"canonical":"https:\/\/iacrianca.pt\/en\/2023\/10\/o-iac-e-a-justice-initiative-portugal-no-parlamento-europeu\/","og_locale":"en_US","og_type":"article","og_title":"O IAC e a Justice Initiative Portugal no Parlamento Europeu | Instituto de Apoio \u00e0 Crian\u00e7a","og_description":"Nos dias 19 e 20 de setembro, L\u00facia Mittermeyer Saraiva, esteve no Parlamento Europeu em representa\u00e7\u00e3o do IAC e da Justice Initiative Portugal para se juntar a um grupo de organiza\u00e7\u00f5es pelos Direitos da Crian\u00e7a e grupos de v\u00edtimas de abuso sexual online e chamar aten\u00e7\u00e3o, junto da sociedade civil, e em particular dos decisores&hellip;","og_url":"https:\/\/iacrianca.pt\/en\/2023\/10\/o-iac-e-a-justice-initiative-portugal-no-parlamento-europeu\/","og_site_name":"Instituto de Apoio \u00e0 Crian\u00e7a","article_publisher":"https:\/\/www.facebook.com\/iacinstitutodeapoioacrianca","article_published_time":"2023-10-06T08:49:32+00:00","og_image":[{"width":1024,"height":768,"url":"https:\/\/iacrianca.pt\/wp-content\/uploads\/predators3.jpeg","type":"image\/jpeg"}],"author":"Administra\u00e7\u00e3o IAC","twitter_card":"summary_large_image","twitter_creator":"@iacapoiocrianca","twitter_site":"@iacapoiocrianca","twitter_misc":{"Written by":"Administra\u00e7\u00e3o IAC","Est. reading time":"5 minutes"},"schema":{"@context":"https:\/\/schema.org","@graph":[{"@type":"Article","@id":"https:\/\/iacrianca.pt\/en\/2023\/10\/o-iac-e-a-justice-initiative-portugal-no-parlamento-europeu\/#article","isPartOf":{"@id":"https:\/\/iacrianca.pt\/en\/2023\/10\/o-iac-e-a-justice-initiative-portugal-no-parlamento-europeu\/"},"author":{"name":"Administra\u00e7\u00e3o IAC","@id":"https:\/\/iacrianca.pt\/en\/#\/schema\/person\/1c48c6e4b70d0dc7360e4b28ceaa5f6b"},"headline":"O IAC e a Justice Initiative Portugal no Parlamento Europeu","datePublished":"2023-10-06T08:49:32+00:00","mainEntityOfPage":{"@id":"https:\/\/iacrianca.pt\/en\/2023\/10\/o-iac-e-a-justice-initiative-portugal-no-parlamento-europeu\/"},"wordCount":672,"commentCount":0,"publisher":{"@id":"https:\/\/iacrianca.pt\/en\/#organization"},"image":{"@id":"https:\/\/iacrianca.pt\/en\/2023\/10\/o-iac-e-a-justice-initiative-portugal-no-parlamento-europeu\/#primaryimage"},"thumbnailUrl":"https:\/\/iacrianca.pt\/wp-content\/uploads\/predators3.jpeg","articleSection":["Newsletter"],"inLanguage":"en-US","potentialAction":[{"@type":"CommentAction","name":"Comment","target":["https:\/\/iacrianca.pt\/en\/2023\/10\/o-iac-e-a-justice-initiative-portugal-no-parlamento-europeu\/#respond"]}]},{"@type":"WebPage","@id":"https:\/\/iacrianca.pt\/en\/2023\/10\/o-iac-e-a-justice-initiative-portugal-no-parlamento-europeu\/","url":"https:\/\/iacrianca.pt\/en\/2023\/10\/o-iac-e-a-justice-initiative-portugal-no-parlamento-europeu\/","name":"O IAC e a Justice Initiative Portugal no Parlamento Europeu | Instituto de Apoio \u00e0 Crian\u00e7a","isPartOf":{"@id":"https:\/\/iacrianca.pt\/en\/#website"},"primaryImageOfPage":{"@id":"https:\/\/iacrianca.pt\/en\/2023\/10\/o-iac-e-a-justice-initiative-portugal-no-parlamento-europeu\/#primaryimage"},"image":{"@id":"https:\/\/iacrianca.pt\/en\/2023\/10\/o-iac-e-a-justice-initiative-portugal-no-parlamento-europeu\/#primaryimage"},"thumbnailUrl":"https:\/\/iacrianca.pt\/wp-content\/uploads\/predators3.jpeg","datePublished":"2023-10-06T08:49:32+00:00","breadcrumb":{"@id":"https:\/\/iacrianca.pt\/en\/2023\/10\/o-iac-e-a-justice-initiative-portugal-no-parlamento-europeu\/#breadcrumb"},"inLanguage":"en-US","potentialAction":[{"@type":"ReadAction","target":["https:\/\/iacrianca.pt\/en\/2023\/10\/o-iac-e-a-justice-initiative-portugal-no-parlamento-europeu\/"]}]},{"@type":"ImageObject","inLanguage":"en-US","@id":"https:\/\/iacrianca.pt\/en\/2023\/10\/o-iac-e-a-justice-initiative-portugal-no-parlamento-europeu\/#primaryimage","url":"https:\/\/iacrianca.pt\/wp-content\/uploads\/predators3.jpeg","contentUrl":"https:\/\/iacrianca.pt\/wp-content\/uploads\/predators3.jpeg","width":1024,"height":768},{"@type":"BreadcrumbList","@id":"https:\/\/iacrianca.pt\/en\/2023\/10\/o-iac-e-a-justice-initiative-portugal-no-parlamento-europeu\/#breadcrumb","itemListElement":[{"@type":"ListItem","position":1,"name":"In\u00edcio","item":"https:\/\/iacrianca.pt\/en\/"},{"@type":"ListItem","position":2,"name":"O IAC e a Justice Initiative Portugal no Parlamento Europeu"}]},{"@type":"WebSite","@id":"https:\/\/iacrianca.pt\/en\/#website","url":"https:\/\/iacrianca.pt\/en\/","name":"Instituto de Apoio \u00e0 Crian\u00e7a","description":"Desde 1983 na defesa e promo\u00e7\u00e3o dos direitos da crian\u00e7a","publisher":{"@id":"https:\/\/iacrianca.pt\/en\/#organization"},"potentialAction":[{"@type":"SearchAction","target":{"@type":"EntryPoint","urlTemplate":"https:\/\/iacrianca.pt\/en\/?s={search_term_string}"},"query-input":{"@type":"PropertyValueSpecification","valueRequired":true,"valueName":"search_term_string"}}],"inLanguage":"en-US"},{"@type":"Organization","@id":"https:\/\/iacrianca.pt\/en\/#organization","name":"Instituto de Apoio \u00e0 Crian\u00e7a","url":"https:\/\/iacrianca.pt\/en\/","logo":{"@type":"ImageObject","inLanguage":"en-US","@id":"https:\/\/iacrianca.pt\/en\/#\/schema\/logo\/image\/","url":"https:\/\/iacrianca.pt\/wp-content\/uploads\/2020\/04\/logo-iac-SD.jpg","contentUrl":"https:\/\/iacrianca.pt\/wp-content\/uploads\/2020\/04\/logo-iac-SD.jpg","width":152,"height":73,"caption":"Instituto de Apoio \u00e0 Crian\u00e7a"},"image":{"@id":"https:\/\/iacrianca.pt\/en\/#\/schema\/logo\/image\/"},"sameAs":["https:\/\/www.facebook.com\/iacinstitutodeapoioacrianca","https:\/\/x.com\/iacapoiocrianca","https:\/\/www.youtube.com\/channel\/UC0jjfZ_xkN_59gJf_RQ-ZnQ","https:\/\/www.linkedin.com\/company\/instituto-de-apoio--criana\/","https:\/\/www.instagram.com\/iacinstitutodeapoioacrianca\/","https:\/\/criancasatortoeadireitos.wordpress.com\/"]},{"@type":"Person","@id":"https:\/\/iacrianca.pt\/en\/#\/schema\/person\/1c48c6e4b70d0dc7360e4b28ceaa5f6b","name":"Administra\u00e7\u00e3o IAC","image":{"@type":"ImageObject","inLanguage":"en-US","@id":"https:\/\/secure.gravatar.com\/avatar\/60b998c71de37dcc1398fc6d48c6b5ed7533e3ceec837c948055f072e3158ff1?s=96&d=mm&r=g","url":"https:\/\/secure.gravatar.com\/avatar\/60b998c71de37dcc1398fc6d48c6b5ed7533e3ceec837c948055f072e3158ff1?s=96&d=mm&r=g","contentUrl":"https:\/\/secure.gravatar.com\/avatar\/60b998c71de37dcc1398fc6d48c6b5ed7533e3ceec837c948055f072e3158ff1?s=96&d=mm&r=g","caption":"Administra\u00e7\u00e3o IAC"}}]}},"_links":{"self":[{"href":"https:\/\/iacrianca.pt\/en\/wp-json\/wp\/v2\/posts\/19673","targetHints":{"allow":["GET"]}}],"collection":[{"href":"https:\/\/iacrianca.pt\/en\/wp-json\/wp\/v2\/posts"}],"about":[{"href":"https:\/\/iacrianca.pt\/en\/wp-json\/wp\/v2\/types\/post"}],"author":[{"embeddable":true,"href":"https:\/\/iacrianca.pt\/en\/wp-json\/wp\/v2\/users\/2"}],"replies":[{"embeddable":true,"href":"https:\/\/iacrianca.pt\/en\/wp-json\/wp\/v2\/comments?post=19673"}],"version-history":[{"count":0,"href":"https:\/\/iacrianca.pt\/en\/wp-json\/wp\/v2\/posts\/19673\/revisions"}],"wp:featuredmedia":[{"embeddable":true,"href":"https:\/\/iacrianca.pt\/en\/wp-json\/wp\/v2\/media\/19674"}],"wp:attachment":[{"href":"https:\/\/iacrianca.pt\/en\/wp-json\/wp\/v2\/media?parent=19673"}],"wp:term":[{"taxonomy":"category","embeddable":true,"href":"https:\/\/iacrianca.pt\/en\/wp-json\/wp\/v2\/categories?post=19673"},{"taxonomy":"post_tag","embeddable":true,"href":"https:\/\/iacrianca.pt\/en\/wp-json\/wp\/v2\/tags?post=19673"}],"curies":[{"name":"wp","href":"https:\/\/api.w.org\/{rel}","templated":true}]}}