{"id":19954,"date":"2023-10-24T15:33:44","date_gmt":"2023-10-24T14:33:44","guid":{"rendered":"https:\/\/iacrianca.pt\/?p=19954"},"modified":"2023-10-24T15:33:44","modified_gmt":"2023-10-24T14:33:44","slug":"corrida-clube-pelicas-sao-silvestre-da-pequenada-16-dezembro-em-lisboa-evento-solidario-a-favor-do-iac","status":"publish","type":"post","link":"https:\/\/iacrianca.pt\/en\/2023\/10\/corrida-clube-pelicas-sao-silvestre-da-pequenada-16-dezembro-em-lisboa-evento-solidario-a-favor-do-iac\/","title":{"rendered":"Corrida Clube Pelicas S\u00e3o Silvestre da Pequenada, 16 dezembro em Lisboa. Evento solid\u00e1rio a favor do IAC"},"content":{"rendered":"<span data-contrast=\"none\">A Associa\u00e7\u00e3o Mutualista Montepio \u00e9 parceira da corrida Clube Pelicas S\u00e3o Silvestre da Pequenada, que acontece anualmente no \u00e2mbito da Corrida S\u00e3o Silvestre de Lisboa. Al\u00e9m de promover a pr\u00e1tica desportiva, a iniciativa fomenta o esp\u00edrito solid\u00e1rio junto dos jovens participantes. Este ano, o valor das inscri\u00e7\u00f5es (5\u20ac) reverte, na totalidade, para o IAC, a convite da Associa\u00e7\u00e3o Mutualista Montepio.<\/span><span data-ccp-props=\"{&quot;134233117&quot;:false,&quot;134233118&quot;:false,&quot;201341983&quot;:0,&quot;335551550&quot;:1,&quot;335551620&quot;:1,&quot;335559685&quot;:0,&quot;335559737&quot;:0,&quot;335559738&quot;:0,&quot;335559739&quot;:120,&quot;335559740&quot;:259}\">\u00a0<\/span>\r\n\r\n<span data-contrast=\"none\">A corrida decorrer\u00e1 no dia 16\/12\/2023 no Anfiteatro Keil do Amaral, em Lisboa.<\/span><span data-ccp-props=\"{&quot;134233117&quot;:false,&quot;134233118&quot;:false,&quot;201341983&quot;:0,&quot;335551550&quot;:1,&quot;335551620&quot;:1,&quot;335559685&quot;:0,&quot;335559737&quot;:0,&quot;335559738&quot;:0,&quot;335559739&quot;:120,&quot;335559740&quot;:259}\">\u00a0<\/span>\r\n\r\n\r\n\r\nInscri\u00e7\u00f5es no link:\r\n\r\n \r\n\r\n<a href=\"https:\/\/saosilvestredelisboa.com\/site\/\">https:\/\/saosilvestredelisboa.com\/site\/<\/a>\r\n\r\n","protected":false},"excerpt":{"rendered":"<p>A Associa\u00e7\u00e3o Mutualista Montepio \u00e9 parceira da corrida Clube Pelicas S\u00e3o Silvestre da Pequenada, que acontece anualmente no \u00e2mbito da Corrida S\u00e3o Silvestre de Lisboa. Al\u00e9m de promover a pr\u00e1tica desportiva, a iniciativa fomenta o esp\u00edrito solid\u00e1rio junto dos jovens participantes. Este ano, o valor das inscri\u00e7\u00f5es (5\u20ac) reverte, na totalidade, para o IAC, a&hellip;<\/p>\n","protected":false},"author":2,"featured_media":19955,"comment_status":"closed","ping_status":"open","sticky":false,"template":"","format":"standard","meta":{"_acf_changed":false,"footnotes":""},"categories":[1],"tags":[],"class_list":["post-19954","post","type-post","status-publish","format-standard","has-post-thumbnail","hentry","category-noticias","category-1","description-off"],"acf":[],"yoast_head":"<!-- This site is optimized with the Yoast SEO plugin v27.5 - https:\/\/yoast.com\/product\/yoast-seo-wordpress\/ -->\n<title>Corrida Clube Pelicas S\u00e3o Silvestre da Pequenada, 16 dezembro em Lisboa. Evento solid\u00e1rio a favor do IAC | Instituto de Apoio \u00e0 Crian\u00e7a<\/title>\n<meta name=\"robots\" content=\"index, follow, max-snippet:-1, max-image-preview:large, max-video-preview:-1\" \/>\n<link rel=\"canonical\" href=\"https:\/\/iacrianca.pt\/en\/2023\/10\/corrida-clube-pelicas-sao-silvestre-da-pequenada-16-dezembro-em-lisboa-evento-solidario-a-favor-do-iac\/\" \/>\n<meta property=\"og:locale\" content=\"en_US\" \/>\n<meta property=\"og:type\" content=\"article\" \/>\n<meta property=\"og:title\" content=\"Corrida Clube Pelicas S\u00e3o Silvestre da Pequenada, 16 dezembro em Lisboa. Evento solid\u00e1rio a favor do IAC | Instituto de Apoio \u00e0 Crian\u00e7a\" \/>\n<meta property=\"og:description\" content=\"A Associa\u00e7\u00e3o Mutualista Montepio \u00e9 parceira da corrida Clube Pelicas S\u00e3o Silvestre da Pequenada, que acontece anualmente no \u00e2mbito da Corrida S\u00e3o Silvestre de Lisboa. Al\u00e9m de promover a pr\u00e1tica desportiva, a iniciativa fomenta o esp\u00edrito solid\u00e1rio junto dos jovens participantes. Este ano, o valor das inscri\u00e7\u00f5es (5\u20ac) reverte, na totalidade, para o IAC, a&hellip;\" \/>\n<meta property=\"og:url\" content=\"https:\/\/iacrianca.pt\/en\/2023\/10\/corrida-clube-pelicas-sao-silvestre-da-pequenada-16-dezembro-em-lisboa-evento-solidario-a-favor-do-iac\/\" \/>\n<meta property=\"og:site_name\" content=\"Instituto de Apoio \u00e0 Crian\u00e7a\" \/>\n<meta property=\"article:publisher\" content=\"https:\/\/www.facebook.com\/iacinstitutodeapoioacrianca\" \/>\n<meta property=\"article:published_time\" content=\"2023-10-24T14:33:44+00:00\" \/>\n<meta property=\"og:image\" content=\"https:\/\/iacrianca.pt\/wp-content\/uploads\/whatsapp-image-2023-10-24-at-151518.jpeg\" \/>\n\t<meta property=\"og:image:width\" content=\"1080\" \/>\n\t<meta property=\"og:image:height\" content=\"1080\" \/>\n\t<meta property=\"og:image:type\" content=\"image\/jpeg\" \/>\n<meta name=\"author\" content=\"Administra\u00e7\u00e3o IAC\" \/>\n<meta name=\"twitter:card\" content=\"summary_large_image\" \/>\n<meta name=\"twitter:creator\" content=\"@iacapoiocrianca\" \/>\n<meta name=\"twitter:site\" content=\"@iacapoiocrianca\" \/>\n<meta name=\"twitter:label1\" content=\"Written by\" \/>\n\t<meta name=\"twitter:data1\" content=\"Administra\u00e7\u00e3o IAC\" \/>\n\t<meta name=\"twitter:label2\" content=\"Est. reading time\" \/>\n\t<meta name=\"twitter:data2\" content=\"1 minute\" \/>\n<script type=\"application\/ld+json\" class=\"yoast-schema-graph\">{\"@context\":\"https:\\\/\\\/schema.org\",\"@graph\":[{\"@type\":\"Article\",\"@id\":\"https:\\\/\\\/iacrianca.pt\\\/en\\\/2023\\\/10\\\/corrida-clube-pelicas-sao-silvestre-da-pequenada-16-dezembro-em-lisboa-evento-solidario-a-favor-do-iac\\\/#article\",\"isPartOf\":{\"@id\":\"https:\\\/\\\/iacrianca.pt\\\/en\\\/2023\\\/10\\\/corrida-clube-pelicas-sao-silvestre-da-pequenada-16-dezembro-em-lisboa-evento-solidario-a-favor-do-iac\\\/\"},\"author\":{\"name\":\"Administra\u00e7\u00e3o IAC\",\"@id\":\"https:\\\/\\\/iacrianca.pt\\\/en\\\/#\\\/schema\\\/person\\\/1c48c6e4b70d0dc7360e4b28ceaa5f6b\"},\"headline\":\"Corrida Clube Pelicas S\u00e3o Silvestre da Pequenada, 16 dezembro em Lisboa. Evento solid\u00e1rio a favor do IAC\",\"datePublished\":\"2023-10-24T14:33:44+00:00\",\"mainEntityOfPage\":{\"@id\":\"https:\\\/\\\/iacrianca.pt\\\/en\\\/2023\\\/10\\\/corrida-clube-pelicas-sao-silvestre-da-pequenada-16-dezembro-em-lisboa-evento-solidario-a-favor-do-iac\\\/\"},\"wordCount\":105,\"publisher\":{\"@id\":\"https:\\\/\\\/iacrianca.pt\\\/en\\\/#organization\"},\"image\":{\"@id\":\"https:\\\/\\\/iacrianca.pt\\\/en\\\/2023\\\/10\\\/corrida-clube-pelicas-sao-silvestre-da-pequenada-16-dezembro-em-lisboa-evento-solidario-a-favor-do-iac\\\/#primaryimage\"},\"thumbnailUrl\":\"https:\\\/\\\/iacrianca.pt\\\/wp-content\\\/uploads\\\/whatsapp-image-2023-10-24-at-151518.jpeg\",\"articleSection\":[\"Not\u00edcias\"],\"inLanguage\":\"en-US\"},{\"@type\":\"WebPage\",\"@id\":\"https:\\\/\\\/iacrianca.pt\\\/en\\\/2023\\\/10\\\/corrida-clube-pelicas-sao-silvestre-da-pequenada-16-dezembro-em-lisboa-evento-solidario-a-favor-do-iac\\\/\",\"url\":\"https:\\\/\\\/iacrianca.pt\\\/en\\\/2023\\\/10\\\/corrida-clube-pelicas-sao-silvestre-da-pequenada-16-dezembro-em-lisboa-evento-solidario-a-favor-do-iac\\\/\",\"name\":\"Corrida Clube Pelicas S\u00e3o Silvestre da Pequenada, 16 dezembro em Lisboa. Evento solid\u00e1rio a favor do IAC | Instituto de Apoio \u00e0 Crian\u00e7a\",\"isPartOf\":{\"@id\":\"https:\\\/\\\/iacrianca.pt\\\/en\\\/#website\"},\"primaryImageOfPage\":{\"@id\":\"https:\\\/\\\/iacrianca.pt\\\/en\\\/2023\\\/10\\\/corrida-clube-pelicas-sao-silvestre-da-pequenada-16-dezembro-em-lisboa-evento-solidario-a-favor-do-iac\\\/#primaryimage\"},\"image\":{\"@id\":\"https:\\\/\\\/iacrianca.pt\\\/en\\\/2023\\\/10\\\/corrida-clube-pelicas-sao-silvestre-da-pequenada-16-dezembro-em-lisboa-evento-solidario-a-favor-do-iac\\\/#primaryimage\"},\"thumbnailUrl\":\"https:\\\/\\\/iacrianca.pt\\\/wp-content\\\/uploads\\\/whatsapp-image-2023-10-24-at-151518.jpeg\",\"datePublished\":\"2023-10-24T14:33:44+00:00\",\"breadcrumb\":{\"@id\":\"https:\\\/\\\/iacrianca.pt\\\/en\\\/2023\\\/10\\\/corrida-clube-pelicas-sao-silvestre-da-pequenada-16-dezembro-em-lisboa-evento-solidario-a-favor-do-iac\\\/#breadcrumb\"},\"inLanguage\":\"en-US\",\"potentialAction\":[{\"@type\":\"ReadAction\",\"target\":[\"https:\\\/\\\/iacrianca.pt\\\/en\\\/2023\\\/10\\\/corrida-clube-pelicas-sao-silvestre-da-pequenada-16-dezembro-em-lisboa-evento-solidario-a-favor-do-iac\\\/\"]}]},{\"@type\":\"ImageObject\",\"inLanguage\":\"en-US\",\"@id\":\"https:\\\/\\\/iacrianca.pt\\\/en\\\/2023\\\/10\\\/corrida-clube-pelicas-sao-silvestre-da-pequenada-16-dezembro-em-lisboa-evento-solidario-a-favor-do-iac\\\/#primaryimage\",\"url\":\"https:\\\/\\\/iacrianca.pt\\\/wp-content\\\/uploads\\\/whatsapp-image-2023-10-24-at-151518.jpeg\",\"contentUrl\":\"https:\\\/\\\/iacrianca.pt\\\/wp-content\\\/uploads\\\/whatsapp-image-2023-10-24-at-151518.jpeg\",\"width\":1080,\"height\":1080},{\"@type\":\"BreadcrumbList\",\"@id\":\"https:\\\/\\\/iacrianca.pt\\\/en\\\/2023\\\/10\\\/corrida-clube-pelicas-sao-silvestre-da-pequenada-16-dezembro-em-lisboa-evento-solidario-a-favor-do-iac\\\/#breadcrumb\",\"itemListElement\":[{\"@type\":\"ListItem\",\"position\":1,\"name\":\"In\u00edcio\",\"item\":\"https:\\\/\\\/iacrianca.pt\\\/en\\\/\"},{\"@type\":\"ListItem\",\"position\":2,\"name\":\"Corrida Clube Pelicas S\u00e3o Silvestre da Pequenada, 16 dezembro em Lisboa. Evento solid\u00e1rio a favor do IAC\"}]},{\"@type\":\"WebSite\",\"@id\":\"https:\\\/\\\/iacrianca.pt\\\/en\\\/#website\",\"url\":\"https:\\\/\\\/iacrianca.pt\\\/en\\\/\",\"name\":\"Instituto de Apoio \u00e0 Crian\u00e7a\",\"description\":\"Desde 1983 na defesa e promo\u00e7\u00e3o dos direitos da crian\u00e7a\",\"publisher\":{\"@id\":\"https:\\\/\\\/iacrianca.pt\\\/en\\\/#organization\"},\"potentialAction\":[{\"@type\":\"SearchAction\",\"target\":{\"@type\":\"EntryPoint\",\"urlTemplate\":\"https:\\\/\\\/iacrianca.pt\\\/en\\\/?s={search_term_string}\"},\"query-input\":{\"@type\":\"PropertyValueSpecification\",\"valueRequired\":true,\"valueName\":\"search_term_string\"}}],\"inLanguage\":\"en-US\"},{\"@type\":\"Organization\",\"@id\":\"https:\\\/\\\/iacrianca.pt\\\/en\\\/#organization\",\"name\":\"Instituto de Apoio \u00e0 Crian\u00e7a\",\"url\":\"https:\\\/\\\/iacrianca.pt\\\/en\\\/\",\"logo\":{\"@type\":\"ImageObject\",\"inLanguage\":\"en-US\",\"@id\":\"https:\\\/\\\/iacrianca.pt\\\/en\\\/#\\\/schema\\\/logo\\\/image\\\/\",\"url\":\"https:\\\/\\\/iacrianca.pt\\\/wp-content\\\/uploads\\\/2020\\\/04\\\/logo-iac-SD.jpg\",\"contentUrl\":\"https:\\\/\\\/iacrianca.pt\\\/wp-content\\\/uploads\\\/2020\\\/04\\\/logo-iac-SD.jpg\",\"width\":152,\"height\":73,\"caption\":\"Instituto de Apoio \u00e0 Crian\u00e7a\"},\"image\":{\"@id\":\"https:\\\/\\\/iacrianca.pt\\\/en\\\/#\\\/schema\\\/logo\\\/image\\\/\"},\"sameAs\":[\"https:\\\/\\\/www.facebook.com\\\/iacinstitutodeapoioacrianca\",\"https:\\\/\\\/x.com\\\/iacapoiocrianca\",\"https:\\\/\\\/www.youtube.com\\\/channel\\\/UC0jjfZ_xkN_59gJf_RQ-ZnQ\",\"https:\\\/\\\/www.linkedin.com\\\/company\\\/instituto-de-apoio--criana\\\/\",\"https:\\\/\\\/www.instagram.com\\\/iacinstitutodeapoioacrianca\\\/\",\"https:\\\/\\\/criancasatortoeadireitos.wordpress.com\\\/\"]},{\"@type\":\"Person\",\"@id\":\"https:\\\/\\\/iacrianca.pt\\\/en\\\/#\\\/schema\\\/person\\\/1c48c6e4b70d0dc7360e4b28ceaa5f6b\",\"name\":\"Administra\u00e7\u00e3o IAC\",\"image\":{\"@type\":\"ImageObject\",\"inLanguage\":\"en-US\",\"@id\":\"https:\\\/\\\/secure.gravatar.com\\\/avatar\\\/60b998c71de37dcc1398fc6d48c6b5ed7533e3ceec837c948055f072e3158ff1?s=96&d=mm&r=g\",\"url\":\"https:\\\/\\\/secure.gravatar.com\\\/avatar\\\/60b998c71de37dcc1398fc6d48c6b5ed7533e3ceec837c948055f072e3158ff1?s=96&d=mm&r=g\",\"contentUrl\":\"https:\\\/\\\/secure.gravatar.com\\\/avatar\\\/60b998c71de37dcc1398fc6d48c6b5ed7533e3ceec837c948055f072e3158ff1?s=96&d=mm&r=g\",\"caption\":\"Administra\u00e7\u00e3o IAC\"}}]}<\/script>\n<!-- \/ Yoast SEO plugin. -->","yoast_head_json":{"title":"Corrida Clube Pelicas S\u00e3o Silvestre da Pequenada, 16 dezembro em Lisboa. Evento solid\u00e1rio a favor do IAC | Instituto de Apoio \u00e0 Crian\u00e7a","robots":{"index":"index","follow":"follow","max-snippet":"max-snippet:-1","max-image-preview":"max-image-preview:large","max-video-preview":"max-video-preview:-1"},"canonical":"https:\/\/iacrianca.pt\/en\/2023\/10\/corrida-clube-pelicas-sao-silvestre-da-pequenada-16-dezembro-em-lisboa-evento-solidario-a-favor-do-iac\/","og_locale":"en_US","og_type":"article","og_title":"Corrida Clube Pelicas S\u00e3o Silvestre da Pequenada, 16 dezembro em Lisboa. Evento solid\u00e1rio a favor do IAC | Instituto de Apoio \u00e0 Crian\u00e7a","og_description":"A Associa\u00e7\u00e3o Mutualista Montepio \u00e9 parceira da corrida Clube Pelicas S\u00e3o Silvestre da Pequenada, que acontece anualmente no \u00e2mbito da Corrida S\u00e3o Silvestre de Lisboa. Al\u00e9m de promover a pr\u00e1tica desportiva, a iniciativa fomenta o esp\u00edrito solid\u00e1rio junto dos jovens participantes. Este ano, o valor das inscri\u00e7\u00f5es (5\u20ac) reverte, na totalidade, para o IAC, a&hellip;","og_url":"https:\/\/iacrianca.pt\/en\/2023\/10\/corrida-clube-pelicas-sao-silvestre-da-pequenada-16-dezembro-em-lisboa-evento-solidario-a-favor-do-iac\/","og_site_name":"Instituto de Apoio \u00e0 Crian\u00e7a","article_publisher":"https:\/\/www.facebook.com\/iacinstitutodeapoioacrianca","article_published_time":"2023-10-24T14:33:44+00:00","og_image":[{"width":1080,"height":1080,"url":"https:\/\/iacrianca.pt\/wp-content\/uploads\/whatsapp-image-2023-10-24-at-151518.jpeg","type":"image\/jpeg"}],"author":"Administra\u00e7\u00e3o IAC","twitter_card":"summary_large_image","twitter_creator":"@iacapoiocrianca","twitter_site":"@iacapoiocrianca","twitter_misc":{"Written by":"Administra\u00e7\u00e3o IAC","Est. reading time":"1 minute"},"schema":{"@context":"https:\/\/schema.org","@graph":[{"@type":"Article","@id":"https:\/\/iacrianca.pt\/en\/2023\/10\/corrida-clube-pelicas-sao-silvestre-da-pequenada-16-dezembro-em-lisboa-evento-solidario-a-favor-do-iac\/#article","isPartOf":{"@id":"https:\/\/iacrianca.pt\/en\/2023\/10\/corrida-clube-pelicas-sao-silvestre-da-pequenada-16-dezembro-em-lisboa-evento-solidario-a-favor-do-iac\/"},"author":{"name":"Administra\u00e7\u00e3o IAC","@id":"https:\/\/iacrianca.pt\/en\/#\/schema\/person\/1c48c6e4b70d0dc7360e4b28ceaa5f6b"},"headline":"Corrida Clube Pelicas S\u00e3o Silvestre da Pequenada, 16 dezembro em Lisboa. Evento solid\u00e1rio a favor do IAC","datePublished":"2023-10-24T14:33:44+00:00","mainEntityOfPage":{"@id":"https:\/\/iacrianca.pt\/en\/2023\/10\/corrida-clube-pelicas-sao-silvestre-da-pequenada-16-dezembro-em-lisboa-evento-solidario-a-favor-do-iac\/"},"wordCount":105,"publisher":{"@id":"https:\/\/iacrianca.pt\/en\/#organization"},"image":{"@id":"https:\/\/iacrianca.pt\/en\/2023\/10\/corrida-clube-pelicas-sao-silvestre-da-pequenada-16-dezembro-em-lisboa-evento-solidario-a-favor-do-iac\/#primaryimage"},"thumbnailUrl":"https:\/\/iacrianca.pt\/wp-content\/uploads\/whatsapp-image-2023-10-24-at-151518.jpeg","articleSection":["Not\u00edcias"],"inLanguage":"en-US"},{"@type":"WebPage","@id":"https:\/\/iacrianca.pt\/en\/2023\/10\/corrida-clube-pelicas-sao-silvestre-da-pequenada-16-dezembro-em-lisboa-evento-solidario-a-favor-do-iac\/","url":"https:\/\/iacrianca.pt\/en\/2023\/10\/corrida-clube-pelicas-sao-silvestre-da-pequenada-16-dezembro-em-lisboa-evento-solidario-a-favor-do-iac\/","name":"Corrida Clube Pelicas S\u00e3o Silvestre da Pequenada, 16 dezembro em Lisboa. Evento solid\u00e1rio a favor do IAC | Instituto de Apoio \u00e0 Crian\u00e7a","isPartOf":{"@id":"https:\/\/iacrianca.pt\/en\/#website"},"primaryImageOfPage":{"@id":"https:\/\/iacrianca.pt\/en\/2023\/10\/corrida-clube-pelicas-sao-silvestre-da-pequenada-16-dezembro-em-lisboa-evento-solidario-a-favor-do-iac\/#primaryimage"},"image":{"@id":"https:\/\/iacrianca.pt\/en\/2023\/10\/corrida-clube-pelicas-sao-silvestre-da-pequenada-16-dezembro-em-lisboa-evento-solidario-a-favor-do-iac\/#primaryimage"},"thumbnailUrl":"https:\/\/iacrianca.pt\/wp-content\/uploads\/whatsapp-image-2023-10-24-at-151518.jpeg","datePublished":"2023-10-24T14:33:44+00:00","breadcrumb":{"@id":"https:\/\/iacrianca.pt\/en\/2023\/10\/corrida-clube-pelicas-sao-silvestre-da-pequenada-16-dezembro-em-lisboa-evento-solidario-a-favor-do-iac\/#breadcrumb"},"inLanguage":"en-US","potentialAction":[{"@type":"ReadAction","target":["https:\/\/iacrianca.pt\/en\/2023\/10\/corrida-clube-pelicas-sao-silvestre-da-pequenada-16-dezembro-em-lisboa-evento-solidario-a-favor-do-iac\/"]}]},{"@type":"ImageObject","inLanguage":"en-US","@id":"https:\/\/iacrianca.pt\/en\/2023\/10\/corrida-clube-pelicas-sao-silvestre-da-pequenada-16-dezembro-em-lisboa-evento-solidario-a-favor-do-iac\/#primaryimage","url":"https:\/\/iacrianca.pt\/wp-content\/uploads\/whatsapp-image-2023-10-24-at-151518.jpeg","contentUrl":"https:\/\/iacrianca.pt\/wp-content\/uploads\/whatsapp-image-2023-10-24-at-151518.jpeg","width":1080,"height":1080},{"@type":"BreadcrumbList","@id":"https:\/\/iacrianca.pt\/en\/2023\/10\/corrida-clube-pelicas-sao-silvestre-da-pequenada-16-dezembro-em-lisboa-evento-solidario-a-favor-do-iac\/#breadcrumb","itemListElement":[{"@type":"ListItem","position":1,"name":"In\u00edcio","item":"https:\/\/iacrianca.pt\/en\/"},{"@type":"ListItem","position":2,"name":"Corrida Clube Pelicas S\u00e3o Silvestre da Pequenada, 16 dezembro em Lisboa. Evento solid\u00e1rio a favor do IAC"}]},{"@type":"WebSite","@id":"https:\/\/iacrianca.pt\/en\/#website","url":"https:\/\/iacrianca.pt\/en\/","name":"Instituto de Apoio \u00e0 Crian\u00e7a","description":"Desde 1983 na defesa e promo\u00e7\u00e3o dos direitos da crian\u00e7a","publisher":{"@id":"https:\/\/iacrianca.pt\/en\/#organization"},"potentialAction":[{"@type":"SearchAction","target":{"@type":"EntryPoint","urlTemplate":"https:\/\/iacrianca.pt\/en\/?s={search_term_string}"},"query-input":{"@type":"PropertyValueSpecification","valueRequired":true,"valueName":"search_term_string"}}],"inLanguage":"en-US"},{"@type":"Organization","@id":"https:\/\/iacrianca.pt\/en\/#organization","name":"Instituto de Apoio \u00e0 Crian\u00e7a","url":"https:\/\/iacrianca.pt\/en\/","logo":{"@type":"ImageObject","inLanguage":"en-US","@id":"https:\/\/iacrianca.pt\/en\/#\/schema\/logo\/image\/","url":"https:\/\/iacrianca.pt\/wp-content\/uploads\/2020\/04\/logo-iac-SD.jpg","contentUrl":"https:\/\/iacrianca.pt\/wp-content\/uploads\/2020\/04\/logo-iac-SD.jpg","width":152,"height":73,"caption":"Instituto de Apoio \u00e0 Crian\u00e7a"},"image":{"@id":"https:\/\/iacrianca.pt\/en\/#\/schema\/logo\/image\/"},"sameAs":["https:\/\/www.facebook.com\/iacinstitutodeapoioacrianca","https:\/\/x.com\/iacapoiocrianca","https:\/\/www.youtube.com\/channel\/UC0jjfZ_xkN_59gJf_RQ-ZnQ","https:\/\/www.linkedin.com\/company\/instituto-de-apoio--criana\/","https:\/\/www.instagram.com\/iacinstitutodeapoioacrianca\/","https:\/\/criancasatortoeadireitos.wordpress.com\/"]},{"@type":"Person","@id":"https:\/\/iacrianca.pt\/en\/#\/schema\/person\/1c48c6e4b70d0dc7360e4b28ceaa5f6b","name":"Administra\u00e7\u00e3o IAC","image":{"@type":"ImageObject","inLanguage":"en-US","@id":"https:\/\/secure.gravatar.com\/avatar\/60b998c71de37dcc1398fc6d48c6b5ed7533e3ceec837c948055f072e3158ff1?s=96&d=mm&r=g","url":"https:\/\/secure.gravatar.com\/avatar\/60b998c71de37dcc1398fc6d48c6b5ed7533e3ceec837c948055f072e3158ff1?s=96&d=mm&r=g","contentUrl":"https:\/\/secure.gravatar.com\/avatar\/60b998c71de37dcc1398fc6d48c6b5ed7533e3ceec837c948055f072e3158ff1?s=96&d=mm&r=g","caption":"Administra\u00e7\u00e3o IAC"}}]}},"_links":{"self":[{"href":"https:\/\/iacrianca.pt\/en\/wp-json\/wp\/v2\/posts\/19954","targetHints":{"allow":["GET"]}}],"collection":[{"href":"https:\/\/iacrianca.pt\/en\/wp-json\/wp\/v2\/posts"}],"about":[{"href":"https:\/\/iacrianca.pt\/en\/wp-json\/wp\/v2\/types\/post"}],"author":[{"embeddable":true,"href":"https:\/\/iacrianca.pt\/en\/wp-json\/wp\/v2\/users\/2"}],"replies":[{"embeddable":true,"href":"https:\/\/iacrianca.pt\/en\/wp-json\/wp\/v2\/comments?post=19954"}],"version-history":[{"count":0,"href":"https:\/\/iacrianca.pt\/en\/wp-json\/wp\/v2\/posts\/19954\/revisions"}],"wp:featuredmedia":[{"embeddable":true,"href":"https:\/\/iacrianca.pt\/en\/wp-json\/wp\/v2\/media\/19955"}],"wp:attachment":[{"href":"https:\/\/iacrianca.pt\/en\/wp-json\/wp\/v2\/media?parent=19954"}],"wp:term":[{"taxonomy":"category","embeddable":true,"href":"https:\/\/iacrianca.pt\/en\/wp-json\/wp\/v2\/categories?post=19954"},{"taxonomy":"post_tag","embeddable":true,"href":"https:\/\/iacrianca.pt\/en\/wp-json\/wp\/v2\/tags?post=19954"}],"curies":[{"name":"wp","href":"https:\/\/api.w.org\/{rel}","templated":true}]}}