{"id":20068,"date":"2023-11-03T16:16:06","date_gmt":"2023-11-03T16:16:06","guid":{"rendered":"https:\/\/iacrianca.pt\/?p=20068"},"modified":"2023-11-09T14:50:38","modified_gmt":"2023-11-09T14:50:38","slug":"o-iac-integra-o-grupo-consultivo-da-unicef-tenho-voto-na-materia-2023","status":"publish","type":"post","link":"https:\/\/iacrianca.pt\/en\/2023\/11\/o-iac-integra-o-grupo-consultivo-da-unicef-tenho-voto-na-materia-2023\/","title":{"rendered":"O IAC integra o Grupo Consultivo da Unicef  \u201cTenho voto na mat\u00e9ria 2023\u201d"},"content":{"rendered":"<p><span data-contrast=\"auto\">Um grupo de crian\u00e7as e jovens de v\u00e1rios pontos do pa\u00eds participaram num encontro promovido pela UNICEF Portugal, na Biblioteca Municipal de Vila Franca de Xira, para se conhecerem pessoalmente e elaborarem um inqu\u00e9rito dirigido a outras crian\u00e7as e jovens. Erguida na zona ribeirinha da cidade, com o rio Tejo como \u201cpano de fundo\u201d a biblioteca, t\u00e3o inspiradora como o seu nome, \u201cF\u00e1brica das Palavras\u201d, foi o palco ideal para envolver e estimular o grupo a participar ativamente.<\/span><span data-ccp-props=\"{&quot;201341983&quot;:0,&quot;335551550&quot;:6,&quot;335551620&quot;:6,&quot;335559739&quot;:160,&quot;335559740&quot;:259}\">\u00a0<\/span><\/p>\n<p><span data-contrast=\"auto\">O desafio da Unicef foi apresentado anteriormente em reuni\u00f5es on-line, em que os jovens indicados pelas entidades parceiras, foram convidados a partilhar o que consideram ser as principais problem\u00e1ticas das suas comunidades (cidade, vila, aldeia, freguesia).\u00a0<\/span><span data-ccp-props=\"{&quot;201341983&quot;:0,&quot;335551550&quot;:6,&quot;335551620&quot;:6,&quot;335559739&quot;:160,&quot;335559740&quot;:259}\">\u00a0<\/span><\/p>\n<p><span data-contrast=\"auto\">O IAC abra\u00e7ou o convite dirigido pela C\u00e2mara Municipal de Lisboa para integrar o Grupo Consultivo da Unicef, e no qual est\u00e3o a participar dois jovens, um acompanhado pela equipa do Centro de Apoio Comunit\u00e1rio e outra jovem, acompanhada pela equipa do Gabinete Social do Consult\u00f3rio Social. Trata-se de um compromisso a longo prazo, que ir\u00e1 proporcionar uma excelente oportunidade de participa\u00e7\u00e3o ativa, no levantamento de problemas que afetam as suas vidas e de fazer chegar a sua voz aos decisores pol\u00edticos.\u00a0\u00a0<\/span><span data-ccp-props=\"{&quot;201341983&quot;:0,&quot;335551550&quot;:6,&quot;335551620&quot;:6,&quot;335559739&quot;:160,&quot;335559740&quot;:259}\">\u00a0<\/span><\/p>\n<p><span data-contrast=\"auto\">\u201cTenho voto na mat\u00e9ria\u201d foi o mote que conduziu este interc\u00e2mbio presencial, no qual os jovens debateram quest\u00f5es muito importantes, como a seguran\u00e7a ou a falta dela, nas ruas e na internet, o ambiente e a falta de estruturas eficazes para reduzir o desperd\u00edcio, os Direitos da Crian\u00e7a que ainda n\u00e3o s\u00e3o totalmente respeitados e a falta de servi\u00e7os culturais, desportivos, educativos e outros que tanta falta fazem em muitas zonas do pa\u00eds.\u00a0<\/span><span data-ccp-props=\"{&quot;201341983&quot;:0,&quot;335551550&quot;:6,&quot;335551620&quot;:6,&quot;335559739&quot;:160,&quot;335559740&quot;:259}\">\u00a0<\/span><\/p>\n<p><span data-contrast=\"auto\">Nesta sequ\u00eancia, elaboraram um inqu\u00e9rito que, entretanto, j\u00e1 est\u00e1 a ser divulgado, tamb\u00e9m com a participa\u00e7\u00e3o do grupo, junto dos seus amigos, dos amigos dos amigos que tenham menos de 18 anos de idade. <\/span><span data-ccp-props=\"{&quot;201341983&quot;:0,&quot;335551550&quot;:6,&quot;335551620&quot;:6,&quot;335559739&quot;:160,&quot;335559740&quot;:259}\">\u00a0<\/span><\/p>\n<p><span data-ccp-props=\"{&quot;201341983&quot;:0,&quot;335559739&quot;:160,&quot;335559740&quot;:259}\">\u00a0<\/span><span data-contrast=\"auto\">A quem queira participar nesta miss\u00e3o, pode faz\u00ea-lo nesta p\u00e1gina da Web:<\/span><span data-ccp-props=\"{&quot;201341983&quot;:0,&quot;335559739&quot;:160,&quot;335559740&quot;:259}\">\u00a0<\/span><\/p>\n<p><a href=\"https:\/\/ucpresearch.qualtrics.com\/jfe\/form\/SV_8c6zoSjD0ESyktM\"><span data-contrast=\"auto\">https:\/\/ucpresearch.qualtrics.com\/jfe\/form\/SV_8c6zoSjD0ESyktM<\/span><span data-ccp-props=\"{&quot;201341983&quot;:0,&quot;335559739&quot;:160,&quot;335559740&quot;:259}\">\u00a0<\/span><\/a><\/p>\n<p><span data-ccp-props=\"{&quot;134233117&quot;:false,&quot;134233118&quot;:false,&quot;201341983&quot;:0,&quot;335551550&quot;:6,&quot;335551620&quot;:6,&quot;335559738&quot;:0,&quot;335559739&quot;:0,&quot;335559740&quot;:360}\"> <img fetchpriority=\"high\" decoding=\"async\" class=\"alignnone wp-image-20071 size-full\" src=\"https:\/\/iacrianca.pt\/wp-content\/uploads\/unicef.jpg\" alt=\"\" width=\"1438\" height=\"809\" srcset=\"https:\/\/iacrianca.pt\/wp-content\/uploads\/unicef.jpg 1438w, https:\/\/iacrianca.pt\/wp-content\/uploads\/unicef-300x169.jpg 300w, https:\/\/iacrianca.pt\/wp-content\/uploads\/unicef-1024x576.jpg 1024w, https:\/\/iacrianca.pt\/wp-content\/uploads\/unicef-768x432.jpg 768w\" sizes=\"(max-width: 1438px) 100vw, 1438px\" \/> <img decoding=\"async\" class=\"alignnone wp-image-20073 size-full\" src=\"https:\/\/iacrianca.pt\/wp-content\/uploads\/unicef3.jpg\" alt=\"\" width=\"1497\" height=\"842\" srcset=\"https:\/\/iacrianca.pt\/wp-content\/uploads\/unicef3.jpg 1497w, https:\/\/iacrianca.pt\/wp-content\/uploads\/unicef3-300x169.jpg 300w, https:\/\/iacrianca.pt\/wp-content\/uploads\/unicef3-1024x576.jpg 1024w, https:\/\/iacrianca.pt\/wp-content\/uploads\/unicef3-768x432.jpg 768w\" sizes=\"(max-width: 1497px) 100vw, 1497px\" \/> <img decoding=\"async\" class=\"alignnone wp-image-20075 size-full\" src=\"https:\/\/iacrianca.pt\/wp-content\/uploads\/unicef4.jpg\" alt=\"\" width=\"1438\" height=\"809\" srcset=\"https:\/\/iacrianca.pt\/wp-content\/uploads\/unicef4.jpg 1438w, https:\/\/iacrianca.pt\/wp-content\/uploads\/unicef4-300x169.jpg 300w, https:\/\/iacrianca.pt\/wp-content\/uploads\/unicef4-1024x576.jpg 1024w, https:\/\/iacrianca.pt\/wp-content\/uploads\/unicef4-768x432.jpg 768w\" sizes=\"(max-width: 1438px) 100vw, 1438px\" \/><\/span><\/p>\n","protected":false},"excerpt":{"rendered":"<p>Um grupo de crian\u00e7as e jovens de v\u00e1rios pontos do pa\u00eds participaram num encontro promovido pela UNICEF Portugal, na Biblioteca Municipal de Vila Franca de Xira, para se conhecerem pessoalmente e elaborarem um inqu\u00e9rito dirigido a outras crian\u00e7as e jovens. Erguida na zona ribeirinha da cidade, com o rio Tejo como \u201cpano de fundo\u201d a&hellip;<\/p>\n","protected":false},"author":2,"featured_media":20069,"comment_status":"open","ping_status":"open","sticky":false,"template":"","format":"standard","meta":{"_acf_changed":false,"footnotes":""},"categories":[63],"tags":[],"class_list":["post-20068","post","type-post","status-publish","format-standard","has-post-thumbnail","hentry","category-newsletter","category-63","description-off"],"acf":[],"yoast_head":"<!-- This site is optimized with the Yoast SEO plugin v27.4 - https:\/\/yoast.com\/product\/yoast-seo-wordpress\/ -->\n<title>O IAC integra o Grupo Consultivo da Unicef \u201cTenho voto na mat\u00e9ria 2023\u201d | Instituto de Apoio \u00e0 Crian\u00e7a<\/title>\n<meta name=\"robots\" content=\"index, follow, max-snippet:-1, max-image-preview:large, max-video-preview:-1\" \/>\n<link rel=\"canonical\" href=\"https:\/\/iacrianca.pt\/en\/2023\/11\/o-iac-integra-o-grupo-consultivo-da-unicef-tenho-voto-na-materia-2023\/\" \/>\n<meta property=\"og:locale\" content=\"en_US\" \/>\n<meta property=\"og:type\" content=\"article\" \/>\n<meta property=\"og:title\" content=\"O IAC integra o Grupo Consultivo da Unicef \u201cTenho voto na mat\u00e9ria 2023\u201d | Instituto de Apoio \u00e0 Crian\u00e7a\" \/>\n<meta property=\"og:description\" content=\"Um grupo de crian\u00e7as e jovens de v\u00e1rios pontos do pa\u00eds participaram num encontro promovido pela UNICEF Portugal, na Biblioteca Municipal de Vila Franca de Xira, para se conhecerem pessoalmente e elaborarem um inqu\u00e9rito dirigido a outras crian\u00e7as e jovens. Erguida na zona ribeirinha da cidade, com o rio Tejo como \u201cpano de fundo\u201d a&hellip;\" \/>\n<meta property=\"og:url\" content=\"https:\/\/iacrianca.pt\/en\/2023\/11\/o-iac-integra-o-grupo-consultivo-da-unicef-tenho-voto-na-materia-2023\/\" \/>\n<meta property=\"og:site_name\" content=\"Instituto de Apoio \u00e0 Crian\u00e7a\" \/>\n<meta property=\"article:publisher\" content=\"https:\/\/www.facebook.com\/iacinstitutodeapoioacrianca\" \/>\n<meta property=\"article:published_time\" content=\"2023-11-03T16:16:06+00:00\" \/>\n<meta property=\"article:modified_time\" content=\"2023-11-09T14:50:38+00:00\" \/>\n<meta property=\"og:image\" content=\"https:\/\/iacrianca.pt\/wp-content\/uploads\/unicef2.jpg\" \/>\n\t<meta property=\"og:image:width\" content=\"1438\" \/>\n\t<meta property=\"og:image:height\" content=\"809\" \/>\n\t<meta property=\"og:image:type\" content=\"image\/jpeg\" \/>\n<meta name=\"author\" content=\"Administra\u00e7\u00e3o IAC\" \/>\n<meta name=\"twitter:card\" content=\"summary_large_image\" \/>\n<meta name=\"twitter:creator\" content=\"@iacapoiocrianca\" \/>\n<meta name=\"twitter:site\" content=\"@iacapoiocrianca\" \/>\n<meta name=\"twitter:label1\" content=\"Written by\" \/>\n\t<meta name=\"twitter:data1\" content=\"Administra\u00e7\u00e3o IAC\" \/>\n\t<meta name=\"twitter:label2\" content=\"Est. reading time\" \/>\n\t<meta name=\"twitter:data2\" content=\"3 minutes\" \/>\n<script type=\"application\/ld+json\" class=\"yoast-schema-graph\">{\"@context\":\"https:\\\/\\\/schema.org\",\"@graph\":[{\"@type\":\"Article\",\"@id\":\"https:\\\/\\\/iacrianca.pt\\\/en\\\/2023\\\/11\\\/o-iac-integra-o-grupo-consultivo-da-unicef-tenho-voto-na-materia-2023\\\/#article\",\"isPartOf\":{\"@id\":\"https:\\\/\\\/iacrianca.pt\\\/en\\\/2023\\\/11\\\/o-iac-integra-o-grupo-consultivo-da-unicef-tenho-voto-na-materia-2023\\\/\"},\"author\":{\"name\":\"Administra\u00e7\u00e3o IAC\",\"@id\":\"https:\\\/\\\/iacrianca.pt\\\/en\\\/#\\\/schema\\\/person\\\/1c48c6e4b70d0dc7360e4b28ceaa5f6b\"},\"headline\":\"O IAC integra o Grupo Consultivo da Unicef \u201cTenho voto na mat\u00e9ria 2023\u201d\",\"datePublished\":\"2023-11-03T16:16:06+00:00\",\"dateModified\":\"2023-11-09T14:50:38+00:00\",\"mainEntityOfPage\":{\"@id\":\"https:\\\/\\\/iacrianca.pt\\\/en\\\/2023\\\/11\\\/o-iac-integra-o-grupo-consultivo-da-unicef-tenho-voto-na-materia-2023\\\/\"},\"wordCount\":370,\"commentCount\":0,\"publisher\":{\"@id\":\"https:\\\/\\\/iacrianca.pt\\\/en\\\/#organization\"},\"image\":{\"@id\":\"https:\\\/\\\/iacrianca.pt\\\/en\\\/2023\\\/11\\\/o-iac-integra-o-grupo-consultivo-da-unicef-tenho-voto-na-materia-2023\\\/#primaryimage\"},\"thumbnailUrl\":\"https:\\\/\\\/iacrianca.pt\\\/wp-content\\\/uploads\\\/unicef2.jpg\",\"articleSection\":[\"Newsletter\"],\"inLanguage\":\"en-US\",\"potentialAction\":[{\"@type\":\"CommentAction\",\"name\":\"Comment\",\"target\":[\"https:\\\/\\\/iacrianca.pt\\\/en\\\/2023\\\/11\\\/o-iac-integra-o-grupo-consultivo-da-unicef-tenho-voto-na-materia-2023\\\/#respond\"]}]},{\"@type\":\"WebPage\",\"@id\":\"https:\\\/\\\/iacrianca.pt\\\/en\\\/2023\\\/11\\\/o-iac-integra-o-grupo-consultivo-da-unicef-tenho-voto-na-materia-2023\\\/\",\"url\":\"https:\\\/\\\/iacrianca.pt\\\/en\\\/2023\\\/11\\\/o-iac-integra-o-grupo-consultivo-da-unicef-tenho-voto-na-materia-2023\\\/\",\"name\":\"O IAC integra o Grupo Consultivo da Unicef \u201cTenho voto na mat\u00e9ria 2023\u201d | Instituto de Apoio \u00e0 Crian\u00e7a\",\"isPartOf\":{\"@id\":\"https:\\\/\\\/iacrianca.pt\\\/en\\\/#website\"},\"primaryImageOfPage\":{\"@id\":\"https:\\\/\\\/iacrianca.pt\\\/en\\\/2023\\\/11\\\/o-iac-integra-o-grupo-consultivo-da-unicef-tenho-voto-na-materia-2023\\\/#primaryimage\"},\"image\":{\"@id\":\"https:\\\/\\\/iacrianca.pt\\\/en\\\/2023\\\/11\\\/o-iac-integra-o-grupo-consultivo-da-unicef-tenho-voto-na-materia-2023\\\/#primaryimage\"},\"thumbnailUrl\":\"https:\\\/\\\/iacrianca.pt\\\/wp-content\\\/uploads\\\/unicef2.jpg\",\"datePublished\":\"2023-11-03T16:16:06+00:00\",\"dateModified\":\"2023-11-09T14:50:38+00:00\",\"breadcrumb\":{\"@id\":\"https:\\\/\\\/iacrianca.pt\\\/en\\\/2023\\\/11\\\/o-iac-integra-o-grupo-consultivo-da-unicef-tenho-voto-na-materia-2023\\\/#breadcrumb\"},\"inLanguage\":\"en-US\",\"potentialAction\":[{\"@type\":\"ReadAction\",\"target\":[\"https:\\\/\\\/iacrianca.pt\\\/en\\\/2023\\\/11\\\/o-iac-integra-o-grupo-consultivo-da-unicef-tenho-voto-na-materia-2023\\\/\"]}]},{\"@type\":\"ImageObject\",\"inLanguage\":\"en-US\",\"@id\":\"https:\\\/\\\/iacrianca.pt\\\/en\\\/2023\\\/11\\\/o-iac-integra-o-grupo-consultivo-da-unicef-tenho-voto-na-materia-2023\\\/#primaryimage\",\"url\":\"https:\\\/\\\/iacrianca.pt\\\/wp-content\\\/uploads\\\/unicef2.jpg\",\"contentUrl\":\"https:\\\/\\\/iacrianca.pt\\\/wp-content\\\/uploads\\\/unicef2.jpg\",\"width\":1438,\"height\":809},{\"@type\":\"BreadcrumbList\",\"@id\":\"https:\\\/\\\/iacrianca.pt\\\/en\\\/2023\\\/11\\\/o-iac-integra-o-grupo-consultivo-da-unicef-tenho-voto-na-materia-2023\\\/#breadcrumb\",\"itemListElement\":[{\"@type\":\"ListItem\",\"position\":1,\"name\":\"In\u00edcio\",\"item\":\"https:\\\/\\\/iacrianca.pt\\\/en\\\/\"},{\"@type\":\"ListItem\",\"position\":2,\"name\":\"O IAC integra o Grupo Consultivo da Unicef \u201cTenho voto na mat\u00e9ria 2023\u201d\"}]},{\"@type\":\"WebSite\",\"@id\":\"https:\\\/\\\/iacrianca.pt\\\/en\\\/#website\",\"url\":\"https:\\\/\\\/iacrianca.pt\\\/en\\\/\",\"name\":\"Instituto de Apoio \u00e0 Crian\u00e7a\",\"description\":\"Desde 1983 na defesa e promo\u00e7\u00e3o dos direitos da crian\u00e7a\",\"publisher\":{\"@id\":\"https:\\\/\\\/iacrianca.pt\\\/en\\\/#organization\"},\"potentialAction\":[{\"@type\":\"SearchAction\",\"target\":{\"@type\":\"EntryPoint\",\"urlTemplate\":\"https:\\\/\\\/iacrianca.pt\\\/en\\\/?s={search_term_string}\"},\"query-input\":{\"@type\":\"PropertyValueSpecification\",\"valueRequired\":true,\"valueName\":\"search_term_string\"}}],\"inLanguage\":\"en-US\"},{\"@type\":\"Organization\",\"@id\":\"https:\\\/\\\/iacrianca.pt\\\/en\\\/#organization\",\"name\":\"Instituto de Apoio \u00e0 Crian\u00e7a\",\"url\":\"https:\\\/\\\/iacrianca.pt\\\/en\\\/\",\"logo\":{\"@type\":\"ImageObject\",\"inLanguage\":\"en-US\",\"@id\":\"https:\\\/\\\/iacrianca.pt\\\/en\\\/#\\\/schema\\\/logo\\\/image\\\/\",\"url\":\"https:\\\/\\\/iacrianca.pt\\\/wp-content\\\/uploads\\\/2020\\\/04\\\/logo-iac-SD.jpg\",\"contentUrl\":\"https:\\\/\\\/iacrianca.pt\\\/wp-content\\\/uploads\\\/2020\\\/04\\\/logo-iac-SD.jpg\",\"width\":152,\"height\":73,\"caption\":\"Instituto de Apoio \u00e0 Crian\u00e7a\"},\"image\":{\"@id\":\"https:\\\/\\\/iacrianca.pt\\\/en\\\/#\\\/schema\\\/logo\\\/image\\\/\"},\"sameAs\":[\"https:\\\/\\\/www.facebook.com\\\/iacinstitutodeapoioacrianca\",\"https:\\\/\\\/x.com\\\/iacapoiocrianca\",\"https:\\\/\\\/www.youtube.com\\\/channel\\\/UC0jjfZ_xkN_59gJf_RQ-ZnQ\",\"https:\\\/\\\/www.linkedin.com\\\/company\\\/instituto-de-apoio--criana\\\/\",\"https:\\\/\\\/www.instagram.com\\\/iacinstitutodeapoioacrianca\\\/\",\"https:\\\/\\\/criancasatortoeadireitos.wordpress.com\\\/\"]},{\"@type\":\"Person\",\"@id\":\"https:\\\/\\\/iacrianca.pt\\\/en\\\/#\\\/schema\\\/person\\\/1c48c6e4b70d0dc7360e4b28ceaa5f6b\",\"name\":\"Administra\u00e7\u00e3o IAC\",\"image\":{\"@type\":\"ImageObject\",\"inLanguage\":\"en-US\",\"@id\":\"https:\\\/\\\/secure.gravatar.com\\\/avatar\\\/60b998c71de37dcc1398fc6d48c6b5ed7533e3ceec837c948055f072e3158ff1?s=96&d=mm&r=g\",\"url\":\"https:\\\/\\\/secure.gravatar.com\\\/avatar\\\/60b998c71de37dcc1398fc6d48c6b5ed7533e3ceec837c948055f072e3158ff1?s=96&d=mm&r=g\",\"contentUrl\":\"https:\\\/\\\/secure.gravatar.com\\\/avatar\\\/60b998c71de37dcc1398fc6d48c6b5ed7533e3ceec837c948055f072e3158ff1?s=96&d=mm&r=g\",\"caption\":\"Administra\u00e7\u00e3o IAC\"}}]}<\/script>\n<!-- \/ Yoast SEO plugin. -->","yoast_head_json":{"title":"O IAC integra o Grupo Consultivo da Unicef \u201cTenho voto na mat\u00e9ria 2023\u201d | Instituto de Apoio \u00e0 Crian\u00e7a","robots":{"index":"index","follow":"follow","max-snippet":"max-snippet:-1","max-image-preview":"max-image-preview:large","max-video-preview":"max-video-preview:-1"},"canonical":"https:\/\/iacrianca.pt\/en\/2023\/11\/o-iac-integra-o-grupo-consultivo-da-unicef-tenho-voto-na-materia-2023\/","og_locale":"en_US","og_type":"article","og_title":"O IAC integra o Grupo Consultivo da Unicef \u201cTenho voto na mat\u00e9ria 2023\u201d | Instituto de Apoio \u00e0 Crian\u00e7a","og_description":"Um grupo de crian\u00e7as e jovens de v\u00e1rios pontos do pa\u00eds participaram num encontro promovido pela UNICEF Portugal, na Biblioteca Municipal de Vila Franca de Xira, para se conhecerem pessoalmente e elaborarem um inqu\u00e9rito dirigido a outras crian\u00e7as e jovens. Erguida na zona ribeirinha da cidade, com o rio Tejo como \u201cpano de fundo\u201d a&hellip;","og_url":"https:\/\/iacrianca.pt\/en\/2023\/11\/o-iac-integra-o-grupo-consultivo-da-unicef-tenho-voto-na-materia-2023\/","og_site_name":"Instituto de Apoio \u00e0 Crian\u00e7a","article_publisher":"https:\/\/www.facebook.com\/iacinstitutodeapoioacrianca","article_published_time":"2023-11-03T16:16:06+00:00","article_modified_time":"2023-11-09T14:50:38+00:00","og_image":[{"width":1438,"height":809,"url":"https:\/\/iacrianca.pt\/wp-content\/uploads\/unicef2.jpg","type":"image\/jpeg"}],"author":"Administra\u00e7\u00e3o IAC","twitter_card":"summary_large_image","twitter_creator":"@iacapoiocrianca","twitter_site":"@iacapoiocrianca","twitter_misc":{"Written by":"Administra\u00e7\u00e3o IAC","Est. reading time":"3 minutes"},"schema":{"@context":"https:\/\/schema.org","@graph":[{"@type":"Article","@id":"https:\/\/iacrianca.pt\/en\/2023\/11\/o-iac-integra-o-grupo-consultivo-da-unicef-tenho-voto-na-materia-2023\/#article","isPartOf":{"@id":"https:\/\/iacrianca.pt\/en\/2023\/11\/o-iac-integra-o-grupo-consultivo-da-unicef-tenho-voto-na-materia-2023\/"},"author":{"name":"Administra\u00e7\u00e3o IAC","@id":"https:\/\/iacrianca.pt\/en\/#\/schema\/person\/1c48c6e4b70d0dc7360e4b28ceaa5f6b"},"headline":"O IAC integra o Grupo Consultivo da Unicef \u201cTenho voto na mat\u00e9ria 2023\u201d","datePublished":"2023-11-03T16:16:06+00:00","dateModified":"2023-11-09T14:50:38+00:00","mainEntityOfPage":{"@id":"https:\/\/iacrianca.pt\/en\/2023\/11\/o-iac-integra-o-grupo-consultivo-da-unicef-tenho-voto-na-materia-2023\/"},"wordCount":370,"commentCount":0,"publisher":{"@id":"https:\/\/iacrianca.pt\/en\/#organization"},"image":{"@id":"https:\/\/iacrianca.pt\/en\/2023\/11\/o-iac-integra-o-grupo-consultivo-da-unicef-tenho-voto-na-materia-2023\/#primaryimage"},"thumbnailUrl":"https:\/\/iacrianca.pt\/wp-content\/uploads\/unicef2.jpg","articleSection":["Newsletter"],"inLanguage":"en-US","potentialAction":[{"@type":"CommentAction","name":"Comment","target":["https:\/\/iacrianca.pt\/en\/2023\/11\/o-iac-integra-o-grupo-consultivo-da-unicef-tenho-voto-na-materia-2023\/#respond"]}]},{"@type":"WebPage","@id":"https:\/\/iacrianca.pt\/en\/2023\/11\/o-iac-integra-o-grupo-consultivo-da-unicef-tenho-voto-na-materia-2023\/","url":"https:\/\/iacrianca.pt\/en\/2023\/11\/o-iac-integra-o-grupo-consultivo-da-unicef-tenho-voto-na-materia-2023\/","name":"O IAC integra o Grupo Consultivo da Unicef \u201cTenho voto na mat\u00e9ria 2023\u201d | Instituto de Apoio \u00e0 Crian\u00e7a","isPartOf":{"@id":"https:\/\/iacrianca.pt\/en\/#website"},"primaryImageOfPage":{"@id":"https:\/\/iacrianca.pt\/en\/2023\/11\/o-iac-integra-o-grupo-consultivo-da-unicef-tenho-voto-na-materia-2023\/#primaryimage"},"image":{"@id":"https:\/\/iacrianca.pt\/en\/2023\/11\/o-iac-integra-o-grupo-consultivo-da-unicef-tenho-voto-na-materia-2023\/#primaryimage"},"thumbnailUrl":"https:\/\/iacrianca.pt\/wp-content\/uploads\/unicef2.jpg","datePublished":"2023-11-03T16:16:06+00:00","dateModified":"2023-11-09T14:50:38+00:00","breadcrumb":{"@id":"https:\/\/iacrianca.pt\/en\/2023\/11\/o-iac-integra-o-grupo-consultivo-da-unicef-tenho-voto-na-materia-2023\/#breadcrumb"},"inLanguage":"en-US","potentialAction":[{"@type":"ReadAction","target":["https:\/\/iacrianca.pt\/en\/2023\/11\/o-iac-integra-o-grupo-consultivo-da-unicef-tenho-voto-na-materia-2023\/"]}]},{"@type":"ImageObject","inLanguage":"en-US","@id":"https:\/\/iacrianca.pt\/en\/2023\/11\/o-iac-integra-o-grupo-consultivo-da-unicef-tenho-voto-na-materia-2023\/#primaryimage","url":"https:\/\/iacrianca.pt\/wp-content\/uploads\/unicef2.jpg","contentUrl":"https:\/\/iacrianca.pt\/wp-content\/uploads\/unicef2.jpg","width":1438,"height":809},{"@type":"BreadcrumbList","@id":"https:\/\/iacrianca.pt\/en\/2023\/11\/o-iac-integra-o-grupo-consultivo-da-unicef-tenho-voto-na-materia-2023\/#breadcrumb","itemListElement":[{"@type":"ListItem","position":1,"name":"In\u00edcio","item":"https:\/\/iacrianca.pt\/en\/"},{"@type":"ListItem","position":2,"name":"O IAC integra o Grupo Consultivo da Unicef \u201cTenho voto na mat\u00e9ria 2023\u201d"}]},{"@type":"WebSite","@id":"https:\/\/iacrianca.pt\/en\/#website","url":"https:\/\/iacrianca.pt\/en\/","name":"Instituto de Apoio \u00e0 Crian\u00e7a","description":"Desde 1983 na defesa e promo\u00e7\u00e3o dos direitos da crian\u00e7a","publisher":{"@id":"https:\/\/iacrianca.pt\/en\/#organization"},"potentialAction":[{"@type":"SearchAction","target":{"@type":"EntryPoint","urlTemplate":"https:\/\/iacrianca.pt\/en\/?s={search_term_string}"},"query-input":{"@type":"PropertyValueSpecification","valueRequired":true,"valueName":"search_term_string"}}],"inLanguage":"en-US"},{"@type":"Organization","@id":"https:\/\/iacrianca.pt\/en\/#organization","name":"Instituto de Apoio \u00e0 Crian\u00e7a","url":"https:\/\/iacrianca.pt\/en\/","logo":{"@type":"ImageObject","inLanguage":"en-US","@id":"https:\/\/iacrianca.pt\/en\/#\/schema\/logo\/image\/","url":"https:\/\/iacrianca.pt\/wp-content\/uploads\/2020\/04\/logo-iac-SD.jpg","contentUrl":"https:\/\/iacrianca.pt\/wp-content\/uploads\/2020\/04\/logo-iac-SD.jpg","width":152,"height":73,"caption":"Instituto de Apoio \u00e0 Crian\u00e7a"},"image":{"@id":"https:\/\/iacrianca.pt\/en\/#\/schema\/logo\/image\/"},"sameAs":["https:\/\/www.facebook.com\/iacinstitutodeapoioacrianca","https:\/\/x.com\/iacapoiocrianca","https:\/\/www.youtube.com\/channel\/UC0jjfZ_xkN_59gJf_RQ-ZnQ","https:\/\/www.linkedin.com\/company\/instituto-de-apoio--criana\/","https:\/\/www.instagram.com\/iacinstitutodeapoioacrianca\/","https:\/\/criancasatortoeadireitos.wordpress.com\/"]},{"@type":"Person","@id":"https:\/\/iacrianca.pt\/en\/#\/schema\/person\/1c48c6e4b70d0dc7360e4b28ceaa5f6b","name":"Administra\u00e7\u00e3o IAC","image":{"@type":"ImageObject","inLanguage":"en-US","@id":"https:\/\/secure.gravatar.com\/avatar\/60b998c71de37dcc1398fc6d48c6b5ed7533e3ceec837c948055f072e3158ff1?s=96&d=mm&r=g","url":"https:\/\/secure.gravatar.com\/avatar\/60b998c71de37dcc1398fc6d48c6b5ed7533e3ceec837c948055f072e3158ff1?s=96&d=mm&r=g","contentUrl":"https:\/\/secure.gravatar.com\/avatar\/60b998c71de37dcc1398fc6d48c6b5ed7533e3ceec837c948055f072e3158ff1?s=96&d=mm&r=g","caption":"Administra\u00e7\u00e3o IAC"}}]}},"_links":{"self":[{"href":"https:\/\/iacrianca.pt\/en\/wp-json\/wp\/v2\/posts\/20068","targetHints":{"allow":["GET"]}}],"collection":[{"href":"https:\/\/iacrianca.pt\/en\/wp-json\/wp\/v2\/posts"}],"about":[{"href":"https:\/\/iacrianca.pt\/en\/wp-json\/wp\/v2\/types\/post"}],"author":[{"embeddable":true,"href":"https:\/\/iacrianca.pt\/en\/wp-json\/wp\/v2\/users\/2"}],"replies":[{"embeddable":true,"href":"https:\/\/iacrianca.pt\/en\/wp-json\/wp\/v2\/comments?post=20068"}],"version-history":[{"count":0,"href":"https:\/\/iacrianca.pt\/en\/wp-json\/wp\/v2\/posts\/20068\/revisions"}],"wp:featuredmedia":[{"embeddable":true,"href":"https:\/\/iacrianca.pt\/en\/wp-json\/wp\/v2\/media\/20069"}],"wp:attachment":[{"href":"https:\/\/iacrianca.pt\/en\/wp-json\/wp\/v2\/media?parent=20068"}],"wp:term":[{"taxonomy":"category","embeddable":true,"href":"https:\/\/iacrianca.pt\/en\/wp-json\/wp\/v2\/categories?post=20068"},{"taxonomy":"post_tag","embeddable":true,"href":"https:\/\/iacrianca.pt\/en\/wp-json\/wp\/v2\/tags?post=20068"}],"curies":[{"name":"wp","href":"https:\/\/api.w.org\/{rel}","templated":true}]}}