{"id":20370,"date":"2024-01-03T14:46:17","date_gmt":"2024-01-03T14:46:17","guid":{"rendered":"https:\/\/iacrianca.pt\/?p=20370"},"modified":"2024-01-12T14:31:41","modified_gmt":"2024-01-12T14:31:41","slug":"encontro-e-reuniao-anuais-da-rede-construir-juntos","status":"publish","type":"post","link":"https:\/\/iacrianca.pt\/en\/2024\/01\/encontro-e-reuniao-anuais-da-rede-construir-juntos\/","title":{"rendered":"Encontro e Reuni\u00e3o Anuais da Rede Construir Juntos"},"content":{"rendered":"<p style=\"text-align: center;\">\u201cIsto N\u00e3o acontece s\u00f3 aos outros \u2013 Vamos falar de seguran\u00e7a no ambiente digital\u201d<\/p>\n<p>\u00c9 verdade! \u201cIsto N\u00e3o acontece s\u00f3 aos outros \u2013 vamos falar de seguran\u00e7a no ambiente digital\u201d, foi o tema do Encontro Anual da Rede Construir Juntos que decorreu online no dia de 12 de dezembro, durante a manh\u00e3, com a presen\u00e7a de 49 participantes.<\/p>\n<p>A Dr\u00aa Dulce Rocha, Presidente da Dire\u00e7\u00e3o do Instituto de Apoio \u00e0 Crian\u00e7a, deu as boas vindas a todos os participantes, referindo a pertin\u00eancia da tem\u00e1tica e salientando que o trauma \u00e9 tremendamente impactante na vida da crian\u00e7a \u2013 v\u00edtima, nomeadamente em situa\u00e7\u00f5es de abusos sexuais e naturalmente comprometedora da sua vida futura.<\/p>\n<p>A Dr\u00aa L\u00facia Mittermayer Saraiva, Consultora do IAC no Projeto Justice Iniciative Portugal referiu que \u00e9 urgente agir agora para proteger as crian\u00e7as online e desafiou os presentes a assinar a peti\u00e7\u00e3o lan\u00e7ada no \u00e2mbito deste projeto que visa fazer lobbing\/sensibiliza\u00e7\u00e3o junto dos decisores nacionais e europeus para que haja uma legisla\u00e7\u00e3o, eficaz na dete\u00e7\u00e3o, den\u00fancia e remo\u00e7\u00e3o dos materiais de abusos sexuais na Internet, impedindo que o espa\u00e7o online seja facilitador de toda a viol\u00eancia sexual contra crian\u00e7as, na Uni\u00e3o Europeia. Deixou, no fim, uma mensagem impactante no sentido de que todos nos devemos comprometer com esta causa e que n\u00e3o se pode olhar para o lado.<\/p>\n<p>O Inspetor da Pol\u00edcia Judici\u00e1ria, Dr. Ricardo Vieira, apresentou uma comunica\u00e7\u00e3o intitulada \u201cPerigos na Internet? S\u00f3 podes estar a gozar!!, onde destacou que a internet tem imensas potencialidades, mas os perigos e os riscos de navegar online s\u00e3o in\u00fameros, nomeadamente para as crian\u00e7as e os jovens. Salientou que os utilizadores devem estar cientes das amea\u00e7as e tomar medidas para proteger as suas informa\u00e7\u00f5es pessoais. Deu alguns conselhos de como nos podemos proteger online, salientando que a conscientiza\u00e7\u00e3o sobre os perigos na Internet \u00e9 essencial e que \u00e9 muito importante partilhar com amigos e familiares os nossos conhecimentos sobre cyberseguran\u00e7a. Referiu, tamb\u00e9m, que cada vez se torna mais importante a forma\u00e7\u00e3o neste dom\u00ednio e quase\u00a0 dever\u00edamos mesmo ter um \u201cpassaporte digital\u201d. Abordou ainda a quest\u00e3o da lei de prote\u00e7\u00e3o de dados e cyberseguran\u00e7a de 2009 que \u00e9 essencial para garantir a seguran\u00e7a dos utilizadores e que, com o avan\u00e7o tenol\u00f3gico e digital, necessita urgentemente de ser revista. Terminou afirmando que a cyberseguran\u00e7a \u00e9 essencial para o funcionamento das sociedades atuais e que a responsabilidade deve ser coletiva para podermos navegar online de forma mais segura.<\/p>\n<p>De facto, esta \u00e9 uma tem\u00e1tica de extrema import\u00e2ncia, uma vez que as crian\u00e7as acedem a conte\u00fados online em idades cada vez mais precoces. Apesar de se reconhecerem excelentes<\/p>\n<p>oportunidades de aprendizagem e criatividade online, h\u00e1 tamb\u00e9m imensos riscos \u2013 fake news, cyberbullying, viola\u00e7\u00f5es de privacidade, conte\u00fado prejudicial e aliciamento.<\/p>\n<p>Neste \u00e2mbito, a UE est\u00e1 empenhada em proteger os nossos dados quando navegamos na Internet, estando atualmente a debater novas regras em mat\u00e9ria de privacidade que refor\u00e7am a confian\u00e7a e a seguran\u00e7a online para a D\u00e9cada Digital. Neste contexto, foi lan\u00e7ada a Estrat\u00e9gia para uma Internet Melhor para as Crian\u00e7as, com o objetivo de introduzir medidas espec\u00edficas para os jovens online, definindo aos seguintes princ\u00edpios: incentivar conte\u00fados mais criativos e educativos para as crian\u00e7as; promover a sensibiliza\u00e7\u00e3o e a capacita\u00e7\u00e3o atrav\u00e9s da literacia digital e de cursos de seguran\u00e7a online; criar um ambiente seguro atrav\u00e9s de configura\u00e7\u00f5es de privacidade adequadas \u00e0 idade e controlos parentais e combater o abuso e a explora\u00e7\u00e3o sexual de crian\u00e7as.<\/p>\n<p>Foram, ainda, divulgados aos presentes tr\u00eas v\u00eddeos com dicas sobre seguran\u00e7a online que os jovens da Rede Juvenil Crescer Juntos do Polo de Lisboa fizeram, no \u00e2mbito do Projeto Gera\u00e7\u00f5es online.<\/p>\n<p>Antes de terminar este Encontro decorreu a Reuni\u00e3o Anual da Rede Construir Juntos, tendo sido feito o balan\u00e7o das a\u00e7\u00f5es desenvolvidas durante o ano de 2023 e perspetivado o Plano de a\u00e7\u00e3o de 2024. Estiveram presentes 32 t\u00e9cnicos, de 17 institui\u00e7\u00f5es parceiras.<\/p>\n<p>Foi sugerido que o Encontro Anual em 2024 seja em formato presencial, com a possibilidade de ser transmitido online de forma a enquadrar as virtudes do presencial e as potencialidades do digital, chegando assim a todos os parceiros de norte a sul do pa\u00eds.<\/p>\n<p><img fetchpriority=\"high\" decoding=\"async\" class=\"alignnone wp-image-20371 size-full\" src=\"https:\/\/iacrianca.pt\/wp-content\/uploads\/encontro-anual-rcj-12-dezembro-2023-3.jpg\" alt=\"\" width=\"1920\" height=\"1080\" srcset=\"https:\/\/iacrianca.pt\/wp-content\/uploads\/encontro-anual-rcj-12-dezembro-2023-3.jpg 1920w, https:\/\/iacrianca.pt\/wp-content\/uploads\/encontro-anual-rcj-12-dezembro-2023-3-300x169.jpg 300w, https:\/\/iacrianca.pt\/wp-content\/uploads\/encontro-anual-rcj-12-dezembro-2023-3-1024x576.jpg 1024w, https:\/\/iacrianca.pt\/wp-content\/uploads\/encontro-anual-rcj-12-dezembro-2023-3-768x432.jpg 768w, https:\/\/iacrianca.pt\/wp-content\/uploads\/encontro-anual-rcj-12-dezembro-2023-3-1536x864.jpg 1536w\" sizes=\"(max-width: 1920px) 100vw, 1920px\" \/> <img decoding=\"async\" class=\"alignnone wp-image-20373 size-full\" src=\"https:\/\/iacrianca.pt\/wp-content\/uploads\/thumbnail-encontro-anual-da-rcj-2023-01.jpg\" alt=\"\" width=\"1920\" height=\"1920\" srcset=\"https:\/\/iacrianca.pt\/wp-content\/uploads\/thumbnail-encontro-anual-da-rcj-2023-01.jpg 1920w, https:\/\/iacrianca.pt\/wp-content\/uploads\/thumbnail-encontro-anual-da-rcj-2023-01-300x300.jpg 300w, https:\/\/iacrianca.pt\/wp-content\/uploads\/thumbnail-encontro-anual-da-rcj-2023-01-1024x1024.jpg 1024w, https:\/\/iacrianca.pt\/wp-content\/uploads\/thumbnail-encontro-anual-da-rcj-2023-01-150x150.jpg 150w, https:\/\/iacrianca.pt\/wp-content\/uploads\/thumbnail-encontro-anual-da-rcj-2023-01-768x768.jpg 768w, https:\/\/iacrianca.pt\/wp-content\/uploads\/thumbnail-encontro-anual-da-rcj-2023-01-1536x1536.jpg 1536w\" sizes=\"(max-width: 1920px) 100vw, 1920px\" \/><\/p>\n","protected":false},"excerpt":{"rendered":"<p>\u201cIsto N\u00e3o acontece s\u00f3 aos outros \u2013 Vamos falar de seguran\u00e7a no ambiente digital\u201d \u00c9 verdade! \u201cIsto N\u00e3o acontece s\u00f3 aos outros \u2013 vamos falar de seguran\u00e7a no ambiente digital\u201d, foi o tema do Encontro Anual da Rede Construir Juntos que decorreu online no dia de 12 de dezembro, durante a manh\u00e3, com a presen\u00e7a&hellip;<\/p>\n","protected":false},"author":2,"featured_media":20375,"comment_status":"open","ping_status":"open","sticky":false,"template":"","format":"standard","meta":{"_acf_changed":false,"footnotes":""},"categories":[63],"tags":[],"class_list":["post-20370","post","type-post","status-publish","format-standard","has-post-thumbnail","hentry","category-newsletter","category-63","description-off"],"acf":[],"yoast_head":"<!-- This site is optimized with the Yoast SEO plugin v27.5 - https:\/\/yoast.com\/product\/yoast-seo-wordpress\/ -->\n<title>Encontro e Reuni\u00e3o Anuais da Rede Construir Juntos | Instituto de Apoio \u00e0 Crian\u00e7a<\/title>\n<meta name=\"robots\" content=\"index, follow, max-snippet:-1, max-image-preview:large, max-video-preview:-1\" \/>\n<link rel=\"canonical\" href=\"https:\/\/iacrianca.pt\/en\/2024\/01\/encontro-e-reuniao-anuais-da-rede-construir-juntos\/\" \/>\n<meta property=\"og:locale\" content=\"en_US\" \/>\n<meta property=\"og:type\" content=\"article\" \/>\n<meta property=\"og:title\" content=\"Encontro e Reuni\u00e3o Anuais da Rede Construir Juntos | Instituto de Apoio \u00e0 Crian\u00e7a\" \/>\n<meta property=\"og:description\" content=\"\u201cIsto N\u00e3o acontece s\u00f3 aos outros \u2013 Vamos falar de seguran\u00e7a no ambiente digital\u201d \u00c9 verdade! \u201cIsto N\u00e3o acontece s\u00f3 aos outros \u2013 vamos falar de seguran\u00e7a no ambiente digital\u201d, foi o tema do Encontro Anual da Rede Construir Juntos que decorreu online no dia de 12 de dezembro, durante a manh\u00e3, com a presen\u00e7a&hellip;\" \/>\n<meta property=\"og:url\" content=\"https:\/\/iacrianca.pt\/en\/2024\/01\/encontro-e-reuniao-anuais-da-rede-construir-juntos\/\" \/>\n<meta property=\"og:site_name\" content=\"Instituto de Apoio \u00e0 Crian\u00e7a\" \/>\n<meta property=\"article:publisher\" content=\"https:\/\/www.facebook.com\/iacinstitutodeapoioacrianca\" \/>\n<meta property=\"article:published_time\" content=\"2024-01-03T14:46:17+00:00\" \/>\n<meta property=\"article:modified_time\" content=\"2024-01-12T14:31:41+00:00\" \/>\n<meta property=\"og:image\" content=\"https:\/\/iacrianca.pt\/wp-content\/uploads\/thumbnail-encontro-anual-rcj-12-dezembro-2023-1.jpg\" \/>\n\t<meta property=\"og:image:width\" content=\"1600\" \/>\n\t<meta property=\"og:image:height\" content=\"900\" \/>\n\t<meta property=\"og:image:type\" content=\"image\/jpeg\" \/>\n<meta name=\"author\" content=\"Administra\u00e7\u00e3o IAC\" \/>\n<meta name=\"twitter:card\" content=\"summary_large_image\" \/>\n<meta name=\"twitter:creator\" content=\"@iacapoiocrianca\" \/>\n<meta name=\"twitter:site\" content=\"@iacapoiocrianca\" \/>\n<meta name=\"twitter:label1\" content=\"Written by\" \/>\n\t<meta name=\"twitter:data1\" content=\"Administra\u00e7\u00e3o IAC\" \/>\n\t<meta name=\"twitter:label2\" content=\"Est. reading time\" \/>\n\t<meta name=\"twitter:data2\" content=\"5 minutes\" \/>\n<script type=\"application\/ld+json\" class=\"yoast-schema-graph\">{\"@context\":\"https:\\\/\\\/schema.org\",\"@graph\":[{\"@type\":\"Article\",\"@id\":\"https:\\\/\\\/iacrianca.pt\\\/en\\\/2024\\\/01\\\/encontro-e-reuniao-anuais-da-rede-construir-juntos\\\/#article\",\"isPartOf\":{\"@id\":\"https:\\\/\\\/iacrianca.pt\\\/en\\\/2024\\\/01\\\/encontro-e-reuniao-anuais-da-rede-construir-juntos\\\/\"},\"author\":{\"name\":\"Administra\u00e7\u00e3o IAC\",\"@id\":\"https:\\\/\\\/iacrianca.pt\\\/en\\\/#\\\/schema\\\/person\\\/1c48c6e4b70d0dc7360e4b28ceaa5f6b\"},\"headline\":\"Encontro e Reuni\u00e3o Anuais da Rede Construir Juntos\",\"datePublished\":\"2024-01-03T14:46:17+00:00\",\"dateModified\":\"2024-01-12T14:31:41+00:00\",\"mainEntityOfPage\":{\"@id\":\"https:\\\/\\\/iacrianca.pt\\\/en\\\/2024\\\/01\\\/encontro-e-reuniao-anuais-da-rede-construir-juntos\\\/\"},\"wordCount\":758,\"commentCount\":0,\"publisher\":{\"@id\":\"https:\\\/\\\/iacrianca.pt\\\/en\\\/#organization\"},\"image\":{\"@id\":\"https:\\\/\\\/iacrianca.pt\\\/en\\\/2024\\\/01\\\/encontro-e-reuniao-anuais-da-rede-construir-juntos\\\/#primaryimage\"},\"thumbnailUrl\":\"https:\\\/\\\/iacrianca.pt\\\/wp-content\\\/uploads\\\/thumbnail-encontro-anual-rcj-12-dezembro-2023-1.jpg\",\"articleSection\":[\"Newsletter\"],\"inLanguage\":\"en-US\",\"potentialAction\":[{\"@type\":\"CommentAction\",\"name\":\"Comment\",\"target\":[\"https:\\\/\\\/iacrianca.pt\\\/en\\\/2024\\\/01\\\/encontro-e-reuniao-anuais-da-rede-construir-juntos\\\/#respond\"]}]},{\"@type\":\"WebPage\",\"@id\":\"https:\\\/\\\/iacrianca.pt\\\/en\\\/2024\\\/01\\\/encontro-e-reuniao-anuais-da-rede-construir-juntos\\\/\",\"url\":\"https:\\\/\\\/iacrianca.pt\\\/en\\\/2024\\\/01\\\/encontro-e-reuniao-anuais-da-rede-construir-juntos\\\/\",\"name\":\"Encontro e Reuni\u00e3o Anuais da Rede Construir Juntos | Instituto de Apoio \u00e0 Crian\u00e7a\",\"isPartOf\":{\"@id\":\"https:\\\/\\\/iacrianca.pt\\\/en\\\/#website\"},\"primaryImageOfPage\":{\"@id\":\"https:\\\/\\\/iacrianca.pt\\\/en\\\/2024\\\/01\\\/encontro-e-reuniao-anuais-da-rede-construir-juntos\\\/#primaryimage\"},\"image\":{\"@id\":\"https:\\\/\\\/iacrianca.pt\\\/en\\\/2024\\\/01\\\/encontro-e-reuniao-anuais-da-rede-construir-juntos\\\/#primaryimage\"},\"thumbnailUrl\":\"https:\\\/\\\/iacrianca.pt\\\/wp-content\\\/uploads\\\/thumbnail-encontro-anual-rcj-12-dezembro-2023-1.jpg\",\"datePublished\":\"2024-01-03T14:46:17+00:00\",\"dateModified\":\"2024-01-12T14:31:41+00:00\",\"breadcrumb\":{\"@id\":\"https:\\\/\\\/iacrianca.pt\\\/en\\\/2024\\\/01\\\/encontro-e-reuniao-anuais-da-rede-construir-juntos\\\/#breadcrumb\"},\"inLanguage\":\"en-US\",\"potentialAction\":[{\"@type\":\"ReadAction\",\"target\":[\"https:\\\/\\\/iacrianca.pt\\\/en\\\/2024\\\/01\\\/encontro-e-reuniao-anuais-da-rede-construir-juntos\\\/\"]}]},{\"@type\":\"ImageObject\",\"inLanguage\":\"en-US\",\"@id\":\"https:\\\/\\\/iacrianca.pt\\\/en\\\/2024\\\/01\\\/encontro-e-reuniao-anuais-da-rede-construir-juntos\\\/#primaryimage\",\"url\":\"https:\\\/\\\/iacrianca.pt\\\/wp-content\\\/uploads\\\/thumbnail-encontro-anual-rcj-12-dezembro-2023-1.jpg\",\"contentUrl\":\"https:\\\/\\\/iacrianca.pt\\\/wp-content\\\/uploads\\\/thumbnail-encontro-anual-rcj-12-dezembro-2023-1.jpg\",\"width\":1600,\"height\":900},{\"@type\":\"BreadcrumbList\",\"@id\":\"https:\\\/\\\/iacrianca.pt\\\/en\\\/2024\\\/01\\\/encontro-e-reuniao-anuais-da-rede-construir-juntos\\\/#breadcrumb\",\"itemListElement\":[{\"@type\":\"ListItem\",\"position\":1,\"name\":\"In\u00edcio\",\"item\":\"https:\\\/\\\/iacrianca.pt\\\/en\\\/\"},{\"@type\":\"ListItem\",\"position\":2,\"name\":\"Encontro e Reuni\u00e3o Anuais da Rede Construir Juntos\"}]},{\"@type\":\"WebSite\",\"@id\":\"https:\\\/\\\/iacrianca.pt\\\/en\\\/#website\",\"url\":\"https:\\\/\\\/iacrianca.pt\\\/en\\\/\",\"name\":\"Instituto de Apoio \u00e0 Crian\u00e7a\",\"description\":\"Desde 1983 na defesa e promo\u00e7\u00e3o dos direitos da crian\u00e7a\",\"publisher\":{\"@id\":\"https:\\\/\\\/iacrianca.pt\\\/en\\\/#organization\"},\"potentialAction\":[{\"@type\":\"SearchAction\",\"target\":{\"@type\":\"EntryPoint\",\"urlTemplate\":\"https:\\\/\\\/iacrianca.pt\\\/en\\\/?s={search_term_string}\"},\"query-input\":{\"@type\":\"PropertyValueSpecification\",\"valueRequired\":true,\"valueName\":\"search_term_string\"}}],\"inLanguage\":\"en-US\"},{\"@type\":\"Organization\",\"@id\":\"https:\\\/\\\/iacrianca.pt\\\/en\\\/#organization\",\"name\":\"Instituto de Apoio \u00e0 Crian\u00e7a\",\"url\":\"https:\\\/\\\/iacrianca.pt\\\/en\\\/\",\"logo\":{\"@type\":\"ImageObject\",\"inLanguage\":\"en-US\",\"@id\":\"https:\\\/\\\/iacrianca.pt\\\/en\\\/#\\\/schema\\\/logo\\\/image\\\/\",\"url\":\"https:\\\/\\\/iacrianca.pt\\\/wp-content\\\/uploads\\\/2020\\\/04\\\/logo-iac-SD.jpg\",\"contentUrl\":\"https:\\\/\\\/iacrianca.pt\\\/wp-content\\\/uploads\\\/2020\\\/04\\\/logo-iac-SD.jpg\",\"width\":152,\"height\":73,\"caption\":\"Instituto de Apoio \u00e0 Crian\u00e7a\"},\"image\":{\"@id\":\"https:\\\/\\\/iacrianca.pt\\\/en\\\/#\\\/schema\\\/logo\\\/image\\\/\"},\"sameAs\":[\"https:\\\/\\\/www.facebook.com\\\/iacinstitutodeapoioacrianca\",\"https:\\\/\\\/x.com\\\/iacapoiocrianca\",\"https:\\\/\\\/www.youtube.com\\\/channel\\\/UC0jjfZ_xkN_59gJf_RQ-ZnQ\",\"https:\\\/\\\/www.linkedin.com\\\/company\\\/instituto-de-apoio--criana\\\/\",\"https:\\\/\\\/www.instagram.com\\\/iacinstitutodeapoioacrianca\\\/\",\"https:\\\/\\\/criancasatortoeadireitos.wordpress.com\\\/\"]},{\"@type\":\"Person\",\"@id\":\"https:\\\/\\\/iacrianca.pt\\\/en\\\/#\\\/schema\\\/person\\\/1c48c6e4b70d0dc7360e4b28ceaa5f6b\",\"name\":\"Administra\u00e7\u00e3o IAC\",\"image\":{\"@type\":\"ImageObject\",\"inLanguage\":\"en-US\",\"@id\":\"https:\\\/\\\/secure.gravatar.com\\\/avatar\\\/60b998c71de37dcc1398fc6d48c6b5ed7533e3ceec837c948055f072e3158ff1?s=96&d=mm&r=g\",\"url\":\"https:\\\/\\\/secure.gravatar.com\\\/avatar\\\/60b998c71de37dcc1398fc6d48c6b5ed7533e3ceec837c948055f072e3158ff1?s=96&d=mm&r=g\",\"contentUrl\":\"https:\\\/\\\/secure.gravatar.com\\\/avatar\\\/60b998c71de37dcc1398fc6d48c6b5ed7533e3ceec837c948055f072e3158ff1?s=96&d=mm&r=g\",\"caption\":\"Administra\u00e7\u00e3o IAC\"}}]}<\/script>\n<!-- \/ Yoast SEO plugin. -->","yoast_head_json":{"title":"Encontro e Reuni\u00e3o Anuais da Rede Construir Juntos | Instituto de Apoio \u00e0 Crian\u00e7a","robots":{"index":"index","follow":"follow","max-snippet":"max-snippet:-1","max-image-preview":"max-image-preview:large","max-video-preview":"max-video-preview:-1"},"canonical":"https:\/\/iacrianca.pt\/en\/2024\/01\/encontro-e-reuniao-anuais-da-rede-construir-juntos\/","og_locale":"en_US","og_type":"article","og_title":"Encontro e Reuni\u00e3o Anuais da Rede Construir Juntos | Instituto de Apoio \u00e0 Crian\u00e7a","og_description":"\u201cIsto N\u00e3o acontece s\u00f3 aos outros \u2013 Vamos falar de seguran\u00e7a no ambiente digital\u201d \u00c9 verdade! \u201cIsto N\u00e3o acontece s\u00f3 aos outros \u2013 vamos falar de seguran\u00e7a no ambiente digital\u201d, foi o tema do Encontro Anual da Rede Construir Juntos que decorreu online no dia de 12 de dezembro, durante a manh\u00e3, com a presen\u00e7a&hellip;","og_url":"https:\/\/iacrianca.pt\/en\/2024\/01\/encontro-e-reuniao-anuais-da-rede-construir-juntos\/","og_site_name":"Instituto de Apoio \u00e0 Crian\u00e7a","article_publisher":"https:\/\/www.facebook.com\/iacinstitutodeapoioacrianca","article_published_time":"2024-01-03T14:46:17+00:00","article_modified_time":"2024-01-12T14:31:41+00:00","og_image":[{"width":1600,"height":900,"url":"https:\/\/iacrianca.pt\/wp-content\/uploads\/thumbnail-encontro-anual-rcj-12-dezembro-2023-1.jpg","type":"image\/jpeg"}],"author":"Administra\u00e7\u00e3o IAC","twitter_card":"summary_large_image","twitter_creator":"@iacapoiocrianca","twitter_site":"@iacapoiocrianca","twitter_misc":{"Written by":"Administra\u00e7\u00e3o IAC","Est. reading time":"5 minutes"},"schema":{"@context":"https:\/\/schema.org","@graph":[{"@type":"Article","@id":"https:\/\/iacrianca.pt\/en\/2024\/01\/encontro-e-reuniao-anuais-da-rede-construir-juntos\/#article","isPartOf":{"@id":"https:\/\/iacrianca.pt\/en\/2024\/01\/encontro-e-reuniao-anuais-da-rede-construir-juntos\/"},"author":{"name":"Administra\u00e7\u00e3o IAC","@id":"https:\/\/iacrianca.pt\/en\/#\/schema\/person\/1c48c6e4b70d0dc7360e4b28ceaa5f6b"},"headline":"Encontro e Reuni\u00e3o Anuais da Rede Construir Juntos","datePublished":"2024-01-03T14:46:17+00:00","dateModified":"2024-01-12T14:31:41+00:00","mainEntityOfPage":{"@id":"https:\/\/iacrianca.pt\/en\/2024\/01\/encontro-e-reuniao-anuais-da-rede-construir-juntos\/"},"wordCount":758,"commentCount":0,"publisher":{"@id":"https:\/\/iacrianca.pt\/en\/#organization"},"image":{"@id":"https:\/\/iacrianca.pt\/en\/2024\/01\/encontro-e-reuniao-anuais-da-rede-construir-juntos\/#primaryimage"},"thumbnailUrl":"https:\/\/iacrianca.pt\/wp-content\/uploads\/thumbnail-encontro-anual-rcj-12-dezembro-2023-1.jpg","articleSection":["Newsletter"],"inLanguage":"en-US","potentialAction":[{"@type":"CommentAction","name":"Comment","target":["https:\/\/iacrianca.pt\/en\/2024\/01\/encontro-e-reuniao-anuais-da-rede-construir-juntos\/#respond"]}]},{"@type":"WebPage","@id":"https:\/\/iacrianca.pt\/en\/2024\/01\/encontro-e-reuniao-anuais-da-rede-construir-juntos\/","url":"https:\/\/iacrianca.pt\/en\/2024\/01\/encontro-e-reuniao-anuais-da-rede-construir-juntos\/","name":"Encontro e Reuni\u00e3o Anuais da Rede Construir Juntos | Instituto de Apoio \u00e0 Crian\u00e7a","isPartOf":{"@id":"https:\/\/iacrianca.pt\/en\/#website"},"primaryImageOfPage":{"@id":"https:\/\/iacrianca.pt\/en\/2024\/01\/encontro-e-reuniao-anuais-da-rede-construir-juntos\/#primaryimage"},"image":{"@id":"https:\/\/iacrianca.pt\/en\/2024\/01\/encontro-e-reuniao-anuais-da-rede-construir-juntos\/#primaryimage"},"thumbnailUrl":"https:\/\/iacrianca.pt\/wp-content\/uploads\/thumbnail-encontro-anual-rcj-12-dezembro-2023-1.jpg","datePublished":"2024-01-03T14:46:17+00:00","dateModified":"2024-01-12T14:31:41+00:00","breadcrumb":{"@id":"https:\/\/iacrianca.pt\/en\/2024\/01\/encontro-e-reuniao-anuais-da-rede-construir-juntos\/#breadcrumb"},"inLanguage":"en-US","potentialAction":[{"@type":"ReadAction","target":["https:\/\/iacrianca.pt\/en\/2024\/01\/encontro-e-reuniao-anuais-da-rede-construir-juntos\/"]}]},{"@type":"ImageObject","inLanguage":"en-US","@id":"https:\/\/iacrianca.pt\/en\/2024\/01\/encontro-e-reuniao-anuais-da-rede-construir-juntos\/#primaryimage","url":"https:\/\/iacrianca.pt\/wp-content\/uploads\/thumbnail-encontro-anual-rcj-12-dezembro-2023-1.jpg","contentUrl":"https:\/\/iacrianca.pt\/wp-content\/uploads\/thumbnail-encontro-anual-rcj-12-dezembro-2023-1.jpg","width":1600,"height":900},{"@type":"BreadcrumbList","@id":"https:\/\/iacrianca.pt\/en\/2024\/01\/encontro-e-reuniao-anuais-da-rede-construir-juntos\/#breadcrumb","itemListElement":[{"@type":"ListItem","position":1,"name":"In\u00edcio","item":"https:\/\/iacrianca.pt\/en\/"},{"@type":"ListItem","position":2,"name":"Encontro e Reuni\u00e3o Anuais da Rede Construir Juntos"}]},{"@type":"WebSite","@id":"https:\/\/iacrianca.pt\/en\/#website","url":"https:\/\/iacrianca.pt\/en\/","name":"Instituto de Apoio \u00e0 Crian\u00e7a","description":"Desde 1983 na defesa e promo\u00e7\u00e3o dos direitos da crian\u00e7a","publisher":{"@id":"https:\/\/iacrianca.pt\/en\/#organization"},"potentialAction":[{"@type":"SearchAction","target":{"@type":"EntryPoint","urlTemplate":"https:\/\/iacrianca.pt\/en\/?s={search_term_string}"},"query-input":{"@type":"PropertyValueSpecification","valueRequired":true,"valueName":"search_term_string"}}],"inLanguage":"en-US"},{"@type":"Organization","@id":"https:\/\/iacrianca.pt\/en\/#organization","name":"Instituto de Apoio \u00e0 Crian\u00e7a","url":"https:\/\/iacrianca.pt\/en\/","logo":{"@type":"ImageObject","inLanguage":"en-US","@id":"https:\/\/iacrianca.pt\/en\/#\/schema\/logo\/image\/","url":"https:\/\/iacrianca.pt\/wp-content\/uploads\/2020\/04\/logo-iac-SD.jpg","contentUrl":"https:\/\/iacrianca.pt\/wp-content\/uploads\/2020\/04\/logo-iac-SD.jpg","width":152,"height":73,"caption":"Instituto de Apoio \u00e0 Crian\u00e7a"},"image":{"@id":"https:\/\/iacrianca.pt\/en\/#\/schema\/logo\/image\/"},"sameAs":["https:\/\/www.facebook.com\/iacinstitutodeapoioacrianca","https:\/\/x.com\/iacapoiocrianca","https:\/\/www.youtube.com\/channel\/UC0jjfZ_xkN_59gJf_RQ-ZnQ","https:\/\/www.linkedin.com\/company\/instituto-de-apoio--criana\/","https:\/\/www.instagram.com\/iacinstitutodeapoioacrianca\/","https:\/\/criancasatortoeadireitos.wordpress.com\/"]},{"@type":"Person","@id":"https:\/\/iacrianca.pt\/en\/#\/schema\/person\/1c48c6e4b70d0dc7360e4b28ceaa5f6b","name":"Administra\u00e7\u00e3o IAC","image":{"@type":"ImageObject","inLanguage":"en-US","@id":"https:\/\/secure.gravatar.com\/avatar\/60b998c71de37dcc1398fc6d48c6b5ed7533e3ceec837c948055f072e3158ff1?s=96&d=mm&r=g","url":"https:\/\/secure.gravatar.com\/avatar\/60b998c71de37dcc1398fc6d48c6b5ed7533e3ceec837c948055f072e3158ff1?s=96&d=mm&r=g","contentUrl":"https:\/\/secure.gravatar.com\/avatar\/60b998c71de37dcc1398fc6d48c6b5ed7533e3ceec837c948055f072e3158ff1?s=96&d=mm&r=g","caption":"Administra\u00e7\u00e3o IAC"}}]}},"_links":{"self":[{"href":"https:\/\/iacrianca.pt\/en\/wp-json\/wp\/v2\/posts\/20370","targetHints":{"allow":["GET"]}}],"collection":[{"href":"https:\/\/iacrianca.pt\/en\/wp-json\/wp\/v2\/posts"}],"about":[{"href":"https:\/\/iacrianca.pt\/en\/wp-json\/wp\/v2\/types\/post"}],"author":[{"embeddable":true,"href":"https:\/\/iacrianca.pt\/en\/wp-json\/wp\/v2\/users\/2"}],"replies":[{"embeddable":true,"href":"https:\/\/iacrianca.pt\/en\/wp-json\/wp\/v2\/comments?post=20370"}],"version-history":[{"count":0,"href":"https:\/\/iacrianca.pt\/en\/wp-json\/wp\/v2\/posts\/20370\/revisions"}],"wp:featuredmedia":[{"embeddable":true,"href":"https:\/\/iacrianca.pt\/en\/wp-json\/wp\/v2\/media\/20375"}],"wp:attachment":[{"href":"https:\/\/iacrianca.pt\/en\/wp-json\/wp\/v2\/media?parent=20370"}],"wp:term":[{"taxonomy":"category","embeddable":true,"href":"https:\/\/iacrianca.pt\/en\/wp-json\/wp\/v2\/categories?post=20370"},{"taxonomy":"post_tag","embeddable":true,"href":"https:\/\/iacrianca.pt\/en\/wp-json\/wp\/v2\/tags?post=20370"}],"curies":[{"name":"wp","href":"https:\/\/api.w.org\/{rel}","templated":true}]}}