{"id":20400,"date":"2024-01-05T10:13:59","date_gmt":"2024-01-05T10:13:59","guid":{"rendered":"https:\/\/iacrianca.pt\/?p=20400"},"modified":"2024-01-05T10:13:59","modified_gmt":"2024-01-05T10:13:59","slug":"garantia-para-a-infancia","status":"publish","type":"post","link":"https:\/\/iacrianca.pt\/en\/2024\/01\/garantia-para-a-infancia\/","title":{"rendered":"Garantia para a Inf\u00e2ncia"},"content":{"rendered":"<p>A 13 de dezembro realizou-se no CCB em Lisboa, a primeira sess\u00e3o de <a href=\"https:\/\/www.garantiainfancia.gov.pt\/-\/kick-off-meeting-desenvolver-instrumentos-estruturais-para-apoiar-a-implementacao-da-garantia-para-a-infancia-em-portugal\">apresenta\u00e7\u00e3o<\/a> do projeto europeu\u00a0<i>&#8220;Desenvolvimento de instrumentos estruturais para apoiar a implementa\u00e7\u00e3o da Garantia para a Inf\u00e2ncia em Portugal&#8221;\u00a0<\/i>e na qual estiveram presentes Manuel Coutinho, Matilde Sirgado e Paula Pa\u00e7\u00f3 a convite da Coordenadora Nacional da Garantia para a Inf\u00e2ncia.<\/p>\n<p>O projeto em causa est\u00e1 a ser desenvolvido pela Organiza\u00e7\u00e3o para a Coopera\u00e7\u00e3o e Desenvolvimento Econ\u00f3mico (OCDE) em coopera\u00e7\u00e3o com a Dire\u00e7\u00e3o-Geral de Apoio \u00e0s Reformas Estruturais da Comiss\u00e3o Europeia (DG REFORM), e que por sua vez, ajudar\u00e1 o nosso pa\u00eds a desenvolver capacidades de monitoriza\u00e7\u00e3o e avalia\u00e7\u00e3o do plano de a\u00e7\u00e3o nacional j\u00e1 aprovado, a refor\u00e7ar quer a rede de n\u00facleos locais, quer o envolvimento dos\u00a0<i>stakeholders<\/i>\u00a0garantindo uma maior coordena\u00e7\u00e3o entre as pol\u00edticas nacionais e locais.<\/p>\n<p>Nesta sequ\u00eancia, foram programadas reuni\u00f5es de trabalho junto dos atores envolvidos na implementa\u00e7\u00e3o da Garantia para a Inf\u00e2ncia para debate sobre os principais desafios que as entidades enfrentam nas suas respetivas fun\u00e7\u00f5es ao longo deste processo. Paula Pa\u00e7\u00f3 representou o IAC numa das reuni\u00f5es com Organiza\u00e7\u00f5s da Sociedade Civil, onde tamb\u00e9m estiveram representadas a UNICEF e a EAPN Portugal e onde saiu refor\u00e7ada a import\u00e2ncia do envolvimento e participa\u00e7\u00e3o das crian\u00e7as e das fam\u00edlias alvo da GI nos processos de decis\u00e3o pol\u00edtica.<\/p>\n","protected":false},"excerpt":{"rendered":"<p>A 13 de dezembro realizou-se no CCB em Lisboa, a primeira sess\u00e3o de apresenta\u00e7\u00e3o do projeto europeu\u00a0&#8220;Desenvolvimento de instrumentos estruturais para apoiar a implementa\u00e7\u00e3o da Garantia para a Inf\u00e2ncia em Portugal&#8221;\u00a0e na qual estiveram presentes Manuel Coutinho, Matilde Sirgado e Paula Pa\u00e7\u00f3 a convite da Coordenadora Nacional da Garantia para a Inf\u00e2ncia. O projeto em&hellip;<\/p>\n","protected":false},"author":2,"featured_media":20401,"comment_status":"open","ping_status":"open","sticky":false,"template":"","format":"standard","meta":{"_acf_changed":false,"footnotes":""},"categories":[63],"tags":[],"class_list":["post-20400","post","type-post","status-publish","format-standard","has-post-thumbnail","hentry","category-newsletter","category-63","description-off"],"acf":[],"yoast_head":"<!-- This site is optimized with the Yoast SEO plugin v27.5 - https:\/\/yoast.com\/product\/yoast-seo-wordpress\/ -->\n<title>Garantia para a Inf\u00e2ncia | Instituto de Apoio \u00e0 Crian\u00e7a<\/title>\n<meta name=\"robots\" content=\"index, follow, max-snippet:-1, max-image-preview:large, max-video-preview:-1\" \/>\n<link rel=\"canonical\" href=\"https:\/\/iacrianca.pt\/en\/2024\/01\/garantia-para-a-infancia\/\" \/>\n<meta property=\"og:locale\" content=\"en_US\" \/>\n<meta property=\"og:type\" content=\"article\" \/>\n<meta property=\"og:title\" content=\"Garantia para a Inf\u00e2ncia | Instituto de Apoio \u00e0 Crian\u00e7a\" \/>\n<meta property=\"og:description\" content=\"A 13 de dezembro realizou-se no CCB em Lisboa, a primeira sess\u00e3o de apresenta\u00e7\u00e3o do projeto europeu\u00a0&#8220;Desenvolvimento de instrumentos estruturais para apoiar a implementa\u00e7\u00e3o da Garantia para a Inf\u00e2ncia em Portugal&#8221;\u00a0e na qual estiveram presentes Manuel Coutinho, Matilde Sirgado e Paula Pa\u00e7\u00f3 a convite da Coordenadora Nacional da Garantia para a Inf\u00e2ncia. O projeto em&hellip;\" \/>\n<meta property=\"og:url\" content=\"https:\/\/iacrianca.pt\/en\/2024\/01\/garantia-para-a-infancia\/\" \/>\n<meta property=\"og:site_name\" content=\"Instituto de Apoio \u00e0 Crian\u00e7a\" \/>\n<meta property=\"article:publisher\" content=\"https:\/\/www.facebook.com\/iacinstitutodeapoioacrianca\" \/>\n<meta property=\"article:published_time\" content=\"2024-01-05T10:13:59+00:00\" \/>\n<meta property=\"og:image\" content=\"https:\/\/iacrianca.pt\/wp-content\/uploads\/institutodeinformatica.jpg\" \/>\n\t<meta property=\"og:image:width\" content=\"1651\" \/>\n\t<meta property=\"og:image:height\" content=\"1238\" \/>\n\t<meta property=\"og:image:type\" content=\"image\/jpeg\" \/>\n<meta name=\"author\" content=\"Administra\u00e7\u00e3o IAC\" \/>\n<meta name=\"twitter:card\" content=\"summary_large_image\" \/>\n<meta name=\"twitter:creator\" content=\"@iacapoiocrianca\" \/>\n<meta name=\"twitter:site\" content=\"@iacapoiocrianca\" \/>\n<meta name=\"twitter:label1\" content=\"Written by\" \/>\n\t<meta name=\"twitter:data1\" content=\"Administra\u00e7\u00e3o IAC\" \/>\n\t<meta name=\"twitter:label2\" content=\"Est. reading time\" \/>\n\t<meta name=\"twitter:data2\" content=\"2 minutes\" \/>\n<script type=\"application\/ld+json\" class=\"yoast-schema-graph\">{\"@context\":\"https:\\\/\\\/schema.org\",\"@graph\":[{\"@type\":\"Article\",\"@id\":\"https:\\\/\\\/iacrianca.pt\\\/en\\\/2024\\\/01\\\/garantia-para-a-infancia\\\/#article\",\"isPartOf\":{\"@id\":\"https:\\\/\\\/iacrianca.pt\\\/en\\\/2024\\\/01\\\/garantia-para-a-infancia\\\/\"},\"author\":{\"name\":\"Administra\u00e7\u00e3o IAC\",\"@id\":\"https:\\\/\\\/iacrianca.pt\\\/en\\\/#\\\/schema\\\/person\\\/1c48c6e4b70d0dc7360e4b28ceaa5f6b\"},\"headline\":\"Garantia para a Inf\u00e2ncia\",\"datePublished\":\"2024-01-05T10:13:59+00:00\",\"mainEntityOfPage\":{\"@id\":\"https:\\\/\\\/iacrianca.pt\\\/en\\\/2024\\\/01\\\/garantia-para-a-infancia\\\/\"},\"wordCount\":252,\"commentCount\":0,\"publisher\":{\"@id\":\"https:\\\/\\\/iacrianca.pt\\\/en\\\/#organization\"},\"image\":{\"@id\":\"https:\\\/\\\/iacrianca.pt\\\/en\\\/2024\\\/01\\\/garantia-para-a-infancia\\\/#primaryimage\"},\"thumbnailUrl\":\"https:\\\/\\\/iacrianca.pt\\\/wp-content\\\/uploads\\\/institutodeinformatica.jpg\",\"articleSection\":[\"Newsletter\"],\"inLanguage\":\"en-US\",\"potentialAction\":[{\"@type\":\"CommentAction\",\"name\":\"Comment\",\"target\":[\"https:\\\/\\\/iacrianca.pt\\\/en\\\/2024\\\/01\\\/garantia-para-a-infancia\\\/#respond\"]}]},{\"@type\":\"WebPage\",\"@id\":\"https:\\\/\\\/iacrianca.pt\\\/en\\\/2024\\\/01\\\/garantia-para-a-infancia\\\/\",\"url\":\"https:\\\/\\\/iacrianca.pt\\\/en\\\/2024\\\/01\\\/garantia-para-a-infancia\\\/\",\"name\":\"Garantia para a Inf\u00e2ncia | Instituto de Apoio \u00e0 Crian\u00e7a\",\"isPartOf\":{\"@id\":\"https:\\\/\\\/iacrianca.pt\\\/en\\\/#website\"},\"primaryImageOfPage\":{\"@id\":\"https:\\\/\\\/iacrianca.pt\\\/en\\\/2024\\\/01\\\/garantia-para-a-infancia\\\/#primaryimage\"},\"image\":{\"@id\":\"https:\\\/\\\/iacrianca.pt\\\/en\\\/2024\\\/01\\\/garantia-para-a-infancia\\\/#primaryimage\"},\"thumbnailUrl\":\"https:\\\/\\\/iacrianca.pt\\\/wp-content\\\/uploads\\\/institutodeinformatica.jpg\",\"datePublished\":\"2024-01-05T10:13:59+00:00\",\"breadcrumb\":{\"@id\":\"https:\\\/\\\/iacrianca.pt\\\/en\\\/2024\\\/01\\\/garantia-para-a-infancia\\\/#breadcrumb\"},\"inLanguage\":\"en-US\",\"potentialAction\":[{\"@type\":\"ReadAction\",\"target\":[\"https:\\\/\\\/iacrianca.pt\\\/en\\\/2024\\\/01\\\/garantia-para-a-infancia\\\/\"]}]},{\"@type\":\"ImageObject\",\"inLanguage\":\"en-US\",\"@id\":\"https:\\\/\\\/iacrianca.pt\\\/en\\\/2024\\\/01\\\/garantia-para-a-infancia\\\/#primaryimage\",\"url\":\"https:\\\/\\\/iacrianca.pt\\\/wp-content\\\/uploads\\\/institutodeinformatica.jpg\",\"contentUrl\":\"https:\\\/\\\/iacrianca.pt\\\/wp-content\\\/uploads\\\/institutodeinformatica.jpg\",\"width\":1651,\"height\":1238},{\"@type\":\"BreadcrumbList\",\"@id\":\"https:\\\/\\\/iacrianca.pt\\\/en\\\/2024\\\/01\\\/garantia-para-a-infancia\\\/#breadcrumb\",\"itemListElement\":[{\"@type\":\"ListItem\",\"position\":1,\"name\":\"In\u00edcio\",\"item\":\"https:\\\/\\\/iacrianca.pt\\\/en\\\/\"},{\"@type\":\"ListItem\",\"position\":2,\"name\":\"Garantia para a Inf\u00e2ncia\"}]},{\"@type\":\"WebSite\",\"@id\":\"https:\\\/\\\/iacrianca.pt\\\/en\\\/#website\",\"url\":\"https:\\\/\\\/iacrianca.pt\\\/en\\\/\",\"name\":\"Instituto de Apoio \u00e0 Crian\u00e7a\",\"description\":\"Desde 1983 na defesa e promo\u00e7\u00e3o dos direitos da crian\u00e7a\",\"publisher\":{\"@id\":\"https:\\\/\\\/iacrianca.pt\\\/en\\\/#organization\"},\"potentialAction\":[{\"@type\":\"SearchAction\",\"target\":{\"@type\":\"EntryPoint\",\"urlTemplate\":\"https:\\\/\\\/iacrianca.pt\\\/en\\\/?s={search_term_string}\"},\"query-input\":{\"@type\":\"PropertyValueSpecification\",\"valueRequired\":true,\"valueName\":\"search_term_string\"}}],\"inLanguage\":\"en-US\"},{\"@type\":\"Organization\",\"@id\":\"https:\\\/\\\/iacrianca.pt\\\/en\\\/#organization\",\"name\":\"Instituto de Apoio \u00e0 Crian\u00e7a\",\"url\":\"https:\\\/\\\/iacrianca.pt\\\/en\\\/\",\"logo\":{\"@type\":\"ImageObject\",\"inLanguage\":\"en-US\",\"@id\":\"https:\\\/\\\/iacrianca.pt\\\/en\\\/#\\\/schema\\\/logo\\\/image\\\/\",\"url\":\"https:\\\/\\\/iacrianca.pt\\\/wp-content\\\/uploads\\\/2020\\\/04\\\/logo-iac-SD.jpg\",\"contentUrl\":\"https:\\\/\\\/iacrianca.pt\\\/wp-content\\\/uploads\\\/2020\\\/04\\\/logo-iac-SD.jpg\",\"width\":152,\"height\":73,\"caption\":\"Instituto de Apoio \u00e0 Crian\u00e7a\"},\"image\":{\"@id\":\"https:\\\/\\\/iacrianca.pt\\\/en\\\/#\\\/schema\\\/logo\\\/image\\\/\"},\"sameAs\":[\"https:\\\/\\\/www.facebook.com\\\/iacinstitutodeapoioacrianca\",\"https:\\\/\\\/x.com\\\/iacapoiocrianca\",\"https:\\\/\\\/www.youtube.com\\\/channel\\\/UC0jjfZ_xkN_59gJf_RQ-ZnQ\",\"https:\\\/\\\/www.linkedin.com\\\/company\\\/instituto-de-apoio--criana\\\/\",\"https:\\\/\\\/www.instagram.com\\\/iacinstitutodeapoioacrianca\\\/\",\"https:\\\/\\\/criancasatortoeadireitos.wordpress.com\\\/\"]},{\"@type\":\"Person\",\"@id\":\"https:\\\/\\\/iacrianca.pt\\\/en\\\/#\\\/schema\\\/person\\\/1c48c6e4b70d0dc7360e4b28ceaa5f6b\",\"name\":\"Administra\u00e7\u00e3o IAC\",\"image\":{\"@type\":\"ImageObject\",\"inLanguage\":\"en-US\",\"@id\":\"https:\\\/\\\/secure.gravatar.com\\\/avatar\\\/60b998c71de37dcc1398fc6d48c6b5ed7533e3ceec837c948055f072e3158ff1?s=96&d=mm&r=g\",\"url\":\"https:\\\/\\\/secure.gravatar.com\\\/avatar\\\/60b998c71de37dcc1398fc6d48c6b5ed7533e3ceec837c948055f072e3158ff1?s=96&d=mm&r=g\",\"contentUrl\":\"https:\\\/\\\/secure.gravatar.com\\\/avatar\\\/60b998c71de37dcc1398fc6d48c6b5ed7533e3ceec837c948055f072e3158ff1?s=96&d=mm&r=g\",\"caption\":\"Administra\u00e7\u00e3o IAC\"}}]}<\/script>\n<!-- \/ Yoast SEO plugin. -->","yoast_head_json":{"title":"Garantia para a Inf\u00e2ncia | Instituto de Apoio \u00e0 Crian\u00e7a","robots":{"index":"index","follow":"follow","max-snippet":"max-snippet:-1","max-image-preview":"max-image-preview:large","max-video-preview":"max-video-preview:-1"},"canonical":"https:\/\/iacrianca.pt\/en\/2024\/01\/garantia-para-a-infancia\/","og_locale":"en_US","og_type":"article","og_title":"Garantia para a Inf\u00e2ncia | Instituto de Apoio \u00e0 Crian\u00e7a","og_description":"A 13 de dezembro realizou-se no CCB em Lisboa, a primeira sess\u00e3o de apresenta\u00e7\u00e3o do projeto europeu\u00a0&#8220;Desenvolvimento de instrumentos estruturais para apoiar a implementa\u00e7\u00e3o da Garantia para a Inf\u00e2ncia em Portugal&#8221;\u00a0e na qual estiveram presentes Manuel Coutinho, Matilde Sirgado e Paula Pa\u00e7\u00f3 a convite da Coordenadora Nacional da Garantia para a Inf\u00e2ncia. O projeto em&hellip;","og_url":"https:\/\/iacrianca.pt\/en\/2024\/01\/garantia-para-a-infancia\/","og_site_name":"Instituto de Apoio \u00e0 Crian\u00e7a","article_publisher":"https:\/\/www.facebook.com\/iacinstitutodeapoioacrianca","article_published_time":"2024-01-05T10:13:59+00:00","og_image":[{"width":1651,"height":1238,"url":"https:\/\/iacrianca.pt\/wp-content\/uploads\/institutodeinformatica.jpg","type":"image\/jpeg"}],"author":"Administra\u00e7\u00e3o IAC","twitter_card":"summary_large_image","twitter_creator":"@iacapoiocrianca","twitter_site":"@iacapoiocrianca","twitter_misc":{"Written by":"Administra\u00e7\u00e3o IAC","Est. reading time":"2 minutes"},"schema":{"@context":"https:\/\/schema.org","@graph":[{"@type":"Article","@id":"https:\/\/iacrianca.pt\/en\/2024\/01\/garantia-para-a-infancia\/#article","isPartOf":{"@id":"https:\/\/iacrianca.pt\/en\/2024\/01\/garantia-para-a-infancia\/"},"author":{"name":"Administra\u00e7\u00e3o IAC","@id":"https:\/\/iacrianca.pt\/en\/#\/schema\/person\/1c48c6e4b70d0dc7360e4b28ceaa5f6b"},"headline":"Garantia para a Inf\u00e2ncia","datePublished":"2024-01-05T10:13:59+00:00","mainEntityOfPage":{"@id":"https:\/\/iacrianca.pt\/en\/2024\/01\/garantia-para-a-infancia\/"},"wordCount":252,"commentCount":0,"publisher":{"@id":"https:\/\/iacrianca.pt\/en\/#organization"},"image":{"@id":"https:\/\/iacrianca.pt\/en\/2024\/01\/garantia-para-a-infancia\/#primaryimage"},"thumbnailUrl":"https:\/\/iacrianca.pt\/wp-content\/uploads\/institutodeinformatica.jpg","articleSection":["Newsletter"],"inLanguage":"en-US","potentialAction":[{"@type":"CommentAction","name":"Comment","target":["https:\/\/iacrianca.pt\/en\/2024\/01\/garantia-para-a-infancia\/#respond"]}]},{"@type":"WebPage","@id":"https:\/\/iacrianca.pt\/en\/2024\/01\/garantia-para-a-infancia\/","url":"https:\/\/iacrianca.pt\/en\/2024\/01\/garantia-para-a-infancia\/","name":"Garantia para a Inf\u00e2ncia | Instituto de Apoio \u00e0 Crian\u00e7a","isPartOf":{"@id":"https:\/\/iacrianca.pt\/en\/#website"},"primaryImageOfPage":{"@id":"https:\/\/iacrianca.pt\/en\/2024\/01\/garantia-para-a-infancia\/#primaryimage"},"image":{"@id":"https:\/\/iacrianca.pt\/en\/2024\/01\/garantia-para-a-infancia\/#primaryimage"},"thumbnailUrl":"https:\/\/iacrianca.pt\/wp-content\/uploads\/institutodeinformatica.jpg","datePublished":"2024-01-05T10:13:59+00:00","breadcrumb":{"@id":"https:\/\/iacrianca.pt\/en\/2024\/01\/garantia-para-a-infancia\/#breadcrumb"},"inLanguage":"en-US","potentialAction":[{"@type":"ReadAction","target":["https:\/\/iacrianca.pt\/en\/2024\/01\/garantia-para-a-infancia\/"]}]},{"@type":"ImageObject","inLanguage":"en-US","@id":"https:\/\/iacrianca.pt\/en\/2024\/01\/garantia-para-a-infancia\/#primaryimage","url":"https:\/\/iacrianca.pt\/wp-content\/uploads\/institutodeinformatica.jpg","contentUrl":"https:\/\/iacrianca.pt\/wp-content\/uploads\/institutodeinformatica.jpg","width":1651,"height":1238},{"@type":"BreadcrumbList","@id":"https:\/\/iacrianca.pt\/en\/2024\/01\/garantia-para-a-infancia\/#breadcrumb","itemListElement":[{"@type":"ListItem","position":1,"name":"In\u00edcio","item":"https:\/\/iacrianca.pt\/en\/"},{"@type":"ListItem","position":2,"name":"Garantia para a Inf\u00e2ncia"}]},{"@type":"WebSite","@id":"https:\/\/iacrianca.pt\/en\/#website","url":"https:\/\/iacrianca.pt\/en\/","name":"Instituto de Apoio \u00e0 Crian\u00e7a","description":"Desde 1983 na defesa e promo\u00e7\u00e3o dos direitos da crian\u00e7a","publisher":{"@id":"https:\/\/iacrianca.pt\/en\/#organization"},"potentialAction":[{"@type":"SearchAction","target":{"@type":"EntryPoint","urlTemplate":"https:\/\/iacrianca.pt\/en\/?s={search_term_string}"},"query-input":{"@type":"PropertyValueSpecification","valueRequired":true,"valueName":"search_term_string"}}],"inLanguage":"en-US"},{"@type":"Organization","@id":"https:\/\/iacrianca.pt\/en\/#organization","name":"Instituto de Apoio \u00e0 Crian\u00e7a","url":"https:\/\/iacrianca.pt\/en\/","logo":{"@type":"ImageObject","inLanguage":"en-US","@id":"https:\/\/iacrianca.pt\/en\/#\/schema\/logo\/image\/","url":"https:\/\/iacrianca.pt\/wp-content\/uploads\/2020\/04\/logo-iac-SD.jpg","contentUrl":"https:\/\/iacrianca.pt\/wp-content\/uploads\/2020\/04\/logo-iac-SD.jpg","width":152,"height":73,"caption":"Instituto de Apoio \u00e0 Crian\u00e7a"},"image":{"@id":"https:\/\/iacrianca.pt\/en\/#\/schema\/logo\/image\/"},"sameAs":["https:\/\/www.facebook.com\/iacinstitutodeapoioacrianca","https:\/\/x.com\/iacapoiocrianca","https:\/\/www.youtube.com\/channel\/UC0jjfZ_xkN_59gJf_RQ-ZnQ","https:\/\/www.linkedin.com\/company\/instituto-de-apoio--criana\/","https:\/\/www.instagram.com\/iacinstitutodeapoioacrianca\/","https:\/\/criancasatortoeadireitos.wordpress.com\/"]},{"@type":"Person","@id":"https:\/\/iacrianca.pt\/en\/#\/schema\/person\/1c48c6e4b70d0dc7360e4b28ceaa5f6b","name":"Administra\u00e7\u00e3o IAC","image":{"@type":"ImageObject","inLanguage":"en-US","@id":"https:\/\/secure.gravatar.com\/avatar\/60b998c71de37dcc1398fc6d48c6b5ed7533e3ceec837c948055f072e3158ff1?s=96&d=mm&r=g","url":"https:\/\/secure.gravatar.com\/avatar\/60b998c71de37dcc1398fc6d48c6b5ed7533e3ceec837c948055f072e3158ff1?s=96&d=mm&r=g","contentUrl":"https:\/\/secure.gravatar.com\/avatar\/60b998c71de37dcc1398fc6d48c6b5ed7533e3ceec837c948055f072e3158ff1?s=96&d=mm&r=g","caption":"Administra\u00e7\u00e3o IAC"}}]}},"_links":{"self":[{"href":"https:\/\/iacrianca.pt\/en\/wp-json\/wp\/v2\/posts\/20400","targetHints":{"allow":["GET"]}}],"collection":[{"href":"https:\/\/iacrianca.pt\/en\/wp-json\/wp\/v2\/posts"}],"about":[{"href":"https:\/\/iacrianca.pt\/en\/wp-json\/wp\/v2\/types\/post"}],"author":[{"embeddable":true,"href":"https:\/\/iacrianca.pt\/en\/wp-json\/wp\/v2\/users\/2"}],"replies":[{"embeddable":true,"href":"https:\/\/iacrianca.pt\/en\/wp-json\/wp\/v2\/comments?post=20400"}],"version-history":[{"count":0,"href":"https:\/\/iacrianca.pt\/en\/wp-json\/wp\/v2\/posts\/20400\/revisions"}],"wp:featuredmedia":[{"embeddable":true,"href":"https:\/\/iacrianca.pt\/en\/wp-json\/wp\/v2\/media\/20401"}],"wp:attachment":[{"href":"https:\/\/iacrianca.pt\/en\/wp-json\/wp\/v2\/media?parent=20400"}],"wp:term":[{"taxonomy":"category","embeddable":true,"href":"https:\/\/iacrianca.pt\/en\/wp-json\/wp\/v2\/categories?post=20400"},{"taxonomy":"post_tag","embeddable":true,"href":"https:\/\/iacrianca.pt\/en\/wp-json\/wp\/v2\/tags?post=20400"}],"curies":[{"name":"wp","href":"https:\/\/api.w.org\/{rel}","templated":true}]}}