{"id":20422,"date":"2024-01-05T15:14:54","date_gmt":"2024-01-05T15:14:54","guid":{"rendered":"https:\/\/iacrianca.pt\/?p=20422"},"modified":"2024-01-12T14:53:59","modified_gmt":"2024-01-12T14:53:59","slug":"atividades-de-natal-com-as-criancas-jovens-e-familias-do-projeto-educacondado","status":"publish","type":"post","link":"https:\/\/iacrianca.pt\/en\/2024\/01\/atividades-de-natal-com-as-criancas-jovens-e-familias-do-projeto-educacondado\/","title":{"rendered":"Atividades de Natal com as crian\u00e7as, jovens e fam\u00edlias do Projeto Educa(CON)dado"},"content":{"rendered":"<p><span data-contrast=\"auto\">Costumamos dizer que o melhor fica guardado para o final, e como tal, o m\u00eas de Dezembro n\u00e3o podia fugir \u00e0 regra. Em plena \u00e9poca natal\u00edcia, as crian\u00e7as e jovens do Projeto Educa(CON)dado puderam beneficiar de v\u00e1rias atividades, algumas delas bem caracter\u00edsticas desta altura do ano. Inici\u00e1mos o m\u00eas com a decora\u00e7\u00e3o de Natal do nosso espa\u00e7o, atividade em que os nossos jovens gostam muito de participar, pois acabam por se sentir mais acolhidos e torna o ambiente mais familiar. <\/span><span data-ccp-props=\"{&quot;201341983&quot;:0,&quot;335551550&quot;:6,&quot;335551620&quot;:6,&quot;335559739&quot;:160,&quot;335559740&quot;:259}\">\u00a0<\/span><\/p>\n<p><span data-contrast=\"auto\">N\u00e3o esquecendo a import\u00e2ncia do exerc\u00edcio f\u00edsico para a sa\u00fade, as nossas crian\u00e7as participaram na Corrida Clube Pelicas S\u00e3o Silvestre da Pequenada, que decorreu no Anfiteatro Keil do Amaral e contou com o apoio do Montepio Associa\u00e7\u00e3o Mutualista. Esta atividade n\u00e3o s\u00f3 promove a pr\u00e1tica desportiva, como tamb\u00e9m incentiva o esp\u00edrito solid\u00e1rio. Al\u00e9m da corrida tiveram direito a pinturas faciais, modelagem de bal\u00f5es e ainda brincaram com a mascote Pelicas. O valor das inscri\u00e7\u00f5es reverteu na totalidade para o Instituto de Apoio \u00e0 Crian\u00e7a.\u00a0<\/span><span data-ccp-props=\"{&quot;201341983&quot;:0,&quot;335551550&quot;:6,&quot;335551620&quot;:6,&quot;335559739&quot;:160,&quot;335559740&quot;:259}\">\u00a0<\/span><\/p>\n<p><span data-contrast=\"auto\">Aproveitando o esp\u00edrito natal\u00edcio, tamb\u00e9m lev\u00e1mos as nossas crian\u00e7as ao teatro. Sendo o teatro uma atividade que auxilia as crian\u00e7as no seu crescimento pessoal, cultural e tamb\u00e9m uma atividade l\u00fadica que incentiva o uso da imagina\u00e7\u00e3o e da criatividade, fomos assistir \u00e0 pe\u00e7a \u201cO mundo m\u00e1gico de Jack\u201d, inspirada no conto \u201cJo\u00e3o e o p\u00e9 de feij\u00e3o\u201d que aborda quest\u00f5es sobre a import\u00e2ncia da coragem e determina\u00e7\u00e3o perante os desafios, na passagem da inf\u00e2ncia para a maturidade. As crian\u00e7as adoraram esta ida ao teatro e n\u00f3s adultos tamb\u00e9m. A empresa KPMG tamb\u00e9m nos ofereceu bilhetes para o Teatro Musical da Bela e do Monstro, que nos conta uma bela hist\u00f3ria de amor entre a jovem Bela e um pr\u00edncipe amaldi\u00e7oado, que foi transformado em monstro. Passa uma bela mensagem sobre beleza interior e a import\u00e2ncia de n\u00e3o julgar as pessoas pela apar\u00eancia. As crian\u00e7as e fam\u00edlias adoraram esta pe\u00e7a, cujo cen\u00e1rio deixava qualquer pessoa maravilhada.<\/span><span data-ccp-props=\"{&quot;201341983&quot;:0,&quot;335551550&quot;:6,&quot;335551620&quot;:6,&quot;335559739&quot;:160,&quot;335559740&quot;:259}\">\u00a0<\/span><\/p>\n<p><span data-contrast=\"auto\">Fomos ainda presenteados pela Teleperformance com bilhetes para o Circo do Coliseu dos Recreios, onde crian\u00e7as, jovens e suas fam\u00edlias puderam passar algum tempo de qualidade e sonhar, pois, como se costuma dizer, o circo \u00e9 o \u00fanico espet\u00e1culo onde se pode sonhar acordado. Foi not\u00f3rio o encanto espelhado nos olhos das nossas crian\u00e7as, jovens e suas fam\u00edlias, com as atua\u00e7\u00f5es dos mais variados artistas, vindos dos 4 cantos do mundo, atua\u00e7\u00f5es essas repletas de magia, brilho e cores. A Teleperformance tamb\u00e9m convidou os nossos jovens a passarem uma tarde divertida na sua arena de Jogos. Mais uma vez, puderam experimentar e jogar diversos videojogos e ainda tiveram direito a um simp\u00e1tico lanche, com b\u00f3nus de algod\u00e3o doce e pipocas. Foi uma tarde muito bem passada e agradecemos de cora\u00e7\u00e3o \u00e0 Teleperformance por estas iniciativas que, certamente, aqueceram os cora\u00e7\u00f5es de todos.<\/span><span data-ccp-props=\"{&quot;201341983&quot;:0,&quot;335551550&quot;:6,&quot;335551620&quot;:6,&quot;335559739&quot;:160,&quot;335559740&quot;:259}\">\u00a0<\/span><\/p>\n<p><span data-contrast=\"auto\">Como j\u00e1 \u00e9 habitual, realizamos o Almo\u00e7o de Natal com os nossos jovens, sendo esta uma atividade muito ansiada por eles. \u00c9 um momento onde muitos se reencontram, convivem entre si e com a equipa, num ambiente um pouco diferente do resto do ano. \u00c9, para todos, um momento de partilha e de harmonia.<\/span><span data-ccp-props=\"{&quot;201341983&quot;:0,&quot;335551550&quot;:6,&quot;335551620&quot;:6,&quot;335559739&quot;:160,&quot;335559740&quot;:259}\">\u00a0<\/span><\/p>\n<p><span data-contrast=\"auto\">Mais uma vez, a ZOME \u2013 Alc\u00e2ntara associou-se ao Instituto de Apoio \u00e0 Crian\u00e7a e doou alguns presentes que foram posteriormente entregues \u00e0s nossas crian\u00e7as. Foi um momento de verdadeira emo\u00e7\u00e3o e alegria, sendo que muitas destas crian\u00e7as v\u00eam de fam\u00edlias mais desfavorecidas e, nestes contextos, estas atitudes podem fazer toda a diferen\u00e7a. Este foi o m\u00eas de Dezembro vivido pelas crian\u00e7as e jovens do Projeto Educa(CON)dado e esperamos que 2024 seja t\u00e3o bom ou melhor do que 2023. Fazemos votos de um Excelente Ano, repleto de concretiza\u00e7\u00f5es.<\/span><span data-ccp-props=\"{&quot;201341983&quot;:0,&quot;335551550&quot;:6,&quot;335551620&quot;:6,&quot;335559739&quot;:160,&quot;335559740&quot;:259}\">\u00a0<\/span><\/p>\n<p><span data-ccp-props=\"{&quot;201341983&quot;:0,&quot;335559739&quot;:160,&quot;335559740&quot;:259}\"> <img fetchpriority=\"high\" decoding=\"async\" class=\"alignnone wp-image-20425 size-full\" src=\"https:\/\/iacrianca.pt\/wp-content\/uploads\/educacon2.jpg\" alt=\"\" width=\"672\" height=\"673\" srcset=\"https:\/\/iacrianca.pt\/wp-content\/uploads\/educacon2.jpg 672w, https:\/\/iacrianca.pt\/wp-content\/uploads\/educacon2-300x300.jpg 300w, https:\/\/iacrianca.pt\/wp-content\/uploads\/educacon2-150x150.jpg 150w\" sizes=\"(max-width: 672px) 100vw, 672px\" \/> <img decoding=\"async\" class=\"alignnone wp-image-20427 size-full\" src=\"https:\/\/iacrianca.pt\/wp-content\/uploads\/educacon3.jpg\" alt=\"\" width=\"861\" height=\"570\" srcset=\"https:\/\/iacrianca.pt\/wp-content\/uploads\/educacon3.jpg 861w, https:\/\/iacrianca.pt\/wp-content\/uploads\/educacon3-300x199.jpg 300w, https:\/\/iacrianca.pt\/wp-content\/uploads\/educacon3-768x508.jpg 768w\" sizes=\"(max-width: 861px) 100vw, 861px\" \/> <img decoding=\"async\" class=\"alignnone wp-image-20429 size-full\" src=\"https:\/\/iacrianca.pt\/wp-content\/uploads\/educacon4.jpg\" alt=\"\" width=\"616\" height=\"668\" srcset=\"https:\/\/iacrianca.pt\/wp-content\/uploads\/educacon4.jpg 616w, https:\/\/iacrianca.pt\/wp-content\/uploads\/educacon4-277x300.jpg 277w\" sizes=\"(max-width: 616px) 100vw, 616px\" \/> <img loading=\"lazy\" decoding=\"async\" class=\"alignnone wp-image-20431 size-full\" src=\"https:\/\/iacrianca.pt\/wp-content\/uploads\/educacon5.jpg\" alt=\"\" width=\"627\" height=\"675\" srcset=\"https:\/\/iacrianca.pt\/wp-content\/uploads\/educacon5.jpg 627w, https:\/\/iacrianca.pt\/wp-content\/uploads\/educacon5-279x300.jpg 279w\" sizes=\"(max-width: 627px) 100vw, 627px\" \/> <img loading=\"lazy\" decoding=\"async\" class=\"alignnone wp-image-20433 size-full\" src=\"https:\/\/iacrianca.pt\/wp-content\/uploads\/educacon6.jpg\" alt=\"\" width=\"537\" height=\"553\" srcset=\"https:\/\/iacrianca.pt\/wp-content\/uploads\/educacon6.jpg 537w, https:\/\/iacrianca.pt\/wp-content\/uploads\/educacon6-291x300.jpg 291w\" sizes=\"(max-width: 537px) 100vw, 537px\" \/><\/span><\/p>\n<p>&nbsp;<\/p>\n","protected":false},"excerpt":{"rendered":"<p>Costumamos dizer que o melhor fica guardado para o final, e como tal, o m\u00eas de Dezembro n\u00e3o podia fugir \u00e0 regra. Em plena \u00e9poca natal\u00edcia, as crian\u00e7as e jovens do Projeto Educa(CON)dado puderam beneficiar de v\u00e1rias atividades, algumas delas bem caracter\u00edsticas desta altura do ano. Inici\u00e1mos o m\u00eas com a decora\u00e7\u00e3o de Natal do&hellip;<\/p>\n","protected":false},"author":2,"featured_media":20423,"comment_status":"open","ping_status":"open","sticky":false,"template":"","format":"standard","meta":{"_acf_changed":false,"footnotes":""},"categories":[63],"tags":[],"class_list":["post-20422","post","type-post","status-publish","format-standard","has-post-thumbnail","hentry","category-newsletter","category-63","description-off"],"acf":[],"yoast_head":"<!-- This site is optimized with the Yoast SEO plugin v27.4 - https:\/\/yoast.com\/product\/yoast-seo-wordpress\/ -->\n<title>Atividades de Natal com as crian\u00e7as, jovens e fam\u00edlias do Projeto Educa(CON)dado | Instituto de Apoio \u00e0 Crian\u00e7a<\/title>\n<meta name=\"robots\" content=\"index, follow, max-snippet:-1, max-image-preview:large, max-video-preview:-1\" \/>\n<link rel=\"canonical\" href=\"https:\/\/iacrianca.pt\/en\/2024\/01\/atividades-de-natal-com-as-criancas-jovens-e-familias-do-projeto-educacondado\/\" \/>\n<meta property=\"og:locale\" content=\"en_US\" \/>\n<meta property=\"og:type\" content=\"article\" \/>\n<meta property=\"og:title\" content=\"Atividades de Natal com as crian\u00e7as, jovens e fam\u00edlias do Projeto Educa(CON)dado | Instituto de Apoio \u00e0 Crian\u00e7a\" \/>\n<meta property=\"og:description\" content=\"Costumamos dizer que o melhor fica guardado para o final, e como tal, o m\u00eas de Dezembro n\u00e3o podia fugir \u00e0 regra. Em plena \u00e9poca natal\u00edcia, as crian\u00e7as e jovens do Projeto Educa(CON)dado puderam beneficiar de v\u00e1rias atividades, algumas delas bem caracter\u00edsticas desta altura do ano. Inici\u00e1mos o m\u00eas com a decora\u00e7\u00e3o de Natal do&hellip;\" \/>\n<meta property=\"og:url\" content=\"https:\/\/iacrianca.pt\/en\/2024\/01\/atividades-de-natal-com-as-criancas-jovens-e-familias-do-projeto-educacondado\/\" \/>\n<meta property=\"og:site_name\" content=\"Instituto de Apoio \u00e0 Crian\u00e7a\" \/>\n<meta property=\"article:publisher\" content=\"https:\/\/www.facebook.com\/iacinstitutodeapoioacrianca\" \/>\n<meta property=\"article:published_time\" content=\"2024-01-05T15:14:54+00:00\" \/>\n<meta property=\"article:modified_time\" content=\"2024-01-12T14:53:59+00:00\" \/>\n<meta property=\"og:image\" content=\"https:\/\/iacrianca.pt\/wp-content\/uploads\/educacon.jpg\" \/>\n\t<meta property=\"og:image:width\" content=\"867\" \/>\n\t<meta property=\"og:image:height\" content=\"647\" \/>\n\t<meta property=\"og:image:type\" content=\"image\/jpeg\" \/>\n<meta name=\"author\" content=\"Administra\u00e7\u00e3o IAC\" \/>\n<meta name=\"twitter:card\" content=\"summary_large_image\" \/>\n<meta name=\"twitter:creator\" content=\"@iacapoiocrianca\" \/>\n<meta name=\"twitter:site\" content=\"@iacapoiocrianca\" \/>\n<meta name=\"twitter:label1\" content=\"Written by\" \/>\n\t<meta name=\"twitter:data1\" content=\"Administra\u00e7\u00e3o IAC\" \/>\n\t<meta name=\"twitter:label2\" content=\"Est. reading time\" \/>\n\t<meta name=\"twitter:data2\" content=\"5 minutes\" \/>\n<script type=\"application\/ld+json\" class=\"yoast-schema-graph\">{\"@context\":\"https:\\\/\\\/schema.org\",\"@graph\":[{\"@type\":\"Article\",\"@id\":\"https:\\\/\\\/iacrianca.pt\\\/en\\\/2024\\\/01\\\/atividades-de-natal-com-as-criancas-jovens-e-familias-do-projeto-educacondado\\\/#article\",\"isPartOf\":{\"@id\":\"https:\\\/\\\/iacrianca.pt\\\/en\\\/2024\\\/01\\\/atividades-de-natal-com-as-criancas-jovens-e-familias-do-projeto-educacondado\\\/\"},\"author\":{\"name\":\"Administra\u00e7\u00e3o IAC\",\"@id\":\"https:\\\/\\\/iacrianca.pt\\\/en\\\/#\\\/schema\\\/person\\\/1c48c6e4b70d0dc7360e4b28ceaa5f6b\"},\"headline\":\"Atividades de Natal com as crian\u00e7as, jovens e fam\u00edlias do Projeto Educa(CON)dado\",\"datePublished\":\"2024-01-05T15:14:54+00:00\",\"dateModified\":\"2024-01-12T14:53:59+00:00\",\"mainEntityOfPage\":{\"@id\":\"https:\\\/\\\/iacrianca.pt\\\/en\\\/2024\\\/01\\\/atividades-de-natal-com-as-criancas-jovens-e-familias-do-projeto-educacondado\\\/\"},\"wordCount\":696,\"commentCount\":0,\"publisher\":{\"@id\":\"https:\\\/\\\/iacrianca.pt\\\/en\\\/#organization\"},\"image\":{\"@id\":\"https:\\\/\\\/iacrianca.pt\\\/en\\\/2024\\\/01\\\/atividades-de-natal-com-as-criancas-jovens-e-familias-do-projeto-educacondado\\\/#primaryimage\"},\"thumbnailUrl\":\"https:\\\/\\\/iacrianca.pt\\\/wp-content\\\/uploads\\\/educacon.jpg\",\"articleSection\":[\"Newsletter\"],\"inLanguage\":\"en-US\",\"potentialAction\":[{\"@type\":\"CommentAction\",\"name\":\"Comment\",\"target\":[\"https:\\\/\\\/iacrianca.pt\\\/en\\\/2024\\\/01\\\/atividades-de-natal-com-as-criancas-jovens-e-familias-do-projeto-educacondado\\\/#respond\"]}]},{\"@type\":\"WebPage\",\"@id\":\"https:\\\/\\\/iacrianca.pt\\\/en\\\/2024\\\/01\\\/atividades-de-natal-com-as-criancas-jovens-e-familias-do-projeto-educacondado\\\/\",\"url\":\"https:\\\/\\\/iacrianca.pt\\\/en\\\/2024\\\/01\\\/atividades-de-natal-com-as-criancas-jovens-e-familias-do-projeto-educacondado\\\/\",\"name\":\"Atividades de Natal com as crian\u00e7as, jovens e fam\u00edlias do Projeto Educa(CON)dado | Instituto de Apoio \u00e0 Crian\u00e7a\",\"isPartOf\":{\"@id\":\"https:\\\/\\\/iacrianca.pt\\\/en\\\/#website\"},\"primaryImageOfPage\":{\"@id\":\"https:\\\/\\\/iacrianca.pt\\\/en\\\/2024\\\/01\\\/atividades-de-natal-com-as-criancas-jovens-e-familias-do-projeto-educacondado\\\/#primaryimage\"},\"image\":{\"@id\":\"https:\\\/\\\/iacrianca.pt\\\/en\\\/2024\\\/01\\\/atividades-de-natal-com-as-criancas-jovens-e-familias-do-projeto-educacondado\\\/#primaryimage\"},\"thumbnailUrl\":\"https:\\\/\\\/iacrianca.pt\\\/wp-content\\\/uploads\\\/educacon.jpg\",\"datePublished\":\"2024-01-05T15:14:54+00:00\",\"dateModified\":\"2024-01-12T14:53:59+00:00\",\"breadcrumb\":{\"@id\":\"https:\\\/\\\/iacrianca.pt\\\/en\\\/2024\\\/01\\\/atividades-de-natal-com-as-criancas-jovens-e-familias-do-projeto-educacondado\\\/#breadcrumb\"},\"inLanguage\":\"en-US\",\"potentialAction\":[{\"@type\":\"ReadAction\",\"target\":[\"https:\\\/\\\/iacrianca.pt\\\/en\\\/2024\\\/01\\\/atividades-de-natal-com-as-criancas-jovens-e-familias-do-projeto-educacondado\\\/\"]}]},{\"@type\":\"ImageObject\",\"inLanguage\":\"en-US\",\"@id\":\"https:\\\/\\\/iacrianca.pt\\\/en\\\/2024\\\/01\\\/atividades-de-natal-com-as-criancas-jovens-e-familias-do-projeto-educacondado\\\/#primaryimage\",\"url\":\"https:\\\/\\\/iacrianca.pt\\\/wp-content\\\/uploads\\\/educacon.jpg\",\"contentUrl\":\"https:\\\/\\\/iacrianca.pt\\\/wp-content\\\/uploads\\\/educacon.jpg\",\"width\":867,\"height\":647},{\"@type\":\"BreadcrumbList\",\"@id\":\"https:\\\/\\\/iacrianca.pt\\\/en\\\/2024\\\/01\\\/atividades-de-natal-com-as-criancas-jovens-e-familias-do-projeto-educacondado\\\/#breadcrumb\",\"itemListElement\":[{\"@type\":\"ListItem\",\"position\":1,\"name\":\"In\u00edcio\",\"item\":\"https:\\\/\\\/iacrianca.pt\\\/en\\\/\"},{\"@type\":\"ListItem\",\"position\":2,\"name\":\"Atividades de Natal com as crian\u00e7as, jovens e fam\u00edlias do Projeto Educa(CON)dado\"}]},{\"@type\":\"WebSite\",\"@id\":\"https:\\\/\\\/iacrianca.pt\\\/en\\\/#website\",\"url\":\"https:\\\/\\\/iacrianca.pt\\\/en\\\/\",\"name\":\"Instituto de Apoio \u00e0 Crian\u00e7a\",\"description\":\"Desde 1983 na defesa e promo\u00e7\u00e3o dos direitos da crian\u00e7a\",\"publisher\":{\"@id\":\"https:\\\/\\\/iacrianca.pt\\\/en\\\/#organization\"},\"potentialAction\":[{\"@type\":\"SearchAction\",\"target\":{\"@type\":\"EntryPoint\",\"urlTemplate\":\"https:\\\/\\\/iacrianca.pt\\\/en\\\/?s={search_term_string}\"},\"query-input\":{\"@type\":\"PropertyValueSpecification\",\"valueRequired\":true,\"valueName\":\"search_term_string\"}}],\"inLanguage\":\"en-US\"},{\"@type\":\"Organization\",\"@id\":\"https:\\\/\\\/iacrianca.pt\\\/en\\\/#organization\",\"name\":\"Instituto de Apoio \u00e0 Crian\u00e7a\",\"url\":\"https:\\\/\\\/iacrianca.pt\\\/en\\\/\",\"logo\":{\"@type\":\"ImageObject\",\"inLanguage\":\"en-US\",\"@id\":\"https:\\\/\\\/iacrianca.pt\\\/en\\\/#\\\/schema\\\/logo\\\/image\\\/\",\"url\":\"https:\\\/\\\/iacrianca.pt\\\/wp-content\\\/uploads\\\/2020\\\/04\\\/logo-iac-SD.jpg\",\"contentUrl\":\"https:\\\/\\\/iacrianca.pt\\\/wp-content\\\/uploads\\\/2020\\\/04\\\/logo-iac-SD.jpg\",\"width\":152,\"height\":73,\"caption\":\"Instituto de Apoio \u00e0 Crian\u00e7a\"},\"image\":{\"@id\":\"https:\\\/\\\/iacrianca.pt\\\/en\\\/#\\\/schema\\\/logo\\\/image\\\/\"},\"sameAs\":[\"https:\\\/\\\/www.facebook.com\\\/iacinstitutodeapoioacrianca\",\"https:\\\/\\\/x.com\\\/iacapoiocrianca\",\"https:\\\/\\\/www.youtube.com\\\/channel\\\/UC0jjfZ_xkN_59gJf_RQ-ZnQ\",\"https:\\\/\\\/www.linkedin.com\\\/company\\\/instituto-de-apoio--criana\\\/\",\"https:\\\/\\\/www.instagram.com\\\/iacinstitutodeapoioacrianca\\\/\",\"https:\\\/\\\/criancasatortoeadireitos.wordpress.com\\\/\"]},{\"@type\":\"Person\",\"@id\":\"https:\\\/\\\/iacrianca.pt\\\/en\\\/#\\\/schema\\\/person\\\/1c48c6e4b70d0dc7360e4b28ceaa5f6b\",\"name\":\"Administra\u00e7\u00e3o IAC\",\"image\":{\"@type\":\"ImageObject\",\"inLanguage\":\"en-US\",\"@id\":\"https:\\\/\\\/secure.gravatar.com\\\/avatar\\\/60b998c71de37dcc1398fc6d48c6b5ed7533e3ceec837c948055f072e3158ff1?s=96&d=mm&r=g\",\"url\":\"https:\\\/\\\/secure.gravatar.com\\\/avatar\\\/60b998c71de37dcc1398fc6d48c6b5ed7533e3ceec837c948055f072e3158ff1?s=96&d=mm&r=g\",\"contentUrl\":\"https:\\\/\\\/secure.gravatar.com\\\/avatar\\\/60b998c71de37dcc1398fc6d48c6b5ed7533e3ceec837c948055f072e3158ff1?s=96&d=mm&r=g\",\"caption\":\"Administra\u00e7\u00e3o IAC\"}}]}<\/script>\n<!-- \/ Yoast SEO plugin. -->","yoast_head_json":{"title":"Atividades de Natal com as crian\u00e7as, jovens e fam\u00edlias do Projeto Educa(CON)dado | Instituto de Apoio \u00e0 Crian\u00e7a","robots":{"index":"index","follow":"follow","max-snippet":"max-snippet:-1","max-image-preview":"max-image-preview:large","max-video-preview":"max-video-preview:-1"},"canonical":"https:\/\/iacrianca.pt\/en\/2024\/01\/atividades-de-natal-com-as-criancas-jovens-e-familias-do-projeto-educacondado\/","og_locale":"en_US","og_type":"article","og_title":"Atividades de Natal com as crian\u00e7as, jovens e fam\u00edlias do Projeto Educa(CON)dado | Instituto de Apoio \u00e0 Crian\u00e7a","og_description":"Costumamos dizer que o melhor fica guardado para o final, e como tal, o m\u00eas de Dezembro n\u00e3o podia fugir \u00e0 regra. Em plena \u00e9poca natal\u00edcia, as crian\u00e7as e jovens do Projeto Educa(CON)dado puderam beneficiar de v\u00e1rias atividades, algumas delas bem caracter\u00edsticas desta altura do ano. Inici\u00e1mos o m\u00eas com a decora\u00e7\u00e3o de Natal do&hellip;","og_url":"https:\/\/iacrianca.pt\/en\/2024\/01\/atividades-de-natal-com-as-criancas-jovens-e-familias-do-projeto-educacondado\/","og_site_name":"Instituto de Apoio \u00e0 Crian\u00e7a","article_publisher":"https:\/\/www.facebook.com\/iacinstitutodeapoioacrianca","article_published_time":"2024-01-05T15:14:54+00:00","article_modified_time":"2024-01-12T14:53:59+00:00","og_image":[{"width":867,"height":647,"url":"https:\/\/iacrianca.pt\/wp-content\/uploads\/educacon.jpg","type":"image\/jpeg"}],"author":"Administra\u00e7\u00e3o IAC","twitter_card":"summary_large_image","twitter_creator":"@iacapoiocrianca","twitter_site":"@iacapoiocrianca","twitter_misc":{"Written by":"Administra\u00e7\u00e3o IAC","Est. reading time":"5 minutes"},"schema":{"@context":"https:\/\/schema.org","@graph":[{"@type":"Article","@id":"https:\/\/iacrianca.pt\/en\/2024\/01\/atividades-de-natal-com-as-criancas-jovens-e-familias-do-projeto-educacondado\/#article","isPartOf":{"@id":"https:\/\/iacrianca.pt\/en\/2024\/01\/atividades-de-natal-com-as-criancas-jovens-e-familias-do-projeto-educacondado\/"},"author":{"name":"Administra\u00e7\u00e3o IAC","@id":"https:\/\/iacrianca.pt\/en\/#\/schema\/person\/1c48c6e4b70d0dc7360e4b28ceaa5f6b"},"headline":"Atividades de Natal com as crian\u00e7as, jovens e fam\u00edlias do Projeto Educa(CON)dado","datePublished":"2024-01-05T15:14:54+00:00","dateModified":"2024-01-12T14:53:59+00:00","mainEntityOfPage":{"@id":"https:\/\/iacrianca.pt\/en\/2024\/01\/atividades-de-natal-com-as-criancas-jovens-e-familias-do-projeto-educacondado\/"},"wordCount":696,"commentCount":0,"publisher":{"@id":"https:\/\/iacrianca.pt\/en\/#organization"},"image":{"@id":"https:\/\/iacrianca.pt\/en\/2024\/01\/atividades-de-natal-com-as-criancas-jovens-e-familias-do-projeto-educacondado\/#primaryimage"},"thumbnailUrl":"https:\/\/iacrianca.pt\/wp-content\/uploads\/educacon.jpg","articleSection":["Newsletter"],"inLanguage":"en-US","potentialAction":[{"@type":"CommentAction","name":"Comment","target":["https:\/\/iacrianca.pt\/en\/2024\/01\/atividades-de-natal-com-as-criancas-jovens-e-familias-do-projeto-educacondado\/#respond"]}]},{"@type":"WebPage","@id":"https:\/\/iacrianca.pt\/en\/2024\/01\/atividades-de-natal-com-as-criancas-jovens-e-familias-do-projeto-educacondado\/","url":"https:\/\/iacrianca.pt\/en\/2024\/01\/atividades-de-natal-com-as-criancas-jovens-e-familias-do-projeto-educacondado\/","name":"Atividades de Natal com as crian\u00e7as, jovens e fam\u00edlias do Projeto Educa(CON)dado | Instituto de Apoio \u00e0 Crian\u00e7a","isPartOf":{"@id":"https:\/\/iacrianca.pt\/en\/#website"},"primaryImageOfPage":{"@id":"https:\/\/iacrianca.pt\/en\/2024\/01\/atividades-de-natal-com-as-criancas-jovens-e-familias-do-projeto-educacondado\/#primaryimage"},"image":{"@id":"https:\/\/iacrianca.pt\/en\/2024\/01\/atividades-de-natal-com-as-criancas-jovens-e-familias-do-projeto-educacondado\/#primaryimage"},"thumbnailUrl":"https:\/\/iacrianca.pt\/wp-content\/uploads\/educacon.jpg","datePublished":"2024-01-05T15:14:54+00:00","dateModified":"2024-01-12T14:53:59+00:00","breadcrumb":{"@id":"https:\/\/iacrianca.pt\/en\/2024\/01\/atividades-de-natal-com-as-criancas-jovens-e-familias-do-projeto-educacondado\/#breadcrumb"},"inLanguage":"en-US","potentialAction":[{"@type":"ReadAction","target":["https:\/\/iacrianca.pt\/en\/2024\/01\/atividades-de-natal-com-as-criancas-jovens-e-familias-do-projeto-educacondado\/"]}]},{"@type":"ImageObject","inLanguage":"en-US","@id":"https:\/\/iacrianca.pt\/en\/2024\/01\/atividades-de-natal-com-as-criancas-jovens-e-familias-do-projeto-educacondado\/#primaryimage","url":"https:\/\/iacrianca.pt\/wp-content\/uploads\/educacon.jpg","contentUrl":"https:\/\/iacrianca.pt\/wp-content\/uploads\/educacon.jpg","width":867,"height":647},{"@type":"BreadcrumbList","@id":"https:\/\/iacrianca.pt\/en\/2024\/01\/atividades-de-natal-com-as-criancas-jovens-e-familias-do-projeto-educacondado\/#breadcrumb","itemListElement":[{"@type":"ListItem","position":1,"name":"In\u00edcio","item":"https:\/\/iacrianca.pt\/en\/"},{"@type":"ListItem","position":2,"name":"Atividades de Natal com as crian\u00e7as, jovens e fam\u00edlias do Projeto Educa(CON)dado"}]},{"@type":"WebSite","@id":"https:\/\/iacrianca.pt\/en\/#website","url":"https:\/\/iacrianca.pt\/en\/","name":"Instituto de Apoio \u00e0 Crian\u00e7a","description":"Desde 1983 na defesa e promo\u00e7\u00e3o dos direitos da crian\u00e7a","publisher":{"@id":"https:\/\/iacrianca.pt\/en\/#organization"},"potentialAction":[{"@type":"SearchAction","target":{"@type":"EntryPoint","urlTemplate":"https:\/\/iacrianca.pt\/en\/?s={search_term_string}"},"query-input":{"@type":"PropertyValueSpecification","valueRequired":true,"valueName":"search_term_string"}}],"inLanguage":"en-US"},{"@type":"Organization","@id":"https:\/\/iacrianca.pt\/en\/#organization","name":"Instituto de Apoio \u00e0 Crian\u00e7a","url":"https:\/\/iacrianca.pt\/en\/","logo":{"@type":"ImageObject","inLanguage":"en-US","@id":"https:\/\/iacrianca.pt\/en\/#\/schema\/logo\/image\/","url":"https:\/\/iacrianca.pt\/wp-content\/uploads\/2020\/04\/logo-iac-SD.jpg","contentUrl":"https:\/\/iacrianca.pt\/wp-content\/uploads\/2020\/04\/logo-iac-SD.jpg","width":152,"height":73,"caption":"Instituto de Apoio \u00e0 Crian\u00e7a"},"image":{"@id":"https:\/\/iacrianca.pt\/en\/#\/schema\/logo\/image\/"},"sameAs":["https:\/\/www.facebook.com\/iacinstitutodeapoioacrianca","https:\/\/x.com\/iacapoiocrianca","https:\/\/www.youtube.com\/channel\/UC0jjfZ_xkN_59gJf_RQ-ZnQ","https:\/\/www.linkedin.com\/company\/instituto-de-apoio--criana\/","https:\/\/www.instagram.com\/iacinstitutodeapoioacrianca\/","https:\/\/criancasatortoeadireitos.wordpress.com\/"]},{"@type":"Person","@id":"https:\/\/iacrianca.pt\/en\/#\/schema\/person\/1c48c6e4b70d0dc7360e4b28ceaa5f6b","name":"Administra\u00e7\u00e3o IAC","image":{"@type":"ImageObject","inLanguage":"en-US","@id":"https:\/\/secure.gravatar.com\/avatar\/60b998c71de37dcc1398fc6d48c6b5ed7533e3ceec837c948055f072e3158ff1?s=96&d=mm&r=g","url":"https:\/\/secure.gravatar.com\/avatar\/60b998c71de37dcc1398fc6d48c6b5ed7533e3ceec837c948055f072e3158ff1?s=96&d=mm&r=g","contentUrl":"https:\/\/secure.gravatar.com\/avatar\/60b998c71de37dcc1398fc6d48c6b5ed7533e3ceec837c948055f072e3158ff1?s=96&d=mm&r=g","caption":"Administra\u00e7\u00e3o IAC"}}]}},"_links":{"self":[{"href":"https:\/\/iacrianca.pt\/en\/wp-json\/wp\/v2\/posts\/20422","targetHints":{"allow":["GET"]}}],"collection":[{"href":"https:\/\/iacrianca.pt\/en\/wp-json\/wp\/v2\/posts"}],"about":[{"href":"https:\/\/iacrianca.pt\/en\/wp-json\/wp\/v2\/types\/post"}],"author":[{"embeddable":true,"href":"https:\/\/iacrianca.pt\/en\/wp-json\/wp\/v2\/users\/2"}],"replies":[{"embeddable":true,"href":"https:\/\/iacrianca.pt\/en\/wp-json\/wp\/v2\/comments?post=20422"}],"version-history":[{"count":0,"href":"https:\/\/iacrianca.pt\/en\/wp-json\/wp\/v2\/posts\/20422\/revisions"}],"wp:featuredmedia":[{"embeddable":true,"href":"https:\/\/iacrianca.pt\/en\/wp-json\/wp\/v2\/media\/20423"}],"wp:attachment":[{"href":"https:\/\/iacrianca.pt\/en\/wp-json\/wp\/v2\/media?parent=20422"}],"wp:term":[{"taxonomy":"category","embeddable":true,"href":"https:\/\/iacrianca.pt\/en\/wp-json\/wp\/v2\/categories?post=20422"},{"taxonomy":"post_tag","embeddable":true,"href":"https:\/\/iacrianca.pt\/en\/wp-json\/wp\/v2\/tags?post=20422"}],"curies":[{"name":"wp","href":"https:\/\/api.w.org\/{rel}","templated":true}]}}