{"id":20444,"date":"2024-01-09T12:03:35","date_gmt":"2024-01-09T12:03:35","guid":{"rendered":"https:\/\/iacrianca.pt\/?p=20444"},"modified":"2024-01-09T12:03:35","modified_gmt":"2024-01-09T12:03:35","slug":"estrategia-nacional-para-os-direitos-das-vitimas-de-crime-2024-a-2028","status":"publish","type":"post","link":"https:\/\/iacrianca.pt\/en\/2024\/01\/estrategia-nacional-para-os-direitos-das-vitimas-de-crime-2024-a-2028\/","title":{"rendered":"Estrat\u00e9gia Nacional para os Direitos das V\u00edtimas de Crime 2024 a 2028"},"content":{"rendered":"<p>O IAC foi convidado pelo Minist\u00e9rio da Justi\u00e7a a participar no grupo de trabalho que elaborou a &#8220;Estrat\u00e9gia Nacional para os Direitos das V\u00edtimas de Crime 2024 a 2028&#8221;. O IAC participou na qualidade de organiza\u00e7\u00e3o n\u00e3o governamental que desenvolve trabalho efetivo de apoio \u00e0s v\u00edtimas de crime.<\/p>\n<p>A &#8220;Estrat\u00e9gia Nacional para os Direitos das V\u00edtimas de Crime 2024 a 2028&#8221; assenta em seis eixos:<\/p>\n<p>Preven\u00e7\u00e3o e sensibiliza\u00e7\u00e3o p\u00fablica sobre o crime e a vitima\u00e7\u00e3o;<\/p>\n<p>Desburocratiza\u00e7\u00e3o dos mecanismos de participa\u00e7\u00e3o das v\u00edtimas na justi\u00e7a;<\/p>\n<p>Garantir \u00e0 v\u00edtima o direito de acesso a servi\u00e7os de apoio;<\/p>\n<p>Participa\u00e7\u00e3o da v\u00edtima no processo penal;<\/p>\n<p>Cultura organizacional promotora dos direitos das v\u00edtimas;<\/p>\n<p>Realiza\u00e7\u00e3o de um estudo abrangente para conhecer a realidade deste fen\u00f3meno social.<\/p>\n<p>&nbsp;<\/p>\n<p>Consultar a &#8220;Estrat\u00e9gia Nacional para os Direitos das V\u00edtimas de Crime 2024 a 2028&#8221; na <a href=\"https:\/\/diariodarepublica.pt\/dr\/detalhe\/resolucao-conselho-ministros\/2-2024-836117873\">Resolu\u00e7\u00e3o do Conselho de Ministros n.\u00ba 2\/2024, de 5 de janeiro<\/a><\/p>\n","protected":false},"excerpt":{"rendered":"<p>O IAC foi convidado pelo Minist\u00e9rio da Justi\u00e7a a participar no grupo de trabalho que elaborou a &#8220;Estrat\u00e9gia Nacional para os Direitos das V\u00edtimas de Crime 2024 a 2028&#8221;. O IAC participou na qualidade de organiza\u00e7\u00e3o n\u00e3o governamental que desenvolve trabalho efetivo de apoio \u00e0s v\u00edtimas de crime. A &#8220;Estrat\u00e9gia Nacional para os Direitos das&hellip;<\/p>\n","protected":false},"author":2,"featured_media":20447,"comment_status":"closed","ping_status":"open","sticky":false,"template":"","format":"standard","meta":{"_acf_changed":false,"footnotes":""},"categories":[1],"tags":[],"class_list":["post-20444","post","type-post","status-publish","format-standard","has-post-thumbnail","hentry","category-noticias","category-1","description-off"],"acf":[],"yoast_head":"<!-- This site is optimized with the Yoast SEO plugin v27.4 - https:\/\/yoast.com\/product\/yoast-seo-wordpress\/ -->\n<title>Estrat\u00e9gia Nacional para os Direitos das V\u00edtimas de Crime 2024 a 2028 | Instituto de Apoio \u00e0 Crian\u00e7a<\/title>\n<meta name=\"robots\" content=\"index, follow, max-snippet:-1, max-image-preview:large, max-video-preview:-1\" \/>\n<link rel=\"canonical\" href=\"https:\/\/iacrianca.pt\/en\/2024\/01\/estrategia-nacional-para-os-direitos-das-vitimas-de-crime-2024-a-2028\/\" \/>\n<meta property=\"og:locale\" content=\"en_US\" \/>\n<meta property=\"og:type\" content=\"article\" \/>\n<meta property=\"og:title\" content=\"Estrat\u00e9gia Nacional para os Direitos das V\u00edtimas de Crime 2024 a 2028 | Instituto de Apoio \u00e0 Crian\u00e7a\" \/>\n<meta property=\"og:description\" content=\"O IAC foi convidado pelo Minist\u00e9rio da Justi\u00e7a a participar no grupo de trabalho que elaborou a &#8220;Estrat\u00e9gia Nacional para os Direitos das V\u00edtimas de Crime 2024 a 2028&#8221;. O IAC participou na qualidade de organiza\u00e7\u00e3o n\u00e3o governamental que desenvolve trabalho efetivo de apoio \u00e0s v\u00edtimas de crime. A &#8220;Estrat\u00e9gia Nacional para os Direitos das&hellip;\" \/>\n<meta property=\"og:url\" content=\"https:\/\/iacrianca.pt\/en\/2024\/01\/estrategia-nacional-para-os-direitos-das-vitimas-de-crime-2024-a-2028\/\" \/>\n<meta property=\"og:site_name\" content=\"Instituto de Apoio \u00e0 Crian\u00e7a\" \/>\n<meta property=\"article:publisher\" content=\"https:\/\/www.facebook.com\/iacinstitutodeapoioacrianca\" \/>\n<meta property=\"article:published_time\" content=\"2024-01-09T12:03:35+00:00\" \/>\n<meta property=\"og:image\" content=\"https:\/\/iacrianca.pt\/wp-content\/uploads\/dr.jpg\" \/>\n\t<meta property=\"og:image:width\" content=\"625\" \/>\n\t<meta property=\"og:image:height\" content=\"421\" \/>\n\t<meta property=\"og:image:type\" content=\"image\/jpeg\" \/>\n<meta name=\"author\" content=\"Administra\u00e7\u00e3o IAC\" \/>\n<meta name=\"twitter:card\" content=\"summary_large_image\" \/>\n<meta name=\"twitter:creator\" content=\"@iacapoiocrianca\" \/>\n<meta name=\"twitter:site\" content=\"@iacapoiocrianca\" \/>\n<meta name=\"twitter:label1\" content=\"Written by\" \/>\n\t<meta name=\"twitter:data1\" content=\"Administra\u00e7\u00e3o IAC\" \/>\n\t<meta name=\"twitter:label2\" content=\"Est. reading time\" \/>\n\t<meta name=\"twitter:data2\" content=\"1 minute\" \/>\n<script type=\"application\/ld+json\" class=\"yoast-schema-graph\">{\"@context\":\"https:\\\/\\\/schema.org\",\"@graph\":[{\"@type\":\"Article\",\"@id\":\"https:\\\/\\\/iacrianca.pt\\\/en\\\/2024\\\/01\\\/estrategia-nacional-para-os-direitos-das-vitimas-de-crime-2024-a-2028\\\/#article\",\"isPartOf\":{\"@id\":\"https:\\\/\\\/iacrianca.pt\\\/en\\\/2024\\\/01\\\/estrategia-nacional-para-os-direitos-das-vitimas-de-crime-2024-a-2028\\\/\"},\"author\":{\"name\":\"Administra\u00e7\u00e3o IAC\",\"@id\":\"https:\\\/\\\/iacrianca.pt\\\/en\\\/#\\\/schema\\\/person\\\/1c48c6e4b70d0dc7360e4b28ceaa5f6b\"},\"headline\":\"Estrat\u00e9gia Nacional para os Direitos das V\u00edtimas de Crime 2024 a 2028\",\"datePublished\":\"2024-01-09T12:03:35+00:00\",\"mainEntityOfPage\":{\"@id\":\"https:\\\/\\\/iacrianca.pt\\\/en\\\/2024\\\/01\\\/estrategia-nacional-para-os-direitos-das-vitimas-de-crime-2024-a-2028\\\/\"},\"wordCount\":177,\"publisher\":{\"@id\":\"https:\\\/\\\/iacrianca.pt\\\/en\\\/#organization\"},\"image\":{\"@id\":\"https:\\\/\\\/iacrianca.pt\\\/en\\\/2024\\\/01\\\/estrategia-nacional-para-os-direitos-das-vitimas-de-crime-2024-a-2028\\\/#primaryimage\"},\"thumbnailUrl\":\"https:\\\/\\\/iacrianca.pt\\\/wp-content\\\/uploads\\\/dr.jpg\",\"articleSection\":[\"Not\u00edcias\"],\"inLanguage\":\"en-US\"},{\"@type\":\"WebPage\",\"@id\":\"https:\\\/\\\/iacrianca.pt\\\/en\\\/2024\\\/01\\\/estrategia-nacional-para-os-direitos-das-vitimas-de-crime-2024-a-2028\\\/\",\"url\":\"https:\\\/\\\/iacrianca.pt\\\/en\\\/2024\\\/01\\\/estrategia-nacional-para-os-direitos-das-vitimas-de-crime-2024-a-2028\\\/\",\"name\":\"Estrat\u00e9gia Nacional para os Direitos das V\u00edtimas de Crime 2024 a 2028 | Instituto de Apoio \u00e0 Crian\u00e7a\",\"isPartOf\":{\"@id\":\"https:\\\/\\\/iacrianca.pt\\\/en\\\/#website\"},\"primaryImageOfPage\":{\"@id\":\"https:\\\/\\\/iacrianca.pt\\\/en\\\/2024\\\/01\\\/estrategia-nacional-para-os-direitos-das-vitimas-de-crime-2024-a-2028\\\/#primaryimage\"},\"image\":{\"@id\":\"https:\\\/\\\/iacrianca.pt\\\/en\\\/2024\\\/01\\\/estrategia-nacional-para-os-direitos-das-vitimas-de-crime-2024-a-2028\\\/#primaryimage\"},\"thumbnailUrl\":\"https:\\\/\\\/iacrianca.pt\\\/wp-content\\\/uploads\\\/dr.jpg\",\"datePublished\":\"2024-01-09T12:03:35+00:00\",\"breadcrumb\":{\"@id\":\"https:\\\/\\\/iacrianca.pt\\\/en\\\/2024\\\/01\\\/estrategia-nacional-para-os-direitos-das-vitimas-de-crime-2024-a-2028\\\/#breadcrumb\"},\"inLanguage\":\"en-US\",\"potentialAction\":[{\"@type\":\"ReadAction\",\"target\":[\"https:\\\/\\\/iacrianca.pt\\\/en\\\/2024\\\/01\\\/estrategia-nacional-para-os-direitos-das-vitimas-de-crime-2024-a-2028\\\/\"]}]},{\"@type\":\"ImageObject\",\"inLanguage\":\"en-US\",\"@id\":\"https:\\\/\\\/iacrianca.pt\\\/en\\\/2024\\\/01\\\/estrategia-nacional-para-os-direitos-das-vitimas-de-crime-2024-a-2028\\\/#primaryimage\",\"url\":\"https:\\\/\\\/iacrianca.pt\\\/wp-content\\\/uploads\\\/dr.jpg\",\"contentUrl\":\"https:\\\/\\\/iacrianca.pt\\\/wp-content\\\/uploads\\\/dr.jpg\",\"width\":625,\"height\":421},{\"@type\":\"BreadcrumbList\",\"@id\":\"https:\\\/\\\/iacrianca.pt\\\/en\\\/2024\\\/01\\\/estrategia-nacional-para-os-direitos-das-vitimas-de-crime-2024-a-2028\\\/#breadcrumb\",\"itemListElement\":[{\"@type\":\"ListItem\",\"position\":1,\"name\":\"In\u00edcio\",\"item\":\"https:\\\/\\\/iacrianca.pt\\\/en\\\/\"},{\"@type\":\"ListItem\",\"position\":2,\"name\":\"Estrat\u00e9gia Nacional para os Direitos das V\u00edtimas de Crime 2024 a 2028\"}]},{\"@type\":\"WebSite\",\"@id\":\"https:\\\/\\\/iacrianca.pt\\\/en\\\/#website\",\"url\":\"https:\\\/\\\/iacrianca.pt\\\/en\\\/\",\"name\":\"Instituto de Apoio \u00e0 Crian\u00e7a\",\"description\":\"Desde 1983 na defesa e promo\u00e7\u00e3o dos direitos da crian\u00e7a\",\"publisher\":{\"@id\":\"https:\\\/\\\/iacrianca.pt\\\/en\\\/#organization\"},\"potentialAction\":[{\"@type\":\"SearchAction\",\"target\":{\"@type\":\"EntryPoint\",\"urlTemplate\":\"https:\\\/\\\/iacrianca.pt\\\/en\\\/?s={search_term_string}\"},\"query-input\":{\"@type\":\"PropertyValueSpecification\",\"valueRequired\":true,\"valueName\":\"search_term_string\"}}],\"inLanguage\":\"en-US\"},{\"@type\":\"Organization\",\"@id\":\"https:\\\/\\\/iacrianca.pt\\\/en\\\/#organization\",\"name\":\"Instituto de Apoio \u00e0 Crian\u00e7a\",\"url\":\"https:\\\/\\\/iacrianca.pt\\\/en\\\/\",\"logo\":{\"@type\":\"ImageObject\",\"inLanguage\":\"en-US\",\"@id\":\"https:\\\/\\\/iacrianca.pt\\\/en\\\/#\\\/schema\\\/logo\\\/image\\\/\",\"url\":\"https:\\\/\\\/iacrianca.pt\\\/wp-content\\\/uploads\\\/2020\\\/04\\\/logo-iac-SD.jpg\",\"contentUrl\":\"https:\\\/\\\/iacrianca.pt\\\/wp-content\\\/uploads\\\/2020\\\/04\\\/logo-iac-SD.jpg\",\"width\":152,\"height\":73,\"caption\":\"Instituto de Apoio \u00e0 Crian\u00e7a\"},\"image\":{\"@id\":\"https:\\\/\\\/iacrianca.pt\\\/en\\\/#\\\/schema\\\/logo\\\/image\\\/\"},\"sameAs\":[\"https:\\\/\\\/www.facebook.com\\\/iacinstitutodeapoioacrianca\",\"https:\\\/\\\/x.com\\\/iacapoiocrianca\",\"https:\\\/\\\/www.youtube.com\\\/channel\\\/UC0jjfZ_xkN_59gJf_RQ-ZnQ\",\"https:\\\/\\\/www.linkedin.com\\\/company\\\/instituto-de-apoio--criana\\\/\",\"https:\\\/\\\/www.instagram.com\\\/iacinstitutodeapoioacrianca\\\/\",\"https:\\\/\\\/criancasatortoeadireitos.wordpress.com\\\/\"]},{\"@type\":\"Person\",\"@id\":\"https:\\\/\\\/iacrianca.pt\\\/en\\\/#\\\/schema\\\/person\\\/1c48c6e4b70d0dc7360e4b28ceaa5f6b\",\"name\":\"Administra\u00e7\u00e3o IAC\",\"image\":{\"@type\":\"ImageObject\",\"inLanguage\":\"en-US\",\"@id\":\"https:\\\/\\\/secure.gravatar.com\\\/avatar\\\/60b998c71de37dcc1398fc6d48c6b5ed7533e3ceec837c948055f072e3158ff1?s=96&d=mm&r=g\",\"url\":\"https:\\\/\\\/secure.gravatar.com\\\/avatar\\\/60b998c71de37dcc1398fc6d48c6b5ed7533e3ceec837c948055f072e3158ff1?s=96&d=mm&r=g\",\"contentUrl\":\"https:\\\/\\\/secure.gravatar.com\\\/avatar\\\/60b998c71de37dcc1398fc6d48c6b5ed7533e3ceec837c948055f072e3158ff1?s=96&d=mm&r=g\",\"caption\":\"Administra\u00e7\u00e3o IAC\"}}]}<\/script>\n<!-- \/ Yoast SEO plugin. -->","yoast_head_json":{"title":"Estrat\u00e9gia Nacional para os Direitos das V\u00edtimas de Crime 2024 a 2028 | Instituto de Apoio \u00e0 Crian\u00e7a","robots":{"index":"index","follow":"follow","max-snippet":"max-snippet:-1","max-image-preview":"max-image-preview:large","max-video-preview":"max-video-preview:-1"},"canonical":"https:\/\/iacrianca.pt\/en\/2024\/01\/estrategia-nacional-para-os-direitos-das-vitimas-de-crime-2024-a-2028\/","og_locale":"en_US","og_type":"article","og_title":"Estrat\u00e9gia Nacional para os Direitos das V\u00edtimas de Crime 2024 a 2028 | Instituto de Apoio \u00e0 Crian\u00e7a","og_description":"O IAC foi convidado pelo Minist\u00e9rio da Justi\u00e7a a participar no grupo de trabalho que elaborou a &#8220;Estrat\u00e9gia Nacional para os Direitos das V\u00edtimas de Crime 2024 a 2028&#8221;. O IAC participou na qualidade de organiza\u00e7\u00e3o n\u00e3o governamental que desenvolve trabalho efetivo de apoio \u00e0s v\u00edtimas de crime. A &#8220;Estrat\u00e9gia Nacional para os Direitos das&hellip;","og_url":"https:\/\/iacrianca.pt\/en\/2024\/01\/estrategia-nacional-para-os-direitos-das-vitimas-de-crime-2024-a-2028\/","og_site_name":"Instituto de Apoio \u00e0 Crian\u00e7a","article_publisher":"https:\/\/www.facebook.com\/iacinstitutodeapoioacrianca","article_published_time":"2024-01-09T12:03:35+00:00","og_image":[{"width":625,"height":421,"url":"https:\/\/iacrianca.pt\/wp-content\/uploads\/dr.jpg","type":"image\/jpeg"}],"author":"Administra\u00e7\u00e3o IAC","twitter_card":"summary_large_image","twitter_creator":"@iacapoiocrianca","twitter_site":"@iacapoiocrianca","twitter_misc":{"Written by":"Administra\u00e7\u00e3o IAC","Est. reading time":"1 minute"},"schema":{"@context":"https:\/\/schema.org","@graph":[{"@type":"Article","@id":"https:\/\/iacrianca.pt\/en\/2024\/01\/estrategia-nacional-para-os-direitos-das-vitimas-de-crime-2024-a-2028\/#article","isPartOf":{"@id":"https:\/\/iacrianca.pt\/en\/2024\/01\/estrategia-nacional-para-os-direitos-das-vitimas-de-crime-2024-a-2028\/"},"author":{"name":"Administra\u00e7\u00e3o IAC","@id":"https:\/\/iacrianca.pt\/en\/#\/schema\/person\/1c48c6e4b70d0dc7360e4b28ceaa5f6b"},"headline":"Estrat\u00e9gia Nacional para os Direitos das V\u00edtimas de Crime 2024 a 2028","datePublished":"2024-01-09T12:03:35+00:00","mainEntityOfPage":{"@id":"https:\/\/iacrianca.pt\/en\/2024\/01\/estrategia-nacional-para-os-direitos-das-vitimas-de-crime-2024-a-2028\/"},"wordCount":177,"publisher":{"@id":"https:\/\/iacrianca.pt\/en\/#organization"},"image":{"@id":"https:\/\/iacrianca.pt\/en\/2024\/01\/estrategia-nacional-para-os-direitos-das-vitimas-de-crime-2024-a-2028\/#primaryimage"},"thumbnailUrl":"https:\/\/iacrianca.pt\/wp-content\/uploads\/dr.jpg","articleSection":["Not\u00edcias"],"inLanguage":"en-US"},{"@type":"WebPage","@id":"https:\/\/iacrianca.pt\/en\/2024\/01\/estrategia-nacional-para-os-direitos-das-vitimas-de-crime-2024-a-2028\/","url":"https:\/\/iacrianca.pt\/en\/2024\/01\/estrategia-nacional-para-os-direitos-das-vitimas-de-crime-2024-a-2028\/","name":"Estrat\u00e9gia Nacional para os Direitos das V\u00edtimas de Crime 2024 a 2028 | Instituto de Apoio \u00e0 Crian\u00e7a","isPartOf":{"@id":"https:\/\/iacrianca.pt\/en\/#website"},"primaryImageOfPage":{"@id":"https:\/\/iacrianca.pt\/en\/2024\/01\/estrategia-nacional-para-os-direitos-das-vitimas-de-crime-2024-a-2028\/#primaryimage"},"image":{"@id":"https:\/\/iacrianca.pt\/en\/2024\/01\/estrategia-nacional-para-os-direitos-das-vitimas-de-crime-2024-a-2028\/#primaryimage"},"thumbnailUrl":"https:\/\/iacrianca.pt\/wp-content\/uploads\/dr.jpg","datePublished":"2024-01-09T12:03:35+00:00","breadcrumb":{"@id":"https:\/\/iacrianca.pt\/en\/2024\/01\/estrategia-nacional-para-os-direitos-das-vitimas-de-crime-2024-a-2028\/#breadcrumb"},"inLanguage":"en-US","potentialAction":[{"@type":"ReadAction","target":["https:\/\/iacrianca.pt\/en\/2024\/01\/estrategia-nacional-para-os-direitos-das-vitimas-de-crime-2024-a-2028\/"]}]},{"@type":"ImageObject","inLanguage":"en-US","@id":"https:\/\/iacrianca.pt\/en\/2024\/01\/estrategia-nacional-para-os-direitos-das-vitimas-de-crime-2024-a-2028\/#primaryimage","url":"https:\/\/iacrianca.pt\/wp-content\/uploads\/dr.jpg","contentUrl":"https:\/\/iacrianca.pt\/wp-content\/uploads\/dr.jpg","width":625,"height":421},{"@type":"BreadcrumbList","@id":"https:\/\/iacrianca.pt\/en\/2024\/01\/estrategia-nacional-para-os-direitos-das-vitimas-de-crime-2024-a-2028\/#breadcrumb","itemListElement":[{"@type":"ListItem","position":1,"name":"In\u00edcio","item":"https:\/\/iacrianca.pt\/en\/"},{"@type":"ListItem","position":2,"name":"Estrat\u00e9gia Nacional para os Direitos das V\u00edtimas de Crime 2024 a 2028"}]},{"@type":"WebSite","@id":"https:\/\/iacrianca.pt\/en\/#website","url":"https:\/\/iacrianca.pt\/en\/","name":"Instituto de Apoio \u00e0 Crian\u00e7a","description":"Desde 1983 na defesa e promo\u00e7\u00e3o dos direitos da crian\u00e7a","publisher":{"@id":"https:\/\/iacrianca.pt\/en\/#organization"},"potentialAction":[{"@type":"SearchAction","target":{"@type":"EntryPoint","urlTemplate":"https:\/\/iacrianca.pt\/en\/?s={search_term_string}"},"query-input":{"@type":"PropertyValueSpecification","valueRequired":true,"valueName":"search_term_string"}}],"inLanguage":"en-US"},{"@type":"Organization","@id":"https:\/\/iacrianca.pt\/en\/#organization","name":"Instituto de Apoio \u00e0 Crian\u00e7a","url":"https:\/\/iacrianca.pt\/en\/","logo":{"@type":"ImageObject","inLanguage":"en-US","@id":"https:\/\/iacrianca.pt\/en\/#\/schema\/logo\/image\/","url":"https:\/\/iacrianca.pt\/wp-content\/uploads\/2020\/04\/logo-iac-SD.jpg","contentUrl":"https:\/\/iacrianca.pt\/wp-content\/uploads\/2020\/04\/logo-iac-SD.jpg","width":152,"height":73,"caption":"Instituto de Apoio \u00e0 Crian\u00e7a"},"image":{"@id":"https:\/\/iacrianca.pt\/en\/#\/schema\/logo\/image\/"},"sameAs":["https:\/\/www.facebook.com\/iacinstitutodeapoioacrianca","https:\/\/x.com\/iacapoiocrianca","https:\/\/www.youtube.com\/channel\/UC0jjfZ_xkN_59gJf_RQ-ZnQ","https:\/\/www.linkedin.com\/company\/instituto-de-apoio--criana\/","https:\/\/www.instagram.com\/iacinstitutodeapoioacrianca\/","https:\/\/criancasatortoeadireitos.wordpress.com\/"]},{"@type":"Person","@id":"https:\/\/iacrianca.pt\/en\/#\/schema\/person\/1c48c6e4b70d0dc7360e4b28ceaa5f6b","name":"Administra\u00e7\u00e3o IAC","image":{"@type":"ImageObject","inLanguage":"en-US","@id":"https:\/\/secure.gravatar.com\/avatar\/60b998c71de37dcc1398fc6d48c6b5ed7533e3ceec837c948055f072e3158ff1?s=96&d=mm&r=g","url":"https:\/\/secure.gravatar.com\/avatar\/60b998c71de37dcc1398fc6d48c6b5ed7533e3ceec837c948055f072e3158ff1?s=96&d=mm&r=g","contentUrl":"https:\/\/secure.gravatar.com\/avatar\/60b998c71de37dcc1398fc6d48c6b5ed7533e3ceec837c948055f072e3158ff1?s=96&d=mm&r=g","caption":"Administra\u00e7\u00e3o IAC"}}]}},"_links":{"self":[{"href":"https:\/\/iacrianca.pt\/en\/wp-json\/wp\/v2\/posts\/20444","targetHints":{"allow":["GET"]}}],"collection":[{"href":"https:\/\/iacrianca.pt\/en\/wp-json\/wp\/v2\/posts"}],"about":[{"href":"https:\/\/iacrianca.pt\/en\/wp-json\/wp\/v2\/types\/post"}],"author":[{"embeddable":true,"href":"https:\/\/iacrianca.pt\/en\/wp-json\/wp\/v2\/users\/2"}],"replies":[{"embeddable":true,"href":"https:\/\/iacrianca.pt\/en\/wp-json\/wp\/v2\/comments?post=20444"}],"version-history":[{"count":0,"href":"https:\/\/iacrianca.pt\/en\/wp-json\/wp\/v2\/posts\/20444\/revisions"}],"wp:featuredmedia":[{"embeddable":true,"href":"https:\/\/iacrianca.pt\/en\/wp-json\/wp\/v2\/media\/20447"}],"wp:attachment":[{"href":"https:\/\/iacrianca.pt\/en\/wp-json\/wp\/v2\/media?parent=20444"}],"wp:term":[{"taxonomy":"category","embeddable":true,"href":"https:\/\/iacrianca.pt\/en\/wp-json\/wp\/v2\/categories?post=20444"},{"taxonomy":"post_tag","embeddable":true,"href":"https:\/\/iacrianca.pt\/en\/wp-json\/wp\/v2\/tags?post=20444"}],"curies":[{"name":"wp","href":"https:\/\/api.w.org\/{rel}","templated":true}]}}