{"id":20688,"date":"2024-02-06T12:14:20","date_gmt":"2024-02-06T12:14:20","guid":{"rendered":"https:\/\/iacrianca.pt\/?p=20688"},"modified":"2024-02-14T10:30:29","modified_gmt":"2024-02-14T10:30:29","slug":"rede-juvenil-crescer-juntos-polo-do-coimbra-reconhecer-e-gerir-emocoes","status":"publish","type":"post","link":"https:\/\/iacrianca.pt\/en\/2024\/02\/rede-juvenil-crescer-juntos-polo-do-coimbra-reconhecer-e-gerir-emocoes\/","title":{"rendered":"Rede Juvenil Crescer Juntos \u2013 Polo do Coimbra  Reconhecer e Gerir Emo\u00e7\u00f5es"},"content":{"rendered":"<p>Nos dias 17, 24 e 31 de janeiro decorreram sess\u00f5es com os grupos da Rede Juvenil Crescer Juntos do Polo de Coimbra, no \u00e2mbito do Projeto \u201cSa\u00fade Mental e Bem-estar na Adolesc\u00eancia\u201d, tendo-se abordado a tem\u00e1tica \u201cReconhecer e Gerir Emo\u00e7\u00f5es\u201d. Participaram 24 crian\u00e7as e jovens.<\/p>\n<p>As sess\u00f5es, dinamizadas pela t\u00e9cnica Cristina Barros e pela estagi\u00e1ria Laura Coello, assentaram num metodologia muito pr\u00e1tica e motivadora. Foi dinamizada uma din\u00e2mica de quebra-gelo, procurando o envolvimento, a descontra\u00e7\u00e3o e estimulando a intera\u00e7\u00e3o e a express\u00e3o de afetos entre as crian\u00e7as e os jovens. Dinamizou-se tamb\u00e9m um jogo \u201cEmo\u00e7\u00f5es em jogo\u201d com o prop\u00f3sito de reconhecer, exprimir emo\u00e7\u00f5es e treinar respostas poss\u00edveis para determinados estados emocionais. Ouviram-se as crian\u00e7as e jovens atrav\u00e9s do di\u00e1logo e do uso das ferramentas digitais, nomeadamente com recurso ao Mentimeter o que permitiu perceber o seu n\u00edvel de entusiasmo para a sess\u00e3o, o seu humor e estados emocionais mais frequentes.<\/p>\n<p>As crian\u00e7as ficaram ainda a perceber que as emo\u00e7\u00f5es t\u00eam uma fun\u00e7\u00e3o adaptativa, fornecem dados importantes que podemos usar para tomar decis\u00f5es, permitem compreender melhor algo que est\u00e1 a acontecer na nossa vida e conhecermo-nos melhor. Por isso \u00e9 que tentar ignorar ou evitar as emo\u00e7\u00f5es s\u00f3 faz com que elas se intensifiquem e sejam mais frequentes, uma vez que as mensagens que elas transmitem s\u00e3o demasiado importantes para serem ignoradas.<\/p>\n<p>As crian\u00e7as e jovens que participaram na sess\u00e3o revelaram-se muito participativos e motivados para as quest\u00f5es debatidas.<\/p>\n<p><img fetchpriority=\"high\" decoding=\"async\" class=\"alignnone wp-image-20691 size-full\" src=\"https:\/\/iacrianca.pt\/wp-content\/uploads\/rjcj-jan-24-2.jpeg\" alt=\"\" width=\"2000\" height=\"900\" srcset=\"https:\/\/iacrianca.pt\/wp-content\/uploads\/rjcj-jan-24-2.jpeg 2000w, https:\/\/iacrianca.pt\/wp-content\/uploads\/rjcj-jan-24-2-300x135.jpeg 300w, https:\/\/iacrianca.pt\/wp-content\/uploads\/rjcj-jan-24-2-1024x461.jpeg 1024w, https:\/\/iacrianca.pt\/wp-content\/uploads\/rjcj-jan-24-2-768x346.jpeg 768w, https:\/\/iacrianca.pt\/wp-content\/uploads\/rjcj-jan-24-2-1536x691.jpeg 1536w\" sizes=\"(max-width: 2000px) 100vw, 2000px\" \/> <img decoding=\"async\" class=\"alignnone wp-image-20693 size-full\" src=\"https:\/\/iacrianca.pt\/wp-content\/uploads\/rjcj-jan-24-3.jpeg\" alt=\"\" width=\"2000\" height=\"900\" srcset=\"https:\/\/iacrianca.pt\/wp-content\/uploads\/rjcj-jan-24-3.jpeg 2000w, https:\/\/iacrianca.pt\/wp-content\/uploads\/rjcj-jan-24-3-300x135.jpeg 300w, https:\/\/iacrianca.pt\/wp-content\/uploads\/rjcj-jan-24-3-1024x461.jpeg 1024w, https:\/\/iacrianca.pt\/wp-content\/uploads\/rjcj-jan-24-3-768x346.jpeg 768w, https:\/\/iacrianca.pt\/wp-content\/uploads\/rjcj-jan-24-3-1536x691.jpeg 1536w\" sizes=\"(max-width: 2000px) 100vw, 2000px\" \/><\/p>\n","protected":false},"excerpt":{"rendered":"<p>Nos dias 17, 24 e 31 de janeiro decorreram sess\u00f5es com os grupos da Rede Juvenil Crescer Juntos do Polo de Coimbra, no \u00e2mbito do Projeto \u201cSa\u00fade Mental e Bem-estar na Adolesc\u00eancia\u201d, tendo-se abordado a tem\u00e1tica \u201cReconhecer e Gerir Emo\u00e7\u00f5es\u201d. Participaram 24 crian\u00e7as e jovens. As sess\u00f5es, dinamizadas pela t\u00e9cnica Cristina Barros e pela estagi\u00e1ria&hellip;<\/p>\n","protected":false},"author":2,"featured_media":20689,"comment_status":"open","ping_status":"open","sticky":false,"template":"","format":"standard","meta":{"_acf_changed":false,"footnotes":""},"categories":[63],"tags":[],"class_list":["post-20688","post","type-post","status-publish","format-standard","has-post-thumbnail","hentry","category-newsletter","category-63","description-off"],"acf":[],"yoast_head":"<!-- This site is optimized with the Yoast SEO plugin v27.5 - https:\/\/yoast.com\/product\/yoast-seo-wordpress\/ -->\n<title>Rede Juvenil Crescer Juntos \u2013 Polo do Coimbra Reconhecer e Gerir Emo\u00e7\u00f5es | Instituto de Apoio \u00e0 Crian\u00e7a<\/title>\n<meta name=\"robots\" content=\"index, follow, max-snippet:-1, max-image-preview:large, max-video-preview:-1\" \/>\n<link rel=\"canonical\" href=\"https:\/\/iacrianca.pt\/en\/2024\/02\/rede-juvenil-crescer-juntos-polo-do-coimbra-reconhecer-e-gerir-emocoes\/\" \/>\n<meta property=\"og:locale\" content=\"en_US\" \/>\n<meta property=\"og:type\" content=\"article\" \/>\n<meta property=\"og:title\" content=\"Rede Juvenil Crescer Juntos \u2013 Polo do Coimbra Reconhecer e Gerir Emo\u00e7\u00f5es | Instituto de Apoio \u00e0 Crian\u00e7a\" \/>\n<meta property=\"og:description\" content=\"Nos dias 17, 24 e 31 de janeiro decorreram sess\u00f5es com os grupos da Rede Juvenil Crescer Juntos do Polo de Coimbra, no \u00e2mbito do Projeto \u201cSa\u00fade Mental e Bem-estar na Adolesc\u00eancia\u201d, tendo-se abordado a tem\u00e1tica \u201cReconhecer e Gerir Emo\u00e7\u00f5es\u201d. Participaram 24 crian\u00e7as e jovens. As sess\u00f5es, dinamizadas pela t\u00e9cnica Cristina Barros e pela estagi\u00e1ria&hellip;\" \/>\n<meta property=\"og:url\" content=\"https:\/\/iacrianca.pt\/en\/2024\/02\/rede-juvenil-crescer-juntos-polo-do-coimbra-reconhecer-e-gerir-emocoes\/\" \/>\n<meta property=\"og:site_name\" content=\"Instituto de Apoio \u00e0 Crian\u00e7a\" \/>\n<meta property=\"article:publisher\" content=\"https:\/\/www.facebook.com\/iacinstitutodeapoioacrianca\" \/>\n<meta property=\"article:published_time\" content=\"2024-02-06T12:14:20+00:00\" \/>\n<meta property=\"article:modified_time\" content=\"2024-02-14T10:30:29+00:00\" \/>\n<meta property=\"og:image\" content=\"https:\/\/iacrianca.pt\/wp-content\/uploads\/rjcj-jan-24-1.jpg\" \/>\n\t<meta property=\"og:image:width\" content=\"2000\" \/>\n\t<meta property=\"og:image:height\" content=\"900\" \/>\n\t<meta property=\"og:image:type\" content=\"image\/jpeg\" \/>\n<meta name=\"author\" content=\"Administra\u00e7\u00e3o IAC\" \/>\n<meta name=\"twitter:card\" content=\"summary_large_image\" \/>\n<meta name=\"twitter:creator\" content=\"@iacapoiocrianca\" \/>\n<meta name=\"twitter:site\" content=\"@iacapoiocrianca\" \/>\n<meta name=\"twitter:label1\" content=\"Written by\" \/>\n\t<meta name=\"twitter:data1\" content=\"Administra\u00e7\u00e3o IAC\" \/>\n\t<meta name=\"twitter:label2\" content=\"Est. reading time\" \/>\n\t<meta name=\"twitter:data2\" content=\"2 minutes\" \/>\n<script type=\"application\/ld+json\" class=\"yoast-schema-graph\">{\"@context\":\"https:\\\/\\\/schema.org\",\"@graph\":[{\"@type\":\"Article\",\"@id\":\"https:\\\/\\\/iacrianca.pt\\\/en\\\/2024\\\/02\\\/rede-juvenil-crescer-juntos-polo-do-coimbra-reconhecer-e-gerir-emocoes\\\/#article\",\"isPartOf\":{\"@id\":\"https:\\\/\\\/iacrianca.pt\\\/en\\\/2024\\\/02\\\/rede-juvenil-crescer-juntos-polo-do-coimbra-reconhecer-e-gerir-emocoes\\\/\"},\"author\":{\"name\":\"Administra\u00e7\u00e3o IAC\",\"@id\":\"https:\\\/\\\/iacrianca.pt\\\/en\\\/#\\\/schema\\\/person\\\/1c48c6e4b70d0dc7360e4b28ceaa5f6b\"},\"headline\":\"Rede Juvenil Crescer Juntos \u2013 Polo do Coimbra Reconhecer e Gerir Emo\u00e7\u00f5es\",\"datePublished\":\"2024-02-06T12:14:20+00:00\",\"dateModified\":\"2024-02-14T10:30:29+00:00\",\"mainEntityOfPage\":{\"@id\":\"https:\\\/\\\/iacrianca.pt\\\/en\\\/2024\\\/02\\\/rede-juvenil-crescer-juntos-polo-do-coimbra-reconhecer-e-gerir-emocoes\\\/\"},\"wordCount\":281,\"commentCount\":0,\"publisher\":{\"@id\":\"https:\\\/\\\/iacrianca.pt\\\/en\\\/#organization\"},\"image\":{\"@id\":\"https:\\\/\\\/iacrianca.pt\\\/en\\\/2024\\\/02\\\/rede-juvenil-crescer-juntos-polo-do-coimbra-reconhecer-e-gerir-emocoes\\\/#primaryimage\"},\"thumbnailUrl\":\"https:\\\/\\\/iacrianca.pt\\\/wp-content\\\/uploads\\\/rjcj-jan-24-1.jpg\",\"articleSection\":[\"Newsletter\"],\"inLanguage\":\"en-US\",\"potentialAction\":[{\"@type\":\"CommentAction\",\"name\":\"Comment\",\"target\":[\"https:\\\/\\\/iacrianca.pt\\\/en\\\/2024\\\/02\\\/rede-juvenil-crescer-juntos-polo-do-coimbra-reconhecer-e-gerir-emocoes\\\/#respond\"]}]},{\"@type\":\"WebPage\",\"@id\":\"https:\\\/\\\/iacrianca.pt\\\/en\\\/2024\\\/02\\\/rede-juvenil-crescer-juntos-polo-do-coimbra-reconhecer-e-gerir-emocoes\\\/\",\"url\":\"https:\\\/\\\/iacrianca.pt\\\/en\\\/2024\\\/02\\\/rede-juvenil-crescer-juntos-polo-do-coimbra-reconhecer-e-gerir-emocoes\\\/\",\"name\":\"Rede Juvenil Crescer Juntos \u2013 Polo do Coimbra Reconhecer e Gerir Emo\u00e7\u00f5es | Instituto de Apoio \u00e0 Crian\u00e7a\",\"isPartOf\":{\"@id\":\"https:\\\/\\\/iacrianca.pt\\\/en\\\/#website\"},\"primaryImageOfPage\":{\"@id\":\"https:\\\/\\\/iacrianca.pt\\\/en\\\/2024\\\/02\\\/rede-juvenil-crescer-juntos-polo-do-coimbra-reconhecer-e-gerir-emocoes\\\/#primaryimage\"},\"image\":{\"@id\":\"https:\\\/\\\/iacrianca.pt\\\/en\\\/2024\\\/02\\\/rede-juvenil-crescer-juntos-polo-do-coimbra-reconhecer-e-gerir-emocoes\\\/#primaryimage\"},\"thumbnailUrl\":\"https:\\\/\\\/iacrianca.pt\\\/wp-content\\\/uploads\\\/rjcj-jan-24-1.jpg\",\"datePublished\":\"2024-02-06T12:14:20+00:00\",\"dateModified\":\"2024-02-14T10:30:29+00:00\",\"breadcrumb\":{\"@id\":\"https:\\\/\\\/iacrianca.pt\\\/en\\\/2024\\\/02\\\/rede-juvenil-crescer-juntos-polo-do-coimbra-reconhecer-e-gerir-emocoes\\\/#breadcrumb\"},\"inLanguage\":\"en-US\",\"potentialAction\":[{\"@type\":\"ReadAction\",\"target\":[\"https:\\\/\\\/iacrianca.pt\\\/en\\\/2024\\\/02\\\/rede-juvenil-crescer-juntos-polo-do-coimbra-reconhecer-e-gerir-emocoes\\\/\"]}]},{\"@type\":\"ImageObject\",\"inLanguage\":\"en-US\",\"@id\":\"https:\\\/\\\/iacrianca.pt\\\/en\\\/2024\\\/02\\\/rede-juvenil-crescer-juntos-polo-do-coimbra-reconhecer-e-gerir-emocoes\\\/#primaryimage\",\"url\":\"https:\\\/\\\/iacrianca.pt\\\/wp-content\\\/uploads\\\/rjcj-jan-24-1.jpg\",\"contentUrl\":\"https:\\\/\\\/iacrianca.pt\\\/wp-content\\\/uploads\\\/rjcj-jan-24-1.jpg\",\"width\":2000,\"height\":900},{\"@type\":\"BreadcrumbList\",\"@id\":\"https:\\\/\\\/iacrianca.pt\\\/en\\\/2024\\\/02\\\/rede-juvenil-crescer-juntos-polo-do-coimbra-reconhecer-e-gerir-emocoes\\\/#breadcrumb\",\"itemListElement\":[{\"@type\":\"ListItem\",\"position\":1,\"name\":\"In\u00edcio\",\"item\":\"https:\\\/\\\/iacrianca.pt\\\/en\\\/\"},{\"@type\":\"ListItem\",\"position\":2,\"name\":\"Rede Juvenil Crescer Juntos \u2013 Polo do Coimbra Reconhecer e Gerir Emo\u00e7\u00f5es\"}]},{\"@type\":\"WebSite\",\"@id\":\"https:\\\/\\\/iacrianca.pt\\\/en\\\/#website\",\"url\":\"https:\\\/\\\/iacrianca.pt\\\/en\\\/\",\"name\":\"Instituto de Apoio \u00e0 Crian\u00e7a\",\"description\":\"Desde 1983 na defesa e promo\u00e7\u00e3o dos direitos da crian\u00e7a\",\"publisher\":{\"@id\":\"https:\\\/\\\/iacrianca.pt\\\/en\\\/#organization\"},\"potentialAction\":[{\"@type\":\"SearchAction\",\"target\":{\"@type\":\"EntryPoint\",\"urlTemplate\":\"https:\\\/\\\/iacrianca.pt\\\/en\\\/?s={search_term_string}\"},\"query-input\":{\"@type\":\"PropertyValueSpecification\",\"valueRequired\":true,\"valueName\":\"search_term_string\"}}],\"inLanguage\":\"en-US\"},{\"@type\":\"Organization\",\"@id\":\"https:\\\/\\\/iacrianca.pt\\\/en\\\/#organization\",\"name\":\"Instituto de Apoio \u00e0 Crian\u00e7a\",\"url\":\"https:\\\/\\\/iacrianca.pt\\\/en\\\/\",\"logo\":{\"@type\":\"ImageObject\",\"inLanguage\":\"en-US\",\"@id\":\"https:\\\/\\\/iacrianca.pt\\\/en\\\/#\\\/schema\\\/logo\\\/image\\\/\",\"url\":\"https:\\\/\\\/iacrianca.pt\\\/wp-content\\\/uploads\\\/2020\\\/04\\\/logo-iac-SD.jpg\",\"contentUrl\":\"https:\\\/\\\/iacrianca.pt\\\/wp-content\\\/uploads\\\/2020\\\/04\\\/logo-iac-SD.jpg\",\"width\":152,\"height\":73,\"caption\":\"Instituto de Apoio \u00e0 Crian\u00e7a\"},\"image\":{\"@id\":\"https:\\\/\\\/iacrianca.pt\\\/en\\\/#\\\/schema\\\/logo\\\/image\\\/\"},\"sameAs\":[\"https:\\\/\\\/www.facebook.com\\\/iacinstitutodeapoioacrianca\",\"https:\\\/\\\/x.com\\\/iacapoiocrianca\",\"https:\\\/\\\/www.youtube.com\\\/channel\\\/UC0jjfZ_xkN_59gJf_RQ-ZnQ\",\"https:\\\/\\\/www.linkedin.com\\\/company\\\/instituto-de-apoio--criana\\\/\",\"https:\\\/\\\/www.instagram.com\\\/iacinstitutodeapoioacrianca\\\/\",\"https:\\\/\\\/criancasatortoeadireitos.wordpress.com\\\/\"]},{\"@type\":\"Person\",\"@id\":\"https:\\\/\\\/iacrianca.pt\\\/en\\\/#\\\/schema\\\/person\\\/1c48c6e4b70d0dc7360e4b28ceaa5f6b\",\"name\":\"Administra\u00e7\u00e3o IAC\",\"image\":{\"@type\":\"ImageObject\",\"inLanguage\":\"en-US\",\"@id\":\"https:\\\/\\\/secure.gravatar.com\\\/avatar\\\/60b998c71de37dcc1398fc6d48c6b5ed7533e3ceec837c948055f072e3158ff1?s=96&d=mm&r=g\",\"url\":\"https:\\\/\\\/secure.gravatar.com\\\/avatar\\\/60b998c71de37dcc1398fc6d48c6b5ed7533e3ceec837c948055f072e3158ff1?s=96&d=mm&r=g\",\"contentUrl\":\"https:\\\/\\\/secure.gravatar.com\\\/avatar\\\/60b998c71de37dcc1398fc6d48c6b5ed7533e3ceec837c948055f072e3158ff1?s=96&d=mm&r=g\",\"caption\":\"Administra\u00e7\u00e3o IAC\"}}]}<\/script>\n<!-- \/ Yoast SEO plugin. -->","yoast_head_json":{"title":"Rede Juvenil Crescer Juntos \u2013 Polo do Coimbra Reconhecer e Gerir Emo\u00e7\u00f5es | Instituto de Apoio \u00e0 Crian\u00e7a","robots":{"index":"index","follow":"follow","max-snippet":"max-snippet:-1","max-image-preview":"max-image-preview:large","max-video-preview":"max-video-preview:-1"},"canonical":"https:\/\/iacrianca.pt\/en\/2024\/02\/rede-juvenil-crescer-juntos-polo-do-coimbra-reconhecer-e-gerir-emocoes\/","og_locale":"en_US","og_type":"article","og_title":"Rede Juvenil Crescer Juntos \u2013 Polo do Coimbra Reconhecer e Gerir Emo\u00e7\u00f5es | Instituto de Apoio \u00e0 Crian\u00e7a","og_description":"Nos dias 17, 24 e 31 de janeiro decorreram sess\u00f5es com os grupos da Rede Juvenil Crescer Juntos do Polo de Coimbra, no \u00e2mbito do Projeto \u201cSa\u00fade Mental e Bem-estar na Adolesc\u00eancia\u201d, tendo-se abordado a tem\u00e1tica \u201cReconhecer e Gerir Emo\u00e7\u00f5es\u201d. Participaram 24 crian\u00e7as e jovens. As sess\u00f5es, dinamizadas pela t\u00e9cnica Cristina Barros e pela estagi\u00e1ria&hellip;","og_url":"https:\/\/iacrianca.pt\/en\/2024\/02\/rede-juvenil-crescer-juntos-polo-do-coimbra-reconhecer-e-gerir-emocoes\/","og_site_name":"Instituto de Apoio \u00e0 Crian\u00e7a","article_publisher":"https:\/\/www.facebook.com\/iacinstitutodeapoioacrianca","article_published_time":"2024-02-06T12:14:20+00:00","article_modified_time":"2024-02-14T10:30:29+00:00","og_image":[{"width":2000,"height":900,"url":"https:\/\/iacrianca.pt\/wp-content\/uploads\/rjcj-jan-24-1.jpg","type":"image\/jpeg"}],"author":"Administra\u00e7\u00e3o IAC","twitter_card":"summary_large_image","twitter_creator":"@iacapoiocrianca","twitter_site":"@iacapoiocrianca","twitter_misc":{"Written by":"Administra\u00e7\u00e3o IAC","Est. reading time":"2 minutes"},"schema":{"@context":"https:\/\/schema.org","@graph":[{"@type":"Article","@id":"https:\/\/iacrianca.pt\/en\/2024\/02\/rede-juvenil-crescer-juntos-polo-do-coimbra-reconhecer-e-gerir-emocoes\/#article","isPartOf":{"@id":"https:\/\/iacrianca.pt\/en\/2024\/02\/rede-juvenil-crescer-juntos-polo-do-coimbra-reconhecer-e-gerir-emocoes\/"},"author":{"name":"Administra\u00e7\u00e3o IAC","@id":"https:\/\/iacrianca.pt\/en\/#\/schema\/person\/1c48c6e4b70d0dc7360e4b28ceaa5f6b"},"headline":"Rede Juvenil Crescer Juntos \u2013 Polo do Coimbra Reconhecer e Gerir Emo\u00e7\u00f5es","datePublished":"2024-02-06T12:14:20+00:00","dateModified":"2024-02-14T10:30:29+00:00","mainEntityOfPage":{"@id":"https:\/\/iacrianca.pt\/en\/2024\/02\/rede-juvenil-crescer-juntos-polo-do-coimbra-reconhecer-e-gerir-emocoes\/"},"wordCount":281,"commentCount":0,"publisher":{"@id":"https:\/\/iacrianca.pt\/en\/#organization"},"image":{"@id":"https:\/\/iacrianca.pt\/en\/2024\/02\/rede-juvenil-crescer-juntos-polo-do-coimbra-reconhecer-e-gerir-emocoes\/#primaryimage"},"thumbnailUrl":"https:\/\/iacrianca.pt\/wp-content\/uploads\/rjcj-jan-24-1.jpg","articleSection":["Newsletter"],"inLanguage":"en-US","potentialAction":[{"@type":"CommentAction","name":"Comment","target":["https:\/\/iacrianca.pt\/en\/2024\/02\/rede-juvenil-crescer-juntos-polo-do-coimbra-reconhecer-e-gerir-emocoes\/#respond"]}]},{"@type":"WebPage","@id":"https:\/\/iacrianca.pt\/en\/2024\/02\/rede-juvenil-crescer-juntos-polo-do-coimbra-reconhecer-e-gerir-emocoes\/","url":"https:\/\/iacrianca.pt\/en\/2024\/02\/rede-juvenil-crescer-juntos-polo-do-coimbra-reconhecer-e-gerir-emocoes\/","name":"Rede Juvenil Crescer Juntos \u2013 Polo do Coimbra Reconhecer e Gerir Emo\u00e7\u00f5es | Instituto de Apoio \u00e0 Crian\u00e7a","isPartOf":{"@id":"https:\/\/iacrianca.pt\/en\/#website"},"primaryImageOfPage":{"@id":"https:\/\/iacrianca.pt\/en\/2024\/02\/rede-juvenil-crescer-juntos-polo-do-coimbra-reconhecer-e-gerir-emocoes\/#primaryimage"},"image":{"@id":"https:\/\/iacrianca.pt\/en\/2024\/02\/rede-juvenil-crescer-juntos-polo-do-coimbra-reconhecer-e-gerir-emocoes\/#primaryimage"},"thumbnailUrl":"https:\/\/iacrianca.pt\/wp-content\/uploads\/rjcj-jan-24-1.jpg","datePublished":"2024-02-06T12:14:20+00:00","dateModified":"2024-02-14T10:30:29+00:00","breadcrumb":{"@id":"https:\/\/iacrianca.pt\/en\/2024\/02\/rede-juvenil-crescer-juntos-polo-do-coimbra-reconhecer-e-gerir-emocoes\/#breadcrumb"},"inLanguage":"en-US","potentialAction":[{"@type":"ReadAction","target":["https:\/\/iacrianca.pt\/en\/2024\/02\/rede-juvenil-crescer-juntos-polo-do-coimbra-reconhecer-e-gerir-emocoes\/"]}]},{"@type":"ImageObject","inLanguage":"en-US","@id":"https:\/\/iacrianca.pt\/en\/2024\/02\/rede-juvenil-crescer-juntos-polo-do-coimbra-reconhecer-e-gerir-emocoes\/#primaryimage","url":"https:\/\/iacrianca.pt\/wp-content\/uploads\/rjcj-jan-24-1.jpg","contentUrl":"https:\/\/iacrianca.pt\/wp-content\/uploads\/rjcj-jan-24-1.jpg","width":2000,"height":900},{"@type":"BreadcrumbList","@id":"https:\/\/iacrianca.pt\/en\/2024\/02\/rede-juvenil-crescer-juntos-polo-do-coimbra-reconhecer-e-gerir-emocoes\/#breadcrumb","itemListElement":[{"@type":"ListItem","position":1,"name":"In\u00edcio","item":"https:\/\/iacrianca.pt\/en\/"},{"@type":"ListItem","position":2,"name":"Rede Juvenil Crescer Juntos \u2013 Polo do Coimbra Reconhecer e Gerir Emo\u00e7\u00f5es"}]},{"@type":"WebSite","@id":"https:\/\/iacrianca.pt\/en\/#website","url":"https:\/\/iacrianca.pt\/en\/","name":"Instituto de Apoio \u00e0 Crian\u00e7a","description":"Desde 1983 na defesa e promo\u00e7\u00e3o dos direitos da crian\u00e7a","publisher":{"@id":"https:\/\/iacrianca.pt\/en\/#organization"},"potentialAction":[{"@type":"SearchAction","target":{"@type":"EntryPoint","urlTemplate":"https:\/\/iacrianca.pt\/en\/?s={search_term_string}"},"query-input":{"@type":"PropertyValueSpecification","valueRequired":true,"valueName":"search_term_string"}}],"inLanguage":"en-US"},{"@type":"Organization","@id":"https:\/\/iacrianca.pt\/en\/#organization","name":"Instituto de Apoio \u00e0 Crian\u00e7a","url":"https:\/\/iacrianca.pt\/en\/","logo":{"@type":"ImageObject","inLanguage":"en-US","@id":"https:\/\/iacrianca.pt\/en\/#\/schema\/logo\/image\/","url":"https:\/\/iacrianca.pt\/wp-content\/uploads\/2020\/04\/logo-iac-SD.jpg","contentUrl":"https:\/\/iacrianca.pt\/wp-content\/uploads\/2020\/04\/logo-iac-SD.jpg","width":152,"height":73,"caption":"Instituto de Apoio \u00e0 Crian\u00e7a"},"image":{"@id":"https:\/\/iacrianca.pt\/en\/#\/schema\/logo\/image\/"},"sameAs":["https:\/\/www.facebook.com\/iacinstitutodeapoioacrianca","https:\/\/x.com\/iacapoiocrianca","https:\/\/www.youtube.com\/channel\/UC0jjfZ_xkN_59gJf_RQ-ZnQ","https:\/\/www.linkedin.com\/company\/instituto-de-apoio--criana\/","https:\/\/www.instagram.com\/iacinstitutodeapoioacrianca\/","https:\/\/criancasatortoeadireitos.wordpress.com\/"]},{"@type":"Person","@id":"https:\/\/iacrianca.pt\/en\/#\/schema\/person\/1c48c6e4b70d0dc7360e4b28ceaa5f6b","name":"Administra\u00e7\u00e3o IAC","image":{"@type":"ImageObject","inLanguage":"en-US","@id":"https:\/\/secure.gravatar.com\/avatar\/60b998c71de37dcc1398fc6d48c6b5ed7533e3ceec837c948055f072e3158ff1?s=96&d=mm&r=g","url":"https:\/\/secure.gravatar.com\/avatar\/60b998c71de37dcc1398fc6d48c6b5ed7533e3ceec837c948055f072e3158ff1?s=96&d=mm&r=g","contentUrl":"https:\/\/secure.gravatar.com\/avatar\/60b998c71de37dcc1398fc6d48c6b5ed7533e3ceec837c948055f072e3158ff1?s=96&d=mm&r=g","caption":"Administra\u00e7\u00e3o IAC"}}]}},"_links":{"self":[{"href":"https:\/\/iacrianca.pt\/en\/wp-json\/wp\/v2\/posts\/20688","targetHints":{"allow":["GET"]}}],"collection":[{"href":"https:\/\/iacrianca.pt\/en\/wp-json\/wp\/v2\/posts"}],"about":[{"href":"https:\/\/iacrianca.pt\/en\/wp-json\/wp\/v2\/types\/post"}],"author":[{"embeddable":true,"href":"https:\/\/iacrianca.pt\/en\/wp-json\/wp\/v2\/users\/2"}],"replies":[{"embeddable":true,"href":"https:\/\/iacrianca.pt\/en\/wp-json\/wp\/v2\/comments?post=20688"}],"version-history":[{"count":0,"href":"https:\/\/iacrianca.pt\/en\/wp-json\/wp\/v2\/posts\/20688\/revisions"}],"wp:featuredmedia":[{"embeddable":true,"href":"https:\/\/iacrianca.pt\/en\/wp-json\/wp\/v2\/media\/20689"}],"wp:attachment":[{"href":"https:\/\/iacrianca.pt\/en\/wp-json\/wp\/v2\/media?parent=20688"}],"wp:term":[{"taxonomy":"category","embeddable":true,"href":"https:\/\/iacrianca.pt\/en\/wp-json\/wp\/v2\/categories?post=20688"},{"taxonomy":"post_tag","embeddable":true,"href":"https:\/\/iacrianca.pt\/en\/wp-json\/wp\/v2\/tags?post=20688"}],"curies":[{"name":"wp","href":"https:\/\/api.w.org\/{rel}","templated":true}]}}