{"id":20891,"date":"2024-03-04T12:00:31","date_gmt":"2024-03-04T12:00:31","guid":{"rendered":"https:\/\/iacrianca.pt\/?p=20891"},"modified":"2024-03-12T15:34:39","modified_gmt":"2024-03-12T15:34:39","slug":"projeto-educacondado-veio-para-ficar","status":"publish","type":"post","link":"https:\/\/iacrianca.pt\/en\/2024\/03\/projeto-educacondado-veio-para-ficar\/","title":{"rendered":"Projeto Educa(CON)dado \u2013 veio para ficar!"},"content":{"rendered":"<p><span data-contrast=\"none\">O Projeto Educa(CON)dado, enquadrado numa candidatura realizada ao abrigo dos Projetos Inovadores e\/ou Experimentais na \u00c1rea Social e com financiamento pelo FSE, terminou em dezembro de 2023.<\/span><span data-ccp-props=\"{&quot;201341983&quot;:0,&quot;335551550&quot;:6,&quot;335551620&quot;:6,&quot;335559739&quot;:0,&quot;335559740&quot;:240}\">\u00a0<\/span><\/p>\n<p><span data-contrast=\"none\">Este Projeto, com uma dura\u00e7\u00e3o de 3 anos, foi desenvolvido pela equipa do Centro de Apoio Comunit\u00e1rio e teve como principais destinat\u00e1rios as crian\u00e7as e jovens do Bairro do Condado.<\/span><span data-ccp-props=\"{&quot;201341983&quot;:0,&quot;335551550&quot;:6,&quot;335551620&quot;:6,&quot;335559739&quot;:0,&quot;335559740&quot;:240}\">\u00a0<\/span><\/p>\n<p><span data-contrast=\"none\">Tendo em considera\u00e7\u00e3o que este Projeto surgiu em plena Pandemia e com todas as restri\u00e7\u00f5es inerente a esse per\u00edodo, podemos concluir que o resultado foi bastante positivo e que conseguimos atingir os objetivos a que nos propusemos, bem como a realiza\u00e7\u00e3o das atividades previstas.<\/span><span data-ccp-props=\"{&quot;201341983&quot;:0,&quot;335551550&quot;:6,&quot;335551620&quot;:6,&quot;335559739&quot;:0,&quot;335559740&quot;:240}\">\u00a0<\/span><\/p>\n<p><span data-contrast=\"none\">No total, foram abrangidas cerca de 101 crian\u00e7as e jovens, ainda que nem todos de forma sistem\u00e1tica, mas que em algum momento do projeto beneficiaram de alguma(s) atividade(s); em contexto escolar, 631 crian\u00e7as beneficiaram das nossas sess\u00f5es de preven\u00e7\u00e3o subordinadas aos Direitos e Deveres das Crian\u00e7as e 71 fam\u00edlias foram alvo da nossa interven\u00e7\u00e3o. Ao n\u00edvel das parcerias, inici\u00e1mos o Projeto com 9 entidades e termin\u00e1mos com 11, sendo que a avalia\u00e7\u00e3o final do grau de satisfa\u00e7\u00e3o foi de 85%.<\/span><span data-ccp-props=\"{&quot;201341983&quot;:0,&quot;335551550&quot;:6,&quot;335551620&quot;:6,&quot;335559739&quot;:0,&quot;335559740&quot;:240}\">\u00a0<\/span><\/p>\n<p><span data-contrast=\"none\">Consideramos que o Projeto Educa(CON)dado teve um impacto muito significativo nas crian\u00e7as, jovens, fam\u00edlias, comunidade em geral, bem como na din\u00e2mica da pr\u00f3pria equipa. Fruto deste Projeto, foram implementadas atividades novas, como foi o caso do Apoio ao Estudo, da Express\u00e3o Art\u00edstica e da Media\u00e7\u00e3o Comunit\u00e1ria pelos jovens mediadores, que se revelaram muito pertinentes na concretiza\u00e7\u00e3o dos objetivos no \u00e2mbito da interven\u00e7\u00e3o junto de crian\u00e7as e jovens em situa\u00e7\u00e3o de risco.\u00a0<\/span><span data-ccp-props=\"{&quot;201341983&quot;:0,&quot;335551550&quot;:6,&quot;335551620&quot;:6,&quot;335559739&quot;:0,&quot;335559740&quot;:240}\">\u00a0<\/span><\/p>\n<p><span data-contrast=\"none\">Este projeto deu ainda a oportunidade a 2 pessoas da comunidade de obterem trabalho, durante a vig\u00eancia do Projeto e ap\u00f3s o t\u00e9rminus do mesmo.<\/span><span data-ccp-props=\"{&quot;201341983&quot;:0,&quot;335551550&quot;:6,&quot;335551620&quot;:6,&quot;335559739&quot;:0,&quot;335559740&quot;:240}\">\u00a0<\/span><\/p>\n<p><span data-contrast=\"none\">Em s\u00edntese, podemos dizer que foi um Projeto que veio e ficou! Vamos procurar financiamentos que nos permitam manter as atividades e os mesmos objetivos, ou seja, continuarmos com o nosso foco em proporcionarmos os meios necess\u00e1rios \u00e0s crian\u00e7as e jovens para terem os mesmos direitos no acesso \u00e0 educa\u00e7\u00e3o, promovendo, assim, o sucesso escolar.\u00a0<\/span><\/p>\n","protected":false},"excerpt":{"rendered":"<p>O Projeto Educa(CON)dado, enquadrado numa candidatura realizada ao abrigo dos Projetos Inovadores e\/ou Experimentais na \u00c1rea Social e com financiamento pelo FSE, terminou em dezembro de 2023.\u00a0 Este Projeto, com uma dura\u00e7\u00e3o de 3 anos, foi desenvolvido pela equipa do Centro de Apoio Comunit\u00e1rio e teve como principais destinat\u00e1rios as crian\u00e7as e jovens do Bairro&hellip;<\/p>\n","protected":false},"author":2,"featured_media":20892,"comment_status":"closed","ping_status":"open","sticky":false,"template":"","format":"standard","meta":{"_acf_changed":false,"footnotes":""},"categories":[63],"tags":[],"class_list":["post-20891","post","type-post","status-publish","format-standard","has-post-thumbnail","hentry","category-newsletter","category-63","description-off"],"acf":[],"yoast_head":"<!-- This site is optimized with the Yoast SEO plugin v27.5 - https:\/\/yoast.com\/product\/yoast-seo-wordpress\/ -->\n<title>Projeto Educa(CON)dado \u2013 veio para ficar! | Instituto de Apoio \u00e0 Crian\u00e7a<\/title>\n<meta name=\"robots\" content=\"index, follow, max-snippet:-1, max-image-preview:large, max-video-preview:-1\" \/>\n<link rel=\"canonical\" href=\"https:\/\/iacrianca.pt\/en\/2024\/03\/projeto-educacondado-veio-para-ficar\/\" \/>\n<meta property=\"og:locale\" content=\"en_US\" \/>\n<meta property=\"og:type\" content=\"article\" \/>\n<meta property=\"og:title\" content=\"Projeto Educa(CON)dado \u2013 veio para ficar! | Instituto de Apoio \u00e0 Crian\u00e7a\" \/>\n<meta property=\"og:description\" content=\"O Projeto Educa(CON)dado, enquadrado numa candidatura realizada ao abrigo dos Projetos Inovadores e\/ou Experimentais na \u00c1rea Social e com financiamento pelo FSE, terminou em dezembro de 2023.\u00a0 Este Projeto, com uma dura\u00e7\u00e3o de 3 anos, foi desenvolvido pela equipa do Centro de Apoio Comunit\u00e1rio e teve como principais destinat\u00e1rios as crian\u00e7as e jovens do Bairro&hellip;\" \/>\n<meta property=\"og:url\" content=\"https:\/\/iacrianca.pt\/en\/2024\/03\/projeto-educacondado-veio-para-ficar\/\" \/>\n<meta property=\"og:site_name\" content=\"Instituto de Apoio \u00e0 Crian\u00e7a\" \/>\n<meta property=\"article:publisher\" content=\"https:\/\/www.facebook.com\/iacinstitutodeapoioacrianca\" \/>\n<meta property=\"article:published_time\" content=\"2024-03-04T12:00:31+00:00\" \/>\n<meta property=\"article:modified_time\" content=\"2024-03-12T15:34:39+00:00\" \/>\n<meta property=\"og:image\" content=\"https:\/\/iacrianca.pt\/wp-content\/uploads\/edu.png\" \/>\n\t<meta property=\"og:image:width\" content=\"758\" \/>\n\t<meta property=\"og:image:height\" content=\"428\" \/>\n\t<meta property=\"og:image:type\" content=\"image\/png\" \/>\n<meta name=\"author\" content=\"Administra\u00e7\u00e3o IAC\" \/>\n<meta name=\"twitter:card\" content=\"summary_large_image\" \/>\n<meta name=\"twitter:creator\" content=\"@iacapoiocrianca\" \/>\n<meta name=\"twitter:site\" content=\"@iacapoiocrianca\" \/>\n<meta name=\"twitter:label1\" content=\"Written by\" \/>\n\t<meta name=\"twitter:data1\" content=\"Administra\u00e7\u00e3o IAC\" \/>\n\t<meta name=\"twitter:label2\" content=\"Est. reading time\" \/>\n\t<meta name=\"twitter:data2\" content=\"3 minutes\" \/>\n<script type=\"application\/ld+json\" class=\"yoast-schema-graph\">{\"@context\":\"https:\\\/\\\/schema.org\",\"@graph\":[{\"@type\":\"Article\",\"@id\":\"https:\\\/\\\/iacrianca.pt\\\/en\\\/2024\\\/03\\\/projeto-educacondado-veio-para-ficar\\\/#article\",\"isPartOf\":{\"@id\":\"https:\\\/\\\/iacrianca.pt\\\/en\\\/2024\\\/03\\\/projeto-educacondado-veio-para-ficar\\\/\"},\"author\":{\"name\":\"Administra\u00e7\u00e3o IAC\",\"@id\":\"https:\\\/\\\/iacrianca.pt\\\/en\\\/#\\\/schema\\\/person\\\/1c48c6e4b70d0dc7360e4b28ceaa5f6b\"},\"headline\":\"Projeto Educa(CON)dado \u2013 veio para ficar!\",\"datePublished\":\"2024-03-04T12:00:31+00:00\",\"dateModified\":\"2024-03-12T15:34:39+00:00\",\"mainEntityOfPage\":{\"@id\":\"https:\\\/\\\/iacrianca.pt\\\/en\\\/2024\\\/03\\\/projeto-educacondado-veio-para-ficar\\\/\"},\"wordCount\":376,\"publisher\":{\"@id\":\"https:\\\/\\\/iacrianca.pt\\\/en\\\/#organization\"},\"image\":{\"@id\":\"https:\\\/\\\/iacrianca.pt\\\/en\\\/2024\\\/03\\\/projeto-educacondado-veio-para-ficar\\\/#primaryimage\"},\"thumbnailUrl\":\"https:\\\/\\\/iacrianca.pt\\\/wp-content\\\/uploads\\\/edu.png\",\"articleSection\":[\"Newsletter\"],\"inLanguage\":\"en-US\"},{\"@type\":\"WebPage\",\"@id\":\"https:\\\/\\\/iacrianca.pt\\\/en\\\/2024\\\/03\\\/projeto-educacondado-veio-para-ficar\\\/\",\"url\":\"https:\\\/\\\/iacrianca.pt\\\/en\\\/2024\\\/03\\\/projeto-educacondado-veio-para-ficar\\\/\",\"name\":\"Projeto Educa(CON)dado \u2013 veio para ficar! | Instituto de Apoio \u00e0 Crian\u00e7a\",\"isPartOf\":{\"@id\":\"https:\\\/\\\/iacrianca.pt\\\/en\\\/#website\"},\"primaryImageOfPage\":{\"@id\":\"https:\\\/\\\/iacrianca.pt\\\/en\\\/2024\\\/03\\\/projeto-educacondado-veio-para-ficar\\\/#primaryimage\"},\"image\":{\"@id\":\"https:\\\/\\\/iacrianca.pt\\\/en\\\/2024\\\/03\\\/projeto-educacondado-veio-para-ficar\\\/#primaryimage\"},\"thumbnailUrl\":\"https:\\\/\\\/iacrianca.pt\\\/wp-content\\\/uploads\\\/edu.png\",\"datePublished\":\"2024-03-04T12:00:31+00:00\",\"dateModified\":\"2024-03-12T15:34:39+00:00\",\"breadcrumb\":{\"@id\":\"https:\\\/\\\/iacrianca.pt\\\/en\\\/2024\\\/03\\\/projeto-educacondado-veio-para-ficar\\\/#breadcrumb\"},\"inLanguage\":\"en-US\",\"potentialAction\":[{\"@type\":\"ReadAction\",\"target\":[\"https:\\\/\\\/iacrianca.pt\\\/en\\\/2024\\\/03\\\/projeto-educacondado-veio-para-ficar\\\/\"]}]},{\"@type\":\"ImageObject\",\"inLanguage\":\"en-US\",\"@id\":\"https:\\\/\\\/iacrianca.pt\\\/en\\\/2024\\\/03\\\/projeto-educacondado-veio-para-ficar\\\/#primaryimage\",\"url\":\"https:\\\/\\\/iacrianca.pt\\\/wp-content\\\/uploads\\\/edu.png\",\"contentUrl\":\"https:\\\/\\\/iacrianca.pt\\\/wp-content\\\/uploads\\\/edu.png\",\"width\":758,\"height\":428},{\"@type\":\"BreadcrumbList\",\"@id\":\"https:\\\/\\\/iacrianca.pt\\\/en\\\/2024\\\/03\\\/projeto-educacondado-veio-para-ficar\\\/#breadcrumb\",\"itemListElement\":[{\"@type\":\"ListItem\",\"position\":1,\"name\":\"In\u00edcio\",\"item\":\"https:\\\/\\\/iacrianca.pt\\\/en\\\/\"},{\"@type\":\"ListItem\",\"position\":2,\"name\":\"Projeto Educa(CON)dado \u2013 veio para ficar!\"}]},{\"@type\":\"WebSite\",\"@id\":\"https:\\\/\\\/iacrianca.pt\\\/en\\\/#website\",\"url\":\"https:\\\/\\\/iacrianca.pt\\\/en\\\/\",\"name\":\"Instituto de Apoio \u00e0 Crian\u00e7a\",\"description\":\"Desde 1983 na defesa e promo\u00e7\u00e3o dos direitos da crian\u00e7a\",\"publisher\":{\"@id\":\"https:\\\/\\\/iacrianca.pt\\\/en\\\/#organization\"},\"potentialAction\":[{\"@type\":\"SearchAction\",\"target\":{\"@type\":\"EntryPoint\",\"urlTemplate\":\"https:\\\/\\\/iacrianca.pt\\\/en\\\/?s={search_term_string}\"},\"query-input\":{\"@type\":\"PropertyValueSpecification\",\"valueRequired\":true,\"valueName\":\"search_term_string\"}}],\"inLanguage\":\"en-US\"},{\"@type\":\"Organization\",\"@id\":\"https:\\\/\\\/iacrianca.pt\\\/en\\\/#organization\",\"name\":\"Instituto de Apoio \u00e0 Crian\u00e7a\",\"url\":\"https:\\\/\\\/iacrianca.pt\\\/en\\\/\",\"logo\":{\"@type\":\"ImageObject\",\"inLanguage\":\"en-US\",\"@id\":\"https:\\\/\\\/iacrianca.pt\\\/en\\\/#\\\/schema\\\/logo\\\/image\\\/\",\"url\":\"https:\\\/\\\/iacrianca.pt\\\/wp-content\\\/uploads\\\/2020\\\/04\\\/logo-iac-SD.jpg\",\"contentUrl\":\"https:\\\/\\\/iacrianca.pt\\\/wp-content\\\/uploads\\\/2020\\\/04\\\/logo-iac-SD.jpg\",\"width\":152,\"height\":73,\"caption\":\"Instituto de Apoio \u00e0 Crian\u00e7a\"},\"image\":{\"@id\":\"https:\\\/\\\/iacrianca.pt\\\/en\\\/#\\\/schema\\\/logo\\\/image\\\/\"},\"sameAs\":[\"https:\\\/\\\/www.facebook.com\\\/iacinstitutodeapoioacrianca\",\"https:\\\/\\\/x.com\\\/iacapoiocrianca\",\"https:\\\/\\\/www.youtube.com\\\/channel\\\/UC0jjfZ_xkN_59gJf_RQ-ZnQ\",\"https:\\\/\\\/www.linkedin.com\\\/company\\\/instituto-de-apoio--criana\\\/\",\"https:\\\/\\\/www.instagram.com\\\/iacinstitutodeapoioacrianca\\\/\",\"https:\\\/\\\/criancasatortoeadireitos.wordpress.com\\\/\"]},{\"@type\":\"Person\",\"@id\":\"https:\\\/\\\/iacrianca.pt\\\/en\\\/#\\\/schema\\\/person\\\/1c48c6e4b70d0dc7360e4b28ceaa5f6b\",\"name\":\"Administra\u00e7\u00e3o IAC\",\"image\":{\"@type\":\"ImageObject\",\"inLanguage\":\"en-US\",\"@id\":\"https:\\\/\\\/secure.gravatar.com\\\/avatar\\\/60b998c71de37dcc1398fc6d48c6b5ed7533e3ceec837c948055f072e3158ff1?s=96&d=mm&r=g\",\"url\":\"https:\\\/\\\/secure.gravatar.com\\\/avatar\\\/60b998c71de37dcc1398fc6d48c6b5ed7533e3ceec837c948055f072e3158ff1?s=96&d=mm&r=g\",\"contentUrl\":\"https:\\\/\\\/secure.gravatar.com\\\/avatar\\\/60b998c71de37dcc1398fc6d48c6b5ed7533e3ceec837c948055f072e3158ff1?s=96&d=mm&r=g\",\"caption\":\"Administra\u00e7\u00e3o IAC\"}}]}<\/script>\n<!-- \/ Yoast SEO plugin. -->","yoast_head_json":{"title":"Projeto Educa(CON)dado \u2013 veio para ficar! | Instituto de Apoio \u00e0 Crian\u00e7a","robots":{"index":"index","follow":"follow","max-snippet":"max-snippet:-1","max-image-preview":"max-image-preview:large","max-video-preview":"max-video-preview:-1"},"canonical":"https:\/\/iacrianca.pt\/en\/2024\/03\/projeto-educacondado-veio-para-ficar\/","og_locale":"en_US","og_type":"article","og_title":"Projeto Educa(CON)dado \u2013 veio para ficar! | Instituto de Apoio \u00e0 Crian\u00e7a","og_description":"O Projeto Educa(CON)dado, enquadrado numa candidatura realizada ao abrigo dos Projetos Inovadores e\/ou Experimentais na \u00c1rea Social e com financiamento pelo FSE, terminou em dezembro de 2023.\u00a0 Este Projeto, com uma dura\u00e7\u00e3o de 3 anos, foi desenvolvido pela equipa do Centro de Apoio Comunit\u00e1rio e teve como principais destinat\u00e1rios as crian\u00e7as e jovens do Bairro&hellip;","og_url":"https:\/\/iacrianca.pt\/en\/2024\/03\/projeto-educacondado-veio-para-ficar\/","og_site_name":"Instituto de Apoio \u00e0 Crian\u00e7a","article_publisher":"https:\/\/www.facebook.com\/iacinstitutodeapoioacrianca","article_published_time":"2024-03-04T12:00:31+00:00","article_modified_time":"2024-03-12T15:34:39+00:00","og_image":[{"width":758,"height":428,"url":"https:\/\/iacrianca.pt\/wp-content\/uploads\/edu.png","type":"image\/png"}],"author":"Administra\u00e7\u00e3o IAC","twitter_card":"summary_large_image","twitter_creator":"@iacapoiocrianca","twitter_site":"@iacapoiocrianca","twitter_misc":{"Written by":"Administra\u00e7\u00e3o IAC","Est. reading time":"3 minutes"},"schema":{"@context":"https:\/\/schema.org","@graph":[{"@type":"Article","@id":"https:\/\/iacrianca.pt\/en\/2024\/03\/projeto-educacondado-veio-para-ficar\/#article","isPartOf":{"@id":"https:\/\/iacrianca.pt\/en\/2024\/03\/projeto-educacondado-veio-para-ficar\/"},"author":{"name":"Administra\u00e7\u00e3o IAC","@id":"https:\/\/iacrianca.pt\/en\/#\/schema\/person\/1c48c6e4b70d0dc7360e4b28ceaa5f6b"},"headline":"Projeto Educa(CON)dado \u2013 veio para ficar!","datePublished":"2024-03-04T12:00:31+00:00","dateModified":"2024-03-12T15:34:39+00:00","mainEntityOfPage":{"@id":"https:\/\/iacrianca.pt\/en\/2024\/03\/projeto-educacondado-veio-para-ficar\/"},"wordCount":376,"publisher":{"@id":"https:\/\/iacrianca.pt\/en\/#organization"},"image":{"@id":"https:\/\/iacrianca.pt\/en\/2024\/03\/projeto-educacondado-veio-para-ficar\/#primaryimage"},"thumbnailUrl":"https:\/\/iacrianca.pt\/wp-content\/uploads\/edu.png","articleSection":["Newsletter"],"inLanguage":"en-US"},{"@type":"WebPage","@id":"https:\/\/iacrianca.pt\/en\/2024\/03\/projeto-educacondado-veio-para-ficar\/","url":"https:\/\/iacrianca.pt\/en\/2024\/03\/projeto-educacondado-veio-para-ficar\/","name":"Projeto Educa(CON)dado \u2013 veio para ficar! | Instituto de Apoio \u00e0 Crian\u00e7a","isPartOf":{"@id":"https:\/\/iacrianca.pt\/en\/#website"},"primaryImageOfPage":{"@id":"https:\/\/iacrianca.pt\/en\/2024\/03\/projeto-educacondado-veio-para-ficar\/#primaryimage"},"image":{"@id":"https:\/\/iacrianca.pt\/en\/2024\/03\/projeto-educacondado-veio-para-ficar\/#primaryimage"},"thumbnailUrl":"https:\/\/iacrianca.pt\/wp-content\/uploads\/edu.png","datePublished":"2024-03-04T12:00:31+00:00","dateModified":"2024-03-12T15:34:39+00:00","breadcrumb":{"@id":"https:\/\/iacrianca.pt\/en\/2024\/03\/projeto-educacondado-veio-para-ficar\/#breadcrumb"},"inLanguage":"en-US","potentialAction":[{"@type":"ReadAction","target":["https:\/\/iacrianca.pt\/en\/2024\/03\/projeto-educacondado-veio-para-ficar\/"]}]},{"@type":"ImageObject","inLanguage":"en-US","@id":"https:\/\/iacrianca.pt\/en\/2024\/03\/projeto-educacondado-veio-para-ficar\/#primaryimage","url":"https:\/\/iacrianca.pt\/wp-content\/uploads\/edu.png","contentUrl":"https:\/\/iacrianca.pt\/wp-content\/uploads\/edu.png","width":758,"height":428},{"@type":"BreadcrumbList","@id":"https:\/\/iacrianca.pt\/en\/2024\/03\/projeto-educacondado-veio-para-ficar\/#breadcrumb","itemListElement":[{"@type":"ListItem","position":1,"name":"In\u00edcio","item":"https:\/\/iacrianca.pt\/en\/"},{"@type":"ListItem","position":2,"name":"Projeto Educa(CON)dado \u2013 veio para ficar!"}]},{"@type":"WebSite","@id":"https:\/\/iacrianca.pt\/en\/#website","url":"https:\/\/iacrianca.pt\/en\/","name":"Instituto de Apoio \u00e0 Crian\u00e7a","description":"Desde 1983 na defesa e promo\u00e7\u00e3o dos direitos da crian\u00e7a","publisher":{"@id":"https:\/\/iacrianca.pt\/en\/#organization"},"potentialAction":[{"@type":"SearchAction","target":{"@type":"EntryPoint","urlTemplate":"https:\/\/iacrianca.pt\/en\/?s={search_term_string}"},"query-input":{"@type":"PropertyValueSpecification","valueRequired":true,"valueName":"search_term_string"}}],"inLanguage":"en-US"},{"@type":"Organization","@id":"https:\/\/iacrianca.pt\/en\/#organization","name":"Instituto de Apoio \u00e0 Crian\u00e7a","url":"https:\/\/iacrianca.pt\/en\/","logo":{"@type":"ImageObject","inLanguage":"en-US","@id":"https:\/\/iacrianca.pt\/en\/#\/schema\/logo\/image\/","url":"https:\/\/iacrianca.pt\/wp-content\/uploads\/2020\/04\/logo-iac-SD.jpg","contentUrl":"https:\/\/iacrianca.pt\/wp-content\/uploads\/2020\/04\/logo-iac-SD.jpg","width":152,"height":73,"caption":"Instituto de Apoio \u00e0 Crian\u00e7a"},"image":{"@id":"https:\/\/iacrianca.pt\/en\/#\/schema\/logo\/image\/"},"sameAs":["https:\/\/www.facebook.com\/iacinstitutodeapoioacrianca","https:\/\/x.com\/iacapoiocrianca","https:\/\/www.youtube.com\/channel\/UC0jjfZ_xkN_59gJf_RQ-ZnQ","https:\/\/www.linkedin.com\/company\/instituto-de-apoio--criana\/","https:\/\/www.instagram.com\/iacinstitutodeapoioacrianca\/","https:\/\/criancasatortoeadireitos.wordpress.com\/"]},{"@type":"Person","@id":"https:\/\/iacrianca.pt\/en\/#\/schema\/person\/1c48c6e4b70d0dc7360e4b28ceaa5f6b","name":"Administra\u00e7\u00e3o IAC","image":{"@type":"ImageObject","inLanguage":"en-US","@id":"https:\/\/secure.gravatar.com\/avatar\/60b998c71de37dcc1398fc6d48c6b5ed7533e3ceec837c948055f072e3158ff1?s=96&d=mm&r=g","url":"https:\/\/secure.gravatar.com\/avatar\/60b998c71de37dcc1398fc6d48c6b5ed7533e3ceec837c948055f072e3158ff1?s=96&d=mm&r=g","contentUrl":"https:\/\/secure.gravatar.com\/avatar\/60b998c71de37dcc1398fc6d48c6b5ed7533e3ceec837c948055f072e3158ff1?s=96&d=mm&r=g","caption":"Administra\u00e7\u00e3o IAC"}}]}},"_links":{"self":[{"href":"https:\/\/iacrianca.pt\/en\/wp-json\/wp\/v2\/posts\/20891","targetHints":{"allow":["GET"]}}],"collection":[{"href":"https:\/\/iacrianca.pt\/en\/wp-json\/wp\/v2\/posts"}],"about":[{"href":"https:\/\/iacrianca.pt\/en\/wp-json\/wp\/v2\/types\/post"}],"author":[{"embeddable":true,"href":"https:\/\/iacrianca.pt\/en\/wp-json\/wp\/v2\/users\/2"}],"replies":[{"embeddable":true,"href":"https:\/\/iacrianca.pt\/en\/wp-json\/wp\/v2\/comments?post=20891"}],"version-history":[{"count":0,"href":"https:\/\/iacrianca.pt\/en\/wp-json\/wp\/v2\/posts\/20891\/revisions"}],"wp:featuredmedia":[{"embeddable":true,"href":"https:\/\/iacrianca.pt\/en\/wp-json\/wp\/v2\/media\/20892"}],"wp:attachment":[{"href":"https:\/\/iacrianca.pt\/en\/wp-json\/wp\/v2\/media?parent=20891"}],"wp:term":[{"taxonomy":"category","embeddable":true,"href":"https:\/\/iacrianca.pt\/en\/wp-json\/wp\/v2\/categories?post=20891"},{"taxonomy":"post_tag","embeddable":true,"href":"https:\/\/iacrianca.pt\/en\/wp-json\/wp\/v2\/tags?post=20891"}],"curies":[{"name":"wp","href":"https:\/\/api.w.org\/{rel}","templated":true}]}}