{"id":20983,"date":"2024-03-06T11:14:42","date_gmt":"2024-03-06T11:14:42","guid":{"rendered":"https:\/\/iacrianca.pt\/?p=20983"},"modified":"2024-03-12T15:54:13","modified_gmt":"2024-03-12T15:54:13","slug":"plano-de-sensibilizacao-e-prevencao-contra-o-bullying-em-marcha","status":"publish","type":"post","link":"https:\/\/iacrianca.pt\/en\/2024\/03\/plano-de-sensibilizacao-e-prevencao-contra-o-bullying-em-marcha\/","title":{"rendered":"Plano de Sensibiliza\u00e7\u00e3o e Preven\u00e7\u00e3o Contra o Bullying &#8220;em marcha&#8221;"},"content":{"rendered":"<p>Durante o m\u00eas de fevereiro, inici\u00e1mos o Plano de Sensibiliza\u00e7\u00e3o e Preven\u00e7\u00e3o Contra o Bullying, criado em conjunto com a Giotto, com a realiza\u00e7\u00e3o de v\u00e1rias sess\u00f5es de sensibiliza\u00e7\u00e3o, online e presenciais, para alunos do 1\u00ba, 2\u00ba e 3\u00ba ciclos. A recetividade e o feedback das sess\u00f5es tem sido muito positivo o que nos permite acreditar que com esta iniciativa conseguimos chegar a mais escolas de Portugal e contribuir para prevenir e combater esta problem\u00e1tica t\u00e3o preocupante.<\/p>\n<p>Os professores interessados podem inscrever a sua turma\/escola na sess\u00e3o que seja mais conveniente dentro do calend\u00e1rio das pr\u00f3ximas sess\u00f5es.<br \/>\nMais informa\u00e7\u00f5es <a href=\"https:\/\/todospintamoscontraobullying.com\/\">aqui<\/a><\/p>\n","protected":false},"excerpt":{"rendered":"<p>Durante o m\u00eas de fevereiro, inici\u00e1mos o Plano de Sensibiliza\u00e7\u00e3o e Preven\u00e7\u00e3o Contra o Bullying, criado em conjunto com a Giotto, com a realiza\u00e7\u00e3o de v\u00e1rias sess\u00f5es de sensibiliza\u00e7\u00e3o, online e presenciais, para alunos do 1\u00ba, 2\u00ba e 3\u00ba ciclos. A recetividade e o feedback das sess\u00f5es tem sido muito positivo o que nos permite&hellip;<\/p>\n","protected":false},"author":2,"featured_media":20984,"comment_status":"closed","ping_status":"open","sticky":false,"template":"","format":"standard","meta":{"_acf_changed":false,"footnotes":""},"categories":[63],"tags":[],"class_list":["post-20983","post","type-post","status-publish","format-standard","has-post-thumbnail","hentry","category-newsletter","category-63","description-off"],"acf":[],"yoast_head":"<!-- This site is optimized with the Yoast SEO plugin v27.5 - https:\/\/yoast.com\/product\/yoast-seo-wordpress\/ -->\n<title>Plano de Sensibiliza\u00e7\u00e3o e Preven\u00e7\u00e3o Contra o Bullying &quot;em marcha&quot; | Instituto de Apoio \u00e0 Crian\u00e7a<\/title>\n<meta name=\"robots\" content=\"index, follow, max-snippet:-1, max-image-preview:large, max-video-preview:-1\" \/>\n<link rel=\"canonical\" href=\"https:\/\/iacrianca.pt\/en\/2024\/03\/plano-de-sensibilizacao-e-prevencao-contra-o-bullying-em-marcha\/\" \/>\n<meta property=\"og:locale\" content=\"en_US\" \/>\n<meta property=\"og:type\" content=\"article\" \/>\n<meta property=\"og:title\" content=\"Plano de Sensibiliza\u00e7\u00e3o e Preven\u00e7\u00e3o Contra o Bullying &quot;em marcha&quot; | Instituto de Apoio \u00e0 Crian\u00e7a\" \/>\n<meta property=\"og:description\" content=\"Durante o m\u00eas de fevereiro, inici\u00e1mos o Plano de Sensibiliza\u00e7\u00e3o e Preven\u00e7\u00e3o Contra o Bullying, criado em conjunto com a Giotto, com a realiza\u00e7\u00e3o de v\u00e1rias sess\u00f5es de sensibiliza\u00e7\u00e3o, online e presenciais, para alunos do 1\u00ba, 2\u00ba e 3\u00ba ciclos. A recetividade e o feedback das sess\u00f5es tem sido muito positivo o que nos permite&hellip;\" \/>\n<meta property=\"og:url\" content=\"https:\/\/iacrianca.pt\/en\/2024\/03\/plano-de-sensibilizacao-e-prevencao-contra-o-bullying-em-marcha\/\" \/>\n<meta property=\"og:site_name\" content=\"Instituto de Apoio \u00e0 Crian\u00e7a\" \/>\n<meta property=\"article:publisher\" content=\"https:\/\/www.facebook.com\/iacinstitutodeapoioacrianca\" \/>\n<meta property=\"article:published_time\" content=\"2024-03-06T11:14:42+00:00\" \/>\n<meta property=\"article:modified_time\" content=\"2024-03-12T15:54:13+00:00\" \/>\n<meta property=\"og:image\" content=\"https:\/\/iacrianca.pt\/wp-content\/uploads\/whatsapp-image-2024-03-06-at-105858.jpeg\" \/>\n\t<meta property=\"og:image:width\" content=\"1080\" \/>\n\t<meta property=\"og:image:height\" content=\"1080\" \/>\n\t<meta property=\"og:image:type\" content=\"image\/jpeg\" \/>\n<meta name=\"author\" content=\"Administra\u00e7\u00e3o IAC\" \/>\n<meta name=\"twitter:card\" content=\"summary_large_image\" \/>\n<meta name=\"twitter:creator\" content=\"@iacapoiocrianca\" \/>\n<meta name=\"twitter:site\" content=\"@iacapoiocrianca\" \/>\n<meta name=\"twitter:label1\" content=\"Written by\" \/>\n\t<meta name=\"twitter:data1\" content=\"Administra\u00e7\u00e3o IAC\" \/>\n\t<meta name=\"twitter:label2\" content=\"Est. reading time\" \/>\n\t<meta name=\"twitter:data2\" content=\"1 minute\" \/>\n<script type=\"application\/ld+json\" class=\"yoast-schema-graph\">{\"@context\":\"https:\\\/\\\/schema.org\",\"@graph\":[{\"@type\":\"Article\",\"@id\":\"https:\\\/\\\/iacrianca.pt\\\/en\\\/2024\\\/03\\\/plano-de-sensibilizacao-e-prevencao-contra-o-bullying-em-marcha\\\/#article\",\"isPartOf\":{\"@id\":\"https:\\\/\\\/iacrianca.pt\\\/en\\\/2024\\\/03\\\/plano-de-sensibilizacao-e-prevencao-contra-o-bullying-em-marcha\\\/\"},\"author\":{\"name\":\"Administra\u00e7\u00e3o IAC\",\"@id\":\"https:\\\/\\\/iacrianca.pt\\\/en\\\/#\\\/schema\\\/person\\\/1c48c6e4b70d0dc7360e4b28ceaa5f6b\"},\"headline\":\"Plano de Sensibiliza\u00e7\u00e3o e Preven\u00e7\u00e3o Contra o Bullying &#8220;em marcha&#8221;\",\"datePublished\":\"2024-03-06T11:14:42+00:00\",\"dateModified\":\"2024-03-12T15:54:13+00:00\",\"mainEntityOfPage\":{\"@id\":\"https:\\\/\\\/iacrianca.pt\\\/en\\\/2024\\\/03\\\/plano-de-sensibilizacao-e-prevencao-contra-o-bullying-em-marcha\\\/\"},\"wordCount\":126,\"publisher\":{\"@id\":\"https:\\\/\\\/iacrianca.pt\\\/en\\\/#organization\"},\"image\":{\"@id\":\"https:\\\/\\\/iacrianca.pt\\\/en\\\/2024\\\/03\\\/plano-de-sensibilizacao-e-prevencao-contra-o-bullying-em-marcha\\\/#primaryimage\"},\"thumbnailUrl\":\"https:\\\/\\\/iacrianca.pt\\\/wp-content\\\/uploads\\\/whatsapp-image-2024-03-06-at-105858.jpeg\",\"articleSection\":[\"Newsletter\"],\"inLanguage\":\"en-US\"},{\"@type\":\"WebPage\",\"@id\":\"https:\\\/\\\/iacrianca.pt\\\/en\\\/2024\\\/03\\\/plano-de-sensibilizacao-e-prevencao-contra-o-bullying-em-marcha\\\/\",\"url\":\"https:\\\/\\\/iacrianca.pt\\\/en\\\/2024\\\/03\\\/plano-de-sensibilizacao-e-prevencao-contra-o-bullying-em-marcha\\\/\",\"name\":\"Plano de Sensibiliza\u00e7\u00e3o e Preven\u00e7\u00e3o Contra o Bullying \\\"em marcha\\\" | Instituto de Apoio \u00e0 Crian\u00e7a\",\"isPartOf\":{\"@id\":\"https:\\\/\\\/iacrianca.pt\\\/en\\\/#website\"},\"primaryImageOfPage\":{\"@id\":\"https:\\\/\\\/iacrianca.pt\\\/en\\\/2024\\\/03\\\/plano-de-sensibilizacao-e-prevencao-contra-o-bullying-em-marcha\\\/#primaryimage\"},\"image\":{\"@id\":\"https:\\\/\\\/iacrianca.pt\\\/en\\\/2024\\\/03\\\/plano-de-sensibilizacao-e-prevencao-contra-o-bullying-em-marcha\\\/#primaryimage\"},\"thumbnailUrl\":\"https:\\\/\\\/iacrianca.pt\\\/wp-content\\\/uploads\\\/whatsapp-image-2024-03-06-at-105858.jpeg\",\"datePublished\":\"2024-03-06T11:14:42+00:00\",\"dateModified\":\"2024-03-12T15:54:13+00:00\",\"breadcrumb\":{\"@id\":\"https:\\\/\\\/iacrianca.pt\\\/en\\\/2024\\\/03\\\/plano-de-sensibilizacao-e-prevencao-contra-o-bullying-em-marcha\\\/#breadcrumb\"},\"inLanguage\":\"en-US\",\"potentialAction\":[{\"@type\":\"ReadAction\",\"target\":[\"https:\\\/\\\/iacrianca.pt\\\/en\\\/2024\\\/03\\\/plano-de-sensibilizacao-e-prevencao-contra-o-bullying-em-marcha\\\/\"]}]},{\"@type\":\"ImageObject\",\"inLanguage\":\"en-US\",\"@id\":\"https:\\\/\\\/iacrianca.pt\\\/en\\\/2024\\\/03\\\/plano-de-sensibilizacao-e-prevencao-contra-o-bullying-em-marcha\\\/#primaryimage\",\"url\":\"https:\\\/\\\/iacrianca.pt\\\/wp-content\\\/uploads\\\/whatsapp-image-2024-03-06-at-105858.jpeg\",\"contentUrl\":\"https:\\\/\\\/iacrianca.pt\\\/wp-content\\\/uploads\\\/whatsapp-image-2024-03-06-at-105858.jpeg\",\"width\":1080,\"height\":1080},{\"@type\":\"BreadcrumbList\",\"@id\":\"https:\\\/\\\/iacrianca.pt\\\/en\\\/2024\\\/03\\\/plano-de-sensibilizacao-e-prevencao-contra-o-bullying-em-marcha\\\/#breadcrumb\",\"itemListElement\":[{\"@type\":\"ListItem\",\"position\":1,\"name\":\"In\u00edcio\",\"item\":\"https:\\\/\\\/iacrianca.pt\\\/en\\\/\"},{\"@type\":\"ListItem\",\"position\":2,\"name\":\"Plano de Sensibiliza\u00e7\u00e3o e Preven\u00e7\u00e3o Contra o Bullying &#8220;em marcha&#8221;\"}]},{\"@type\":\"WebSite\",\"@id\":\"https:\\\/\\\/iacrianca.pt\\\/en\\\/#website\",\"url\":\"https:\\\/\\\/iacrianca.pt\\\/en\\\/\",\"name\":\"Instituto de Apoio \u00e0 Crian\u00e7a\",\"description\":\"Desde 1983 na defesa e promo\u00e7\u00e3o dos direitos da crian\u00e7a\",\"publisher\":{\"@id\":\"https:\\\/\\\/iacrianca.pt\\\/en\\\/#organization\"},\"potentialAction\":[{\"@type\":\"SearchAction\",\"target\":{\"@type\":\"EntryPoint\",\"urlTemplate\":\"https:\\\/\\\/iacrianca.pt\\\/en\\\/?s={search_term_string}\"},\"query-input\":{\"@type\":\"PropertyValueSpecification\",\"valueRequired\":true,\"valueName\":\"search_term_string\"}}],\"inLanguage\":\"en-US\"},{\"@type\":\"Organization\",\"@id\":\"https:\\\/\\\/iacrianca.pt\\\/en\\\/#organization\",\"name\":\"Instituto de Apoio \u00e0 Crian\u00e7a\",\"url\":\"https:\\\/\\\/iacrianca.pt\\\/en\\\/\",\"logo\":{\"@type\":\"ImageObject\",\"inLanguage\":\"en-US\",\"@id\":\"https:\\\/\\\/iacrianca.pt\\\/en\\\/#\\\/schema\\\/logo\\\/image\\\/\",\"url\":\"https:\\\/\\\/iacrianca.pt\\\/wp-content\\\/uploads\\\/2020\\\/04\\\/logo-iac-SD.jpg\",\"contentUrl\":\"https:\\\/\\\/iacrianca.pt\\\/wp-content\\\/uploads\\\/2020\\\/04\\\/logo-iac-SD.jpg\",\"width\":152,\"height\":73,\"caption\":\"Instituto de Apoio \u00e0 Crian\u00e7a\"},\"image\":{\"@id\":\"https:\\\/\\\/iacrianca.pt\\\/en\\\/#\\\/schema\\\/logo\\\/image\\\/\"},\"sameAs\":[\"https:\\\/\\\/www.facebook.com\\\/iacinstitutodeapoioacrianca\",\"https:\\\/\\\/x.com\\\/iacapoiocrianca\",\"https:\\\/\\\/www.youtube.com\\\/channel\\\/UC0jjfZ_xkN_59gJf_RQ-ZnQ\",\"https:\\\/\\\/www.linkedin.com\\\/company\\\/instituto-de-apoio--criana\\\/\",\"https:\\\/\\\/www.instagram.com\\\/iacinstitutodeapoioacrianca\\\/\",\"https:\\\/\\\/criancasatortoeadireitos.wordpress.com\\\/\"]},{\"@type\":\"Person\",\"@id\":\"https:\\\/\\\/iacrianca.pt\\\/en\\\/#\\\/schema\\\/person\\\/1c48c6e4b70d0dc7360e4b28ceaa5f6b\",\"name\":\"Administra\u00e7\u00e3o IAC\",\"image\":{\"@type\":\"ImageObject\",\"inLanguage\":\"en-US\",\"@id\":\"https:\\\/\\\/secure.gravatar.com\\\/avatar\\\/60b998c71de37dcc1398fc6d48c6b5ed7533e3ceec837c948055f072e3158ff1?s=96&d=mm&r=g\",\"url\":\"https:\\\/\\\/secure.gravatar.com\\\/avatar\\\/60b998c71de37dcc1398fc6d48c6b5ed7533e3ceec837c948055f072e3158ff1?s=96&d=mm&r=g\",\"contentUrl\":\"https:\\\/\\\/secure.gravatar.com\\\/avatar\\\/60b998c71de37dcc1398fc6d48c6b5ed7533e3ceec837c948055f072e3158ff1?s=96&d=mm&r=g\",\"caption\":\"Administra\u00e7\u00e3o IAC\"}}]}<\/script>\n<!-- \/ Yoast SEO plugin. -->","yoast_head_json":{"title":"Plano de Sensibiliza\u00e7\u00e3o e Preven\u00e7\u00e3o Contra o Bullying \"em marcha\" | Instituto de Apoio \u00e0 Crian\u00e7a","robots":{"index":"index","follow":"follow","max-snippet":"max-snippet:-1","max-image-preview":"max-image-preview:large","max-video-preview":"max-video-preview:-1"},"canonical":"https:\/\/iacrianca.pt\/en\/2024\/03\/plano-de-sensibilizacao-e-prevencao-contra-o-bullying-em-marcha\/","og_locale":"en_US","og_type":"article","og_title":"Plano de Sensibiliza\u00e7\u00e3o e Preven\u00e7\u00e3o Contra o Bullying \"em marcha\" | Instituto de Apoio \u00e0 Crian\u00e7a","og_description":"Durante o m\u00eas de fevereiro, inici\u00e1mos o Plano de Sensibiliza\u00e7\u00e3o e Preven\u00e7\u00e3o Contra o Bullying, criado em conjunto com a Giotto, com a realiza\u00e7\u00e3o de v\u00e1rias sess\u00f5es de sensibiliza\u00e7\u00e3o, online e presenciais, para alunos do 1\u00ba, 2\u00ba e 3\u00ba ciclos. A recetividade e o feedback das sess\u00f5es tem sido muito positivo o que nos permite&hellip;","og_url":"https:\/\/iacrianca.pt\/en\/2024\/03\/plano-de-sensibilizacao-e-prevencao-contra-o-bullying-em-marcha\/","og_site_name":"Instituto de Apoio \u00e0 Crian\u00e7a","article_publisher":"https:\/\/www.facebook.com\/iacinstitutodeapoioacrianca","article_published_time":"2024-03-06T11:14:42+00:00","article_modified_time":"2024-03-12T15:54:13+00:00","og_image":[{"width":1080,"height":1080,"url":"https:\/\/iacrianca.pt\/wp-content\/uploads\/whatsapp-image-2024-03-06-at-105858.jpeg","type":"image\/jpeg"}],"author":"Administra\u00e7\u00e3o IAC","twitter_card":"summary_large_image","twitter_creator":"@iacapoiocrianca","twitter_site":"@iacapoiocrianca","twitter_misc":{"Written by":"Administra\u00e7\u00e3o IAC","Est. reading time":"1 minute"},"schema":{"@context":"https:\/\/schema.org","@graph":[{"@type":"Article","@id":"https:\/\/iacrianca.pt\/en\/2024\/03\/plano-de-sensibilizacao-e-prevencao-contra-o-bullying-em-marcha\/#article","isPartOf":{"@id":"https:\/\/iacrianca.pt\/en\/2024\/03\/plano-de-sensibilizacao-e-prevencao-contra-o-bullying-em-marcha\/"},"author":{"name":"Administra\u00e7\u00e3o IAC","@id":"https:\/\/iacrianca.pt\/en\/#\/schema\/person\/1c48c6e4b70d0dc7360e4b28ceaa5f6b"},"headline":"Plano de Sensibiliza\u00e7\u00e3o e Preven\u00e7\u00e3o Contra o Bullying &#8220;em marcha&#8221;","datePublished":"2024-03-06T11:14:42+00:00","dateModified":"2024-03-12T15:54:13+00:00","mainEntityOfPage":{"@id":"https:\/\/iacrianca.pt\/en\/2024\/03\/plano-de-sensibilizacao-e-prevencao-contra-o-bullying-em-marcha\/"},"wordCount":126,"publisher":{"@id":"https:\/\/iacrianca.pt\/en\/#organization"},"image":{"@id":"https:\/\/iacrianca.pt\/en\/2024\/03\/plano-de-sensibilizacao-e-prevencao-contra-o-bullying-em-marcha\/#primaryimage"},"thumbnailUrl":"https:\/\/iacrianca.pt\/wp-content\/uploads\/whatsapp-image-2024-03-06-at-105858.jpeg","articleSection":["Newsletter"],"inLanguage":"en-US"},{"@type":"WebPage","@id":"https:\/\/iacrianca.pt\/en\/2024\/03\/plano-de-sensibilizacao-e-prevencao-contra-o-bullying-em-marcha\/","url":"https:\/\/iacrianca.pt\/en\/2024\/03\/plano-de-sensibilizacao-e-prevencao-contra-o-bullying-em-marcha\/","name":"Plano de Sensibiliza\u00e7\u00e3o e Preven\u00e7\u00e3o Contra o Bullying \"em marcha\" | Instituto de Apoio \u00e0 Crian\u00e7a","isPartOf":{"@id":"https:\/\/iacrianca.pt\/en\/#website"},"primaryImageOfPage":{"@id":"https:\/\/iacrianca.pt\/en\/2024\/03\/plano-de-sensibilizacao-e-prevencao-contra-o-bullying-em-marcha\/#primaryimage"},"image":{"@id":"https:\/\/iacrianca.pt\/en\/2024\/03\/plano-de-sensibilizacao-e-prevencao-contra-o-bullying-em-marcha\/#primaryimage"},"thumbnailUrl":"https:\/\/iacrianca.pt\/wp-content\/uploads\/whatsapp-image-2024-03-06-at-105858.jpeg","datePublished":"2024-03-06T11:14:42+00:00","dateModified":"2024-03-12T15:54:13+00:00","breadcrumb":{"@id":"https:\/\/iacrianca.pt\/en\/2024\/03\/plano-de-sensibilizacao-e-prevencao-contra-o-bullying-em-marcha\/#breadcrumb"},"inLanguage":"en-US","potentialAction":[{"@type":"ReadAction","target":["https:\/\/iacrianca.pt\/en\/2024\/03\/plano-de-sensibilizacao-e-prevencao-contra-o-bullying-em-marcha\/"]}]},{"@type":"ImageObject","inLanguage":"en-US","@id":"https:\/\/iacrianca.pt\/en\/2024\/03\/plano-de-sensibilizacao-e-prevencao-contra-o-bullying-em-marcha\/#primaryimage","url":"https:\/\/iacrianca.pt\/wp-content\/uploads\/whatsapp-image-2024-03-06-at-105858.jpeg","contentUrl":"https:\/\/iacrianca.pt\/wp-content\/uploads\/whatsapp-image-2024-03-06-at-105858.jpeg","width":1080,"height":1080},{"@type":"BreadcrumbList","@id":"https:\/\/iacrianca.pt\/en\/2024\/03\/plano-de-sensibilizacao-e-prevencao-contra-o-bullying-em-marcha\/#breadcrumb","itemListElement":[{"@type":"ListItem","position":1,"name":"In\u00edcio","item":"https:\/\/iacrianca.pt\/en\/"},{"@type":"ListItem","position":2,"name":"Plano de Sensibiliza\u00e7\u00e3o e Preven\u00e7\u00e3o Contra o Bullying &#8220;em marcha&#8221;"}]},{"@type":"WebSite","@id":"https:\/\/iacrianca.pt\/en\/#website","url":"https:\/\/iacrianca.pt\/en\/","name":"Instituto de Apoio \u00e0 Crian\u00e7a","description":"Desde 1983 na defesa e promo\u00e7\u00e3o dos direitos da crian\u00e7a","publisher":{"@id":"https:\/\/iacrianca.pt\/en\/#organization"},"potentialAction":[{"@type":"SearchAction","target":{"@type":"EntryPoint","urlTemplate":"https:\/\/iacrianca.pt\/en\/?s={search_term_string}"},"query-input":{"@type":"PropertyValueSpecification","valueRequired":true,"valueName":"search_term_string"}}],"inLanguage":"en-US"},{"@type":"Organization","@id":"https:\/\/iacrianca.pt\/en\/#organization","name":"Instituto de Apoio \u00e0 Crian\u00e7a","url":"https:\/\/iacrianca.pt\/en\/","logo":{"@type":"ImageObject","inLanguage":"en-US","@id":"https:\/\/iacrianca.pt\/en\/#\/schema\/logo\/image\/","url":"https:\/\/iacrianca.pt\/wp-content\/uploads\/2020\/04\/logo-iac-SD.jpg","contentUrl":"https:\/\/iacrianca.pt\/wp-content\/uploads\/2020\/04\/logo-iac-SD.jpg","width":152,"height":73,"caption":"Instituto de Apoio \u00e0 Crian\u00e7a"},"image":{"@id":"https:\/\/iacrianca.pt\/en\/#\/schema\/logo\/image\/"},"sameAs":["https:\/\/www.facebook.com\/iacinstitutodeapoioacrianca","https:\/\/x.com\/iacapoiocrianca","https:\/\/www.youtube.com\/channel\/UC0jjfZ_xkN_59gJf_RQ-ZnQ","https:\/\/www.linkedin.com\/company\/instituto-de-apoio--criana\/","https:\/\/www.instagram.com\/iacinstitutodeapoioacrianca\/","https:\/\/criancasatortoeadireitos.wordpress.com\/"]},{"@type":"Person","@id":"https:\/\/iacrianca.pt\/en\/#\/schema\/person\/1c48c6e4b70d0dc7360e4b28ceaa5f6b","name":"Administra\u00e7\u00e3o IAC","image":{"@type":"ImageObject","inLanguage":"en-US","@id":"https:\/\/secure.gravatar.com\/avatar\/60b998c71de37dcc1398fc6d48c6b5ed7533e3ceec837c948055f072e3158ff1?s=96&d=mm&r=g","url":"https:\/\/secure.gravatar.com\/avatar\/60b998c71de37dcc1398fc6d48c6b5ed7533e3ceec837c948055f072e3158ff1?s=96&d=mm&r=g","contentUrl":"https:\/\/secure.gravatar.com\/avatar\/60b998c71de37dcc1398fc6d48c6b5ed7533e3ceec837c948055f072e3158ff1?s=96&d=mm&r=g","caption":"Administra\u00e7\u00e3o IAC"}}]}},"_links":{"self":[{"href":"https:\/\/iacrianca.pt\/en\/wp-json\/wp\/v2\/posts\/20983","targetHints":{"allow":["GET"]}}],"collection":[{"href":"https:\/\/iacrianca.pt\/en\/wp-json\/wp\/v2\/posts"}],"about":[{"href":"https:\/\/iacrianca.pt\/en\/wp-json\/wp\/v2\/types\/post"}],"author":[{"embeddable":true,"href":"https:\/\/iacrianca.pt\/en\/wp-json\/wp\/v2\/users\/2"}],"replies":[{"embeddable":true,"href":"https:\/\/iacrianca.pt\/en\/wp-json\/wp\/v2\/comments?post=20983"}],"version-history":[{"count":0,"href":"https:\/\/iacrianca.pt\/en\/wp-json\/wp\/v2\/posts\/20983\/revisions"}],"wp:featuredmedia":[{"embeddable":true,"href":"https:\/\/iacrianca.pt\/en\/wp-json\/wp\/v2\/media\/20984"}],"wp:attachment":[{"href":"https:\/\/iacrianca.pt\/en\/wp-json\/wp\/v2\/media?parent=20983"}],"wp:term":[{"taxonomy":"category","embeddable":true,"href":"https:\/\/iacrianca.pt\/en\/wp-json\/wp\/v2\/categories?post=20983"},{"taxonomy":"post_tag","embeddable":true,"href":"https:\/\/iacrianca.pt\/en\/wp-json\/wp\/v2\/tags?post=20983"}],"curies":[{"name":"wp","href":"https:\/\/api.w.org\/{rel}","templated":true}]}}