{"id":21791,"date":"2024-05-03T16:58:41","date_gmt":"2024-05-03T15:58:41","guid":{"rendered":"https:\/\/iacrianca.pt\/?p=21791"},"modified":"2024-05-13T14:47:09","modified_gmt":"2024-05-13T13:47:09","slug":"grupo-europeu-de-ludotecas-reunido-em-fasnia-tenerife","status":"publish","type":"post","link":"https:\/\/iacrianca.pt\/en\/2024\/05\/grupo-europeu-de-ludotecas-reunido-em-fasnia-tenerife\/","title":{"rendered":"Grupo Europeu de Ludotecas reunido em Fasnia, Tenerife"},"content":{"rendered":"<p><b><span data-contrast=\"auto\">O Grupo Europeu de Ludotecas (ETL) encontrou-se desta vez no Tenerife onde, a par da reuni\u00e3o anual habitual, teve a oportunidade de participar num Encontro de Ludotec\u00e1rios da ilha. Estiveram presentes representantes da B\u00e9lgica, It\u00e1lia, Su\u00ed\u00e7a, Luxemburgo e Fran\u00e7a, na reuni\u00e3o onde Ana Louren\u00e7o, t\u00e9cnica do IAC, assumiu pela primeira vez a coordena\u00e7\u00e3o do Grupo.<\/span><\/b><span data-ccp-props=\"{&quot;201341983&quot;:0,&quot;335551550&quot;:6,&quot;335551620&quot;:6,&quot;335559739&quot;:160,&quot;335559740&quot;:259}\">\u00a0<\/span><\/p>\n<p><span data-contrast=\"auto\">As reuni\u00f5es do Grupo Europeu de Ludotecas (ETL) s\u00e3o valorizadas pelos membros dos diferentes pa\u00edses quanto \u00e0s possibilidades de parcerias que delas nascem e por se constitu\u00edrem, ainda, enquanto momentos de partilha das pr\u00e1ticas dos diferentes pa\u00edses no campo das ludotecas. T\u00eam, tamb\u00e9m, a mais-valia de proporcionar aos participantes a viv\u00eancia in loco do trabalho desenvolvido no pa\u00eds anfitri\u00e3o. <\/span><span data-ccp-props=\"{&quot;201341983&quot;:0,&quot;335551550&quot;:6,&quot;335551620&quot;:6,&quot;335559739&quot;:160,&quot;335559740&quot;:259}\">\u00a0<\/span><\/p>\n<p><span data-contrast=\"auto\">Foi isso que se viveu entre os dias 18 e 20 de abril em Fasnia, Tenerife. Come\u00e7\u00e1mos por participar no \u201cEncuentro Insular de Profesionales de la Red de Ludotecas Municipales\u201d, onde os membros da ETL partilharam os modos de funcionamento das ludotecas nos diversos pa\u00edses e Ana Louren\u00e7o fez o enquadramento de quase 30 anos de hist\u00f3ria da ETL.<\/span><span data-ccp-props=\"{&quot;201341983&quot;:0,&quot;335551550&quot;:6,&quot;335551620&quot;:6,&quot;335559739&quot;:160,&quot;335559740&quot;:259}\">\u00a0<\/span><\/p>\n<p><span data-contrast=\"auto\">Na reuni\u00e3o fechada do grupo, os membros refletiram sobre 2 temas principais: a rela\u00e7\u00e3o entre os objetivos de desenvolvimento sustent\u00e1vel (ODS) e as ludotecas e a forma\u00e7\u00e3o e investiga\u00e7\u00e3o com e para as ludotecas. Espera-se, no futuro, a divulga\u00e7\u00e3o de uma checklist criada pela ETL direcionada \u00e0 autoavalia\u00e7\u00e3o das ludotecas em rela\u00e7\u00e3o ao seu papel na promo\u00e7\u00e3o dos ODS e a partilha de investiga\u00e7\u00e3o relevante na \u00e1rea que inspire e alimente as pr\u00e1ticas quotidianas das ludotecas.<\/span><span data-ccp-props=\"{&quot;201341983&quot;:0,&quot;335551550&quot;:6,&quot;335551620&quot;:6,&quot;335559739&quot;:160,&quot;335559740&quot;:259}\">\u00a0<\/span><\/p>\n<p><span data-contrast=\"auto\">Ap\u00f3s a rece\u00e7\u00e3o dos respons\u00e1veis pol\u00edticos de Fasnia, tivemos ainda a oportunidade de visitar duas ludotecas municipais (La Luna Azul e El B\u00faho Sabio) tendo sido recebidos pelas crian\u00e7as de forma muito calorosa e tendo ficado evidente o papel fundamental que estes espa\u00e7os, apoiados pelas diferentes juntas de freguesia locais, t\u00eam no apoio \u00e0 comunidade e na passagem intergeracional do legado cultural e l\u00fadico do Tenerife.<\/span><span data-ccp-props=\"{&quot;201341983&quot;:0,&quot;335551550&quot;:6,&quot;335551620&quot;:6,&quot;335559739&quot;:160,&quot;335559740&quot;:259}\">\u00a0<\/span><\/p>\n<p><span data-contrast=\"auto\">A pr\u00f3xima reuni\u00e3o do Grupo ser\u00e1 em abril de 2025 em N\u00e1poles, It\u00e1lia.<\/span><span data-ccp-props=\"{&quot;201341983&quot;:0,&quot;335551550&quot;:6,&quot;335551620&quot;:6,&quot;335559739&quot;:160,&quot;335559740&quot;:259}\">\u00a0<\/span><\/p>\n<p><img fetchpriority=\"high\" decoding=\"async\" class=\"alignnone wp-image-21792 size-full\" src=\"https:\/\/iacrianca.pt\/wp-content\/uploads\/thumbnail-20.jpg\" alt=\"\" width=\"615\" height=\"570\" srcset=\"https:\/\/iacrianca.pt\/wp-content\/uploads\/thumbnail-20.jpg 615w, https:\/\/iacrianca.pt\/wp-content\/uploads\/thumbnail-20-300x278.jpg 300w\" sizes=\"(max-width: 615px) 100vw, 615px\" \/><\/p>\n","protected":false},"excerpt":{"rendered":"<p>O Grupo Europeu de Ludotecas (ETL) encontrou-se desta vez no Tenerife onde, a par da reuni\u00e3o anual habitual, teve a oportunidade de participar num Encontro de Ludotec\u00e1rios da ilha. Estiveram presentes representantes da B\u00e9lgica, It\u00e1lia, Su\u00ed\u00e7a, Luxemburgo e Fran\u00e7a, na reuni\u00e3o onde Ana Louren\u00e7o, t\u00e9cnica do IAC, assumiu pela primeira vez a coordena\u00e7\u00e3o do Grupo.\u00a0&hellip;<\/p>\n","protected":false},"author":2,"featured_media":21794,"comment_status":"closed","ping_status":"open","sticky":false,"template":"","format":"standard","meta":{"_acf_changed":false,"footnotes":""},"categories":[63],"tags":[],"class_list":["post-21791","post","type-post","status-publish","format-standard","has-post-thumbnail","hentry","category-newsletter","category-63","description-off"],"acf":[],"yoast_head":"<!-- This site is optimized with the Yoast SEO plugin v27.5 - https:\/\/yoast.com\/product\/yoast-seo-wordpress\/ -->\n<title>Grupo Europeu de Ludotecas reunido em Fasnia, Tenerife | Instituto de Apoio \u00e0 Crian\u00e7a<\/title>\n<meta name=\"robots\" content=\"index, follow, max-snippet:-1, max-image-preview:large, max-video-preview:-1\" \/>\n<link rel=\"canonical\" href=\"https:\/\/iacrianca.pt\/en\/2024\/05\/grupo-europeu-de-ludotecas-reunido-em-fasnia-tenerife\/\" \/>\n<meta property=\"og:locale\" content=\"en_US\" \/>\n<meta property=\"og:type\" content=\"article\" \/>\n<meta property=\"og:title\" content=\"Grupo Europeu de Ludotecas reunido em Fasnia, Tenerife | Instituto de Apoio \u00e0 Crian\u00e7a\" \/>\n<meta property=\"og:description\" content=\"O Grupo Europeu de Ludotecas (ETL) encontrou-se desta vez no Tenerife onde, a par da reuni\u00e3o anual habitual, teve a oportunidade de participar num Encontro de Ludotec\u00e1rios da ilha. Estiveram presentes representantes da B\u00e9lgica, It\u00e1lia, Su\u00ed\u00e7a, Luxemburgo e Fran\u00e7a, na reuni\u00e3o onde Ana Louren\u00e7o, t\u00e9cnica do IAC, assumiu pela primeira vez a coordena\u00e7\u00e3o do Grupo.\u00a0&hellip;\" \/>\n<meta property=\"og:url\" content=\"https:\/\/iacrianca.pt\/en\/2024\/05\/grupo-europeu-de-ludotecas-reunido-em-fasnia-tenerife\/\" \/>\n<meta property=\"og:site_name\" content=\"Instituto de Apoio \u00e0 Crian\u00e7a\" \/>\n<meta property=\"article:publisher\" content=\"https:\/\/www.facebook.com\/iacinstitutodeapoioacrianca\" \/>\n<meta property=\"article:published_time\" content=\"2024-05-03T15:58:41+00:00\" \/>\n<meta property=\"article:modified_time\" content=\"2024-05-13T13:47:09+00:00\" \/>\n<meta property=\"og:image\" content=\"https:\/\/iacrianca.pt\/wp-content\/uploads\/thumbnail-1-4.jpg\" \/>\n\t<meta property=\"og:image:width\" content=\"1005\" \/>\n\t<meta property=\"og:image:height\" content=\"675\" \/>\n\t<meta property=\"og:image:type\" content=\"image\/jpeg\" \/>\n<meta name=\"author\" content=\"Administra\u00e7\u00e3o IAC\" \/>\n<meta name=\"twitter:card\" content=\"summary_large_image\" \/>\n<meta name=\"twitter:creator\" content=\"@iacapoiocrianca\" \/>\n<meta name=\"twitter:site\" content=\"@iacapoiocrianca\" \/>\n<meta name=\"twitter:label1\" content=\"Written by\" \/>\n\t<meta name=\"twitter:data1\" content=\"Administra\u00e7\u00e3o IAC\" \/>\n\t<meta name=\"twitter:label2\" content=\"Est. reading time\" \/>\n\t<meta name=\"twitter:data2\" content=\"3 minutes\" \/>\n<script type=\"application\/ld+json\" class=\"yoast-schema-graph\">{\"@context\":\"https:\\\/\\\/schema.org\",\"@graph\":[{\"@type\":\"Article\",\"@id\":\"https:\\\/\\\/iacrianca.pt\\\/en\\\/2024\\\/05\\\/grupo-europeu-de-ludotecas-reunido-em-fasnia-tenerife\\\/#article\",\"isPartOf\":{\"@id\":\"https:\\\/\\\/iacrianca.pt\\\/en\\\/2024\\\/05\\\/grupo-europeu-de-ludotecas-reunido-em-fasnia-tenerife\\\/\"},\"author\":{\"name\":\"Administra\u00e7\u00e3o IAC\",\"@id\":\"https:\\\/\\\/iacrianca.pt\\\/en\\\/#\\\/schema\\\/person\\\/1c48c6e4b70d0dc7360e4b28ceaa5f6b\"},\"headline\":\"Grupo Europeu de Ludotecas reunido em Fasnia, Tenerife\",\"datePublished\":\"2024-05-03T15:58:41+00:00\",\"dateModified\":\"2024-05-13T13:47:09+00:00\",\"mainEntityOfPage\":{\"@id\":\"https:\\\/\\\/iacrianca.pt\\\/en\\\/2024\\\/05\\\/grupo-europeu-de-ludotecas-reunido-em-fasnia-tenerife\\\/\"},\"wordCount\":378,\"publisher\":{\"@id\":\"https:\\\/\\\/iacrianca.pt\\\/en\\\/#organization\"},\"image\":{\"@id\":\"https:\\\/\\\/iacrianca.pt\\\/en\\\/2024\\\/05\\\/grupo-europeu-de-ludotecas-reunido-em-fasnia-tenerife\\\/#primaryimage\"},\"thumbnailUrl\":\"https:\\\/\\\/iacrianca.pt\\\/wp-content\\\/uploads\\\/thumbnail-1-4.jpg\",\"articleSection\":[\"Newsletter\"],\"inLanguage\":\"en-US\"},{\"@type\":\"WebPage\",\"@id\":\"https:\\\/\\\/iacrianca.pt\\\/en\\\/2024\\\/05\\\/grupo-europeu-de-ludotecas-reunido-em-fasnia-tenerife\\\/\",\"url\":\"https:\\\/\\\/iacrianca.pt\\\/en\\\/2024\\\/05\\\/grupo-europeu-de-ludotecas-reunido-em-fasnia-tenerife\\\/\",\"name\":\"Grupo Europeu de Ludotecas reunido em Fasnia, Tenerife | Instituto de Apoio \u00e0 Crian\u00e7a\",\"isPartOf\":{\"@id\":\"https:\\\/\\\/iacrianca.pt\\\/en\\\/#website\"},\"primaryImageOfPage\":{\"@id\":\"https:\\\/\\\/iacrianca.pt\\\/en\\\/2024\\\/05\\\/grupo-europeu-de-ludotecas-reunido-em-fasnia-tenerife\\\/#primaryimage\"},\"image\":{\"@id\":\"https:\\\/\\\/iacrianca.pt\\\/en\\\/2024\\\/05\\\/grupo-europeu-de-ludotecas-reunido-em-fasnia-tenerife\\\/#primaryimage\"},\"thumbnailUrl\":\"https:\\\/\\\/iacrianca.pt\\\/wp-content\\\/uploads\\\/thumbnail-1-4.jpg\",\"datePublished\":\"2024-05-03T15:58:41+00:00\",\"dateModified\":\"2024-05-13T13:47:09+00:00\",\"breadcrumb\":{\"@id\":\"https:\\\/\\\/iacrianca.pt\\\/en\\\/2024\\\/05\\\/grupo-europeu-de-ludotecas-reunido-em-fasnia-tenerife\\\/#breadcrumb\"},\"inLanguage\":\"en-US\",\"potentialAction\":[{\"@type\":\"ReadAction\",\"target\":[\"https:\\\/\\\/iacrianca.pt\\\/en\\\/2024\\\/05\\\/grupo-europeu-de-ludotecas-reunido-em-fasnia-tenerife\\\/\"]}]},{\"@type\":\"ImageObject\",\"inLanguage\":\"en-US\",\"@id\":\"https:\\\/\\\/iacrianca.pt\\\/en\\\/2024\\\/05\\\/grupo-europeu-de-ludotecas-reunido-em-fasnia-tenerife\\\/#primaryimage\",\"url\":\"https:\\\/\\\/iacrianca.pt\\\/wp-content\\\/uploads\\\/thumbnail-1-4.jpg\",\"contentUrl\":\"https:\\\/\\\/iacrianca.pt\\\/wp-content\\\/uploads\\\/thumbnail-1-4.jpg\",\"width\":1005,\"height\":675},{\"@type\":\"BreadcrumbList\",\"@id\":\"https:\\\/\\\/iacrianca.pt\\\/en\\\/2024\\\/05\\\/grupo-europeu-de-ludotecas-reunido-em-fasnia-tenerife\\\/#breadcrumb\",\"itemListElement\":[{\"@type\":\"ListItem\",\"position\":1,\"name\":\"In\u00edcio\",\"item\":\"https:\\\/\\\/iacrianca.pt\\\/en\\\/\"},{\"@type\":\"ListItem\",\"position\":2,\"name\":\"Grupo Europeu de Ludotecas reunido em Fasnia, Tenerife\"}]},{\"@type\":\"WebSite\",\"@id\":\"https:\\\/\\\/iacrianca.pt\\\/en\\\/#website\",\"url\":\"https:\\\/\\\/iacrianca.pt\\\/en\\\/\",\"name\":\"Instituto de Apoio \u00e0 Crian\u00e7a\",\"description\":\"Desde 1983 na defesa e promo\u00e7\u00e3o dos direitos da crian\u00e7a\",\"publisher\":{\"@id\":\"https:\\\/\\\/iacrianca.pt\\\/en\\\/#organization\"},\"potentialAction\":[{\"@type\":\"SearchAction\",\"target\":{\"@type\":\"EntryPoint\",\"urlTemplate\":\"https:\\\/\\\/iacrianca.pt\\\/en\\\/?s={search_term_string}\"},\"query-input\":{\"@type\":\"PropertyValueSpecification\",\"valueRequired\":true,\"valueName\":\"search_term_string\"}}],\"inLanguage\":\"en-US\"},{\"@type\":\"Organization\",\"@id\":\"https:\\\/\\\/iacrianca.pt\\\/en\\\/#organization\",\"name\":\"Instituto de Apoio \u00e0 Crian\u00e7a\",\"url\":\"https:\\\/\\\/iacrianca.pt\\\/en\\\/\",\"logo\":{\"@type\":\"ImageObject\",\"inLanguage\":\"en-US\",\"@id\":\"https:\\\/\\\/iacrianca.pt\\\/en\\\/#\\\/schema\\\/logo\\\/image\\\/\",\"url\":\"https:\\\/\\\/iacrianca.pt\\\/wp-content\\\/uploads\\\/2020\\\/04\\\/logo-iac-SD.jpg\",\"contentUrl\":\"https:\\\/\\\/iacrianca.pt\\\/wp-content\\\/uploads\\\/2020\\\/04\\\/logo-iac-SD.jpg\",\"width\":152,\"height\":73,\"caption\":\"Instituto de Apoio \u00e0 Crian\u00e7a\"},\"image\":{\"@id\":\"https:\\\/\\\/iacrianca.pt\\\/en\\\/#\\\/schema\\\/logo\\\/image\\\/\"},\"sameAs\":[\"https:\\\/\\\/www.facebook.com\\\/iacinstitutodeapoioacrianca\",\"https:\\\/\\\/x.com\\\/iacapoiocrianca\",\"https:\\\/\\\/www.youtube.com\\\/channel\\\/UC0jjfZ_xkN_59gJf_RQ-ZnQ\",\"https:\\\/\\\/www.linkedin.com\\\/company\\\/instituto-de-apoio--criana\\\/\",\"https:\\\/\\\/www.instagram.com\\\/iacinstitutodeapoioacrianca\\\/\",\"https:\\\/\\\/criancasatortoeadireitos.wordpress.com\\\/\"]},{\"@type\":\"Person\",\"@id\":\"https:\\\/\\\/iacrianca.pt\\\/en\\\/#\\\/schema\\\/person\\\/1c48c6e4b70d0dc7360e4b28ceaa5f6b\",\"name\":\"Administra\u00e7\u00e3o IAC\",\"image\":{\"@type\":\"ImageObject\",\"inLanguage\":\"en-US\",\"@id\":\"https:\\\/\\\/secure.gravatar.com\\\/avatar\\\/60b998c71de37dcc1398fc6d48c6b5ed7533e3ceec837c948055f072e3158ff1?s=96&d=mm&r=g\",\"url\":\"https:\\\/\\\/secure.gravatar.com\\\/avatar\\\/60b998c71de37dcc1398fc6d48c6b5ed7533e3ceec837c948055f072e3158ff1?s=96&d=mm&r=g\",\"contentUrl\":\"https:\\\/\\\/secure.gravatar.com\\\/avatar\\\/60b998c71de37dcc1398fc6d48c6b5ed7533e3ceec837c948055f072e3158ff1?s=96&d=mm&r=g\",\"caption\":\"Administra\u00e7\u00e3o IAC\"}}]}<\/script>\n<!-- \/ Yoast SEO plugin. -->","yoast_head_json":{"title":"Grupo Europeu de Ludotecas reunido em Fasnia, Tenerife | Instituto de Apoio \u00e0 Crian\u00e7a","robots":{"index":"index","follow":"follow","max-snippet":"max-snippet:-1","max-image-preview":"max-image-preview:large","max-video-preview":"max-video-preview:-1"},"canonical":"https:\/\/iacrianca.pt\/en\/2024\/05\/grupo-europeu-de-ludotecas-reunido-em-fasnia-tenerife\/","og_locale":"en_US","og_type":"article","og_title":"Grupo Europeu de Ludotecas reunido em Fasnia, Tenerife | Instituto de Apoio \u00e0 Crian\u00e7a","og_description":"O Grupo Europeu de Ludotecas (ETL) encontrou-se desta vez no Tenerife onde, a par da reuni\u00e3o anual habitual, teve a oportunidade de participar num Encontro de Ludotec\u00e1rios da ilha. Estiveram presentes representantes da B\u00e9lgica, It\u00e1lia, Su\u00ed\u00e7a, Luxemburgo e Fran\u00e7a, na reuni\u00e3o onde Ana Louren\u00e7o, t\u00e9cnica do IAC, assumiu pela primeira vez a coordena\u00e7\u00e3o do Grupo.\u00a0&hellip;","og_url":"https:\/\/iacrianca.pt\/en\/2024\/05\/grupo-europeu-de-ludotecas-reunido-em-fasnia-tenerife\/","og_site_name":"Instituto de Apoio \u00e0 Crian\u00e7a","article_publisher":"https:\/\/www.facebook.com\/iacinstitutodeapoioacrianca","article_published_time":"2024-05-03T15:58:41+00:00","article_modified_time":"2024-05-13T13:47:09+00:00","og_image":[{"width":1005,"height":675,"url":"https:\/\/iacrianca.pt\/wp-content\/uploads\/thumbnail-1-4.jpg","type":"image\/jpeg"}],"author":"Administra\u00e7\u00e3o IAC","twitter_card":"summary_large_image","twitter_creator":"@iacapoiocrianca","twitter_site":"@iacapoiocrianca","twitter_misc":{"Written by":"Administra\u00e7\u00e3o IAC","Est. reading time":"3 minutes"},"schema":{"@context":"https:\/\/schema.org","@graph":[{"@type":"Article","@id":"https:\/\/iacrianca.pt\/en\/2024\/05\/grupo-europeu-de-ludotecas-reunido-em-fasnia-tenerife\/#article","isPartOf":{"@id":"https:\/\/iacrianca.pt\/en\/2024\/05\/grupo-europeu-de-ludotecas-reunido-em-fasnia-tenerife\/"},"author":{"name":"Administra\u00e7\u00e3o IAC","@id":"https:\/\/iacrianca.pt\/en\/#\/schema\/person\/1c48c6e4b70d0dc7360e4b28ceaa5f6b"},"headline":"Grupo Europeu de Ludotecas reunido em Fasnia, Tenerife","datePublished":"2024-05-03T15:58:41+00:00","dateModified":"2024-05-13T13:47:09+00:00","mainEntityOfPage":{"@id":"https:\/\/iacrianca.pt\/en\/2024\/05\/grupo-europeu-de-ludotecas-reunido-em-fasnia-tenerife\/"},"wordCount":378,"publisher":{"@id":"https:\/\/iacrianca.pt\/en\/#organization"},"image":{"@id":"https:\/\/iacrianca.pt\/en\/2024\/05\/grupo-europeu-de-ludotecas-reunido-em-fasnia-tenerife\/#primaryimage"},"thumbnailUrl":"https:\/\/iacrianca.pt\/wp-content\/uploads\/thumbnail-1-4.jpg","articleSection":["Newsletter"],"inLanguage":"en-US"},{"@type":"WebPage","@id":"https:\/\/iacrianca.pt\/en\/2024\/05\/grupo-europeu-de-ludotecas-reunido-em-fasnia-tenerife\/","url":"https:\/\/iacrianca.pt\/en\/2024\/05\/grupo-europeu-de-ludotecas-reunido-em-fasnia-tenerife\/","name":"Grupo Europeu de Ludotecas reunido em Fasnia, Tenerife | Instituto de Apoio \u00e0 Crian\u00e7a","isPartOf":{"@id":"https:\/\/iacrianca.pt\/en\/#website"},"primaryImageOfPage":{"@id":"https:\/\/iacrianca.pt\/en\/2024\/05\/grupo-europeu-de-ludotecas-reunido-em-fasnia-tenerife\/#primaryimage"},"image":{"@id":"https:\/\/iacrianca.pt\/en\/2024\/05\/grupo-europeu-de-ludotecas-reunido-em-fasnia-tenerife\/#primaryimage"},"thumbnailUrl":"https:\/\/iacrianca.pt\/wp-content\/uploads\/thumbnail-1-4.jpg","datePublished":"2024-05-03T15:58:41+00:00","dateModified":"2024-05-13T13:47:09+00:00","breadcrumb":{"@id":"https:\/\/iacrianca.pt\/en\/2024\/05\/grupo-europeu-de-ludotecas-reunido-em-fasnia-tenerife\/#breadcrumb"},"inLanguage":"en-US","potentialAction":[{"@type":"ReadAction","target":["https:\/\/iacrianca.pt\/en\/2024\/05\/grupo-europeu-de-ludotecas-reunido-em-fasnia-tenerife\/"]}]},{"@type":"ImageObject","inLanguage":"en-US","@id":"https:\/\/iacrianca.pt\/en\/2024\/05\/grupo-europeu-de-ludotecas-reunido-em-fasnia-tenerife\/#primaryimage","url":"https:\/\/iacrianca.pt\/wp-content\/uploads\/thumbnail-1-4.jpg","contentUrl":"https:\/\/iacrianca.pt\/wp-content\/uploads\/thumbnail-1-4.jpg","width":1005,"height":675},{"@type":"BreadcrumbList","@id":"https:\/\/iacrianca.pt\/en\/2024\/05\/grupo-europeu-de-ludotecas-reunido-em-fasnia-tenerife\/#breadcrumb","itemListElement":[{"@type":"ListItem","position":1,"name":"In\u00edcio","item":"https:\/\/iacrianca.pt\/en\/"},{"@type":"ListItem","position":2,"name":"Grupo Europeu de Ludotecas reunido em Fasnia, Tenerife"}]},{"@type":"WebSite","@id":"https:\/\/iacrianca.pt\/en\/#website","url":"https:\/\/iacrianca.pt\/en\/","name":"Instituto de Apoio \u00e0 Crian\u00e7a","description":"Desde 1983 na defesa e promo\u00e7\u00e3o dos direitos da crian\u00e7a","publisher":{"@id":"https:\/\/iacrianca.pt\/en\/#organization"},"potentialAction":[{"@type":"SearchAction","target":{"@type":"EntryPoint","urlTemplate":"https:\/\/iacrianca.pt\/en\/?s={search_term_string}"},"query-input":{"@type":"PropertyValueSpecification","valueRequired":true,"valueName":"search_term_string"}}],"inLanguage":"en-US"},{"@type":"Organization","@id":"https:\/\/iacrianca.pt\/en\/#organization","name":"Instituto de Apoio \u00e0 Crian\u00e7a","url":"https:\/\/iacrianca.pt\/en\/","logo":{"@type":"ImageObject","inLanguage":"en-US","@id":"https:\/\/iacrianca.pt\/en\/#\/schema\/logo\/image\/","url":"https:\/\/iacrianca.pt\/wp-content\/uploads\/2020\/04\/logo-iac-SD.jpg","contentUrl":"https:\/\/iacrianca.pt\/wp-content\/uploads\/2020\/04\/logo-iac-SD.jpg","width":152,"height":73,"caption":"Instituto de Apoio \u00e0 Crian\u00e7a"},"image":{"@id":"https:\/\/iacrianca.pt\/en\/#\/schema\/logo\/image\/"},"sameAs":["https:\/\/www.facebook.com\/iacinstitutodeapoioacrianca","https:\/\/x.com\/iacapoiocrianca","https:\/\/www.youtube.com\/channel\/UC0jjfZ_xkN_59gJf_RQ-ZnQ","https:\/\/www.linkedin.com\/company\/instituto-de-apoio--criana\/","https:\/\/www.instagram.com\/iacinstitutodeapoioacrianca\/","https:\/\/criancasatortoeadireitos.wordpress.com\/"]},{"@type":"Person","@id":"https:\/\/iacrianca.pt\/en\/#\/schema\/person\/1c48c6e4b70d0dc7360e4b28ceaa5f6b","name":"Administra\u00e7\u00e3o IAC","image":{"@type":"ImageObject","inLanguage":"en-US","@id":"https:\/\/secure.gravatar.com\/avatar\/60b998c71de37dcc1398fc6d48c6b5ed7533e3ceec837c948055f072e3158ff1?s=96&d=mm&r=g","url":"https:\/\/secure.gravatar.com\/avatar\/60b998c71de37dcc1398fc6d48c6b5ed7533e3ceec837c948055f072e3158ff1?s=96&d=mm&r=g","contentUrl":"https:\/\/secure.gravatar.com\/avatar\/60b998c71de37dcc1398fc6d48c6b5ed7533e3ceec837c948055f072e3158ff1?s=96&d=mm&r=g","caption":"Administra\u00e7\u00e3o IAC"}}]}},"_links":{"self":[{"href":"https:\/\/iacrianca.pt\/en\/wp-json\/wp\/v2\/posts\/21791","targetHints":{"allow":["GET"]}}],"collection":[{"href":"https:\/\/iacrianca.pt\/en\/wp-json\/wp\/v2\/posts"}],"about":[{"href":"https:\/\/iacrianca.pt\/en\/wp-json\/wp\/v2\/types\/post"}],"author":[{"embeddable":true,"href":"https:\/\/iacrianca.pt\/en\/wp-json\/wp\/v2\/users\/2"}],"replies":[{"embeddable":true,"href":"https:\/\/iacrianca.pt\/en\/wp-json\/wp\/v2\/comments?post=21791"}],"version-history":[{"count":0,"href":"https:\/\/iacrianca.pt\/en\/wp-json\/wp\/v2\/posts\/21791\/revisions"}],"wp:featuredmedia":[{"embeddable":true,"href":"https:\/\/iacrianca.pt\/en\/wp-json\/wp\/v2\/media\/21794"}],"wp:attachment":[{"href":"https:\/\/iacrianca.pt\/en\/wp-json\/wp\/v2\/media?parent=21791"}],"wp:term":[{"taxonomy":"category","embeddable":true,"href":"https:\/\/iacrianca.pt\/en\/wp-json\/wp\/v2\/categories?post=21791"},{"taxonomy":"post_tag","embeddable":true,"href":"https:\/\/iacrianca.pt\/en\/wp-json\/wp\/v2\/tags?post=21791"}],"curies":[{"name":"wp","href":"https:\/\/api.w.org\/{rel}","templated":true}]}}