{"id":21869,"date":"2024-05-07T15:27:19","date_gmt":"2024-05-07T14:27:19","guid":{"rendered":"https:\/\/iacrianca.pt\/?p=21869"},"modified":"2024-05-13T14:49:41","modified_gmt":"2024-05-13T13:49:41","slug":"conferencia-final-projeto-voice","status":"publish","type":"post","link":"https:\/\/iacrianca.pt\/en\/2024\/05\/conferencia-final-projeto-voice\/","title":{"rendered":"Confer\u00eancia Final Projeto VOICE"},"content":{"rendered":"<div class=\"x_elementToProof\">No passado dia 8 de abril decorreu em Bruxelas no Instituto de Ci\u00eancias Naturais, a <a href=\"https:\/\/www.eurochild.org\/news\/new-study-reveals-children-left-alone-to-deal-with-online-dangers\/\">Confer\u00eancia Final<\/a> para apresenta\u00e7\u00e3o dos resultados do projeto VOICE.<\/div>\n<div class=\"x_elementToProof\">O relat\u00f3rio apresentado sob o t\u00edtulo \u201cSpeaking up for Change\u201d (Falar pela mudan\u00e7a) resulta de uma compila\u00e7\u00e3o de testemunhos de crian\u00e7as e jovens, assim como de cuidadores(pais\/educadores\/professores) que participaram numa consulta sobre o que pensam sobre a seguran\u00e7a na internet realizada \u00e0 escala mundial, uma vez que a consulta foi realizada em 15 pa\u00edses do mundo.<\/div>\n<div class=\"x_elementToProof\">No encontro, 7 crian\u00e7as e jovens assumiram o papel de Embaixadores do projeto VOICE, tendo um papel ativo na dinamiza\u00e7\u00e3o da Confer\u00eancia e participando da forma como se sentiam mais confort\u00e1veis. Em representa\u00e7\u00e3o de Portugal e do IAC esteve uma jovem da Rede Juvenil Crescer Juntos.<\/div>\n<div class=\"x_elementToProof\">Foi um dia muito rico, sobretudo para as crian\u00e7as e jovens pela partilha de experi\u00eancias, pelo conv\u00edvio e tamb\u00e9m pelo facto de sentirem que t\u00eam voz refor\u00e7ando de viva-voz a import\u00e2ncia de serem ouvidos e envolvidos na tomada de decis\u00f5es dos assuntos que lhes dizem respeito.<\/div>\n<div class=\"x_elementToProof\">Pode ler o relat\u00f3rio <a href=\"https:\/\/www.eurochild.org\/resource\/speaking-up-for-change-childrens-and-caregivers-voices-for-safer-online-experiences\/\">aqui<\/a><\/div>\n<div><img fetchpriority=\"high\" decoding=\"async\" class=\"alignnone wp-image-21872 size-full\" src=\"https:\/\/iacrianca.pt\/wp-content\/uploads\/voice.png\" alt=\"\" width=\"887\" height=\"409\" srcset=\"https:\/\/iacrianca.pt\/wp-content\/uploads\/voice.png 887w, https:\/\/iacrianca.pt\/wp-content\/uploads\/voice-300x138.png 300w, https:\/\/iacrianca.pt\/wp-content\/uploads\/voice-768x354.png 768w\" sizes=\"(max-width: 887px) 100vw, 887px\" \/><\/div>\n<div><\/div>\n<div><img decoding=\"async\" class=\"alignnone wp-image-21880 size-full\" src=\"https:\/\/iacrianca.pt\/wp-content\/uploads\/voice4-1.jpg\" alt=\"\" width=\"910\" height=\"914\" srcset=\"https:\/\/iacrianca.pt\/wp-content\/uploads\/voice4-1.jpg 910w, https:\/\/iacrianca.pt\/wp-content\/uploads\/voice4-1-300x300.jpg 300w, https:\/\/iacrianca.pt\/wp-content\/uploads\/voice4-1-150x150.jpg 150w, https:\/\/iacrianca.pt\/wp-content\/uploads\/voice4-1-768x771.jpg 768w\" sizes=\"(max-width: 910px) 100vw, 910px\" \/><\/div>\n<div><img decoding=\"async\" class=\"alignnone wp-image-21882 size-full\" src=\"https:\/\/iacrianca.pt\/wp-content\/uploads\/voice3-2.jpg\" alt=\"\" width=\"737\" height=\"626\" srcset=\"https:\/\/iacrianca.pt\/wp-content\/uploads\/voice3-2.jpg 737w, https:\/\/iacrianca.pt\/wp-content\/uploads\/voice3-2-300x255.jpg 300w\" sizes=\"(max-width: 737px) 100vw, 737px\" \/><\/div>\n<div><img loading=\"lazy\" decoding=\"async\" class=\"alignnone wp-image-21890 size-full\" src=\"https:\/\/iacrianca.pt\/wp-content\/uploads\/voice5.jpg\" alt=\"\" width=\"738\" height=\"1092\" srcset=\"https:\/\/iacrianca.pt\/wp-content\/uploads\/voice5.jpg 738w, https:\/\/iacrianca.pt\/wp-content\/uploads\/voice5-203x300.jpg 203w, https:\/\/iacrianca.pt\/wp-content\/uploads\/voice5-692x1024.jpg 692w\" sizes=\"(max-width: 738px) 100vw, 738px\" \/><\/div>\n","protected":false},"excerpt":{"rendered":"<p>No passado dia 8 de abril decorreu em Bruxelas no Instituto de Ci\u00eancias Naturais, a Confer\u00eancia Final para apresenta\u00e7\u00e3o dos resultados do projeto VOICE. O relat\u00f3rio apresentado sob o t\u00edtulo \u201cSpeaking up for Change\u201d (Falar pela mudan\u00e7a) resulta de uma compila\u00e7\u00e3o de testemunhos de crian\u00e7as e jovens, assim como de cuidadores(pais\/educadores\/professores) que participaram numa consulta&hellip;<\/p>\n","protected":false},"author":2,"featured_media":21870,"comment_status":"closed","ping_status":"open","sticky":false,"template":"","format":"standard","meta":{"_acf_changed":false,"footnotes":""},"categories":[63],"tags":[],"class_list":["post-21869","post","type-post","status-publish","format-standard","has-post-thumbnail","hentry","category-newsletter","category-63","description-off"],"acf":[],"yoast_head":"<!-- This site is optimized with the Yoast SEO plugin v27.5 - https:\/\/yoast.com\/product\/yoast-seo-wordpress\/ -->\n<title>Confer\u00eancia Final Projeto VOICE | Instituto de Apoio \u00e0 Crian\u00e7a<\/title>\n<meta name=\"robots\" content=\"index, follow, max-snippet:-1, max-image-preview:large, max-video-preview:-1\" \/>\n<link rel=\"canonical\" href=\"https:\/\/iacrianca.pt\/en\/2024\/05\/conferencia-final-projeto-voice\/\" \/>\n<meta property=\"og:locale\" content=\"en_US\" \/>\n<meta property=\"og:type\" content=\"article\" \/>\n<meta property=\"og:title\" content=\"Confer\u00eancia Final Projeto VOICE | Instituto de Apoio \u00e0 Crian\u00e7a\" \/>\n<meta property=\"og:description\" content=\"No passado dia 8 de abril decorreu em Bruxelas no Instituto de Ci\u00eancias Naturais, a Confer\u00eancia Final para apresenta\u00e7\u00e3o dos resultados do projeto VOICE. O relat\u00f3rio apresentado sob o t\u00edtulo \u201cSpeaking up for Change\u201d (Falar pela mudan\u00e7a) resulta de uma compila\u00e7\u00e3o de testemunhos de crian\u00e7as e jovens, assim como de cuidadores(pais\/educadores\/professores) que participaram numa consulta&hellip;\" \/>\n<meta property=\"og:url\" content=\"https:\/\/iacrianca.pt\/en\/2024\/05\/conferencia-final-projeto-voice\/\" \/>\n<meta property=\"og:site_name\" content=\"Instituto de Apoio \u00e0 Crian\u00e7a\" \/>\n<meta property=\"article:publisher\" content=\"https:\/\/www.facebook.com\/iacinstitutodeapoioacrianca\" \/>\n<meta property=\"article:published_time\" content=\"2024-05-07T14:27:19+00:00\" \/>\n<meta property=\"article:modified_time\" content=\"2024-05-13T13:49:41+00:00\" \/>\n<meta property=\"og:image\" content=\"https:\/\/iacrianca.pt\/wp-content\/uploads\/voice2.jpg\" \/>\n\t<meta property=\"og:image:width\" content=\"1600\" \/>\n\t<meta property=\"og:image:height\" content=\"738\" \/>\n\t<meta property=\"og:image:type\" content=\"image\/jpeg\" \/>\n<meta name=\"author\" content=\"Administra\u00e7\u00e3o IAC\" \/>\n<meta name=\"twitter:card\" content=\"summary_large_image\" \/>\n<meta name=\"twitter:creator\" content=\"@iacapoiocrianca\" \/>\n<meta name=\"twitter:site\" content=\"@iacapoiocrianca\" \/>\n<meta name=\"twitter:label1\" content=\"Written by\" \/>\n\t<meta name=\"twitter:data1\" content=\"Administra\u00e7\u00e3o IAC\" \/>\n\t<meta name=\"twitter:label2\" content=\"Est. reading time\" \/>\n\t<meta name=\"twitter:data2\" content=\"2 minutes\" \/>\n<script type=\"application\/ld+json\" class=\"yoast-schema-graph\">{\"@context\":\"https:\\\/\\\/schema.org\",\"@graph\":[{\"@type\":\"Article\",\"@id\":\"https:\\\/\\\/iacrianca.pt\\\/en\\\/2024\\\/05\\\/conferencia-final-projeto-voice\\\/#article\",\"isPartOf\":{\"@id\":\"https:\\\/\\\/iacrianca.pt\\\/en\\\/2024\\\/05\\\/conferencia-final-projeto-voice\\\/\"},\"author\":{\"name\":\"Administra\u00e7\u00e3o IAC\",\"@id\":\"https:\\\/\\\/iacrianca.pt\\\/en\\\/#\\\/schema\\\/person\\\/1c48c6e4b70d0dc7360e4b28ceaa5f6b\"},\"headline\":\"Confer\u00eancia Final Projeto VOICE\",\"datePublished\":\"2024-05-07T14:27:19+00:00\",\"dateModified\":\"2024-05-13T13:49:41+00:00\",\"mainEntityOfPage\":{\"@id\":\"https:\\\/\\\/iacrianca.pt\\\/en\\\/2024\\\/05\\\/conferencia-final-projeto-voice\\\/\"},\"wordCount\":205,\"publisher\":{\"@id\":\"https:\\\/\\\/iacrianca.pt\\\/en\\\/#organization\"},\"image\":{\"@id\":\"https:\\\/\\\/iacrianca.pt\\\/en\\\/2024\\\/05\\\/conferencia-final-projeto-voice\\\/#primaryimage\"},\"thumbnailUrl\":\"https:\\\/\\\/iacrianca.pt\\\/wp-content\\\/uploads\\\/voice2.jpg\",\"articleSection\":[\"Newsletter\"],\"inLanguage\":\"en-US\"},{\"@type\":\"WebPage\",\"@id\":\"https:\\\/\\\/iacrianca.pt\\\/en\\\/2024\\\/05\\\/conferencia-final-projeto-voice\\\/\",\"url\":\"https:\\\/\\\/iacrianca.pt\\\/en\\\/2024\\\/05\\\/conferencia-final-projeto-voice\\\/\",\"name\":\"Confer\u00eancia Final Projeto VOICE | Instituto de Apoio \u00e0 Crian\u00e7a\",\"isPartOf\":{\"@id\":\"https:\\\/\\\/iacrianca.pt\\\/en\\\/#website\"},\"primaryImageOfPage\":{\"@id\":\"https:\\\/\\\/iacrianca.pt\\\/en\\\/2024\\\/05\\\/conferencia-final-projeto-voice\\\/#primaryimage\"},\"image\":{\"@id\":\"https:\\\/\\\/iacrianca.pt\\\/en\\\/2024\\\/05\\\/conferencia-final-projeto-voice\\\/#primaryimage\"},\"thumbnailUrl\":\"https:\\\/\\\/iacrianca.pt\\\/wp-content\\\/uploads\\\/voice2.jpg\",\"datePublished\":\"2024-05-07T14:27:19+00:00\",\"dateModified\":\"2024-05-13T13:49:41+00:00\",\"breadcrumb\":{\"@id\":\"https:\\\/\\\/iacrianca.pt\\\/en\\\/2024\\\/05\\\/conferencia-final-projeto-voice\\\/#breadcrumb\"},\"inLanguage\":\"en-US\",\"potentialAction\":[{\"@type\":\"ReadAction\",\"target\":[\"https:\\\/\\\/iacrianca.pt\\\/en\\\/2024\\\/05\\\/conferencia-final-projeto-voice\\\/\"]}]},{\"@type\":\"ImageObject\",\"inLanguage\":\"en-US\",\"@id\":\"https:\\\/\\\/iacrianca.pt\\\/en\\\/2024\\\/05\\\/conferencia-final-projeto-voice\\\/#primaryimage\",\"url\":\"https:\\\/\\\/iacrianca.pt\\\/wp-content\\\/uploads\\\/voice2.jpg\",\"contentUrl\":\"https:\\\/\\\/iacrianca.pt\\\/wp-content\\\/uploads\\\/voice2.jpg\",\"width\":1600,\"height\":738},{\"@type\":\"BreadcrumbList\",\"@id\":\"https:\\\/\\\/iacrianca.pt\\\/en\\\/2024\\\/05\\\/conferencia-final-projeto-voice\\\/#breadcrumb\",\"itemListElement\":[{\"@type\":\"ListItem\",\"position\":1,\"name\":\"In\u00edcio\",\"item\":\"https:\\\/\\\/iacrianca.pt\\\/en\\\/\"},{\"@type\":\"ListItem\",\"position\":2,\"name\":\"Confer\u00eancia Final Projeto VOICE\"}]},{\"@type\":\"WebSite\",\"@id\":\"https:\\\/\\\/iacrianca.pt\\\/en\\\/#website\",\"url\":\"https:\\\/\\\/iacrianca.pt\\\/en\\\/\",\"name\":\"Instituto de Apoio \u00e0 Crian\u00e7a\",\"description\":\"Desde 1983 na defesa e promo\u00e7\u00e3o dos direitos da crian\u00e7a\",\"publisher\":{\"@id\":\"https:\\\/\\\/iacrianca.pt\\\/en\\\/#organization\"},\"potentialAction\":[{\"@type\":\"SearchAction\",\"target\":{\"@type\":\"EntryPoint\",\"urlTemplate\":\"https:\\\/\\\/iacrianca.pt\\\/en\\\/?s={search_term_string}\"},\"query-input\":{\"@type\":\"PropertyValueSpecification\",\"valueRequired\":true,\"valueName\":\"search_term_string\"}}],\"inLanguage\":\"en-US\"},{\"@type\":\"Organization\",\"@id\":\"https:\\\/\\\/iacrianca.pt\\\/en\\\/#organization\",\"name\":\"Instituto de Apoio \u00e0 Crian\u00e7a\",\"url\":\"https:\\\/\\\/iacrianca.pt\\\/en\\\/\",\"logo\":{\"@type\":\"ImageObject\",\"inLanguage\":\"en-US\",\"@id\":\"https:\\\/\\\/iacrianca.pt\\\/en\\\/#\\\/schema\\\/logo\\\/image\\\/\",\"url\":\"https:\\\/\\\/iacrianca.pt\\\/wp-content\\\/uploads\\\/2020\\\/04\\\/logo-iac-SD.jpg\",\"contentUrl\":\"https:\\\/\\\/iacrianca.pt\\\/wp-content\\\/uploads\\\/2020\\\/04\\\/logo-iac-SD.jpg\",\"width\":152,\"height\":73,\"caption\":\"Instituto de Apoio \u00e0 Crian\u00e7a\"},\"image\":{\"@id\":\"https:\\\/\\\/iacrianca.pt\\\/en\\\/#\\\/schema\\\/logo\\\/image\\\/\"},\"sameAs\":[\"https:\\\/\\\/www.facebook.com\\\/iacinstitutodeapoioacrianca\",\"https:\\\/\\\/x.com\\\/iacapoiocrianca\",\"https:\\\/\\\/www.youtube.com\\\/channel\\\/UC0jjfZ_xkN_59gJf_RQ-ZnQ\",\"https:\\\/\\\/www.linkedin.com\\\/company\\\/instituto-de-apoio--criana\\\/\",\"https:\\\/\\\/www.instagram.com\\\/iacinstitutodeapoioacrianca\\\/\",\"https:\\\/\\\/criancasatortoeadireitos.wordpress.com\\\/\"]},{\"@type\":\"Person\",\"@id\":\"https:\\\/\\\/iacrianca.pt\\\/en\\\/#\\\/schema\\\/person\\\/1c48c6e4b70d0dc7360e4b28ceaa5f6b\",\"name\":\"Administra\u00e7\u00e3o IAC\",\"image\":{\"@type\":\"ImageObject\",\"inLanguage\":\"en-US\",\"@id\":\"https:\\\/\\\/secure.gravatar.com\\\/avatar\\\/60b998c71de37dcc1398fc6d48c6b5ed7533e3ceec837c948055f072e3158ff1?s=96&d=mm&r=g\",\"url\":\"https:\\\/\\\/secure.gravatar.com\\\/avatar\\\/60b998c71de37dcc1398fc6d48c6b5ed7533e3ceec837c948055f072e3158ff1?s=96&d=mm&r=g\",\"contentUrl\":\"https:\\\/\\\/secure.gravatar.com\\\/avatar\\\/60b998c71de37dcc1398fc6d48c6b5ed7533e3ceec837c948055f072e3158ff1?s=96&d=mm&r=g\",\"caption\":\"Administra\u00e7\u00e3o IAC\"}}]}<\/script>\n<!-- \/ Yoast SEO plugin. -->","yoast_head_json":{"title":"Confer\u00eancia Final Projeto VOICE | Instituto de Apoio \u00e0 Crian\u00e7a","robots":{"index":"index","follow":"follow","max-snippet":"max-snippet:-1","max-image-preview":"max-image-preview:large","max-video-preview":"max-video-preview:-1"},"canonical":"https:\/\/iacrianca.pt\/en\/2024\/05\/conferencia-final-projeto-voice\/","og_locale":"en_US","og_type":"article","og_title":"Confer\u00eancia Final Projeto VOICE | Instituto de Apoio \u00e0 Crian\u00e7a","og_description":"No passado dia 8 de abril decorreu em Bruxelas no Instituto de Ci\u00eancias Naturais, a Confer\u00eancia Final para apresenta\u00e7\u00e3o dos resultados do projeto VOICE. O relat\u00f3rio apresentado sob o t\u00edtulo \u201cSpeaking up for Change\u201d (Falar pela mudan\u00e7a) resulta de uma compila\u00e7\u00e3o de testemunhos de crian\u00e7as e jovens, assim como de cuidadores(pais\/educadores\/professores) que participaram numa consulta&hellip;","og_url":"https:\/\/iacrianca.pt\/en\/2024\/05\/conferencia-final-projeto-voice\/","og_site_name":"Instituto de Apoio \u00e0 Crian\u00e7a","article_publisher":"https:\/\/www.facebook.com\/iacinstitutodeapoioacrianca","article_published_time":"2024-05-07T14:27:19+00:00","article_modified_time":"2024-05-13T13:49:41+00:00","og_image":[{"width":1600,"height":738,"url":"https:\/\/iacrianca.pt\/wp-content\/uploads\/voice2.jpg","type":"image\/jpeg"}],"author":"Administra\u00e7\u00e3o IAC","twitter_card":"summary_large_image","twitter_creator":"@iacapoiocrianca","twitter_site":"@iacapoiocrianca","twitter_misc":{"Written by":"Administra\u00e7\u00e3o IAC","Est. reading time":"2 minutes"},"schema":{"@context":"https:\/\/schema.org","@graph":[{"@type":"Article","@id":"https:\/\/iacrianca.pt\/en\/2024\/05\/conferencia-final-projeto-voice\/#article","isPartOf":{"@id":"https:\/\/iacrianca.pt\/en\/2024\/05\/conferencia-final-projeto-voice\/"},"author":{"name":"Administra\u00e7\u00e3o IAC","@id":"https:\/\/iacrianca.pt\/en\/#\/schema\/person\/1c48c6e4b70d0dc7360e4b28ceaa5f6b"},"headline":"Confer\u00eancia Final Projeto VOICE","datePublished":"2024-05-07T14:27:19+00:00","dateModified":"2024-05-13T13:49:41+00:00","mainEntityOfPage":{"@id":"https:\/\/iacrianca.pt\/en\/2024\/05\/conferencia-final-projeto-voice\/"},"wordCount":205,"publisher":{"@id":"https:\/\/iacrianca.pt\/en\/#organization"},"image":{"@id":"https:\/\/iacrianca.pt\/en\/2024\/05\/conferencia-final-projeto-voice\/#primaryimage"},"thumbnailUrl":"https:\/\/iacrianca.pt\/wp-content\/uploads\/voice2.jpg","articleSection":["Newsletter"],"inLanguage":"en-US"},{"@type":"WebPage","@id":"https:\/\/iacrianca.pt\/en\/2024\/05\/conferencia-final-projeto-voice\/","url":"https:\/\/iacrianca.pt\/en\/2024\/05\/conferencia-final-projeto-voice\/","name":"Confer\u00eancia Final Projeto VOICE | Instituto de Apoio \u00e0 Crian\u00e7a","isPartOf":{"@id":"https:\/\/iacrianca.pt\/en\/#website"},"primaryImageOfPage":{"@id":"https:\/\/iacrianca.pt\/en\/2024\/05\/conferencia-final-projeto-voice\/#primaryimage"},"image":{"@id":"https:\/\/iacrianca.pt\/en\/2024\/05\/conferencia-final-projeto-voice\/#primaryimage"},"thumbnailUrl":"https:\/\/iacrianca.pt\/wp-content\/uploads\/voice2.jpg","datePublished":"2024-05-07T14:27:19+00:00","dateModified":"2024-05-13T13:49:41+00:00","breadcrumb":{"@id":"https:\/\/iacrianca.pt\/en\/2024\/05\/conferencia-final-projeto-voice\/#breadcrumb"},"inLanguage":"en-US","potentialAction":[{"@type":"ReadAction","target":["https:\/\/iacrianca.pt\/en\/2024\/05\/conferencia-final-projeto-voice\/"]}]},{"@type":"ImageObject","inLanguage":"en-US","@id":"https:\/\/iacrianca.pt\/en\/2024\/05\/conferencia-final-projeto-voice\/#primaryimage","url":"https:\/\/iacrianca.pt\/wp-content\/uploads\/voice2.jpg","contentUrl":"https:\/\/iacrianca.pt\/wp-content\/uploads\/voice2.jpg","width":1600,"height":738},{"@type":"BreadcrumbList","@id":"https:\/\/iacrianca.pt\/en\/2024\/05\/conferencia-final-projeto-voice\/#breadcrumb","itemListElement":[{"@type":"ListItem","position":1,"name":"In\u00edcio","item":"https:\/\/iacrianca.pt\/en\/"},{"@type":"ListItem","position":2,"name":"Confer\u00eancia Final Projeto VOICE"}]},{"@type":"WebSite","@id":"https:\/\/iacrianca.pt\/en\/#website","url":"https:\/\/iacrianca.pt\/en\/","name":"Instituto de Apoio \u00e0 Crian\u00e7a","description":"Desde 1983 na defesa e promo\u00e7\u00e3o dos direitos da crian\u00e7a","publisher":{"@id":"https:\/\/iacrianca.pt\/en\/#organization"},"potentialAction":[{"@type":"SearchAction","target":{"@type":"EntryPoint","urlTemplate":"https:\/\/iacrianca.pt\/en\/?s={search_term_string}"},"query-input":{"@type":"PropertyValueSpecification","valueRequired":true,"valueName":"search_term_string"}}],"inLanguage":"en-US"},{"@type":"Organization","@id":"https:\/\/iacrianca.pt\/en\/#organization","name":"Instituto de Apoio \u00e0 Crian\u00e7a","url":"https:\/\/iacrianca.pt\/en\/","logo":{"@type":"ImageObject","inLanguage":"en-US","@id":"https:\/\/iacrianca.pt\/en\/#\/schema\/logo\/image\/","url":"https:\/\/iacrianca.pt\/wp-content\/uploads\/2020\/04\/logo-iac-SD.jpg","contentUrl":"https:\/\/iacrianca.pt\/wp-content\/uploads\/2020\/04\/logo-iac-SD.jpg","width":152,"height":73,"caption":"Instituto de Apoio \u00e0 Crian\u00e7a"},"image":{"@id":"https:\/\/iacrianca.pt\/en\/#\/schema\/logo\/image\/"},"sameAs":["https:\/\/www.facebook.com\/iacinstitutodeapoioacrianca","https:\/\/x.com\/iacapoiocrianca","https:\/\/www.youtube.com\/channel\/UC0jjfZ_xkN_59gJf_RQ-ZnQ","https:\/\/www.linkedin.com\/company\/instituto-de-apoio--criana\/","https:\/\/www.instagram.com\/iacinstitutodeapoioacrianca\/","https:\/\/criancasatortoeadireitos.wordpress.com\/"]},{"@type":"Person","@id":"https:\/\/iacrianca.pt\/en\/#\/schema\/person\/1c48c6e4b70d0dc7360e4b28ceaa5f6b","name":"Administra\u00e7\u00e3o IAC","image":{"@type":"ImageObject","inLanguage":"en-US","@id":"https:\/\/secure.gravatar.com\/avatar\/60b998c71de37dcc1398fc6d48c6b5ed7533e3ceec837c948055f072e3158ff1?s=96&d=mm&r=g","url":"https:\/\/secure.gravatar.com\/avatar\/60b998c71de37dcc1398fc6d48c6b5ed7533e3ceec837c948055f072e3158ff1?s=96&d=mm&r=g","contentUrl":"https:\/\/secure.gravatar.com\/avatar\/60b998c71de37dcc1398fc6d48c6b5ed7533e3ceec837c948055f072e3158ff1?s=96&d=mm&r=g","caption":"Administra\u00e7\u00e3o IAC"}}]}},"_links":{"self":[{"href":"https:\/\/iacrianca.pt\/en\/wp-json\/wp\/v2\/posts\/21869","targetHints":{"allow":["GET"]}}],"collection":[{"href":"https:\/\/iacrianca.pt\/en\/wp-json\/wp\/v2\/posts"}],"about":[{"href":"https:\/\/iacrianca.pt\/en\/wp-json\/wp\/v2\/types\/post"}],"author":[{"embeddable":true,"href":"https:\/\/iacrianca.pt\/en\/wp-json\/wp\/v2\/users\/2"}],"replies":[{"embeddable":true,"href":"https:\/\/iacrianca.pt\/en\/wp-json\/wp\/v2\/comments?post=21869"}],"version-history":[{"count":0,"href":"https:\/\/iacrianca.pt\/en\/wp-json\/wp\/v2\/posts\/21869\/revisions"}],"wp:featuredmedia":[{"embeddable":true,"href":"https:\/\/iacrianca.pt\/en\/wp-json\/wp\/v2\/media\/21870"}],"wp:attachment":[{"href":"https:\/\/iacrianca.pt\/en\/wp-json\/wp\/v2\/media?parent=21869"}],"wp:term":[{"taxonomy":"category","embeddable":true,"href":"https:\/\/iacrianca.pt\/en\/wp-json\/wp\/v2\/categories?post=21869"},{"taxonomy":"post_tag","embeddable":true,"href":"https:\/\/iacrianca.pt\/en\/wp-json\/wp\/v2\/tags?post=21869"}],"curies":[{"name":"wp","href":"https:\/\/api.w.org\/{rel}","templated":true}]}}