{"id":21893,"date":"2024-05-08T11:36:40","date_gmt":"2024-05-08T10:36:40","guid":{"rendered":"https:\/\/iacrianca.pt\/?p=21893"},"modified":"2024-05-13T14:45:41","modified_gmt":"2024-05-13T13:45:41","slug":"concurso-25-de-abril-pelo-olhar-de-uma-crianca","status":"publish","type":"post","link":"https:\/\/iacrianca.pt\/en\/2024\/05\/concurso-25-de-abril-pelo-olhar-de-uma-crianca\/","title":{"rendered":"Concurso \u201c25 de Abril pelo olhar de uma Crian\u00e7a\u201d"},"content":{"rendered":"<div>A \u00c1rea do Marketing, Comunica\u00e7\u00e3o &amp; Projetos do IAC, foi convidada a participar no j\u00fari da 2\u00aa edi\u00e7\u00e3o do Concurso \u201c25 de Abril Pelo Olhar de Uma Crian\u00e7a\u201d organizado pela Junta de Freguesia das Avenidas Novas. No dia 22 de abril <a href=\"https:\/\/www.facebook.com\/JuntaFreguesiaAvenidasNovas\/posts\/pfbid022prDGy8KU63t6h85bRgGBaJ56npbW3ffmJUbt1gZreM2QkxFArPxxboj9hJzbQm4l\">decorreu a avalia\u00e7\u00e3o<\/a> dos trabalhos feitos pelos alunos do 4.\u00ba ano das escolas da Freguesia e escolha do trabalho vencedor. No dia 29 de abril foi <a href=\"https:\/\/www.facebook.com\/JuntaFreguesiaAvenidasNovas\/posts\/pfbid02t5gC4ZEnguR9Ed9WNKK7CJnN8cEWLJGm9Fa5RhTGRqUzCs93LTvio4Jt4hAuBuyFl\">inaugurada a exposi\u00e7\u00e3o<\/a> dos trabalhos feitos pelos alunos e decorreu a atribui\u00e7\u00e3o dos pr\u00e9mios aos vencedores com a participa\u00e7\u00e3o da \u00c1rea do Marketing, Comunica\u00e7\u00e3o &amp; Projetos do IAC.<\/div>\n<div><img fetchpriority=\"high\" decoding=\"async\" class=\"alignnone wp-image-21894 size-full\" src=\"https:\/\/iacrianca.pt\/wp-content\/uploads\/design-sem-nome-2024-05-08t110925908.png\" alt=\"\" width=\"915\" height=\"684\" srcset=\"https:\/\/iacrianca.pt\/wp-content\/uploads\/design-sem-nome-2024-05-08t110925908.png 915w, https:\/\/iacrianca.pt\/wp-content\/uploads\/design-sem-nome-2024-05-08t110925908-300x224.png 300w, https:\/\/iacrianca.pt\/wp-content\/uploads\/design-sem-nome-2024-05-08t110925908-768x574.png 768w\" sizes=\"(max-width: 915px) 100vw, 915px\" \/><\/div>\n<div><img decoding=\"async\" class=\"alignnone wp-image-21902 size-full\" src=\"https:\/\/iacrianca.pt\/wp-content\/uploads\/novas4.png\" alt=\"\" width=\"862\" height=\"572\" srcset=\"https:\/\/iacrianca.pt\/wp-content\/uploads\/novas4.png 862w, https:\/\/iacrianca.pt\/wp-content\/uploads\/novas4-300x199.png 300w, https:\/\/iacrianca.pt\/wp-content\/uploads\/novas4-768x510.png 768w\" sizes=\"(max-width: 862px) 100vw, 862px\" \/> <img decoding=\"async\" class=\"alignnone wp-image-21906 size-full\" src=\"https:\/\/iacrianca.pt\/wp-content\/uploads\/novas6.png\" alt=\"\" width=\"921\" height=\"608\" srcset=\"https:\/\/iacrianca.pt\/wp-content\/uploads\/novas6.png 921w, https:\/\/iacrianca.pt\/wp-content\/uploads\/novas6-300x198.png 300w, https:\/\/iacrianca.pt\/wp-content\/uploads\/novas6-768x507.png 768w\" sizes=\"(max-width: 921px) 100vw, 921px\" \/><\/div>\n<div><\/div>\n<div><\/div>\n<div><\/div>\n","protected":false},"excerpt":{"rendered":"<p>A \u00c1rea do Marketing, Comunica\u00e7\u00e3o &amp; Projetos do IAC, foi convidada a participar no j\u00fari da 2\u00aa edi\u00e7\u00e3o do Concurso \u201c25 de Abril Pelo Olhar de Uma Crian\u00e7a\u201d organizado pela Junta de Freguesia das Avenidas Novas. No dia 22 de abril decorreu a avalia\u00e7\u00e3o dos trabalhos feitos pelos alunos do 4.\u00ba ano das escolas da&hellip;<\/p>\n","protected":false},"author":2,"featured_media":21904,"comment_status":"closed","ping_status":"open","sticky":false,"template":"","format":"standard","meta":{"_acf_changed":false,"footnotes":""},"categories":[63],"tags":[],"class_list":["post-21893","post","type-post","status-publish","format-standard","has-post-thumbnail","hentry","category-newsletter","category-63","description-off"],"acf":[],"yoast_head":"<!-- This site is optimized with the Yoast SEO plugin v27.5 - https:\/\/yoast.com\/product\/yoast-seo-wordpress\/ -->\n<title>Concurso \u201c25 de Abril pelo olhar de uma Crian\u00e7a\u201d | Instituto de Apoio \u00e0 Crian\u00e7a<\/title>\n<meta name=\"robots\" content=\"index, follow, max-snippet:-1, max-image-preview:large, max-video-preview:-1\" \/>\n<link rel=\"canonical\" href=\"https:\/\/iacrianca.pt\/en\/2024\/05\/concurso-25-de-abril-pelo-olhar-de-uma-crianca\/\" \/>\n<meta property=\"og:locale\" content=\"en_US\" \/>\n<meta property=\"og:type\" content=\"article\" \/>\n<meta property=\"og:title\" content=\"Concurso \u201c25 de Abril pelo olhar de uma Crian\u00e7a\u201d | Instituto de Apoio \u00e0 Crian\u00e7a\" \/>\n<meta property=\"og:description\" content=\"A \u00c1rea do Marketing, Comunica\u00e7\u00e3o &amp; Projetos do IAC, foi convidada a participar no j\u00fari da 2\u00aa edi\u00e7\u00e3o do Concurso \u201c25 de Abril Pelo Olhar de Uma Crian\u00e7a\u201d organizado pela Junta de Freguesia das Avenidas Novas. No dia 22 de abril decorreu a avalia\u00e7\u00e3o dos trabalhos feitos pelos alunos do 4.\u00ba ano das escolas da&hellip;\" \/>\n<meta property=\"og:url\" content=\"https:\/\/iacrianca.pt\/en\/2024\/05\/concurso-25-de-abril-pelo-olhar-de-uma-crianca\/\" \/>\n<meta property=\"og:site_name\" content=\"Instituto de Apoio \u00e0 Crian\u00e7a\" \/>\n<meta property=\"article:publisher\" content=\"https:\/\/www.facebook.com\/iacinstitutodeapoioacrianca\" \/>\n<meta property=\"article:published_time\" content=\"2024-05-08T10:36:40+00:00\" \/>\n<meta property=\"article:modified_time\" content=\"2024-05-13T13:45:41+00:00\" \/>\n<meta property=\"og:image\" content=\"https:\/\/iacrianca.pt\/wp-content\/uploads\/novas5.png\" \/>\n\t<meta property=\"og:image:width\" content=\"883\" \/>\n\t<meta property=\"og:image:height\" content=\"583\" \/>\n\t<meta property=\"og:image:type\" content=\"image\/png\" \/>\n<meta name=\"author\" content=\"Administra\u00e7\u00e3o IAC\" \/>\n<meta name=\"twitter:card\" content=\"summary_large_image\" \/>\n<meta name=\"twitter:creator\" content=\"@iacapoiocrianca\" \/>\n<meta name=\"twitter:site\" content=\"@iacapoiocrianca\" \/>\n<meta name=\"twitter:label1\" content=\"Written by\" \/>\n\t<meta name=\"twitter:data1\" content=\"Administra\u00e7\u00e3o IAC\" \/>\n\t<meta name=\"twitter:label2\" content=\"Est. reading time\" \/>\n\t<meta name=\"twitter:data2\" content=\"2 minutes\" \/>\n<script type=\"application\/ld+json\" class=\"yoast-schema-graph\">{\"@context\":\"https:\\\/\\\/schema.org\",\"@graph\":[{\"@type\":\"Article\",\"@id\":\"https:\\\/\\\/iacrianca.pt\\\/en\\\/2024\\\/05\\\/concurso-25-de-abril-pelo-olhar-de-uma-crianca\\\/#article\",\"isPartOf\":{\"@id\":\"https:\\\/\\\/iacrianca.pt\\\/en\\\/2024\\\/05\\\/concurso-25-de-abril-pelo-olhar-de-uma-crianca\\\/\"},\"author\":{\"name\":\"Administra\u00e7\u00e3o IAC\",\"@id\":\"https:\\\/\\\/iacrianca.pt\\\/en\\\/#\\\/schema\\\/person\\\/1c48c6e4b70d0dc7360e4b28ceaa5f6b\"},\"headline\":\"Concurso \u201c25 de Abril pelo olhar de uma Crian\u00e7a\u201d\",\"datePublished\":\"2024-05-08T10:36:40+00:00\",\"dateModified\":\"2024-05-13T13:45:41+00:00\",\"mainEntityOfPage\":{\"@id\":\"https:\\\/\\\/iacrianca.pt\\\/en\\\/2024\\\/05\\\/concurso-25-de-abril-pelo-olhar-de-uma-crianca\\\/\"},\"wordCount\":109,\"publisher\":{\"@id\":\"https:\\\/\\\/iacrianca.pt\\\/en\\\/#organization\"},\"image\":{\"@id\":\"https:\\\/\\\/iacrianca.pt\\\/en\\\/2024\\\/05\\\/concurso-25-de-abril-pelo-olhar-de-uma-crianca\\\/#primaryimage\"},\"thumbnailUrl\":\"https:\\\/\\\/iacrianca.pt\\\/wp-content\\\/uploads\\\/novas5.png\",\"articleSection\":[\"Newsletter\"],\"inLanguage\":\"en-US\"},{\"@type\":\"WebPage\",\"@id\":\"https:\\\/\\\/iacrianca.pt\\\/en\\\/2024\\\/05\\\/concurso-25-de-abril-pelo-olhar-de-uma-crianca\\\/\",\"url\":\"https:\\\/\\\/iacrianca.pt\\\/en\\\/2024\\\/05\\\/concurso-25-de-abril-pelo-olhar-de-uma-crianca\\\/\",\"name\":\"Concurso \u201c25 de Abril pelo olhar de uma Crian\u00e7a\u201d | Instituto de Apoio \u00e0 Crian\u00e7a\",\"isPartOf\":{\"@id\":\"https:\\\/\\\/iacrianca.pt\\\/en\\\/#website\"},\"primaryImageOfPage\":{\"@id\":\"https:\\\/\\\/iacrianca.pt\\\/en\\\/2024\\\/05\\\/concurso-25-de-abril-pelo-olhar-de-uma-crianca\\\/#primaryimage\"},\"image\":{\"@id\":\"https:\\\/\\\/iacrianca.pt\\\/en\\\/2024\\\/05\\\/concurso-25-de-abril-pelo-olhar-de-uma-crianca\\\/#primaryimage\"},\"thumbnailUrl\":\"https:\\\/\\\/iacrianca.pt\\\/wp-content\\\/uploads\\\/novas5.png\",\"datePublished\":\"2024-05-08T10:36:40+00:00\",\"dateModified\":\"2024-05-13T13:45:41+00:00\",\"breadcrumb\":{\"@id\":\"https:\\\/\\\/iacrianca.pt\\\/en\\\/2024\\\/05\\\/concurso-25-de-abril-pelo-olhar-de-uma-crianca\\\/#breadcrumb\"},\"inLanguage\":\"en-US\",\"potentialAction\":[{\"@type\":\"ReadAction\",\"target\":[\"https:\\\/\\\/iacrianca.pt\\\/en\\\/2024\\\/05\\\/concurso-25-de-abril-pelo-olhar-de-uma-crianca\\\/\"]}]},{\"@type\":\"ImageObject\",\"inLanguage\":\"en-US\",\"@id\":\"https:\\\/\\\/iacrianca.pt\\\/en\\\/2024\\\/05\\\/concurso-25-de-abril-pelo-olhar-de-uma-crianca\\\/#primaryimage\",\"url\":\"https:\\\/\\\/iacrianca.pt\\\/wp-content\\\/uploads\\\/novas5.png\",\"contentUrl\":\"https:\\\/\\\/iacrianca.pt\\\/wp-content\\\/uploads\\\/novas5.png\",\"width\":883,\"height\":583},{\"@type\":\"BreadcrumbList\",\"@id\":\"https:\\\/\\\/iacrianca.pt\\\/en\\\/2024\\\/05\\\/concurso-25-de-abril-pelo-olhar-de-uma-crianca\\\/#breadcrumb\",\"itemListElement\":[{\"@type\":\"ListItem\",\"position\":1,\"name\":\"In\u00edcio\",\"item\":\"https:\\\/\\\/iacrianca.pt\\\/en\\\/\"},{\"@type\":\"ListItem\",\"position\":2,\"name\":\"Concurso \u201c25 de Abril pelo olhar de uma Crian\u00e7a\u201d\"}]},{\"@type\":\"WebSite\",\"@id\":\"https:\\\/\\\/iacrianca.pt\\\/en\\\/#website\",\"url\":\"https:\\\/\\\/iacrianca.pt\\\/en\\\/\",\"name\":\"Instituto de Apoio \u00e0 Crian\u00e7a\",\"description\":\"Desde 1983 na defesa e promo\u00e7\u00e3o dos direitos da crian\u00e7a\",\"publisher\":{\"@id\":\"https:\\\/\\\/iacrianca.pt\\\/en\\\/#organization\"},\"potentialAction\":[{\"@type\":\"SearchAction\",\"target\":{\"@type\":\"EntryPoint\",\"urlTemplate\":\"https:\\\/\\\/iacrianca.pt\\\/en\\\/?s={search_term_string}\"},\"query-input\":{\"@type\":\"PropertyValueSpecification\",\"valueRequired\":true,\"valueName\":\"search_term_string\"}}],\"inLanguage\":\"en-US\"},{\"@type\":\"Organization\",\"@id\":\"https:\\\/\\\/iacrianca.pt\\\/en\\\/#organization\",\"name\":\"Instituto de Apoio \u00e0 Crian\u00e7a\",\"url\":\"https:\\\/\\\/iacrianca.pt\\\/en\\\/\",\"logo\":{\"@type\":\"ImageObject\",\"inLanguage\":\"en-US\",\"@id\":\"https:\\\/\\\/iacrianca.pt\\\/en\\\/#\\\/schema\\\/logo\\\/image\\\/\",\"url\":\"https:\\\/\\\/iacrianca.pt\\\/wp-content\\\/uploads\\\/2020\\\/04\\\/logo-iac-SD.jpg\",\"contentUrl\":\"https:\\\/\\\/iacrianca.pt\\\/wp-content\\\/uploads\\\/2020\\\/04\\\/logo-iac-SD.jpg\",\"width\":152,\"height\":73,\"caption\":\"Instituto de Apoio \u00e0 Crian\u00e7a\"},\"image\":{\"@id\":\"https:\\\/\\\/iacrianca.pt\\\/en\\\/#\\\/schema\\\/logo\\\/image\\\/\"},\"sameAs\":[\"https:\\\/\\\/www.facebook.com\\\/iacinstitutodeapoioacrianca\",\"https:\\\/\\\/x.com\\\/iacapoiocrianca\",\"https:\\\/\\\/www.youtube.com\\\/channel\\\/UC0jjfZ_xkN_59gJf_RQ-ZnQ\",\"https:\\\/\\\/www.linkedin.com\\\/company\\\/instituto-de-apoio--criana\\\/\",\"https:\\\/\\\/www.instagram.com\\\/iacinstitutodeapoioacrianca\\\/\",\"https:\\\/\\\/criancasatortoeadireitos.wordpress.com\\\/\"]},{\"@type\":\"Person\",\"@id\":\"https:\\\/\\\/iacrianca.pt\\\/en\\\/#\\\/schema\\\/person\\\/1c48c6e4b70d0dc7360e4b28ceaa5f6b\",\"name\":\"Administra\u00e7\u00e3o IAC\",\"image\":{\"@type\":\"ImageObject\",\"inLanguage\":\"en-US\",\"@id\":\"https:\\\/\\\/secure.gravatar.com\\\/avatar\\\/60b998c71de37dcc1398fc6d48c6b5ed7533e3ceec837c948055f072e3158ff1?s=96&d=mm&r=g\",\"url\":\"https:\\\/\\\/secure.gravatar.com\\\/avatar\\\/60b998c71de37dcc1398fc6d48c6b5ed7533e3ceec837c948055f072e3158ff1?s=96&d=mm&r=g\",\"contentUrl\":\"https:\\\/\\\/secure.gravatar.com\\\/avatar\\\/60b998c71de37dcc1398fc6d48c6b5ed7533e3ceec837c948055f072e3158ff1?s=96&d=mm&r=g\",\"caption\":\"Administra\u00e7\u00e3o IAC\"}}]}<\/script>\n<!-- \/ Yoast SEO plugin. -->","yoast_head_json":{"title":"Concurso \u201c25 de Abril pelo olhar de uma Crian\u00e7a\u201d | Instituto de Apoio \u00e0 Crian\u00e7a","robots":{"index":"index","follow":"follow","max-snippet":"max-snippet:-1","max-image-preview":"max-image-preview:large","max-video-preview":"max-video-preview:-1"},"canonical":"https:\/\/iacrianca.pt\/en\/2024\/05\/concurso-25-de-abril-pelo-olhar-de-uma-crianca\/","og_locale":"en_US","og_type":"article","og_title":"Concurso \u201c25 de Abril pelo olhar de uma Crian\u00e7a\u201d | Instituto de Apoio \u00e0 Crian\u00e7a","og_description":"A \u00c1rea do Marketing, Comunica\u00e7\u00e3o &amp; Projetos do IAC, foi convidada a participar no j\u00fari da 2\u00aa edi\u00e7\u00e3o do Concurso \u201c25 de Abril Pelo Olhar de Uma Crian\u00e7a\u201d organizado pela Junta de Freguesia das Avenidas Novas. No dia 22 de abril decorreu a avalia\u00e7\u00e3o dos trabalhos feitos pelos alunos do 4.\u00ba ano das escolas da&hellip;","og_url":"https:\/\/iacrianca.pt\/en\/2024\/05\/concurso-25-de-abril-pelo-olhar-de-uma-crianca\/","og_site_name":"Instituto de Apoio \u00e0 Crian\u00e7a","article_publisher":"https:\/\/www.facebook.com\/iacinstitutodeapoioacrianca","article_published_time":"2024-05-08T10:36:40+00:00","article_modified_time":"2024-05-13T13:45:41+00:00","og_image":[{"width":883,"height":583,"url":"https:\/\/iacrianca.pt\/wp-content\/uploads\/novas5.png","type":"image\/png"}],"author":"Administra\u00e7\u00e3o IAC","twitter_card":"summary_large_image","twitter_creator":"@iacapoiocrianca","twitter_site":"@iacapoiocrianca","twitter_misc":{"Written by":"Administra\u00e7\u00e3o IAC","Est. reading time":"2 minutes"},"schema":{"@context":"https:\/\/schema.org","@graph":[{"@type":"Article","@id":"https:\/\/iacrianca.pt\/en\/2024\/05\/concurso-25-de-abril-pelo-olhar-de-uma-crianca\/#article","isPartOf":{"@id":"https:\/\/iacrianca.pt\/en\/2024\/05\/concurso-25-de-abril-pelo-olhar-de-uma-crianca\/"},"author":{"name":"Administra\u00e7\u00e3o IAC","@id":"https:\/\/iacrianca.pt\/en\/#\/schema\/person\/1c48c6e4b70d0dc7360e4b28ceaa5f6b"},"headline":"Concurso \u201c25 de Abril pelo olhar de uma Crian\u00e7a\u201d","datePublished":"2024-05-08T10:36:40+00:00","dateModified":"2024-05-13T13:45:41+00:00","mainEntityOfPage":{"@id":"https:\/\/iacrianca.pt\/en\/2024\/05\/concurso-25-de-abril-pelo-olhar-de-uma-crianca\/"},"wordCount":109,"publisher":{"@id":"https:\/\/iacrianca.pt\/en\/#organization"},"image":{"@id":"https:\/\/iacrianca.pt\/en\/2024\/05\/concurso-25-de-abril-pelo-olhar-de-uma-crianca\/#primaryimage"},"thumbnailUrl":"https:\/\/iacrianca.pt\/wp-content\/uploads\/novas5.png","articleSection":["Newsletter"],"inLanguage":"en-US"},{"@type":"WebPage","@id":"https:\/\/iacrianca.pt\/en\/2024\/05\/concurso-25-de-abril-pelo-olhar-de-uma-crianca\/","url":"https:\/\/iacrianca.pt\/en\/2024\/05\/concurso-25-de-abril-pelo-olhar-de-uma-crianca\/","name":"Concurso \u201c25 de Abril pelo olhar de uma Crian\u00e7a\u201d | Instituto de Apoio \u00e0 Crian\u00e7a","isPartOf":{"@id":"https:\/\/iacrianca.pt\/en\/#website"},"primaryImageOfPage":{"@id":"https:\/\/iacrianca.pt\/en\/2024\/05\/concurso-25-de-abril-pelo-olhar-de-uma-crianca\/#primaryimage"},"image":{"@id":"https:\/\/iacrianca.pt\/en\/2024\/05\/concurso-25-de-abril-pelo-olhar-de-uma-crianca\/#primaryimage"},"thumbnailUrl":"https:\/\/iacrianca.pt\/wp-content\/uploads\/novas5.png","datePublished":"2024-05-08T10:36:40+00:00","dateModified":"2024-05-13T13:45:41+00:00","breadcrumb":{"@id":"https:\/\/iacrianca.pt\/en\/2024\/05\/concurso-25-de-abril-pelo-olhar-de-uma-crianca\/#breadcrumb"},"inLanguage":"en-US","potentialAction":[{"@type":"ReadAction","target":["https:\/\/iacrianca.pt\/en\/2024\/05\/concurso-25-de-abril-pelo-olhar-de-uma-crianca\/"]}]},{"@type":"ImageObject","inLanguage":"en-US","@id":"https:\/\/iacrianca.pt\/en\/2024\/05\/concurso-25-de-abril-pelo-olhar-de-uma-crianca\/#primaryimage","url":"https:\/\/iacrianca.pt\/wp-content\/uploads\/novas5.png","contentUrl":"https:\/\/iacrianca.pt\/wp-content\/uploads\/novas5.png","width":883,"height":583},{"@type":"BreadcrumbList","@id":"https:\/\/iacrianca.pt\/en\/2024\/05\/concurso-25-de-abril-pelo-olhar-de-uma-crianca\/#breadcrumb","itemListElement":[{"@type":"ListItem","position":1,"name":"In\u00edcio","item":"https:\/\/iacrianca.pt\/en\/"},{"@type":"ListItem","position":2,"name":"Concurso \u201c25 de Abril pelo olhar de uma Crian\u00e7a\u201d"}]},{"@type":"WebSite","@id":"https:\/\/iacrianca.pt\/en\/#website","url":"https:\/\/iacrianca.pt\/en\/","name":"Instituto de Apoio \u00e0 Crian\u00e7a","description":"Desde 1983 na defesa e promo\u00e7\u00e3o dos direitos da crian\u00e7a","publisher":{"@id":"https:\/\/iacrianca.pt\/en\/#organization"},"potentialAction":[{"@type":"SearchAction","target":{"@type":"EntryPoint","urlTemplate":"https:\/\/iacrianca.pt\/en\/?s={search_term_string}"},"query-input":{"@type":"PropertyValueSpecification","valueRequired":true,"valueName":"search_term_string"}}],"inLanguage":"en-US"},{"@type":"Organization","@id":"https:\/\/iacrianca.pt\/en\/#organization","name":"Instituto de Apoio \u00e0 Crian\u00e7a","url":"https:\/\/iacrianca.pt\/en\/","logo":{"@type":"ImageObject","inLanguage":"en-US","@id":"https:\/\/iacrianca.pt\/en\/#\/schema\/logo\/image\/","url":"https:\/\/iacrianca.pt\/wp-content\/uploads\/2020\/04\/logo-iac-SD.jpg","contentUrl":"https:\/\/iacrianca.pt\/wp-content\/uploads\/2020\/04\/logo-iac-SD.jpg","width":152,"height":73,"caption":"Instituto de Apoio \u00e0 Crian\u00e7a"},"image":{"@id":"https:\/\/iacrianca.pt\/en\/#\/schema\/logo\/image\/"},"sameAs":["https:\/\/www.facebook.com\/iacinstitutodeapoioacrianca","https:\/\/x.com\/iacapoiocrianca","https:\/\/www.youtube.com\/channel\/UC0jjfZ_xkN_59gJf_RQ-ZnQ","https:\/\/www.linkedin.com\/company\/instituto-de-apoio--criana\/","https:\/\/www.instagram.com\/iacinstitutodeapoioacrianca\/","https:\/\/criancasatortoeadireitos.wordpress.com\/"]},{"@type":"Person","@id":"https:\/\/iacrianca.pt\/en\/#\/schema\/person\/1c48c6e4b70d0dc7360e4b28ceaa5f6b","name":"Administra\u00e7\u00e3o IAC","image":{"@type":"ImageObject","inLanguage":"en-US","@id":"https:\/\/secure.gravatar.com\/avatar\/60b998c71de37dcc1398fc6d48c6b5ed7533e3ceec837c948055f072e3158ff1?s=96&d=mm&r=g","url":"https:\/\/secure.gravatar.com\/avatar\/60b998c71de37dcc1398fc6d48c6b5ed7533e3ceec837c948055f072e3158ff1?s=96&d=mm&r=g","contentUrl":"https:\/\/secure.gravatar.com\/avatar\/60b998c71de37dcc1398fc6d48c6b5ed7533e3ceec837c948055f072e3158ff1?s=96&d=mm&r=g","caption":"Administra\u00e7\u00e3o IAC"}}]}},"_links":{"self":[{"href":"https:\/\/iacrianca.pt\/en\/wp-json\/wp\/v2\/posts\/21893","targetHints":{"allow":["GET"]}}],"collection":[{"href":"https:\/\/iacrianca.pt\/en\/wp-json\/wp\/v2\/posts"}],"about":[{"href":"https:\/\/iacrianca.pt\/en\/wp-json\/wp\/v2\/types\/post"}],"author":[{"embeddable":true,"href":"https:\/\/iacrianca.pt\/en\/wp-json\/wp\/v2\/users\/2"}],"replies":[{"embeddable":true,"href":"https:\/\/iacrianca.pt\/en\/wp-json\/wp\/v2\/comments?post=21893"}],"version-history":[{"count":0,"href":"https:\/\/iacrianca.pt\/en\/wp-json\/wp\/v2\/posts\/21893\/revisions"}],"wp:featuredmedia":[{"embeddable":true,"href":"https:\/\/iacrianca.pt\/en\/wp-json\/wp\/v2\/media\/21904"}],"wp:attachment":[{"href":"https:\/\/iacrianca.pt\/en\/wp-json\/wp\/v2\/media?parent=21893"}],"wp:term":[{"taxonomy":"category","embeddable":true,"href":"https:\/\/iacrianca.pt\/en\/wp-json\/wp\/v2\/categories?post=21893"},{"taxonomy":"post_tag","embeddable":true,"href":"https:\/\/iacrianca.pt\/en\/wp-json\/wp\/v2\/tags?post=21893"}],"curies":[{"name":"wp","href":"https:\/\/api.w.org\/{rel}","templated":true}]}}