{"id":21977,"date":"2024-05-23T15:50:11","date_gmt":"2024-05-23T14:50:11","guid":{"rendered":"https:\/\/iacrianca.pt\/?p=21977"},"modified":"2024-05-23T15:49:00","modified_gmt":"2024-05-23T14:49:00","slug":"dia-internacional-das-criancas-desaparecidas-25-de-maio-3","status":"publish","type":"post","link":"https:\/\/iacrianca.pt\/en\/2024\/05\/dia-internacional-das-criancas-desaparecidas-25-de-maio-3\/","title":{"rendered":"Dia Internacional das Crian\u00e7as Desaparecidas &#8211; 25 de maio"},"content":{"rendered":"<h2 style=\"text-align: center;\"><strong><span class=\"x_ContentPasted0\" lang=\"pt\">Nota de Imprensa<\/span><\/strong><\/h2>\n<p><span data-contrast=\"auto\">O dia 25 de maio foi assinalado pela primeira vez como o Dia Internacional das Crian\u00e7as Desaparecidas (IMCD) em 2001 em Bruxelas e assinalou-se pela primeira vez em Portugal, por iniciativa do IAC (Instituto de Apoio \u00e0 Crian\u00e7a) a 25 de maio de 2004. O SOS Crian\u00e7a Desaparecida do IAC disponibilizava nessa altura o n\u00famero 1410 para que os apelantes reportassem situa\u00e7\u00f5es de crian\u00e7as desaparecidas. Em 2007, por despacho do Minist\u00e9rio da Administra\u00e7\u00e3o Interna, o n\u00famero 1410 foi substitu\u00eddo pelo 116000 e em 2008 come\u00e7a ent\u00e3o a funcionar em Portugal este n\u00famero \u00fanico europeu. Em 2009 \u00e9 lan\u00e7ado em 10 estados-membros da Uni\u00e3o Europeia.<\/span><span data-ccp-props=\"{&quot;134233117&quot;:false,&quot;134233118&quot;:false,&quot;201341983&quot;:0,&quot;335551550&quot;:6,&quot;335551620&quot;:6,&quot;335557856&quot;:16777215,&quot;335559738&quot;:0,&quot;335559739&quot;:0,&quot;335559740&quot;:240}\">\u00a0<\/span><\/p>\n<p><span data-contrast=\"auto\">Este n\u00famero \u00fanico europeu, an\u00f3nimo e confidencial, assegura que em qualquer pa\u00eds da Uni\u00e3o Europeia, seja poss\u00edvel aceder \u00e0 linha da Crian\u00e7a Desaparecida. Esta linha recebe apelos, via telefone, email, chat e WhatsApp de quem quiser comunicar desaparecimentos de crian\u00e7as e jovens at\u00e9 aos 18 anos de idade, oferecendo aos apelantes orienta\u00e7\u00e3o e apoio, a n\u00edvel psicol\u00f3gico, jur\u00eddico e social.<\/span><span data-ccp-props=\"{&quot;134233117&quot;:false,&quot;134233118&quot;:false,&quot;201341983&quot;:0,&quot;335551550&quot;:6,&quot;335551620&quot;:6,&quot;335557856&quot;:16777215,&quot;335559738&quot;:0,&quot;335559739&quot;:0,&quot;335559740&quot;:240}\">\u00a0<\/span><\/p>\n<p><span data-contrast=\"auto\">Faculta gratuitamente acompanhamento psicol\u00f3gico aos familiares das crian\u00e7as e jovens desaparecidos e o apoio aos jovens, ap\u00f3s o seu aparecimento, garantindo um follow up quando os jovens aparecem.<\/span><span data-ccp-props=\"{&quot;134233117&quot;:false,&quot;134233118&quot;:false,&quot;201341983&quot;:0,&quot;335551550&quot;:6,&quot;335551620&quot;:6,&quot;335557856&quot;:16777215,&quot;335559738&quot;:0,&quot;335559739&quot;:0,&quot;335559740&quot;:240}\">\u00a0<\/span><\/p>\n<p><span data-contrast=\"auto\">De acordo com a nossa casu\u00edstica, nos \u00faltimos 3 anos, encaminh\u00e1mos 51, 58 e 49 casos de Crian\u00e7as Desaparecidas por ano, nomeadamente em 2021, 2022 e 2023. Este ano, at\u00e9 abril, inclusive, encaminh\u00e1mos 10 situa\u00e7\u00f5es. As tipologias destes 10 casos foram fugas (de casa e institui\u00e7\u00e3o). Este ano, at\u00e9 abril, inclusive, recebemos 17 apelos no \u00e2mbito do tema das crian\u00e7as desaparecidas.\u00a0<\/span><span data-ccp-props=\"{&quot;134233117&quot;:false,&quot;134233118&quot;:false,&quot;201341983&quot;:0,&quot;335551550&quot;:6,&quot;335551620&quot;:6,&quot;335557856&quot;:16777215,&quot;335559738&quot;:0,&quot;335559739&quot;:0,&quot;335559740&quot;:240}\">\u00a0<\/span><\/p>\n<p><span data-contrast=\"auto\">No total da nossa interven\u00e7\u00e3o, desde que em 1994 se come\u00e7aram a receber na linha geral do SOS Crian\u00e7a alguns apelos desta natureza e ap\u00f3s a cria\u00e7\u00e3o de n\u00fameros espec\u00edficos, o 1410 e atualmente o 116000, no \u00e2mbito dos desaparecimentos, podemos dizer que foram encaminhados 874 processos de crian\u00e7as desaparecidas, at\u00e9 ao final de 2023.<\/span><span data-ccp-props=\"{&quot;134233117&quot;:false,&quot;134233118&quot;:false,&quot;201341983&quot;:0,&quot;335551550&quot;:6,&quot;335551620&quot;:6,&quot;335557856&quot;:16777215,&quot;335559738&quot;:0,&quot;335559739&quot;:0,&quot;335559740&quot;:240}\">\u00a0<\/span><\/p>\n<p><span data-contrast=\"auto\">Para assinalar o Dia Internacional das Crian\u00e7as Desaparecidas, o IAC vai divulgar a campanha \u201c<\/span><a href=\"https:\/\/iacrianca.pt\/linha-sos-crianca-desaparecida-116-000\/\"><span data-contrast=\"none\">A linha que procura reencontros<\/span><\/a><span data-contrast=\"auto\">\u201d, de modo a dar a conhecer este recurso \u00e0 sociedade civil em Portugal.<\/span><span data-ccp-props=\"{&quot;134233117&quot;:false,&quot;134233118&quot;:false,&quot;201341983&quot;:0,&quot;335551550&quot;:6,&quot;335551620&quot;:6,&quot;335557856&quot;:16777215,&quot;335559738&quot;:0,&quot;335559739&quot;:0,&quot;335559740&quot;:240}\">\u00a0<\/span><\/p>\n<p><span data-contrast=\"auto\">Este ano, a Missing Children Europe (MCE) que coordena as linhas 116000 por toda a Europa, incentiva a comunidade em geral a refletir sobre estas hist\u00f3rias e a divulgar este dia atrav\u00e9s da campanha \u201cSonhos Perdidos\u201d (<\/span><a href=\"https:\/\/missingchildreneurope.eu\/imcd\/\"><span data-contrast=\"none\">\u201cMissing Dreams\u201d campaign<\/span><\/a><span data-contrast=\"none\">)<\/span><span data-contrast=\"none\">. <\/span><span data-contrast=\"auto\">&#8220;Missing Dreams&#8221; serve como um lembrete de que todas as crian\u00e7as t\u00eam sonhos e aspira\u00e7\u00f5es para o seu futuro, e quando uma crian\u00e7a desaparece, as vidas e sonhos dessas crian\u00e7as e das suas fam\u00edlias s\u00e3o perturbadas.\u00a0<\/span><span data-ccp-props=\"{&quot;335551550&quot;:6,&quot;335551620&quot;:6}\">\u00a0<\/span><\/p>\n<p><span data-contrast=\"auto\">Tal como nos anos anteriores, participaremos nesta e noutras campanhas internacionais, nomeadamente nas campanhas organizadas pelo Centro Internacional para Crian\u00e7as e Jovens Desaparecidas e Exploradas (ICMEC) e pela <a href=\"https:\/\/www.amberalert.eu\/\">Amber Alert<\/a>.\u00a0<\/span><span data-ccp-props=\"{&quot;134233117&quot;:false,&quot;134233118&quot;:false,&quot;201341983&quot;:0,&quot;335551550&quot;:6,&quot;335551620&quot;:6,&quot;335557856&quot;:16777215,&quot;335559738&quot;:0,&quot;335559739&quot;:0,&quot;335559740&quot;:240}\">\u00a0<\/span><\/p>\n<p><span data-contrast=\"auto\">Estaremos tamb\u00e9m presentes nas escolas b\u00e1sicas, com campanhas de preven\u00e7\u00e3o e informa\u00e7\u00e3o relativas ao tema.<\/span><span data-ccp-props=\"{&quot;134233117&quot;:false,&quot;134233118&quot;:false,&quot;201341983&quot;:0,&quot;335551550&quot;:6,&quot;335551620&quot;:6,&quot;335557856&quot;:16777215,&quot;335559738&quot;:0,&quot;335559739&quot;:0,&quot;335559740&quot;:240}\">\u00a0<\/span><\/p>\n<p><span data-contrast=\"auto\">Podem acompanhar as nossas atividades atrav\u00e9s das redes sociais do IAC, <a href=\"https:\/\/www.instagram.com\/iacinstitutodeapoioacrianca\/\">Instagram<\/a>, <a href=\"https:\/\/www.facebook.com\/iacinstitutodeapoioacrianca\/\">Facebook<\/a>, e no <a href=\"https:\/\/iacrianca.pt\/\">site<\/a> do IAC.<\/span><span data-ccp-props=\"{&quot;134233117&quot;:false,&quot;134233118&quot;:false,&quot;201341983&quot;:0,&quot;335551550&quot;:6,&quot;335551620&quot;:6,&quot;335557856&quot;:16777215,&quot;335559738&quot;:0,&quot;335559739&quot;:0,&quot;335559740&quot;:240}\">\u00a0<\/span><\/p>\n<p>V\u00eddeo em portugu\u00eas da Campanha \u201cSonhos Perdidos\u201d da Missing Children Europe <a href=\"https:\/\/www.youtube.com\/watch?v=oWgmnqQbYfc\">aqui<\/a><\/p>\n<hr \/>\n<p style=\"text-align: center;\"><strong>Infogr\u00e1fico Linha 116000 Dados Estat\u00edsticos de Janeiro a Abril de 2024<\/strong><\/p>\n<p><img fetchpriority=\"high\" decoding=\"async\" class=\"alignnone wp-image-21987 size-full\" src=\"https:\/\/iacrianca.pt\/wp-content\/uploads\/grafico.jpg\" alt=\"\" width=\"1131\" height=\"1600\" srcset=\"https:\/\/iacrianca.pt\/wp-content\/uploads\/grafico.jpg 1131w, https:\/\/iacrianca.pt\/wp-content\/uploads\/grafico-212x300.jpg 212w, https:\/\/iacrianca.pt\/wp-content\/uploads\/grafico-724x1024.jpg 724w, https:\/\/iacrianca.pt\/wp-content\/uploads\/grafico-768x1086.jpg 768w, https:\/\/iacrianca.pt\/wp-content\/uploads\/grafico-1086x1536.jpg 1086w\" sizes=\"(max-width: 1131px) 100vw, 1131px\" \/><\/p>\n<p style=\"text-align: center;\"><strong>Infogr\u00e1fico Linha SOS Crian\u00e7a Desaparecida 116000\u00a0<\/strong><\/p>\n<p><img decoding=\"async\" class=\"alignnone wp-image-22008 size-full\" src=\"https:\/\/iacrianca.pt\/wp-content\/uploads\/infografico116000-maio24.jpg\" alt=\"\" width=\"932\" height=\"1600\" srcset=\"https:\/\/iacrianca.pt\/wp-content\/uploads\/infografico116000-maio24.jpg 932w, https:\/\/iacrianca.pt\/wp-content\/uploads\/infografico116000-maio24-175x300.jpg 175w, https:\/\/iacrianca.pt\/wp-content\/uploads\/infografico116000-maio24-596x1024.jpg 596w, https:\/\/iacrianca.pt\/wp-content\/uploads\/infografico116000-maio24-768x1318.jpg 768w, https:\/\/iacrianca.pt\/wp-content\/uploads\/infografico116000-maio24-895x1536.jpg 895w\" sizes=\"(max-width: 932px) 100vw, 932px\" \/><\/p>\n","protected":false},"excerpt":{"rendered":"<p>Nota de Imprensa O dia 25 de maio foi assinalado pela primeira vez como o Dia Internacional das Crian\u00e7as Desaparecidas (IMCD) em 2001 em Bruxelas e assinalou-se pela primeira vez em Portugal, por iniciativa do IAC (Instituto de Apoio \u00e0 Crian\u00e7a) a 25 de maio de 2004. O SOS Crian\u00e7a Desaparecida do IAC disponibilizava nessa&hellip;<\/p>\n","protected":false},"author":2,"featured_media":7722,"comment_status":"closed","ping_status":"open","sticky":false,"template":"","format":"standard","meta":{"_acf_changed":false,"footnotes":""},"categories":[1],"tags":[],"class_list":["post-21977","post","type-post","status-publish","format-standard","has-post-thumbnail","hentry","category-noticias","category-1","description-off"],"acf":[],"yoast_head":"<!-- This site is optimized with the Yoast SEO plugin v27.5 - https:\/\/yoast.com\/product\/yoast-seo-wordpress\/ -->\n<title>Dia Internacional das Crian\u00e7as Desaparecidas - 25 de maio | Instituto de Apoio \u00e0 Crian\u00e7a<\/title>\n<meta name=\"robots\" content=\"index, follow, max-snippet:-1, max-image-preview:large, max-video-preview:-1\" \/>\n<link rel=\"canonical\" href=\"https:\/\/iacrianca.pt\/en\/2024\/05\/dia-internacional-das-criancas-desaparecidas-25-de-maio-3\/\" \/>\n<meta property=\"og:locale\" content=\"en_US\" \/>\n<meta property=\"og:type\" content=\"article\" \/>\n<meta property=\"og:title\" content=\"Dia Internacional das Crian\u00e7as Desaparecidas - 25 de maio | Instituto de Apoio \u00e0 Crian\u00e7a\" \/>\n<meta property=\"og:description\" content=\"Nota de Imprensa O dia 25 de maio foi assinalado pela primeira vez como o Dia Internacional das Crian\u00e7as Desaparecidas (IMCD) em 2001 em Bruxelas e assinalou-se pela primeira vez em Portugal, por iniciativa do IAC (Instituto de Apoio \u00e0 Crian\u00e7a) a 25 de maio de 2004. O SOS Crian\u00e7a Desaparecida do IAC disponibilizava nessa&hellip;\" \/>\n<meta property=\"og:url\" content=\"https:\/\/iacrianca.pt\/en\/2024\/05\/dia-internacional-das-criancas-desaparecidas-25-de-maio-3\/\" \/>\n<meta property=\"og:site_name\" content=\"Instituto de Apoio \u00e0 Crian\u00e7a\" \/>\n<meta property=\"article:publisher\" content=\"https:\/\/www.facebook.com\/iacinstitutodeapoioacrianca\" \/>\n<meta property=\"article:published_time\" content=\"2024-05-23T14:50:11+00:00\" \/>\n<meta property=\"og:image\" content=\"https:\/\/iacrianca.pt\/wp-content\/uploads\/2021\/05\/thumbnail_May25-horizontal-01.png\" \/>\n\t<meta property=\"og:image:width\" content=\"1280\" \/>\n\t<meta property=\"og:image:height\" content=\"475\" \/>\n\t<meta property=\"og:image:type\" content=\"image\/png\" \/>\n<meta name=\"author\" content=\"Administra\u00e7\u00e3o IAC\" \/>\n<meta name=\"twitter:card\" content=\"summary_large_image\" \/>\n<meta name=\"twitter:creator\" content=\"@iacapoiocrianca\" \/>\n<meta name=\"twitter:site\" content=\"@iacapoiocrianca\" \/>\n<meta name=\"twitter:label1\" content=\"Written by\" \/>\n\t<meta name=\"twitter:data1\" content=\"Administra\u00e7\u00e3o IAC\" \/>\n\t<meta name=\"twitter:label2\" content=\"Est. reading time\" \/>\n\t<meta name=\"twitter:data2\" content=\"4 minutes\" \/>\n<script type=\"application\/ld+json\" class=\"yoast-schema-graph\">{\"@context\":\"https:\\\/\\\/schema.org\",\"@graph\":[{\"@type\":\"Article\",\"@id\":\"https:\\\/\\\/iacrianca.pt\\\/en\\\/2024\\\/05\\\/dia-internacional-das-criancas-desaparecidas-25-de-maio-3\\\/#article\",\"isPartOf\":{\"@id\":\"https:\\\/\\\/iacrianca.pt\\\/en\\\/2024\\\/05\\\/dia-internacional-das-criancas-desaparecidas-25-de-maio-3\\\/\"},\"author\":{\"name\":\"Administra\u00e7\u00e3o IAC\",\"@id\":\"https:\\\/\\\/iacrianca.pt\\\/en\\\/#\\\/schema\\\/person\\\/1c48c6e4b70d0dc7360e4b28ceaa5f6b\"},\"headline\":\"Dia Internacional das Crian\u00e7as Desaparecidas &#8211; 25 de maio\",\"datePublished\":\"2024-05-23T14:50:11+00:00\",\"mainEntityOfPage\":{\"@id\":\"https:\\\/\\\/iacrianca.pt\\\/en\\\/2024\\\/05\\\/dia-internacional-das-criancas-desaparecidas-25-de-maio-3\\\/\"},\"wordCount\":550,\"publisher\":{\"@id\":\"https:\\\/\\\/iacrianca.pt\\\/en\\\/#organization\"},\"image\":{\"@id\":\"https:\\\/\\\/iacrianca.pt\\\/en\\\/2024\\\/05\\\/dia-internacional-das-criancas-desaparecidas-25-de-maio-3\\\/#primaryimage\"},\"thumbnailUrl\":\"https:\\\/\\\/iacrianca.pt\\\/wp-content\\\/uploads\\\/2021\\\/05\\\/thumbnail_May25-horizontal-01.png\",\"articleSection\":[\"Not\u00edcias\"],\"inLanguage\":\"en-US\"},{\"@type\":\"WebPage\",\"@id\":\"https:\\\/\\\/iacrianca.pt\\\/en\\\/2024\\\/05\\\/dia-internacional-das-criancas-desaparecidas-25-de-maio-3\\\/\",\"url\":\"https:\\\/\\\/iacrianca.pt\\\/en\\\/2024\\\/05\\\/dia-internacional-das-criancas-desaparecidas-25-de-maio-3\\\/\",\"name\":\"Dia Internacional das Crian\u00e7as Desaparecidas - 25 de maio | Instituto de Apoio \u00e0 Crian\u00e7a\",\"isPartOf\":{\"@id\":\"https:\\\/\\\/iacrianca.pt\\\/en\\\/#website\"},\"primaryImageOfPage\":{\"@id\":\"https:\\\/\\\/iacrianca.pt\\\/en\\\/2024\\\/05\\\/dia-internacional-das-criancas-desaparecidas-25-de-maio-3\\\/#primaryimage\"},\"image\":{\"@id\":\"https:\\\/\\\/iacrianca.pt\\\/en\\\/2024\\\/05\\\/dia-internacional-das-criancas-desaparecidas-25-de-maio-3\\\/#primaryimage\"},\"thumbnailUrl\":\"https:\\\/\\\/iacrianca.pt\\\/wp-content\\\/uploads\\\/2021\\\/05\\\/thumbnail_May25-horizontal-01.png\",\"datePublished\":\"2024-05-23T14:50:11+00:00\",\"breadcrumb\":{\"@id\":\"https:\\\/\\\/iacrianca.pt\\\/en\\\/2024\\\/05\\\/dia-internacional-das-criancas-desaparecidas-25-de-maio-3\\\/#breadcrumb\"},\"inLanguage\":\"en-US\",\"potentialAction\":[{\"@type\":\"ReadAction\",\"target\":[\"https:\\\/\\\/iacrianca.pt\\\/en\\\/2024\\\/05\\\/dia-internacional-das-criancas-desaparecidas-25-de-maio-3\\\/\"]}]},{\"@type\":\"ImageObject\",\"inLanguage\":\"en-US\",\"@id\":\"https:\\\/\\\/iacrianca.pt\\\/en\\\/2024\\\/05\\\/dia-internacional-das-criancas-desaparecidas-25-de-maio-3\\\/#primaryimage\",\"url\":\"https:\\\/\\\/iacrianca.pt\\\/wp-content\\\/uploads\\\/2021\\\/05\\\/thumbnail_May25-horizontal-01.png\",\"contentUrl\":\"https:\\\/\\\/iacrianca.pt\\\/wp-content\\\/uploads\\\/2021\\\/05\\\/thumbnail_May25-horizontal-01.png\",\"width\":1280,\"height\":475},{\"@type\":\"BreadcrumbList\",\"@id\":\"https:\\\/\\\/iacrianca.pt\\\/en\\\/2024\\\/05\\\/dia-internacional-das-criancas-desaparecidas-25-de-maio-3\\\/#breadcrumb\",\"itemListElement\":[{\"@type\":\"ListItem\",\"position\":1,\"name\":\"In\u00edcio\",\"item\":\"https:\\\/\\\/iacrianca.pt\\\/en\\\/\"},{\"@type\":\"ListItem\",\"position\":2,\"name\":\"Dia Internacional das Crian\u00e7as Desaparecidas &#8211; 25 de maio\"}]},{\"@type\":\"WebSite\",\"@id\":\"https:\\\/\\\/iacrianca.pt\\\/en\\\/#website\",\"url\":\"https:\\\/\\\/iacrianca.pt\\\/en\\\/\",\"name\":\"Instituto de Apoio \u00e0 Crian\u00e7a\",\"description\":\"Desde 1983 na defesa e promo\u00e7\u00e3o dos direitos da crian\u00e7a\",\"publisher\":{\"@id\":\"https:\\\/\\\/iacrianca.pt\\\/en\\\/#organization\"},\"potentialAction\":[{\"@type\":\"SearchAction\",\"target\":{\"@type\":\"EntryPoint\",\"urlTemplate\":\"https:\\\/\\\/iacrianca.pt\\\/en\\\/?s={search_term_string}\"},\"query-input\":{\"@type\":\"PropertyValueSpecification\",\"valueRequired\":true,\"valueName\":\"search_term_string\"}}],\"inLanguage\":\"en-US\"},{\"@type\":\"Organization\",\"@id\":\"https:\\\/\\\/iacrianca.pt\\\/en\\\/#organization\",\"name\":\"Instituto de Apoio \u00e0 Crian\u00e7a\",\"url\":\"https:\\\/\\\/iacrianca.pt\\\/en\\\/\",\"logo\":{\"@type\":\"ImageObject\",\"inLanguage\":\"en-US\",\"@id\":\"https:\\\/\\\/iacrianca.pt\\\/en\\\/#\\\/schema\\\/logo\\\/image\\\/\",\"url\":\"https:\\\/\\\/iacrianca.pt\\\/wp-content\\\/uploads\\\/2020\\\/04\\\/logo-iac-SD.jpg\",\"contentUrl\":\"https:\\\/\\\/iacrianca.pt\\\/wp-content\\\/uploads\\\/2020\\\/04\\\/logo-iac-SD.jpg\",\"width\":152,\"height\":73,\"caption\":\"Instituto de Apoio \u00e0 Crian\u00e7a\"},\"image\":{\"@id\":\"https:\\\/\\\/iacrianca.pt\\\/en\\\/#\\\/schema\\\/logo\\\/image\\\/\"},\"sameAs\":[\"https:\\\/\\\/www.facebook.com\\\/iacinstitutodeapoioacrianca\",\"https:\\\/\\\/x.com\\\/iacapoiocrianca\",\"https:\\\/\\\/www.youtube.com\\\/channel\\\/UC0jjfZ_xkN_59gJf_RQ-ZnQ\",\"https:\\\/\\\/www.linkedin.com\\\/company\\\/instituto-de-apoio--criana\\\/\",\"https:\\\/\\\/www.instagram.com\\\/iacinstitutodeapoioacrianca\\\/\",\"https:\\\/\\\/criancasatortoeadireitos.wordpress.com\\\/\"]},{\"@type\":\"Person\",\"@id\":\"https:\\\/\\\/iacrianca.pt\\\/en\\\/#\\\/schema\\\/person\\\/1c48c6e4b70d0dc7360e4b28ceaa5f6b\",\"name\":\"Administra\u00e7\u00e3o IAC\",\"image\":{\"@type\":\"ImageObject\",\"inLanguage\":\"en-US\",\"@id\":\"https:\\\/\\\/secure.gravatar.com\\\/avatar\\\/60b998c71de37dcc1398fc6d48c6b5ed7533e3ceec837c948055f072e3158ff1?s=96&d=mm&r=g\",\"url\":\"https:\\\/\\\/secure.gravatar.com\\\/avatar\\\/60b998c71de37dcc1398fc6d48c6b5ed7533e3ceec837c948055f072e3158ff1?s=96&d=mm&r=g\",\"contentUrl\":\"https:\\\/\\\/secure.gravatar.com\\\/avatar\\\/60b998c71de37dcc1398fc6d48c6b5ed7533e3ceec837c948055f072e3158ff1?s=96&d=mm&r=g\",\"caption\":\"Administra\u00e7\u00e3o IAC\"}}]}<\/script>\n<!-- \/ Yoast SEO plugin. -->","yoast_head_json":{"title":"Dia Internacional das Crian\u00e7as Desaparecidas - 25 de maio | Instituto de Apoio \u00e0 Crian\u00e7a","robots":{"index":"index","follow":"follow","max-snippet":"max-snippet:-1","max-image-preview":"max-image-preview:large","max-video-preview":"max-video-preview:-1"},"canonical":"https:\/\/iacrianca.pt\/en\/2024\/05\/dia-internacional-das-criancas-desaparecidas-25-de-maio-3\/","og_locale":"en_US","og_type":"article","og_title":"Dia Internacional das Crian\u00e7as Desaparecidas - 25 de maio | Instituto de Apoio \u00e0 Crian\u00e7a","og_description":"Nota de Imprensa O dia 25 de maio foi assinalado pela primeira vez como o Dia Internacional das Crian\u00e7as Desaparecidas (IMCD) em 2001 em Bruxelas e assinalou-se pela primeira vez em Portugal, por iniciativa do IAC (Instituto de Apoio \u00e0 Crian\u00e7a) a 25 de maio de 2004. O SOS Crian\u00e7a Desaparecida do IAC disponibilizava nessa&hellip;","og_url":"https:\/\/iacrianca.pt\/en\/2024\/05\/dia-internacional-das-criancas-desaparecidas-25-de-maio-3\/","og_site_name":"Instituto de Apoio \u00e0 Crian\u00e7a","article_publisher":"https:\/\/www.facebook.com\/iacinstitutodeapoioacrianca","article_published_time":"2024-05-23T14:50:11+00:00","og_image":[{"width":1280,"height":475,"url":"https:\/\/iacrianca.pt\/wp-content\/uploads\/2021\/05\/thumbnail_May25-horizontal-01.png","type":"image\/png"}],"author":"Administra\u00e7\u00e3o IAC","twitter_card":"summary_large_image","twitter_creator":"@iacapoiocrianca","twitter_site":"@iacapoiocrianca","twitter_misc":{"Written by":"Administra\u00e7\u00e3o IAC","Est. reading time":"4 minutes"},"schema":{"@context":"https:\/\/schema.org","@graph":[{"@type":"Article","@id":"https:\/\/iacrianca.pt\/en\/2024\/05\/dia-internacional-das-criancas-desaparecidas-25-de-maio-3\/#article","isPartOf":{"@id":"https:\/\/iacrianca.pt\/en\/2024\/05\/dia-internacional-das-criancas-desaparecidas-25-de-maio-3\/"},"author":{"name":"Administra\u00e7\u00e3o IAC","@id":"https:\/\/iacrianca.pt\/en\/#\/schema\/person\/1c48c6e4b70d0dc7360e4b28ceaa5f6b"},"headline":"Dia Internacional das Crian\u00e7as Desaparecidas &#8211; 25 de maio","datePublished":"2024-05-23T14:50:11+00:00","mainEntityOfPage":{"@id":"https:\/\/iacrianca.pt\/en\/2024\/05\/dia-internacional-das-criancas-desaparecidas-25-de-maio-3\/"},"wordCount":550,"publisher":{"@id":"https:\/\/iacrianca.pt\/en\/#organization"},"image":{"@id":"https:\/\/iacrianca.pt\/en\/2024\/05\/dia-internacional-das-criancas-desaparecidas-25-de-maio-3\/#primaryimage"},"thumbnailUrl":"https:\/\/iacrianca.pt\/wp-content\/uploads\/2021\/05\/thumbnail_May25-horizontal-01.png","articleSection":["Not\u00edcias"],"inLanguage":"en-US"},{"@type":"WebPage","@id":"https:\/\/iacrianca.pt\/en\/2024\/05\/dia-internacional-das-criancas-desaparecidas-25-de-maio-3\/","url":"https:\/\/iacrianca.pt\/en\/2024\/05\/dia-internacional-das-criancas-desaparecidas-25-de-maio-3\/","name":"Dia Internacional das Crian\u00e7as Desaparecidas - 25 de maio | Instituto de Apoio \u00e0 Crian\u00e7a","isPartOf":{"@id":"https:\/\/iacrianca.pt\/en\/#website"},"primaryImageOfPage":{"@id":"https:\/\/iacrianca.pt\/en\/2024\/05\/dia-internacional-das-criancas-desaparecidas-25-de-maio-3\/#primaryimage"},"image":{"@id":"https:\/\/iacrianca.pt\/en\/2024\/05\/dia-internacional-das-criancas-desaparecidas-25-de-maio-3\/#primaryimage"},"thumbnailUrl":"https:\/\/iacrianca.pt\/wp-content\/uploads\/2021\/05\/thumbnail_May25-horizontal-01.png","datePublished":"2024-05-23T14:50:11+00:00","breadcrumb":{"@id":"https:\/\/iacrianca.pt\/en\/2024\/05\/dia-internacional-das-criancas-desaparecidas-25-de-maio-3\/#breadcrumb"},"inLanguage":"en-US","potentialAction":[{"@type":"ReadAction","target":["https:\/\/iacrianca.pt\/en\/2024\/05\/dia-internacional-das-criancas-desaparecidas-25-de-maio-3\/"]}]},{"@type":"ImageObject","inLanguage":"en-US","@id":"https:\/\/iacrianca.pt\/en\/2024\/05\/dia-internacional-das-criancas-desaparecidas-25-de-maio-3\/#primaryimage","url":"https:\/\/iacrianca.pt\/wp-content\/uploads\/2021\/05\/thumbnail_May25-horizontal-01.png","contentUrl":"https:\/\/iacrianca.pt\/wp-content\/uploads\/2021\/05\/thumbnail_May25-horizontal-01.png","width":1280,"height":475},{"@type":"BreadcrumbList","@id":"https:\/\/iacrianca.pt\/en\/2024\/05\/dia-internacional-das-criancas-desaparecidas-25-de-maio-3\/#breadcrumb","itemListElement":[{"@type":"ListItem","position":1,"name":"In\u00edcio","item":"https:\/\/iacrianca.pt\/en\/"},{"@type":"ListItem","position":2,"name":"Dia Internacional das Crian\u00e7as Desaparecidas &#8211; 25 de maio"}]},{"@type":"WebSite","@id":"https:\/\/iacrianca.pt\/en\/#website","url":"https:\/\/iacrianca.pt\/en\/","name":"Instituto de Apoio \u00e0 Crian\u00e7a","description":"Desde 1983 na defesa e promo\u00e7\u00e3o dos direitos da crian\u00e7a","publisher":{"@id":"https:\/\/iacrianca.pt\/en\/#organization"},"potentialAction":[{"@type":"SearchAction","target":{"@type":"EntryPoint","urlTemplate":"https:\/\/iacrianca.pt\/en\/?s={search_term_string}"},"query-input":{"@type":"PropertyValueSpecification","valueRequired":true,"valueName":"search_term_string"}}],"inLanguage":"en-US"},{"@type":"Organization","@id":"https:\/\/iacrianca.pt\/en\/#organization","name":"Instituto de Apoio \u00e0 Crian\u00e7a","url":"https:\/\/iacrianca.pt\/en\/","logo":{"@type":"ImageObject","inLanguage":"en-US","@id":"https:\/\/iacrianca.pt\/en\/#\/schema\/logo\/image\/","url":"https:\/\/iacrianca.pt\/wp-content\/uploads\/2020\/04\/logo-iac-SD.jpg","contentUrl":"https:\/\/iacrianca.pt\/wp-content\/uploads\/2020\/04\/logo-iac-SD.jpg","width":152,"height":73,"caption":"Instituto de Apoio \u00e0 Crian\u00e7a"},"image":{"@id":"https:\/\/iacrianca.pt\/en\/#\/schema\/logo\/image\/"},"sameAs":["https:\/\/www.facebook.com\/iacinstitutodeapoioacrianca","https:\/\/x.com\/iacapoiocrianca","https:\/\/www.youtube.com\/channel\/UC0jjfZ_xkN_59gJf_RQ-ZnQ","https:\/\/www.linkedin.com\/company\/instituto-de-apoio--criana\/","https:\/\/www.instagram.com\/iacinstitutodeapoioacrianca\/","https:\/\/criancasatortoeadireitos.wordpress.com\/"]},{"@type":"Person","@id":"https:\/\/iacrianca.pt\/en\/#\/schema\/person\/1c48c6e4b70d0dc7360e4b28ceaa5f6b","name":"Administra\u00e7\u00e3o IAC","image":{"@type":"ImageObject","inLanguage":"en-US","@id":"https:\/\/secure.gravatar.com\/avatar\/60b998c71de37dcc1398fc6d48c6b5ed7533e3ceec837c948055f072e3158ff1?s=96&d=mm&r=g","url":"https:\/\/secure.gravatar.com\/avatar\/60b998c71de37dcc1398fc6d48c6b5ed7533e3ceec837c948055f072e3158ff1?s=96&d=mm&r=g","contentUrl":"https:\/\/secure.gravatar.com\/avatar\/60b998c71de37dcc1398fc6d48c6b5ed7533e3ceec837c948055f072e3158ff1?s=96&d=mm&r=g","caption":"Administra\u00e7\u00e3o IAC"}}]}},"_links":{"self":[{"href":"https:\/\/iacrianca.pt\/en\/wp-json\/wp\/v2\/posts\/21977","targetHints":{"allow":["GET"]}}],"collection":[{"href":"https:\/\/iacrianca.pt\/en\/wp-json\/wp\/v2\/posts"}],"about":[{"href":"https:\/\/iacrianca.pt\/en\/wp-json\/wp\/v2\/types\/post"}],"author":[{"embeddable":true,"href":"https:\/\/iacrianca.pt\/en\/wp-json\/wp\/v2\/users\/2"}],"replies":[{"embeddable":true,"href":"https:\/\/iacrianca.pt\/en\/wp-json\/wp\/v2\/comments?post=21977"}],"version-history":[{"count":0,"href":"https:\/\/iacrianca.pt\/en\/wp-json\/wp\/v2\/posts\/21977\/revisions"}],"wp:featuredmedia":[{"embeddable":true,"href":"https:\/\/iacrianca.pt\/en\/wp-json\/wp\/v2\/media\/7722"}],"wp:attachment":[{"href":"https:\/\/iacrianca.pt\/en\/wp-json\/wp\/v2\/media?parent=21977"}],"wp:term":[{"taxonomy":"category","embeddable":true,"href":"https:\/\/iacrianca.pt\/en\/wp-json\/wp\/v2\/categories?post=21977"},{"taxonomy":"post_tag","embeddable":true,"href":"https:\/\/iacrianca.pt\/en\/wp-json\/wp\/v2\/tags?post=21977"}],"curies":[{"name":"wp","href":"https:\/\/api.w.org\/{rel}","templated":true}]}}