{"id":22071,"date":"2024-05-31T14:46:52","date_gmt":"2024-05-31T13:46:52","guid":{"rendered":"https:\/\/iacrianca.pt\/?p=22071"},"modified":"2024-05-31T14:52:45","modified_gmt":"2024-05-31T13:52:45","slug":"o-iac-polo-de-coimbra-na-promocao-do-direito-de-brincar","status":"publish","type":"post","link":"https:\/\/iacrianca.pt\/en\/2024\/05\/o-iac-polo-de-coimbra-na-promocao-do-direito-de-brincar\/","title":{"rendered":"O IAC \u2013 Polo de Coimbra na promo\u00e7\u00e3o do Direito a Brincar"},"content":{"rendered":"<p>O Instituto de Apoio \u00e0 Crian\u00e7a (IAC), criado em 1983 com o objetivo fundamental do desenvolvimento integral da Crian\u00e7a e a Defesa dos seus Direitos, tem procurado ajudar a cumprir o \u201cDireito de Brincar\u201d consagrado no artigo 31\u00ba da Conven\u00e7\u00e3o sobre os Direitos da Crian\u00e7a. \u00c9 convic\u00e7\u00e3o do IAC que a promo\u00e7\u00e3o deste Direito conduz a um crescimento equilibrado e feliz, j\u00e1 que atrav\u00e9s do Brincar a Crian\u00e7a atribui significados, comunica, compreende os outros, aprende a respeitar regras, inventa, constr\u00f3i vezes sem fim, numa reconstru\u00e7\u00e3o permanente.<\/p>\n<p>A dia 16 de maio, a equipa do Polo de Coimbra dinamizou uma oficina de jogos tradicionais no Centro N\u00aa Sr\u00aa da Anuncia\u00e7\u00e3o (C\u00e1ritas Diocesana de Coimbra), dirigida a 65 crian\u00e7as. Para al\u00e9m de promover o direito de brincar, esta atividade possibilitou a recria\u00e7\u00e3o de alguns dos jogos tradicionais portugueses, adaptados \u00e0s idades dos participantes e proporcionou um momento de felicidade \u00e0s crian\u00e7as deste Jardim de Inf\u00e2ncia.<\/p>\n<p>O IAC organizou o Col\u00f3quio \u201cBrincar e Modos de Ser Crian\u00e7a, Ludicidade e Bem-estar\u201d, que teve lugar no dia 22 de maio, no Semin\u00e1rio Maior, em Coimbra, entre as 14h e as 18h15 com a presen\u00e7a de 58 participantes. Neste Col\u00f3quio foi poss\u00edvel refletir sobre o BRINCAR como direito das crian\u00e7as, como express\u00e3o do seu modo de ser e estar, e como estrat\u00e9gia cientificamente fundamentada de educa\u00e7\u00e3o e de integra\u00e7\u00e3o social; abordar a import\u00e2ncia do l\u00fadico em diferentes contextos de acolhimento, familiares e sociais, nomeadamente casas de acolhimento residencial, servi\u00e7os de sa\u00fade, escolas, servi\u00e7os prisionais e comunidade em geral. Em cada uma destas \u00e1reas, foi dada voz a peritos e a projetos que, partindo do brincar e da ludicidade, abordaram temas como a promo\u00e7\u00e3o da recupera\u00e7\u00e3o e resili\u00eancia, a humaniza\u00e7\u00e3o em sa\u00fade, a promo\u00e7\u00e3o da intergeracionalidade, a integra\u00e7\u00e3o de migrantes e a interven\u00e7\u00e3o no \u00e2mbito das necessidades espec\u00edficas de educa\u00e7\u00e3o, sempre com o foco na promo\u00e7\u00e3o do bem-estar da crian\u00e7a e do jovem. Este momento formativo deu destaque a diversos projetos e pr\u00e1ticas pedag\u00f3gicas baseadas nas potencialidades educativas da atividade l\u00fadica e fomentou o conhecimento m\u00fatuo e o di\u00e1logo prof\u00edcuo entre pessoas, grupos e institui\u00e7\u00f5es, que reconhecem e valorizam o l\u00fadico no desenvolvimento saud\u00e1vel da Crian\u00e7a.<\/p>\n<p>Para assinalar o Dia Internacional do Brincar, dia 28 de maio, realizou-se a d\u00e9cima segunda edi\u00e7\u00e3o do Projeto \u201cCoimbra a Brincar\u201d, projeto de promo\u00e7\u00e3o da atividade l\u00fadica para todos os p\u00fablicos, promovido pela Associa\u00e7\u00e3o de Paralisia Cerebral de Coimbra (APCC), e no qual o IAC-Polo de Coimbra participa desde a sua primeira edi\u00e7\u00e3o. Estivemos presentes na parada oficial do evento, no dia 15 de maio e no dia 28 de maio participamos com materiais l\u00fadicos, o jogo gigante e o puzzle dos \u201cDireitos da Crian\u00e7a\u201d, que a editora Ideias com Hist\u00f3rias desenvolveu em parceria com o IAC. Com esta iniciativa o IAC-Polo de Coimbra pretendeu dar a conhecer \u00e0 comunidade em geral uma das suas formas de interven\u00e7\u00e3o na miss\u00e3o de apoio \u00e0s crian\u00e7as, jovens e fam\u00edlias em situa\u00e7\u00e3o de maior vulnerabilidade em contexto de comunidades adversas. Foi um evento \u201cluminoso\u201d, muito animado e participativo, com in\u00fameras visitas de Crian\u00e7as de Jardins de Inf\u00e2ncia e Primeiro Ciclo \u2013 tivemos uma participa\u00e7\u00e3o direta de 97 crian\u00e7as e 21 adultos, que com muita alegria e criatividade, concretizaram-se alguns dos objetivos da nossa participa\u00e7\u00e3o neste evento: sensibilizar para a<\/p>\n<p>import\u00e2ncia do Brincar, potenciar a liberdade de brincar e criar recorda\u00e7\u00f5es e momentos de partilha.<\/p>\n<p><img fetchpriority=\"high\" decoding=\"async\" class=\"alignnone wp-image-22072 size-full\" src=\"https:\/\/iacrianca.pt\/wp-content\/uploads\/direito-brincar1.jpg\" alt=\"\" width=\"1200\" height=\"1600\" srcset=\"https:\/\/iacrianca.pt\/wp-content\/uploads\/direito-brincar1.jpg 1200w, https:\/\/iacrianca.pt\/wp-content\/uploads\/direito-brincar1-225x300.jpg 225w, https:\/\/iacrianca.pt\/wp-content\/uploads\/direito-brincar1-768x1024.jpg 768w, https:\/\/iacrianca.pt\/wp-content\/uploads\/direito-brincar1-1152x1536.jpg 1152w\" sizes=\"(max-width: 1200px) 100vw, 1200px\" \/> <img decoding=\"async\" class=\"alignnone wp-image-22074 size-full\" src=\"https:\/\/iacrianca.pt\/wp-content\/uploads\/direito-brincar2.jpg\" alt=\"\" width=\"1200\" height=\"1600\" srcset=\"https:\/\/iacrianca.pt\/wp-content\/uploads\/direito-brincar2.jpg 1200w, https:\/\/iacrianca.pt\/wp-content\/uploads\/direito-brincar2-225x300.jpg 225w, https:\/\/iacrianca.pt\/wp-content\/uploads\/direito-brincar2-768x1024.jpg 768w, https:\/\/iacrianca.pt\/wp-content\/uploads\/direito-brincar2-1152x1536.jpg 1152w\" sizes=\"(max-width: 1200px) 100vw, 1200px\" \/> <img decoding=\"async\" class=\"alignnone wp-image-22076 size-full\" src=\"https:\/\/iacrianca.pt\/wp-content\/uploads\/direito-brincar5.jpg\" alt=\"\" width=\"1500\" height=\"2000\" srcset=\"https:\/\/iacrianca.pt\/wp-content\/uploads\/direito-brincar5.jpg 1500w, https:\/\/iacrianca.pt\/wp-content\/uploads\/direito-brincar5-225x300.jpg 225w, https:\/\/iacrianca.pt\/wp-content\/uploads\/direito-brincar5-768x1024.jpg 768w, https:\/\/iacrianca.pt\/wp-content\/uploads\/direito-brincar5-1152x1536.jpg 1152w\" sizes=\"(max-width: 1500px) 100vw, 1500px\" \/> <img loading=\"lazy\" decoding=\"async\" class=\"alignnone wp-image-22078 size-full\" src=\"https:\/\/iacrianca.pt\/wp-content\/uploads\/direito-brincar7.jpg\" alt=\"\" width=\"1600\" height=\"1204\" srcset=\"https:\/\/iacrianca.pt\/wp-content\/uploads\/direito-brincar7.jpg 1600w, https:\/\/iacrianca.pt\/wp-content\/uploads\/direito-brincar7-300x226.jpg 300w, https:\/\/iacrianca.pt\/wp-content\/uploads\/direito-brincar7-1024x771.jpg 1024w, https:\/\/iacrianca.pt\/wp-content\/uploads\/direito-brincar7-768x578.jpg 768w, https:\/\/iacrianca.pt\/wp-content\/uploads\/direito-brincar7-1536x1156.jpg 1536w\" sizes=\"(max-width: 1600px) 100vw, 1600px\" \/> <img loading=\"lazy\" decoding=\"async\" class=\"alignnone wp-image-22080 size-full\" src=\"https:\/\/iacrianca.pt\/wp-content\/uploads\/direito-brincar8.jpg\" alt=\"\" width=\"2040\" height=\"1536\" srcset=\"https:\/\/iacrianca.pt\/wp-content\/uploads\/direito-brincar8.jpg 2040w, https:\/\/iacrianca.pt\/wp-content\/uploads\/direito-brincar8-300x226.jpg 300w, https:\/\/iacrianca.pt\/wp-content\/uploads\/direito-brincar8-1024x771.jpg 1024w, https:\/\/iacrianca.pt\/wp-content\/uploads\/direito-brincar8-768x578.jpg 768w, https:\/\/iacrianca.pt\/wp-content\/uploads\/direito-brincar8-1536x1157.jpg 1536w\" sizes=\"(max-width: 2040px) 100vw, 2040px\" \/><\/p>\n<p><img loading=\"lazy\" decoding=\"async\" class=\"alignnone wp-image-22082 size-full\" src=\"https:\/\/iacrianca.pt\/wp-content\/uploads\/thumbnail-direito-brincar3.jpg\" alt=\"\" width=\"1440\" height=\"1920\" srcset=\"https:\/\/iacrianca.pt\/wp-content\/uploads\/thumbnail-direito-brincar3.jpg 1440w, https:\/\/iacrianca.pt\/wp-content\/uploads\/thumbnail-direito-brincar3-225x300.jpg 225w, https:\/\/iacrianca.pt\/wp-content\/uploads\/thumbnail-direito-brincar3-768x1024.jpg 768w, https:\/\/iacrianca.pt\/wp-content\/uploads\/thumbnail-direito-brincar3-1152x1536.jpg 1152w\" sizes=\"(max-width: 1440px) 100vw, 1440px\" \/> <img loading=\"lazy\" decoding=\"async\" class=\"alignnone wp-image-22084 size-full\" src=\"https:\/\/iacrianca.pt\/wp-content\/uploads\/thumbnail-direito-brincar4.jpg\" alt=\"\" width=\"1920\" height=\"1920\" srcset=\"https:\/\/iacrianca.pt\/wp-content\/uploads\/thumbnail-direito-brincar4.jpg 1920w, https:\/\/iacrianca.pt\/wp-content\/uploads\/thumbnail-direito-brincar4-300x300.jpg 300w, https:\/\/iacrianca.pt\/wp-content\/uploads\/thumbnail-direito-brincar4-1024x1024.jpg 1024w, https:\/\/iacrianca.pt\/wp-content\/uploads\/thumbnail-direito-brincar4-150x150.jpg 150w, https:\/\/iacrianca.pt\/wp-content\/uploads\/thumbnail-direito-brincar4-768x768.jpg 768w, https:\/\/iacrianca.pt\/wp-content\/uploads\/thumbnail-direito-brincar4-1536x1536.jpg 1536w\" sizes=\"(max-width: 1920px) 100vw, 1920px\" \/><\/p>\n","protected":false},"excerpt":{"rendered":"<p>O Instituto de Apoio \u00e0 Crian\u00e7a (IAC), criado em 1983 com o objetivo fundamental do desenvolvimento integral da Crian\u00e7a e a Defesa dos seus Direitos, tem procurado ajudar a cumprir o \u201cDireito de Brincar\u201d consagrado no artigo 31\u00ba da Conven\u00e7\u00e3o sobre os Direitos da Crian\u00e7a. \u00c9 convic\u00e7\u00e3o do IAC que a promo\u00e7\u00e3o deste Direito conduz&hellip;<\/p>\n","protected":false},"author":2,"featured_media":22066,"comment_status":"closed","ping_status":"open","sticky":false,"template":"","format":"standard","meta":{"_acf_changed":false,"footnotes":""},"categories":[63],"tags":[],"class_list":["post-22071","post","type-post","status-publish","format-standard","has-post-thumbnail","hentry","category-newsletter","category-63","description-off"],"acf":[],"yoast_head":"<!-- This site is optimized with the Yoast SEO plugin v27.5 - https:\/\/yoast.com\/product\/yoast-seo-wordpress\/ -->\n<title>O IAC \u2013 Polo de Coimbra na promo\u00e7\u00e3o do Direito a Brincar | Instituto de Apoio \u00e0 Crian\u00e7a<\/title>\n<meta name=\"robots\" content=\"index, follow, max-snippet:-1, max-image-preview:large, max-video-preview:-1\" \/>\n<link rel=\"canonical\" href=\"https:\/\/iacrianca.pt\/en\/2024\/05\/o-iac-polo-de-coimbra-na-promocao-do-direito-de-brincar\/\" \/>\n<meta property=\"og:locale\" content=\"en_US\" \/>\n<meta property=\"og:type\" content=\"article\" \/>\n<meta property=\"og:title\" content=\"O IAC \u2013 Polo de Coimbra na promo\u00e7\u00e3o do Direito a Brincar | Instituto de Apoio \u00e0 Crian\u00e7a\" \/>\n<meta property=\"og:description\" content=\"O Instituto de Apoio \u00e0 Crian\u00e7a (IAC), criado em 1983 com o objetivo fundamental do desenvolvimento integral da Crian\u00e7a e a Defesa dos seus Direitos, tem procurado ajudar a cumprir o \u201cDireito de Brincar\u201d consagrado no artigo 31\u00ba da Conven\u00e7\u00e3o sobre os Direitos da Crian\u00e7a. \u00c9 convic\u00e7\u00e3o do IAC que a promo\u00e7\u00e3o deste Direito conduz&hellip;\" \/>\n<meta property=\"og:url\" content=\"https:\/\/iacrianca.pt\/en\/2024\/05\/o-iac-polo-de-coimbra-na-promocao-do-direito-de-brincar\/\" \/>\n<meta property=\"og:site_name\" content=\"Instituto de Apoio \u00e0 Crian\u00e7a\" \/>\n<meta property=\"article:publisher\" content=\"https:\/\/www.facebook.com\/iacinstitutodeapoioacrianca\" \/>\n<meta property=\"article:published_time\" content=\"2024-05-31T13:46:52+00:00\" \/>\n<meta property=\"article:modified_time\" content=\"2024-05-31T13:52:45+00:00\" \/>\n<meta property=\"og:image\" content=\"https:\/\/iacrianca.pt\/wp-content\/uploads\/dia-mae2.jpg\" \/>\n\t<meta property=\"og:image:width\" content=\"1536\" \/>\n\t<meta property=\"og:image:height\" content=\"2048\" \/>\n\t<meta property=\"og:image:type\" content=\"image\/jpeg\" \/>\n<meta name=\"author\" content=\"Administra\u00e7\u00e3o IAC\" \/>\n<meta name=\"twitter:card\" content=\"summary_large_image\" \/>\n<meta name=\"twitter:creator\" content=\"@iacapoiocrianca\" \/>\n<meta name=\"twitter:site\" content=\"@iacapoiocrianca\" \/>\n<meta name=\"twitter:label1\" content=\"Written by\" \/>\n\t<meta name=\"twitter:data1\" content=\"Administra\u00e7\u00e3o IAC\" \/>\n\t<meta name=\"twitter:label2\" content=\"Est. reading time\" \/>\n\t<meta name=\"twitter:data2\" content=\"5 minutes\" \/>\n<script type=\"application\/ld+json\" class=\"yoast-schema-graph\">{\"@context\":\"https:\\\/\\\/schema.org\",\"@graph\":[{\"@type\":\"Article\",\"@id\":\"https:\\\/\\\/iacrianca.pt\\\/en\\\/2024\\\/05\\\/o-iac-polo-de-coimbra-na-promocao-do-direito-de-brincar\\\/#article\",\"isPartOf\":{\"@id\":\"https:\\\/\\\/iacrianca.pt\\\/en\\\/2024\\\/05\\\/o-iac-polo-de-coimbra-na-promocao-do-direito-de-brincar\\\/\"},\"author\":{\"name\":\"Administra\u00e7\u00e3o IAC\",\"@id\":\"https:\\\/\\\/iacrianca.pt\\\/en\\\/#\\\/schema\\\/person\\\/1c48c6e4b70d0dc7360e4b28ceaa5f6b\"},\"headline\":\"O IAC \u2013 Polo de Coimbra na promo\u00e7\u00e3o do Direito a Brincar\",\"datePublished\":\"2024-05-31T13:46:52+00:00\",\"dateModified\":\"2024-05-31T13:52:45+00:00\",\"mainEntityOfPage\":{\"@id\":\"https:\\\/\\\/iacrianca.pt\\\/en\\\/2024\\\/05\\\/o-iac-polo-de-coimbra-na-promocao-do-direito-de-brincar\\\/\"},\"wordCount\":635,\"publisher\":{\"@id\":\"https:\\\/\\\/iacrianca.pt\\\/en\\\/#organization\"},\"image\":{\"@id\":\"https:\\\/\\\/iacrianca.pt\\\/en\\\/2024\\\/05\\\/o-iac-polo-de-coimbra-na-promocao-do-direito-de-brincar\\\/#primaryimage\"},\"thumbnailUrl\":\"https:\\\/\\\/iacrianca.pt\\\/wp-content\\\/uploads\\\/dia-mae2.jpg\",\"articleSection\":[\"Newsletter\"],\"inLanguage\":\"en-US\"},{\"@type\":\"WebPage\",\"@id\":\"https:\\\/\\\/iacrianca.pt\\\/en\\\/2024\\\/05\\\/o-iac-polo-de-coimbra-na-promocao-do-direito-de-brincar\\\/\",\"url\":\"https:\\\/\\\/iacrianca.pt\\\/en\\\/2024\\\/05\\\/o-iac-polo-de-coimbra-na-promocao-do-direito-de-brincar\\\/\",\"name\":\"O IAC \u2013 Polo de Coimbra na promo\u00e7\u00e3o do Direito a Brincar | Instituto de Apoio \u00e0 Crian\u00e7a\",\"isPartOf\":{\"@id\":\"https:\\\/\\\/iacrianca.pt\\\/en\\\/#website\"},\"primaryImageOfPage\":{\"@id\":\"https:\\\/\\\/iacrianca.pt\\\/en\\\/2024\\\/05\\\/o-iac-polo-de-coimbra-na-promocao-do-direito-de-brincar\\\/#primaryimage\"},\"image\":{\"@id\":\"https:\\\/\\\/iacrianca.pt\\\/en\\\/2024\\\/05\\\/o-iac-polo-de-coimbra-na-promocao-do-direito-de-brincar\\\/#primaryimage\"},\"thumbnailUrl\":\"https:\\\/\\\/iacrianca.pt\\\/wp-content\\\/uploads\\\/dia-mae2.jpg\",\"datePublished\":\"2024-05-31T13:46:52+00:00\",\"dateModified\":\"2024-05-31T13:52:45+00:00\",\"breadcrumb\":{\"@id\":\"https:\\\/\\\/iacrianca.pt\\\/en\\\/2024\\\/05\\\/o-iac-polo-de-coimbra-na-promocao-do-direito-de-brincar\\\/#breadcrumb\"},\"inLanguage\":\"en-US\",\"potentialAction\":[{\"@type\":\"ReadAction\",\"target\":[\"https:\\\/\\\/iacrianca.pt\\\/en\\\/2024\\\/05\\\/o-iac-polo-de-coimbra-na-promocao-do-direito-de-brincar\\\/\"]}]},{\"@type\":\"ImageObject\",\"inLanguage\":\"en-US\",\"@id\":\"https:\\\/\\\/iacrianca.pt\\\/en\\\/2024\\\/05\\\/o-iac-polo-de-coimbra-na-promocao-do-direito-de-brincar\\\/#primaryimage\",\"url\":\"https:\\\/\\\/iacrianca.pt\\\/wp-content\\\/uploads\\\/dia-mae2.jpg\",\"contentUrl\":\"https:\\\/\\\/iacrianca.pt\\\/wp-content\\\/uploads\\\/dia-mae2.jpg\",\"width\":1536,\"height\":2048},{\"@type\":\"BreadcrumbList\",\"@id\":\"https:\\\/\\\/iacrianca.pt\\\/en\\\/2024\\\/05\\\/o-iac-polo-de-coimbra-na-promocao-do-direito-de-brincar\\\/#breadcrumb\",\"itemListElement\":[{\"@type\":\"ListItem\",\"position\":1,\"name\":\"In\u00edcio\",\"item\":\"https:\\\/\\\/iacrianca.pt\\\/en\\\/\"},{\"@type\":\"ListItem\",\"position\":2,\"name\":\"O IAC \u2013 Polo de Coimbra na promo\u00e7\u00e3o do Direito a Brincar\"}]},{\"@type\":\"WebSite\",\"@id\":\"https:\\\/\\\/iacrianca.pt\\\/en\\\/#website\",\"url\":\"https:\\\/\\\/iacrianca.pt\\\/en\\\/\",\"name\":\"Instituto de Apoio \u00e0 Crian\u00e7a\",\"description\":\"Desde 1983 na defesa e promo\u00e7\u00e3o dos direitos da crian\u00e7a\",\"publisher\":{\"@id\":\"https:\\\/\\\/iacrianca.pt\\\/en\\\/#organization\"},\"potentialAction\":[{\"@type\":\"SearchAction\",\"target\":{\"@type\":\"EntryPoint\",\"urlTemplate\":\"https:\\\/\\\/iacrianca.pt\\\/en\\\/?s={search_term_string}\"},\"query-input\":{\"@type\":\"PropertyValueSpecification\",\"valueRequired\":true,\"valueName\":\"search_term_string\"}}],\"inLanguage\":\"en-US\"},{\"@type\":\"Organization\",\"@id\":\"https:\\\/\\\/iacrianca.pt\\\/en\\\/#organization\",\"name\":\"Instituto de Apoio \u00e0 Crian\u00e7a\",\"url\":\"https:\\\/\\\/iacrianca.pt\\\/en\\\/\",\"logo\":{\"@type\":\"ImageObject\",\"inLanguage\":\"en-US\",\"@id\":\"https:\\\/\\\/iacrianca.pt\\\/en\\\/#\\\/schema\\\/logo\\\/image\\\/\",\"url\":\"https:\\\/\\\/iacrianca.pt\\\/wp-content\\\/uploads\\\/2020\\\/04\\\/logo-iac-SD.jpg\",\"contentUrl\":\"https:\\\/\\\/iacrianca.pt\\\/wp-content\\\/uploads\\\/2020\\\/04\\\/logo-iac-SD.jpg\",\"width\":152,\"height\":73,\"caption\":\"Instituto de Apoio \u00e0 Crian\u00e7a\"},\"image\":{\"@id\":\"https:\\\/\\\/iacrianca.pt\\\/en\\\/#\\\/schema\\\/logo\\\/image\\\/\"},\"sameAs\":[\"https:\\\/\\\/www.facebook.com\\\/iacinstitutodeapoioacrianca\",\"https:\\\/\\\/x.com\\\/iacapoiocrianca\",\"https:\\\/\\\/www.youtube.com\\\/channel\\\/UC0jjfZ_xkN_59gJf_RQ-ZnQ\",\"https:\\\/\\\/www.linkedin.com\\\/company\\\/instituto-de-apoio--criana\\\/\",\"https:\\\/\\\/www.instagram.com\\\/iacinstitutodeapoioacrianca\\\/\",\"https:\\\/\\\/criancasatortoeadireitos.wordpress.com\\\/\"]},{\"@type\":\"Person\",\"@id\":\"https:\\\/\\\/iacrianca.pt\\\/en\\\/#\\\/schema\\\/person\\\/1c48c6e4b70d0dc7360e4b28ceaa5f6b\",\"name\":\"Administra\u00e7\u00e3o IAC\",\"image\":{\"@type\":\"ImageObject\",\"inLanguage\":\"en-US\",\"@id\":\"https:\\\/\\\/secure.gravatar.com\\\/avatar\\\/60b998c71de37dcc1398fc6d48c6b5ed7533e3ceec837c948055f072e3158ff1?s=96&d=mm&r=g\",\"url\":\"https:\\\/\\\/secure.gravatar.com\\\/avatar\\\/60b998c71de37dcc1398fc6d48c6b5ed7533e3ceec837c948055f072e3158ff1?s=96&d=mm&r=g\",\"contentUrl\":\"https:\\\/\\\/secure.gravatar.com\\\/avatar\\\/60b998c71de37dcc1398fc6d48c6b5ed7533e3ceec837c948055f072e3158ff1?s=96&d=mm&r=g\",\"caption\":\"Administra\u00e7\u00e3o IAC\"}}]}<\/script>\n<!-- \/ Yoast SEO plugin. -->","yoast_head_json":{"title":"O IAC \u2013 Polo de Coimbra na promo\u00e7\u00e3o do Direito a Brincar | Instituto de Apoio \u00e0 Crian\u00e7a","robots":{"index":"index","follow":"follow","max-snippet":"max-snippet:-1","max-image-preview":"max-image-preview:large","max-video-preview":"max-video-preview:-1"},"canonical":"https:\/\/iacrianca.pt\/en\/2024\/05\/o-iac-polo-de-coimbra-na-promocao-do-direito-de-brincar\/","og_locale":"en_US","og_type":"article","og_title":"O IAC \u2013 Polo de Coimbra na promo\u00e7\u00e3o do Direito a Brincar | Instituto de Apoio \u00e0 Crian\u00e7a","og_description":"O Instituto de Apoio \u00e0 Crian\u00e7a (IAC), criado em 1983 com o objetivo fundamental do desenvolvimento integral da Crian\u00e7a e a Defesa dos seus Direitos, tem procurado ajudar a cumprir o \u201cDireito de Brincar\u201d consagrado no artigo 31\u00ba da Conven\u00e7\u00e3o sobre os Direitos da Crian\u00e7a. \u00c9 convic\u00e7\u00e3o do IAC que a promo\u00e7\u00e3o deste Direito conduz&hellip;","og_url":"https:\/\/iacrianca.pt\/en\/2024\/05\/o-iac-polo-de-coimbra-na-promocao-do-direito-de-brincar\/","og_site_name":"Instituto de Apoio \u00e0 Crian\u00e7a","article_publisher":"https:\/\/www.facebook.com\/iacinstitutodeapoioacrianca","article_published_time":"2024-05-31T13:46:52+00:00","article_modified_time":"2024-05-31T13:52:45+00:00","og_image":[{"width":1536,"height":2048,"url":"https:\/\/iacrianca.pt\/wp-content\/uploads\/dia-mae2.jpg","type":"image\/jpeg"}],"author":"Administra\u00e7\u00e3o IAC","twitter_card":"summary_large_image","twitter_creator":"@iacapoiocrianca","twitter_site":"@iacapoiocrianca","twitter_misc":{"Written by":"Administra\u00e7\u00e3o IAC","Est. reading time":"5 minutes"},"schema":{"@context":"https:\/\/schema.org","@graph":[{"@type":"Article","@id":"https:\/\/iacrianca.pt\/en\/2024\/05\/o-iac-polo-de-coimbra-na-promocao-do-direito-de-brincar\/#article","isPartOf":{"@id":"https:\/\/iacrianca.pt\/en\/2024\/05\/o-iac-polo-de-coimbra-na-promocao-do-direito-de-brincar\/"},"author":{"name":"Administra\u00e7\u00e3o IAC","@id":"https:\/\/iacrianca.pt\/en\/#\/schema\/person\/1c48c6e4b70d0dc7360e4b28ceaa5f6b"},"headline":"O IAC \u2013 Polo de Coimbra na promo\u00e7\u00e3o do Direito a Brincar","datePublished":"2024-05-31T13:46:52+00:00","dateModified":"2024-05-31T13:52:45+00:00","mainEntityOfPage":{"@id":"https:\/\/iacrianca.pt\/en\/2024\/05\/o-iac-polo-de-coimbra-na-promocao-do-direito-de-brincar\/"},"wordCount":635,"publisher":{"@id":"https:\/\/iacrianca.pt\/en\/#organization"},"image":{"@id":"https:\/\/iacrianca.pt\/en\/2024\/05\/o-iac-polo-de-coimbra-na-promocao-do-direito-de-brincar\/#primaryimage"},"thumbnailUrl":"https:\/\/iacrianca.pt\/wp-content\/uploads\/dia-mae2.jpg","articleSection":["Newsletter"],"inLanguage":"en-US"},{"@type":"WebPage","@id":"https:\/\/iacrianca.pt\/en\/2024\/05\/o-iac-polo-de-coimbra-na-promocao-do-direito-de-brincar\/","url":"https:\/\/iacrianca.pt\/en\/2024\/05\/o-iac-polo-de-coimbra-na-promocao-do-direito-de-brincar\/","name":"O IAC \u2013 Polo de Coimbra na promo\u00e7\u00e3o do Direito a Brincar | Instituto de Apoio \u00e0 Crian\u00e7a","isPartOf":{"@id":"https:\/\/iacrianca.pt\/en\/#website"},"primaryImageOfPage":{"@id":"https:\/\/iacrianca.pt\/en\/2024\/05\/o-iac-polo-de-coimbra-na-promocao-do-direito-de-brincar\/#primaryimage"},"image":{"@id":"https:\/\/iacrianca.pt\/en\/2024\/05\/o-iac-polo-de-coimbra-na-promocao-do-direito-de-brincar\/#primaryimage"},"thumbnailUrl":"https:\/\/iacrianca.pt\/wp-content\/uploads\/dia-mae2.jpg","datePublished":"2024-05-31T13:46:52+00:00","dateModified":"2024-05-31T13:52:45+00:00","breadcrumb":{"@id":"https:\/\/iacrianca.pt\/en\/2024\/05\/o-iac-polo-de-coimbra-na-promocao-do-direito-de-brincar\/#breadcrumb"},"inLanguage":"en-US","potentialAction":[{"@type":"ReadAction","target":["https:\/\/iacrianca.pt\/en\/2024\/05\/o-iac-polo-de-coimbra-na-promocao-do-direito-de-brincar\/"]}]},{"@type":"ImageObject","inLanguage":"en-US","@id":"https:\/\/iacrianca.pt\/en\/2024\/05\/o-iac-polo-de-coimbra-na-promocao-do-direito-de-brincar\/#primaryimage","url":"https:\/\/iacrianca.pt\/wp-content\/uploads\/dia-mae2.jpg","contentUrl":"https:\/\/iacrianca.pt\/wp-content\/uploads\/dia-mae2.jpg","width":1536,"height":2048},{"@type":"BreadcrumbList","@id":"https:\/\/iacrianca.pt\/en\/2024\/05\/o-iac-polo-de-coimbra-na-promocao-do-direito-de-brincar\/#breadcrumb","itemListElement":[{"@type":"ListItem","position":1,"name":"In\u00edcio","item":"https:\/\/iacrianca.pt\/en\/"},{"@type":"ListItem","position":2,"name":"O IAC \u2013 Polo de Coimbra na promo\u00e7\u00e3o do Direito a Brincar"}]},{"@type":"WebSite","@id":"https:\/\/iacrianca.pt\/en\/#website","url":"https:\/\/iacrianca.pt\/en\/","name":"Instituto de Apoio \u00e0 Crian\u00e7a","description":"Desde 1983 na defesa e promo\u00e7\u00e3o dos direitos da crian\u00e7a","publisher":{"@id":"https:\/\/iacrianca.pt\/en\/#organization"},"potentialAction":[{"@type":"SearchAction","target":{"@type":"EntryPoint","urlTemplate":"https:\/\/iacrianca.pt\/en\/?s={search_term_string}"},"query-input":{"@type":"PropertyValueSpecification","valueRequired":true,"valueName":"search_term_string"}}],"inLanguage":"en-US"},{"@type":"Organization","@id":"https:\/\/iacrianca.pt\/en\/#organization","name":"Instituto de Apoio \u00e0 Crian\u00e7a","url":"https:\/\/iacrianca.pt\/en\/","logo":{"@type":"ImageObject","inLanguage":"en-US","@id":"https:\/\/iacrianca.pt\/en\/#\/schema\/logo\/image\/","url":"https:\/\/iacrianca.pt\/wp-content\/uploads\/2020\/04\/logo-iac-SD.jpg","contentUrl":"https:\/\/iacrianca.pt\/wp-content\/uploads\/2020\/04\/logo-iac-SD.jpg","width":152,"height":73,"caption":"Instituto de Apoio \u00e0 Crian\u00e7a"},"image":{"@id":"https:\/\/iacrianca.pt\/en\/#\/schema\/logo\/image\/"},"sameAs":["https:\/\/www.facebook.com\/iacinstitutodeapoioacrianca","https:\/\/x.com\/iacapoiocrianca","https:\/\/www.youtube.com\/channel\/UC0jjfZ_xkN_59gJf_RQ-ZnQ","https:\/\/www.linkedin.com\/company\/instituto-de-apoio--criana\/","https:\/\/www.instagram.com\/iacinstitutodeapoioacrianca\/","https:\/\/criancasatortoeadireitos.wordpress.com\/"]},{"@type":"Person","@id":"https:\/\/iacrianca.pt\/en\/#\/schema\/person\/1c48c6e4b70d0dc7360e4b28ceaa5f6b","name":"Administra\u00e7\u00e3o IAC","image":{"@type":"ImageObject","inLanguage":"en-US","@id":"https:\/\/secure.gravatar.com\/avatar\/60b998c71de37dcc1398fc6d48c6b5ed7533e3ceec837c948055f072e3158ff1?s=96&d=mm&r=g","url":"https:\/\/secure.gravatar.com\/avatar\/60b998c71de37dcc1398fc6d48c6b5ed7533e3ceec837c948055f072e3158ff1?s=96&d=mm&r=g","contentUrl":"https:\/\/secure.gravatar.com\/avatar\/60b998c71de37dcc1398fc6d48c6b5ed7533e3ceec837c948055f072e3158ff1?s=96&d=mm&r=g","caption":"Administra\u00e7\u00e3o IAC"}}]}},"_links":{"self":[{"href":"https:\/\/iacrianca.pt\/en\/wp-json\/wp\/v2\/posts\/22071","targetHints":{"allow":["GET"]}}],"collection":[{"href":"https:\/\/iacrianca.pt\/en\/wp-json\/wp\/v2\/posts"}],"about":[{"href":"https:\/\/iacrianca.pt\/en\/wp-json\/wp\/v2\/types\/post"}],"author":[{"embeddable":true,"href":"https:\/\/iacrianca.pt\/en\/wp-json\/wp\/v2\/users\/2"}],"replies":[{"embeddable":true,"href":"https:\/\/iacrianca.pt\/en\/wp-json\/wp\/v2\/comments?post=22071"}],"version-history":[{"count":0,"href":"https:\/\/iacrianca.pt\/en\/wp-json\/wp\/v2\/posts\/22071\/revisions"}],"wp:featuredmedia":[{"embeddable":true,"href":"https:\/\/iacrianca.pt\/en\/wp-json\/wp\/v2\/media\/22066"}],"wp:attachment":[{"href":"https:\/\/iacrianca.pt\/en\/wp-json\/wp\/v2\/media?parent=22071"}],"wp:term":[{"taxonomy":"category","embeddable":true,"href":"https:\/\/iacrianca.pt\/en\/wp-json\/wp\/v2\/categories?post=22071"},{"taxonomy":"post_tag","embeddable":true,"href":"https:\/\/iacrianca.pt\/en\/wp-json\/wp\/v2\/tags?post=22071"}],"curies":[{"name":"wp","href":"https:\/\/api.w.org\/{rel}","templated":true}]}}