{"id":22408,"date":"2024-06-05T14:35:26","date_gmt":"2024-06-05T13:35:26","guid":{"rendered":"https:\/\/iacrianca.pt\/?p=22408"},"modified":"2025-09-03T15:06:06","modified_gmt":"2025-09-03T14:06:06","slug":"feira-das-profissoes-da-alta-de-lisboa","status":"publish","type":"post","link":"https:\/\/iacrianca.pt\/en\/2024\/06\/feira-das-profissoes-da-alta-de-lisboa\/","title":{"rendered":"Feira das Profiss\u00f5es da Alta de Lisboa"},"content":{"rendered":"<p><span data-contrast=\"auto\">No dia 21 de maio, sob a organiza\u00e7\u00e3o da Associa\u00e7\u00e3o de Moradores do PER 11, a Escola de Segunda Oportunidade, marcou presen\u00e7a na Feira das Profiss\u00f5es da Alta de Lisboa.\u00a0<\/span><span data-ccp-props=\"{}\">\u00a0<\/span><\/p>\n<p><span data-contrast=\"auto\">Nesta Feira, estiveram diferentes escolas profissionais do territ\u00f3rio de Santa Clara, do Lumiar e de Alvalade, assim como o ex\u00e9rcito, sendo convidada a Escola Segunda Oportunidade a formar parte desta iniciativa e dar a conhecer aos jovens presentes, e sobre tudo aos professores e t\u00e9cnicos do territ\u00f3rio, o projeto desenvolvido na mesma \u00e1rea geogr\u00e1fica.<\/span><span data-ccp-props=\"{}\">\u00a0<\/span><\/p>\n<p><span data-contrast=\"auto\">Em representa\u00e7\u00e3o da nossa Escola, estiveram: um t\u00e9cnico do IAC, o TIL da Escola Pintor Almada Negreiros e um jovem, de forma a partilhar com seus pares a sua experi\u00eancia no projeto.<\/span><span data-ccp-props=\"{}\">\u00a0<\/span><\/p>\n<p><span data-contrast=\"auto\">Durante o dia todo, aproximaram-se \u00e0 banca da E2O, v\u00e1rios jovens, maioritariamente da Escola Pintor Almada Negreiros, mas muitos outros do pr\u00f3prio territ\u00f3rio e jovens da pr\u00f3pria associa\u00e7\u00e3o, curiosos com o projeto, levantando quest\u00f5es e recolhendo informa\u00e7\u00f5es, tanto atrav\u00e9s do levantamento de brochuras, como de conversas informais com os t\u00e9cnicos e com o jovem.\u00a0<\/span><span data-ccp-props=\"{}\">\u00a0<\/span><\/p>\n<p><span data-contrast=\"auto\">Para os motivar a decidir acerca do seu futuro, realizamos a din\u00e2mica do \u201cQuantos queres?\u201d, colocando diferentes perguntas como: \u201cQual seria o teu dia perfeito no trabalho?\u201d, \u201cQual \u00e9 tua atividade favorita, e como podes utiliz\u00e1-la no futuro?\u201d e muitas outras quest\u00f5es que levassem os jovens a pensar e refletir sobre o futuro.<\/span><span data-ccp-props=\"{}\">\u00a0<\/span><\/p>\n<p><span data-contrast=\"auto\">Destaca-se que durante a feira, houve uma grande presen\u00e7a de professores, t\u00e9cnicos e adultos curiosos, preocupados pelo futuro dos seus alunos, filhos, netos ou familiares, chegaram para obter mais informa\u00e7\u00f5es.\u00a0<\/span><span data-ccp-props=\"{}\">\u00a0<\/span><\/p>\n<p><span data-contrast=\"auto\">Sendo a Escola Segunda Oportunidade, uma resposta para jovens de entre os 15 e 18 anos, em risco de exclus\u00e3o e com elevado absentismo ou abandono escolar, muitas destas pessoas interessados por esta resposta, levantaram quest\u00f5es, consultaram os requisitos de acesso e interessaram-se sobre a localiza\u00e7\u00e3o da escola dentro da freguesia.<\/span><span data-ccp-props=\"{}\">\u00a0<\/span><\/p>\n<p><span data-contrast=\"auto\">Esta Feira das Profiss\u00f5es da Alta de Lisboa foi, mais uma excelente iniciativa impulsionada pela comunidade, onde a participa\u00e7\u00e3o da Escola Segunda Oportunidade se revestiu de grande import\u00e2ncia para dar a conhecer o projeto, envolver os jovens que fazem parte da escola e podem assim, partilhar com os seus pares a sua experi\u00eancia, contribuindo para uma aproxima\u00e7\u00e3o da comunidade \u00e0 escola, e da escola \u00e0 comunidade.<\/span><span data-ccp-props=\"{}\">\u00a0<\/span><\/p>\n<p>&nbsp;<\/p>\n<p>Projeto financiado pelo PRR &#8211; Plano de Recupera\u00e7\u00e3o e Resili\u00eancia<\/p>\n<p><a href=\"http:\/\/www.recuperarportugal.gov.pt\">http:\/\/www.recuperarportugal.gov.pt<\/a><\/p>\n<p>#ContruirOFuturo #ConstruirFuturos #Recupera\u00e7\u00e3oEmA\u00e7\u00e3o<\/p>\n<p><img fetchpriority=\"high\" decoding=\"async\" class=\"alignnone wp-image-22411 size-full\" src=\"https:\/\/iacrianca.pt\/wp-content\/uploads\/alta.png\" alt=\"\" width=\"369\" height=\"483\" srcset=\"https:\/\/iacrianca.pt\/wp-content\/uploads\/alta.png 369w, https:\/\/iacrianca.pt\/wp-content\/uploads\/alta-229x300.png 229w\" sizes=\"(max-width: 369px) 100vw, 369px\" \/> <img decoding=\"async\" class=\"alignnone wp-image-22413 size-full\" src=\"https:\/\/iacrianca.pt\/wp-content\/uploads\/alta2.png\" alt=\"\" width=\"588\" height=\"442\" srcset=\"https:\/\/iacrianca.pt\/wp-content\/uploads\/alta2.png 588w, https:\/\/iacrianca.pt\/wp-content\/uploads\/alta2-300x226.png 300w\" sizes=\"(max-width: 588px) 100vw, 588px\" \/> <img decoding=\"async\" class=\"alignnone wp-image-22415 size-full\" src=\"https:\/\/iacrianca.pt\/wp-content\/uploads\/alta4.png\" alt=\"\" width=\"403\" height=\"486\" srcset=\"https:\/\/iacrianca.pt\/wp-content\/uploads\/alta4.png 403w, https:\/\/iacrianca.pt\/wp-content\/uploads\/alta4-249x300.png 249w\" sizes=\"(max-width: 403px) 100vw, 403px\" \/> <img loading=\"lazy\" decoding=\"async\" class=\"alignnone wp-image-22417 size-full\" src=\"https:\/\/iacrianca.pt\/wp-content\/uploads\/alta5.png\" alt=\"\" width=\"282\" height=\"488\" srcset=\"https:\/\/iacrianca.pt\/wp-content\/uploads\/alta5.png 282w, https:\/\/iacrianca.pt\/wp-content\/uploads\/alta5-173x300.png 173w\" sizes=\"(max-width: 282px) 100vw, 282px\" \/><\/p>\n","protected":false},"excerpt":{"rendered":"<p>No dia 21 de maio, sob a organiza\u00e7\u00e3o da Associa\u00e7\u00e3o de Moradores do PER 11, a Escola de Segunda Oportunidade, marcou presen\u00e7a na Feira das Profiss\u00f5es da Alta de Lisboa.\u00a0\u00a0 Nesta Feira, estiveram diferentes escolas profissionais do territ\u00f3rio de Santa Clara, do Lumiar e de Alvalade, assim como o ex\u00e9rcito, sendo convidada a Escola Segunda&hellip;<\/p>\n","protected":false},"author":2,"featured_media":22409,"comment_status":"closed","ping_status":"open","sticky":false,"template":"","format":"standard","meta":{"_acf_changed":false,"footnotes":""},"categories":[63],"tags":[],"class_list":["post-22408","post","type-post","status-publish","format-standard","has-post-thumbnail","hentry","category-newsletter","category-63","description-off"],"acf":[],"yoast_head":"<!-- This site is optimized with the Yoast SEO plugin v27.5 - https:\/\/yoast.com\/product\/yoast-seo-wordpress\/ -->\n<title>Feira das Profiss\u00f5es da Alta de Lisboa | Instituto de Apoio \u00e0 Crian\u00e7a<\/title>\n<meta name=\"robots\" content=\"index, follow, max-snippet:-1, max-image-preview:large, max-video-preview:-1\" \/>\n<link rel=\"canonical\" href=\"https:\/\/iacrianca.pt\/en\/2024\/06\/feira-das-profissoes-da-alta-de-lisboa\/\" \/>\n<meta property=\"og:locale\" content=\"en_US\" \/>\n<meta property=\"og:type\" content=\"article\" \/>\n<meta property=\"og:title\" content=\"Feira das Profiss\u00f5es da Alta de Lisboa | Instituto de Apoio \u00e0 Crian\u00e7a\" \/>\n<meta property=\"og:description\" content=\"No dia 21 de maio, sob a organiza\u00e7\u00e3o da Associa\u00e7\u00e3o de Moradores do PER 11, a Escola de Segunda Oportunidade, marcou presen\u00e7a na Feira das Profiss\u00f5es da Alta de Lisboa.\u00a0\u00a0 Nesta Feira, estiveram diferentes escolas profissionais do territ\u00f3rio de Santa Clara, do Lumiar e de Alvalade, assim como o ex\u00e9rcito, sendo convidada a Escola Segunda&hellip;\" \/>\n<meta property=\"og:url\" content=\"https:\/\/iacrianca.pt\/en\/2024\/06\/feira-das-profissoes-da-alta-de-lisboa\/\" \/>\n<meta property=\"og:site_name\" content=\"Instituto de Apoio \u00e0 Crian\u00e7a\" \/>\n<meta property=\"article:publisher\" content=\"https:\/\/www.facebook.com\/iacinstitutodeapoioacrianca\" \/>\n<meta property=\"article:published_time\" content=\"2024-06-05T13:35:26+00:00\" \/>\n<meta property=\"article:modified_time\" content=\"2025-09-03T14:06:06+00:00\" \/>\n<meta property=\"og:image\" content=\"https:\/\/iacrianca.pt\/wp-content\/uploads\/alta3.png\" \/>\n\t<meta property=\"og:image:width\" content=\"587\" \/>\n\t<meta property=\"og:image:height\" content=\"457\" \/>\n\t<meta property=\"og:image:type\" content=\"image\/png\" \/>\n<meta name=\"author\" content=\"Administra\u00e7\u00e3o IAC\" \/>\n<meta name=\"twitter:card\" content=\"summary_large_image\" \/>\n<meta name=\"twitter:creator\" content=\"@iacapoiocrianca\" \/>\n<meta name=\"twitter:site\" content=\"@iacapoiocrianca\" \/>\n<meta name=\"twitter:label1\" content=\"Written by\" \/>\n\t<meta name=\"twitter:data1\" content=\"Administra\u00e7\u00e3o IAC\" \/>\n\t<meta name=\"twitter:label2\" content=\"Est. reading time\" \/>\n\t<meta name=\"twitter:data2\" content=\"4 minutes\" \/>\n<script type=\"application\/ld+json\" class=\"yoast-schema-graph\">{\"@context\":\"https:\\\/\\\/schema.org\",\"@graph\":[{\"@type\":\"Article\",\"@id\":\"https:\\\/\\\/iacrianca.pt\\\/en\\\/2024\\\/06\\\/feira-das-profissoes-da-alta-de-lisboa\\\/#article\",\"isPartOf\":{\"@id\":\"https:\\\/\\\/iacrianca.pt\\\/en\\\/2024\\\/06\\\/feira-das-profissoes-da-alta-de-lisboa\\\/\"},\"author\":{\"name\":\"Administra\u00e7\u00e3o IAC\",\"@id\":\"https:\\\/\\\/iacrianca.pt\\\/en\\\/#\\\/schema\\\/person\\\/1c48c6e4b70d0dc7360e4b28ceaa5f6b\"},\"headline\":\"Feira das Profiss\u00f5es da Alta de Lisboa\",\"datePublished\":\"2024-06-05T13:35:26+00:00\",\"dateModified\":\"2025-09-03T14:06:06+00:00\",\"mainEntityOfPage\":{\"@id\":\"https:\\\/\\\/iacrianca.pt\\\/en\\\/2024\\\/06\\\/feira-das-profissoes-da-alta-de-lisboa\\\/\"},\"wordCount\":429,\"publisher\":{\"@id\":\"https:\\\/\\\/iacrianca.pt\\\/en\\\/#organization\"},\"image\":{\"@id\":\"https:\\\/\\\/iacrianca.pt\\\/en\\\/2024\\\/06\\\/feira-das-profissoes-da-alta-de-lisboa\\\/#primaryimage\"},\"thumbnailUrl\":\"https:\\\/\\\/iacrianca.pt\\\/wp-content\\\/uploads\\\/alta3.png\",\"articleSection\":[\"Newsletter\"],\"inLanguage\":\"en-US\"},{\"@type\":\"WebPage\",\"@id\":\"https:\\\/\\\/iacrianca.pt\\\/en\\\/2024\\\/06\\\/feira-das-profissoes-da-alta-de-lisboa\\\/\",\"url\":\"https:\\\/\\\/iacrianca.pt\\\/en\\\/2024\\\/06\\\/feira-das-profissoes-da-alta-de-lisboa\\\/\",\"name\":\"Feira das Profiss\u00f5es da Alta de Lisboa | Instituto de Apoio \u00e0 Crian\u00e7a\",\"isPartOf\":{\"@id\":\"https:\\\/\\\/iacrianca.pt\\\/en\\\/#website\"},\"primaryImageOfPage\":{\"@id\":\"https:\\\/\\\/iacrianca.pt\\\/en\\\/2024\\\/06\\\/feira-das-profissoes-da-alta-de-lisboa\\\/#primaryimage\"},\"image\":{\"@id\":\"https:\\\/\\\/iacrianca.pt\\\/en\\\/2024\\\/06\\\/feira-das-profissoes-da-alta-de-lisboa\\\/#primaryimage\"},\"thumbnailUrl\":\"https:\\\/\\\/iacrianca.pt\\\/wp-content\\\/uploads\\\/alta3.png\",\"datePublished\":\"2024-06-05T13:35:26+00:00\",\"dateModified\":\"2025-09-03T14:06:06+00:00\",\"breadcrumb\":{\"@id\":\"https:\\\/\\\/iacrianca.pt\\\/en\\\/2024\\\/06\\\/feira-das-profissoes-da-alta-de-lisboa\\\/#breadcrumb\"},\"inLanguage\":\"en-US\",\"potentialAction\":[{\"@type\":\"ReadAction\",\"target\":[\"https:\\\/\\\/iacrianca.pt\\\/en\\\/2024\\\/06\\\/feira-das-profissoes-da-alta-de-lisboa\\\/\"]}]},{\"@type\":\"ImageObject\",\"inLanguage\":\"en-US\",\"@id\":\"https:\\\/\\\/iacrianca.pt\\\/en\\\/2024\\\/06\\\/feira-das-profissoes-da-alta-de-lisboa\\\/#primaryimage\",\"url\":\"https:\\\/\\\/iacrianca.pt\\\/wp-content\\\/uploads\\\/alta3.png\",\"contentUrl\":\"https:\\\/\\\/iacrianca.pt\\\/wp-content\\\/uploads\\\/alta3.png\",\"width\":587,\"height\":457},{\"@type\":\"BreadcrumbList\",\"@id\":\"https:\\\/\\\/iacrianca.pt\\\/en\\\/2024\\\/06\\\/feira-das-profissoes-da-alta-de-lisboa\\\/#breadcrumb\",\"itemListElement\":[{\"@type\":\"ListItem\",\"position\":1,\"name\":\"In\u00edcio\",\"item\":\"https:\\\/\\\/iacrianca.pt\\\/en\\\/\"},{\"@type\":\"ListItem\",\"position\":2,\"name\":\"Feira das Profiss\u00f5es da Alta de Lisboa\"}]},{\"@type\":\"WebSite\",\"@id\":\"https:\\\/\\\/iacrianca.pt\\\/en\\\/#website\",\"url\":\"https:\\\/\\\/iacrianca.pt\\\/en\\\/\",\"name\":\"Instituto de Apoio \u00e0 Crian\u00e7a\",\"description\":\"Desde 1983 na defesa e promo\u00e7\u00e3o dos direitos da crian\u00e7a\",\"publisher\":{\"@id\":\"https:\\\/\\\/iacrianca.pt\\\/en\\\/#organization\"},\"potentialAction\":[{\"@type\":\"SearchAction\",\"target\":{\"@type\":\"EntryPoint\",\"urlTemplate\":\"https:\\\/\\\/iacrianca.pt\\\/en\\\/?s={search_term_string}\"},\"query-input\":{\"@type\":\"PropertyValueSpecification\",\"valueRequired\":true,\"valueName\":\"search_term_string\"}}],\"inLanguage\":\"en-US\"},{\"@type\":\"Organization\",\"@id\":\"https:\\\/\\\/iacrianca.pt\\\/en\\\/#organization\",\"name\":\"Instituto de Apoio \u00e0 Crian\u00e7a\",\"url\":\"https:\\\/\\\/iacrianca.pt\\\/en\\\/\",\"logo\":{\"@type\":\"ImageObject\",\"inLanguage\":\"en-US\",\"@id\":\"https:\\\/\\\/iacrianca.pt\\\/en\\\/#\\\/schema\\\/logo\\\/image\\\/\",\"url\":\"https:\\\/\\\/iacrianca.pt\\\/wp-content\\\/uploads\\\/2020\\\/04\\\/logo-iac-SD.jpg\",\"contentUrl\":\"https:\\\/\\\/iacrianca.pt\\\/wp-content\\\/uploads\\\/2020\\\/04\\\/logo-iac-SD.jpg\",\"width\":152,\"height\":73,\"caption\":\"Instituto de Apoio \u00e0 Crian\u00e7a\"},\"image\":{\"@id\":\"https:\\\/\\\/iacrianca.pt\\\/en\\\/#\\\/schema\\\/logo\\\/image\\\/\"},\"sameAs\":[\"https:\\\/\\\/www.facebook.com\\\/iacinstitutodeapoioacrianca\",\"https:\\\/\\\/x.com\\\/iacapoiocrianca\",\"https:\\\/\\\/www.youtube.com\\\/channel\\\/UC0jjfZ_xkN_59gJf_RQ-ZnQ\",\"https:\\\/\\\/www.linkedin.com\\\/company\\\/instituto-de-apoio--criana\\\/\",\"https:\\\/\\\/www.instagram.com\\\/iacinstitutodeapoioacrianca\\\/\",\"https:\\\/\\\/criancasatortoeadireitos.wordpress.com\\\/\"]},{\"@type\":\"Person\",\"@id\":\"https:\\\/\\\/iacrianca.pt\\\/en\\\/#\\\/schema\\\/person\\\/1c48c6e4b70d0dc7360e4b28ceaa5f6b\",\"name\":\"Administra\u00e7\u00e3o IAC\",\"image\":{\"@type\":\"ImageObject\",\"inLanguage\":\"en-US\",\"@id\":\"https:\\\/\\\/secure.gravatar.com\\\/avatar\\\/60b998c71de37dcc1398fc6d48c6b5ed7533e3ceec837c948055f072e3158ff1?s=96&d=mm&r=g\",\"url\":\"https:\\\/\\\/secure.gravatar.com\\\/avatar\\\/60b998c71de37dcc1398fc6d48c6b5ed7533e3ceec837c948055f072e3158ff1?s=96&d=mm&r=g\",\"contentUrl\":\"https:\\\/\\\/secure.gravatar.com\\\/avatar\\\/60b998c71de37dcc1398fc6d48c6b5ed7533e3ceec837c948055f072e3158ff1?s=96&d=mm&r=g\",\"caption\":\"Administra\u00e7\u00e3o IAC\"}}]}<\/script>\n<!-- \/ Yoast SEO plugin. -->","yoast_head_json":{"title":"Feira das Profiss\u00f5es da Alta de Lisboa | Instituto de Apoio \u00e0 Crian\u00e7a","robots":{"index":"index","follow":"follow","max-snippet":"max-snippet:-1","max-image-preview":"max-image-preview:large","max-video-preview":"max-video-preview:-1"},"canonical":"https:\/\/iacrianca.pt\/en\/2024\/06\/feira-das-profissoes-da-alta-de-lisboa\/","og_locale":"en_US","og_type":"article","og_title":"Feira das Profiss\u00f5es da Alta de Lisboa | Instituto de Apoio \u00e0 Crian\u00e7a","og_description":"No dia 21 de maio, sob a organiza\u00e7\u00e3o da Associa\u00e7\u00e3o de Moradores do PER 11, a Escola de Segunda Oportunidade, marcou presen\u00e7a na Feira das Profiss\u00f5es da Alta de Lisboa.\u00a0\u00a0 Nesta Feira, estiveram diferentes escolas profissionais do territ\u00f3rio de Santa Clara, do Lumiar e de Alvalade, assim como o ex\u00e9rcito, sendo convidada a Escola Segunda&hellip;","og_url":"https:\/\/iacrianca.pt\/en\/2024\/06\/feira-das-profissoes-da-alta-de-lisboa\/","og_site_name":"Instituto de Apoio \u00e0 Crian\u00e7a","article_publisher":"https:\/\/www.facebook.com\/iacinstitutodeapoioacrianca","article_published_time":"2024-06-05T13:35:26+00:00","article_modified_time":"2025-09-03T14:06:06+00:00","og_image":[{"width":587,"height":457,"url":"https:\/\/iacrianca.pt\/wp-content\/uploads\/alta3.png","type":"image\/png"}],"author":"Administra\u00e7\u00e3o IAC","twitter_card":"summary_large_image","twitter_creator":"@iacapoiocrianca","twitter_site":"@iacapoiocrianca","twitter_misc":{"Written by":"Administra\u00e7\u00e3o IAC","Est. reading time":"4 minutes"},"schema":{"@context":"https:\/\/schema.org","@graph":[{"@type":"Article","@id":"https:\/\/iacrianca.pt\/en\/2024\/06\/feira-das-profissoes-da-alta-de-lisboa\/#article","isPartOf":{"@id":"https:\/\/iacrianca.pt\/en\/2024\/06\/feira-das-profissoes-da-alta-de-lisboa\/"},"author":{"name":"Administra\u00e7\u00e3o IAC","@id":"https:\/\/iacrianca.pt\/en\/#\/schema\/person\/1c48c6e4b70d0dc7360e4b28ceaa5f6b"},"headline":"Feira das Profiss\u00f5es da Alta de Lisboa","datePublished":"2024-06-05T13:35:26+00:00","dateModified":"2025-09-03T14:06:06+00:00","mainEntityOfPage":{"@id":"https:\/\/iacrianca.pt\/en\/2024\/06\/feira-das-profissoes-da-alta-de-lisboa\/"},"wordCount":429,"publisher":{"@id":"https:\/\/iacrianca.pt\/en\/#organization"},"image":{"@id":"https:\/\/iacrianca.pt\/en\/2024\/06\/feira-das-profissoes-da-alta-de-lisboa\/#primaryimage"},"thumbnailUrl":"https:\/\/iacrianca.pt\/wp-content\/uploads\/alta3.png","articleSection":["Newsletter"],"inLanguage":"en-US"},{"@type":"WebPage","@id":"https:\/\/iacrianca.pt\/en\/2024\/06\/feira-das-profissoes-da-alta-de-lisboa\/","url":"https:\/\/iacrianca.pt\/en\/2024\/06\/feira-das-profissoes-da-alta-de-lisboa\/","name":"Feira das Profiss\u00f5es da Alta de Lisboa | Instituto de Apoio \u00e0 Crian\u00e7a","isPartOf":{"@id":"https:\/\/iacrianca.pt\/en\/#website"},"primaryImageOfPage":{"@id":"https:\/\/iacrianca.pt\/en\/2024\/06\/feira-das-profissoes-da-alta-de-lisboa\/#primaryimage"},"image":{"@id":"https:\/\/iacrianca.pt\/en\/2024\/06\/feira-das-profissoes-da-alta-de-lisboa\/#primaryimage"},"thumbnailUrl":"https:\/\/iacrianca.pt\/wp-content\/uploads\/alta3.png","datePublished":"2024-06-05T13:35:26+00:00","dateModified":"2025-09-03T14:06:06+00:00","breadcrumb":{"@id":"https:\/\/iacrianca.pt\/en\/2024\/06\/feira-das-profissoes-da-alta-de-lisboa\/#breadcrumb"},"inLanguage":"en-US","potentialAction":[{"@type":"ReadAction","target":["https:\/\/iacrianca.pt\/en\/2024\/06\/feira-das-profissoes-da-alta-de-lisboa\/"]}]},{"@type":"ImageObject","inLanguage":"en-US","@id":"https:\/\/iacrianca.pt\/en\/2024\/06\/feira-das-profissoes-da-alta-de-lisboa\/#primaryimage","url":"https:\/\/iacrianca.pt\/wp-content\/uploads\/alta3.png","contentUrl":"https:\/\/iacrianca.pt\/wp-content\/uploads\/alta3.png","width":587,"height":457},{"@type":"BreadcrumbList","@id":"https:\/\/iacrianca.pt\/en\/2024\/06\/feira-das-profissoes-da-alta-de-lisboa\/#breadcrumb","itemListElement":[{"@type":"ListItem","position":1,"name":"In\u00edcio","item":"https:\/\/iacrianca.pt\/en\/"},{"@type":"ListItem","position":2,"name":"Feira das Profiss\u00f5es da Alta de Lisboa"}]},{"@type":"WebSite","@id":"https:\/\/iacrianca.pt\/en\/#website","url":"https:\/\/iacrianca.pt\/en\/","name":"Instituto de Apoio \u00e0 Crian\u00e7a","description":"Desde 1983 na defesa e promo\u00e7\u00e3o dos direitos da crian\u00e7a","publisher":{"@id":"https:\/\/iacrianca.pt\/en\/#organization"},"potentialAction":[{"@type":"SearchAction","target":{"@type":"EntryPoint","urlTemplate":"https:\/\/iacrianca.pt\/en\/?s={search_term_string}"},"query-input":{"@type":"PropertyValueSpecification","valueRequired":true,"valueName":"search_term_string"}}],"inLanguage":"en-US"},{"@type":"Organization","@id":"https:\/\/iacrianca.pt\/en\/#organization","name":"Instituto de Apoio \u00e0 Crian\u00e7a","url":"https:\/\/iacrianca.pt\/en\/","logo":{"@type":"ImageObject","inLanguage":"en-US","@id":"https:\/\/iacrianca.pt\/en\/#\/schema\/logo\/image\/","url":"https:\/\/iacrianca.pt\/wp-content\/uploads\/2020\/04\/logo-iac-SD.jpg","contentUrl":"https:\/\/iacrianca.pt\/wp-content\/uploads\/2020\/04\/logo-iac-SD.jpg","width":152,"height":73,"caption":"Instituto de Apoio \u00e0 Crian\u00e7a"},"image":{"@id":"https:\/\/iacrianca.pt\/en\/#\/schema\/logo\/image\/"},"sameAs":["https:\/\/www.facebook.com\/iacinstitutodeapoioacrianca","https:\/\/x.com\/iacapoiocrianca","https:\/\/www.youtube.com\/channel\/UC0jjfZ_xkN_59gJf_RQ-ZnQ","https:\/\/www.linkedin.com\/company\/instituto-de-apoio--criana\/","https:\/\/www.instagram.com\/iacinstitutodeapoioacrianca\/","https:\/\/criancasatortoeadireitos.wordpress.com\/"]},{"@type":"Person","@id":"https:\/\/iacrianca.pt\/en\/#\/schema\/person\/1c48c6e4b70d0dc7360e4b28ceaa5f6b","name":"Administra\u00e7\u00e3o IAC","image":{"@type":"ImageObject","inLanguage":"en-US","@id":"https:\/\/secure.gravatar.com\/avatar\/60b998c71de37dcc1398fc6d48c6b5ed7533e3ceec837c948055f072e3158ff1?s=96&d=mm&r=g","url":"https:\/\/secure.gravatar.com\/avatar\/60b998c71de37dcc1398fc6d48c6b5ed7533e3ceec837c948055f072e3158ff1?s=96&d=mm&r=g","contentUrl":"https:\/\/secure.gravatar.com\/avatar\/60b998c71de37dcc1398fc6d48c6b5ed7533e3ceec837c948055f072e3158ff1?s=96&d=mm&r=g","caption":"Administra\u00e7\u00e3o IAC"}}]}},"_links":{"self":[{"href":"https:\/\/iacrianca.pt\/en\/wp-json\/wp\/v2\/posts\/22408","targetHints":{"allow":["GET"]}}],"collection":[{"href":"https:\/\/iacrianca.pt\/en\/wp-json\/wp\/v2\/posts"}],"about":[{"href":"https:\/\/iacrianca.pt\/en\/wp-json\/wp\/v2\/types\/post"}],"author":[{"embeddable":true,"href":"https:\/\/iacrianca.pt\/en\/wp-json\/wp\/v2\/users\/2"}],"replies":[{"embeddable":true,"href":"https:\/\/iacrianca.pt\/en\/wp-json\/wp\/v2\/comments?post=22408"}],"version-history":[{"count":0,"href":"https:\/\/iacrianca.pt\/en\/wp-json\/wp\/v2\/posts\/22408\/revisions"}],"wp:featuredmedia":[{"embeddable":true,"href":"https:\/\/iacrianca.pt\/en\/wp-json\/wp\/v2\/media\/22409"}],"wp:attachment":[{"href":"https:\/\/iacrianca.pt\/en\/wp-json\/wp\/v2\/media?parent=22408"}],"wp:term":[{"taxonomy":"category","embeddable":true,"href":"https:\/\/iacrianca.pt\/en\/wp-json\/wp\/v2\/categories?post=22408"},{"taxonomy":"post_tag","embeddable":true,"href":"https:\/\/iacrianca.pt\/en\/wp-json\/wp\/v2\/tags?post=22408"}],"curies":[{"name":"wp","href":"https:\/\/api.w.org\/{rel}","templated":true}]}}