{"id":22620,"date":"2024-07-03T15:05:11","date_gmt":"2024-07-03T14:05:11","guid":{"rendered":"https:\/\/iacrianca.pt\/?p=22620"},"modified":"2024-07-08T14:24:35","modified_gmt":"2024-07-08T13:24:35","slug":"dia-de-ser-crianca-no-bairro-do-condado","status":"publish","type":"post","link":"https:\/\/iacrianca.pt\/en\/2024\/07\/dia-de-ser-crianca-no-bairro-do-condado\/","title":{"rendered":"Dia de ser Crian\u00e7a no Bairro do Condado"},"content":{"rendered":"<p style=\"text-align: center;\"><span data-contrast=\"auto\">\u201c\u00c9 necess\u00e1ria toda uma comunidade para animar uma crian\u00e7a\u201d<\/span><span data-ccp-props=\"{&quot;201341983&quot;:0,&quot;335551550&quot;:2,&quot;335551620&quot;:2,&quot;335559739&quot;:160,&quot;335559740&quot;:279}\">\u00a0<\/span><\/p>\n<p style=\"text-align: center;\"><span data-contrast=\"auto\">Prov\u00e9rbio portugu\u00eas (de Chelas)<\/span><span data-ccp-props=\"{&quot;201341983&quot;:0,&quot;335551550&quot;:2,&quot;335551620&quot;:2,&quot;335559685&quot;:2124,&quot;335559731&quot;:708,&quot;335559739&quot;:160,&quot;335559740&quot;:279}\">\u00a0<\/span><\/p>\n<p><span data-contrast=\"auto\">Este ano, o Dia da Crian\u00e7a foi celebrado no Bairro do Condado com \u201cas nossas crian\u00e7as\u201d, numa iniciativa promovida pelo Grupo Comunit\u00e1rio do Bairro do Condado.<\/span><span data-ccp-props=\"{&quot;201341983&quot;:0,&quot;335551550&quot;:6,&quot;335551620&quot;:6,&quot;335559739&quot;:160,&quot;335559740&quot;:279}\">\u00a0<\/span><\/p>\n<p><span data-contrast=\"auto\">O Polidesportivo do Bairro do Condado encheu-se de cor, de anima\u00e7\u00e3o e de muitas crian\u00e7as que nesta primeira manh\u00e3 do m\u00eas de junho pintaram os rostos, praticaram esgrima com espadas feitas de bal\u00f5es, dan\u00e7aram, espantaram-se com truques de malabarismo, ouviram hist\u00f3rias de encantar, saltaram \u00e0 corda, e sorriram, sorriram muito.<\/span><span data-ccp-props=\"{&quot;201341983&quot;:0,&quot;335551550&quot;:6,&quot;335551620&quot;:6,&quot;335559739&quot;:160,&quot;335559740&quot;:279}\">\u00a0<\/span><\/p>\n<p><span data-contrast=\"auto\">Nesta manh\u00e3 ficou provado que se todos arrega\u00e7armos as nossas mangas, podemos mais facilmente proporcionar \u00e0s crian\u00e7as da nossa comunidade momentos de felicidade, momentos para ser Crian\u00e7a.\u00a0<\/span><span data-ccp-props=\"{&quot;201341983&quot;:0,&quot;335551550&quot;:6,&quot;335551620&quot;:6,&quot;335559739&quot;:160,&quot;335559740&quot;:279}\">\u00a0<\/span><\/p>\n<p><span data-contrast=\"auto\">Para al\u00e9m das entidades do Grupo Comunit\u00e1rio que estiveram a dinamizar as atividades, queremos deixar aqui um agradecimento especial \u00e0 Junta de Freguesia de Marvila, \u00e0\u00a0 Zome Alc\u00e2ntara e ao ISCSP que tornaram este dia ainda mais especial, na medida em que proporcionaram a anima\u00e7\u00e3o do malabarismo e da dan\u00e7a, a oferta de lanches e brindes, com a colabora\u00e7\u00e3o de volunt\u00e1rios.<\/span><span data-ccp-props=\"{&quot;201341983&quot;:0,&quot;335551550&quot;:6,&quot;335551620&quot;:6,&quot;335559739&quot;:160,&quot;335559740&quot;:279}\">\u00a0<\/span><\/p>\n<p><img fetchpriority=\"high\" decoding=\"async\" class=\"alignnone wp-image-22621 size-full\" src=\"https:\/\/iacrianca.pt\/wp-content\/uploads\/cac-dia-da-crianca-2-scaled.jpg\" alt=\"\" width=\"1920\" height=\"2560\" srcset=\"https:\/\/iacrianca.pt\/wp-content\/uploads\/cac-dia-da-crianca-2-scaled.jpg 1920w, https:\/\/iacrianca.pt\/wp-content\/uploads\/cac-dia-da-crianca-2-225x300.jpg 225w, https:\/\/iacrianca.pt\/wp-content\/uploads\/cac-dia-da-crianca-2-768x1024.jpg 768w, https:\/\/iacrianca.pt\/wp-content\/uploads\/cac-dia-da-crianca-2-1152x1536.jpg 1152w, https:\/\/iacrianca.pt\/wp-content\/uploads\/cac-dia-da-crianca-2-1536x2048.jpg 1536w\" sizes=\"(max-width: 1920px) 100vw, 1920px\" \/><\/p>\n<p><img decoding=\"async\" class=\"alignnone wp-image-22627 size-full\" src=\"https:\/\/iacrianca.pt\/wp-content\/uploads\/cac-dia-da-crianca-1-scaled.jpg\" alt=\"\" width=\"2560\" height=\"1920\" srcset=\"https:\/\/iacrianca.pt\/wp-content\/uploads\/cac-dia-da-crianca-1-scaled.jpg 2560w, https:\/\/iacrianca.pt\/wp-content\/uploads\/cac-dia-da-crianca-1-300x225.jpg 300w, https:\/\/iacrianca.pt\/wp-content\/uploads\/cac-dia-da-crianca-1-1024x768.jpg 1024w, https:\/\/iacrianca.pt\/wp-content\/uploads\/cac-dia-da-crianca-1-768x576.jpg 768w, https:\/\/iacrianca.pt\/wp-content\/uploads\/cac-dia-da-crianca-1-1536x1152.jpg 1536w, https:\/\/iacrianca.pt\/wp-content\/uploads\/cac-dia-da-crianca-1-2048x1536.jpg 2048w\" sizes=\"(max-width: 2560px) 100vw, 2560px\" \/><\/p>\n<p><img decoding=\"async\" class=\"alignnone wp-image-22629 size-full\" src=\"https:\/\/iacrianca.pt\/wp-content\/uploads\/cac-dia-da-crianca-4-scaled.jpg\" alt=\"\" width=\"1920\" height=\"2560\" srcset=\"https:\/\/iacrianca.pt\/wp-content\/uploads\/cac-dia-da-crianca-4-scaled.jpg 1920w, https:\/\/iacrianca.pt\/wp-content\/uploads\/cac-dia-da-crianca-4-225x300.jpg 225w, https:\/\/iacrianca.pt\/wp-content\/uploads\/cac-dia-da-crianca-4-768x1024.jpg 768w, https:\/\/iacrianca.pt\/wp-content\/uploads\/cac-dia-da-crianca-4-1152x1536.jpg 1152w, https:\/\/iacrianca.pt\/wp-content\/uploads\/cac-dia-da-crianca-4-1536x2048.jpg 1536w\" sizes=\"(max-width: 1920px) 100vw, 1920px\" \/><\/p>\n","protected":false},"excerpt":{"rendered":"<p>\u201c\u00c9 necess\u00e1ria toda uma comunidade para animar uma crian\u00e7a\u201d\u00a0 Prov\u00e9rbio portugu\u00eas (de Chelas)\u00a0 Este ano, o Dia da Crian\u00e7a foi celebrado no Bairro do Condado com \u201cas nossas crian\u00e7as\u201d, numa iniciativa promovida pelo Grupo Comunit\u00e1rio do Bairro do Condado.\u00a0 O Polidesportivo do Bairro do Condado encheu-se de cor, de anima\u00e7\u00e3o e de muitas crian\u00e7as que&hellip;<\/p>\n","protected":false},"author":2,"featured_media":22623,"comment_status":"closed","ping_status":"open","sticky":false,"template":"","format":"standard","meta":{"_acf_changed":false,"footnotes":""},"categories":[63],"tags":[],"class_list":["post-22620","post","type-post","status-publish","format-standard","has-post-thumbnail","hentry","category-newsletter","category-63","description-off"],"acf":[],"yoast_head":"<!-- This site is optimized with the Yoast SEO plugin v27.5 - https:\/\/yoast.com\/product\/yoast-seo-wordpress\/ -->\n<title>Dia de ser Crian\u00e7a no Bairro do Condado | Instituto de Apoio \u00e0 Crian\u00e7a<\/title>\n<meta name=\"robots\" content=\"index, follow, max-snippet:-1, max-image-preview:large, max-video-preview:-1\" \/>\n<link rel=\"canonical\" href=\"https:\/\/iacrianca.pt\/en\/2024\/07\/dia-de-ser-crianca-no-bairro-do-condado\/\" \/>\n<meta property=\"og:locale\" content=\"en_US\" \/>\n<meta property=\"og:type\" content=\"article\" \/>\n<meta property=\"og:title\" content=\"Dia de ser Crian\u00e7a no Bairro do Condado | Instituto de Apoio \u00e0 Crian\u00e7a\" \/>\n<meta property=\"og:description\" content=\"\u201c\u00c9 necess\u00e1ria toda uma comunidade para animar uma crian\u00e7a\u201d\u00a0 Prov\u00e9rbio portugu\u00eas (de Chelas)\u00a0 Este ano, o Dia da Crian\u00e7a foi celebrado no Bairro do Condado com \u201cas nossas crian\u00e7as\u201d, numa iniciativa promovida pelo Grupo Comunit\u00e1rio do Bairro do Condado.\u00a0 O Polidesportivo do Bairro do Condado encheu-se de cor, de anima\u00e7\u00e3o e de muitas crian\u00e7as que&hellip;\" \/>\n<meta property=\"og:url\" content=\"https:\/\/iacrianca.pt\/en\/2024\/07\/dia-de-ser-crianca-no-bairro-do-condado\/\" \/>\n<meta property=\"og:site_name\" content=\"Instituto de Apoio \u00e0 Crian\u00e7a\" \/>\n<meta property=\"article:publisher\" content=\"https:\/\/www.facebook.com\/iacinstitutodeapoioacrianca\" \/>\n<meta property=\"article:published_time\" content=\"2024-07-03T14:05:11+00:00\" \/>\n<meta property=\"article:modified_time\" content=\"2024-07-08T13:24:35+00:00\" \/>\n<meta property=\"og:image\" content=\"https:\/\/iacrianca.pt\/wp-content\/uploads\/cac-dia-da-crianca-3-scaled.jpg\" \/>\n\t<meta property=\"og:image:width\" content=\"2560\" \/>\n\t<meta property=\"og:image:height\" content=\"1920\" \/>\n\t<meta property=\"og:image:type\" content=\"image\/jpeg\" \/>\n<meta name=\"author\" content=\"Administra\u00e7\u00e3o IAC\" \/>\n<meta name=\"twitter:card\" content=\"summary_large_image\" \/>\n<meta name=\"twitter:creator\" content=\"@iacapoiocrianca\" \/>\n<meta name=\"twitter:site\" content=\"@iacapoiocrianca\" \/>\n<meta name=\"twitter:label1\" content=\"Written by\" \/>\n\t<meta name=\"twitter:data1\" content=\"Administra\u00e7\u00e3o IAC\" \/>\n\t<meta name=\"twitter:label2\" content=\"Est. reading time\" \/>\n\t<meta name=\"twitter:data2\" content=\"2 minutes\" \/>\n<script type=\"application\/ld+json\" class=\"yoast-schema-graph\">{\"@context\":\"https:\\\/\\\/schema.org\",\"@graph\":[{\"@type\":\"Article\",\"@id\":\"https:\\\/\\\/iacrianca.pt\\\/en\\\/2024\\\/07\\\/dia-de-ser-crianca-no-bairro-do-condado\\\/#article\",\"isPartOf\":{\"@id\":\"https:\\\/\\\/iacrianca.pt\\\/en\\\/2024\\\/07\\\/dia-de-ser-crianca-no-bairro-do-condado\\\/\"},\"author\":{\"name\":\"Administra\u00e7\u00e3o IAC\",\"@id\":\"https:\\\/\\\/iacrianca.pt\\\/en\\\/#\\\/schema\\\/person\\\/1c48c6e4b70d0dc7360e4b28ceaa5f6b\"},\"headline\":\"Dia de ser Crian\u00e7a no Bairro do Condado\",\"datePublished\":\"2024-07-03T14:05:11+00:00\",\"dateModified\":\"2024-07-08T13:24:35+00:00\",\"mainEntityOfPage\":{\"@id\":\"https:\\\/\\\/iacrianca.pt\\\/en\\\/2024\\\/07\\\/dia-de-ser-crianca-no-bairro-do-condado\\\/\"},\"wordCount\":205,\"publisher\":{\"@id\":\"https:\\\/\\\/iacrianca.pt\\\/en\\\/#organization\"},\"image\":{\"@id\":\"https:\\\/\\\/iacrianca.pt\\\/en\\\/2024\\\/07\\\/dia-de-ser-crianca-no-bairro-do-condado\\\/#primaryimage\"},\"thumbnailUrl\":\"https:\\\/\\\/iacrianca.pt\\\/wp-content\\\/uploads\\\/cac-dia-da-crianca-3-scaled.jpg\",\"articleSection\":[\"Newsletter\"],\"inLanguage\":\"en-US\"},{\"@type\":\"WebPage\",\"@id\":\"https:\\\/\\\/iacrianca.pt\\\/en\\\/2024\\\/07\\\/dia-de-ser-crianca-no-bairro-do-condado\\\/\",\"url\":\"https:\\\/\\\/iacrianca.pt\\\/en\\\/2024\\\/07\\\/dia-de-ser-crianca-no-bairro-do-condado\\\/\",\"name\":\"Dia de ser Crian\u00e7a no Bairro do Condado | Instituto de Apoio \u00e0 Crian\u00e7a\",\"isPartOf\":{\"@id\":\"https:\\\/\\\/iacrianca.pt\\\/en\\\/#website\"},\"primaryImageOfPage\":{\"@id\":\"https:\\\/\\\/iacrianca.pt\\\/en\\\/2024\\\/07\\\/dia-de-ser-crianca-no-bairro-do-condado\\\/#primaryimage\"},\"image\":{\"@id\":\"https:\\\/\\\/iacrianca.pt\\\/en\\\/2024\\\/07\\\/dia-de-ser-crianca-no-bairro-do-condado\\\/#primaryimage\"},\"thumbnailUrl\":\"https:\\\/\\\/iacrianca.pt\\\/wp-content\\\/uploads\\\/cac-dia-da-crianca-3-scaled.jpg\",\"datePublished\":\"2024-07-03T14:05:11+00:00\",\"dateModified\":\"2024-07-08T13:24:35+00:00\",\"breadcrumb\":{\"@id\":\"https:\\\/\\\/iacrianca.pt\\\/en\\\/2024\\\/07\\\/dia-de-ser-crianca-no-bairro-do-condado\\\/#breadcrumb\"},\"inLanguage\":\"en-US\",\"potentialAction\":[{\"@type\":\"ReadAction\",\"target\":[\"https:\\\/\\\/iacrianca.pt\\\/en\\\/2024\\\/07\\\/dia-de-ser-crianca-no-bairro-do-condado\\\/\"]}]},{\"@type\":\"ImageObject\",\"inLanguage\":\"en-US\",\"@id\":\"https:\\\/\\\/iacrianca.pt\\\/en\\\/2024\\\/07\\\/dia-de-ser-crianca-no-bairro-do-condado\\\/#primaryimage\",\"url\":\"https:\\\/\\\/iacrianca.pt\\\/wp-content\\\/uploads\\\/cac-dia-da-crianca-3-scaled.jpg\",\"contentUrl\":\"https:\\\/\\\/iacrianca.pt\\\/wp-content\\\/uploads\\\/cac-dia-da-crianca-3-scaled.jpg\",\"width\":2560,\"height\":1920},{\"@type\":\"BreadcrumbList\",\"@id\":\"https:\\\/\\\/iacrianca.pt\\\/en\\\/2024\\\/07\\\/dia-de-ser-crianca-no-bairro-do-condado\\\/#breadcrumb\",\"itemListElement\":[{\"@type\":\"ListItem\",\"position\":1,\"name\":\"In\u00edcio\",\"item\":\"https:\\\/\\\/iacrianca.pt\\\/en\\\/\"},{\"@type\":\"ListItem\",\"position\":2,\"name\":\"Dia de ser Crian\u00e7a no Bairro do Condado\"}]},{\"@type\":\"WebSite\",\"@id\":\"https:\\\/\\\/iacrianca.pt\\\/en\\\/#website\",\"url\":\"https:\\\/\\\/iacrianca.pt\\\/en\\\/\",\"name\":\"Instituto de Apoio \u00e0 Crian\u00e7a\",\"description\":\"Desde 1983 na defesa e promo\u00e7\u00e3o dos direitos da crian\u00e7a\",\"publisher\":{\"@id\":\"https:\\\/\\\/iacrianca.pt\\\/en\\\/#organization\"},\"potentialAction\":[{\"@type\":\"SearchAction\",\"target\":{\"@type\":\"EntryPoint\",\"urlTemplate\":\"https:\\\/\\\/iacrianca.pt\\\/en\\\/?s={search_term_string}\"},\"query-input\":{\"@type\":\"PropertyValueSpecification\",\"valueRequired\":true,\"valueName\":\"search_term_string\"}}],\"inLanguage\":\"en-US\"},{\"@type\":\"Organization\",\"@id\":\"https:\\\/\\\/iacrianca.pt\\\/en\\\/#organization\",\"name\":\"Instituto de Apoio \u00e0 Crian\u00e7a\",\"url\":\"https:\\\/\\\/iacrianca.pt\\\/en\\\/\",\"logo\":{\"@type\":\"ImageObject\",\"inLanguage\":\"en-US\",\"@id\":\"https:\\\/\\\/iacrianca.pt\\\/en\\\/#\\\/schema\\\/logo\\\/image\\\/\",\"url\":\"https:\\\/\\\/iacrianca.pt\\\/wp-content\\\/uploads\\\/2020\\\/04\\\/logo-iac-SD.jpg\",\"contentUrl\":\"https:\\\/\\\/iacrianca.pt\\\/wp-content\\\/uploads\\\/2020\\\/04\\\/logo-iac-SD.jpg\",\"width\":152,\"height\":73,\"caption\":\"Instituto de Apoio \u00e0 Crian\u00e7a\"},\"image\":{\"@id\":\"https:\\\/\\\/iacrianca.pt\\\/en\\\/#\\\/schema\\\/logo\\\/image\\\/\"},\"sameAs\":[\"https:\\\/\\\/www.facebook.com\\\/iacinstitutodeapoioacrianca\",\"https:\\\/\\\/x.com\\\/iacapoiocrianca\",\"https:\\\/\\\/www.youtube.com\\\/channel\\\/UC0jjfZ_xkN_59gJf_RQ-ZnQ\",\"https:\\\/\\\/www.linkedin.com\\\/company\\\/instituto-de-apoio--criana\\\/\",\"https:\\\/\\\/www.instagram.com\\\/iacinstitutodeapoioacrianca\\\/\",\"https:\\\/\\\/criancasatortoeadireitos.wordpress.com\\\/\"]},{\"@type\":\"Person\",\"@id\":\"https:\\\/\\\/iacrianca.pt\\\/en\\\/#\\\/schema\\\/person\\\/1c48c6e4b70d0dc7360e4b28ceaa5f6b\",\"name\":\"Administra\u00e7\u00e3o IAC\",\"image\":{\"@type\":\"ImageObject\",\"inLanguage\":\"en-US\",\"@id\":\"https:\\\/\\\/secure.gravatar.com\\\/avatar\\\/60b998c71de37dcc1398fc6d48c6b5ed7533e3ceec837c948055f072e3158ff1?s=96&d=mm&r=g\",\"url\":\"https:\\\/\\\/secure.gravatar.com\\\/avatar\\\/60b998c71de37dcc1398fc6d48c6b5ed7533e3ceec837c948055f072e3158ff1?s=96&d=mm&r=g\",\"contentUrl\":\"https:\\\/\\\/secure.gravatar.com\\\/avatar\\\/60b998c71de37dcc1398fc6d48c6b5ed7533e3ceec837c948055f072e3158ff1?s=96&d=mm&r=g\",\"caption\":\"Administra\u00e7\u00e3o IAC\"}}]}<\/script>\n<!-- \/ Yoast SEO plugin. -->","yoast_head_json":{"title":"Dia de ser Crian\u00e7a no Bairro do Condado | Instituto de Apoio \u00e0 Crian\u00e7a","robots":{"index":"index","follow":"follow","max-snippet":"max-snippet:-1","max-image-preview":"max-image-preview:large","max-video-preview":"max-video-preview:-1"},"canonical":"https:\/\/iacrianca.pt\/en\/2024\/07\/dia-de-ser-crianca-no-bairro-do-condado\/","og_locale":"en_US","og_type":"article","og_title":"Dia de ser Crian\u00e7a no Bairro do Condado | Instituto de Apoio \u00e0 Crian\u00e7a","og_description":"\u201c\u00c9 necess\u00e1ria toda uma comunidade para animar uma crian\u00e7a\u201d\u00a0 Prov\u00e9rbio portugu\u00eas (de Chelas)\u00a0 Este ano, o Dia da Crian\u00e7a foi celebrado no Bairro do Condado com \u201cas nossas crian\u00e7as\u201d, numa iniciativa promovida pelo Grupo Comunit\u00e1rio do Bairro do Condado.\u00a0 O Polidesportivo do Bairro do Condado encheu-se de cor, de anima\u00e7\u00e3o e de muitas crian\u00e7as que&hellip;","og_url":"https:\/\/iacrianca.pt\/en\/2024\/07\/dia-de-ser-crianca-no-bairro-do-condado\/","og_site_name":"Instituto de Apoio \u00e0 Crian\u00e7a","article_publisher":"https:\/\/www.facebook.com\/iacinstitutodeapoioacrianca","article_published_time":"2024-07-03T14:05:11+00:00","article_modified_time":"2024-07-08T13:24:35+00:00","og_image":[{"width":2560,"height":1920,"url":"https:\/\/iacrianca.pt\/wp-content\/uploads\/cac-dia-da-crianca-3-scaled.jpg","type":"image\/jpeg"}],"author":"Administra\u00e7\u00e3o IAC","twitter_card":"summary_large_image","twitter_creator":"@iacapoiocrianca","twitter_site":"@iacapoiocrianca","twitter_misc":{"Written by":"Administra\u00e7\u00e3o IAC","Est. reading time":"2 minutes"},"schema":{"@context":"https:\/\/schema.org","@graph":[{"@type":"Article","@id":"https:\/\/iacrianca.pt\/en\/2024\/07\/dia-de-ser-crianca-no-bairro-do-condado\/#article","isPartOf":{"@id":"https:\/\/iacrianca.pt\/en\/2024\/07\/dia-de-ser-crianca-no-bairro-do-condado\/"},"author":{"name":"Administra\u00e7\u00e3o IAC","@id":"https:\/\/iacrianca.pt\/en\/#\/schema\/person\/1c48c6e4b70d0dc7360e4b28ceaa5f6b"},"headline":"Dia de ser Crian\u00e7a no Bairro do Condado","datePublished":"2024-07-03T14:05:11+00:00","dateModified":"2024-07-08T13:24:35+00:00","mainEntityOfPage":{"@id":"https:\/\/iacrianca.pt\/en\/2024\/07\/dia-de-ser-crianca-no-bairro-do-condado\/"},"wordCount":205,"publisher":{"@id":"https:\/\/iacrianca.pt\/en\/#organization"},"image":{"@id":"https:\/\/iacrianca.pt\/en\/2024\/07\/dia-de-ser-crianca-no-bairro-do-condado\/#primaryimage"},"thumbnailUrl":"https:\/\/iacrianca.pt\/wp-content\/uploads\/cac-dia-da-crianca-3-scaled.jpg","articleSection":["Newsletter"],"inLanguage":"en-US"},{"@type":"WebPage","@id":"https:\/\/iacrianca.pt\/en\/2024\/07\/dia-de-ser-crianca-no-bairro-do-condado\/","url":"https:\/\/iacrianca.pt\/en\/2024\/07\/dia-de-ser-crianca-no-bairro-do-condado\/","name":"Dia de ser Crian\u00e7a no Bairro do Condado | Instituto de Apoio \u00e0 Crian\u00e7a","isPartOf":{"@id":"https:\/\/iacrianca.pt\/en\/#website"},"primaryImageOfPage":{"@id":"https:\/\/iacrianca.pt\/en\/2024\/07\/dia-de-ser-crianca-no-bairro-do-condado\/#primaryimage"},"image":{"@id":"https:\/\/iacrianca.pt\/en\/2024\/07\/dia-de-ser-crianca-no-bairro-do-condado\/#primaryimage"},"thumbnailUrl":"https:\/\/iacrianca.pt\/wp-content\/uploads\/cac-dia-da-crianca-3-scaled.jpg","datePublished":"2024-07-03T14:05:11+00:00","dateModified":"2024-07-08T13:24:35+00:00","breadcrumb":{"@id":"https:\/\/iacrianca.pt\/en\/2024\/07\/dia-de-ser-crianca-no-bairro-do-condado\/#breadcrumb"},"inLanguage":"en-US","potentialAction":[{"@type":"ReadAction","target":["https:\/\/iacrianca.pt\/en\/2024\/07\/dia-de-ser-crianca-no-bairro-do-condado\/"]}]},{"@type":"ImageObject","inLanguage":"en-US","@id":"https:\/\/iacrianca.pt\/en\/2024\/07\/dia-de-ser-crianca-no-bairro-do-condado\/#primaryimage","url":"https:\/\/iacrianca.pt\/wp-content\/uploads\/cac-dia-da-crianca-3-scaled.jpg","contentUrl":"https:\/\/iacrianca.pt\/wp-content\/uploads\/cac-dia-da-crianca-3-scaled.jpg","width":2560,"height":1920},{"@type":"BreadcrumbList","@id":"https:\/\/iacrianca.pt\/en\/2024\/07\/dia-de-ser-crianca-no-bairro-do-condado\/#breadcrumb","itemListElement":[{"@type":"ListItem","position":1,"name":"In\u00edcio","item":"https:\/\/iacrianca.pt\/en\/"},{"@type":"ListItem","position":2,"name":"Dia de ser Crian\u00e7a no Bairro do Condado"}]},{"@type":"WebSite","@id":"https:\/\/iacrianca.pt\/en\/#website","url":"https:\/\/iacrianca.pt\/en\/","name":"Instituto de Apoio \u00e0 Crian\u00e7a","description":"Desde 1983 na defesa e promo\u00e7\u00e3o dos direitos da crian\u00e7a","publisher":{"@id":"https:\/\/iacrianca.pt\/en\/#organization"},"potentialAction":[{"@type":"SearchAction","target":{"@type":"EntryPoint","urlTemplate":"https:\/\/iacrianca.pt\/en\/?s={search_term_string}"},"query-input":{"@type":"PropertyValueSpecification","valueRequired":true,"valueName":"search_term_string"}}],"inLanguage":"en-US"},{"@type":"Organization","@id":"https:\/\/iacrianca.pt\/en\/#organization","name":"Instituto de Apoio \u00e0 Crian\u00e7a","url":"https:\/\/iacrianca.pt\/en\/","logo":{"@type":"ImageObject","inLanguage":"en-US","@id":"https:\/\/iacrianca.pt\/en\/#\/schema\/logo\/image\/","url":"https:\/\/iacrianca.pt\/wp-content\/uploads\/2020\/04\/logo-iac-SD.jpg","contentUrl":"https:\/\/iacrianca.pt\/wp-content\/uploads\/2020\/04\/logo-iac-SD.jpg","width":152,"height":73,"caption":"Instituto de Apoio \u00e0 Crian\u00e7a"},"image":{"@id":"https:\/\/iacrianca.pt\/en\/#\/schema\/logo\/image\/"},"sameAs":["https:\/\/www.facebook.com\/iacinstitutodeapoioacrianca","https:\/\/x.com\/iacapoiocrianca","https:\/\/www.youtube.com\/channel\/UC0jjfZ_xkN_59gJf_RQ-ZnQ","https:\/\/www.linkedin.com\/company\/instituto-de-apoio--criana\/","https:\/\/www.instagram.com\/iacinstitutodeapoioacrianca\/","https:\/\/criancasatortoeadireitos.wordpress.com\/"]},{"@type":"Person","@id":"https:\/\/iacrianca.pt\/en\/#\/schema\/person\/1c48c6e4b70d0dc7360e4b28ceaa5f6b","name":"Administra\u00e7\u00e3o IAC","image":{"@type":"ImageObject","inLanguage":"en-US","@id":"https:\/\/secure.gravatar.com\/avatar\/60b998c71de37dcc1398fc6d48c6b5ed7533e3ceec837c948055f072e3158ff1?s=96&d=mm&r=g","url":"https:\/\/secure.gravatar.com\/avatar\/60b998c71de37dcc1398fc6d48c6b5ed7533e3ceec837c948055f072e3158ff1?s=96&d=mm&r=g","contentUrl":"https:\/\/secure.gravatar.com\/avatar\/60b998c71de37dcc1398fc6d48c6b5ed7533e3ceec837c948055f072e3158ff1?s=96&d=mm&r=g","caption":"Administra\u00e7\u00e3o IAC"}}]}},"_links":{"self":[{"href":"https:\/\/iacrianca.pt\/en\/wp-json\/wp\/v2\/posts\/22620","targetHints":{"allow":["GET"]}}],"collection":[{"href":"https:\/\/iacrianca.pt\/en\/wp-json\/wp\/v2\/posts"}],"about":[{"href":"https:\/\/iacrianca.pt\/en\/wp-json\/wp\/v2\/types\/post"}],"author":[{"embeddable":true,"href":"https:\/\/iacrianca.pt\/en\/wp-json\/wp\/v2\/users\/2"}],"replies":[{"embeddable":true,"href":"https:\/\/iacrianca.pt\/en\/wp-json\/wp\/v2\/comments?post=22620"}],"version-history":[{"count":0,"href":"https:\/\/iacrianca.pt\/en\/wp-json\/wp\/v2\/posts\/22620\/revisions"}],"wp:featuredmedia":[{"embeddable":true,"href":"https:\/\/iacrianca.pt\/en\/wp-json\/wp\/v2\/media\/22623"}],"wp:attachment":[{"href":"https:\/\/iacrianca.pt\/en\/wp-json\/wp\/v2\/media?parent=22620"}],"wp:term":[{"taxonomy":"category","embeddable":true,"href":"https:\/\/iacrianca.pt\/en\/wp-json\/wp\/v2\/categories?post=22620"},{"taxonomy":"post_tag","embeddable":true,"href":"https:\/\/iacrianca.pt\/en\/wp-json\/wp\/v2\/tags?post=22620"}],"curies":[{"name":"wp","href":"https:\/\/api.w.org\/{rel}","templated":true}]}}