{"id":22747,"date":"2024-07-08T16:06:20","date_gmt":"2024-07-08T15:06:20","guid":{"rendered":"https:\/\/iacrianca.pt\/?p=22747"},"modified":"2024-07-08T16:06:20","modified_gmt":"2024-07-08T15:06:20","slug":"diferente-nao-significa-pior-nem-melhor-mas-simplesmente-diferente","status":"publish","type":"post","link":"https:\/\/iacrianca.pt\/en\/2024\/07\/diferente-nao-significa-pior-nem-melhor-mas-simplesmente-diferente\/","title":{"rendered":"\u201cDiferente\u201d n\u00e3o significa pior, nem melhor, mas simplesmente diferente"},"content":{"rendered":"<p>A discrimina\u00e7\u00e3o racial \u00e9 um tratamento desigual ou injusto de pessoas com base na sua ra\u00e7a ou etnia e que tanto pode afetar adultos, como crian\u00e7as, de v\u00e1rias maneiras, perpetuando desigualdades e causando danos psicol\u00f3gicos e sociais.<\/p>\n<p>Quanto mais precocemente falarmos com as crian\u00e7as sobre esta problem\u00e1tica, mais capazes elas ficam de entenderem as suas causas e consequ\u00eancias, ficando menos propensas a internalizar ou perpetuar preconceitos e estere\u00f3tipos.<\/p>\n<p>Ensinar sobre diversidade cultural ajuda a formar, desde cedo, uma base s\u00f3lida de valores e atitudes de aceita\u00e7\u00e3o, promovendo o respeito, a empatia, a igualdade, a justi\u00e7a e a solidariedade.<\/p>\n<p>Vivemos numa sociedade multicultural, pelo que \u00e9 essencial prepararmos as crian\u00e7as para interagir positivamente com pessoas de diferentes origens. N\u00e3o h\u00e1 culturas superiores ou inferiores. \u201cDiferente\u201d n\u00e3o significa pior, nem melhor, mas simplesmente diferente.<\/p>\n<p>As sess\u00f5es l\u00fadico-pedag\u00f3gicas subordinadas aos Direitos e Deveres das Crian\u00e7as que o IAC desenvolve em contexto escolar, s\u00e3o uma das estrat\u00e9gias utilizadas para abordar esta problem\u00e1tica junto dos mais novos, recorrendo sempre a metodologias interativas, l\u00fadicas e apelativas.<\/p>\n<p>As sess\u00f5es de sensibiliza\u00e7\u00e3o realizadas pelo IAC nas escolas, visam a preven\u00e7\u00e3o de situa\u00e7\u00f5es de risco e de perigo e t\u00eam como ponto de partida os Direitos das Crian\u00e7as. A partir deste \u201cgrande chap\u00e9u\u201d, abordam-se outros temas espec\u00edficos, entre os quais o Direito ao Respeito; o Direito \u00e0 Diferen\u00e7a e a Interculturalidade.<\/p>\n<p>Falamos, por exemplo, da \u201cViagem do Joaquim pela Interculturalidade\u201d, em que convidamos as crian\u00e7as a fazerem uma viagem com o IAC pelo Mundo fora, onde aprendem sobre a valoriza\u00e7\u00e3o da diversidade cultural; a quebrar preconceitos e a combater atitudes discriminat\u00f3rias e a promover atitudes de compreens\u00e3o, aceita\u00e7\u00e3o, respeito e coopera\u00e7\u00e3o entre todos.<\/p>\n<p>\u201cA riqueza est\u00e1 na diversidade, devemos acolher quem est\u00e1 \u00e0 parte e ajudarmo-nos todos com respeito e amizade\u201d.<\/p>\n<p>Na sess\u00e3o \u201cUm Mundo de Cores\u201d, a Girafa que queria ter riscas d\u00e1-nos uma grande li\u00e7\u00e3o sobre o direito \u00e0 diferen\u00e7a, demonstrando que n\u00e3o precisamos de ser todos iguais:<\/p>\n<p style=\"text-align: center;\">\u201d Ent\u00e3o os animais finalmente perceberam<\/p>\n<p style=\"text-align: center;\">que eram fant\u00e1sticos tal e qual como eram.<\/p>\n<p style=\"text-align: center;\">Com riscas ou \u00e0s pintas, coloridos ou n\u00e3o<\/p>\n<p style=\"text-align: center;\">Era na diferen\u00e7a que estava a perfei\u00e7\u00e3o.\u201d<\/p>\n<p>&nbsp;<\/p>\n<p>O Marco do Correio &#8211; simp\u00e1tico, com um grande sorriso e sempre pronto a receber uma cartinha &#8211; \u00e9 o material l\u00fadico criado pelo IAC para ajudar as crian\u00e7as a tomarem consci\u00eancia da import\u00e2ncia do respeito na rela\u00e7\u00e3o com o outro, bem como a promover a reflex\u00e3o sobre situa\u00e7\u00f5es diversas do quotidiano relacionadas com a quest\u00e3o do respeito e da amizade. As crian\u00e7as s\u00e3o desafiadas a definir quais as regras de ouro do respeito; a pensar como devem agir com todas as pessoas, independentemente das diferen\u00e7as que<\/p>\n<p>existam, mas tamb\u00e9m a tomarem consci\u00eancia que respeitar n\u00e3o \u00e9 fazer tudo o que os outros querem\u2026<\/p>\n<p>Apostamos sempre numa abordagem realista e positiva dos acontecimentos, procurando sensibilizar as Crian\u00e7as para o contributo que cada um pode ter e como isso ir\u00e1 influenciar a constru\u00e7\u00e3o de um Mundo melhor.<\/p>\n<p><img fetchpriority=\"high\" decoding=\"async\" class=\"alignnone wp-image-22750 size-full\" src=\"https:\/\/iacrianca.pt\/wp-content\/uploads\/diversi.jpg\" alt=\"\" width=\"1144\" height=\"2048\" srcset=\"https:\/\/iacrianca.pt\/wp-content\/uploads\/diversi.jpg 1144w, https:\/\/iacrianca.pt\/wp-content\/uploads\/diversi-168x300.jpg 168w, https:\/\/iacrianca.pt\/wp-content\/uploads\/diversi-572x1024.jpg 572w, https:\/\/iacrianca.pt\/wp-content\/uploads\/diversi-768x1375.jpg 768w, https:\/\/iacrianca.pt\/wp-content\/uploads\/diversi-858x1536.jpg 858w\" sizes=\"(max-width: 1144px) 100vw, 1144px\" \/> <img decoding=\"async\" class=\"alignnone wp-image-22752 size-full\" src=\"https:\/\/iacrianca.pt\/wp-content\/uploads\/diversi2.jpg\" alt=\"\" width=\"1536\" height=\"2048\" srcset=\"https:\/\/iacrianca.pt\/wp-content\/uploads\/diversi2.jpg 1536w, https:\/\/iacrianca.pt\/wp-content\/uploads\/diversi2-225x300.jpg 225w, https:\/\/iacrianca.pt\/wp-content\/uploads\/diversi2-768x1024.jpg 768w, https:\/\/iacrianca.pt\/wp-content\/uploads\/diversi2-1152x1536.jpg 1152w\" sizes=\"(max-width: 1536px) 100vw, 1536px\" \/><\/p>\n","protected":false},"excerpt":{"rendered":"<p>A discrimina\u00e7\u00e3o racial \u00e9 um tratamento desigual ou injusto de pessoas com base na sua ra\u00e7a ou etnia e que tanto pode afetar adultos, como crian\u00e7as, de v\u00e1rias maneiras, perpetuando desigualdades e causando danos psicol\u00f3gicos e sociais. Quanto mais precocemente falarmos com as crian\u00e7as sobre esta problem\u00e1tica, mais capazes elas ficam de entenderem as suas&hellip;<\/p>\n","protected":false},"author":2,"featured_media":22748,"comment_status":"closed","ping_status":"open","sticky":false,"template":"","format":"standard","meta":{"_acf_changed":false,"footnotes":""},"categories":[63],"tags":[],"class_list":["post-22747","post","type-post","status-publish","format-standard","has-post-thumbnail","hentry","category-newsletter","category-63","description-off"],"acf":[],"yoast_head":"<!-- This site is optimized with the Yoast SEO plugin v27.5 - https:\/\/yoast.com\/product\/yoast-seo-wordpress\/ -->\n<title>\u201cDiferente\u201d n\u00e3o significa pior, nem melhor, mas simplesmente diferente | Instituto de Apoio \u00e0 Crian\u00e7a<\/title>\n<meta name=\"robots\" content=\"index, follow, max-snippet:-1, max-image-preview:large, max-video-preview:-1\" \/>\n<link rel=\"canonical\" href=\"https:\/\/iacrianca.pt\/en\/2024\/07\/diferente-nao-significa-pior-nem-melhor-mas-simplesmente-diferente\/\" \/>\n<meta property=\"og:locale\" content=\"en_US\" \/>\n<meta property=\"og:type\" content=\"article\" \/>\n<meta property=\"og:title\" content=\"\u201cDiferente\u201d n\u00e3o significa pior, nem melhor, mas simplesmente diferente | Instituto de Apoio \u00e0 Crian\u00e7a\" \/>\n<meta property=\"og:description\" content=\"A discrimina\u00e7\u00e3o racial \u00e9 um tratamento desigual ou injusto de pessoas com base na sua ra\u00e7a ou etnia e que tanto pode afetar adultos, como crian\u00e7as, de v\u00e1rias maneiras, perpetuando desigualdades e causando danos psicol\u00f3gicos e sociais. Quanto mais precocemente falarmos com as crian\u00e7as sobre esta problem\u00e1tica, mais capazes elas ficam de entenderem as suas&hellip;\" \/>\n<meta property=\"og:url\" content=\"https:\/\/iacrianca.pt\/en\/2024\/07\/diferente-nao-significa-pior-nem-melhor-mas-simplesmente-diferente\/\" \/>\n<meta property=\"og:site_name\" content=\"Instituto de Apoio \u00e0 Crian\u00e7a\" \/>\n<meta property=\"article:publisher\" content=\"https:\/\/www.facebook.com\/iacinstitutodeapoioacrianca\" \/>\n<meta property=\"article:published_time\" content=\"2024-07-08T15:06:20+00:00\" \/>\n<meta property=\"og:image\" content=\"https:\/\/iacrianca.pt\/wp-content\/uploads\/diversi3.jpg\" \/>\n\t<meta property=\"og:image:width\" content=\"1369\" \/>\n\t<meta property=\"og:image:height\" content=\"1809\" \/>\n\t<meta property=\"og:image:type\" content=\"image\/jpeg\" \/>\n<meta name=\"author\" content=\"Administra\u00e7\u00e3o IAC\" \/>\n<meta name=\"twitter:card\" content=\"summary_large_image\" \/>\n<meta name=\"twitter:creator\" content=\"@iacapoiocrianca\" \/>\n<meta name=\"twitter:site\" content=\"@iacapoiocrianca\" \/>\n<meta name=\"twitter:label1\" content=\"Written by\" \/>\n\t<meta name=\"twitter:data1\" content=\"Administra\u00e7\u00e3o IAC\" \/>\n\t<meta name=\"twitter:label2\" content=\"Est. reading time\" \/>\n\t<meta name=\"twitter:data2\" content=\"4 minutes\" \/>\n<script type=\"application\/ld+json\" class=\"yoast-schema-graph\">{\"@context\":\"https:\\\/\\\/schema.org\",\"@graph\":[{\"@type\":\"Article\",\"@id\":\"https:\\\/\\\/iacrianca.pt\\\/en\\\/2024\\\/07\\\/diferente-nao-significa-pior-nem-melhor-mas-simplesmente-diferente\\\/#article\",\"isPartOf\":{\"@id\":\"https:\\\/\\\/iacrianca.pt\\\/en\\\/2024\\\/07\\\/diferente-nao-significa-pior-nem-melhor-mas-simplesmente-diferente\\\/\"},\"author\":{\"name\":\"Administra\u00e7\u00e3o IAC\",\"@id\":\"https:\\\/\\\/iacrianca.pt\\\/en\\\/#\\\/schema\\\/person\\\/1c48c6e4b70d0dc7360e4b28ceaa5f6b\"},\"headline\":\"\u201cDiferente\u201d n\u00e3o significa pior, nem melhor, mas simplesmente diferente\",\"datePublished\":\"2024-07-08T15:06:20+00:00\",\"mainEntityOfPage\":{\"@id\":\"https:\\\/\\\/iacrianca.pt\\\/en\\\/2024\\\/07\\\/diferente-nao-significa-pior-nem-melhor-mas-simplesmente-diferente\\\/\"},\"wordCount\":554,\"publisher\":{\"@id\":\"https:\\\/\\\/iacrianca.pt\\\/en\\\/#organization\"},\"image\":{\"@id\":\"https:\\\/\\\/iacrianca.pt\\\/en\\\/2024\\\/07\\\/diferente-nao-significa-pior-nem-melhor-mas-simplesmente-diferente\\\/#primaryimage\"},\"thumbnailUrl\":\"https:\\\/\\\/iacrianca.pt\\\/wp-content\\\/uploads\\\/diversi3.jpg\",\"articleSection\":[\"Newsletter\"],\"inLanguage\":\"en-US\"},{\"@type\":\"WebPage\",\"@id\":\"https:\\\/\\\/iacrianca.pt\\\/en\\\/2024\\\/07\\\/diferente-nao-significa-pior-nem-melhor-mas-simplesmente-diferente\\\/\",\"url\":\"https:\\\/\\\/iacrianca.pt\\\/en\\\/2024\\\/07\\\/diferente-nao-significa-pior-nem-melhor-mas-simplesmente-diferente\\\/\",\"name\":\"\u201cDiferente\u201d n\u00e3o significa pior, nem melhor, mas simplesmente diferente | Instituto de Apoio \u00e0 Crian\u00e7a\",\"isPartOf\":{\"@id\":\"https:\\\/\\\/iacrianca.pt\\\/en\\\/#website\"},\"primaryImageOfPage\":{\"@id\":\"https:\\\/\\\/iacrianca.pt\\\/en\\\/2024\\\/07\\\/diferente-nao-significa-pior-nem-melhor-mas-simplesmente-diferente\\\/#primaryimage\"},\"image\":{\"@id\":\"https:\\\/\\\/iacrianca.pt\\\/en\\\/2024\\\/07\\\/diferente-nao-significa-pior-nem-melhor-mas-simplesmente-diferente\\\/#primaryimage\"},\"thumbnailUrl\":\"https:\\\/\\\/iacrianca.pt\\\/wp-content\\\/uploads\\\/diversi3.jpg\",\"datePublished\":\"2024-07-08T15:06:20+00:00\",\"breadcrumb\":{\"@id\":\"https:\\\/\\\/iacrianca.pt\\\/en\\\/2024\\\/07\\\/diferente-nao-significa-pior-nem-melhor-mas-simplesmente-diferente\\\/#breadcrumb\"},\"inLanguage\":\"en-US\",\"potentialAction\":[{\"@type\":\"ReadAction\",\"target\":[\"https:\\\/\\\/iacrianca.pt\\\/en\\\/2024\\\/07\\\/diferente-nao-significa-pior-nem-melhor-mas-simplesmente-diferente\\\/\"]}]},{\"@type\":\"ImageObject\",\"inLanguage\":\"en-US\",\"@id\":\"https:\\\/\\\/iacrianca.pt\\\/en\\\/2024\\\/07\\\/diferente-nao-significa-pior-nem-melhor-mas-simplesmente-diferente\\\/#primaryimage\",\"url\":\"https:\\\/\\\/iacrianca.pt\\\/wp-content\\\/uploads\\\/diversi3.jpg\",\"contentUrl\":\"https:\\\/\\\/iacrianca.pt\\\/wp-content\\\/uploads\\\/diversi3.jpg\",\"width\":1369,\"height\":1809},{\"@type\":\"BreadcrumbList\",\"@id\":\"https:\\\/\\\/iacrianca.pt\\\/en\\\/2024\\\/07\\\/diferente-nao-significa-pior-nem-melhor-mas-simplesmente-diferente\\\/#breadcrumb\",\"itemListElement\":[{\"@type\":\"ListItem\",\"position\":1,\"name\":\"In\u00edcio\",\"item\":\"https:\\\/\\\/iacrianca.pt\\\/en\\\/\"},{\"@type\":\"ListItem\",\"position\":2,\"name\":\"\u201cDiferente\u201d n\u00e3o significa pior, nem melhor, mas simplesmente diferente\"}]},{\"@type\":\"WebSite\",\"@id\":\"https:\\\/\\\/iacrianca.pt\\\/en\\\/#website\",\"url\":\"https:\\\/\\\/iacrianca.pt\\\/en\\\/\",\"name\":\"Instituto de Apoio \u00e0 Crian\u00e7a\",\"description\":\"Desde 1983 na defesa e promo\u00e7\u00e3o dos direitos da crian\u00e7a\",\"publisher\":{\"@id\":\"https:\\\/\\\/iacrianca.pt\\\/en\\\/#organization\"},\"potentialAction\":[{\"@type\":\"SearchAction\",\"target\":{\"@type\":\"EntryPoint\",\"urlTemplate\":\"https:\\\/\\\/iacrianca.pt\\\/en\\\/?s={search_term_string}\"},\"query-input\":{\"@type\":\"PropertyValueSpecification\",\"valueRequired\":true,\"valueName\":\"search_term_string\"}}],\"inLanguage\":\"en-US\"},{\"@type\":\"Organization\",\"@id\":\"https:\\\/\\\/iacrianca.pt\\\/en\\\/#organization\",\"name\":\"Instituto de Apoio \u00e0 Crian\u00e7a\",\"url\":\"https:\\\/\\\/iacrianca.pt\\\/en\\\/\",\"logo\":{\"@type\":\"ImageObject\",\"inLanguage\":\"en-US\",\"@id\":\"https:\\\/\\\/iacrianca.pt\\\/en\\\/#\\\/schema\\\/logo\\\/image\\\/\",\"url\":\"https:\\\/\\\/iacrianca.pt\\\/wp-content\\\/uploads\\\/2020\\\/04\\\/logo-iac-SD.jpg\",\"contentUrl\":\"https:\\\/\\\/iacrianca.pt\\\/wp-content\\\/uploads\\\/2020\\\/04\\\/logo-iac-SD.jpg\",\"width\":152,\"height\":73,\"caption\":\"Instituto de Apoio \u00e0 Crian\u00e7a\"},\"image\":{\"@id\":\"https:\\\/\\\/iacrianca.pt\\\/en\\\/#\\\/schema\\\/logo\\\/image\\\/\"},\"sameAs\":[\"https:\\\/\\\/www.facebook.com\\\/iacinstitutodeapoioacrianca\",\"https:\\\/\\\/x.com\\\/iacapoiocrianca\",\"https:\\\/\\\/www.youtube.com\\\/channel\\\/UC0jjfZ_xkN_59gJf_RQ-ZnQ\",\"https:\\\/\\\/www.linkedin.com\\\/company\\\/instituto-de-apoio--criana\\\/\",\"https:\\\/\\\/www.instagram.com\\\/iacinstitutodeapoioacrianca\\\/\",\"https:\\\/\\\/criancasatortoeadireitos.wordpress.com\\\/\"]},{\"@type\":\"Person\",\"@id\":\"https:\\\/\\\/iacrianca.pt\\\/en\\\/#\\\/schema\\\/person\\\/1c48c6e4b70d0dc7360e4b28ceaa5f6b\",\"name\":\"Administra\u00e7\u00e3o IAC\",\"image\":{\"@type\":\"ImageObject\",\"inLanguage\":\"en-US\",\"@id\":\"https:\\\/\\\/secure.gravatar.com\\\/avatar\\\/60b998c71de37dcc1398fc6d48c6b5ed7533e3ceec837c948055f072e3158ff1?s=96&d=mm&r=g\",\"url\":\"https:\\\/\\\/secure.gravatar.com\\\/avatar\\\/60b998c71de37dcc1398fc6d48c6b5ed7533e3ceec837c948055f072e3158ff1?s=96&d=mm&r=g\",\"contentUrl\":\"https:\\\/\\\/secure.gravatar.com\\\/avatar\\\/60b998c71de37dcc1398fc6d48c6b5ed7533e3ceec837c948055f072e3158ff1?s=96&d=mm&r=g\",\"caption\":\"Administra\u00e7\u00e3o IAC\"}}]}<\/script>\n<!-- \/ Yoast SEO plugin. -->","yoast_head_json":{"title":"\u201cDiferente\u201d n\u00e3o significa pior, nem melhor, mas simplesmente diferente | Instituto de Apoio \u00e0 Crian\u00e7a","robots":{"index":"index","follow":"follow","max-snippet":"max-snippet:-1","max-image-preview":"max-image-preview:large","max-video-preview":"max-video-preview:-1"},"canonical":"https:\/\/iacrianca.pt\/en\/2024\/07\/diferente-nao-significa-pior-nem-melhor-mas-simplesmente-diferente\/","og_locale":"en_US","og_type":"article","og_title":"\u201cDiferente\u201d n\u00e3o significa pior, nem melhor, mas simplesmente diferente | Instituto de Apoio \u00e0 Crian\u00e7a","og_description":"A discrimina\u00e7\u00e3o racial \u00e9 um tratamento desigual ou injusto de pessoas com base na sua ra\u00e7a ou etnia e que tanto pode afetar adultos, como crian\u00e7as, de v\u00e1rias maneiras, perpetuando desigualdades e causando danos psicol\u00f3gicos e sociais. Quanto mais precocemente falarmos com as crian\u00e7as sobre esta problem\u00e1tica, mais capazes elas ficam de entenderem as suas&hellip;","og_url":"https:\/\/iacrianca.pt\/en\/2024\/07\/diferente-nao-significa-pior-nem-melhor-mas-simplesmente-diferente\/","og_site_name":"Instituto de Apoio \u00e0 Crian\u00e7a","article_publisher":"https:\/\/www.facebook.com\/iacinstitutodeapoioacrianca","article_published_time":"2024-07-08T15:06:20+00:00","og_image":[{"width":1369,"height":1809,"url":"https:\/\/iacrianca.pt\/wp-content\/uploads\/diversi3.jpg","type":"image\/jpeg"}],"author":"Administra\u00e7\u00e3o IAC","twitter_card":"summary_large_image","twitter_creator":"@iacapoiocrianca","twitter_site":"@iacapoiocrianca","twitter_misc":{"Written by":"Administra\u00e7\u00e3o IAC","Est. reading time":"4 minutes"},"schema":{"@context":"https:\/\/schema.org","@graph":[{"@type":"Article","@id":"https:\/\/iacrianca.pt\/en\/2024\/07\/diferente-nao-significa-pior-nem-melhor-mas-simplesmente-diferente\/#article","isPartOf":{"@id":"https:\/\/iacrianca.pt\/en\/2024\/07\/diferente-nao-significa-pior-nem-melhor-mas-simplesmente-diferente\/"},"author":{"name":"Administra\u00e7\u00e3o IAC","@id":"https:\/\/iacrianca.pt\/en\/#\/schema\/person\/1c48c6e4b70d0dc7360e4b28ceaa5f6b"},"headline":"\u201cDiferente\u201d n\u00e3o significa pior, nem melhor, mas simplesmente diferente","datePublished":"2024-07-08T15:06:20+00:00","mainEntityOfPage":{"@id":"https:\/\/iacrianca.pt\/en\/2024\/07\/diferente-nao-significa-pior-nem-melhor-mas-simplesmente-diferente\/"},"wordCount":554,"publisher":{"@id":"https:\/\/iacrianca.pt\/en\/#organization"},"image":{"@id":"https:\/\/iacrianca.pt\/en\/2024\/07\/diferente-nao-significa-pior-nem-melhor-mas-simplesmente-diferente\/#primaryimage"},"thumbnailUrl":"https:\/\/iacrianca.pt\/wp-content\/uploads\/diversi3.jpg","articleSection":["Newsletter"],"inLanguage":"en-US"},{"@type":"WebPage","@id":"https:\/\/iacrianca.pt\/en\/2024\/07\/diferente-nao-significa-pior-nem-melhor-mas-simplesmente-diferente\/","url":"https:\/\/iacrianca.pt\/en\/2024\/07\/diferente-nao-significa-pior-nem-melhor-mas-simplesmente-diferente\/","name":"\u201cDiferente\u201d n\u00e3o significa pior, nem melhor, mas simplesmente diferente | Instituto de Apoio \u00e0 Crian\u00e7a","isPartOf":{"@id":"https:\/\/iacrianca.pt\/en\/#website"},"primaryImageOfPage":{"@id":"https:\/\/iacrianca.pt\/en\/2024\/07\/diferente-nao-significa-pior-nem-melhor-mas-simplesmente-diferente\/#primaryimage"},"image":{"@id":"https:\/\/iacrianca.pt\/en\/2024\/07\/diferente-nao-significa-pior-nem-melhor-mas-simplesmente-diferente\/#primaryimage"},"thumbnailUrl":"https:\/\/iacrianca.pt\/wp-content\/uploads\/diversi3.jpg","datePublished":"2024-07-08T15:06:20+00:00","breadcrumb":{"@id":"https:\/\/iacrianca.pt\/en\/2024\/07\/diferente-nao-significa-pior-nem-melhor-mas-simplesmente-diferente\/#breadcrumb"},"inLanguage":"en-US","potentialAction":[{"@type":"ReadAction","target":["https:\/\/iacrianca.pt\/en\/2024\/07\/diferente-nao-significa-pior-nem-melhor-mas-simplesmente-diferente\/"]}]},{"@type":"ImageObject","inLanguage":"en-US","@id":"https:\/\/iacrianca.pt\/en\/2024\/07\/diferente-nao-significa-pior-nem-melhor-mas-simplesmente-diferente\/#primaryimage","url":"https:\/\/iacrianca.pt\/wp-content\/uploads\/diversi3.jpg","contentUrl":"https:\/\/iacrianca.pt\/wp-content\/uploads\/diversi3.jpg","width":1369,"height":1809},{"@type":"BreadcrumbList","@id":"https:\/\/iacrianca.pt\/en\/2024\/07\/diferente-nao-significa-pior-nem-melhor-mas-simplesmente-diferente\/#breadcrumb","itemListElement":[{"@type":"ListItem","position":1,"name":"In\u00edcio","item":"https:\/\/iacrianca.pt\/en\/"},{"@type":"ListItem","position":2,"name":"\u201cDiferente\u201d n\u00e3o significa pior, nem melhor, mas simplesmente diferente"}]},{"@type":"WebSite","@id":"https:\/\/iacrianca.pt\/en\/#website","url":"https:\/\/iacrianca.pt\/en\/","name":"Instituto de Apoio \u00e0 Crian\u00e7a","description":"Desde 1983 na defesa e promo\u00e7\u00e3o dos direitos da crian\u00e7a","publisher":{"@id":"https:\/\/iacrianca.pt\/en\/#organization"},"potentialAction":[{"@type":"SearchAction","target":{"@type":"EntryPoint","urlTemplate":"https:\/\/iacrianca.pt\/en\/?s={search_term_string}"},"query-input":{"@type":"PropertyValueSpecification","valueRequired":true,"valueName":"search_term_string"}}],"inLanguage":"en-US"},{"@type":"Organization","@id":"https:\/\/iacrianca.pt\/en\/#organization","name":"Instituto de Apoio \u00e0 Crian\u00e7a","url":"https:\/\/iacrianca.pt\/en\/","logo":{"@type":"ImageObject","inLanguage":"en-US","@id":"https:\/\/iacrianca.pt\/en\/#\/schema\/logo\/image\/","url":"https:\/\/iacrianca.pt\/wp-content\/uploads\/2020\/04\/logo-iac-SD.jpg","contentUrl":"https:\/\/iacrianca.pt\/wp-content\/uploads\/2020\/04\/logo-iac-SD.jpg","width":152,"height":73,"caption":"Instituto de Apoio \u00e0 Crian\u00e7a"},"image":{"@id":"https:\/\/iacrianca.pt\/en\/#\/schema\/logo\/image\/"},"sameAs":["https:\/\/www.facebook.com\/iacinstitutodeapoioacrianca","https:\/\/x.com\/iacapoiocrianca","https:\/\/www.youtube.com\/channel\/UC0jjfZ_xkN_59gJf_RQ-ZnQ","https:\/\/www.linkedin.com\/company\/instituto-de-apoio--criana\/","https:\/\/www.instagram.com\/iacinstitutodeapoioacrianca\/","https:\/\/criancasatortoeadireitos.wordpress.com\/"]},{"@type":"Person","@id":"https:\/\/iacrianca.pt\/en\/#\/schema\/person\/1c48c6e4b70d0dc7360e4b28ceaa5f6b","name":"Administra\u00e7\u00e3o IAC","image":{"@type":"ImageObject","inLanguage":"en-US","@id":"https:\/\/secure.gravatar.com\/avatar\/60b998c71de37dcc1398fc6d48c6b5ed7533e3ceec837c948055f072e3158ff1?s=96&d=mm&r=g","url":"https:\/\/secure.gravatar.com\/avatar\/60b998c71de37dcc1398fc6d48c6b5ed7533e3ceec837c948055f072e3158ff1?s=96&d=mm&r=g","contentUrl":"https:\/\/secure.gravatar.com\/avatar\/60b998c71de37dcc1398fc6d48c6b5ed7533e3ceec837c948055f072e3158ff1?s=96&d=mm&r=g","caption":"Administra\u00e7\u00e3o IAC"}}]}},"_links":{"self":[{"href":"https:\/\/iacrianca.pt\/en\/wp-json\/wp\/v2\/posts\/22747","targetHints":{"allow":["GET"]}}],"collection":[{"href":"https:\/\/iacrianca.pt\/en\/wp-json\/wp\/v2\/posts"}],"about":[{"href":"https:\/\/iacrianca.pt\/en\/wp-json\/wp\/v2\/types\/post"}],"author":[{"embeddable":true,"href":"https:\/\/iacrianca.pt\/en\/wp-json\/wp\/v2\/users\/2"}],"replies":[{"embeddable":true,"href":"https:\/\/iacrianca.pt\/en\/wp-json\/wp\/v2\/comments?post=22747"}],"version-history":[{"count":0,"href":"https:\/\/iacrianca.pt\/en\/wp-json\/wp\/v2\/posts\/22747\/revisions"}],"wp:featuredmedia":[{"embeddable":true,"href":"https:\/\/iacrianca.pt\/en\/wp-json\/wp\/v2\/media\/22748"}],"wp:attachment":[{"href":"https:\/\/iacrianca.pt\/en\/wp-json\/wp\/v2\/media?parent=22747"}],"wp:term":[{"taxonomy":"category","embeddable":true,"href":"https:\/\/iacrianca.pt\/en\/wp-json\/wp\/v2\/categories?post=22747"},{"taxonomy":"post_tag","embeddable":true,"href":"https:\/\/iacrianca.pt\/en\/wp-json\/wp\/v2\/tags?post=22747"}],"curies":[{"name":"wp","href":"https:\/\/api.w.org\/{rel}","templated":true}]}}